{"id":25779,"date":"2018-06-27T19:26:29","date_gmt":"2018-06-27T17:26:29","guid":{"rendered":"https:\/\/guineediversite.com\/?p=25779"},"modified":"2018-06-27T19:26:29","modified_gmt":"2018-06-27T17:26:29","slug":"presentation-de-politique-generale-le-gouvernement-ambitionne-de-mettre-en-oeuvre-une-veritable-revolution-fiscale","status":"publish","type":"post","link":"https:\/\/guineediversite.com\/index.php\/2018\/06\/27\/presentation-de-politique-generale-le-gouvernement-ambitionne-de-mettre-en-oeuvre-une-veritable-revolution-fiscale\/","title":{"rendered":"Pr\u00e9sentation de politique g\u00e9n\u00e9rale &#8211; le gouvernement ambitionne de mettre en \u0153uvre une v\u00e9ritable r\u00e9volution fiscale"},"content":{"rendered":"<p><strong>Trente-sept jours apr\u00e8s sa nomination au poste de Premier ministre, Chef du Gouvernement de la R\u00e9publique de Guin\u00e9e, Ibrahima Kassory Fofana \u00e9tait ce mardi, face aux \u00e9lus du peuple pour pr\u00e9senter la Politique G\u00e9n\u00e9rale du Gouvernement conform\u00e9ment \u00e0 l\u2019article 57 de la Constitution Guin\u00e9enne<\/strong>.<\/p>\n<p>Cet exercice constitutionnel a connu la pr\u00e9sence des membres du Gouvernement, des corps diplomatiques accr\u00e9dit\u00e9s en Guin\u00e9e, des partenaires techniques et financiers, ainsi que 83 d\u00e9put\u00e9s sur 113. Au cours de son intervention, le Chef du Gouvernement a d\u00e9clin\u00e9 les grandes lignes de sa politique, conform\u00e9ment \u00e0 la vision du Pr\u00e9sident de la R\u00e9publique Alpha Cond\u00e9 qui entend faire de la Guin\u00e9e un pays \u00e9mergent, une soci\u00e9t\u00e9 moderne et d\u00e9mocratique, ouverte sur le monde et respectueuse des valeurs universelles.<\/p>\n<p>Pour\u00a0Ibrahima Kassory Fofana, la politique g\u00e9n\u00e9rale du Gouvernement ambitionne \u00e0 mettre l&rsquo;accent sur le dialogue social qui reste selon lui, le cadre de concertation pour assurer une bonne gouvernance visant \u00e0 promouvoir la justice sociale, les relations professionnelles \u00e9quitables, le d\u00e9veloppement durable et la qui\u00e9tude sociale. En outre, de Gouvernement dirig\u00e9 par Ibrahima Kassory Fofana\u00a0a pour leitmotiv de consolider les acquis obtenus par la pr\u00e9c\u00e9dente \u00e9quipe gouvernementale, dans le but de corriger les faiblesses de mani\u00e8re \u00e0 acc\u00e9l\u00e9rer la mise en \u0153uvre du PNDES.<\/p>\n<p><img loading=\"lazy\" decoding=\"async\" class=\"alignnone  wp-image-25781\" src=\"https:\/\/guineediversite.com.bwjx4292.odns.fr\/wp-content\/uploads\/2018\/06\/Pr\u00e9sentation-de-Politique-G\u00e9n\u00e9rale-de-PM-4-300x200.jpg\" alt=\"\" width=\"593\" height=\"395\" srcset=\"https:\/\/guineediversite.com\/wp-content\/uploads\/2018\/06\/Pr\u00e9sentation-de-Politique-G\u00e9n\u00e9rale-de-PM-4-300x200.jpg 300w, https:\/\/guineediversite.com\/wp-content\/uploads\/2018\/06\/Pr\u00e9sentation-de-Politique-G\u00e9n\u00e9rale-de-PM-4-768x512.jpg 768w, https:\/\/guineediversite.com\/wp-content\/uploads\/2018\/06\/Pr\u00e9sentation-de-Politique-G\u00e9n\u00e9rale-de-PM-4-1024x683.jpg 1024w, https:\/\/guineediversite.com\/wp-content\/uploads\/2018\/06\/Pr\u00e9sentation-de-Politique-G\u00e9n\u00e9rale-de-PM-4-600x400.jpg 600w, https:\/\/guineediversite.com\/wp-content\/uploads\/2018\/06\/Pr\u00e9sentation-de-Politique-G\u00e9n\u00e9rale-de-PM-4.jpg 1536w\" sizes=\"(max-width: 593px) 100vw, 593px\" \/><\/p>\n<p>Poursuivant sa pr\u00e9sentation face aux d\u00e9put\u00e9s, le Premier ministre, Chef du Gouvernement dira que les quatre piliers du Programme Nationale de D\u00e9veloppement Economique et Sociale \u00ab\u00a0PNDES\u00a0\u00bb, constituent les principaux axes de l\u2019action gouvernementale. Il s\u2019agit de la promotion de la bonne gouvernance au service du d\u00e9veloppement durable, la transformation \u00e9conomique durable et inclusive, le d\u00e9veloppement inclusif du capital humain et la gestion durable du capital humain.<\/p>\n<p>D\u00e9clinant les objectifs prioritaires vis\u00e9s ainsi que les actions phares que l&rsquo;\u00e9quipe gouvernementale compte r\u00e9aliser conform\u00e9ment aux diff\u00e9rents piliers du PNDES, il s\u2019agira pour le Premier Ministre et l\u2019ensemble du Gouvernement de consolider l\u2019Etat de droit, de promouvoir la d\u00e9mocratie, d\u2019assurer la s\u00e9curit\u00e9 et la coh\u00e9sion sociale pour asseoir l\u2019autorit\u00e9 de l\u2019Etat qui fait cruellement d\u00e9faut aujourd\u2019hui explique Ibrahima Kassory Fofana.<\/p>\n<p>Plus loin indique le Premier Ministre, il s\u2019agira \u00e9galement de rendre \u00e0 terme l\u2019action publique plus efficace et plus forte.\u00a0\u00a0Selon lui, cette gouvernance d\u00e9termine l&rsquo;aptitude \u00e0 inscrire l&rsquo;action de l&rsquo;\u00e9quipe qu&rsquo;il dirige dans la durabilit\u00e9 et l&rsquo;irr\u00e9versibilit\u00e9. C&rsquo;est pourquoi, affirme-t-il au passage, que l\u2019\u00e9quipe gouvernementale consacrera beaucoup de temps et d\u2019efforts \u00e0 promouvoir l\u2019Etat de droit et l\u2019acc\u00e8s de tous \u00e0 une justice \u00e9quitable. Pour atteindre cet objectif, le Gouvernement poursuivra les r\u00e9formes entreprises pour am\u00e9liorer le syst\u00e8me judiciaire. A cet \u00e9gard, le tribunal du commerce sera rendu op\u00e9rationnel avant la fin de cette ann\u00e9e pr\u00e9cise le Premier ministre, Chef du Gouvernement aux \u00e9lus du peuple.<\/p>\n<p>Dans la m\u00eame logique, le Chef du Gouvernement a d\u00e9clar\u00e9 qu\u2019il met au centre de l\u2019action gouvernementale la lutte contre la corruption pour traduire dans la r\u00e9alit\u00e9 la vision du Chef de l\u2019Etat Alpha Cond\u00e9. Ce, pour une gestion parcimonieuse des finances publiques, de fa\u00e7on \u00e0 investir plus efficacement dans l\u2019\u2019am\u00e9lioration des conditions de vies des populations. Pour y arriver, Ibrahima Kassory Fofana tourne sa politique vers une tol\u00e9rance z\u00e9ro contre la corruption.<\/p>\n<p>Pour finir le Premier ministre, Chef du Gouvernement Ibrahima Kasssory Fofana dira que le gouvernement ambitionne sous le leadership du Pr\u00e9sident Alpha Cond\u00e9 de mettre en \u0153uvre une v\u00e9ritable r\u00e9volution fiscale \u00e0 la fois pour d\u00e9gager des marges budg\u00e9taires en vue du financement des priorit\u00e9s \u00e9conomiques, mais \u00e9galement pour moderniser la politique consid\u00e9r\u00e9e et rendre les administrations \u00e9conomiques et financi\u00e8res plus performantes.<\/p>\n<p>&nbsp;<\/p>\n<p><strong>La Cellule de Communication du Gouvernement<\/strong><strong>\u00a0<\/strong><\/p>\n<p>&nbsp;<\/p>\n","protected":false},"excerpt":{"rendered":"<p>Trente-sept jours apr\u00e8s sa nomination au poste de Premier ministre, Chef du Gouvernement de la R\u00e9publique de Guin\u00e9e, Ibrahima Kassory Fofana \u00e9tait ce mardi, face aux \u00e9lus du peuple pour pr\u00e9senter la Politique G\u00e9n\u00e9rale du Gouvernement conform\u00e9ment \u00e0 l\u2019article 57 de la Constitution Guin\u00e9enne. Cet exercice constitutionnel a connu la pr\u00e9sence des membres du Gouvernement, [&hellip;]<\/p>\n","protected":false},"author":12,"featured_media":25780,"comment_status":"closed","ping_status":"closed","sticky":false,"template":"","format":"standard","meta":{"_exactmetrics_skip_tracking":false,"_exactmetrics_sitenote_active":false,"_exactmetrics_sitenote_note":"","_exactmetrics_sitenote_category":0,"tdm_status":"","tdm_grid_status":"","footnotes":""},"categories":[14],"tags":[],"class_list":{"0":"post-25779","1":"post","2":"type-post","3":"status-publish","4":"format-standard","5":"has-post-thumbnail","7":"category-politique"},"yoast_head":"<!-- This site is optimized with the Yoast SEO plugin v24.2 - https:\/\/yoast.com\/wordpress\/plugins\/seo\/ -->\n<title>Pr\u00e9sentation de politique g\u00e9n\u00e9rale - le gouvernement ambitionne de mettre en \u0153uvre une v\u00e9ritable r\u00e9volution fiscale | Guin\u00e9e Diversit\u00e9<\/title>\n<meta name=\"robots\" content=\"index, follow, max-snippet:-1, max-image-preview:large, max-video-preview:-1\" \/>\n<link rel=\"canonical\" href=\"https:\/\/guineediversite.com\/index.php\/2018\/06\/27\/presentation-de-politique-generale-le-gouvernement-ambitionne-de-mettre-en-oeuvre-une-veritable-revolution-fiscale\/\" \/>\n<meta property=\"og:locale\" content=\"fr_FR\" \/>\n<meta property=\"og:type\" content=\"article\" \/>\n<meta property=\"og:title\" content=\"Pr\u00e9sentation de politique g\u00e9n\u00e9rale - le gouvernement ambitionne de mettre en \u0153uvre une v\u00e9ritable r\u00e9volution fiscale | Guin\u00e9e Diversit\u00e9\" \/>\n<meta property=\"og:description\" content=\"Trente-sept jours apr\u00e8s sa nomination au poste de Premier ministre, Chef du Gouvernement de la R\u00e9publique de Guin\u00e9e, Ibrahima Kassory Fofana \u00e9tait ce mardi, face aux \u00e9lus du peuple pour pr\u00e9senter la Politique G\u00e9n\u00e9rale du Gouvernement conform\u00e9ment \u00e0 l\u2019article 57 de la Constitution Guin\u00e9enne. Cet exercice constitutionnel a connu la pr\u00e9sence des membres du Gouvernement, [&hellip;]\" \/>\n<meta property=\"og:url\" content=\"https:\/\/guineediversite.com\/index.php\/2018\/06\/27\/presentation-de-politique-generale-le-gouvernement-ambitionne-de-mettre-en-oeuvre-une-veritable-revolution-fiscale\/\" \/>\n<meta property=\"og:site_name\" content=\"Guin\u00e9e Diversit\u00e9\" \/>\n<meta property=\"article:publisher\" content=\"https:\/\/www.facebook.com\/guineediversite\/\" \/>\n<meta property=\"article:published_time\" content=\"2018-06-27T17:26:29+00:00\" \/>\n<meta property=\"og:image\" content=\"https:\/\/guineediversite.com\/wp-content\/uploads\/2018\/06\/Pr\u00e9sentation-de-Politique-G\u00e9n\u00e9rale-de-PM-.jpg\" \/>\n\t<meta property=\"og:image:width\" content=\"1536\" \/>\n\t<meta property=\"og:image:height\" content=\"1024\" \/>\n\t<meta property=\"og:image:type\" content=\"image\/jpeg\" \/>\n<meta name=\"author\" content=\"Guin\u00e9e Diversit\u00e9\" \/>\n<meta name=\"twitter:card\" content=\"summary_large_image\" \/>\n<meta name=\"twitter:creator\" content=\"@GuineeDiversite\" \/>\n<meta name=\"twitter:site\" content=\"@GuineeDiversite\" \/>\n<meta name=\"twitter:label1\" content=\"\u00c9crit par\" \/>\n\t<meta name=\"twitter:data1\" content=\"Guin\u00e9e Diversit\u00e9\" \/>\n\t<meta name=\"twitter:label2\" content=\"Dur\u00e9e de lecture estim\u00e9e\" \/>\n\t<meta name=\"twitter:data2\" content=\"3 minutes\" \/>\n<script type=\"application\/ld+json\" class=\"yoast-schema-graph\">{\"@context\":\"https:\/\/schema.org\",\"@graph\":[{\"@type\":\"Article\",\"@id\":\"https:\/\/guineediversite.com\/index.php\/2018\/06\/27\/presentation-de-politique-generale-le-gouvernement-ambitionne-de-mettre-en-oeuvre-une-veritable-revolution-fiscale\/#article\",\"isPartOf\":{\"@id\":\"https:\/\/guineediversite.com\/index.php\/2018\/06\/27\/presentation-de-politique-generale-le-gouvernement-ambitionne-de-mettre-en-oeuvre-une-veritable-revolution-fiscale\/\"},\"author\":{\"name\":\"Guin\u00e9e Diversit\u00e9\",\"@id\":\"https:\/\/guineediversite.com\/#\/schema\/person\/afa08fb34e7fc6e1feafc892612bc836\"},\"headline\":\"Pr\u00e9sentation de politique g\u00e9n\u00e9rale &#8211; le gouvernement ambitionne de mettre en \u0153uvre une v\u00e9ritable r\u00e9volution fiscale\",\"datePublished\":\"2018-06-27T17:26:29+00:00\",\"dateModified\":\"2018-06-27T17:26:29+00:00\",\"mainEntityOfPage\":{\"@id\":\"https:\/\/guineediversite.com\/index.php\/2018\/06\/27\/presentation-de-politique-generale-le-gouvernement-ambitionne-de-mettre-en-oeuvre-une-veritable-revolution-fiscale\/\"},\"wordCount\":691,\"publisher\":{\"@id\":\"https:\/\/guineediversite.com\/#organization\"},\"image\":{\"@id\":\"https:\/\/guineediversite.com\/index.php\/2018\/06\/27\/presentation-de-politique-generale-le-gouvernement-ambitionne-de-mettre-en-oeuvre-une-veritable-revolution-fiscale\/#primaryimage\"},\"thumbnailUrl\":\"https:\/\/guineediversite.com\/wp-content\/uploads\/2018\/06\/Pr\u00e9sentation-de-Politique-G\u00e9n\u00e9rale-de-PM-.jpg\",\"articleSection\":[\"Politique\"],\"inLanguage\":\"fr-FR\"},{\"@type\":\"WebPage\",\"@id\":\"https:\/\/guineediversite.com\/index.php\/2018\/06\/27\/presentation-de-politique-generale-le-gouvernement-ambitionne-de-mettre-en-oeuvre-une-veritable-revolution-fiscale\/\",\"url\":\"https:\/\/guineediversite.com\/index.php\/2018\/06\/27\/presentation-de-politique-generale-le-gouvernement-ambitionne-de-mettre-en-oeuvre-une-veritable-revolution-fiscale\/\",\"name\":\"Pr\u00e9sentation de politique g\u00e9n\u00e9rale - le gouvernement ambitionne de mettre en \u0153uvre une v\u00e9ritable r\u00e9volution fiscale | Guin\u00e9e Diversit\u00e9\",\"isPartOf\":{\"@id\":\"https:\/\/guineediversite.com\/#website\"},\"primaryImageOfPage\":{\"@id\":\"https:\/\/guineediversite.com\/index.php\/2018\/06\/27\/presentation-de-politique-generale-le-gouvernement-ambitionne-de-mettre-en-oeuvre-une-veritable-revolution-fiscale\/#primaryimage\"},\"image\":{\"@id\":\"https:\/\/guineediversite.com\/index.php\/2018\/06\/27\/presentation-de-politique-generale-le-gouvernement-ambitionne-de-mettre-en-oeuvre-une-veritable-revolution-fiscale\/#primaryimage\"},\"thumbnailUrl\":\"https:\/\/guineediversite.com\/wp-content\/uploads\/2018\/06\/Pr\u00e9sentation-de-Politique-G\u00e9n\u00e9rale-de-PM-.jpg\",\"datePublished\":\"2018-06-27T17:26:29+00:00\",\"dateModified\":\"2018-06-27T17:26:29+00:00\",\"breadcrumb\":{\"@id\":\"https:\/\/guineediversite.com\/index.php\/2018\/06\/27\/presentation-de-politique-generale-le-gouvernement-ambitionne-de-mettre-en-oeuvre-une-veritable-revolution-fiscale\/#breadcrumb\"},\"inLanguage\":\"fr-FR\",\"potentialAction\":[{\"@type\":\"ReadAction\",\"target\":[\"https:\/\/guineediversite.com\/index.php\/2018\/06\/27\/presentation-de-politique-generale-le-gouvernement-ambitionne-de-mettre-en-oeuvre-une-veritable-revolution-fiscale\/\"]}]},{\"@type\":\"ImageObject\",\"inLanguage\":\"fr-FR\",\"@id\":\"https:\/\/guineediversite.com\/index.php\/2018\/06\/27\/presentation-de-politique-generale-le-gouvernement-ambitionne-de-mettre-en-oeuvre-une-veritable-revolution-fiscale\/#primaryimage\",\"url\":\"https:\/\/guineediversite.com\/wp-content\/uploads\/2018\/06\/Pr\u00e9sentation-de-Politique-G\u00e9n\u00e9rale-de-PM-.jpg\",\"contentUrl\":\"https:\/\/guineediversite.com\/wp-content\/uploads\/2018\/06\/Pr\u00e9sentation-de-Politique-G\u00e9n\u00e9rale-de-PM-.jpg\",\"width\":\"1536\",\"height\":\"1024\"},{\"@type\":\"BreadcrumbList\",\"@id\":\"https:\/\/guineediversite.com\/index.php\/2018\/06\/27\/presentation-de-politique-generale-le-gouvernement-ambitionne-de-mettre-en-oeuvre-une-veritable-revolution-fiscale\/#breadcrumb\",\"itemListElement\":[{\"@type\":\"ListItem\",\"position\":1,\"name\":\"Accueil\",\"item\":\"https:\/\/guineediversite.com\/\"},{\"@type\":\"ListItem\",\"position\":2,\"name\":\"Pr\u00e9sentation de politique g\u00e9n\u00e9rale &#8211; le gouvernement ambitionne de mettre en \u0153uvre une v\u00e9ritable r\u00e9volution fiscale\"}]},{\"@type\":\"WebSite\",\"@id\":\"https:\/\/guineediversite.com\/#website\",\"url\":\"https:\/\/guineediversite.com\/\",\"name\":\"Guin\u00e9e Diversit\u00e9\",\"description\":\"L&#039;Info dans toute sa diversit\u00e9\",\"publisher\":{\"@id\":\"https:\/\/guineediversite.com\/#organization\"},\"potentialAction\":[{\"@type\":\"SearchAction\",\"target\":{\"@type\":\"EntryPoint\",\"urlTemplate\":\"https:\/\/guineediversite.com\/?s={search_term_string}\"},\"query-input\":{\"@type\":\"PropertyValueSpecification\",\"valueRequired\":true,\"valueName\":\"search_term_string\"}}],\"inLanguage\":\"fr-FR\"},{\"@type\":\"Organization\",\"@id\":\"https:\/\/guineediversite.com\/#organization\",\"name\":\"Guin\u00e9e Diversit\u00e9\",\"url\":\"https:\/\/guineediversite.com\/\",\"logo\":{\"@type\":\"ImageObject\",\"inLanguage\":\"fr-FR\",\"@id\":\"https:\/\/guineediversite.com\/#\/schema\/logo\/image\/\",\"url\":\"https:\/\/guineediversite.com\/wp-content\/uploads\/2017\/04\/cropped-1jojlxEOMkX9Wyqfhe43D6kjPOGqBBKmx3EwWJqZ0cMrFF54yM49.png\",\"contentUrl\":\"https:\/\/guineediversite.com\/wp-content\/uploads\/2017\/04\/cropped-1jojlxEOMkX9Wyqfhe43D6kjPOGqBBKmx3EwWJqZ0cMrFF54yM49.png\",\"width\":186,\"height\":112,\"caption\":\"Guin\u00e9e Diversit\u00e9\"},\"image\":{\"@id\":\"https:\/\/guineediversite.com\/#\/schema\/logo\/image\/\"},\"sameAs\":[\"https:\/\/www.facebook.com\/guineediversite\/\",\"https:\/\/x.com\/GuineeDiversite\",\"https:\/\/www.youtube.com\/channel\/UC8sUY16qelG5ge6_D5SB83g\"]},{\"@type\":\"Person\",\"@id\":\"https:\/\/guineediversite.com\/#\/schema\/person\/afa08fb34e7fc6e1feafc892612bc836\",\"name\":\"Guin\u00e9e Diversit\u00e9\",\"image\":{\"@type\":\"ImageObject\",\"inLanguage\":\"fr-FR\",\"@id\":\"https:\/\/guineediversite.com\/#\/schema\/person\/image\/\",\"url\":\"https:\/\/secure.gravatar.com\/avatar\/50d5eb5b390f8b65ac30ac6f898eb83a?s=96&d=mm&r=g\",\"contentUrl\":\"https:\/\/secure.gravatar.com\/avatar\/50d5eb5b390f8b65ac30ac6f898eb83a?s=96&d=mm&r=g\",\"caption\":\"Guin\u00e9e Diversit\u00e9\"},\"url\":\"https:\/\/guineediversite.com\/index.php\/author\/guineediversite\/\"}]}<\/script>\n<!-- \/ Yoast SEO plugin. -->","yoast_head_json":{"title":"Pr\u00e9sentation de politique g\u00e9n\u00e9rale - le gouvernement ambitionne de mettre en \u0153uvre une v\u00e9ritable r\u00e9volution fiscale | Guin\u00e9e Diversit\u00e9","robots":{"index":"index","follow":"follow","max-snippet":"max-snippet:-1","max-image-preview":"max-image-preview:large","max-video-preview":"max-video-preview:-1"},"canonical":"https:\/\/guineediversite.com\/index.php\/2018\/06\/27\/presentation-de-politique-generale-le-gouvernement-ambitionne-de-mettre-en-oeuvre-une-veritable-revolution-fiscale\/","og_locale":"fr_FR","og_type":"article","og_title":"Pr\u00e9sentation de politique g\u00e9n\u00e9rale - le gouvernement ambitionne de mettre en \u0153uvre une v\u00e9ritable r\u00e9volution fiscale | Guin\u00e9e Diversit\u00e9","og_description":"Trente-sept jours apr\u00e8s sa nomination au poste de Premier ministre, Chef du Gouvernement de la R\u00e9publique de Guin\u00e9e, Ibrahima Kassory Fofana \u00e9tait ce mardi, face aux \u00e9lus du peuple pour pr\u00e9senter la Politique G\u00e9n\u00e9rale du Gouvernement conform\u00e9ment \u00e0 l\u2019article 57 de la Constitution Guin\u00e9enne. Cet exercice constitutionnel a connu la pr\u00e9sence des membres du Gouvernement, [&hellip;]","og_url":"https:\/\/guineediversite.com\/index.php\/2018\/06\/27\/presentation-de-politique-generale-le-gouvernement-ambitionne-de-mettre-en-oeuvre-une-veritable-revolution-fiscale\/","og_site_name":"Guin\u00e9e Diversit\u00e9","article_publisher":"https:\/\/www.facebook.com\/guineediversite\/","article_published_time":"2018-06-27T17:26:29+00:00","og_image":[{"width":1536,"height":1024,"url":"https:\/\/guineediversite.com\/wp-content\/uploads\/2018\/06\/Pr\u00e9sentation-de-Politique-G\u00e9n\u00e9rale-de-PM-.jpg","type":"image\/jpeg"}],"author":"Guin\u00e9e Diversit\u00e9","twitter_card":"summary_large_image","twitter_creator":"@GuineeDiversite","twitter_site":"@GuineeDiversite","twitter_misc":{"\u00c9crit par":"Guin\u00e9e Diversit\u00e9","Dur\u00e9e de lecture estim\u00e9e":"3 minutes"},"schema":{"@context":"https:\/\/schema.org","@graph":[{"@type":"Article","@id":"https:\/\/guineediversite.com\/index.php\/2018\/06\/27\/presentation-de-politique-generale-le-gouvernement-ambitionne-de-mettre-en-oeuvre-une-veritable-revolution-fiscale\/#article","isPartOf":{"@id":"https:\/\/guineediversite.com\/index.php\/2018\/06\/27\/presentation-de-politique-generale-le-gouvernement-ambitionne-de-mettre-en-oeuvre-une-veritable-revolution-fiscale\/"},"author":{"name":"Guin\u00e9e Diversit\u00e9","@id":"https:\/\/guineediversite.com\/#\/schema\/person\/afa08fb34e7fc6e1feafc892612bc836"},"headline":"Pr\u00e9sentation de politique g\u00e9n\u00e9rale &#8211; le gouvernement ambitionne de mettre en \u0153uvre une v\u00e9ritable r\u00e9volution fiscale","datePublished":"2018-06-27T17:26:29+00:00","dateModified":"2018-06-27T17:26:29+00:00","mainEntityOfPage":{"@id":"https:\/\/guineediversite.com\/index.php\/2018\/06\/27\/presentation-de-politique-generale-le-gouvernement-ambitionne-de-mettre-en-oeuvre-une-veritable-revolution-fiscale\/"},"wordCount":691,"publisher":{"@id":"https:\/\/guineediversite.com\/#organization"},"image":{"@id":"https:\/\/guineediversite.com\/index.php\/2018\/06\/27\/presentation-de-politique-generale-le-gouvernement-ambitionne-de-mettre-en-oeuvre-une-veritable-revolution-fiscale\/#primaryimage"},"thumbnailUrl":"https:\/\/guineediversite.com\/wp-content\/uploads\/2018\/06\/Pr\u00e9sentation-de-Politique-G\u00e9n\u00e9rale-de-PM-.jpg","articleSection":["Politique"],"inLanguage":"fr-FR"},{"@type":"WebPage","@id":"https:\/\/guineediversite.com\/index.php\/2018\/06\/27\/presentation-de-politique-generale-le-gouvernement-ambitionne-de-mettre-en-oeuvre-une-veritable-revolution-fiscale\/","url":"https:\/\/guineediversite.com\/index.php\/2018\/06\/27\/presentation-de-politique-generale-le-gouvernement-ambitionne-de-mettre-en-oeuvre-une-veritable-revolution-fiscale\/","name":"Pr\u00e9sentation de politique g\u00e9n\u00e9rale - le gouvernement ambitionne de mettre en \u0153uvre une v\u00e9ritable r\u00e9volution fiscale | Guin\u00e9e Diversit\u00e9","isPartOf":{"@id":"https:\/\/guineediversite.com\/#website"},"primaryImageOfPage":{"@id":"https:\/\/guineediversite.com\/index.php\/2018\/06\/27\/presentation-de-politique-generale-le-gouvernement-ambitionne-de-mettre-en-oeuvre-une-veritable-revolution-fiscale\/#primaryimage"},"image":{"@id":"https:\/\/guineediversite.com\/index.php\/2018\/06\/27\/presentation-de-politique-generale-le-gouvernement-ambitionne-de-mettre-en-oeuvre-une-veritable-revolution-fiscale\/#primaryimage"},"thumbnailUrl":"https:\/\/guineediversite.com\/wp-content\/uploads\/2018\/06\/Pr\u00e9sentation-de-Politique-G\u00e9n\u00e9rale-de-PM-.jpg","datePublished":"2018-06-27T17:26:29+00:00","dateModified":"2018-06-27T17:26:29+00:00","breadcrumb":{"@id":"https:\/\/guineediversite.com\/index.php\/2018\/06\/27\/presentation-de-politique-generale-le-gouvernement-ambitionne-de-mettre-en-oeuvre-une-veritable-revolution-fiscale\/#breadcrumb"},"inLanguage":"fr-FR","potentialAction":[{"@type":"ReadAction","target":["https:\/\/guineediversite.com\/index.php\/2018\/06\/27\/presentation-de-politique-generale-le-gouvernement-ambitionne-de-mettre-en-oeuvre-une-veritable-revolution-fiscale\/"]}]},{"@type":"ImageObject","inLanguage":"fr-FR","@id":"https:\/\/guineediversite.com\/index.php\/2018\/06\/27\/presentation-de-politique-generale-le-gouvernement-ambitionne-de-mettre-en-oeuvre-une-veritable-revolution-fiscale\/#primaryimage","url":"https:\/\/guineediversite.com\/wp-content\/uploads\/2018\/06\/Pr\u00e9sentation-de-Politique-G\u00e9n\u00e9rale-de-PM-.jpg","contentUrl":"https:\/\/guineediversite.com\/wp-content\/uploads\/2018\/06\/Pr\u00e9sentation-de-Politique-G\u00e9n\u00e9rale-de-PM-.jpg","width":"1536","height":"1024"},{"@type":"BreadcrumbList","@id":"https:\/\/guineediversite.com\/index.php\/2018\/06\/27\/presentation-de-politique-generale-le-gouvernement-ambitionne-de-mettre-en-oeuvre-une-veritable-revolution-fiscale\/#breadcrumb","itemListElement":[{"@type":"ListItem","position":1,"name":"Accueil","item":"https:\/\/guineediversite.com\/"},{"@type":"ListItem","position":2,"name":"Pr\u00e9sentation de politique g\u00e9n\u00e9rale &#8211; le gouvernement ambitionne de mettre en \u0153uvre une v\u00e9ritable r\u00e9volution fiscale"}]},{"@type":"WebSite","@id":"https:\/\/guineediversite.com\/#website","url":"https:\/\/guineediversite.com\/","name":"Guin\u00e9e Diversit\u00e9","description":"L&#039;Info dans toute sa diversit\u00e9","publisher":{"@id":"https:\/\/guineediversite.com\/#organization"},"potentialAction":[{"@type":"SearchAction","target":{"@type":"EntryPoint","urlTemplate":"https:\/\/guineediversite.com\/?s={search_term_string}"},"query-input":{"@type":"PropertyValueSpecification","valueRequired":true,"valueName":"search_term_string"}}],"inLanguage":"fr-FR"},{"@type":"Organization","@id":"https:\/\/guineediversite.com\/#organization","name":"Guin\u00e9e Diversit\u00e9","url":"https:\/\/guineediversite.com\/","logo":{"@type":"ImageObject","inLanguage":"fr-FR","@id":"https:\/\/guineediversite.com\/#\/schema\/logo\/image\/","url":"https:\/\/guineediversite.com\/wp-content\/uploads\/2017\/04\/cropped-1jojlxEOMkX9Wyqfhe43D6kjPOGqBBKmx3EwWJqZ0cMrFF54yM49.png","contentUrl":"https:\/\/guineediversite.com\/wp-content\/uploads\/2017\/04\/cropped-1jojlxEOMkX9Wyqfhe43D6kjPOGqBBKmx3EwWJqZ0cMrFF54yM49.png","width":186,"height":112,"caption":"Guin\u00e9e Diversit\u00e9"},"image":{"@id":"https:\/\/guineediversite.com\/#\/schema\/logo\/image\/"},"sameAs":["https:\/\/www.facebook.com\/guineediversite\/","https:\/\/x.com\/GuineeDiversite","https:\/\/www.youtube.com\/channel\/UC8sUY16qelG5ge6_D5SB83g"]},{"@type":"Person","@id":"https:\/\/guineediversite.com\/#\/schema\/person\/afa08fb34e7fc6e1feafc892612bc836","name":"Guin\u00e9e Diversit\u00e9","image":{"@type":"ImageObject","inLanguage":"fr-FR","@id":"https:\/\/guineediversite.com\/#\/schema\/person\/image\/","url":"https:\/\/secure.gravatar.com\/avatar\/50d5eb5b390f8b65ac30ac6f898eb83a?s=96&d=mm&r=g","contentUrl":"https:\/\/secure.gravatar.com\/avatar\/50d5eb5b390f8b65ac30ac6f898eb83a?s=96&d=mm&r=g","caption":"Guin\u00e9e Diversit\u00e9"},"url":"https:\/\/guineediversite.com\/index.php\/author\/guineediversite\/"}]}},"_links":{"self":[{"href":"https:\/\/guineediversite.com\/index.php\/wp-json\/wp\/v2\/posts\/25779"}],"collection":[{"href":"https:\/\/guineediversite.com\/index.php\/wp-json\/wp\/v2\/posts"}],"about":[{"href":"https:\/\/guineediversite.com\/index.php\/wp-json\/wp\/v2\/types\/post"}],"author":[{"embeddable":true,"href":"https:\/\/guineediversite.com\/index.php\/wp-json\/wp\/v2\/users\/12"}],"replies":[{"embeddable":true,"href":"https:\/\/guineediversite.com\/index.php\/wp-json\/wp\/v2\/comments?post=25779"}],"version-history":[{"count":0,"href":"https:\/\/guineediversite.com\/index.php\/wp-json\/wp\/v2\/posts\/25779\/revisions"}],"wp:featuredmedia":[{"embeddable":true,"href":"https:\/\/guineediversite.com\/index.php\/wp-json\/wp\/v2\/media\/25780"}],"wp:attachment":[{"href":"https:\/\/guineediversite.com\/index.php\/wp-json\/wp\/v2\/media?parent=25779"}],"wp:term":[{"taxonomy":"category","embeddable":true,"href":"https:\/\/guineediversite.com\/index.php\/wp-json\/wp\/v2\/categories?post=25779"},{"taxonomy":"post_tag","embeddable":true,"href":"https:\/\/guineediversite.com\/index.php\/wp-json\/wp\/v2\/tags?post=25779"}],"curies":[{"name":"wp","href":"https:\/\/api.w.org\/{rel}","templated":true}]}}