{"id":25729,"date":"2018-06-23T16:53:42","date_gmt":"2018-06-23T14:53:42","guid":{"rendered":"https:\/\/guineediversite.com\/?p=25729"},"modified":"2018-06-23T16:53:42","modified_gmt":"2018-06-23T14:53:42","slug":"les-conducteurs-motos-taxi-reagissent-face-a-la-decision-leur-interdisant-de-circuler-a-kaloum","status":"publish","type":"post","link":"https:\/\/guineediversite.com\/index.php\/2018\/06\/23\/les-conducteurs-motos-taxi-reagissent-face-a-la-decision-leur-interdisant-de-circuler-a-kaloum\/","title":{"rendered":"Les conducteurs motos taxi r\u00e9agissent face \u00e0 la d\u00e9cision leur interdisant de circuler \u00e0 Kaloum"},"content":{"rendered":"<p><strong>Ce vendredi, plusieurs conducteurs de motos taxi se sont exprim\u00e9s sur la d\u00e9cision du minist\u00e8re des transports mise en ex\u00e9cution par celui de la s\u00e9curit\u00e9 sur l\u2019interdiction des motos taxi dans le centre ville de Kaloum. <\/strong><\/p>\n<p>Parmi eux, nombreux souhaitent une r\u00e9glementation du secteur et non une interdiction. Car disent-ils cela va mettre en p\u00e9ril leurs activit\u00e9s qui les permettent de subvenir \u00e0 leurs besoins quotidiennes. En tout cas, l\u2019arr\u00eat\u00e9 du minist\u00e8re des transports concernant l\u2019usage des motos taxi dans le centre administratif du pays est diversement accueillit chez les citoyens. Pour ce conducteur de taxi moto, l\u2019interdiction serait une tr\u00e8s mauvaise d\u00e9cision. Il souhaite par contre la r\u00e9glementation du secteur <em>\u00ab ils devraient(les deux minist\u00e8res ndlr) r\u00e9glementer ce secteur, parce que l\u2019interdiction va beaucoup jouer sur nous ; car c\u2019est la seule activit\u00e9 que nous menons pour gagner notre vie.<\/em>\u00bb<\/p>\n<p>Rencontr\u00e9 sur place \u00e0 Kaloum, ce jeune dipl\u00f4m\u00e9 sans emploi exer\u00e7ant ce m\u00e9tier \u00e9voque ses inqui\u00e9tudes face \u00e0 cette interdiction.<\/p>\n<p><em>\u00ab L\u2019interdiction des motos taxi \u00e0 Kaloum ne sera pas chose facile pour nous, parce que il ya tellement de jeunes qui n\u2019ont pas d\u2019emploi et leur seul recours pour le moment, est cette activit\u00e9 g\u00e9n\u00e9ratrice de revenu. Et si le gouvernement interdit la seule activit\u00e9 que nous avions eu \u00e0 faire dans le manque d\u2019emploi, il (\u00c9tat ndlr) doit cr\u00e9er d\u2019autres emplois pour les jeunes\u00a0,<\/em>\u00bb s\u2019insurge t \u2013il.<\/p>\n<p>Quand \u00e0 Naby Camara, inspecteur g\u00e9n\u00e9ral de Police, il trouve salutaire cette d\u00e9cision des deux minist\u00e8res : \u00ab <em>Si vous vous retrouvez en ville et que vous voyez ces taxis motos comment ils circulent, vous aller vous \u00e9tonner. Ils rentrent et circulent n\u2019importe comment sans aucun contr\u00f4le. Parfois m\u00eame, ils n\u2019ont pas la maitrise de l\u2019engin et cons\u00e9quences, des accidents graves qui engendrent des fois des morts ou des bless\u00e9s graves. C\u2019est une d\u00e9cision salutaire que la s\u00e9curit\u00e9 accueille et prend en consid\u00e9ration. Nous devons l\u2019appliquer \u00e0 la lettre. Il faut dire que ce n\u2019est pas de la m\u00e9chancet\u00e9 que le gouvernement prend ces genres de dispositions, mais c\u2019est plut\u00f4t pour sauvegarder la vie des personnes,<\/em>\u00bb soutien cet officier de Police.<\/p>\n<p>Cette d\u00e9cision conjointe des deux minist\u00e8res inqui\u00e8te \u00e9galement des usagers de la route. nombreux sont ceux qui craignent le probl\u00e8me li\u00e9 au manque de moyens de d\u00e9placement au centre ville apr\u00e8s cette interdiction surtout avec les interminables embouteillages qu\u2019enregistrent la capitale guin\u00e9enne pendant des heures de pointe.<\/p>\n","protected":false},"excerpt":{"rendered":"<p>Ce vendredi, plusieurs conducteurs de motos taxi se sont exprim\u00e9s sur la d\u00e9cision du minist\u00e8re des transports mise en ex\u00e9cution par celui de la s\u00e9curit\u00e9 sur l\u2019interdiction des motos taxi dans le centre ville de Kaloum. Parmi eux, nombreux souhaitent une r\u00e9glementation du secteur et non une interdiction. Car disent-ils cela va mettre en p\u00e9ril [&hellip;]<\/p>\n","protected":false},"author":16,"featured_media":25730,"comment_status":"closed","ping_status":"closed","sticky":false,"template":"","format":"standard","meta":{"_exactmetrics_skip_tracking":false,"_exactmetrics_sitenote_active":false,"_exactmetrics_sitenote_note":"","_exactmetrics_sitenote_category":0,"tdm_status":"","tdm_grid_status":"","footnotes":""},"categories":[16],"tags":[],"class_list":{"0":"post-25729","1":"post","2":"type-post","3":"status-publish","4":"format-standard","5":"has-post-thumbnail","7":"category-societe"},"yoast_head":"<!-- This site is optimized with the Yoast SEO plugin v24.2 - https:\/\/yoast.com\/wordpress\/plugins\/seo\/ -->\n<title>Les conducteurs motos taxi r\u00e9agissent face \u00e0 la d\u00e9cision leur interdisant de circuler \u00e0 Kaloum | Guin\u00e9e Diversit\u00e9<\/title>\n<meta name=\"robots\" content=\"index, follow, max-snippet:-1, max-image-preview:large, max-video-preview:-1\" \/>\n<link rel=\"canonical\" href=\"https:\/\/guineediversite.com\/index.php\/2018\/06\/23\/les-conducteurs-motos-taxi-reagissent-face-a-la-decision-leur-interdisant-de-circuler-a-kaloum\/\" \/>\n<meta property=\"og:locale\" content=\"fr_FR\" \/>\n<meta property=\"og:type\" content=\"article\" \/>\n<meta property=\"og:title\" content=\"Les conducteurs motos taxi r\u00e9agissent face \u00e0 la d\u00e9cision leur interdisant de circuler \u00e0 Kaloum | Guin\u00e9e Diversit\u00e9\" \/>\n<meta property=\"og:description\" content=\"Ce vendredi, plusieurs conducteurs de motos taxi se sont exprim\u00e9s sur la d\u00e9cision du minist\u00e8re des transports mise en ex\u00e9cution par celui de la s\u00e9curit\u00e9 sur l\u2019interdiction des motos taxi dans le centre ville de Kaloum. Parmi eux, nombreux souhaitent une r\u00e9glementation du secteur et non une interdiction. Car disent-ils cela va mettre en p\u00e9ril [&hellip;]\" \/>\n<meta property=\"og:url\" content=\"https:\/\/guineediversite.com\/index.php\/2018\/06\/23\/les-conducteurs-motos-taxi-reagissent-face-a-la-decision-leur-interdisant-de-circuler-a-kaloum\/\" \/>\n<meta property=\"og:site_name\" content=\"Guin\u00e9e Diversit\u00e9\" \/>\n<meta property=\"article:publisher\" content=\"https:\/\/www.facebook.com\/guineediversite\/\" \/>\n<meta property=\"article:published_time\" content=\"2018-06-23T14:53:42+00:00\" \/>\n<meta property=\"og:image\" content=\"https:\/\/guineediversite.com\/wp-content\/uploads\/2018\/06\/TaxiMoto.jpg\" \/>\n\t<meta property=\"og:image:width\" content=\"1365\" \/>\n\t<meta property=\"og:image:height\" content=\"1024\" \/>\n\t<meta property=\"og:image:type\" content=\"image\/jpeg\" \/>\n<meta name=\"author\" content=\"Moussa Mo\u00efse K\u00e9ita\" \/>\n<meta name=\"twitter:card\" content=\"summary_large_image\" \/>\n<meta name=\"twitter:creator\" content=\"@GuineeDiversite\" \/>\n<meta name=\"twitter:site\" content=\"@GuineeDiversite\" \/>\n<meta name=\"twitter:label1\" content=\"\u00c9crit par\" \/>\n\t<meta name=\"twitter:data1\" content=\"Moussa Mo\u00efse K\u00e9ita\" \/>\n\t<meta name=\"twitter:label2\" content=\"Dur\u00e9e de lecture estim\u00e9e\" \/>\n\t<meta name=\"twitter:data2\" content=\"2 minutes\" \/>\n<script type=\"application\/ld+json\" class=\"yoast-schema-graph\">{\"@context\":\"https:\/\/schema.org\",\"@graph\":[{\"@type\":\"Article\",\"@id\":\"https:\/\/guineediversite.com\/index.php\/2018\/06\/23\/les-conducteurs-motos-taxi-reagissent-face-a-la-decision-leur-interdisant-de-circuler-a-kaloum\/#article\",\"isPartOf\":{\"@id\":\"https:\/\/guineediversite.com\/index.php\/2018\/06\/23\/les-conducteurs-motos-taxi-reagissent-face-a-la-decision-leur-interdisant-de-circuler-a-kaloum\/\"},\"author\":{\"name\":\"Moussa Mo\u00efse K\u00e9ita\",\"@id\":\"https:\/\/guineediversite.com\/#\/schema\/person\/079ec347f72d2acde4b56a50a4fd46dc\"},\"headline\":\"Les conducteurs motos taxi r\u00e9agissent face \u00e0 la d\u00e9cision leur interdisant de circuler \u00e0 Kaloum\",\"datePublished\":\"2018-06-23T14:53:42+00:00\",\"dateModified\":\"2018-06-23T14:53:42+00:00\",\"mainEntityOfPage\":{\"@id\":\"https:\/\/guineediversite.com\/index.php\/2018\/06\/23\/les-conducteurs-motos-taxi-reagissent-face-a-la-decision-leur-interdisant-de-circuler-a-kaloum\/\"},\"wordCount\":464,\"publisher\":{\"@id\":\"https:\/\/guineediversite.com\/#organization\"},\"image\":{\"@id\":\"https:\/\/guineediversite.com\/index.php\/2018\/06\/23\/les-conducteurs-motos-taxi-reagissent-face-a-la-decision-leur-interdisant-de-circuler-a-kaloum\/#primaryimage\"},\"thumbnailUrl\":\"https:\/\/guineediversite.com\/wp-content\/uploads\/2018\/06\/TaxiMoto.jpg\",\"articleSection\":[\"Soci\u00e9t\u00e9\"],\"inLanguage\":\"fr-FR\"},{\"@type\":\"WebPage\",\"@id\":\"https:\/\/guineediversite.com\/index.php\/2018\/06\/23\/les-conducteurs-motos-taxi-reagissent-face-a-la-decision-leur-interdisant-de-circuler-a-kaloum\/\",\"url\":\"https:\/\/guineediversite.com\/index.php\/2018\/06\/23\/les-conducteurs-motos-taxi-reagissent-face-a-la-decision-leur-interdisant-de-circuler-a-kaloum\/\",\"name\":\"Les conducteurs motos taxi r\u00e9agissent face \u00e0 la d\u00e9cision leur interdisant de circuler \u00e0 Kaloum | Guin\u00e9e Diversit\u00e9\",\"isPartOf\":{\"@id\":\"https:\/\/guineediversite.com\/#website\"},\"primaryImageOfPage\":{\"@id\":\"https:\/\/guineediversite.com\/index.php\/2018\/06\/23\/les-conducteurs-motos-taxi-reagissent-face-a-la-decision-leur-interdisant-de-circuler-a-kaloum\/#primaryimage\"},\"image\":{\"@id\":\"https:\/\/guineediversite.com\/index.php\/2018\/06\/23\/les-conducteurs-motos-taxi-reagissent-face-a-la-decision-leur-interdisant-de-circuler-a-kaloum\/#primaryimage\"},\"thumbnailUrl\":\"https:\/\/guineediversite.com\/wp-content\/uploads\/2018\/06\/TaxiMoto.jpg\",\"datePublished\":\"2018-06-23T14:53:42+00:00\",\"dateModified\":\"2018-06-23T14:53:42+00:00\",\"breadcrumb\":{\"@id\":\"https:\/\/guineediversite.com\/index.php\/2018\/06\/23\/les-conducteurs-motos-taxi-reagissent-face-a-la-decision-leur-interdisant-de-circuler-a-kaloum\/#breadcrumb\"},\"inLanguage\":\"fr-FR\",\"potentialAction\":[{\"@type\":\"ReadAction\",\"target\":[\"https:\/\/guineediversite.com\/index.php\/2018\/06\/23\/les-conducteurs-motos-taxi-reagissent-face-a-la-decision-leur-interdisant-de-circuler-a-kaloum\/\"]}]},{\"@type\":\"ImageObject\",\"inLanguage\":\"fr-FR\",\"@id\":\"https:\/\/guineediversite.com\/index.php\/2018\/06\/23\/les-conducteurs-motos-taxi-reagissent-face-a-la-decision-leur-interdisant-de-circuler-a-kaloum\/#primaryimage\",\"url\":\"https:\/\/guineediversite.com\/wp-content\/uploads\/2018\/06\/TaxiMoto.jpg\",\"contentUrl\":\"https:\/\/guineediversite.com\/wp-content\/uploads\/2018\/06\/TaxiMoto.jpg\",\"width\":\"1365\",\"height\":\"1024\"},{\"@type\":\"BreadcrumbList\",\"@id\":\"https:\/\/guineediversite.com\/index.php\/2018\/06\/23\/les-conducteurs-motos-taxi-reagissent-face-a-la-decision-leur-interdisant-de-circuler-a-kaloum\/#breadcrumb\",\"itemListElement\":[{\"@type\":\"ListItem\",\"position\":1,\"name\":\"Accueil\",\"item\":\"https:\/\/guineediversite.com\/\"},{\"@type\":\"ListItem\",\"position\":2,\"name\":\"Les conducteurs motos taxi r\u00e9agissent face \u00e0 la d\u00e9cision leur interdisant de circuler \u00e0 Kaloum\"}]},{\"@type\":\"WebSite\",\"@id\":\"https:\/\/guineediversite.com\/#website\",\"url\":\"https:\/\/guineediversite.com\/\",\"name\":\"Guin\u00e9e Diversit\u00e9\",\"description\":\"L&#039;Info dans toute sa diversit\u00e9\",\"publisher\":{\"@id\":\"https:\/\/guineediversite.com\/#organization\"},\"potentialAction\":[{\"@type\":\"SearchAction\",\"target\":{\"@type\":\"EntryPoint\",\"urlTemplate\":\"https:\/\/guineediversite.com\/?s={search_term_string}\"},\"query-input\":{\"@type\":\"PropertyValueSpecification\",\"valueRequired\":true,\"valueName\":\"search_term_string\"}}],\"inLanguage\":\"fr-FR\"},{\"@type\":\"Organization\",\"@id\":\"https:\/\/guineediversite.com\/#organization\",\"name\":\"Guin\u00e9e Diversit\u00e9\",\"url\":\"https:\/\/guineediversite.com\/\",\"logo\":{\"@type\":\"ImageObject\",\"inLanguage\":\"fr-FR\",\"@id\":\"https:\/\/guineediversite.com\/#\/schema\/logo\/image\/\",\"url\":\"https:\/\/guineediversite.com\/wp-content\/uploads\/2017\/04\/cropped-1jojlxEOMkX9Wyqfhe43D6kjPOGqBBKmx3EwWJqZ0cMrFF54yM49.png\",\"contentUrl\":\"https:\/\/guineediversite.com\/wp-content\/uploads\/2017\/04\/cropped-1jojlxEOMkX9Wyqfhe43D6kjPOGqBBKmx3EwWJqZ0cMrFF54yM49.png\",\"width\":186,\"height\":112,\"caption\":\"Guin\u00e9e Diversit\u00e9\"},\"image\":{\"@id\":\"https:\/\/guineediversite.com\/#\/schema\/logo\/image\/\"},\"sameAs\":[\"https:\/\/www.facebook.com\/guineediversite\/\",\"https:\/\/x.com\/GuineeDiversite\",\"https:\/\/www.youtube.com\/channel\/UC8sUY16qelG5ge6_D5SB83g\"]},{\"@type\":\"Person\",\"@id\":\"https:\/\/guineediversite.com\/#\/schema\/person\/079ec347f72d2acde4b56a50a4fd46dc\",\"name\":\"Moussa Mo\u00efse K\u00e9ita\",\"image\":{\"@type\":\"ImageObject\",\"inLanguage\":\"fr-FR\",\"@id\":\"https:\/\/guineediversite.com\/#\/schema\/person\/image\/\",\"url\":\"https:\/\/secure.gravatar.com\/avatar\/edf1ea2cc01841e6c0b49384bcb1385b?s=96&d=mm&r=g\",\"contentUrl\":\"https:\/\/secure.gravatar.com\/avatar\/edf1ea2cc01841e6c0b49384bcb1385b?s=96&d=mm&r=g\",\"caption\":\"Moussa Mo\u00efse K\u00e9ita\"},\"url\":\"https:\/\/guineediversite.com\/index.php\/author\/moussa-moise\/\"}]}<\/script>\n<!-- \/ Yoast SEO plugin. -->","yoast_head_json":{"title":"Les conducteurs motos taxi r\u00e9agissent face \u00e0 la d\u00e9cision leur interdisant de circuler \u00e0 Kaloum | Guin\u00e9e Diversit\u00e9","robots":{"index":"index","follow":"follow","max-snippet":"max-snippet:-1","max-image-preview":"max-image-preview:large","max-video-preview":"max-video-preview:-1"},"canonical":"https:\/\/guineediversite.com\/index.php\/2018\/06\/23\/les-conducteurs-motos-taxi-reagissent-face-a-la-decision-leur-interdisant-de-circuler-a-kaloum\/","og_locale":"fr_FR","og_type":"article","og_title":"Les conducteurs motos taxi r\u00e9agissent face \u00e0 la d\u00e9cision leur interdisant de circuler \u00e0 Kaloum | Guin\u00e9e Diversit\u00e9","og_description":"Ce vendredi, plusieurs conducteurs de motos taxi se sont exprim\u00e9s sur la d\u00e9cision du minist\u00e8re des transports mise en ex\u00e9cution par celui de la s\u00e9curit\u00e9 sur l\u2019interdiction des motos taxi dans le centre ville de Kaloum. Parmi eux, nombreux souhaitent une r\u00e9glementation du secteur et non une interdiction. Car disent-ils cela va mettre en p\u00e9ril [&hellip;]","og_url":"https:\/\/guineediversite.com\/index.php\/2018\/06\/23\/les-conducteurs-motos-taxi-reagissent-face-a-la-decision-leur-interdisant-de-circuler-a-kaloum\/","og_site_name":"Guin\u00e9e Diversit\u00e9","article_publisher":"https:\/\/www.facebook.com\/guineediversite\/","article_published_time":"2018-06-23T14:53:42+00:00","og_image":[{"width":1365,"height":1024,"url":"https:\/\/guineediversite.com\/wp-content\/uploads\/2018\/06\/TaxiMoto.jpg","type":"image\/jpeg"}],"author":"Moussa Mo\u00efse K\u00e9ita","twitter_card":"summary_large_image","twitter_creator":"@GuineeDiversite","twitter_site":"@GuineeDiversite","twitter_misc":{"\u00c9crit par":"Moussa Mo\u00efse K\u00e9ita","Dur\u00e9e de lecture estim\u00e9e":"2 minutes"},"schema":{"@context":"https:\/\/schema.org","@graph":[{"@type":"Article","@id":"https:\/\/guineediversite.com\/index.php\/2018\/06\/23\/les-conducteurs-motos-taxi-reagissent-face-a-la-decision-leur-interdisant-de-circuler-a-kaloum\/#article","isPartOf":{"@id":"https:\/\/guineediversite.com\/index.php\/2018\/06\/23\/les-conducteurs-motos-taxi-reagissent-face-a-la-decision-leur-interdisant-de-circuler-a-kaloum\/"},"author":{"name":"Moussa Mo\u00efse K\u00e9ita","@id":"https:\/\/guineediversite.com\/#\/schema\/person\/079ec347f72d2acde4b56a50a4fd46dc"},"headline":"Les conducteurs motos taxi r\u00e9agissent face \u00e0 la d\u00e9cision leur interdisant de circuler \u00e0 Kaloum","datePublished":"2018-06-23T14:53:42+00:00","dateModified":"2018-06-23T14:53:42+00:00","mainEntityOfPage":{"@id":"https:\/\/guineediversite.com\/index.php\/2018\/06\/23\/les-conducteurs-motos-taxi-reagissent-face-a-la-decision-leur-interdisant-de-circuler-a-kaloum\/"},"wordCount":464,"publisher":{"@id":"https:\/\/guineediversite.com\/#organization"},"image":{"@id":"https:\/\/guineediversite.com\/index.php\/2018\/06\/23\/les-conducteurs-motos-taxi-reagissent-face-a-la-decision-leur-interdisant-de-circuler-a-kaloum\/#primaryimage"},"thumbnailUrl":"https:\/\/guineediversite.com\/wp-content\/uploads\/2018\/06\/TaxiMoto.jpg","articleSection":["Soci\u00e9t\u00e9"],"inLanguage":"fr-FR"},{"@type":"WebPage","@id":"https:\/\/guineediversite.com\/index.php\/2018\/06\/23\/les-conducteurs-motos-taxi-reagissent-face-a-la-decision-leur-interdisant-de-circuler-a-kaloum\/","url":"https:\/\/guineediversite.com\/index.php\/2018\/06\/23\/les-conducteurs-motos-taxi-reagissent-face-a-la-decision-leur-interdisant-de-circuler-a-kaloum\/","name":"Les conducteurs motos taxi r\u00e9agissent face \u00e0 la d\u00e9cision leur interdisant de circuler \u00e0 Kaloum | Guin\u00e9e Diversit\u00e9","isPartOf":{"@id":"https:\/\/guineediversite.com\/#website"},"primaryImageOfPage":{"@id":"https:\/\/guineediversite.com\/index.php\/2018\/06\/23\/les-conducteurs-motos-taxi-reagissent-face-a-la-decision-leur-interdisant-de-circuler-a-kaloum\/#primaryimage"},"image":{"@id":"https:\/\/guineediversite.com\/index.php\/2018\/06\/23\/les-conducteurs-motos-taxi-reagissent-face-a-la-decision-leur-interdisant-de-circuler-a-kaloum\/#primaryimage"},"thumbnailUrl":"https:\/\/guineediversite.com\/wp-content\/uploads\/2018\/06\/TaxiMoto.jpg","datePublished":"2018-06-23T14:53:42+00:00","dateModified":"2018-06-23T14:53:42+00:00","breadcrumb":{"@id":"https:\/\/guineediversite.com\/index.php\/2018\/06\/23\/les-conducteurs-motos-taxi-reagissent-face-a-la-decision-leur-interdisant-de-circuler-a-kaloum\/#breadcrumb"},"inLanguage":"fr-FR","potentialAction":[{"@type":"ReadAction","target":["https:\/\/guineediversite.com\/index.php\/2018\/06\/23\/les-conducteurs-motos-taxi-reagissent-face-a-la-decision-leur-interdisant-de-circuler-a-kaloum\/"]}]},{"@type":"ImageObject","inLanguage":"fr-FR","@id":"https:\/\/guineediversite.com\/index.php\/2018\/06\/23\/les-conducteurs-motos-taxi-reagissent-face-a-la-decision-leur-interdisant-de-circuler-a-kaloum\/#primaryimage","url":"https:\/\/guineediversite.com\/wp-content\/uploads\/2018\/06\/TaxiMoto.jpg","contentUrl":"https:\/\/guineediversite.com\/wp-content\/uploads\/2018\/06\/TaxiMoto.jpg","width":"1365","height":"1024"},{"@type":"BreadcrumbList","@id":"https:\/\/guineediversite.com\/index.php\/2018\/06\/23\/les-conducteurs-motos-taxi-reagissent-face-a-la-decision-leur-interdisant-de-circuler-a-kaloum\/#breadcrumb","itemListElement":[{"@type":"ListItem","position":1,"name":"Accueil","item":"https:\/\/guineediversite.com\/"},{"@type":"ListItem","position":2,"name":"Les conducteurs motos taxi r\u00e9agissent face \u00e0 la d\u00e9cision leur interdisant de circuler \u00e0 Kaloum"}]},{"@type":"WebSite","@id":"https:\/\/guineediversite.com\/#website","url":"https:\/\/guineediversite.com\/","name":"Guin\u00e9e Diversit\u00e9","description":"L&#039;Info dans toute sa diversit\u00e9","publisher":{"@id":"https:\/\/guineediversite.com\/#organization"},"potentialAction":[{"@type":"SearchAction","target":{"@type":"EntryPoint","urlTemplate":"https:\/\/guineediversite.com\/?s={search_term_string}"},"query-input":{"@type":"PropertyValueSpecification","valueRequired":true,"valueName":"search_term_string"}}],"inLanguage":"fr-FR"},{"@type":"Organization","@id":"https:\/\/guineediversite.com\/#organization","name":"Guin\u00e9e Diversit\u00e9","url":"https:\/\/guineediversite.com\/","logo":{"@type":"ImageObject","inLanguage":"fr-FR","@id":"https:\/\/guineediversite.com\/#\/schema\/logo\/image\/","url":"https:\/\/guineediversite.com\/wp-content\/uploads\/2017\/04\/cropped-1jojlxEOMkX9Wyqfhe43D6kjPOGqBBKmx3EwWJqZ0cMrFF54yM49.png","contentUrl":"https:\/\/guineediversite.com\/wp-content\/uploads\/2017\/04\/cropped-1jojlxEOMkX9Wyqfhe43D6kjPOGqBBKmx3EwWJqZ0cMrFF54yM49.png","width":186,"height":112,"caption":"Guin\u00e9e Diversit\u00e9"},"image":{"@id":"https:\/\/guineediversite.com\/#\/schema\/logo\/image\/"},"sameAs":["https:\/\/www.facebook.com\/guineediversite\/","https:\/\/x.com\/GuineeDiversite","https:\/\/www.youtube.com\/channel\/UC8sUY16qelG5ge6_D5SB83g"]},{"@type":"Person","@id":"https:\/\/guineediversite.com\/#\/schema\/person\/079ec347f72d2acde4b56a50a4fd46dc","name":"Moussa Mo\u00efse K\u00e9ita","image":{"@type":"ImageObject","inLanguage":"fr-FR","@id":"https:\/\/guineediversite.com\/#\/schema\/person\/image\/","url":"https:\/\/secure.gravatar.com\/avatar\/edf1ea2cc01841e6c0b49384bcb1385b?s=96&d=mm&r=g","contentUrl":"https:\/\/secure.gravatar.com\/avatar\/edf1ea2cc01841e6c0b49384bcb1385b?s=96&d=mm&r=g","caption":"Moussa Mo\u00efse K\u00e9ita"},"url":"https:\/\/guineediversite.com\/index.php\/author\/moussa-moise\/"}]}},"_links":{"self":[{"href":"https:\/\/guineediversite.com\/index.php\/wp-json\/wp\/v2\/posts\/25729"}],"collection":[{"href":"https:\/\/guineediversite.com\/index.php\/wp-json\/wp\/v2\/posts"}],"about":[{"href":"https:\/\/guineediversite.com\/index.php\/wp-json\/wp\/v2\/types\/post"}],"author":[{"embeddable":true,"href":"https:\/\/guineediversite.com\/index.php\/wp-json\/wp\/v2\/users\/16"}],"replies":[{"embeddable":true,"href":"https:\/\/guineediversite.com\/index.php\/wp-json\/wp\/v2\/comments?post=25729"}],"version-history":[{"count":0,"href":"https:\/\/guineediversite.com\/index.php\/wp-json\/wp\/v2\/posts\/25729\/revisions"}],"wp:featuredmedia":[{"embeddable":true,"href":"https:\/\/guineediversite.com\/index.php\/wp-json\/wp\/v2\/media\/25730"}],"wp:attachment":[{"href":"https:\/\/guineediversite.com\/index.php\/wp-json\/wp\/v2\/media?parent=25729"}],"wp:term":[{"taxonomy":"category","embeddable":true,"href":"https:\/\/guineediversite.com\/index.php\/wp-json\/wp\/v2\/categories?post=25729"},{"taxonomy":"post_tag","embeddable":true,"href":"https:\/\/guineediversite.com\/index.php\/wp-json\/wp\/v2\/tags?post=25729"}],"curies":[{"name":"wp","href":"https:\/\/api.w.org\/{rel}","templated":true}]}}