{"id":25721,"date":"2018-06-22T19:09:46","date_gmt":"2018-06-22T17:09:46","guid":{"rendered":"https:\/\/guineediversite.com\/?p=25721"},"modified":"2018-06-22T19:09:46","modified_gmt":"2018-06-22T17:09:46","slug":"le-ministre-keira-determine-a-sevir-les-motos-taxis-a-kaloum","status":"publish","type":"post","link":"https:\/\/guineediversite.com\/index.php\/2018\/06\/22\/le-ministre-keira-determine-a-sevir-les-motos-taxis-a-kaloum\/","title":{"rendered":"Le ministre Keira d\u00e9termin\u00e9 \u00e0 s\u00e9vir les motos taxis \u00e0 Kaloum"},"content":{"rendered":"<p>Plus de motos-taxi dans la commune de Kaloum \u00e0 partir de ce lundi 25 juin 2018. Pour une application effective de cette d\u00e9cision du minist\u00e8re de la s\u00e9curit\u00e9 et de la protection civile, une session de formation des formateurs de 25 officiers de \u00a0police routi\u00e8re a \u00e9t\u00e9 lanc\u00e9 ce matin pour une dur\u00e9e de 3 mois.<\/p>\n<p><img loading=\"lazy\" decoding=\"async\" class=\"alignnone  wp-image-25723\" src=\"https:\/\/guineediversite.com.bwjx4292.odns.fr\/wp-content\/uploads\/2018\/06\/IMG_1142-300x225.jpg\" alt=\"\" width=\"607\" height=\"455\" srcset=\"https:\/\/guineediversite.com\/wp-content\/uploads\/2018\/06\/IMG_1142-300x225.jpg 300w, https:\/\/guineediversite.com\/wp-content\/uploads\/2018\/06\/IMG_1142-768x575.jpg 768w, https:\/\/guineediversite.com\/wp-content\/uploads\/2018\/06\/IMG_1142-1024x767.jpg 1024w, https:\/\/guineediversite.com\/wp-content\/uploads\/2018\/06\/IMG_1142-600x449.jpg 600w, https:\/\/guineediversite.com\/wp-content\/uploads\/2018\/06\/IMG_1142-678x509.jpg 678w, https:\/\/guineediversite.com\/wp-content\/uploads\/2018\/06\/IMG_1142-326x245.jpg 326w, https:\/\/guineediversite.com\/wp-content\/uploads\/2018\/06\/IMG_1142-80x60.jpg 80w, https:\/\/guineediversite.com\/wp-content\/uploads\/2018\/06\/IMG_1142.jpg 1367w\" sizes=\"(max-width: 607px) 100vw, 607px\" \/><\/p>\n<p>Le Ministre Alpha Ibrahima Keira a invit\u00e9 d&rsquo;autres d\u00e9partements \u00e0 faire une synergie d&rsquo;action avec son d\u00e9partement dans cette lutte.<strong> \u00ab\u00a0<\/strong><em>La pr\u00e9sente session de formation des formateurs est lanc\u00e9e pour la probl\u00e9matique de s\u00e9curit\u00e9 routi\u00e8re, qui demeure une pr\u00e9occupation majeure\u00a0 marquant l&rsquo;actualit\u00e9. Dans le cadre de la mise en \u0153uvre d&rsquo;un programme de formation continue du personnel de la s\u00e9curit\u00e9 routi\u00e8re, interpelle d&rsquo;autres autorit\u00e9s publiques: Le Minist\u00e8re des transports, celui des travaux publics et celui de l&rsquo;administration du territoire et de la d\u00e9centralisation,<\/em><strong>\u00bb <\/strong>a-t-il affirm\u00e9<strong>.<\/strong><\/p>\n<p>Poursuivant, il explique ceux pourquoi toutes ces mesures ont \u00e9t\u00e9 prises. <em>\u00ab\u00a0Il est courant d&rsquo;apercevoir dans la circulation routi\u00e8re, des actes d&rsquo;incivisme de tout genre, et les \u00e9talagistes qui ont pris d&rsquo;assaut la moiti\u00e9 de la chauss\u00e9e par endroit. Les conducteurs avec des engins au m\u00e9pris des normes basiques de la r\u00e8glementation routi\u00e8re, des agents de police routi\u00e8re qui se livre \u00e0 des sc\u00e8nes d&rsquo;arnaque des paisibles citoyens \u00e0 ciel ouvert. Il est donc temps qu&rsquo;un coup d&rsquo;arr\u00eat soit port\u00e9 \u00e0 tout cela<\/em><strong>,\u00bb <\/strong>a-t-il indiqu\u00e9.<\/p>\n<p>A en croire le ministre de la s\u00e9curit\u00e9 et de la protection, cette d\u00e9cision ne sera pas un feu de paille.<\/p>\n<p><strong>Djibril Camara\/623 72 75 42 <\/strong><\/p>\n<p>&nbsp;<\/p>\n","protected":false},"excerpt":{"rendered":"<p>Plus de motos-taxi dans la commune de Kaloum \u00e0 partir de ce lundi 25 juin 2018. Pour une application effective de cette d\u00e9cision du minist\u00e8re de la s\u00e9curit\u00e9 et de la protection civile, une session de formation des formateurs de 25 officiers de \u00a0police routi\u00e8re a \u00e9t\u00e9 lanc\u00e9 ce matin pour une dur\u00e9e de 3 [&hellip;]<\/p>\n","protected":false},"author":12,"featured_media":25722,"comment_status":"closed","ping_status":"closed","sticky":false,"template":"","format":"standard","meta":{"_exactmetrics_skip_tracking":false,"_exactmetrics_sitenote_active":false,"_exactmetrics_sitenote_note":"","_exactmetrics_sitenote_category":0,"tdm_status":"","tdm_grid_status":"","footnotes":""},"categories":[16],"tags":[],"class_list":{"0":"post-25721","1":"post","2":"type-post","3":"status-publish","4":"format-standard","5":"has-post-thumbnail","7":"category-societe"},"yoast_head":"<!-- This site is optimized with the Yoast SEO plugin v24.2 - https:\/\/yoast.com\/wordpress\/plugins\/seo\/ -->\n<title>Le ministre Keira d\u00e9termin\u00e9 \u00e0 s\u00e9vir les motos taxis \u00e0 Kaloum | Guin\u00e9e Diversit\u00e9<\/title>\n<meta name=\"robots\" content=\"index, follow, max-snippet:-1, max-image-preview:large, max-video-preview:-1\" \/>\n<link rel=\"canonical\" href=\"https:\/\/guineediversite.com\/index.php\/2018\/06\/22\/le-ministre-keira-determine-a-sevir-les-motos-taxis-a-kaloum\/\" \/>\n<meta property=\"og:locale\" content=\"fr_FR\" \/>\n<meta property=\"og:type\" content=\"article\" \/>\n<meta property=\"og:title\" content=\"Le ministre Keira d\u00e9termin\u00e9 \u00e0 s\u00e9vir les motos taxis \u00e0 Kaloum | Guin\u00e9e Diversit\u00e9\" \/>\n<meta property=\"og:description\" content=\"Plus de motos-taxi dans la commune de Kaloum \u00e0 partir de ce lundi 25 juin 2018. Pour une application effective de cette d\u00e9cision du minist\u00e8re de la s\u00e9curit\u00e9 et de la protection civile, une session de formation des formateurs de 25 officiers de \u00a0police routi\u00e8re a \u00e9t\u00e9 lanc\u00e9 ce matin pour une dur\u00e9e de 3 [&hellip;]\" \/>\n<meta property=\"og:url\" content=\"https:\/\/guineediversite.com\/index.php\/2018\/06\/22\/le-ministre-keira-determine-a-sevir-les-motos-taxis-a-kaloum\/\" \/>\n<meta property=\"og:site_name\" content=\"Guin\u00e9e Diversit\u00e9\" \/>\n<meta property=\"article:publisher\" content=\"https:\/\/www.facebook.com\/guineediversite\/\" \/>\n<meta property=\"article:published_time\" content=\"2018-06-22T17:09:46+00:00\" \/>\n<meta property=\"og:image\" content=\"https:\/\/guineediversite.com\/wp-content\/uploads\/2018\/06\/IMG_1136.jpg\" \/>\n\t<meta property=\"og:image:width\" content=\"1365\" \/>\n\t<meta property=\"og:image:height\" content=\"1024\" \/>\n\t<meta property=\"og:image:type\" content=\"image\/jpeg\" \/>\n<meta name=\"author\" content=\"Guin\u00e9e Diversit\u00e9\" \/>\n<meta name=\"twitter:card\" content=\"summary_large_image\" \/>\n<meta name=\"twitter:creator\" content=\"@GuineeDiversite\" \/>\n<meta name=\"twitter:site\" content=\"@GuineeDiversite\" \/>\n<meta name=\"twitter:label1\" content=\"\u00c9crit par\" \/>\n\t<meta name=\"twitter:data1\" content=\"Guin\u00e9e Diversit\u00e9\" \/>\n\t<meta name=\"twitter:label2\" content=\"Dur\u00e9e de lecture estim\u00e9e\" \/>\n\t<meta name=\"twitter:data2\" content=\"1 minute\" \/>\n<script type=\"application\/ld+json\" class=\"yoast-schema-graph\">{\"@context\":\"https:\/\/schema.org\",\"@graph\":[{\"@type\":\"Article\",\"@id\":\"https:\/\/guineediversite.com\/index.php\/2018\/06\/22\/le-ministre-keira-determine-a-sevir-les-motos-taxis-a-kaloum\/#article\",\"isPartOf\":{\"@id\":\"https:\/\/guineediversite.com\/index.php\/2018\/06\/22\/le-ministre-keira-determine-a-sevir-les-motos-taxis-a-kaloum\/\"},\"author\":{\"name\":\"Guin\u00e9e Diversit\u00e9\",\"@id\":\"https:\/\/guineediversite.com\/#\/schema\/person\/afa08fb34e7fc6e1feafc892612bc836\"},\"headline\":\"Le ministre Keira d\u00e9termin\u00e9 \u00e0 s\u00e9vir les motos taxis \u00e0 Kaloum\",\"datePublished\":\"2018-06-22T17:09:46+00:00\",\"dateModified\":\"2018-06-22T17:09:46+00:00\",\"mainEntityOfPage\":{\"@id\":\"https:\/\/guineediversite.com\/index.php\/2018\/06\/22\/le-ministre-keira-determine-a-sevir-les-motos-taxis-a-kaloum\/\"},\"wordCount\":292,\"publisher\":{\"@id\":\"https:\/\/guineediversite.com\/#organization\"},\"image\":{\"@id\":\"https:\/\/guineediversite.com\/index.php\/2018\/06\/22\/le-ministre-keira-determine-a-sevir-les-motos-taxis-a-kaloum\/#primaryimage\"},\"thumbnailUrl\":\"https:\/\/guineediversite.com\/wp-content\/uploads\/2018\/06\/IMG_1136.jpg\",\"articleSection\":[\"Soci\u00e9t\u00e9\"],\"inLanguage\":\"fr-FR\"},{\"@type\":\"WebPage\",\"@id\":\"https:\/\/guineediversite.com\/index.php\/2018\/06\/22\/le-ministre-keira-determine-a-sevir-les-motos-taxis-a-kaloum\/\",\"url\":\"https:\/\/guineediversite.com\/index.php\/2018\/06\/22\/le-ministre-keira-determine-a-sevir-les-motos-taxis-a-kaloum\/\",\"name\":\"Le ministre Keira d\u00e9termin\u00e9 \u00e0 s\u00e9vir les motos taxis \u00e0 Kaloum | Guin\u00e9e Diversit\u00e9\",\"isPartOf\":{\"@id\":\"https:\/\/guineediversite.com\/#website\"},\"primaryImageOfPage\":{\"@id\":\"https:\/\/guineediversite.com\/index.php\/2018\/06\/22\/le-ministre-keira-determine-a-sevir-les-motos-taxis-a-kaloum\/#primaryimage\"},\"image\":{\"@id\":\"https:\/\/guineediversite.com\/index.php\/2018\/06\/22\/le-ministre-keira-determine-a-sevir-les-motos-taxis-a-kaloum\/#primaryimage\"},\"thumbnailUrl\":\"https:\/\/guineediversite.com\/wp-content\/uploads\/2018\/06\/IMG_1136.jpg\",\"datePublished\":\"2018-06-22T17:09:46+00:00\",\"dateModified\":\"2018-06-22T17:09:46+00:00\",\"breadcrumb\":{\"@id\":\"https:\/\/guineediversite.com\/index.php\/2018\/06\/22\/le-ministre-keira-determine-a-sevir-les-motos-taxis-a-kaloum\/#breadcrumb\"},\"inLanguage\":\"fr-FR\",\"potentialAction\":[{\"@type\":\"ReadAction\",\"target\":[\"https:\/\/guineediversite.com\/index.php\/2018\/06\/22\/le-ministre-keira-determine-a-sevir-les-motos-taxis-a-kaloum\/\"]}]},{\"@type\":\"ImageObject\",\"inLanguage\":\"fr-FR\",\"@id\":\"https:\/\/guineediversite.com\/index.php\/2018\/06\/22\/le-ministre-keira-determine-a-sevir-les-motos-taxis-a-kaloum\/#primaryimage\",\"url\":\"https:\/\/guineediversite.com\/wp-content\/uploads\/2018\/06\/IMG_1136.jpg\",\"contentUrl\":\"https:\/\/guineediversite.com\/wp-content\/uploads\/2018\/06\/IMG_1136.jpg\",\"width\":\"1365\",\"height\":\"1024\"},{\"@type\":\"BreadcrumbList\",\"@id\":\"https:\/\/guineediversite.com\/index.php\/2018\/06\/22\/le-ministre-keira-determine-a-sevir-les-motos-taxis-a-kaloum\/#breadcrumb\",\"itemListElement\":[{\"@type\":\"ListItem\",\"position\":1,\"name\":\"Accueil\",\"item\":\"https:\/\/guineediversite.com\/\"},{\"@type\":\"ListItem\",\"position\":2,\"name\":\"Le ministre Keira d\u00e9termin\u00e9 \u00e0 s\u00e9vir les motos taxis \u00e0 Kaloum\"}]},{\"@type\":\"WebSite\",\"@id\":\"https:\/\/guineediversite.com\/#website\",\"url\":\"https:\/\/guineediversite.com\/\",\"name\":\"Guin\u00e9e Diversit\u00e9\",\"description\":\"L&#039;Info dans toute sa diversit\u00e9\",\"publisher\":{\"@id\":\"https:\/\/guineediversite.com\/#organization\"},\"potentialAction\":[{\"@type\":\"SearchAction\",\"target\":{\"@type\":\"EntryPoint\",\"urlTemplate\":\"https:\/\/guineediversite.com\/?s={search_term_string}\"},\"query-input\":{\"@type\":\"PropertyValueSpecification\",\"valueRequired\":true,\"valueName\":\"search_term_string\"}}],\"inLanguage\":\"fr-FR\"},{\"@type\":\"Organization\",\"@id\":\"https:\/\/guineediversite.com\/#organization\",\"name\":\"Guin\u00e9e Diversit\u00e9\",\"url\":\"https:\/\/guineediversite.com\/\",\"logo\":{\"@type\":\"ImageObject\",\"inLanguage\":\"fr-FR\",\"@id\":\"https:\/\/guineediversite.com\/#\/schema\/logo\/image\/\",\"url\":\"https:\/\/guineediversite.com\/wp-content\/uploads\/2017\/04\/cropped-1jojlxEOMkX9Wyqfhe43D6kjPOGqBBKmx3EwWJqZ0cMrFF54yM49.png\",\"contentUrl\":\"https:\/\/guineediversite.com\/wp-content\/uploads\/2017\/04\/cropped-1jojlxEOMkX9Wyqfhe43D6kjPOGqBBKmx3EwWJqZ0cMrFF54yM49.png\",\"width\":186,\"height\":112,\"caption\":\"Guin\u00e9e Diversit\u00e9\"},\"image\":{\"@id\":\"https:\/\/guineediversite.com\/#\/schema\/logo\/image\/\"},\"sameAs\":[\"https:\/\/www.facebook.com\/guineediversite\/\",\"https:\/\/x.com\/GuineeDiversite\",\"https:\/\/www.youtube.com\/channel\/UC8sUY16qelG5ge6_D5SB83g\"]},{\"@type\":\"Person\",\"@id\":\"https:\/\/guineediversite.com\/#\/schema\/person\/afa08fb34e7fc6e1feafc892612bc836\",\"name\":\"Guin\u00e9e Diversit\u00e9\",\"image\":{\"@type\":\"ImageObject\",\"inLanguage\":\"fr-FR\",\"@id\":\"https:\/\/guineediversite.com\/#\/schema\/person\/image\/\",\"url\":\"https:\/\/secure.gravatar.com\/avatar\/50d5eb5b390f8b65ac30ac6f898eb83a?s=96&d=mm&r=g\",\"contentUrl\":\"https:\/\/secure.gravatar.com\/avatar\/50d5eb5b390f8b65ac30ac6f898eb83a?s=96&d=mm&r=g\",\"caption\":\"Guin\u00e9e Diversit\u00e9\"},\"url\":\"https:\/\/guineediversite.com\/index.php\/author\/guineediversite\/\"}]}<\/script>\n<!-- \/ Yoast SEO plugin. -->","yoast_head_json":{"title":"Le ministre Keira d\u00e9termin\u00e9 \u00e0 s\u00e9vir les motos taxis \u00e0 Kaloum | Guin\u00e9e Diversit\u00e9","robots":{"index":"index","follow":"follow","max-snippet":"max-snippet:-1","max-image-preview":"max-image-preview:large","max-video-preview":"max-video-preview:-1"},"canonical":"https:\/\/guineediversite.com\/index.php\/2018\/06\/22\/le-ministre-keira-determine-a-sevir-les-motos-taxis-a-kaloum\/","og_locale":"fr_FR","og_type":"article","og_title":"Le ministre Keira d\u00e9termin\u00e9 \u00e0 s\u00e9vir les motos taxis \u00e0 Kaloum | Guin\u00e9e Diversit\u00e9","og_description":"Plus de motos-taxi dans la commune de Kaloum \u00e0 partir de ce lundi 25 juin 2018. Pour une application effective de cette d\u00e9cision du minist\u00e8re de la s\u00e9curit\u00e9 et de la protection civile, une session de formation des formateurs de 25 officiers de \u00a0police routi\u00e8re a \u00e9t\u00e9 lanc\u00e9 ce matin pour une dur\u00e9e de 3 [&hellip;]","og_url":"https:\/\/guineediversite.com\/index.php\/2018\/06\/22\/le-ministre-keira-determine-a-sevir-les-motos-taxis-a-kaloum\/","og_site_name":"Guin\u00e9e Diversit\u00e9","article_publisher":"https:\/\/www.facebook.com\/guineediversite\/","article_published_time":"2018-06-22T17:09:46+00:00","og_image":[{"width":1365,"height":1024,"url":"https:\/\/guineediversite.com\/wp-content\/uploads\/2018\/06\/IMG_1136.jpg","type":"image\/jpeg"}],"author":"Guin\u00e9e Diversit\u00e9","twitter_card":"summary_large_image","twitter_creator":"@GuineeDiversite","twitter_site":"@GuineeDiversite","twitter_misc":{"\u00c9crit par":"Guin\u00e9e Diversit\u00e9","Dur\u00e9e de lecture estim\u00e9e":"1 minute"},"schema":{"@context":"https:\/\/schema.org","@graph":[{"@type":"Article","@id":"https:\/\/guineediversite.com\/index.php\/2018\/06\/22\/le-ministre-keira-determine-a-sevir-les-motos-taxis-a-kaloum\/#article","isPartOf":{"@id":"https:\/\/guineediversite.com\/index.php\/2018\/06\/22\/le-ministre-keira-determine-a-sevir-les-motos-taxis-a-kaloum\/"},"author":{"name":"Guin\u00e9e Diversit\u00e9","@id":"https:\/\/guineediversite.com\/#\/schema\/person\/afa08fb34e7fc6e1feafc892612bc836"},"headline":"Le ministre Keira d\u00e9termin\u00e9 \u00e0 s\u00e9vir les motos taxis \u00e0 Kaloum","datePublished":"2018-06-22T17:09:46+00:00","dateModified":"2018-06-22T17:09:46+00:00","mainEntityOfPage":{"@id":"https:\/\/guineediversite.com\/index.php\/2018\/06\/22\/le-ministre-keira-determine-a-sevir-les-motos-taxis-a-kaloum\/"},"wordCount":292,"publisher":{"@id":"https:\/\/guineediversite.com\/#organization"},"image":{"@id":"https:\/\/guineediversite.com\/index.php\/2018\/06\/22\/le-ministre-keira-determine-a-sevir-les-motos-taxis-a-kaloum\/#primaryimage"},"thumbnailUrl":"https:\/\/guineediversite.com\/wp-content\/uploads\/2018\/06\/IMG_1136.jpg","articleSection":["Soci\u00e9t\u00e9"],"inLanguage":"fr-FR"},{"@type":"WebPage","@id":"https:\/\/guineediversite.com\/index.php\/2018\/06\/22\/le-ministre-keira-determine-a-sevir-les-motos-taxis-a-kaloum\/","url":"https:\/\/guineediversite.com\/index.php\/2018\/06\/22\/le-ministre-keira-determine-a-sevir-les-motos-taxis-a-kaloum\/","name":"Le ministre Keira d\u00e9termin\u00e9 \u00e0 s\u00e9vir les motos taxis \u00e0 Kaloum | Guin\u00e9e Diversit\u00e9","isPartOf":{"@id":"https:\/\/guineediversite.com\/#website"},"primaryImageOfPage":{"@id":"https:\/\/guineediversite.com\/index.php\/2018\/06\/22\/le-ministre-keira-determine-a-sevir-les-motos-taxis-a-kaloum\/#primaryimage"},"image":{"@id":"https:\/\/guineediversite.com\/index.php\/2018\/06\/22\/le-ministre-keira-determine-a-sevir-les-motos-taxis-a-kaloum\/#primaryimage"},"thumbnailUrl":"https:\/\/guineediversite.com\/wp-content\/uploads\/2018\/06\/IMG_1136.jpg","datePublished":"2018-06-22T17:09:46+00:00","dateModified":"2018-06-22T17:09:46+00:00","breadcrumb":{"@id":"https:\/\/guineediversite.com\/index.php\/2018\/06\/22\/le-ministre-keira-determine-a-sevir-les-motos-taxis-a-kaloum\/#breadcrumb"},"inLanguage":"fr-FR","potentialAction":[{"@type":"ReadAction","target":["https:\/\/guineediversite.com\/index.php\/2018\/06\/22\/le-ministre-keira-determine-a-sevir-les-motos-taxis-a-kaloum\/"]}]},{"@type":"ImageObject","inLanguage":"fr-FR","@id":"https:\/\/guineediversite.com\/index.php\/2018\/06\/22\/le-ministre-keira-determine-a-sevir-les-motos-taxis-a-kaloum\/#primaryimage","url":"https:\/\/guineediversite.com\/wp-content\/uploads\/2018\/06\/IMG_1136.jpg","contentUrl":"https:\/\/guineediversite.com\/wp-content\/uploads\/2018\/06\/IMG_1136.jpg","width":"1365","height":"1024"},{"@type":"BreadcrumbList","@id":"https:\/\/guineediversite.com\/index.php\/2018\/06\/22\/le-ministre-keira-determine-a-sevir-les-motos-taxis-a-kaloum\/#breadcrumb","itemListElement":[{"@type":"ListItem","position":1,"name":"Accueil","item":"https:\/\/guineediversite.com\/"},{"@type":"ListItem","position":2,"name":"Le ministre Keira d\u00e9termin\u00e9 \u00e0 s\u00e9vir les motos taxis \u00e0 Kaloum"}]},{"@type":"WebSite","@id":"https:\/\/guineediversite.com\/#website","url":"https:\/\/guineediversite.com\/","name":"Guin\u00e9e Diversit\u00e9","description":"L&#039;Info dans toute sa diversit\u00e9","publisher":{"@id":"https:\/\/guineediversite.com\/#organization"},"potentialAction":[{"@type":"SearchAction","target":{"@type":"EntryPoint","urlTemplate":"https:\/\/guineediversite.com\/?s={search_term_string}"},"query-input":{"@type":"PropertyValueSpecification","valueRequired":true,"valueName":"search_term_string"}}],"inLanguage":"fr-FR"},{"@type":"Organization","@id":"https:\/\/guineediversite.com\/#organization","name":"Guin\u00e9e Diversit\u00e9","url":"https:\/\/guineediversite.com\/","logo":{"@type":"ImageObject","inLanguage":"fr-FR","@id":"https:\/\/guineediversite.com\/#\/schema\/logo\/image\/","url":"https:\/\/guineediversite.com\/wp-content\/uploads\/2017\/04\/cropped-1jojlxEOMkX9Wyqfhe43D6kjPOGqBBKmx3EwWJqZ0cMrFF54yM49.png","contentUrl":"https:\/\/guineediversite.com\/wp-content\/uploads\/2017\/04\/cropped-1jojlxEOMkX9Wyqfhe43D6kjPOGqBBKmx3EwWJqZ0cMrFF54yM49.png","width":186,"height":112,"caption":"Guin\u00e9e Diversit\u00e9"},"image":{"@id":"https:\/\/guineediversite.com\/#\/schema\/logo\/image\/"},"sameAs":["https:\/\/www.facebook.com\/guineediversite\/","https:\/\/x.com\/GuineeDiversite","https:\/\/www.youtube.com\/channel\/UC8sUY16qelG5ge6_D5SB83g"]},{"@type":"Person","@id":"https:\/\/guineediversite.com\/#\/schema\/person\/afa08fb34e7fc6e1feafc892612bc836","name":"Guin\u00e9e Diversit\u00e9","image":{"@type":"ImageObject","inLanguage":"fr-FR","@id":"https:\/\/guineediversite.com\/#\/schema\/person\/image\/","url":"https:\/\/secure.gravatar.com\/avatar\/50d5eb5b390f8b65ac30ac6f898eb83a?s=96&d=mm&r=g","contentUrl":"https:\/\/secure.gravatar.com\/avatar\/50d5eb5b390f8b65ac30ac6f898eb83a?s=96&d=mm&r=g","caption":"Guin\u00e9e Diversit\u00e9"},"url":"https:\/\/guineediversite.com\/index.php\/author\/guineediversite\/"}]}},"_links":{"self":[{"href":"https:\/\/guineediversite.com\/index.php\/wp-json\/wp\/v2\/posts\/25721"}],"collection":[{"href":"https:\/\/guineediversite.com\/index.php\/wp-json\/wp\/v2\/posts"}],"about":[{"href":"https:\/\/guineediversite.com\/index.php\/wp-json\/wp\/v2\/types\/post"}],"author":[{"embeddable":true,"href":"https:\/\/guineediversite.com\/index.php\/wp-json\/wp\/v2\/users\/12"}],"replies":[{"embeddable":true,"href":"https:\/\/guineediversite.com\/index.php\/wp-json\/wp\/v2\/comments?post=25721"}],"version-history":[{"count":0,"href":"https:\/\/guineediversite.com\/index.php\/wp-json\/wp\/v2\/posts\/25721\/revisions"}],"wp:featuredmedia":[{"embeddable":true,"href":"https:\/\/guineediversite.com\/index.php\/wp-json\/wp\/v2\/media\/25722"}],"wp:attachment":[{"href":"https:\/\/guineediversite.com\/index.php\/wp-json\/wp\/v2\/media?parent=25721"}],"wp:term":[{"taxonomy":"category","embeddable":true,"href":"https:\/\/guineediversite.com\/index.php\/wp-json\/wp\/v2\/categories?post=25721"},{"taxonomy":"post_tag","embeddable":true,"href":"https:\/\/guineediversite.com\/index.php\/wp-json\/wp\/v2\/tags?post=25721"}],"curies":[{"name":"wp","href":"https:\/\/api.w.org\/{rel}","templated":true}]}}