{"id":25712,"date":"2018-06-22T11:48:33","date_gmt":"2018-06-22T09:48:33","guid":{"rendered":"https:\/\/guineediversite.com\/?p=25712"},"modified":"2018-06-22T13:41:01","modified_gmt":"2018-06-22T11:41:01","slug":"affaire-aboubacar-sidiki-mara-le-jugement-est-renvoye-pour-le-28-mai","status":"publish","type":"post","link":"https:\/\/guineediversite.com\/index.php\/2018\/06\/22\/affaire-aboubacar-sidiki-mara-le-jugement-est-renvoye-pour-le-28-mai\/","title":{"rendered":"Affaire Aboubacar Sidiki Mara : le jugement est renvoy\u00e9 pour le 28 mai."},"content":{"rendered":"<p><strong>Il a \u00e9t\u00e9 arr\u00eat\u00e9 dans la nuit du 5 au 6 mai dernier \u00e0 3 heures du matin, pour attroupement illicite et trouble \u00e0 l&rsquo;ordre public. Ses avocats eux, d\u00e9noncent une violation des droits de l&rsquo;homme. Son proc\u00e8s s&rsquo;est ouvert ce jeudi 21 juin au TPI de Dixinn.<\/strong><\/p>\n<p>A cette occasion, Aboubacar Sidiki Mara a comparu pour la premi\u00e8re fois \u00e0 la barre devant le juge pour se faire entendre des magistrats. Pour Me Paul Yomba Kourouma son avocat, cette d\u00e9tention o\u00f9 l&rsquo;accusation reste encore \u00e0 son point z\u00e9ro est orchestr\u00e9e par le Pr\u00e9sident Alpha Cond\u00e9. \u00ab <em>Nous avons insist\u00e9 sur l&rsquo;insistance, la persistance et la r\u00e9sistance du professeur Alpha Cond\u00e9 et du procureur de la R\u00e9publique dans la d\u00e9tention de Aboubacar Sidiki Mara dans les ge\u00f4les de la maison centrale de Coronthie malgr\u00e9 les ordonnances de mise en libert\u00e9 provisoire confort\u00e9es par l&rsquo;arr\u00eat de la chambre d&rsquo;instruction qui ont successivement ordonn\u00e9 la mise imm\u00e9diate du syndicaliste arr\u00eat\u00e9 en pleine sommeil alors qu&rsquo;il \u00e9tait r\u00e9guli\u00e8rement parti \u00e0 Bok\u00e9 dans le cadre de la syndicalisation. Les discours successivement tenus, nous ne savons vraiment \u00e0 quelle p\u00e9riode est intervenue une telle infraction ?<\/em> \u00bb s\u2019interroge-t-il.<\/p>\n<p>Poursuivant, il d\u00e9nonce une ing\u00e9rence du pr\u00e9sident Alpha cond\u00e9 dans cette affaire : \u00ab <em>L&rsquo;attroupement \u00e9tant un d\u00e9lit fragrant et qui ne peut \u00eatre imput\u00e9 lorsqu&rsquo;il y a eu sommation de l&rsquo;autorit\u00e9 administrative, ceci n&rsquo;ayant jamais eu lieu, monsieur Mara n&rsquo;ayant tenu ses r\u00e9unions que dans l&rsquo;enceinte de l&rsquo;h\u00f4tel et que s&rsquo;il devait avoir des d\u00e9sagr\u00e9ments et un plaignant, ce devait \u00eatre le directeur de l&rsquo;institution de l&rsquo;h\u00f4tel. Mais les ordres sont venus de Conakry, du professeur Alpha Cond\u00e9 comme vous l&rsquo;entendez persister toujours dans la sauvegarde et la s\u00e9curisation de Bok\u00e9 au d\u00e9triment peut \u00eatre des autres villes. Si toutes les villes \u00e9taient s\u00e9curis\u00e9es telles qu&rsquo;il (le Pr\u00e9sident ndlr) le veut de Bok\u00e9, je crois que le taux d&rsquo;infraction seraient consid\u00e9rablement r\u00e9duits.<\/em>\u00bb<\/p>\n<p>Apr\u00e8s les r\u00e9quisitions et plaidoiries, le minist\u00e8re public a demand\u00e9 comme sentence, que le d\u00e9tenu soit condamn\u00e9 \u00e0 six mois d&#8217;emprisonnement avec une amende d&rsquo;un million de francs guin\u00e9ens. Chose qui n&rsquo;est pas du go\u00fbt de ses avocats \u00ab <em>il demande m\u00eame la combinaison de ces deux peines alors que la loi dit soit six mois de prison ou l&rsquo;amende. Mais on ne peut pr\u00e9tendre aboutir \u00e0 une telle condamnation que si \u00e0 l&rsquo;audience on a pu confondre le pr\u00e9venu, ce qui n&rsquo;a pas \u00e9t\u00e9 le cas, donc il vit dans l&rsquo;imaginaire, dans la fiction et il a fini d&rsquo;ailleurs par plaider, par supplier le pr\u00e9sident alors que cette tribune n&rsquo;est pas un centre de mendicit\u00e9. C&rsquo;est la persuasion, la conviction, c&rsquo;est la force de l&rsquo;argument et non l&rsquo;argument de la force ou la piti\u00e9 ou tout autre consid\u00e9ration de quelque nature que ce soit,<\/em>\u00bb soutient Me Paul Yomba Kourouma.<\/p>\n<p>En attendant le verdict du tribunal, l&rsquo;affaire a \u00e9t\u00e9 mise en d\u00e9lib\u00e9r\u00e9 et le jugement est attendu le 28 juin prochain.<\/p>\n","protected":false},"excerpt":{"rendered":"<p>Il a \u00e9t\u00e9 arr\u00eat\u00e9 dans la nuit du 5 au 6 mai dernier \u00e0 3 heures du matin, pour attroupement illicite et trouble \u00e0 l&rsquo;ordre public. Ses avocats eux, d\u00e9noncent une violation des droits de l&rsquo;homme. Son proc\u00e8s s&rsquo;est ouvert ce jeudi 21 juin au TPI de Dixinn. A cette occasion, Aboubacar Sidiki Mara a [&hellip;]<\/p>\n","protected":false},"author":16,"featured_media":25713,"comment_status":"closed","ping_status":"closed","sticky":false,"template":"","format":"standard","meta":{"_exactmetrics_skip_tracking":false,"_exactmetrics_sitenote_active":false,"_exactmetrics_sitenote_note":"","_exactmetrics_sitenote_category":0,"tdm_status":"","tdm_grid_status":"","footnotes":""},"categories":[16],"tags":[],"class_list":{"0":"post-25712","1":"post","2":"type-post","3":"status-publish","4":"format-standard","5":"has-post-thumbnail","7":"category-societe"},"yoast_head":"<!-- This site is optimized with the Yoast SEO plugin v24.2 - https:\/\/yoast.com\/wordpress\/plugins\/seo\/ -->\n<title>Affaire Aboubacar Sidiki Mara : le jugement est renvoy\u00e9 pour le 28 mai. | Guin\u00e9e Diversit\u00e9<\/title>\n<meta name=\"robots\" content=\"index, follow, max-snippet:-1, max-image-preview:large, max-video-preview:-1\" \/>\n<link rel=\"canonical\" href=\"https:\/\/guineediversite.com\/index.php\/2018\/06\/22\/affaire-aboubacar-sidiki-mara-le-jugement-est-renvoye-pour-le-28-mai\/\" \/>\n<meta property=\"og:locale\" content=\"fr_FR\" \/>\n<meta property=\"og:type\" content=\"article\" \/>\n<meta property=\"og:title\" content=\"Affaire Aboubacar Sidiki Mara : le jugement est renvoy\u00e9 pour le 28 mai. | Guin\u00e9e Diversit\u00e9\" \/>\n<meta property=\"og:description\" content=\"Il a \u00e9t\u00e9 arr\u00eat\u00e9 dans la nuit du 5 au 6 mai dernier \u00e0 3 heures du matin, pour attroupement illicite et trouble \u00e0 l&rsquo;ordre public. Ses avocats eux, d\u00e9noncent une violation des droits de l&rsquo;homme. Son proc\u00e8s s&rsquo;est ouvert ce jeudi 21 juin au TPI de Dixinn. A cette occasion, Aboubacar Sidiki Mara a [&hellip;]\" \/>\n<meta property=\"og:url\" content=\"https:\/\/guineediversite.com\/index.php\/2018\/06\/22\/affaire-aboubacar-sidiki-mara-le-jugement-est-renvoye-pour-le-28-mai\/\" \/>\n<meta property=\"og:site_name\" content=\"Guin\u00e9e Diversit\u00e9\" \/>\n<meta property=\"article:publisher\" content=\"https:\/\/www.facebook.com\/guineediversite\/\" \/>\n<meta property=\"article:published_time\" content=\"2018-06-22T09:48:33+00:00\" \/>\n<meta property=\"article:modified_time\" content=\"2018-06-22T11:41:01+00:00\" \/>\n<meta property=\"og:image\" content=\"https:\/\/guineediversite.com\/wp-content\/uploads\/2018\/06\/IMG_20180621_175537_943-1.jpg\" \/>\n\t<meta property=\"og:image:width\" content=\"1862\" \/>\n\t<meta property=\"og:image:height\" content=\"1024\" \/>\n\t<meta property=\"og:image:type\" content=\"image\/jpeg\" \/>\n<meta name=\"author\" content=\"Moussa Mo\u00efse K\u00e9ita\" \/>\n<meta name=\"twitter:card\" content=\"summary_large_image\" \/>\n<meta name=\"twitter:creator\" content=\"@GuineeDiversite\" \/>\n<meta name=\"twitter:site\" content=\"@GuineeDiversite\" \/>\n<meta name=\"twitter:label1\" content=\"\u00c9crit par\" \/>\n\t<meta name=\"twitter:data1\" content=\"Moussa Mo\u00efse K\u00e9ita\" \/>\n\t<meta name=\"twitter:label2\" content=\"Dur\u00e9e de lecture estim\u00e9e\" \/>\n\t<meta name=\"twitter:data2\" content=\"3 minutes\" \/>\n<script type=\"application\/ld+json\" class=\"yoast-schema-graph\">{\"@context\":\"https:\/\/schema.org\",\"@graph\":[{\"@type\":\"Article\",\"@id\":\"https:\/\/guineediversite.com\/index.php\/2018\/06\/22\/affaire-aboubacar-sidiki-mara-le-jugement-est-renvoye-pour-le-28-mai\/#article\",\"isPartOf\":{\"@id\":\"https:\/\/guineediversite.com\/index.php\/2018\/06\/22\/affaire-aboubacar-sidiki-mara-le-jugement-est-renvoye-pour-le-28-mai\/\"},\"author\":{\"name\":\"Moussa Mo\u00efse K\u00e9ita\",\"@id\":\"https:\/\/guineediversite.com\/#\/schema\/person\/079ec347f72d2acde4b56a50a4fd46dc\"},\"headline\":\"Affaire Aboubacar Sidiki Mara : le jugement est renvoy\u00e9 pour le 28 mai.\",\"datePublished\":\"2018-06-22T09:48:33+00:00\",\"dateModified\":\"2018-06-22T11:41:01+00:00\",\"mainEntityOfPage\":{\"@id\":\"https:\/\/guineediversite.com\/index.php\/2018\/06\/22\/affaire-aboubacar-sidiki-mara-le-jugement-est-renvoye-pour-le-28-mai\/\"},\"wordCount\":562,\"publisher\":{\"@id\":\"https:\/\/guineediversite.com\/#organization\"},\"image\":{\"@id\":\"https:\/\/guineediversite.com\/index.php\/2018\/06\/22\/affaire-aboubacar-sidiki-mara-le-jugement-est-renvoye-pour-le-28-mai\/#primaryimage\"},\"thumbnailUrl\":\"https:\/\/guineediversite.com\/wp-content\/uploads\/2018\/06\/IMG_20180621_175537_943-1.jpg\",\"articleSection\":[\"Soci\u00e9t\u00e9\"],\"inLanguage\":\"fr-FR\"},{\"@type\":\"WebPage\",\"@id\":\"https:\/\/guineediversite.com\/index.php\/2018\/06\/22\/affaire-aboubacar-sidiki-mara-le-jugement-est-renvoye-pour-le-28-mai\/\",\"url\":\"https:\/\/guineediversite.com\/index.php\/2018\/06\/22\/affaire-aboubacar-sidiki-mara-le-jugement-est-renvoye-pour-le-28-mai\/\",\"name\":\"Affaire Aboubacar Sidiki Mara : le jugement est renvoy\u00e9 pour le 28 mai. | Guin\u00e9e Diversit\u00e9\",\"isPartOf\":{\"@id\":\"https:\/\/guineediversite.com\/#website\"},\"primaryImageOfPage\":{\"@id\":\"https:\/\/guineediversite.com\/index.php\/2018\/06\/22\/affaire-aboubacar-sidiki-mara-le-jugement-est-renvoye-pour-le-28-mai\/#primaryimage\"},\"image\":{\"@id\":\"https:\/\/guineediversite.com\/index.php\/2018\/06\/22\/affaire-aboubacar-sidiki-mara-le-jugement-est-renvoye-pour-le-28-mai\/#primaryimage\"},\"thumbnailUrl\":\"https:\/\/guineediversite.com\/wp-content\/uploads\/2018\/06\/IMG_20180621_175537_943-1.jpg\",\"datePublished\":\"2018-06-22T09:48:33+00:00\",\"dateModified\":\"2018-06-22T11:41:01+00:00\",\"breadcrumb\":{\"@id\":\"https:\/\/guineediversite.com\/index.php\/2018\/06\/22\/affaire-aboubacar-sidiki-mara-le-jugement-est-renvoye-pour-le-28-mai\/#breadcrumb\"},\"inLanguage\":\"fr-FR\",\"potentialAction\":[{\"@type\":\"ReadAction\",\"target\":[\"https:\/\/guineediversite.com\/index.php\/2018\/06\/22\/affaire-aboubacar-sidiki-mara-le-jugement-est-renvoye-pour-le-28-mai\/\"]}]},{\"@type\":\"ImageObject\",\"inLanguage\":\"fr-FR\",\"@id\":\"https:\/\/guineediversite.com\/index.php\/2018\/06\/22\/affaire-aboubacar-sidiki-mara-le-jugement-est-renvoye-pour-le-28-mai\/#primaryimage\",\"url\":\"https:\/\/guineediversite.com\/wp-content\/uploads\/2018\/06\/IMG_20180621_175537_943-1.jpg\",\"contentUrl\":\"https:\/\/guineediversite.com\/wp-content\/uploads\/2018\/06\/IMG_20180621_175537_943-1.jpg\",\"width\":\"1862\",\"height\":\"1024\"},{\"@type\":\"BreadcrumbList\",\"@id\":\"https:\/\/guineediversite.com\/index.php\/2018\/06\/22\/affaire-aboubacar-sidiki-mara-le-jugement-est-renvoye-pour-le-28-mai\/#breadcrumb\",\"itemListElement\":[{\"@type\":\"ListItem\",\"position\":1,\"name\":\"Accueil\",\"item\":\"https:\/\/guineediversite.com\/\"},{\"@type\":\"ListItem\",\"position\":2,\"name\":\"Affaire Aboubacar Sidiki Mara : le jugement est renvoy\u00e9 pour le 28 mai.\"}]},{\"@type\":\"WebSite\",\"@id\":\"https:\/\/guineediversite.com\/#website\",\"url\":\"https:\/\/guineediversite.com\/\",\"name\":\"Guin\u00e9e Diversit\u00e9\",\"description\":\"L&#039;Info dans toute sa diversit\u00e9\",\"publisher\":{\"@id\":\"https:\/\/guineediversite.com\/#organization\"},\"potentialAction\":[{\"@type\":\"SearchAction\",\"target\":{\"@type\":\"EntryPoint\",\"urlTemplate\":\"https:\/\/guineediversite.com\/?s={search_term_string}\"},\"query-input\":{\"@type\":\"PropertyValueSpecification\",\"valueRequired\":true,\"valueName\":\"search_term_string\"}}],\"inLanguage\":\"fr-FR\"},{\"@type\":\"Organization\",\"@id\":\"https:\/\/guineediversite.com\/#organization\",\"name\":\"Guin\u00e9e Diversit\u00e9\",\"url\":\"https:\/\/guineediversite.com\/\",\"logo\":{\"@type\":\"ImageObject\",\"inLanguage\":\"fr-FR\",\"@id\":\"https:\/\/guineediversite.com\/#\/schema\/logo\/image\/\",\"url\":\"https:\/\/guineediversite.com\/wp-content\/uploads\/2017\/04\/cropped-1jojlxEOMkX9Wyqfhe43D6kjPOGqBBKmx3EwWJqZ0cMrFF54yM49.png\",\"contentUrl\":\"https:\/\/guineediversite.com\/wp-content\/uploads\/2017\/04\/cropped-1jojlxEOMkX9Wyqfhe43D6kjPOGqBBKmx3EwWJqZ0cMrFF54yM49.png\",\"width\":186,\"height\":112,\"caption\":\"Guin\u00e9e Diversit\u00e9\"},\"image\":{\"@id\":\"https:\/\/guineediversite.com\/#\/schema\/logo\/image\/\"},\"sameAs\":[\"https:\/\/www.facebook.com\/guineediversite\/\",\"https:\/\/x.com\/GuineeDiversite\",\"https:\/\/www.youtube.com\/channel\/UC8sUY16qelG5ge6_D5SB83g\"]},{\"@type\":\"Person\",\"@id\":\"https:\/\/guineediversite.com\/#\/schema\/person\/079ec347f72d2acde4b56a50a4fd46dc\",\"name\":\"Moussa Mo\u00efse K\u00e9ita\",\"image\":{\"@type\":\"ImageObject\",\"inLanguage\":\"fr-FR\",\"@id\":\"https:\/\/guineediversite.com\/#\/schema\/person\/image\/\",\"url\":\"https:\/\/secure.gravatar.com\/avatar\/edf1ea2cc01841e6c0b49384bcb1385b?s=96&d=mm&r=g\",\"contentUrl\":\"https:\/\/secure.gravatar.com\/avatar\/edf1ea2cc01841e6c0b49384bcb1385b?s=96&d=mm&r=g\",\"caption\":\"Moussa Mo\u00efse K\u00e9ita\"},\"url\":\"https:\/\/guineediversite.com\/index.php\/author\/moussa-moise\/\"}]}<\/script>\n<!-- \/ Yoast SEO plugin. -->","yoast_head_json":{"title":"Affaire Aboubacar Sidiki Mara : le jugement est renvoy\u00e9 pour le 28 mai. | Guin\u00e9e Diversit\u00e9","robots":{"index":"index","follow":"follow","max-snippet":"max-snippet:-1","max-image-preview":"max-image-preview:large","max-video-preview":"max-video-preview:-1"},"canonical":"https:\/\/guineediversite.com\/index.php\/2018\/06\/22\/affaire-aboubacar-sidiki-mara-le-jugement-est-renvoye-pour-le-28-mai\/","og_locale":"fr_FR","og_type":"article","og_title":"Affaire Aboubacar Sidiki Mara : le jugement est renvoy\u00e9 pour le 28 mai. | Guin\u00e9e Diversit\u00e9","og_description":"Il a \u00e9t\u00e9 arr\u00eat\u00e9 dans la nuit du 5 au 6 mai dernier \u00e0 3 heures du matin, pour attroupement illicite et trouble \u00e0 l&rsquo;ordre public. Ses avocats eux, d\u00e9noncent une violation des droits de l&rsquo;homme. Son proc\u00e8s s&rsquo;est ouvert ce jeudi 21 juin au TPI de Dixinn. A cette occasion, Aboubacar Sidiki Mara a [&hellip;]","og_url":"https:\/\/guineediversite.com\/index.php\/2018\/06\/22\/affaire-aboubacar-sidiki-mara-le-jugement-est-renvoye-pour-le-28-mai\/","og_site_name":"Guin\u00e9e Diversit\u00e9","article_publisher":"https:\/\/www.facebook.com\/guineediversite\/","article_published_time":"2018-06-22T09:48:33+00:00","article_modified_time":"2018-06-22T11:41:01+00:00","og_image":[{"width":1862,"height":1024,"url":"https:\/\/guineediversite.com\/wp-content\/uploads\/2018\/06\/IMG_20180621_175537_943-1.jpg","type":"image\/jpeg"}],"author":"Moussa Mo\u00efse K\u00e9ita","twitter_card":"summary_large_image","twitter_creator":"@GuineeDiversite","twitter_site":"@GuineeDiversite","twitter_misc":{"\u00c9crit par":"Moussa Mo\u00efse K\u00e9ita","Dur\u00e9e de lecture estim\u00e9e":"3 minutes"},"schema":{"@context":"https:\/\/schema.org","@graph":[{"@type":"Article","@id":"https:\/\/guineediversite.com\/index.php\/2018\/06\/22\/affaire-aboubacar-sidiki-mara-le-jugement-est-renvoye-pour-le-28-mai\/#article","isPartOf":{"@id":"https:\/\/guineediversite.com\/index.php\/2018\/06\/22\/affaire-aboubacar-sidiki-mara-le-jugement-est-renvoye-pour-le-28-mai\/"},"author":{"name":"Moussa Mo\u00efse K\u00e9ita","@id":"https:\/\/guineediversite.com\/#\/schema\/person\/079ec347f72d2acde4b56a50a4fd46dc"},"headline":"Affaire Aboubacar Sidiki Mara : le jugement est renvoy\u00e9 pour le 28 mai.","datePublished":"2018-06-22T09:48:33+00:00","dateModified":"2018-06-22T11:41:01+00:00","mainEntityOfPage":{"@id":"https:\/\/guineediversite.com\/index.php\/2018\/06\/22\/affaire-aboubacar-sidiki-mara-le-jugement-est-renvoye-pour-le-28-mai\/"},"wordCount":562,"publisher":{"@id":"https:\/\/guineediversite.com\/#organization"},"image":{"@id":"https:\/\/guineediversite.com\/index.php\/2018\/06\/22\/affaire-aboubacar-sidiki-mara-le-jugement-est-renvoye-pour-le-28-mai\/#primaryimage"},"thumbnailUrl":"https:\/\/guineediversite.com\/wp-content\/uploads\/2018\/06\/IMG_20180621_175537_943-1.jpg","articleSection":["Soci\u00e9t\u00e9"],"inLanguage":"fr-FR"},{"@type":"WebPage","@id":"https:\/\/guineediversite.com\/index.php\/2018\/06\/22\/affaire-aboubacar-sidiki-mara-le-jugement-est-renvoye-pour-le-28-mai\/","url":"https:\/\/guineediversite.com\/index.php\/2018\/06\/22\/affaire-aboubacar-sidiki-mara-le-jugement-est-renvoye-pour-le-28-mai\/","name":"Affaire Aboubacar Sidiki Mara : le jugement est renvoy\u00e9 pour le 28 mai. | Guin\u00e9e Diversit\u00e9","isPartOf":{"@id":"https:\/\/guineediversite.com\/#website"},"primaryImageOfPage":{"@id":"https:\/\/guineediversite.com\/index.php\/2018\/06\/22\/affaire-aboubacar-sidiki-mara-le-jugement-est-renvoye-pour-le-28-mai\/#primaryimage"},"image":{"@id":"https:\/\/guineediversite.com\/index.php\/2018\/06\/22\/affaire-aboubacar-sidiki-mara-le-jugement-est-renvoye-pour-le-28-mai\/#primaryimage"},"thumbnailUrl":"https:\/\/guineediversite.com\/wp-content\/uploads\/2018\/06\/IMG_20180621_175537_943-1.jpg","datePublished":"2018-06-22T09:48:33+00:00","dateModified":"2018-06-22T11:41:01+00:00","breadcrumb":{"@id":"https:\/\/guineediversite.com\/index.php\/2018\/06\/22\/affaire-aboubacar-sidiki-mara-le-jugement-est-renvoye-pour-le-28-mai\/#breadcrumb"},"inLanguage":"fr-FR","potentialAction":[{"@type":"ReadAction","target":["https:\/\/guineediversite.com\/index.php\/2018\/06\/22\/affaire-aboubacar-sidiki-mara-le-jugement-est-renvoye-pour-le-28-mai\/"]}]},{"@type":"ImageObject","inLanguage":"fr-FR","@id":"https:\/\/guineediversite.com\/index.php\/2018\/06\/22\/affaire-aboubacar-sidiki-mara-le-jugement-est-renvoye-pour-le-28-mai\/#primaryimage","url":"https:\/\/guineediversite.com\/wp-content\/uploads\/2018\/06\/IMG_20180621_175537_943-1.jpg","contentUrl":"https:\/\/guineediversite.com\/wp-content\/uploads\/2018\/06\/IMG_20180621_175537_943-1.jpg","width":"1862","height":"1024"},{"@type":"BreadcrumbList","@id":"https:\/\/guineediversite.com\/index.php\/2018\/06\/22\/affaire-aboubacar-sidiki-mara-le-jugement-est-renvoye-pour-le-28-mai\/#breadcrumb","itemListElement":[{"@type":"ListItem","position":1,"name":"Accueil","item":"https:\/\/guineediversite.com\/"},{"@type":"ListItem","position":2,"name":"Affaire Aboubacar Sidiki Mara : le jugement est renvoy\u00e9 pour le 28 mai."}]},{"@type":"WebSite","@id":"https:\/\/guineediversite.com\/#website","url":"https:\/\/guineediversite.com\/","name":"Guin\u00e9e Diversit\u00e9","description":"L&#039;Info dans toute sa diversit\u00e9","publisher":{"@id":"https:\/\/guineediversite.com\/#organization"},"potentialAction":[{"@type":"SearchAction","target":{"@type":"EntryPoint","urlTemplate":"https:\/\/guineediversite.com\/?s={search_term_string}"},"query-input":{"@type":"PropertyValueSpecification","valueRequired":true,"valueName":"search_term_string"}}],"inLanguage":"fr-FR"},{"@type":"Organization","@id":"https:\/\/guineediversite.com\/#organization","name":"Guin\u00e9e Diversit\u00e9","url":"https:\/\/guineediversite.com\/","logo":{"@type":"ImageObject","inLanguage":"fr-FR","@id":"https:\/\/guineediversite.com\/#\/schema\/logo\/image\/","url":"https:\/\/guineediversite.com\/wp-content\/uploads\/2017\/04\/cropped-1jojlxEOMkX9Wyqfhe43D6kjPOGqBBKmx3EwWJqZ0cMrFF54yM49.png","contentUrl":"https:\/\/guineediversite.com\/wp-content\/uploads\/2017\/04\/cropped-1jojlxEOMkX9Wyqfhe43D6kjPOGqBBKmx3EwWJqZ0cMrFF54yM49.png","width":186,"height":112,"caption":"Guin\u00e9e Diversit\u00e9"},"image":{"@id":"https:\/\/guineediversite.com\/#\/schema\/logo\/image\/"},"sameAs":["https:\/\/www.facebook.com\/guineediversite\/","https:\/\/x.com\/GuineeDiversite","https:\/\/www.youtube.com\/channel\/UC8sUY16qelG5ge6_D5SB83g"]},{"@type":"Person","@id":"https:\/\/guineediversite.com\/#\/schema\/person\/079ec347f72d2acde4b56a50a4fd46dc","name":"Moussa Mo\u00efse K\u00e9ita","image":{"@type":"ImageObject","inLanguage":"fr-FR","@id":"https:\/\/guineediversite.com\/#\/schema\/person\/image\/","url":"https:\/\/secure.gravatar.com\/avatar\/edf1ea2cc01841e6c0b49384bcb1385b?s=96&d=mm&r=g","contentUrl":"https:\/\/secure.gravatar.com\/avatar\/edf1ea2cc01841e6c0b49384bcb1385b?s=96&d=mm&r=g","caption":"Moussa Mo\u00efse K\u00e9ita"},"url":"https:\/\/guineediversite.com\/index.php\/author\/moussa-moise\/"}]}},"_links":{"self":[{"href":"https:\/\/guineediversite.com\/index.php\/wp-json\/wp\/v2\/posts\/25712"}],"collection":[{"href":"https:\/\/guineediversite.com\/index.php\/wp-json\/wp\/v2\/posts"}],"about":[{"href":"https:\/\/guineediversite.com\/index.php\/wp-json\/wp\/v2\/types\/post"}],"author":[{"embeddable":true,"href":"https:\/\/guineediversite.com\/index.php\/wp-json\/wp\/v2\/users\/16"}],"replies":[{"embeddable":true,"href":"https:\/\/guineediversite.com\/index.php\/wp-json\/wp\/v2\/comments?post=25712"}],"version-history":[{"count":0,"href":"https:\/\/guineediversite.com\/index.php\/wp-json\/wp\/v2\/posts\/25712\/revisions"}],"wp:featuredmedia":[{"embeddable":true,"href":"https:\/\/guineediversite.com\/index.php\/wp-json\/wp\/v2\/media\/25713"}],"wp:attachment":[{"href":"https:\/\/guineediversite.com\/index.php\/wp-json\/wp\/v2\/media?parent=25712"}],"wp:term":[{"taxonomy":"category","embeddable":true,"href":"https:\/\/guineediversite.com\/index.php\/wp-json\/wp\/v2\/categories?post=25712"},{"taxonomy":"post_tag","embeddable":true,"href":"https:\/\/guineediversite.com\/index.php\/wp-json\/wp\/v2\/tags?post=25712"}],"curies":[{"name":"wp","href":"https:\/\/api.w.org\/{rel}","templated":true}]}}