{"id":25702,"date":"2018-06-21T19:59:24","date_gmt":"2018-06-21T17:59:24","guid":{"rendered":"https:\/\/guineediversite.com\/?p=25702"},"modified":"2018-06-21T19:59:24","modified_gmt":"2018-06-21T17:59:24","slug":"guinee-le-gouvernement-lance-les-nouveaux-registres-securises-detat-civil","status":"publish","type":"post","link":"https:\/\/guineediversite.com\/index.php\/2018\/06\/21\/guinee-le-gouvernement-lance-les-nouveaux-registres-securises-detat-civil\/","title":{"rendered":"Guin\u00e9e\/Le gouvernement lance les nouveaux registres s\u00e9curis\u00e9s d\u2019\u00e9tat -civil"},"content":{"rendered":"<p>Moins de trois mois apr\u00e8s la remise officielle au Gouvernement Guin\u00e9en de la Strat\u00e9gie Nationale de R\u00e9forme et de Modernisation de l\u2019Etat Civil en Guin\u00e9e, le Ministre de l\u2019Administration du Territoire et de la D\u00e9centralisation a proc\u00e9d\u00e9 ce jour, au lancement officiel des registres s\u00e9curis\u00e9s d\u2019\u00e9tat civil en R\u00e9publique de Guin\u00e9e. La c\u00e9r\u00e9monie de lancement des registres s\u00e9curis\u00e9s a connu la pr\u00e9sence de Dr Guy Yogo Repr\u00e9sentant Adjoint de l\u2019UNICEF en Guin\u00e9e et des cadres du minist\u00e8re de l\u2019Administration du Territoire et de la D\u00e9centralisation.<\/p>\n<p>&nbsp;<\/p>\n<p>Le Gouvernement Guin\u00e9en entend faire du syst\u00e8me\u00a0d\u2019\u00e9tat\u00a0civil\u00a0une institution moderne, int\u00e9gr\u00e9e et performante pour l\u2019enregistrement effectif des faits\u00a0d\u2019\u00e9tat\u00a0civil\u00a0et\u00a0d\u2019\u00e9tablissement des statistiques vitales conform\u00e9ment aux normes et standards internationaux et au service du\u00a0d\u00e9veloppement national. L\u2019officialisation de ces registres s\u00e9curis\u00e9s d\u2019\u00e9tat civil qui rentreront en vigueur \u00e0 partir du 1<sup>er<\/sup>\u00a0juillet prochain, vont\u00a0permettre \u00e0 l\u2019\u00e9quipe gouvernementale de promouvoir et garantir un syst\u00e8me efficace et accessible\u00a0d\u2019enregistrement des faits\u00a0d\u2019\u00e9tat\u00a0civil\u00a0fond\u00e9 sur les principes directeurs des syst\u00e8mes\u00a0d\u2019enregistrement des\u00a0actes\u00a0d\u2019\u00e9tat\u00a0civil\u00a0\u00e9nonc\u00e9s par les Nations-Unies. Cette\u00a0d\u00e9marche devrait permettre de faciliter l\u2019enregistrement syst\u00e9matique de tous les \u00e9v\u00e9nements, notamment les naissances, les mariages et\u00a0d\u00e9c\u00e8s.<\/p>\n<p>&nbsp;<\/p>\n<p>Ces registres s\u00e9curis\u00e9s d\u2019\u00e9tat civil\u00a0dont le lancement a \u00e9t\u00e9 fait par le Ministre Bour\u00e9ma Cond\u00e9, vont d\u00e9sormais am\u00e9liorer l\u2019enregistrement des faits\u00a0d\u2019\u00e9tat\u00a0civil. Le quel se\u00a0d\u00e9finit comme \u00e9tant une inscription continue, permanente, obligatoire et universelle de l\u2019existence et des caract\u00e9ristiques des faits\u00a0d\u2019\u00e9tat\u00a0civil\u00a0relatifs \u00e0 la population. Et ce, conform\u00e9ment aux dispositions l\u00e9gislatives et r\u00e9glementaires de chaque pays.<\/p>\n<p>&nbsp;<\/p>\n<p>Pour le Repr\u00e9sentant Adjoint de l\u2019UNICEF, ces\u00a0documents s\u00e9curis\u00e9s d\u2019\u00e9tat civil constituent\u00a0\u00a0la base de toute politique favorisant le respect des droits de l\u2019homme. Il est par cons\u00e9quent selon Dr Guy Yago, un outil pr\u00e9cieux pour garantir les droits des personnes afin de donner corps \u00e0 la\u00a0d\u00e9mocratie et contribuer \u00e0 produire des indicateurs\u00a0socio-d\u00e9mographiques\u00a0importants pour la planification du\u00a0d\u00e9veloppement.<\/p>\n<p>&nbsp;<\/p>\n<p>Pour sa part, le Ministre de l\u2019Administration du Territoire et de la D\u00e9centralisation dira clairement que l\u2019\u00e9tat\u00a0civil\u00a0assure au moins deux fonctions essentielles \u00e0 savoir\u00a0: une fonction primaire qui permet\u00a0d\u2019\u00e9tablir les documents requis par la loi et qui aide \u00e0 prouver l\u2019identit\u00e9 des personnes, mais aussi la fonction secondaire qui est une source des statistiques vitales et qui aide \u00e0 produire des indicateurs\u00a0socio-d\u00e9mographiques.<\/p>\n<p>&nbsp;<\/p>\n<p>Poursuivant, le Ministre Bour\u00e9ma Cond\u00e9 a affirm\u00e9 que ces nouveaux registres qui rentreront en vigueur le 1<sup>er<\/sup>\u00a0juillet prochain, comportent de nombreux \u00e9l\u00e9ments de s\u00e9curit\u00e9 \u00e0 l\u2019instar des billets de banque. Il s\u2019agit d\u2019actes infalsifiables qui d\u00e9fient toutes actions de faussaires, permettant aussi d\u2019am\u00e9liorer la fiabilit\u00e9 des documents d\u2019identit\u00e9 pr\u00e9cise-t-il.<\/p>\n<p>Pour finir, le ministre de l\u2019Administration du Territoire et de la D\u00e9centralisation a exhort\u00e9 les officiers d\u2019\u00e9tat civil de la R\u00e9publique de Guin\u00e9e, \u00e0 utiliser uniquement ces nouveaux registres s\u00e9curit\u00e9s et, d\u00e8s le 1<sup>er<\/sup>\u00a0juillet 2018. A partir de cette date butoir, les feuillets des anciens registres seront consid\u00e9r\u00e9s nuls et de nul effet et devront \u00eatre totalement retir\u00e9s du circuit de d\u00e9livrance des documents d\u2019\u00e9tat civil, par la Direction Nationale de l\u2019Etat-civil a-t-il conclu.<\/p>\n<p><strong>La Cellule de Communication du Gouvernement<\/strong><strong>\u00a0<\/strong><\/p>\n<p>&nbsp;<\/p>\n","protected":false},"excerpt":{"rendered":"<p>Moins de trois mois apr\u00e8s la remise officielle au Gouvernement Guin\u00e9en de la Strat\u00e9gie Nationale de R\u00e9forme et de Modernisation de l\u2019Etat Civil en Guin\u00e9e, le Ministre de l\u2019Administration du Territoire et de la D\u00e9centralisation a proc\u00e9d\u00e9 ce jour, au lancement officiel des registres s\u00e9curis\u00e9s d\u2019\u00e9tat civil en R\u00e9publique de Guin\u00e9e. La c\u00e9r\u00e9monie de lancement [&hellip;]<\/p>\n","protected":false},"author":12,"featured_media":25703,"comment_status":"closed","ping_status":"closed","sticky":false,"template":"","format":"standard","meta":{"_exactmetrics_skip_tracking":false,"_exactmetrics_sitenote_active":false,"_exactmetrics_sitenote_note":"","_exactmetrics_sitenote_category":0,"tdm_status":"","tdm_grid_status":"","footnotes":""},"categories":[16],"tags":[],"class_list":{"0":"post-25702","1":"post","2":"type-post","3":"status-publish","4":"format-standard","5":"has-post-thumbnail","7":"category-societe"},"yoast_head":"<!-- This site is optimized with the Yoast SEO plugin v24.2 - https:\/\/yoast.com\/wordpress\/plugins\/seo\/ -->\n<title>Guin\u00e9e\/Le gouvernement lance les nouveaux registres s\u00e9curis\u00e9s d\u2019\u00e9tat -civil | Guin\u00e9e Diversit\u00e9<\/title>\n<meta name=\"robots\" content=\"index, follow, max-snippet:-1, max-image-preview:large, max-video-preview:-1\" \/>\n<link rel=\"canonical\" href=\"https:\/\/guineediversite.com\/index.php\/2018\/06\/21\/guinee-le-gouvernement-lance-les-nouveaux-registres-securises-detat-civil\/\" \/>\n<meta property=\"og:locale\" content=\"fr_FR\" \/>\n<meta property=\"og:type\" content=\"article\" \/>\n<meta property=\"og:title\" content=\"Guin\u00e9e\/Le gouvernement lance les nouveaux registres s\u00e9curis\u00e9s d\u2019\u00e9tat -civil | Guin\u00e9e Diversit\u00e9\" \/>\n<meta property=\"og:description\" content=\"Moins de trois mois apr\u00e8s la remise officielle au Gouvernement Guin\u00e9en de la Strat\u00e9gie Nationale de R\u00e9forme et de Modernisation de l\u2019Etat Civil en Guin\u00e9e, le Ministre de l\u2019Administration du Territoire et de la D\u00e9centralisation a proc\u00e9d\u00e9 ce jour, au lancement officiel des registres s\u00e9curis\u00e9s d\u2019\u00e9tat civil en R\u00e9publique de Guin\u00e9e. La c\u00e9r\u00e9monie de lancement [&hellip;]\" \/>\n<meta property=\"og:url\" content=\"https:\/\/guineediversite.com\/index.php\/2018\/06\/21\/guinee-le-gouvernement-lance-les-nouveaux-registres-securises-detat-civil\/\" \/>\n<meta property=\"og:site_name\" content=\"Guin\u00e9e Diversit\u00e9\" \/>\n<meta property=\"article:publisher\" content=\"https:\/\/www.facebook.com\/guineediversite\/\" \/>\n<meta property=\"article:published_time\" content=\"2018-06-21T17:59:24+00:00\" \/>\n<meta property=\"og:image\" content=\"https:\/\/guineediversite.com\/wp-content\/uploads\/2018\/06\/lancement-officiel-du-projet-cihg-29-05-2018.jpg\" \/>\n\t<meta property=\"og:image:width\" content=\"2300\" \/>\n\t<meta property=\"og:image:height\" content=\"1018\" \/>\n\t<meta property=\"og:image:type\" content=\"image\/jpeg\" \/>\n<meta name=\"author\" content=\"Guin\u00e9e Diversit\u00e9\" \/>\n<meta name=\"twitter:card\" content=\"summary_large_image\" \/>\n<meta name=\"twitter:creator\" content=\"@GuineeDiversite\" \/>\n<meta name=\"twitter:site\" content=\"@GuineeDiversite\" \/>\n<meta name=\"twitter:label1\" content=\"\u00c9crit par\" \/>\n\t<meta name=\"twitter:data1\" content=\"Guin\u00e9e Diversit\u00e9\" \/>\n\t<meta name=\"twitter:label2\" content=\"Dur\u00e9e de lecture estim\u00e9e\" \/>\n\t<meta name=\"twitter:data2\" content=\"3 minutes\" \/>\n<script type=\"application\/ld+json\" class=\"yoast-schema-graph\">{\"@context\":\"https:\/\/schema.org\",\"@graph\":[{\"@type\":\"Article\",\"@id\":\"https:\/\/guineediversite.com\/index.php\/2018\/06\/21\/guinee-le-gouvernement-lance-les-nouveaux-registres-securises-detat-civil\/#article\",\"isPartOf\":{\"@id\":\"https:\/\/guineediversite.com\/index.php\/2018\/06\/21\/guinee-le-gouvernement-lance-les-nouveaux-registres-securises-detat-civil\/\"},\"author\":{\"name\":\"Guin\u00e9e Diversit\u00e9\",\"@id\":\"https:\/\/guineediversite.com\/#\/schema\/person\/afa08fb34e7fc6e1feafc892612bc836\"},\"headline\":\"Guin\u00e9e\/Le gouvernement lance les nouveaux registres s\u00e9curis\u00e9s d\u2019\u00e9tat -civil\",\"datePublished\":\"2018-06-21T17:59:24+00:00\",\"dateModified\":\"2018-06-21T17:59:24+00:00\",\"mainEntityOfPage\":{\"@id\":\"https:\/\/guineediversite.com\/index.php\/2018\/06\/21\/guinee-le-gouvernement-lance-les-nouveaux-registres-securises-detat-civil\/\"},\"wordCount\":633,\"publisher\":{\"@id\":\"https:\/\/guineediversite.com\/#organization\"},\"image\":{\"@id\":\"https:\/\/guineediversite.com\/index.php\/2018\/06\/21\/guinee-le-gouvernement-lance-les-nouveaux-registres-securises-detat-civil\/#primaryimage\"},\"thumbnailUrl\":\"https:\/\/guineediversite.com\/wp-content\/uploads\/2018\/06\/lancement-officiel-du-projet-cihg-29-05-2018.jpg\",\"articleSection\":[\"Soci\u00e9t\u00e9\"],\"inLanguage\":\"fr-FR\"},{\"@type\":\"WebPage\",\"@id\":\"https:\/\/guineediversite.com\/index.php\/2018\/06\/21\/guinee-le-gouvernement-lance-les-nouveaux-registres-securises-detat-civil\/\",\"url\":\"https:\/\/guineediversite.com\/index.php\/2018\/06\/21\/guinee-le-gouvernement-lance-les-nouveaux-registres-securises-detat-civil\/\",\"name\":\"Guin\u00e9e\/Le gouvernement lance les nouveaux registres s\u00e9curis\u00e9s d\u2019\u00e9tat -civil | Guin\u00e9e Diversit\u00e9\",\"isPartOf\":{\"@id\":\"https:\/\/guineediversite.com\/#website\"},\"primaryImageOfPage\":{\"@id\":\"https:\/\/guineediversite.com\/index.php\/2018\/06\/21\/guinee-le-gouvernement-lance-les-nouveaux-registres-securises-detat-civil\/#primaryimage\"},\"image\":{\"@id\":\"https:\/\/guineediversite.com\/index.php\/2018\/06\/21\/guinee-le-gouvernement-lance-les-nouveaux-registres-securises-detat-civil\/#primaryimage\"},\"thumbnailUrl\":\"https:\/\/guineediversite.com\/wp-content\/uploads\/2018\/06\/lancement-officiel-du-projet-cihg-29-05-2018.jpg\",\"datePublished\":\"2018-06-21T17:59:24+00:00\",\"dateModified\":\"2018-06-21T17:59:24+00:00\",\"breadcrumb\":{\"@id\":\"https:\/\/guineediversite.com\/index.php\/2018\/06\/21\/guinee-le-gouvernement-lance-les-nouveaux-registres-securises-detat-civil\/#breadcrumb\"},\"inLanguage\":\"fr-FR\",\"potentialAction\":[{\"@type\":\"ReadAction\",\"target\":[\"https:\/\/guineediversite.com\/index.php\/2018\/06\/21\/guinee-le-gouvernement-lance-les-nouveaux-registres-securises-detat-civil\/\"]}]},{\"@type\":\"ImageObject\",\"inLanguage\":\"fr-FR\",\"@id\":\"https:\/\/guineediversite.com\/index.php\/2018\/06\/21\/guinee-le-gouvernement-lance-les-nouveaux-registres-securises-detat-civil\/#primaryimage\",\"url\":\"https:\/\/guineediversite.com\/wp-content\/uploads\/2018\/06\/lancement-officiel-du-projet-cihg-29-05-2018.jpg\",\"contentUrl\":\"https:\/\/guineediversite.com\/wp-content\/uploads\/2018\/06\/lancement-officiel-du-projet-cihg-29-05-2018.jpg\",\"width\":\"2300\",\"height\":\"1018\"},{\"@type\":\"BreadcrumbList\",\"@id\":\"https:\/\/guineediversite.com\/index.php\/2018\/06\/21\/guinee-le-gouvernement-lance-les-nouveaux-registres-securises-detat-civil\/#breadcrumb\",\"itemListElement\":[{\"@type\":\"ListItem\",\"position\":1,\"name\":\"Accueil\",\"item\":\"https:\/\/guineediversite.com\/\"},{\"@type\":\"ListItem\",\"position\":2,\"name\":\"Guin\u00e9e\/Le gouvernement lance les nouveaux registres s\u00e9curis\u00e9s d\u2019\u00e9tat -civil\"}]},{\"@type\":\"WebSite\",\"@id\":\"https:\/\/guineediversite.com\/#website\",\"url\":\"https:\/\/guineediversite.com\/\",\"name\":\"Guin\u00e9e Diversit\u00e9\",\"description\":\"L&#039;Info dans toute sa diversit\u00e9\",\"publisher\":{\"@id\":\"https:\/\/guineediversite.com\/#organization\"},\"potentialAction\":[{\"@type\":\"SearchAction\",\"target\":{\"@type\":\"EntryPoint\",\"urlTemplate\":\"https:\/\/guineediversite.com\/?s={search_term_string}\"},\"query-input\":{\"@type\":\"PropertyValueSpecification\",\"valueRequired\":true,\"valueName\":\"search_term_string\"}}],\"inLanguage\":\"fr-FR\"},{\"@type\":\"Organization\",\"@id\":\"https:\/\/guineediversite.com\/#organization\",\"name\":\"Guin\u00e9e Diversit\u00e9\",\"url\":\"https:\/\/guineediversite.com\/\",\"logo\":{\"@type\":\"ImageObject\",\"inLanguage\":\"fr-FR\",\"@id\":\"https:\/\/guineediversite.com\/#\/schema\/logo\/image\/\",\"url\":\"https:\/\/guineediversite.com\/wp-content\/uploads\/2017\/04\/cropped-1jojlxEOMkX9Wyqfhe43D6kjPOGqBBKmx3EwWJqZ0cMrFF54yM49.png\",\"contentUrl\":\"https:\/\/guineediversite.com\/wp-content\/uploads\/2017\/04\/cropped-1jojlxEOMkX9Wyqfhe43D6kjPOGqBBKmx3EwWJqZ0cMrFF54yM49.png\",\"width\":186,\"height\":112,\"caption\":\"Guin\u00e9e Diversit\u00e9\"},\"image\":{\"@id\":\"https:\/\/guineediversite.com\/#\/schema\/logo\/image\/\"},\"sameAs\":[\"https:\/\/www.facebook.com\/guineediversite\/\",\"https:\/\/x.com\/GuineeDiversite\",\"https:\/\/www.youtube.com\/channel\/UC8sUY16qelG5ge6_D5SB83g\"]},{\"@type\":\"Person\",\"@id\":\"https:\/\/guineediversite.com\/#\/schema\/person\/afa08fb34e7fc6e1feafc892612bc836\",\"name\":\"Guin\u00e9e Diversit\u00e9\",\"image\":{\"@type\":\"ImageObject\",\"inLanguage\":\"fr-FR\",\"@id\":\"https:\/\/guineediversite.com\/#\/schema\/person\/image\/\",\"url\":\"https:\/\/secure.gravatar.com\/avatar\/50d5eb5b390f8b65ac30ac6f898eb83a?s=96&d=mm&r=g\",\"contentUrl\":\"https:\/\/secure.gravatar.com\/avatar\/50d5eb5b390f8b65ac30ac6f898eb83a?s=96&d=mm&r=g\",\"caption\":\"Guin\u00e9e Diversit\u00e9\"},\"url\":\"https:\/\/guineediversite.com\/index.php\/author\/guineediversite\/\"}]}<\/script>\n<!-- \/ Yoast SEO plugin. -->","yoast_head_json":{"title":"Guin\u00e9e\/Le gouvernement lance les nouveaux registres s\u00e9curis\u00e9s d\u2019\u00e9tat -civil | Guin\u00e9e Diversit\u00e9","robots":{"index":"index","follow":"follow","max-snippet":"max-snippet:-1","max-image-preview":"max-image-preview:large","max-video-preview":"max-video-preview:-1"},"canonical":"https:\/\/guineediversite.com\/index.php\/2018\/06\/21\/guinee-le-gouvernement-lance-les-nouveaux-registres-securises-detat-civil\/","og_locale":"fr_FR","og_type":"article","og_title":"Guin\u00e9e\/Le gouvernement lance les nouveaux registres s\u00e9curis\u00e9s d\u2019\u00e9tat -civil | Guin\u00e9e Diversit\u00e9","og_description":"Moins de trois mois apr\u00e8s la remise officielle au Gouvernement Guin\u00e9en de la Strat\u00e9gie Nationale de R\u00e9forme et de Modernisation de l\u2019Etat Civil en Guin\u00e9e, le Ministre de l\u2019Administration du Territoire et de la D\u00e9centralisation a proc\u00e9d\u00e9 ce jour, au lancement officiel des registres s\u00e9curis\u00e9s d\u2019\u00e9tat civil en R\u00e9publique de Guin\u00e9e. La c\u00e9r\u00e9monie de lancement [&hellip;]","og_url":"https:\/\/guineediversite.com\/index.php\/2018\/06\/21\/guinee-le-gouvernement-lance-les-nouveaux-registres-securises-detat-civil\/","og_site_name":"Guin\u00e9e Diversit\u00e9","article_publisher":"https:\/\/www.facebook.com\/guineediversite\/","article_published_time":"2018-06-21T17:59:24+00:00","og_image":[{"width":2300,"height":1018,"url":"https:\/\/guineediversite.com\/wp-content\/uploads\/2018\/06\/lancement-officiel-du-projet-cihg-29-05-2018.jpg","type":"image\/jpeg"}],"author":"Guin\u00e9e Diversit\u00e9","twitter_card":"summary_large_image","twitter_creator":"@GuineeDiversite","twitter_site":"@GuineeDiversite","twitter_misc":{"\u00c9crit par":"Guin\u00e9e Diversit\u00e9","Dur\u00e9e de lecture estim\u00e9e":"3 minutes"},"schema":{"@context":"https:\/\/schema.org","@graph":[{"@type":"Article","@id":"https:\/\/guineediversite.com\/index.php\/2018\/06\/21\/guinee-le-gouvernement-lance-les-nouveaux-registres-securises-detat-civil\/#article","isPartOf":{"@id":"https:\/\/guineediversite.com\/index.php\/2018\/06\/21\/guinee-le-gouvernement-lance-les-nouveaux-registres-securises-detat-civil\/"},"author":{"name":"Guin\u00e9e Diversit\u00e9","@id":"https:\/\/guineediversite.com\/#\/schema\/person\/afa08fb34e7fc6e1feafc892612bc836"},"headline":"Guin\u00e9e\/Le gouvernement lance les nouveaux registres s\u00e9curis\u00e9s d\u2019\u00e9tat -civil","datePublished":"2018-06-21T17:59:24+00:00","dateModified":"2018-06-21T17:59:24+00:00","mainEntityOfPage":{"@id":"https:\/\/guineediversite.com\/index.php\/2018\/06\/21\/guinee-le-gouvernement-lance-les-nouveaux-registres-securises-detat-civil\/"},"wordCount":633,"publisher":{"@id":"https:\/\/guineediversite.com\/#organization"},"image":{"@id":"https:\/\/guineediversite.com\/index.php\/2018\/06\/21\/guinee-le-gouvernement-lance-les-nouveaux-registres-securises-detat-civil\/#primaryimage"},"thumbnailUrl":"https:\/\/guineediversite.com\/wp-content\/uploads\/2018\/06\/lancement-officiel-du-projet-cihg-29-05-2018.jpg","articleSection":["Soci\u00e9t\u00e9"],"inLanguage":"fr-FR"},{"@type":"WebPage","@id":"https:\/\/guineediversite.com\/index.php\/2018\/06\/21\/guinee-le-gouvernement-lance-les-nouveaux-registres-securises-detat-civil\/","url":"https:\/\/guineediversite.com\/index.php\/2018\/06\/21\/guinee-le-gouvernement-lance-les-nouveaux-registres-securises-detat-civil\/","name":"Guin\u00e9e\/Le gouvernement lance les nouveaux registres s\u00e9curis\u00e9s d\u2019\u00e9tat -civil | Guin\u00e9e Diversit\u00e9","isPartOf":{"@id":"https:\/\/guineediversite.com\/#website"},"primaryImageOfPage":{"@id":"https:\/\/guineediversite.com\/index.php\/2018\/06\/21\/guinee-le-gouvernement-lance-les-nouveaux-registres-securises-detat-civil\/#primaryimage"},"image":{"@id":"https:\/\/guineediversite.com\/index.php\/2018\/06\/21\/guinee-le-gouvernement-lance-les-nouveaux-registres-securises-detat-civil\/#primaryimage"},"thumbnailUrl":"https:\/\/guineediversite.com\/wp-content\/uploads\/2018\/06\/lancement-officiel-du-projet-cihg-29-05-2018.jpg","datePublished":"2018-06-21T17:59:24+00:00","dateModified":"2018-06-21T17:59:24+00:00","breadcrumb":{"@id":"https:\/\/guineediversite.com\/index.php\/2018\/06\/21\/guinee-le-gouvernement-lance-les-nouveaux-registres-securises-detat-civil\/#breadcrumb"},"inLanguage":"fr-FR","potentialAction":[{"@type":"ReadAction","target":["https:\/\/guineediversite.com\/index.php\/2018\/06\/21\/guinee-le-gouvernement-lance-les-nouveaux-registres-securises-detat-civil\/"]}]},{"@type":"ImageObject","inLanguage":"fr-FR","@id":"https:\/\/guineediversite.com\/index.php\/2018\/06\/21\/guinee-le-gouvernement-lance-les-nouveaux-registres-securises-detat-civil\/#primaryimage","url":"https:\/\/guineediversite.com\/wp-content\/uploads\/2018\/06\/lancement-officiel-du-projet-cihg-29-05-2018.jpg","contentUrl":"https:\/\/guineediversite.com\/wp-content\/uploads\/2018\/06\/lancement-officiel-du-projet-cihg-29-05-2018.jpg","width":"2300","height":"1018"},{"@type":"BreadcrumbList","@id":"https:\/\/guineediversite.com\/index.php\/2018\/06\/21\/guinee-le-gouvernement-lance-les-nouveaux-registres-securises-detat-civil\/#breadcrumb","itemListElement":[{"@type":"ListItem","position":1,"name":"Accueil","item":"https:\/\/guineediversite.com\/"},{"@type":"ListItem","position":2,"name":"Guin\u00e9e\/Le gouvernement lance les nouveaux registres s\u00e9curis\u00e9s d\u2019\u00e9tat -civil"}]},{"@type":"WebSite","@id":"https:\/\/guineediversite.com\/#website","url":"https:\/\/guineediversite.com\/","name":"Guin\u00e9e Diversit\u00e9","description":"L&#039;Info dans toute sa diversit\u00e9","publisher":{"@id":"https:\/\/guineediversite.com\/#organization"},"potentialAction":[{"@type":"SearchAction","target":{"@type":"EntryPoint","urlTemplate":"https:\/\/guineediversite.com\/?s={search_term_string}"},"query-input":{"@type":"PropertyValueSpecification","valueRequired":true,"valueName":"search_term_string"}}],"inLanguage":"fr-FR"},{"@type":"Organization","@id":"https:\/\/guineediversite.com\/#organization","name":"Guin\u00e9e Diversit\u00e9","url":"https:\/\/guineediversite.com\/","logo":{"@type":"ImageObject","inLanguage":"fr-FR","@id":"https:\/\/guineediversite.com\/#\/schema\/logo\/image\/","url":"https:\/\/guineediversite.com\/wp-content\/uploads\/2017\/04\/cropped-1jojlxEOMkX9Wyqfhe43D6kjPOGqBBKmx3EwWJqZ0cMrFF54yM49.png","contentUrl":"https:\/\/guineediversite.com\/wp-content\/uploads\/2017\/04\/cropped-1jojlxEOMkX9Wyqfhe43D6kjPOGqBBKmx3EwWJqZ0cMrFF54yM49.png","width":186,"height":112,"caption":"Guin\u00e9e Diversit\u00e9"},"image":{"@id":"https:\/\/guineediversite.com\/#\/schema\/logo\/image\/"},"sameAs":["https:\/\/www.facebook.com\/guineediversite\/","https:\/\/x.com\/GuineeDiversite","https:\/\/www.youtube.com\/channel\/UC8sUY16qelG5ge6_D5SB83g"]},{"@type":"Person","@id":"https:\/\/guineediversite.com\/#\/schema\/person\/afa08fb34e7fc6e1feafc892612bc836","name":"Guin\u00e9e Diversit\u00e9","image":{"@type":"ImageObject","inLanguage":"fr-FR","@id":"https:\/\/guineediversite.com\/#\/schema\/person\/image\/","url":"https:\/\/secure.gravatar.com\/avatar\/50d5eb5b390f8b65ac30ac6f898eb83a?s=96&d=mm&r=g","contentUrl":"https:\/\/secure.gravatar.com\/avatar\/50d5eb5b390f8b65ac30ac6f898eb83a?s=96&d=mm&r=g","caption":"Guin\u00e9e Diversit\u00e9"},"url":"https:\/\/guineediversite.com\/index.php\/author\/guineediversite\/"}]}},"_links":{"self":[{"href":"https:\/\/guineediversite.com\/index.php\/wp-json\/wp\/v2\/posts\/25702"}],"collection":[{"href":"https:\/\/guineediversite.com\/index.php\/wp-json\/wp\/v2\/posts"}],"about":[{"href":"https:\/\/guineediversite.com\/index.php\/wp-json\/wp\/v2\/types\/post"}],"author":[{"embeddable":true,"href":"https:\/\/guineediversite.com\/index.php\/wp-json\/wp\/v2\/users\/12"}],"replies":[{"embeddable":true,"href":"https:\/\/guineediversite.com\/index.php\/wp-json\/wp\/v2\/comments?post=25702"}],"version-history":[{"count":0,"href":"https:\/\/guineediversite.com\/index.php\/wp-json\/wp\/v2\/posts\/25702\/revisions"}],"wp:featuredmedia":[{"embeddable":true,"href":"https:\/\/guineediversite.com\/index.php\/wp-json\/wp\/v2\/media\/25703"}],"wp:attachment":[{"href":"https:\/\/guineediversite.com\/index.php\/wp-json\/wp\/v2\/media?parent=25702"}],"wp:term":[{"taxonomy":"category","embeddable":true,"href":"https:\/\/guineediversite.com\/index.php\/wp-json\/wp\/v2\/categories?post=25702"},{"taxonomy":"post_tag","embeddable":true,"href":"https:\/\/guineediversite.com\/index.php\/wp-json\/wp\/v2\/tags?post=25702"}],"curies":[{"name":"wp","href":"https:\/\/api.w.org\/{rel}","templated":true}]}}