{"id":25699,"date":"2018-06-21T19:46:48","date_gmt":"2018-06-21T17:46:48","guid":{"rendered":"https:\/\/guineediversite.com\/?p=25699"},"modified":"2018-06-21T19:46:48","modified_gmt":"2018-06-21T17:46:48","slug":"guinee-fria-le-president-alpha-conde-relance-les-activites-de-production-de-lusine","status":"publish","type":"post","link":"https:\/\/guineediversite.com\/index.php\/2018\/06\/21\/guinee-fria-le-president-alpha-conde-relance-les-activites-de-production-de-lusine\/","title":{"rendered":"Guin\u00e9e\/Fria : Le Pr\u00e9sident Alpha Cond\u00e9 relance les activit\u00e9s de production de l\u2019Usine"},"content":{"rendered":"<p>Les populations de Fria, ville de 80.000 habitants situ\u00e9e \u00e0 160 kilom\u00e8tres de la capitale Conakry, \u00e9taient massivement mobilis\u00e9es, ce mercredi 20 juin 2018, pour accueillir le Pr\u00e9sident de la R\u00e9publique, le Pr. Alpha Cond\u00e9, venu relancer les activit\u00e9s de production de l\u2019usine d\u2019alumine apr\u00e8s 6 ans d\u2019arr\u00eat. L\u2019usine qui va contribuer \u00e0 l\u2019essor \u00e9conomique de cette pr\u00e9fecture a une capacit\u00e9 de 650.000 tonnes d\u2019alumine par an.<\/p>\n<p>Un acte que les populations de Sombory ont salu\u00e9 \u00e0 travers des chants et danses ponctu\u00e9s de slogans de reconnaissance et de remerciements au Chef de l\u2019Etat. Peu avant la relance de l\u2019usine, le Chef de l\u2019Etat a eu un long entretien\u00a0 avec les responsables de RUSAL (Ruski Alumina).<\/p>\n<p>C\u2019est dans cette\u00a0 ambiance de f\u00eate que le pr\u00e9fet de Fria,\u00a0 Hadja Gnal\u00e9n Cond\u00e9, a salu\u00e9\u00a0 l\u2019implication personnelle du Pr\u00e9sident de la R\u00e9publique pour la relance de cette usine qui, selon elle, fait des heureux dans la cit\u00e9 de l\u2019alumine. Elle a fait savoir qu\u2019une commission Fria-RUSAL est en place pour veiller \u00e0 l\u2019employabilit\u00e9 des jeunes, au contenu local et la paix dans la pr\u00e9fecture.<\/p>\n<p>Le pr\u00e9fet de Fria a \u00e9galement appr\u00e9ci\u00e9 d\u2019autres actions du Pr. Alpha Cond\u00e9 en faveur de la ville de l\u2019alumine et au nombre desquelles elle a cit\u00e9 la desserte en \u00e9lectricit\u00e9 et en eau potable, l\u2019am\u00e9nagement de plus de 300 hectares de bas-fonds, la cr\u00e9ation de micros-fiances du btype MC2.<\/p>\n<p>Tout en rassurant l\u2019attachement des populations de Fria au programme de soci\u00e9t\u00e9 du Pr. Alpha Cond\u00e9, le pr\u00e9fet Gnal\u00e9n Cond\u00e9 a sollicit\u00e9 la construction d\u2019aires de jeu pour les jeunes.<\/p>\n<p>Une intervention qui a \u00e9t\u00e9 suivie par la remise de cadeaux offerts par les sages et les femmes\u00a0 de la micro-finance de Fria.<\/p>\n<p>Le directeur national des Imp\u00f4ts, Aboubacar Makhissa Camara, natif de Fria, a remerci\u00e9 le Pr\u00e9sident de la R\u00e9publique pour avoir sorti les populations de la localit\u00e9 de la souffrance \u00e0 travers la relance de l\u2019usine et l\u2019\u00e9lectrification de la ville.<\/p>\n<p>Il a pr\u00e9cis\u00e9 que les populations de Fria sont pr\u00eates \u00e0 accompagner le Pr\u00e9sident Alpha Cond\u00e9 dans ses actions de d\u00e9veloppement avant de souhaiter l\u2019appui de ce dernier pour l\u2019emploi des jeunes dans l\u2019usine.<\/p>\n<p>Le Pr\u00e9sident de la R\u00e9publique, pour sa part, a tenu \u00e0 rappeler le comportement quelque peu inappropri\u00e9 du syndicat de l\u2019usine de Fria ayant entrain\u00e9 son arr\u00eat et la souffrance connue par les populations. Il a ainsi indiqu\u00e9 que de tels comportements sont d\u00e9sormais \u00e0 bannir et que \u00ab\u00a0quiconque s\u00e8me la pagaille, en contradiction avec la loi, sera arr\u00eat\u00e9 et puni \u00bb.<\/p>\n<p>Il a \u00e9galement fait savoir aux populations de Fria que l\u2019accord portant sur les 20 milliards de dollars avec la Chine ne peut \u00eatre rembours\u00e9 que par le travail, les soci\u00e9t\u00e9s mini\u00e8res ayant aussi leur r\u00f4le \u00e0 jouer dans cette convention. C\u2019est pourquoi, il a insist\u00e9 et invit\u00e9 RUSAL au travail et au respect strict du contenu local.<\/p>\n<p>D\u00e9j\u00e0, le Pr\u00e9sident de la R\u00e9publique a inform\u00e9 qu\u2019une table ronde se tiendra avec toutes les soci\u00e9t\u00e9s mini\u00e8res afin qu\u2019elles respectent le code minier et le contenu local<\/p>\n<p>S\u2019engageant \u00e0 aider les jeunes et les femmes, le Pr\u00e9sident de la R\u00e9publique a invit\u00e9 les sages de Fria \u00e0 veiller au maintien de la paix dans cette collectivit\u00e9 locale.<\/p>\n<p>Le directeur des op\u00e9rations de RUSAL FRIGUIA, Yakov Itskov, a d\u00e9clar\u00e9 que c\u2019est un effort colossal que la compagnie RUSAL a d\u00e9ploy\u00e9 pour la relance de l\u2019usine avec un co\u00fbt d\u2019investissement de plus de 100 millions de dollars US. Il a pr\u00e9cis\u00e9 que 25% des pi\u00e8ces de l\u2019usine ont \u00e9t\u00e9 chang\u00e9es.<\/p>\n<p>L\u2019ambassadeur de Russie en Guin\u00e9e, Alexandre Brigadz\u00e9, a fait savoir que la compagnie RUSAL et la pr\u00e9fecture de Fria sont li\u00e9es sur plusieurs aspects et que les populations doivent oeuvrer au maintien de ces relations.<\/p>\n<p>Le ministre des Mines et de la G\u00e9ologie, Abdoulaye Magassouba, a clairement fait savoir que la relance de cette usine est le r\u00e9sultat des efforts d\u00e9ploy\u00e9s par le Chef de l\u2019Etat et son homologue russe, Vladimir Pountine, mais aussi de la volont\u00e9 des partenaires de RUSAL de renforcer la coop\u00e9ration avec notre pays. Il n\u2019a pas manqu\u00e9 de dire que l\u2019arr\u00eat de l\u2019usine a eu des cons\u00e9quences f\u00e2cheuses pour les populations de Fria et que sa relance doit servir de le\u00e7on pour faire comprendre qu\u2019aucun investissement n\u2019est possible dans la violence, sans la paix.<\/p>\n<p>Profitant de son s\u00e9jour, le Pr\u00e9sident de la R\u00e9publique s\u2019est rendu \u00e0 la Mosqu\u00e9e centrale de Fria o\u00f9 les sages ont fait des pri\u00e8res et des b\u00e9n\u00e9dictions pour lui et pour le pays.<\/p>\n<p><strong>Le Bureau de Presse de la Pr\u00e9sidence<\/strong><\/p>\n","protected":false},"excerpt":{"rendered":"<p>Les populations de Fria, ville de 80.000 habitants situ\u00e9e \u00e0 160 kilom\u00e8tres de la capitale Conakry, \u00e9taient massivement mobilis\u00e9es, ce mercredi 20 juin 2018, pour accueillir le Pr\u00e9sident de la R\u00e9publique, le Pr. Alpha Cond\u00e9, venu relancer les activit\u00e9s de production de l\u2019usine d\u2019alumine apr\u00e8s 6 ans d\u2019arr\u00eat. L\u2019usine qui va contribuer \u00e0 l\u2019essor \u00e9conomique [&hellip;]<\/p>\n","protected":false},"author":12,"featured_media":25700,"comment_status":"closed","ping_status":"closed","sticky":false,"template":"","format":"standard","meta":{"_exactmetrics_skip_tracking":false,"_exactmetrics_sitenote_active":false,"_exactmetrics_sitenote_note":"","_exactmetrics_sitenote_category":0,"tdm_status":"","tdm_grid_status":"","footnotes":""},"categories":[14],"tags":[],"class_list":{"0":"post-25699","1":"post","2":"type-post","3":"status-publish","4":"format-standard","5":"has-post-thumbnail","7":"category-politique"},"yoast_head":"<!-- This site is optimized with the Yoast SEO plugin v24.2 - https:\/\/yoast.com\/wordpress\/plugins\/seo\/ -->\n<title>Guin\u00e9e\/Fria : Le Pr\u00e9sident Alpha Cond\u00e9 relance les activit\u00e9s de production de l\u2019Usine | Guin\u00e9e Diversit\u00e9<\/title>\n<meta name=\"robots\" content=\"index, follow, max-snippet:-1, max-image-preview:large, max-video-preview:-1\" \/>\n<link rel=\"canonical\" href=\"https:\/\/guineediversite.com\/index.php\/2018\/06\/21\/guinee-fria-le-president-alpha-conde-relance-les-activites-de-production-de-lusine\/\" \/>\n<meta property=\"og:locale\" content=\"fr_FR\" \/>\n<meta property=\"og:type\" content=\"article\" \/>\n<meta property=\"og:title\" content=\"Guin\u00e9e\/Fria : Le Pr\u00e9sident Alpha Cond\u00e9 relance les activit\u00e9s de production de l\u2019Usine | Guin\u00e9e Diversit\u00e9\" \/>\n<meta property=\"og:description\" content=\"Les populations de Fria, ville de 80.000 habitants situ\u00e9e \u00e0 160 kilom\u00e8tres de la capitale Conakry, \u00e9taient massivement mobilis\u00e9es, ce mercredi 20 juin 2018, pour accueillir le Pr\u00e9sident de la R\u00e9publique, le Pr. Alpha Cond\u00e9, venu relancer les activit\u00e9s de production de l\u2019usine d\u2019alumine apr\u00e8s 6 ans d\u2019arr\u00eat. L\u2019usine qui va contribuer \u00e0 l\u2019essor \u00e9conomique [&hellip;]\" \/>\n<meta property=\"og:url\" content=\"https:\/\/guineediversite.com\/index.php\/2018\/06\/21\/guinee-fria-le-president-alpha-conde-relance-les-activites-de-production-de-lusine\/\" \/>\n<meta property=\"og:site_name\" content=\"Guin\u00e9e Diversit\u00e9\" \/>\n<meta property=\"article:publisher\" content=\"https:\/\/www.facebook.com\/guineediversite\/\" \/>\n<meta property=\"article:published_time\" content=\"2018-06-21T17:46:48+00:00\" \/>\n<meta property=\"og:image\" content=\"https:\/\/guineediversite.com\/wp-content\/uploads\/2018\/06\/ALPHA-CONDE-A-Fria-1.jpg\" \/>\n\t<meta property=\"og:image:width\" content=\"1535\" \/>\n\t<meta property=\"og:image:height\" content=\"1024\" \/>\n\t<meta property=\"og:image:type\" content=\"image\/jpeg\" \/>\n<meta name=\"author\" content=\"Guin\u00e9e Diversit\u00e9\" \/>\n<meta name=\"twitter:card\" content=\"summary_large_image\" \/>\n<meta name=\"twitter:creator\" content=\"@GuineeDiversite\" \/>\n<meta name=\"twitter:site\" content=\"@GuineeDiversite\" \/>\n<meta name=\"twitter:label1\" content=\"\u00c9crit par\" \/>\n\t<meta name=\"twitter:data1\" content=\"Guin\u00e9e Diversit\u00e9\" \/>\n\t<meta name=\"twitter:label2\" content=\"Dur\u00e9e de lecture estim\u00e9e\" \/>\n\t<meta name=\"twitter:data2\" content=\"4 minutes\" \/>\n<script type=\"application\/ld+json\" class=\"yoast-schema-graph\">{\"@context\":\"https:\/\/schema.org\",\"@graph\":[{\"@type\":\"Article\",\"@id\":\"https:\/\/guineediversite.com\/index.php\/2018\/06\/21\/guinee-fria-le-president-alpha-conde-relance-les-activites-de-production-de-lusine\/#article\",\"isPartOf\":{\"@id\":\"https:\/\/guineediversite.com\/index.php\/2018\/06\/21\/guinee-fria-le-president-alpha-conde-relance-les-activites-de-production-de-lusine\/\"},\"author\":{\"name\":\"Guin\u00e9e Diversit\u00e9\",\"@id\":\"https:\/\/guineediversite.com\/#\/schema\/person\/afa08fb34e7fc6e1feafc892612bc836\"},\"headline\":\"Guin\u00e9e\/Fria : Le Pr\u00e9sident Alpha Cond\u00e9 relance les activit\u00e9s de production de l\u2019Usine\",\"datePublished\":\"2018-06-21T17:46:48+00:00\",\"dateModified\":\"2018-06-21T17:46:48+00:00\",\"mainEntityOfPage\":{\"@id\":\"https:\/\/guineediversite.com\/index.php\/2018\/06\/21\/guinee-fria-le-president-alpha-conde-relance-les-activites-de-production-de-lusine\/\"},\"wordCount\":867,\"publisher\":{\"@id\":\"https:\/\/guineediversite.com\/#organization\"},\"image\":{\"@id\":\"https:\/\/guineediversite.com\/index.php\/2018\/06\/21\/guinee-fria-le-president-alpha-conde-relance-les-activites-de-production-de-lusine\/#primaryimage\"},\"thumbnailUrl\":\"https:\/\/guineediversite.com\/wp-content\/uploads\/2018\/06\/ALPHA-CONDE-A-Fria-1.jpg\",\"articleSection\":[\"Politique\"],\"inLanguage\":\"fr-FR\"},{\"@type\":\"WebPage\",\"@id\":\"https:\/\/guineediversite.com\/index.php\/2018\/06\/21\/guinee-fria-le-president-alpha-conde-relance-les-activites-de-production-de-lusine\/\",\"url\":\"https:\/\/guineediversite.com\/index.php\/2018\/06\/21\/guinee-fria-le-president-alpha-conde-relance-les-activites-de-production-de-lusine\/\",\"name\":\"Guin\u00e9e\/Fria : Le Pr\u00e9sident Alpha Cond\u00e9 relance les activit\u00e9s de production de l\u2019Usine | Guin\u00e9e Diversit\u00e9\",\"isPartOf\":{\"@id\":\"https:\/\/guineediversite.com\/#website\"},\"primaryImageOfPage\":{\"@id\":\"https:\/\/guineediversite.com\/index.php\/2018\/06\/21\/guinee-fria-le-president-alpha-conde-relance-les-activites-de-production-de-lusine\/#primaryimage\"},\"image\":{\"@id\":\"https:\/\/guineediversite.com\/index.php\/2018\/06\/21\/guinee-fria-le-president-alpha-conde-relance-les-activites-de-production-de-lusine\/#primaryimage\"},\"thumbnailUrl\":\"https:\/\/guineediversite.com\/wp-content\/uploads\/2018\/06\/ALPHA-CONDE-A-Fria-1.jpg\",\"datePublished\":\"2018-06-21T17:46:48+00:00\",\"dateModified\":\"2018-06-21T17:46:48+00:00\",\"breadcrumb\":{\"@id\":\"https:\/\/guineediversite.com\/index.php\/2018\/06\/21\/guinee-fria-le-president-alpha-conde-relance-les-activites-de-production-de-lusine\/#breadcrumb\"},\"inLanguage\":\"fr-FR\",\"potentialAction\":[{\"@type\":\"ReadAction\",\"target\":[\"https:\/\/guineediversite.com\/index.php\/2018\/06\/21\/guinee-fria-le-president-alpha-conde-relance-les-activites-de-production-de-lusine\/\"]}]},{\"@type\":\"ImageObject\",\"inLanguage\":\"fr-FR\",\"@id\":\"https:\/\/guineediversite.com\/index.php\/2018\/06\/21\/guinee-fria-le-president-alpha-conde-relance-les-activites-de-production-de-lusine\/#primaryimage\",\"url\":\"https:\/\/guineediversite.com\/wp-content\/uploads\/2018\/06\/ALPHA-CONDE-A-Fria-1.jpg\",\"contentUrl\":\"https:\/\/guineediversite.com\/wp-content\/uploads\/2018\/06\/ALPHA-CONDE-A-Fria-1.jpg\",\"width\":\"1535\",\"height\":\"1024\"},{\"@type\":\"BreadcrumbList\",\"@id\":\"https:\/\/guineediversite.com\/index.php\/2018\/06\/21\/guinee-fria-le-president-alpha-conde-relance-les-activites-de-production-de-lusine\/#breadcrumb\",\"itemListElement\":[{\"@type\":\"ListItem\",\"position\":1,\"name\":\"Accueil\",\"item\":\"https:\/\/guineediversite.com\/\"},{\"@type\":\"ListItem\",\"position\":2,\"name\":\"Guin\u00e9e\/Fria : Le Pr\u00e9sident Alpha Cond\u00e9 relance les activit\u00e9s de production de l\u2019Usine\"}]},{\"@type\":\"WebSite\",\"@id\":\"https:\/\/guineediversite.com\/#website\",\"url\":\"https:\/\/guineediversite.com\/\",\"name\":\"Guin\u00e9e Diversit\u00e9\",\"description\":\"L&#039;Info dans toute sa diversit\u00e9\",\"publisher\":{\"@id\":\"https:\/\/guineediversite.com\/#organization\"},\"potentialAction\":[{\"@type\":\"SearchAction\",\"target\":{\"@type\":\"EntryPoint\",\"urlTemplate\":\"https:\/\/guineediversite.com\/?s={search_term_string}\"},\"query-input\":{\"@type\":\"PropertyValueSpecification\",\"valueRequired\":true,\"valueName\":\"search_term_string\"}}],\"inLanguage\":\"fr-FR\"},{\"@type\":\"Organization\",\"@id\":\"https:\/\/guineediversite.com\/#organization\",\"name\":\"Guin\u00e9e Diversit\u00e9\",\"url\":\"https:\/\/guineediversite.com\/\",\"logo\":{\"@type\":\"ImageObject\",\"inLanguage\":\"fr-FR\",\"@id\":\"https:\/\/guineediversite.com\/#\/schema\/logo\/image\/\",\"url\":\"https:\/\/guineediversite.com\/wp-content\/uploads\/2017\/04\/cropped-1jojlxEOMkX9Wyqfhe43D6kjPOGqBBKmx3EwWJqZ0cMrFF54yM49.png\",\"contentUrl\":\"https:\/\/guineediversite.com\/wp-content\/uploads\/2017\/04\/cropped-1jojlxEOMkX9Wyqfhe43D6kjPOGqBBKmx3EwWJqZ0cMrFF54yM49.png\",\"width\":186,\"height\":112,\"caption\":\"Guin\u00e9e Diversit\u00e9\"},\"image\":{\"@id\":\"https:\/\/guineediversite.com\/#\/schema\/logo\/image\/\"},\"sameAs\":[\"https:\/\/www.facebook.com\/guineediversite\/\",\"https:\/\/x.com\/GuineeDiversite\",\"https:\/\/www.youtube.com\/channel\/UC8sUY16qelG5ge6_D5SB83g\"]},{\"@type\":\"Person\",\"@id\":\"https:\/\/guineediversite.com\/#\/schema\/person\/afa08fb34e7fc6e1feafc892612bc836\",\"name\":\"Guin\u00e9e Diversit\u00e9\",\"image\":{\"@type\":\"ImageObject\",\"inLanguage\":\"fr-FR\",\"@id\":\"https:\/\/guineediversite.com\/#\/schema\/person\/image\/\",\"url\":\"https:\/\/secure.gravatar.com\/avatar\/50d5eb5b390f8b65ac30ac6f898eb83a?s=96&d=mm&r=g\",\"contentUrl\":\"https:\/\/secure.gravatar.com\/avatar\/50d5eb5b390f8b65ac30ac6f898eb83a?s=96&d=mm&r=g\",\"caption\":\"Guin\u00e9e Diversit\u00e9\"},\"url\":\"https:\/\/guineediversite.com\/index.php\/author\/guineediversite\/\"}]}<\/script>\n<!-- \/ Yoast SEO plugin. -->","yoast_head_json":{"title":"Guin\u00e9e\/Fria : Le Pr\u00e9sident Alpha Cond\u00e9 relance les activit\u00e9s de production de l\u2019Usine | Guin\u00e9e Diversit\u00e9","robots":{"index":"index","follow":"follow","max-snippet":"max-snippet:-1","max-image-preview":"max-image-preview:large","max-video-preview":"max-video-preview:-1"},"canonical":"https:\/\/guineediversite.com\/index.php\/2018\/06\/21\/guinee-fria-le-president-alpha-conde-relance-les-activites-de-production-de-lusine\/","og_locale":"fr_FR","og_type":"article","og_title":"Guin\u00e9e\/Fria : Le Pr\u00e9sident Alpha Cond\u00e9 relance les activit\u00e9s de production de l\u2019Usine | Guin\u00e9e Diversit\u00e9","og_description":"Les populations de Fria, ville de 80.000 habitants situ\u00e9e \u00e0 160 kilom\u00e8tres de la capitale Conakry, \u00e9taient massivement mobilis\u00e9es, ce mercredi 20 juin 2018, pour accueillir le Pr\u00e9sident de la R\u00e9publique, le Pr. Alpha Cond\u00e9, venu relancer les activit\u00e9s de production de l\u2019usine d\u2019alumine apr\u00e8s 6 ans d\u2019arr\u00eat. L\u2019usine qui va contribuer \u00e0 l\u2019essor \u00e9conomique [&hellip;]","og_url":"https:\/\/guineediversite.com\/index.php\/2018\/06\/21\/guinee-fria-le-president-alpha-conde-relance-les-activites-de-production-de-lusine\/","og_site_name":"Guin\u00e9e Diversit\u00e9","article_publisher":"https:\/\/www.facebook.com\/guineediversite\/","article_published_time":"2018-06-21T17:46:48+00:00","og_image":[{"width":1535,"height":1024,"url":"https:\/\/guineediversite.com\/wp-content\/uploads\/2018\/06\/ALPHA-CONDE-A-Fria-1.jpg","type":"image\/jpeg"}],"author":"Guin\u00e9e Diversit\u00e9","twitter_card":"summary_large_image","twitter_creator":"@GuineeDiversite","twitter_site":"@GuineeDiversite","twitter_misc":{"\u00c9crit par":"Guin\u00e9e Diversit\u00e9","Dur\u00e9e de lecture estim\u00e9e":"4 minutes"},"schema":{"@context":"https:\/\/schema.org","@graph":[{"@type":"Article","@id":"https:\/\/guineediversite.com\/index.php\/2018\/06\/21\/guinee-fria-le-president-alpha-conde-relance-les-activites-de-production-de-lusine\/#article","isPartOf":{"@id":"https:\/\/guineediversite.com\/index.php\/2018\/06\/21\/guinee-fria-le-president-alpha-conde-relance-les-activites-de-production-de-lusine\/"},"author":{"name":"Guin\u00e9e Diversit\u00e9","@id":"https:\/\/guineediversite.com\/#\/schema\/person\/afa08fb34e7fc6e1feafc892612bc836"},"headline":"Guin\u00e9e\/Fria : Le Pr\u00e9sident Alpha Cond\u00e9 relance les activit\u00e9s de production de l\u2019Usine","datePublished":"2018-06-21T17:46:48+00:00","dateModified":"2018-06-21T17:46:48+00:00","mainEntityOfPage":{"@id":"https:\/\/guineediversite.com\/index.php\/2018\/06\/21\/guinee-fria-le-president-alpha-conde-relance-les-activites-de-production-de-lusine\/"},"wordCount":867,"publisher":{"@id":"https:\/\/guineediversite.com\/#organization"},"image":{"@id":"https:\/\/guineediversite.com\/index.php\/2018\/06\/21\/guinee-fria-le-president-alpha-conde-relance-les-activites-de-production-de-lusine\/#primaryimage"},"thumbnailUrl":"https:\/\/guineediversite.com\/wp-content\/uploads\/2018\/06\/ALPHA-CONDE-A-Fria-1.jpg","articleSection":["Politique"],"inLanguage":"fr-FR"},{"@type":"WebPage","@id":"https:\/\/guineediversite.com\/index.php\/2018\/06\/21\/guinee-fria-le-president-alpha-conde-relance-les-activites-de-production-de-lusine\/","url":"https:\/\/guineediversite.com\/index.php\/2018\/06\/21\/guinee-fria-le-president-alpha-conde-relance-les-activites-de-production-de-lusine\/","name":"Guin\u00e9e\/Fria : Le Pr\u00e9sident Alpha Cond\u00e9 relance les activit\u00e9s de production de l\u2019Usine | Guin\u00e9e Diversit\u00e9","isPartOf":{"@id":"https:\/\/guineediversite.com\/#website"},"primaryImageOfPage":{"@id":"https:\/\/guineediversite.com\/index.php\/2018\/06\/21\/guinee-fria-le-president-alpha-conde-relance-les-activites-de-production-de-lusine\/#primaryimage"},"image":{"@id":"https:\/\/guineediversite.com\/index.php\/2018\/06\/21\/guinee-fria-le-president-alpha-conde-relance-les-activites-de-production-de-lusine\/#primaryimage"},"thumbnailUrl":"https:\/\/guineediversite.com\/wp-content\/uploads\/2018\/06\/ALPHA-CONDE-A-Fria-1.jpg","datePublished":"2018-06-21T17:46:48+00:00","dateModified":"2018-06-21T17:46:48+00:00","breadcrumb":{"@id":"https:\/\/guineediversite.com\/index.php\/2018\/06\/21\/guinee-fria-le-president-alpha-conde-relance-les-activites-de-production-de-lusine\/#breadcrumb"},"inLanguage":"fr-FR","potentialAction":[{"@type":"ReadAction","target":["https:\/\/guineediversite.com\/index.php\/2018\/06\/21\/guinee-fria-le-president-alpha-conde-relance-les-activites-de-production-de-lusine\/"]}]},{"@type":"ImageObject","inLanguage":"fr-FR","@id":"https:\/\/guineediversite.com\/index.php\/2018\/06\/21\/guinee-fria-le-president-alpha-conde-relance-les-activites-de-production-de-lusine\/#primaryimage","url":"https:\/\/guineediversite.com\/wp-content\/uploads\/2018\/06\/ALPHA-CONDE-A-Fria-1.jpg","contentUrl":"https:\/\/guineediversite.com\/wp-content\/uploads\/2018\/06\/ALPHA-CONDE-A-Fria-1.jpg","width":"1535","height":"1024"},{"@type":"BreadcrumbList","@id":"https:\/\/guineediversite.com\/index.php\/2018\/06\/21\/guinee-fria-le-president-alpha-conde-relance-les-activites-de-production-de-lusine\/#breadcrumb","itemListElement":[{"@type":"ListItem","position":1,"name":"Accueil","item":"https:\/\/guineediversite.com\/"},{"@type":"ListItem","position":2,"name":"Guin\u00e9e\/Fria : Le Pr\u00e9sident Alpha Cond\u00e9 relance les activit\u00e9s de production de l\u2019Usine"}]},{"@type":"WebSite","@id":"https:\/\/guineediversite.com\/#website","url":"https:\/\/guineediversite.com\/","name":"Guin\u00e9e Diversit\u00e9","description":"L&#039;Info dans toute sa diversit\u00e9","publisher":{"@id":"https:\/\/guineediversite.com\/#organization"},"potentialAction":[{"@type":"SearchAction","target":{"@type":"EntryPoint","urlTemplate":"https:\/\/guineediversite.com\/?s={search_term_string}"},"query-input":{"@type":"PropertyValueSpecification","valueRequired":true,"valueName":"search_term_string"}}],"inLanguage":"fr-FR"},{"@type":"Organization","@id":"https:\/\/guineediversite.com\/#organization","name":"Guin\u00e9e Diversit\u00e9","url":"https:\/\/guineediversite.com\/","logo":{"@type":"ImageObject","inLanguage":"fr-FR","@id":"https:\/\/guineediversite.com\/#\/schema\/logo\/image\/","url":"https:\/\/guineediversite.com\/wp-content\/uploads\/2017\/04\/cropped-1jojlxEOMkX9Wyqfhe43D6kjPOGqBBKmx3EwWJqZ0cMrFF54yM49.png","contentUrl":"https:\/\/guineediversite.com\/wp-content\/uploads\/2017\/04\/cropped-1jojlxEOMkX9Wyqfhe43D6kjPOGqBBKmx3EwWJqZ0cMrFF54yM49.png","width":186,"height":112,"caption":"Guin\u00e9e Diversit\u00e9"},"image":{"@id":"https:\/\/guineediversite.com\/#\/schema\/logo\/image\/"},"sameAs":["https:\/\/www.facebook.com\/guineediversite\/","https:\/\/x.com\/GuineeDiversite","https:\/\/www.youtube.com\/channel\/UC8sUY16qelG5ge6_D5SB83g"]},{"@type":"Person","@id":"https:\/\/guineediversite.com\/#\/schema\/person\/afa08fb34e7fc6e1feafc892612bc836","name":"Guin\u00e9e Diversit\u00e9","image":{"@type":"ImageObject","inLanguage":"fr-FR","@id":"https:\/\/guineediversite.com\/#\/schema\/person\/image\/","url":"https:\/\/secure.gravatar.com\/avatar\/50d5eb5b390f8b65ac30ac6f898eb83a?s=96&d=mm&r=g","contentUrl":"https:\/\/secure.gravatar.com\/avatar\/50d5eb5b390f8b65ac30ac6f898eb83a?s=96&d=mm&r=g","caption":"Guin\u00e9e Diversit\u00e9"},"url":"https:\/\/guineediversite.com\/index.php\/author\/guineediversite\/"}]}},"_links":{"self":[{"href":"https:\/\/guineediversite.com\/index.php\/wp-json\/wp\/v2\/posts\/25699"}],"collection":[{"href":"https:\/\/guineediversite.com\/index.php\/wp-json\/wp\/v2\/posts"}],"about":[{"href":"https:\/\/guineediversite.com\/index.php\/wp-json\/wp\/v2\/types\/post"}],"author":[{"embeddable":true,"href":"https:\/\/guineediversite.com\/index.php\/wp-json\/wp\/v2\/users\/12"}],"replies":[{"embeddable":true,"href":"https:\/\/guineediversite.com\/index.php\/wp-json\/wp\/v2\/comments?post=25699"}],"version-history":[{"count":0,"href":"https:\/\/guineediversite.com\/index.php\/wp-json\/wp\/v2\/posts\/25699\/revisions"}],"wp:featuredmedia":[{"embeddable":true,"href":"https:\/\/guineediversite.com\/index.php\/wp-json\/wp\/v2\/media\/25700"}],"wp:attachment":[{"href":"https:\/\/guineediversite.com\/index.php\/wp-json\/wp\/v2\/media?parent=25699"}],"wp:term":[{"taxonomy":"category","embeddable":true,"href":"https:\/\/guineediversite.com\/index.php\/wp-json\/wp\/v2\/categories?post=25699"},{"taxonomy":"post_tag","embeddable":true,"href":"https:\/\/guineediversite.com\/index.php\/wp-json\/wp\/v2\/tags?post=25699"}],"curies":[{"name":"wp","href":"https:\/\/api.w.org\/{rel}","templated":true}]}}