{"id":25678,"date":"2018-06-19T18:42:47","date_gmt":"2018-06-19T16:42:47","guid":{"rendered":"https:\/\/guineediversite.com\/?p=25678"},"modified":"2018-06-19T18:42:47","modified_gmt":"2018-06-19T16:42:47","slug":"deux-morts-dans-un-incendie-a-dubreka-edg-encore-pointe-du-doigt","status":"publish","type":"post","link":"https:\/\/guineediversite.com\/index.php\/2018\/06\/19\/deux-morts-dans-un-incendie-a-dubreka-edg-encore-pointe-du-doigt\/","title":{"rendered":"Deux morts dans un incendie \u00e0 Dubr\u00e9ka, EDG encore point\u00e9 du doigt."},"content":{"rendered":"<p>L\u2019incendie continu \u00e0 faire des victimes \u00e0 Conakry et dans les p\u00e9riph\u00e9ries. Dans la nuit de ce lundi au mardi 19 juin 2018, deux personnes d\u2019une m\u00eame famille (m\u00e8re et fille) a trouv\u00e9 la mort dans un incendie au quartier Ansoumania plateau, une localit\u00e9 qui rel\u00e8ve de la commune urbaine de Dubr\u00e9ka. Un cour circuit serait \u00e0 l&rsquo;origine de cet incendie.<\/p>\n<p>C\u2019est aux environs de deux heures du matin que la famille Diallo a vu les flammes s\u2019emparer de leur maison. Cela, apr\u00e8s la forte tension du courant \u00e9lectrique constat\u00e9e a l\u2019arriv\u00e9e un peu plut\u00f4t vers minuit. La femme de 37 ans de Boubacar Diallo et sa fille de 3 ans ont p\u00e9ri dans les flammes \u00ab <em>Lorsque le courant est venu \u00e0 00 h, je me suis lev\u00e9 et j&rsquo;ai branch\u00e9 mon t\u00e9l\u00e9phone. C&rsquo;est quelque temps apr\u00e8s que ma femme a cri\u00e9 au feu nous demandant de sortir et nous sommes sortis. Entre-temps, elle s\u2019est rendu compte que notre petite fille n&rsquo;\u00e9tait pas avec nous, c\u2019est ainsi qu\u2019elle est r\u00e9partie \u00e0 sa recherche. Et du coup, elle a \u00e9t\u00e9 bloqu\u00e9e par les flammes et la fum\u00e9e,<\/em> \u00bb explique Boubacar en larmes avec beaucoup d\u2019\u00e9motion.<\/p>\n<p>Au moment du brasier, toutes les tentatives vers EDG afin de couper la ligne du secteur ont \u00e9t\u00e9 vaines lance l\u2019imam du quartier Cheick Ahmed Tidiane.<\/p>\n<p><em>\u00ab Nous avons appel\u00e9 EDG, nous les avons pri\u00e9 de couper la ligne \u00e9lectrique du quartier wallahi ( au nom de Dieu) ils ne l\u2019ont pas fait. On les a appel\u00e9s \u00e0 nous envoyer quelques agents, mais personne parmi eux n\u2019a foutu pied ici. Donc, nous, nous appelons EDG, elle n\u2019a cas savoir qu\u2019elle a une responsabilit\u00e9 vis-\u00e0-vis des populations, vis-\u00e0-vis des clients qui payent les factures,\u00bb <\/em>regrette-t-il.<\/p>\n<p>Les cas d\u2019incendie d\u00fb \u00e0 l\u2019\u00e9lectricit\u00e9 sont r\u00e9currents dans cette commune urbaine, rappel le pr\u00e9sident de la d\u00e9l\u00e9gation sp\u00e9ciale de Dubr\u00e9ka Makiou Bah<em> \u00ab Vous saviez ce n\u2019est pas la premi\u00e8re fois qu\u2019on enregistre a des pareilles situations dans la commune de Dubr\u00e9ka. L\u2019ann\u00e9e derni\u00e8re aussi c\u2019\u00e9tait \u00e0 Ansoumanya village, o\u00f9 il y a eu aussi une famille compl\u00e8tement calcin\u00e9e dans une maison (&#8230;) On a remont\u00e9 l\u2019information, saisie la justice et la croix rouge. Le juge a donn\u00e9 consigne \u00e0 ce qu\u2019il faut faire et toutes les autorit\u00e9s sont inform\u00e9es,\u00bb <\/em>a r\u00e9agi Makiou Bah.<\/p>\n<p>En 2016 un autre avait co\u00fbt\u00e9 la vie \u00e0 une m\u00e8re et deux de ses enfants dans cette m\u00eame commune.<\/p>\n","protected":false},"excerpt":{"rendered":"<p>L\u2019incendie continu \u00e0 faire des victimes \u00e0 Conakry et dans les p\u00e9riph\u00e9ries. Dans la nuit de ce lundi au mardi 19 juin 2018, deux personnes d\u2019une m\u00eame famille (m\u00e8re et fille) a trouv\u00e9 la mort dans un incendie au quartier Ansoumania plateau, une localit\u00e9 qui rel\u00e8ve de la commune urbaine de Dubr\u00e9ka. Un cour circuit [&hellip;]<\/p>\n","protected":false},"author":16,"featured_media":25679,"comment_status":"closed","ping_status":"closed","sticky":false,"template":"","format":"standard","meta":{"_exactmetrics_skip_tracking":false,"_exactmetrics_sitenote_active":false,"_exactmetrics_sitenote_note":"","_exactmetrics_sitenote_category":0,"tdm_status":"","tdm_grid_status":"","footnotes":""},"categories":[16],"tags":[],"class_list":{"0":"post-25678","1":"post","2":"type-post","3":"status-publish","4":"format-standard","5":"has-post-thumbnail","7":"category-societe"},"yoast_head":"<!-- This site is optimized with the Yoast SEO plugin v24.2 - https:\/\/yoast.com\/wordpress\/plugins\/seo\/ -->\n<title>Deux morts dans un incendie \u00e0 Dubr\u00e9ka, EDG encore point\u00e9 du doigt. | Guin\u00e9e Diversit\u00e9<\/title>\n<meta name=\"robots\" content=\"index, follow, max-snippet:-1, max-image-preview:large, max-video-preview:-1\" \/>\n<link rel=\"canonical\" href=\"https:\/\/guineediversite.com\/index.php\/2018\/06\/19\/deux-morts-dans-un-incendie-a-dubreka-edg-encore-pointe-du-doigt\/\" \/>\n<meta property=\"og:locale\" content=\"fr_FR\" \/>\n<meta property=\"og:type\" content=\"article\" \/>\n<meta property=\"og:title\" content=\"Deux morts dans un incendie \u00e0 Dubr\u00e9ka, EDG encore point\u00e9 du doigt. | Guin\u00e9e Diversit\u00e9\" \/>\n<meta property=\"og:description\" content=\"L\u2019incendie continu \u00e0 faire des victimes \u00e0 Conakry et dans les p\u00e9riph\u00e9ries. Dans la nuit de ce lundi au mardi 19 juin 2018, deux personnes d\u2019une m\u00eame famille (m\u00e8re et fille) a trouv\u00e9 la mort dans un incendie au quartier Ansoumania plateau, une localit\u00e9 qui rel\u00e8ve de la commune urbaine de Dubr\u00e9ka. Un cour circuit [&hellip;]\" \/>\n<meta property=\"og:url\" content=\"https:\/\/guineediversite.com\/index.php\/2018\/06\/19\/deux-morts-dans-un-incendie-a-dubreka-edg-encore-pointe-du-doigt\/\" \/>\n<meta property=\"og:site_name\" content=\"Guin\u00e9e Diversit\u00e9\" \/>\n<meta property=\"article:publisher\" content=\"https:\/\/www.facebook.com\/guineediversite\/\" \/>\n<meta property=\"article:published_time\" content=\"2018-06-19T16:42:47+00:00\" \/>\n<meta property=\"og:image\" content=\"https:\/\/guineediversite.com\/wp-content\/uploads\/2018\/06\/FB_IMG_1529422119109.jpg\" \/>\n\t<meta property=\"og:image:width\" content=\"1365\" \/>\n\t<meta property=\"og:image:height\" content=\"1024\" \/>\n\t<meta property=\"og:image:type\" content=\"image\/jpeg\" \/>\n<meta name=\"author\" content=\"Moussa Mo\u00efse K\u00e9ita\" \/>\n<meta name=\"twitter:card\" content=\"summary_large_image\" \/>\n<meta name=\"twitter:creator\" content=\"@GuineeDiversite\" \/>\n<meta name=\"twitter:site\" content=\"@GuineeDiversite\" \/>\n<meta name=\"twitter:label1\" content=\"\u00c9crit par\" \/>\n\t<meta name=\"twitter:data1\" content=\"Moussa Mo\u00efse K\u00e9ita\" \/>\n\t<meta name=\"twitter:label2\" content=\"Dur\u00e9e de lecture estim\u00e9e\" \/>\n\t<meta name=\"twitter:data2\" content=\"2 minutes\" \/>\n<script type=\"application\/ld+json\" class=\"yoast-schema-graph\">{\"@context\":\"https:\/\/schema.org\",\"@graph\":[{\"@type\":\"Article\",\"@id\":\"https:\/\/guineediversite.com\/index.php\/2018\/06\/19\/deux-morts-dans-un-incendie-a-dubreka-edg-encore-pointe-du-doigt\/#article\",\"isPartOf\":{\"@id\":\"https:\/\/guineediversite.com\/index.php\/2018\/06\/19\/deux-morts-dans-un-incendie-a-dubreka-edg-encore-pointe-du-doigt\/\"},\"author\":{\"name\":\"Moussa Mo\u00efse K\u00e9ita\",\"@id\":\"https:\/\/guineediversite.com\/#\/schema\/person\/079ec347f72d2acde4b56a50a4fd46dc\"},\"headline\":\"Deux morts dans un incendie \u00e0 Dubr\u00e9ka, EDG encore point\u00e9 du doigt.\",\"datePublished\":\"2018-06-19T16:42:47+00:00\",\"dateModified\":\"2018-06-19T16:42:47+00:00\",\"mainEntityOfPage\":{\"@id\":\"https:\/\/guineediversite.com\/index.php\/2018\/06\/19\/deux-morts-dans-un-incendie-a-dubreka-edg-encore-pointe-du-doigt\/\"},\"wordCount\":458,\"publisher\":{\"@id\":\"https:\/\/guineediversite.com\/#organization\"},\"image\":{\"@id\":\"https:\/\/guineediversite.com\/index.php\/2018\/06\/19\/deux-morts-dans-un-incendie-a-dubreka-edg-encore-pointe-du-doigt\/#primaryimage\"},\"thumbnailUrl\":\"https:\/\/guineediversite.com\/wp-content\/uploads\/2018\/06\/FB_IMG_1529422119109.jpg\",\"articleSection\":[\"Soci\u00e9t\u00e9\"],\"inLanguage\":\"fr-FR\"},{\"@type\":\"WebPage\",\"@id\":\"https:\/\/guineediversite.com\/index.php\/2018\/06\/19\/deux-morts-dans-un-incendie-a-dubreka-edg-encore-pointe-du-doigt\/\",\"url\":\"https:\/\/guineediversite.com\/index.php\/2018\/06\/19\/deux-morts-dans-un-incendie-a-dubreka-edg-encore-pointe-du-doigt\/\",\"name\":\"Deux morts dans un incendie \u00e0 Dubr\u00e9ka, EDG encore point\u00e9 du doigt. | Guin\u00e9e Diversit\u00e9\",\"isPartOf\":{\"@id\":\"https:\/\/guineediversite.com\/#website\"},\"primaryImageOfPage\":{\"@id\":\"https:\/\/guineediversite.com\/index.php\/2018\/06\/19\/deux-morts-dans-un-incendie-a-dubreka-edg-encore-pointe-du-doigt\/#primaryimage\"},\"image\":{\"@id\":\"https:\/\/guineediversite.com\/index.php\/2018\/06\/19\/deux-morts-dans-un-incendie-a-dubreka-edg-encore-pointe-du-doigt\/#primaryimage\"},\"thumbnailUrl\":\"https:\/\/guineediversite.com\/wp-content\/uploads\/2018\/06\/FB_IMG_1529422119109.jpg\",\"datePublished\":\"2018-06-19T16:42:47+00:00\",\"dateModified\":\"2018-06-19T16:42:47+00:00\",\"breadcrumb\":{\"@id\":\"https:\/\/guineediversite.com\/index.php\/2018\/06\/19\/deux-morts-dans-un-incendie-a-dubreka-edg-encore-pointe-du-doigt\/#breadcrumb\"},\"inLanguage\":\"fr-FR\",\"potentialAction\":[{\"@type\":\"ReadAction\",\"target\":[\"https:\/\/guineediversite.com\/index.php\/2018\/06\/19\/deux-morts-dans-un-incendie-a-dubreka-edg-encore-pointe-du-doigt\/\"]}]},{\"@type\":\"ImageObject\",\"inLanguage\":\"fr-FR\",\"@id\":\"https:\/\/guineediversite.com\/index.php\/2018\/06\/19\/deux-morts-dans-un-incendie-a-dubreka-edg-encore-pointe-du-doigt\/#primaryimage\",\"url\":\"https:\/\/guineediversite.com\/wp-content\/uploads\/2018\/06\/FB_IMG_1529422119109.jpg\",\"contentUrl\":\"https:\/\/guineediversite.com\/wp-content\/uploads\/2018\/06\/FB_IMG_1529422119109.jpg\",\"width\":\"1365\",\"height\":\"1024\"},{\"@type\":\"BreadcrumbList\",\"@id\":\"https:\/\/guineediversite.com\/index.php\/2018\/06\/19\/deux-morts-dans-un-incendie-a-dubreka-edg-encore-pointe-du-doigt\/#breadcrumb\",\"itemListElement\":[{\"@type\":\"ListItem\",\"position\":1,\"name\":\"Accueil\",\"item\":\"https:\/\/guineediversite.com\/\"},{\"@type\":\"ListItem\",\"position\":2,\"name\":\"Deux morts dans un incendie \u00e0 Dubr\u00e9ka, EDG encore point\u00e9 du doigt.\"}]},{\"@type\":\"WebSite\",\"@id\":\"https:\/\/guineediversite.com\/#website\",\"url\":\"https:\/\/guineediversite.com\/\",\"name\":\"Guin\u00e9e Diversit\u00e9\",\"description\":\"L&#039;Info dans toute sa diversit\u00e9\",\"publisher\":{\"@id\":\"https:\/\/guineediversite.com\/#organization\"},\"potentialAction\":[{\"@type\":\"SearchAction\",\"target\":{\"@type\":\"EntryPoint\",\"urlTemplate\":\"https:\/\/guineediversite.com\/?s={search_term_string}\"},\"query-input\":{\"@type\":\"PropertyValueSpecification\",\"valueRequired\":true,\"valueName\":\"search_term_string\"}}],\"inLanguage\":\"fr-FR\"},{\"@type\":\"Organization\",\"@id\":\"https:\/\/guineediversite.com\/#organization\",\"name\":\"Guin\u00e9e Diversit\u00e9\",\"url\":\"https:\/\/guineediversite.com\/\",\"logo\":{\"@type\":\"ImageObject\",\"inLanguage\":\"fr-FR\",\"@id\":\"https:\/\/guineediversite.com\/#\/schema\/logo\/image\/\",\"url\":\"https:\/\/guineediversite.com\/wp-content\/uploads\/2017\/04\/cropped-1jojlxEOMkX9Wyqfhe43D6kjPOGqBBKmx3EwWJqZ0cMrFF54yM49.png\",\"contentUrl\":\"https:\/\/guineediversite.com\/wp-content\/uploads\/2017\/04\/cropped-1jojlxEOMkX9Wyqfhe43D6kjPOGqBBKmx3EwWJqZ0cMrFF54yM49.png\",\"width\":186,\"height\":112,\"caption\":\"Guin\u00e9e Diversit\u00e9\"},\"image\":{\"@id\":\"https:\/\/guineediversite.com\/#\/schema\/logo\/image\/\"},\"sameAs\":[\"https:\/\/www.facebook.com\/guineediversite\/\",\"https:\/\/x.com\/GuineeDiversite\",\"https:\/\/www.youtube.com\/channel\/UC8sUY16qelG5ge6_D5SB83g\"]},{\"@type\":\"Person\",\"@id\":\"https:\/\/guineediversite.com\/#\/schema\/person\/079ec347f72d2acde4b56a50a4fd46dc\",\"name\":\"Moussa Mo\u00efse K\u00e9ita\",\"image\":{\"@type\":\"ImageObject\",\"inLanguage\":\"fr-FR\",\"@id\":\"https:\/\/guineediversite.com\/#\/schema\/person\/image\/\",\"url\":\"https:\/\/secure.gravatar.com\/avatar\/edf1ea2cc01841e6c0b49384bcb1385b?s=96&d=mm&r=g\",\"contentUrl\":\"https:\/\/secure.gravatar.com\/avatar\/edf1ea2cc01841e6c0b49384bcb1385b?s=96&d=mm&r=g\",\"caption\":\"Moussa Mo\u00efse K\u00e9ita\"},\"url\":\"https:\/\/guineediversite.com\/index.php\/author\/moussa-moise\/\"}]}<\/script>\n<!-- \/ Yoast SEO plugin. -->","yoast_head_json":{"title":"Deux morts dans un incendie \u00e0 Dubr\u00e9ka, EDG encore point\u00e9 du doigt. | Guin\u00e9e Diversit\u00e9","robots":{"index":"index","follow":"follow","max-snippet":"max-snippet:-1","max-image-preview":"max-image-preview:large","max-video-preview":"max-video-preview:-1"},"canonical":"https:\/\/guineediversite.com\/index.php\/2018\/06\/19\/deux-morts-dans-un-incendie-a-dubreka-edg-encore-pointe-du-doigt\/","og_locale":"fr_FR","og_type":"article","og_title":"Deux morts dans un incendie \u00e0 Dubr\u00e9ka, EDG encore point\u00e9 du doigt. | Guin\u00e9e Diversit\u00e9","og_description":"L\u2019incendie continu \u00e0 faire des victimes \u00e0 Conakry et dans les p\u00e9riph\u00e9ries. Dans la nuit de ce lundi au mardi 19 juin 2018, deux personnes d\u2019une m\u00eame famille (m\u00e8re et fille) a trouv\u00e9 la mort dans un incendie au quartier Ansoumania plateau, une localit\u00e9 qui rel\u00e8ve de la commune urbaine de Dubr\u00e9ka. Un cour circuit [&hellip;]","og_url":"https:\/\/guineediversite.com\/index.php\/2018\/06\/19\/deux-morts-dans-un-incendie-a-dubreka-edg-encore-pointe-du-doigt\/","og_site_name":"Guin\u00e9e Diversit\u00e9","article_publisher":"https:\/\/www.facebook.com\/guineediversite\/","article_published_time":"2018-06-19T16:42:47+00:00","og_image":[{"width":1365,"height":1024,"url":"https:\/\/guineediversite.com\/wp-content\/uploads\/2018\/06\/FB_IMG_1529422119109.jpg","type":"image\/jpeg"}],"author":"Moussa Mo\u00efse K\u00e9ita","twitter_card":"summary_large_image","twitter_creator":"@GuineeDiversite","twitter_site":"@GuineeDiversite","twitter_misc":{"\u00c9crit par":"Moussa Mo\u00efse K\u00e9ita","Dur\u00e9e de lecture estim\u00e9e":"2 minutes"},"schema":{"@context":"https:\/\/schema.org","@graph":[{"@type":"Article","@id":"https:\/\/guineediversite.com\/index.php\/2018\/06\/19\/deux-morts-dans-un-incendie-a-dubreka-edg-encore-pointe-du-doigt\/#article","isPartOf":{"@id":"https:\/\/guineediversite.com\/index.php\/2018\/06\/19\/deux-morts-dans-un-incendie-a-dubreka-edg-encore-pointe-du-doigt\/"},"author":{"name":"Moussa Mo\u00efse K\u00e9ita","@id":"https:\/\/guineediversite.com\/#\/schema\/person\/079ec347f72d2acde4b56a50a4fd46dc"},"headline":"Deux morts dans un incendie \u00e0 Dubr\u00e9ka, EDG encore point\u00e9 du doigt.","datePublished":"2018-06-19T16:42:47+00:00","dateModified":"2018-06-19T16:42:47+00:00","mainEntityOfPage":{"@id":"https:\/\/guineediversite.com\/index.php\/2018\/06\/19\/deux-morts-dans-un-incendie-a-dubreka-edg-encore-pointe-du-doigt\/"},"wordCount":458,"publisher":{"@id":"https:\/\/guineediversite.com\/#organization"},"image":{"@id":"https:\/\/guineediversite.com\/index.php\/2018\/06\/19\/deux-morts-dans-un-incendie-a-dubreka-edg-encore-pointe-du-doigt\/#primaryimage"},"thumbnailUrl":"https:\/\/guineediversite.com\/wp-content\/uploads\/2018\/06\/FB_IMG_1529422119109.jpg","articleSection":["Soci\u00e9t\u00e9"],"inLanguage":"fr-FR"},{"@type":"WebPage","@id":"https:\/\/guineediversite.com\/index.php\/2018\/06\/19\/deux-morts-dans-un-incendie-a-dubreka-edg-encore-pointe-du-doigt\/","url":"https:\/\/guineediversite.com\/index.php\/2018\/06\/19\/deux-morts-dans-un-incendie-a-dubreka-edg-encore-pointe-du-doigt\/","name":"Deux morts dans un incendie \u00e0 Dubr\u00e9ka, EDG encore point\u00e9 du doigt. | Guin\u00e9e Diversit\u00e9","isPartOf":{"@id":"https:\/\/guineediversite.com\/#website"},"primaryImageOfPage":{"@id":"https:\/\/guineediversite.com\/index.php\/2018\/06\/19\/deux-morts-dans-un-incendie-a-dubreka-edg-encore-pointe-du-doigt\/#primaryimage"},"image":{"@id":"https:\/\/guineediversite.com\/index.php\/2018\/06\/19\/deux-morts-dans-un-incendie-a-dubreka-edg-encore-pointe-du-doigt\/#primaryimage"},"thumbnailUrl":"https:\/\/guineediversite.com\/wp-content\/uploads\/2018\/06\/FB_IMG_1529422119109.jpg","datePublished":"2018-06-19T16:42:47+00:00","dateModified":"2018-06-19T16:42:47+00:00","breadcrumb":{"@id":"https:\/\/guineediversite.com\/index.php\/2018\/06\/19\/deux-morts-dans-un-incendie-a-dubreka-edg-encore-pointe-du-doigt\/#breadcrumb"},"inLanguage":"fr-FR","potentialAction":[{"@type":"ReadAction","target":["https:\/\/guineediversite.com\/index.php\/2018\/06\/19\/deux-morts-dans-un-incendie-a-dubreka-edg-encore-pointe-du-doigt\/"]}]},{"@type":"ImageObject","inLanguage":"fr-FR","@id":"https:\/\/guineediversite.com\/index.php\/2018\/06\/19\/deux-morts-dans-un-incendie-a-dubreka-edg-encore-pointe-du-doigt\/#primaryimage","url":"https:\/\/guineediversite.com\/wp-content\/uploads\/2018\/06\/FB_IMG_1529422119109.jpg","contentUrl":"https:\/\/guineediversite.com\/wp-content\/uploads\/2018\/06\/FB_IMG_1529422119109.jpg","width":"1365","height":"1024"},{"@type":"BreadcrumbList","@id":"https:\/\/guineediversite.com\/index.php\/2018\/06\/19\/deux-morts-dans-un-incendie-a-dubreka-edg-encore-pointe-du-doigt\/#breadcrumb","itemListElement":[{"@type":"ListItem","position":1,"name":"Accueil","item":"https:\/\/guineediversite.com\/"},{"@type":"ListItem","position":2,"name":"Deux morts dans un incendie \u00e0 Dubr\u00e9ka, EDG encore point\u00e9 du doigt."}]},{"@type":"WebSite","@id":"https:\/\/guineediversite.com\/#website","url":"https:\/\/guineediversite.com\/","name":"Guin\u00e9e Diversit\u00e9","description":"L&#039;Info dans toute sa diversit\u00e9","publisher":{"@id":"https:\/\/guineediversite.com\/#organization"},"potentialAction":[{"@type":"SearchAction","target":{"@type":"EntryPoint","urlTemplate":"https:\/\/guineediversite.com\/?s={search_term_string}"},"query-input":{"@type":"PropertyValueSpecification","valueRequired":true,"valueName":"search_term_string"}}],"inLanguage":"fr-FR"},{"@type":"Organization","@id":"https:\/\/guineediversite.com\/#organization","name":"Guin\u00e9e Diversit\u00e9","url":"https:\/\/guineediversite.com\/","logo":{"@type":"ImageObject","inLanguage":"fr-FR","@id":"https:\/\/guineediversite.com\/#\/schema\/logo\/image\/","url":"https:\/\/guineediversite.com\/wp-content\/uploads\/2017\/04\/cropped-1jojlxEOMkX9Wyqfhe43D6kjPOGqBBKmx3EwWJqZ0cMrFF54yM49.png","contentUrl":"https:\/\/guineediversite.com\/wp-content\/uploads\/2017\/04\/cropped-1jojlxEOMkX9Wyqfhe43D6kjPOGqBBKmx3EwWJqZ0cMrFF54yM49.png","width":186,"height":112,"caption":"Guin\u00e9e Diversit\u00e9"},"image":{"@id":"https:\/\/guineediversite.com\/#\/schema\/logo\/image\/"},"sameAs":["https:\/\/www.facebook.com\/guineediversite\/","https:\/\/x.com\/GuineeDiversite","https:\/\/www.youtube.com\/channel\/UC8sUY16qelG5ge6_D5SB83g"]},{"@type":"Person","@id":"https:\/\/guineediversite.com\/#\/schema\/person\/079ec347f72d2acde4b56a50a4fd46dc","name":"Moussa Mo\u00efse K\u00e9ita","image":{"@type":"ImageObject","inLanguage":"fr-FR","@id":"https:\/\/guineediversite.com\/#\/schema\/person\/image\/","url":"https:\/\/secure.gravatar.com\/avatar\/edf1ea2cc01841e6c0b49384bcb1385b?s=96&d=mm&r=g","contentUrl":"https:\/\/secure.gravatar.com\/avatar\/edf1ea2cc01841e6c0b49384bcb1385b?s=96&d=mm&r=g","caption":"Moussa Mo\u00efse K\u00e9ita"},"url":"https:\/\/guineediversite.com\/index.php\/author\/moussa-moise\/"}]}},"_links":{"self":[{"href":"https:\/\/guineediversite.com\/index.php\/wp-json\/wp\/v2\/posts\/25678"}],"collection":[{"href":"https:\/\/guineediversite.com\/index.php\/wp-json\/wp\/v2\/posts"}],"about":[{"href":"https:\/\/guineediversite.com\/index.php\/wp-json\/wp\/v2\/types\/post"}],"author":[{"embeddable":true,"href":"https:\/\/guineediversite.com\/index.php\/wp-json\/wp\/v2\/users\/16"}],"replies":[{"embeddable":true,"href":"https:\/\/guineediversite.com\/index.php\/wp-json\/wp\/v2\/comments?post=25678"}],"version-history":[{"count":0,"href":"https:\/\/guineediversite.com\/index.php\/wp-json\/wp\/v2\/posts\/25678\/revisions"}],"wp:featuredmedia":[{"embeddable":true,"href":"https:\/\/guineediversite.com\/index.php\/wp-json\/wp\/v2\/media\/25679"}],"wp:attachment":[{"href":"https:\/\/guineediversite.com\/index.php\/wp-json\/wp\/v2\/media?parent=25678"}],"wp:term":[{"taxonomy":"category","embeddable":true,"href":"https:\/\/guineediversite.com\/index.php\/wp-json\/wp\/v2\/categories?post=25678"},{"taxonomy":"post_tag","embeddable":true,"href":"https:\/\/guineediversite.com\/index.php\/wp-json\/wp\/v2\/tags?post=25678"}],"curies":[{"name":"wp","href":"https:\/\/api.w.org\/{rel}","templated":true}]}}