{"id":25671,"date":"2018-06-19T16:07:26","date_gmt":"2018-06-19T14:07:26","guid":{"rendered":"https:\/\/guineediversite.com\/?p=25671"},"modified":"2018-06-19T16:07:26","modified_gmt":"2018-06-19T14:07:26","slug":"cote-divoire-au-moins-dix-morts-dans-des-inondations-a-abidjan","status":"publish","type":"post","link":"https:\/\/guineediversite.com\/index.php\/2018\/06\/19\/cote-divoire-au-moins-dix-morts-dans-des-inondations-a-abidjan\/","title":{"rendered":"C\u00f4te d\u2019Ivoire : au moins dix morts dans des inondations \u00e0 Abidjan"},"content":{"rendered":"<p><strong>Plusieurs quartiers d\u2019Abidjan sont touch\u00e9s par des inondations, ce mardi 19 juin 2018 sur Abidjan. Au moins dix personnes sont mortes, alors que les d\u00e9g\u00e2ts sont consid\u00e9rables.<\/strong><\/p>\n<p>La sc\u00e8ne est surr\u00e9aliste. A la Riviera Palmeraie (quartier de la commune chic de Cocody), une dame et ses deux enfants sont surpris dans leur sommeil, par des eaux de ruissellement, dans leur petite villa et montent sur le toit. Dans le froid et sous de fortes pluies, ils crient \u00e0 l\u2019aide, tandis que des voisins, eux aussi pi\u00e9g\u00e9s par les eaux restent impuissants. La petite famille reste \u00e0 cet endroit, durant de longues minutes, jusqu\u2019\u00e0 ce que des jeunes du quartier, habiles et courageux, d\u00e9cident de voler \u00e0 leur secours.<\/p>\n<p><strong>\u00a0\u00a0\u00a0\u00a0\u00a0\u00a0\u00a0\u00a0\u00a0\u00a0\u00a0\u00a0\u00a0\u00a0\u00a0\u00a0\u00a0\u00a0 \u2018\u2018Au moins dix morts\u2019\u2019<\/strong><\/p>\n<p>Cette famille a eu de la chance. En effet, en d\u00e9but de journ\u00e9e, le Groupement des sapeurs-pompiers militaires (GSPM) annon\u00e7ait dix morts dans plusieurs quartiers d\u2019Abidjan, dont un enfant emport\u00e9 par les eaux. \u00a0Tr\u00e8s sollicit\u00e9s en d\u00e9pit de leurs moyens limit\u00e9s, les sapeurs-pompiers ont pu mettre en s\u00e9curit\u00e9, une centaine de personnes. Ils ont \u00e9tabli dans la commune de Cocody, fortement touch\u00e9e par les inondations, un poste m\u00e9dical d\u2019urgence et de premiers secours.<\/p>\n<h1>LES SECOURS ONT SOUVENT DU MAL \u00c0 S\u2019ORGANISER OU TARDENT \u00c0 INTERVENIR, DU FAIT DE L\u2019INSUFFISANCE DE MOYENS TECHNIQUES<\/h1>\n<p>Presque toutes les communes d\u2019Abidjan sont touch\u00e9es. L\u2019Office national de la protection civile (ONPC) a d\u00e9clench\u00e9 une \u00ab\u00a0alerte rouge\u00a0\u00bb et pr\u00e9vient que ces pluies \u00ab\u00a0continueront de s\u2019abattre de fa\u00e7on intermittente sur le district d\u2019Abidjan et le littoral, selon la direction de la M\u00e9t\u00e9orologie qui parle de risque d\u2019inondation \u00e9lev\u00e9\u00a0\u00bb.<\/p>\n<p>En mai dernier, Alain Gnayoro, un expert de la Soci\u00e9t\u00e9 d\u2019exploitation et de d\u00e9veloppement a\u00e9roportuaire, a\u00e9ronautique et m\u00e9t\u00e9orologique (Sodexam) avait pr\u00e9venu que \u00ab\u00a0le mois le plus pluvieux sur le Sud de la C\u00f4te d\u2019Ivoire sera le mois de juin\u00a0\u00bb. Une strat\u00e9gie dite de \u00ab\u00a0gestion des risques de catastrophes\u00a0\u00bb a \u00e9t\u00e9 adopt\u00e9e par le gouvernement ivoirien en octobre 2011, comprenant un Plan d\u2019organisation des secours (Orsec). Dans les faits,<a href=\"http:\/\/www.jeuneafrique.com\/450171\/politique\/cote-divoire-15-personnes-tuees-pluies-diluviennes\/\">\u00a0les secours ont souvent du mal \u00e0 s\u2019organiser ou tardent \u00e0 intervenir<\/a>, du fait notamment de l\u2019insuffisance de moyens techniques et d\u2019un r\u00e9el leadership au niveau des structures impliqu\u00e9es.<\/p>\n<p><strong>R\u00e9union au minist\u00e8re de l\u2019Int\u00e9rieur<\/strong><\/p>\n<p>En milieu de journ\u00e9e, le Premier ministre Amadou Gon Coulibaly, en l\u2019absence du pr\u00e9sident Alassane Ouattara (en s\u00e9jours en France, depuis dix jours) a pr\u00e9sid\u00e9 une r\u00e9union au minist\u00e8re de l\u2019Int\u00e9rieur et de la s\u00e9curit\u00e9, \u00e0 laquelle ont particip\u00e9 plusieurs membres du gouvernement. Des m\u00e9canismes de secours et de pr\u00e9vention doivent \u00eatre annonc\u00e9s au cours de la journ\u00e9e.<\/p>\n<p>Abidjan est souvent le th\u00e9\u00e2tre d\u2019inondations mortelles, en saison des pluies depuis plusieurs ann\u00e9es. Entre constructions anarchiques tol\u00e9r\u00e9es par les autorit\u00e9s pour des raisons diverses (dont la corruption), incivisme des populations encourag\u00e9 par l\u2019impunit\u00e9, absence d\u2019un plan pratique d\u2019urbanisation\u00a0; les causes des inondations sont nombreuses.<\/p>\n<p>Selon certaines informations, le bilan des pluies \u2013 qui continuent \u00e0 s\u2019abattre sur certains quartiers, au moment o\u00f9 nous \u00e9crivons ces lignes \u2013 pourrait s\u2019alourdir. En attendant, Abidjan tourne au ralenti. Plusieurs commerces sont ferm\u00e9s, un fort taux d\u2019absent\u00e9isme est constat\u00e9 au niveau de l\u2019administration publique, le transport est paralys\u00e9 dans plusieurs quartiers et la Compagnie ivoirienne d\u2019\u00e9lectricit\u00e9 (CEI) a proc\u00e9d\u00e9 \u00e0 plusieurs d\u00e9lestages.<\/p>\n<p><strong>JA<\/strong><\/p>\n","protected":false},"excerpt":{"rendered":"<p>Plusieurs quartiers d\u2019Abidjan sont touch\u00e9s par des inondations, ce mardi 19 juin 2018 sur Abidjan. Au moins dix personnes sont mortes, alors que les d\u00e9g\u00e2ts sont consid\u00e9rables. La sc\u00e8ne est surr\u00e9aliste. A la Riviera Palmeraie (quartier de la commune chic de Cocody), une dame et ses deux enfants sont surpris dans leur sommeil, par des [&hellip;]<\/p>\n","protected":false},"author":12,"featured_media":25672,"comment_status":"closed","ping_status":"closed","sticky":false,"template":"","format":"standard","meta":{"_exactmetrics_skip_tracking":false,"_exactmetrics_sitenote_active":false,"_exactmetrics_sitenote_note":"","_exactmetrics_sitenote_category":0,"tdm_status":"","tdm_grid_status":"","footnotes":""},"categories":[254],"tags":[],"class_list":{"0":"post-25671","1":"post","2":"type-post","3":"status-publish","4":"format-standard","5":"has-post-thumbnail","7":"category-derniere-minute"},"yoast_head":"<!-- This site is optimized with the Yoast SEO plugin v24.2 - https:\/\/yoast.com\/wordpress\/plugins\/seo\/ -->\n<title>C\u00f4te d\u2019Ivoire : au moins dix morts dans des inondations \u00e0 Abidjan | Guin\u00e9e Diversit\u00e9<\/title>\n<meta name=\"robots\" content=\"index, follow, max-snippet:-1, max-image-preview:large, max-video-preview:-1\" \/>\n<link rel=\"canonical\" href=\"https:\/\/guineediversite.com\/index.php\/2018\/06\/19\/cote-divoire-au-moins-dix-morts-dans-des-inondations-a-abidjan\/\" \/>\n<meta property=\"og:locale\" content=\"fr_FR\" \/>\n<meta property=\"og:type\" content=\"article\" \/>\n<meta property=\"og:title\" content=\"C\u00f4te d\u2019Ivoire : au moins dix morts dans des inondations \u00e0 Abidjan | Guin\u00e9e Diversit\u00e9\" \/>\n<meta property=\"og:description\" content=\"Plusieurs quartiers d\u2019Abidjan sont touch\u00e9s par des inondations, ce mardi 19 juin 2018 sur Abidjan. Au moins dix personnes sont mortes, alors que les d\u00e9g\u00e2ts sont consid\u00e9rables. La sc\u00e8ne est surr\u00e9aliste. A la Riviera Palmeraie (quartier de la commune chic de Cocody), une dame et ses deux enfants sont surpris dans leur sommeil, par des [&hellip;]\" \/>\n<meta property=\"og:url\" content=\"https:\/\/guineediversite.com\/index.php\/2018\/06\/19\/cote-divoire-au-moins-dix-morts-dans-des-inondations-a-abidjan\/\" \/>\n<meta property=\"og:site_name\" content=\"Guin\u00e9e Diversit\u00e9\" \/>\n<meta property=\"article:publisher\" content=\"https:\/\/www.facebook.com\/guineediversite\/\" \/>\n<meta property=\"article:published_time\" content=\"2018-06-19T14:07:26+00:00\" \/>\n<meta property=\"og:image\" content=\"https:\/\/guineediversite.com\/wp-content\/uploads\/2018\/06\/35634709_834889916709824_7345869096778465280_n-592x296.jpg\" \/>\n\t<meta property=\"og:image:width\" content=\"2048\" \/>\n\t<meta property=\"og:image:height\" content=\"1024\" \/>\n\t<meta property=\"og:image:type\" content=\"image\/jpeg\" \/>\n<meta name=\"author\" content=\"Guin\u00e9e Diversit\u00e9\" \/>\n<meta name=\"twitter:card\" content=\"summary_large_image\" \/>\n<meta name=\"twitter:creator\" content=\"@GuineeDiversite\" \/>\n<meta name=\"twitter:site\" content=\"@GuineeDiversite\" \/>\n<meta name=\"twitter:label1\" content=\"\u00c9crit par\" \/>\n\t<meta name=\"twitter:data1\" content=\"Guin\u00e9e Diversit\u00e9\" \/>\n\t<meta name=\"twitter:label2\" content=\"Dur\u00e9e de lecture estim\u00e9e\" \/>\n\t<meta name=\"twitter:data2\" content=\"3 minutes\" \/>\n<script type=\"application\/ld+json\" class=\"yoast-schema-graph\">{\"@context\":\"https:\/\/schema.org\",\"@graph\":[{\"@type\":\"Article\",\"@id\":\"https:\/\/guineediversite.com\/index.php\/2018\/06\/19\/cote-divoire-au-moins-dix-morts-dans-des-inondations-a-abidjan\/#article\",\"isPartOf\":{\"@id\":\"https:\/\/guineediversite.com\/index.php\/2018\/06\/19\/cote-divoire-au-moins-dix-morts-dans-des-inondations-a-abidjan\/\"},\"author\":{\"name\":\"Guin\u00e9e Diversit\u00e9\",\"@id\":\"https:\/\/guineediversite.com\/#\/schema\/person\/afa08fb34e7fc6e1feafc892612bc836\"},\"headline\":\"C\u00f4te d\u2019Ivoire : au moins dix morts dans des inondations \u00e0 Abidjan\",\"datePublished\":\"2018-06-19T14:07:26+00:00\",\"dateModified\":\"2018-06-19T14:07:26+00:00\",\"mainEntityOfPage\":{\"@id\":\"https:\/\/guineediversite.com\/index.php\/2018\/06\/19\/cote-divoire-au-moins-dix-morts-dans-des-inondations-a-abidjan\/\"},\"wordCount\":620,\"publisher\":{\"@id\":\"https:\/\/guineediversite.com\/#organization\"},\"image\":{\"@id\":\"https:\/\/guineediversite.com\/index.php\/2018\/06\/19\/cote-divoire-au-moins-dix-morts-dans-des-inondations-a-abidjan\/#primaryimage\"},\"thumbnailUrl\":\"https:\/\/guineediversite.com\/wp-content\/uploads\/2018\/06\/35634709_834889916709824_7345869096778465280_n-592x296.jpg\",\"articleSection\":[\"Derni\u00e8re minute\"],\"inLanguage\":\"fr-FR\"},{\"@type\":\"WebPage\",\"@id\":\"https:\/\/guineediversite.com\/index.php\/2018\/06\/19\/cote-divoire-au-moins-dix-morts-dans-des-inondations-a-abidjan\/\",\"url\":\"https:\/\/guineediversite.com\/index.php\/2018\/06\/19\/cote-divoire-au-moins-dix-morts-dans-des-inondations-a-abidjan\/\",\"name\":\"C\u00f4te d\u2019Ivoire : au moins dix morts dans des inondations \u00e0 Abidjan | Guin\u00e9e Diversit\u00e9\",\"isPartOf\":{\"@id\":\"https:\/\/guineediversite.com\/#website\"},\"primaryImageOfPage\":{\"@id\":\"https:\/\/guineediversite.com\/index.php\/2018\/06\/19\/cote-divoire-au-moins-dix-morts-dans-des-inondations-a-abidjan\/#primaryimage\"},\"image\":{\"@id\":\"https:\/\/guineediversite.com\/index.php\/2018\/06\/19\/cote-divoire-au-moins-dix-morts-dans-des-inondations-a-abidjan\/#primaryimage\"},\"thumbnailUrl\":\"https:\/\/guineediversite.com\/wp-content\/uploads\/2018\/06\/35634709_834889916709824_7345869096778465280_n-592x296.jpg\",\"datePublished\":\"2018-06-19T14:07:26+00:00\",\"dateModified\":\"2018-06-19T14:07:26+00:00\",\"breadcrumb\":{\"@id\":\"https:\/\/guineediversite.com\/index.php\/2018\/06\/19\/cote-divoire-au-moins-dix-morts-dans-des-inondations-a-abidjan\/#breadcrumb\"},\"inLanguage\":\"fr-FR\",\"potentialAction\":[{\"@type\":\"ReadAction\",\"target\":[\"https:\/\/guineediversite.com\/index.php\/2018\/06\/19\/cote-divoire-au-moins-dix-morts-dans-des-inondations-a-abidjan\/\"]}]},{\"@type\":\"ImageObject\",\"inLanguage\":\"fr-FR\",\"@id\":\"https:\/\/guineediversite.com\/index.php\/2018\/06\/19\/cote-divoire-au-moins-dix-morts-dans-des-inondations-a-abidjan\/#primaryimage\",\"url\":\"https:\/\/guineediversite.com\/wp-content\/uploads\/2018\/06\/35634709_834889916709824_7345869096778465280_n-592x296.jpg\",\"contentUrl\":\"https:\/\/guineediversite.com\/wp-content\/uploads\/2018\/06\/35634709_834889916709824_7345869096778465280_n-592x296.jpg\",\"width\":\"2048\",\"height\":\"1024\"},{\"@type\":\"BreadcrumbList\",\"@id\":\"https:\/\/guineediversite.com\/index.php\/2018\/06\/19\/cote-divoire-au-moins-dix-morts-dans-des-inondations-a-abidjan\/#breadcrumb\",\"itemListElement\":[{\"@type\":\"ListItem\",\"position\":1,\"name\":\"Accueil\",\"item\":\"https:\/\/guineediversite.com\/\"},{\"@type\":\"ListItem\",\"position\":2,\"name\":\"C\u00f4te d\u2019Ivoire : au moins dix morts dans des inondations \u00e0 Abidjan\"}]},{\"@type\":\"WebSite\",\"@id\":\"https:\/\/guineediversite.com\/#website\",\"url\":\"https:\/\/guineediversite.com\/\",\"name\":\"Guin\u00e9e Diversit\u00e9\",\"description\":\"L&#039;Info dans toute sa diversit\u00e9\",\"publisher\":{\"@id\":\"https:\/\/guineediversite.com\/#organization\"},\"potentialAction\":[{\"@type\":\"SearchAction\",\"target\":{\"@type\":\"EntryPoint\",\"urlTemplate\":\"https:\/\/guineediversite.com\/?s={search_term_string}\"},\"query-input\":{\"@type\":\"PropertyValueSpecification\",\"valueRequired\":true,\"valueName\":\"search_term_string\"}}],\"inLanguage\":\"fr-FR\"},{\"@type\":\"Organization\",\"@id\":\"https:\/\/guineediversite.com\/#organization\",\"name\":\"Guin\u00e9e Diversit\u00e9\",\"url\":\"https:\/\/guineediversite.com\/\",\"logo\":{\"@type\":\"ImageObject\",\"inLanguage\":\"fr-FR\",\"@id\":\"https:\/\/guineediversite.com\/#\/schema\/logo\/image\/\",\"url\":\"https:\/\/guineediversite.com\/wp-content\/uploads\/2017\/04\/cropped-1jojlxEOMkX9Wyqfhe43D6kjPOGqBBKmx3EwWJqZ0cMrFF54yM49.png\",\"contentUrl\":\"https:\/\/guineediversite.com\/wp-content\/uploads\/2017\/04\/cropped-1jojlxEOMkX9Wyqfhe43D6kjPOGqBBKmx3EwWJqZ0cMrFF54yM49.png\",\"width\":186,\"height\":112,\"caption\":\"Guin\u00e9e Diversit\u00e9\"},\"image\":{\"@id\":\"https:\/\/guineediversite.com\/#\/schema\/logo\/image\/\"},\"sameAs\":[\"https:\/\/www.facebook.com\/guineediversite\/\",\"https:\/\/x.com\/GuineeDiversite\",\"https:\/\/www.youtube.com\/channel\/UC8sUY16qelG5ge6_D5SB83g\"]},{\"@type\":\"Person\",\"@id\":\"https:\/\/guineediversite.com\/#\/schema\/person\/afa08fb34e7fc6e1feafc892612bc836\",\"name\":\"Guin\u00e9e Diversit\u00e9\",\"image\":{\"@type\":\"ImageObject\",\"inLanguage\":\"fr-FR\",\"@id\":\"https:\/\/guineediversite.com\/#\/schema\/person\/image\/\",\"url\":\"https:\/\/secure.gravatar.com\/avatar\/50d5eb5b390f8b65ac30ac6f898eb83a?s=96&d=mm&r=g\",\"contentUrl\":\"https:\/\/secure.gravatar.com\/avatar\/50d5eb5b390f8b65ac30ac6f898eb83a?s=96&d=mm&r=g\",\"caption\":\"Guin\u00e9e Diversit\u00e9\"},\"url\":\"https:\/\/guineediversite.com\/index.php\/author\/guineediversite\/\"}]}<\/script>\n<!-- \/ Yoast SEO plugin. -->","yoast_head_json":{"title":"C\u00f4te d\u2019Ivoire : au moins dix morts dans des inondations \u00e0 Abidjan | Guin\u00e9e Diversit\u00e9","robots":{"index":"index","follow":"follow","max-snippet":"max-snippet:-1","max-image-preview":"max-image-preview:large","max-video-preview":"max-video-preview:-1"},"canonical":"https:\/\/guineediversite.com\/index.php\/2018\/06\/19\/cote-divoire-au-moins-dix-morts-dans-des-inondations-a-abidjan\/","og_locale":"fr_FR","og_type":"article","og_title":"C\u00f4te d\u2019Ivoire : au moins dix morts dans des inondations \u00e0 Abidjan | Guin\u00e9e Diversit\u00e9","og_description":"Plusieurs quartiers d\u2019Abidjan sont touch\u00e9s par des inondations, ce mardi 19 juin 2018 sur Abidjan. Au moins dix personnes sont mortes, alors que les d\u00e9g\u00e2ts sont consid\u00e9rables. La sc\u00e8ne est surr\u00e9aliste. A la Riviera Palmeraie (quartier de la commune chic de Cocody), une dame et ses deux enfants sont surpris dans leur sommeil, par des [&hellip;]","og_url":"https:\/\/guineediversite.com\/index.php\/2018\/06\/19\/cote-divoire-au-moins-dix-morts-dans-des-inondations-a-abidjan\/","og_site_name":"Guin\u00e9e Diversit\u00e9","article_publisher":"https:\/\/www.facebook.com\/guineediversite\/","article_published_time":"2018-06-19T14:07:26+00:00","og_image":[{"width":2048,"height":1024,"url":"https:\/\/guineediversite.com\/wp-content\/uploads\/2018\/06\/35634709_834889916709824_7345869096778465280_n-592x296.jpg","type":"image\/jpeg"}],"author":"Guin\u00e9e Diversit\u00e9","twitter_card":"summary_large_image","twitter_creator":"@GuineeDiversite","twitter_site":"@GuineeDiversite","twitter_misc":{"\u00c9crit par":"Guin\u00e9e Diversit\u00e9","Dur\u00e9e de lecture estim\u00e9e":"3 minutes"},"schema":{"@context":"https:\/\/schema.org","@graph":[{"@type":"Article","@id":"https:\/\/guineediversite.com\/index.php\/2018\/06\/19\/cote-divoire-au-moins-dix-morts-dans-des-inondations-a-abidjan\/#article","isPartOf":{"@id":"https:\/\/guineediversite.com\/index.php\/2018\/06\/19\/cote-divoire-au-moins-dix-morts-dans-des-inondations-a-abidjan\/"},"author":{"name":"Guin\u00e9e Diversit\u00e9","@id":"https:\/\/guineediversite.com\/#\/schema\/person\/afa08fb34e7fc6e1feafc892612bc836"},"headline":"C\u00f4te d\u2019Ivoire : au moins dix morts dans des inondations \u00e0 Abidjan","datePublished":"2018-06-19T14:07:26+00:00","dateModified":"2018-06-19T14:07:26+00:00","mainEntityOfPage":{"@id":"https:\/\/guineediversite.com\/index.php\/2018\/06\/19\/cote-divoire-au-moins-dix-morts-dans-des-inondations-a-abidjan\/"},"wordCount":620,"publisher":{"@id":"https:\/\/guineediversite.com\/#organization"},"image":{"@id":"https:\/\/guineediversite.com\/index.php\/2018\/06\/19\/cote-divoire-au-moins-dix-morts-dans-des-inondations-a-abidjan\/#primaryimage"},"thumbnailUrl":"https:\/\/guineediversite.com\/wp-content\/uploads\/2018\/06\/35634709_834889916709824_7345869096778465280_n-592x296.jpg","articleSection":["Derni\u00e8re minute"],"inLanguage":"fr-FR"},{"@type":"WebPage","@id":"https:\/\/guineediversite.com\/index.php\/2018\/06\/19\/cote-divoire-au-moins-dix-morts-dans-des-inondations-a-abidjan\/","url":"https:\/\/guineediversite.com\/index.php\/2018\/06\/19\/cote-divoire-au-moins-dix-morts-dans-des-inondations-a-abidjan\/","name":"C\u00f4te d\u2019Ivoire : au moins dix morts dans des inondations \u00e0 Abidjan | Guin\u00e9e Diversit\u00e9","isPartOf":{"@id":"https:\/\/guineediversite.com\/#website"},"primaryImageOfPage":{"@id":"https:\/\/guineediversite.com\/index.php\/2018\/06\/19\/cote-divoire-au-moins-dix-morts-dans-des-inondations-a-abidjan\/#primaryimage"},"image":{"@id":"https:\/\/guineediversite.com\/index.php\/2018\/06\/19\/cote-divoire-au-moins-dix-morts-dans-des-inondations-a-abidjan\/#primaryimage"},"thumbnailUrl":"https:\/\/guineediversite.com\/wp-content\/uploads\/2018\/06\/35634709_834889916709824_7345869096778465280_n-592x296.jpg","datePublished":"2018-06-19T14:07:26+00:00","dateModified":"2018-06-19T14:07:26+00:00","breadcrumb":{"@id":"https:\/\/guineediversite.com\/index.php\/2018\/06\/19\/cote-divoire-au-moins-dix-morts-dans-des-inondations-a-abidjan\/#breadcrumb"},"inLanguage":"fr-FR","potentialAction":[{"@type":"ReadAction","target":["https:\/\/guineediversite.com\/index.php\/2018\/06\/19\/cote-divoire-au-moins-dix-morts-dans-des-inondations-a-abidjan\/"]}]},{"@type":"ImageObject","inLanguage":"fr-FR","@id":"https:\/\/guineediversite.com\/index.php\/2018\/06\/19\/cote-divoire-au-moins-dix-morts-dans-des-inondations-a-abidjan\/#primaryimage","url":"https:\/\/guineediversite.com\/wp-content\/uploads\/2018\/06\/35634709_834889916709824_7345869096778465280_n-592x296.jpg","contentUrl":"https:\/\/guineediversite.com\/wp-content\/uploads\/2018\/06\/35634709_834889916709824_7345869096778465280_n-592x296.jpg","width":"2048","height":"1024"},{"@type":"BreadcrumbList","@id":"https:\/\/guineediversite.com\/index.php\/2018\/06\/19\/cote-divoire-au-moins-dix-morts-dans-des-inondations-a-abidjan\/#breadcrumb","itemListElement":[{"@type":"ListItem","position":1,"name":"Accueil","item":"https:\/\/guineediversite.com\/"},{"@type":"ListItem","position":2,"name":"C\u00f4te d\u2019Ivoire : au moins dix morts dans des inondations \u00e0 Abidjan"}]},{"@type":"WebSite","@id":"https:\/\/guineediversite.com\/#website","url":"https:\/\/guineediversite.com\/","name":"Guin\u00e9e Diversit\u00e9","description":"L&#039;Info dans toute sa diversit\u00e9","publisher":{"@id":"https:\/\/guineediversite.com\/#organization"},"potentialAction":[{"@type":"SearchAction","target":{"@type":"EntryPoint","urlTemplate":"https:\/\/guineediversite.com\/?s={search_term_string}"},"query-input":{"@type":"PropertyValueSpecification","valueRequired":true,"valueName":"search_term_string"}}],"inLanguage":"fr-FR"},{"@type":"Organization","@id":"https:\/\/guineediversite.com\/#organization","name":"Guin\u00e9e Diversit\u00e9","url":"https:\/\/guineediversite.com\/","logo":{"@type":"ImageObject","inLanguage":"fr-FR","@id":"https:\/\/guineediversite.com\/#\/schema\/logo\/image\/","url":"https:\/\/guineediversite.com\/wp-content\/uploads\/2017\/04\/cropped-1jojlxEOMkX9Wyqfhe43D6kjPOGqBBKmx3EwWJqZ0cMrFF54yM49.png","contentUrl":"https:\/\/guineediversite.com\/wp-content\/uploads\/2017\/04\/cropped-1jojlxEOMkX9Wyqfhe43D6kjPOGqBBKmx3EwWJqZ0cMrFF54yM49.png","width":186,"height":112,"caption":"Guin\u00e9e Diversit\u00e9"},"image":{"@id":"https:\/\/guineediversite.com\/#\/schema\/logo\/image\/"},"sameAs":["https:\/\/www.facebook.com\/guineediversite\/","https:\/\/x.com\/GuineeDiversite","https:\/\/www.youtube.com\/channel\/UC8sUY16qelG5ge6_D5SB83g"]},{"@type":"Person","@id":"https:\/\/guineediversite.com\/#\/schema\/person\/afa08fb34e7fc6e1feafc892612bc836","name":"Guin\u00e9e Diversit\u00e9","image":{"@type":"ImageObject","inLanguage":"fr-FR","@id":"https:\/\/guineediversite.com\/#\/schema\/person\/image\/","url":"https:\/\/secure.gravatar.com\/avatar\/50d5eb5b390f8b65ac30ac6f898eb83a?s=96&d=mm&r=g","contentUrl":"https:\/\/secure.gravatar.com\/avatar\/50d5eb5b390f8b65ac30ac6f898eb83a?s=96&d=mm&r=g","caption":"Guin\u00e9e Diversit\u00e9"},"url":"https:\/\/guineediversite.com\/index.php\/author\/guineediversite\/"}]}},"_links":{"self":[{"href":"https:\/\/guineediversite.com\/index.php\/wp-json\/wp\/v2\/posts\/25671"}],"collection":[{"href":"https:\/\/guineediversite.com\/index.php\/wp-json\/wp\/v2\/posts"}],"about":[{"href":"https:\/\/guineediversite.com\/index.php\/wp-json\/wp\/v2\/types\/post"}],"author":[{"embeddable":true,"href":"https:\/\/guineediversite.com\/index.php\/wp-json\/wp\/v2\/users\/12"}],"replies":[{"embeddable":true,"href":"https:\/\/guineediversite.com\/index.php\/wp-json\/wp\/v2\/comments?post=25671"}],"version-history":[{"count":0,"href":"https:\/\/guineediversite.com\/index.php\/wp-json\/wp\/v2\/posts\/25671\/revisions"}],"wp:featuredmedia":[{"embeddable":true,"href":"https:\/\/guineediversite.com\/index.php\/wp-json\/wp\/v2\/media\/25672"}],"wp:attachment":[{"href":"https:\/\/guineediversite.com\/index.php\/wp-json\/wp\/v2\/media?parent=25671"}],"wp:term":[{"taxonomy":"category","embeddable":true,"href":"https:\/\/guineediversite.com\/index.php\/wp-json\/wp\/v2\/categories?post=25671"},{"taxonomy":"post_tag","embeddable":true,"href":"https:\/\/guineediversite.com\/index.php\/wp-json\/wp\/v2\/tags?post=25671"}],"curies":[{"name":"wp","href":"https:\/\/api.w.org\/{rel}","templated":true}]}}