{"id":25646,"date":"2018-06-15T20:14:18","date_gmt":"2018-06-15T18:14:18","guid":{"rendered":"https:\/\/guineediversite.com\/?p=25646"},"modified":"2018-06-15T20:14:18","modified_gmt":"2018-06-15T18:14:18","slug":"fete-de-ramadan-tous-les-partis-politiques-nous-appartiennent-dixit-el-hadj-mamadou-saliou-camara","status":"publish","type":"post","link":"https:\/\/guineediversite.com\/index.php\/2018\/06\/15\/fete-de-ramadan-tous-les-partis-politiques-nous-appartiennent-dixit-el-hadj-mamadou-saliou-camara\/","title":{"rendered":"F\u00eate de Ramadan : \u00ab tous les Partis politiques nous appartiennent\u2026 \u00bb Dixit El hadj Mamadou Saliou Camara"},"content":{"rendered":"<p>Le grand imam de la mosqu\u00e9e Fay\u00e7al de Conakry comme d\u2019habitude a offici\u00e9 la grande pri\u00e8re de laid Elfitr ce vendredi 15 juin au Palais S\u00e9khoutour\u00e9yah en pr\u00e9sence du chef de l\u2019Etat Alpha Cond\u00e9. Le sermon a port\u00e9 sur l\u2019amour de la partie, la foi religieuse et l\u2019acceptation des uns et des autres.<\/p>\n<p>\u00ab J\u2019ai parl\u00e9 sur la paix, l\u2019unit\u00e9 nationale et l\u2019amour du prochain. Quand on est musulmans, on doit \u00eatre dans les r\u00e8gles de ce que Dieu a recommand\u00e9. Nous devons adopter des bons comportements avant le ramadan, pendant et apr\u00e8s le ramadan,\u00bb lance-t-il.<\/p>\n<p>Dans son sermon de circonstance le grand imam El hadj Mamadou Saliou Camara a adress\u00e9 un message particulier aux hommes politiques. Pour lui, tous les partis politiques appartiennent aux chefs religieux.<\/p>\n<p>\u00ab J\u2019ai dit que le Parti unique qui regroupe tout le monde c\u2019est l\u2019islam. Alors, UFDG, RPG, UFR sont des petits partis devant le Parti islamique. D\u2019abord nous, ce n\u2019est pas le pouvoir que nous nous regardons, mais plut\u00f4t la paix, la qui\u00e9tude sociale et l\u2019unit\u00e9 nationale. Je dis bien, tous les partis politiques nous appartiennent en tant que chef religieux(\u2026) C\u2019est notre parti qui est le vrai parti, qui n\u2019autorise aucun membre de tuer une autre personne, de voler ou de faire du mal a un autre,\u00bb soutien El hadj Mamadou Saliou Camara.<\/p>\n<p><strong>\u00a0\u2018\u2019 Nous devons arr\u00eater de casser les biens des autres\u2026 \u2018\u2019 Dixit Alpha Cond\u00e9<\/strong><\/p>\n<p><img loading=\"lazy\" decoding=\"async\" class=\"alignnone  wp-image-25648\" src=\"https:\/\/guineediversite.com.bwjx4292.odns.fr\/wp-content\/uploads\/2018\/06\/received_876751685853388-300x180.jpeg\" alt=\"\" width=\"768\" height=\"461\" srcset=\"https:\/\/guineediversite.com\/wp-content\/uploads\/2018\/06\/received_876751685853388-300x180.jpeg 300w, https:\/\/guineediversite.com\/wp-content\/uploads\/2018\/06\/received_876751685853388-768x461.jpeg 768w, https:\/\/guineediversite.com\/wp-content\/uploads\/2018\/06\/received_876751685853388-1024x614.jpeg 1024w, https:\/\/guineediversite.com\/wp-content\/uploads\/2018\/06\/received_876751685853388-600x360.jpeg 600w, https:\/\/guineediversite.com\/wp-content\/uploads\/2018\/06\/received_876751685853388.jpeg 1707w\" sizes=\"(max-width: 768px) 100vw, 768px\" \/><\/p>\n<p><strong>Alpha Cond\u00e9 a profit\u00e9 de cette grande pri\u00e8re pour appeler les Guin\u00e9ens \u00e0 l\u2019unit\u00e9, afin d\u2019aspirer un d\u00e9veloppement harmonieux.<\/strong><\/p>\n<p>Le pr\u00e9sident Alpha Cond\u00e9 dans un bref discours de 38 secondes \u00e0 inviter les Guin\u00e9ens \u00e0 arr\u00eater de casser les biens d\u2019autrui \u00ab <em>Je crois que je ne vais pas vous donner un meilleur message plus que celui du premier imam. Du fait que si nous sommes des musulmans, nous devons \u00e9viter de nous faire du mal, nous devons \u00e9viter de casser les biens des autres, nous devons \u00e9viter de faire tuer des gens. Il a dit aussi, malheureusement j\u2019\u00e9tais parti \u00e0 La Mecque pour l\u2019Oumrah avec El hadj S\u00e9kou Camara, il \u00e9tait pendant des ann\u00e9es le pr\u00e9sident du bureau des sages, il a \u00e9t\u00e9 rappel\u00e9 \u00e0 Dieu \u00e0 Casablanca pendant l\u2019Oumrah. Que son \u00e2me repose en paix. Je pense que si nous tous nous \u00e9coutons le sermon que l\u2019imam vient de faire, je crois que la Guin\u00e9e pourra faire sa marche en avant. Je ne peux pas dire mieux que ce que le grand imam,<\/em>\u00bb a-t-il insist\u00e9.<\/p>\n<p><strong>\u00a0 \u2018\u2019 Nous devons r\u00e9soudre nos conflits sous l\u2019arbre \u00e0 Palabre\u00a0\u00bb \u00a0indique Kassory.<\/strong><\/p>\n<p><img loading=\"lazy\" decoding=\"async\" class=\"alignnone  wp-image-25649\" src=\"https:\/\/guineediversite.com.bwjx4292.odns.fr\/wp-content\/uploads\/2018\/06\/received_876751805853376-225x300.jpeg\" alt=\"\" width=\"796\" height=\"1061\" srcset=\"https:\/\/guineediversite.com\/wp-content\/uploads\/2018\/06\/received_876751805853376-225x300.jpeg 225w, https:\/\/guineediversite.com\/wp-content\/uploads\/2018\/06\/received_876751805853376-768x1024.jpeg 768w, https:\/\/guineediversite.com\/wp-content\/uploads\/2018\/06\/received_876751805853376-600x800.jpeg 600w, https:\/\/guineediversite.com\/wp-content\/uploads\/2018\/06\/received_876751805853376.jpeg 1024w\" sizes=\"(max-width: 796px) 100vw, 796px\" \/><\/p>\n<p>Dans son message de bonne f\u00eate aux Guin\u00e9ens, le locataire du Palais de la Colombe conscient de la conjoncture tr\u00e8s dure dans laquelle s traverse les Guin\u00e9ens. Il dira ceci :<\/p>\n<p>\u00ab <em>Bonne f\u00eate \u00e0 la population guin\u00e9enne, je sais que les conditions sont difficiles, la vie est ch\u00e8re, mais la chose la plus ch\u00e8re a tous c\u2019est la paix. Si nous conservons la paix sociale, nous nous donnons la main pour l\u2019unit\u00e9 nationale, les souffrances d\u2019aujourd\u2019hui seront tr\u00e8s vite oubli\u00e9es. Parce que le projet de soci\u00e9t\u00e9 que j\u2019ai en charge de mettre en \u0153uvre, le projet de soci\u00e9t\u00e9 du Pr Alpha Cond\u00e9 est un projet qui repose sur une vision d\u2019une Guin\u00e9e prosp\u00e8re pour longtemps,\u00bb<\/em> a d\u00e9clar\u00e9 le chef du gouvernement.<\/p>\n<p>L\u2019un des d\u00e9fis auxquels doit s\u2019atteler le chef du gouvernement c\u2019est l\u2019instauration d\u2019un dialogue politique entre les Guin\u00e9ens. Un message que le Premier ministre n\u2019a pas manqu\u00e9 d&rsquo;exp\u00e9dier. Ibrahima Kassory Fofafa appelle les Guin\u00e9ens \u00e0 r\u00e9soudre tous les probl\u00e8mes du pays par la voie du dialogue.<\/p>\n<p>\u00ab <em>Tout sera fait, absolument tout pour que les conflits \u00e9ventuels se r\u00e9solvent sous l\u2019arbre \u00e0 palabres. Que les Guin\u00e9ens se donnent les mains pour r\u00e9soudre leurs probl\u00e8mes par la voie du dialogue et renoncer d\u00e9finitivement \u00e0 la violence qui n\u2019aide personne,\u00bb<\/em> a-t-il soulign\u00e9.<\/p>\n<p>A noter que plusieurs membres du gouvernement ont assist\u00e9 \u00e0 cette pri\u00e8re au Palais pr\u00e9sidentielle. Ce vendredi est une journ\u00e9e pluvieuse dans plusieurs endroits de Conakry.<\/p>\n","protected":false},"excerpt":{"rendered":"<p>Le grand imam de la mosqu\u00e9e Fay\u00e7al de Conakry comme d\u2019habitude a offici\u00e9 la grande pri\u00e8re de laid Elfitr ce vendredi 15 juin au Palais S\u00e9khoutour\u00e9yah en pr\u00e9sence du chef de l\u2019Etat Alpha Cond\u00e9. Le sermon a port\u00e9 sur l\u2019amour de la partie, la foi religieuse et l\u2019acceptation des uns et des autres. \u00ab J\u2019ai [&hellip;]<\/p>\n","protected":false},"author":16,"featured_media":25647,"comment_status":"closed","ping_status":"closed","sticky":false,"template":"","format":"standard","meta":{"_exactmetrics_skip_tracking":false,"_exactmetrics_sitenote_active":false,"_exactmetrics_sitenote_note":"","_exactmetrics_sitenote_category":0,"tdm_status":"","tdm_grid_status":"","footnotes":""},"categories":[16],"tags":[],"class_list":{"0":"post-25646","1":"post","2":"type-post","3":"status-publish","4":"format-standard","5":"has-post-thumbnail","7":"category-societe"},"yoast_head":"<!-- This site is optimized with the Yoast SEO plugin v24.2 - https:\/\/yoast.com\/wordpress\/plugins\/seo\/ -->\n<title>F\u00eate de Ramadan : \u00ab tous les Partis politiques nous appartiennent\u2026 \u00bb Dixit El hadj Mamadou Saliou Camara | Guin\u00e9e Diversit\u00e9<\/title>\n<meta name=\"robots\" content=\"index, follow, max-snippet:-1, max-image-preview:large, max-video-preview:-1\" \/>\n<link rel=\"canonical\" href=\"https:\/\/guineediversite.com\/index.php\/2018\/06\/15\/fete-de-ramadan-tous-les-partis-politiques-nous-appartiennent-dixit-el-hadj-mamadou-saliou-camara\/\" \/>\n<meta property=\"og:locale\" content=\"fr_FR\" \/>\n<meta property=\"og:type\" content=\"article\" \/>\n<meta property=\"og:title\" content=\"F\u00eate de Ramadan : \u00ab tous les Partis politiques nous appartiennent\u2026 \u00bb Dixit El hadj Mamadou Saliou Camara | Guin\u00e9e Diversit\u00e9\" \/>\n<meta property=\"og:description\" content=\"Le grand imam de la mosqu\u00e9e Fay\u00e7al de Conakry comme d\u2019habitude a offici\u00e9 la grande pri\u00e8re de laid Elfitr ce vendredi 15 juin au Palais S\u00e9khoutour\u00e9yah en pr\u00e9sence du chef de l\u2019Etat Alpha Cond\u00e9. Le sermon a port\u00e9 sur l\u2019amour de la partie, la foi religieuse et l\u2019acceptation des uns et des autres. \u00ab J\u2019ai [&hellip;]\" \/>\n<meta property=\"og:url\" content=\"https:\/\/guineediversite.com\/index.php\/2018\/06\/15\/fete-de-ramadan-tous-les-partis-politiques-nous-appartiennent-dixit-el-hadj-mamadou-saliou-camara\/\" \/>\n<meta property=\"og:site_name\" content=\"Guin\u00e9e Diversit\u00e9\" \/>\n<meta property=\"article:publisher\" content=\"https:\/\/www.facebook.com\/guineediversite\/\" \/>\n<meta property=\"article:published_time\" content=\"2018-06-15T18:14:18+00:00\" \/>\n<meta property=\"og:image\" content=\"https:\/\/guineediversite.com\/wp-content\/uploads\/2018\/06\/received_876752139186676.jpeg\" \/>\n\t<meta property=\"og:image:width\" content=\"1365\" \/>\n\t<meta property=\"og:image:height\" content=\"1024\" \/>\n\t<meta property=\"og:image:type\" content=\"image\/jpeg\" \/>\n<meta name=\"author\" content=\"Moussa Mo\u00efse K\u00e9ita\" \/>\n<meta name=\"twitter:card\" content=\"summary_large_image\" \/>\n<meta name=\"twitter:creator\" content=\"@GuineeDiversite\" \/>\n<meta name=\"twitter:site\" content=\"@GuineeDiversite\" \/>\n<meta name=\"twitter:label1\" content=\"\u00c9crit par\" \/>\n\t<meta name=\"twitter:data1\" content=\"Moussa Mo\u00efse K\u00e9ita\" \/>\n\t<meta name=\"twitter:label2\" content=\"Dur\u00e9e de lecture estim\u00e9e\" \/>\n\t<meta name=\"twitter:data2\" content=\"4 minutes\" \/>\n<script type=\"application\/ld+json\" class=\"yoast-schema-graph\">{\"@context\":\"https:\/\/schema.org\",\"@graph\":[{\"@type\":\"Article\",\"@id\":\"https:\/\/guineediversite.com\/index.php\/2018\/06\/15\/fete-de-ramadan-tous-les-partis-politiques-nous-appartiennent-dixit-el-hadj-mamadou-saliou-camara\/#article\",\"isPartOf\":{\"@id\":\"https:\/\/guineediversite.com\/index.php\/2018\/06\/15\/fete-de-ramadan-tous-les-partis-politiques-nous-appartiennent-dixit-el-hadj-mamadou-saliou-camara\/\"},\"author\":{\"name\":\"Moussa Mo\u00efse K\u00e9ita\",\"@id\":\"https:\/\/guineediversite.com\/#\/schema\/person\/079ec347f72d2acde4b56a50a4fd46dc\"},\"headline\":\"F\u00eate de Ramadan : \u00ab tous les Partis politiques nous appartiennent\u2026 \u00bb Dixit El hadj Mamadou Saliou Camara\",\"datePublished\":\"2018-06-15T18:14:18+00:00\",\"dateModified\":\"2018-06-15T18:14:18+00:00\",\"mainEntityOfPage\":{\"@id\":\"https:\/\/guineediversite.com\/index.php\/2018\/06\/15\/fete-de-ramadan-tous-les-partis-politiques-nous-appartiennent-dixit-el-hadj-mamadou-saliou-camara\/\"},\"wordCount\":744,\"publisher\":{\"@id\":\"https:\/\/guineediversite.com\/#organization\"},\"image\":{\"@id\":\"https:\/\/guineediversite.com\/index.php\/2018\/06\/15\/fete-de-ramadan-tous-les-partis-politiques-nous-appartiennent-dixit-el-hadj-mamadou-saliou-camara\/#primaryimage\"},\"thumbnailUrl\":\"https:\/\/guineediversite.com\/wp-content\/uploads\/2018\/06\/received_876752139186676.jpeg\",\"articleSection\":[\"Soci\u00e9t\u00e9\"],\"inLanguage\":\"fr-FR\"},{\"@type\":\"WebPage\",\"@id\":\"https:\/\/guineediversite.com\/index.php\/2018\/06\/15\/fete-de-ramadan-tous-les-partis-politiques-nous-appartiennent-dixit-el-hadj-mamadou-saliou-camara\/\",\"url\":\"https:\/\/guineediversite.com\/index.php\/2018\/06\/15\/fete-de-ramadan-tous-les-partis-politiques-nous-appartiennent-dixit-el-hadj-mamadou-saliou-camara\/\",\"name\":\"F\u00eate de Ramadan : \u00ab tous les Partis politiques nous appartiennent\u2026 \u00bb Dixit El hadj Mamadou Saliou Camara | Guin\u00e9e Diversit\u00e9\",\"isPartOf\":{\"@id\":\"https:\/\/guineediversite.com\/#website\"},\"primaryImageOfPage\":{\"@id\":\"https:\/\/guineediversite.com\/index.php\/2018\/06\/15\/fete-de-ramadan-tous-les-partis-politiques-nous-appartiennent-dixit-el-hadj-mamadou-saliou-camara\/#primaryimage\"},\"image\":{\"@id\":\"https:\/\/guineediversite.com\/index.php\/2018\/06\/15\/fete-de-ramadan-tous-les-partis-politiques-nous-appartiennent-dixit-el-hadj-mamadou-saliou-camara\/#primaryimage\"},\"thumbnailUrl\":\"https:\/\/guineediversite.com\/wp-content\/uploads\/2018\/06\/received_876752139186676.jpeg\",\"datePublished\":\"2018-06-15T18:14:18+00:00\",\"dateModified\":\"2018-06-15T18:14:18+00:00\",\"breadcrumb\":{\"@id\":\"https:\/\/guineediversite.com\/index.php\/2018\/06\/15\/fete-de-ramadan-tous-les-partis-politiques-nous-appartiennent-dixit-el-hadj-mamadou-saliou-camara\/#breadcrumb\"},\"inLanguage\":\"fr-FR\",\"potentialAction\":[{\"@type\":\"ReadAction\",\"target\":[\"https:\/\/guineediversite.com\/index.php\/2018\/06\/15\/fete-de-ramadan-tous-les-partis-politiques-nous-appartiennent-dixit-el-hadj-mamadou-saliou-camara\/\"]}]},{\"@type\":\"ImageObject\",\"inLanguage\":\"fr-FR\",\"@id\":\"https:\/\/guineediversite.com\/index.php\/2018\/06\/15\/fete-de-ramadan-tous-les-partis-politiques-nous-appartiennent-dixit-el-hadj-mamadou-saliou-camara\/#primaryimage\",\"url\":\"https:\/\/guineediversite.com\/wp-content\/uploads\/2018\/06\/received_876752139186676.jpeg\",\"contentUrl\":\"https:\/\/guineediversite.com\/wp-content\/uploads\/2018\/06\/received_876752139186676.jpeg\",\"width\":\"1365\",\"height\":\"1024\"},{\"@type\":\"BreadcrumbList\",\"@id\":\"https:\/\/guineediversite.com\/index.php\/2018\/06\/15\/fete-de-ramadan-tous-les-partis-politiques-nous-appartiennent-dixit-el-hadj-mamadou-saliou-camara\/#breadcrumb\",\"itemListElement\":[{\"@type\":\"ListItem\",\"position\":1,\"name\":\"Accueil\",\"item\":\"https:\/\/guineediversite.com\/\"},{\"@type\":\"ListItem\",\"position\":2,\"name\":\"F\u00eate de Ramadan : \u00ab tous les Partis politiques nous appartiennent\u2026 \u00bb Dixit El hadj Mamadou Saliou Camara\"}]},{\"@type\":\"WebSite\",\"@id\":\"https:\/\/guineediversite.com\/#website\",\"url\":\"https:\/\/guineediversite.com\/\",\"name\":\"Guin\u00e9e Diversit\u00e9\",\"description\":\"L&#039;Info dans toute sa diversit\u00e9\",\"publisher\":{\"@id\":\"https:\/\/guineediversite.com\/#organization\"},\"potentialAction\":[{\"@type\":\"SearchAction\",\"target\":{\"@type\":\"EntryPoint\",\"urlTemplate\":\"https:\/\/guineediversite.com\/?s={search_term_string}\"},\"query-input\":{\"@type\":\"PropertyValueSpecification\",\"valueRequired\":true,\"valueName\":\"search_term_string\"}}],\"inLanguage\":\"fr-FR\"},{\"@type\":\"Organization\",\"@id\":\"https:\/\/guineediversite.com\/#organization\",\"name\":\"Guin\u00e9e Diversit\u00e9\",\"url\":\"https:\/\/guineediversite.com\/\",\"logo\":{\"@type\":\"ImageObject\",\"inLanguage\":\"fr-FR\",\"@id\":\"https:\/\/guineediversite.com\/#\/schema\/logo\/image\/\",\"url\":\"https:\/\/guineediversite.com\/wp-content\/uploads\/2017\/04\/cropped-1jojlxEOMkX9Wyqfhe43D6kjPOGqBBKmx3EwWJqZ0cMrFF54yM49.png\",\"contentUrl\":\"https:\/\/guineediversite.com\/wp-content\/uploads\/2017\/04\/cropped-1jojlxEOMkX9Wyqfhe43D6kjPOGqBBKmx3EwWJqZ0cMrFF54yM49.png\",\"width\":186,\"height\":112,\"caption\":\"Guin\u00e9e Diversit\u00e9\"},\"image\":{\"@id\":\"https:\/\/guineediversite.com\/#\/schema\/logo\/image\/\"},\"sameAs\":[\"https:\/\/www.facebook.com\/guineediversite\/\",\"https:\/\/x.com\/GuineeDiversite\",\"https:\/\/www.youtube.com\/channel\/UC8sUY16qelG5ge6_D5SB83g\"]},{\"@type\":\"Person\",\"@id\":\"https:\/\/guineediversite.com\/#\/schema\/person\/079ec347f72d2acde4b56a50a4fd46dc\",\"name\":\"Moussa Mo\u00efse K\u00e9ita\",\"image\":{\"@type\":\"ImageObject\",\"inLanguage\":\"fr-FR\",\"@id\":\"https:\/\/guineediversite.com\/#\/schema\/person\/image\/\",\"url\":\"https:\/\/secure.gravatar.com\/avatar\/edf1ea2cc01841e6c0b49384bcb1385b?s=96&d=mm&r=g\",\"contentUrl\":\"https:\/\/secure.gravatar.com\/avatar\/edf1ea2cc01841e6c0b49384bcb1385b?s=96&d=mm&r=g\",\"caption\":\"Moussa Mo\u00efse K\u00e9ita\"},\"url\":\"https:\/\/guineediversite.com\/index.php\/author\/moussa-moise\/\"}]}<\/script>\n<!-- \/ Yoast SEO plugin. -->","yoast_head_json":{"title":"F\u00eate de Ramadan : \u00ab tous les Partis politiques nous appartiennent\u2026 \u00bb Dixit El hadj Mamadou Saliou Camara | Guin\u00e9e Diversit\u00e9","robots":{"index":"index","follow":"follow","max-snippet":"max-snippet:-1","max-image-preview":"max-image-preview:large","max-video-preview":"max-video-preview:-1"},"canonical":"https:\/\/guineediversite.com\/index.php\/2018\/06\/15\/fete-de-ramadan-tous-les-partis-politiques-nous-appartiennent-dixit-el-hadj-mamadou-saliou-camara\/","og_locale":"fr_FR","og_type":"article","og_title":"F\u00eate de Ramadan : \u00ab tous les Partis politiques nous appartiennent\u2026 \u00bb Dixit El hadj Mamadou Saliou Camara | Guin\u00e9e Diversit\u00e9","og_description":"Le grand imam de la mosqu\u00e9e Fay\u00e7al de Conakry comme d\u2019habitude a offici\u00e9 la grande pri\u00e8re de laid Elfitr ce vendredi 15 juin au Palais S\u00e9khoutour\u00e9yah en pr\u00e9sence du chef de l\u2019Etat Alpha Cond\u00e9. Le sermon a port\u00e9 sur l\u2019amour de la partie, la foi religieuse et l\u2019acceptation des uns et des autres. \u00ab J\u2019ai [&hellip;]","og_url":"https:\/\/guineediversite.com\/index.php\/2018\/06\/15\/fete-de-ramadan-tous-les-partis-politiques-nous-appartiennent-dixit-el-hadj-mamadou-saliou-camara\/","og_site_name":"Guin\u00e9e Diversit\u00e9","article_publisher":"https:\/\/www.facebook.com\/guineediversite\/","article_published_time":"2018-06-15T18:14:18+00:00","og_image":[{"width":1365,"height":1024,"url":"https:\/\/guineediversite.com\/wp-content\/uploads\/2018\/06\/received_876752139186676.jpeg","type":"image\/jpeg"}],"author":"Moussa Mo\u00efse K\u00e9ita","twitter_card":"summary_large_image","twitter_creator":"@GuineeDiversite","twitter_site":"@GuineeDiversite","twitter_misc":{"\u00c9crit par":"Moussa Mo\u00efse K\u00e9ita","Dur\u00e9e de lecture estim\u00e9e":"4 minutes"},"schema":{"@context":"https:\/\/schema.org","@graph":[{"@type":"Article","@id":"https:\/\/guineediversite.com\/index.php\/2018\/06\/15\/fete-de-ramadan-tous-les-partis-politiques-nous-appartiennent-dixit-el-hadj-mamadou-saliou-camara\/#article","isPartOf":{"@id":"https:\/\/guineediversite.com\/index.php\/2018\/06\/15\/fete-de-ramadan-tous-les-partis-politiques-nous-appartiennent-dixit-el-hadj-mamadou-saliou-camara\/"},"author":{"name":"Moussa Mo\u00efse K\u00e9ita","@id":"https:\/\/guineediversite.com\/#\/schema\/person\/079ec347f72d2acde4b56a50a4fd46dc"},"headline":"F\u00eate de Ramadan : \u00ab tous les Partis politiques nous appartiennent\u2026 \u00bb Dixit El hadj Mamadou Saliou Camara","datePublished":"2018-06-15T18:14:18+00:00","dateModified":"2018-06-15T18:14:18+00:00","mainEntityOfPage":{"@id":"https:\/\/guineediversite.com\/index.php\/2018\/06\/15\/fete-de-ramadan-tous-les-partis-politiques-nous-appartiennent-dixit-el-hadj-mamadou-saliou-camara\/"},"wordCount":744,"publisher":{"@id":"https:\/\/guineediversite.com\/#organization"},"image":{"@id":"https:\/\/guineediversite.com\/index.php\/2018\/06\/15\/fete-de-ramadan-tous-les-partis-politiques-nous-appartiennent-dixit-el-hadj-mamadou-saliou-camara\/#primaryimage"},"thumbnailUrl":"https:\/\/guineediversite.com\/wp-content\/uploads\/2018\/06\/received_876752139186676.jpeg","articleSection":["Soci\u00e9t\u00e9"],"inLanguage":"fr-FR"},{"@type":"WebPage","@id":"https:\/\/guineediversite.com\/index.php\/2018\/06\/15\/fete-de-ramadan-tous-les-partis-politiques-nous-appartiennent-dixit-el-hadj-mamadou-saliou-camara\/","url":"https:\/\/guineediversite.com\/index.php\/2018\/06\/15\/fete-de-ramadan-tous-les-partis-politiques-nous-appartiennent-dixit-el-hadj-mamadou-saliou-camara\/","name":"F\u00eate de Ramadan : \u00ab tous les Partis politiques nous appartiennent\u2026 \u00bb Dixit El hadj Mamadou Saliou Camara | Guin\u00e9e Diversit\u00e9","isPartOf":{"@id":"https:\/\/guineediversite.com\/#website"},"primaryImageOfPage":{"@id":"https:\/\/guineediversite.com\/index.php\/2018\/06\/15\/fete-de-ramadan-tous-les-partis-politiques-nous-appartiennent-dixit-el-hadj-mamadou-saliou-camara\/#primaryimage"},"image":{"@id":"https:\/\/guineediversite.com\/index.php\/2018\/06\/15\/fete-de-ramadan-tous-les-partis-politiques-nous-appartiennent-dixit-el-hadj-mamadou-saliou-camara\/#primaryimage"},"thumbnailUrl":"https:\/\/guineediversite.com\/wp-content\/uploads\/2018\/06\/received_876752139186676.jpeg","datePublished":"2018-06-15T18:14:18+00:00","dateModified":"2018-06-15T18:14:18+00:00","breadcrumb":{"@id":"https:\/\/guineediversite.com\/index.php\/2018\/06\/15\/fete-de-ramadan-tous-les-partis-politiques-nous-appartiennent-dixit-el-hadj-mamadou-saliou-camara\/#breadcrumb"},"inLanguage":"fr-FR","potentialAction":[{"@type":"ReadAction","target":["https:\/\/guineediversite.com\/index.php\/2018\/06\/15\/fete-de-ramadan-tous-les-partis-politiques-nous-appartiennent-dixit-el-hadj-mamadou-saliou-camara\/"]}]},{"@type":"ImageObject","inLanguage":"fr-FR","@id":"https:\/\/guineediversite.com\/index.php\/2018\/06\/15\/fete-de-ramadan-tous-les-partis-politiques-nous-appartiennent-dixit-el-hadj-mamadou-saliou-camara\/#primaryimage","url":"https:\/\/guineediversite.com\/wp-content\/uploads\/2018\/06\/received_876752139186676.jpeg","contentUrl":"https:\/\/guineediversite.com\/wp-content\/uploads\/2018\/06\/received_876752139186676.jpeg","width":"1365","height":"1024"},{"@type":"BreadcrumbList","@id":"https:\/\/guineediversite.com\/index.php\/2018\/06\/15\/fete-de-ramadan-tous-les-partis-politiques-nous-appartiennent-dixit-el-hadj-mamadou-saliou-camara\/#breadcrumb","itemListElement":[{"@type":"ListItem","position":1,"name":"Accueil","item":"https:\/\/guineediversite.com\/"},{"@type":"ListItem","position":2,"name":"F\u00eate de Ramadan : \u00ab tous les Partis politiques nous appartiennent\u2026 \u00bb Dixit El hadj Mamadou Saliou Camara"}]},{"@type":"WebSite","@id":"https:\/\/guineediversite.com\/#website","url":"https:\/\/guineediversite.com\/","name":"Guin\u00e9e Diversit\u00e9","description":"L&#039;Info dans toute sa diversit\u00e9","publisher":{"@id":"https:\/\/guineediversite.com\/#organization"},"potentialAction":[{"@type":"SearchAction","target":{"@type":"EntryPoint","urlTemplate":"https:\/\/guineediversite.com\/?s={search_term_string}"},"query-input":{"@type":"PropertyValueSpecification","valueRequired":true,"valueName":"search_term_string"}}],"inLanguage":"fr-FR"},{"@type":"Organization","@id":"https:\/\/guineediversite.com\/#organization","name":"Guin\u00e9e Diversit\u00e9","url":"https:\/\/guineediversite.com\/","logo":{"@type":"ImageObject","inLanguage":"fr-FR","@id":"https:\/\/guineediversite.com\/#\/schema\/logo\/image\/","url":"https:\/\/guineediversite.com\/wp-content\/uploads\/2017\/04\/cropped-1jojlxEOMkX9Wyqfhe43D6kjPOGqBBKmx3EwWJqZ0cMrFF54yM49.png","contentUrl":"https:\/\/guineediversite.com\/wp-content\/uploads\/2017\/04\/cropped-1jojlxEOMkX9Wyqfhe43D6kjPOGqBBKmx3EwWJqZ0cMrFF54yM49.png","width":186,"height":112,"caption":"Guin\u00e9e Diversit\u00e9"},"image":{"@id":"https:\/\/guineediversite.com\/#\/schema\/logo\/image\/"},"sameAs":["https:\/\/www.facebook.com\/guineediversite\/","https:\/\/x.com\/GuineeDiversite","https:\/\/www.youtube.com\/channel\/UC8sUY16qelG5ge6_D5SB83g"]},{"@type":"Person","@id":"https:\/\/guineediversite.com\/#\/schema\/person\/079ec347f72d2acde4b56a50a4fd46dc","name":"Moussa Mo\u00efse K\u00e9ita","image":{"@type":"ImageObject","inLanguage":"fr-FR","@id":"https:\/\/guineediversite.com\/#\/schema\/person\/image\/","url":"https:\/\/secure.gravatar.com\/avatar\/edf1ea2cc01841e6c0b49384bcb1385b?s=96&d=mm&r=g","contentUrl":"https:\/\/secure.gravatar.com\/avatar\/edf1ea2cc01841e6c0b49384bcb1385b?s=96&d=mm&r=g","caption":"Moussa Mo\u00efse K\u00e9ita"},"url":"https:\/\/guineediversite.com\/index.php\/author\/moussa-moise\/"}]}},"_links":{"self":[{"href":"https:\/\/guineediversite.com\/index.php\/wp-json\/wp\/v2\/posts\/25646"}],"collection":[{"href":"https:\/\/guineediversite.com\/index.php\/wp-json\/wp\/v2\/posts"}],"about":[{"href":"https:\/\/guineediversite.com\/index.php\/wp-json\/wp\/v2\/types\/post"}],"author":[{"embeddable":true,"href":"https:\/\/guineediversite.com\/index.php\/wp-json\/wp\/v2\/users\/16"}],"replies":[{"embeddable":true,"href":"https:\/\/guineediversite.com\/index.php\/wp-json\/wp\/v2\/comments?post=25646"}],"version-history":[{"count":0,"href":"https:\/\/guineediversite.com\/index.php\/wp-json\/wp\/v2\/posts\/25646\/revisions"}],"wp:featuredmedia":[{"embeddable":true,"href":"https:\/\/guineediversite.com\/index.php\/wp-json\/wp\/v2\/media\/25647"}],"wp:attachment":[{"href":"https:\/\/guineediversite.com\/index.php\/wp-json\/wp\/v2\/media?parent=25646"}],"wp:term":[{"taxonomy":"category","embeddable":true,"href":"https:\/\/guineediversite.com\/index.php\/wp-json\/wp\/v2\/categories?post=25646"},{"taxonomy":"post_tag","embeddable":true,"href":"https:\/\/guineediversite.com\/index.php\/wp-json\/wp\/v2\/tags?post=25646"}],"curies":[{"name":"wp","href":"https:\/\/api.w.org\/{rel}","templated":true}]}}