{"id":25643,"date":"2018-06-14T22:47:31","date_gmt":"2018-06-14T20:47:31","guid":{"rendered":"https:\/\/guineediversite.com\/?p=25643"},"modified":"2018-06-16T21:08:56","modified_gmt":"2018-06-16T19:08:56","slug":"religion-les-fideles-musulmans-celebre-la-fete-de-laid-elfitr-ce-vendredi","status":"publish","type":"post","link":"https:\/\/guineediversite.com\/index.php\/2018\/06\/14\/religion-les-fideles-musulmans-celebre-la-fete-de-laid-elfitr-ce-vendredi\/","title":{"rendered":"Religion : Les fid\u00e8les musulmans c\u00e9l\u00e8brent la f\u00eate de Laid-El fitr ce vendredi"},"content":{"rendered":"<p>C\u2019est officiel, les musulmans de Guin\u00e9e c\u00e9l\u00e8brent\u00a0 la f\u00eate de Laid-Elfitr sur toute l\u2019\u00e9tendu du territoire ce vendredi 15 juin, une annonce faite par la ligue islamique sur les ondes des m\u00e9dias d\u2019Etat.<\/p>\n","protected":false},"excerpt":{"rendered":"<p>C\u2019est officiel, les musulmans de Guin\u00e9e c\u00e9l\u00e8brent\u00a0 la f\u00eate de Laid-Elfitr sur toute l\u2019\u00e9tendu du territoire ce vendredi 15 juin, une annonce faite par la ligue islamique sur les ondes des m\u00e9dias d\u2019Etat.<\/p>\n","protected":false},"author":12,"featured_media":25644,"comment_status":"closed","ping_status":"closed","sticky":false,"template":"","format":"standard","meta":{"_exactmetrics_skip_tracking":false,"_exactmetrics_sitenote_active":false,"_exactmetrics_sitenote_note":"","_exactmetrics_sitenote_category":0,"tdm_status":"","tdm_grid_status":"","footnotes":""},"categories":[16],"tags":[],"class_list":{"0":"post-25643","1":"post","2":"type-post","3":"status-publish","4":"format-standard","5":"has-post-thumbnail","7":"category-societe"},"yoast_head":"<!-- This site is optimized with the Yoast SEO plugin v24.2 - https:\/\/yoast.com\/wordpress\/plugins\/seo\/ -->\n<title>Religion : Les fid\u00e8les musulmans c\u00e9l\u00e8brent la f\u00eate de Laid-El fitr ce vendredi | Guin\u00e9e Diversit\u00e9<\/title>\n<meta name=\"robots\" content=\"index, follow, max-snippet:-1, max-image-preview:large, max-video-preview:-1\" \/>\n<link rel=\"canonical\" href=\"https:\/\/guineediversite.com\/index.php\/2018\/06\/14\/religion-les-fideles-musulmans-celebre-la-fete-de-laid-elfitr-ce-vendredi\/\" \/>\n<meta property=\"og:locale\" content=\"fr_FR\" \/>\n<meta property=\"og:type\" content=\"article\" \/>\n<meta property=\"og:title\" content=\"Religion : Les fid\u00e8les musulmans c\u00e9l\u00e8brent la f\u00eate de Laid-El fitr ce vendredi | Guin\u00e9e Diversit\u00e9\" \/>\n<meta property=\"og:description\" content=\"C\u2019est officiel, les musulmans de Guin\u00e9e c\u00e9l\u00e8brent\u00a0 la f\u00eate de Laid-Elfitr sur toute l\u2019\u00e9tendu du territoire ce vendredi 15 juin, une annonce faite par la ligue islamique sur les ondes des m\u00e9dias d\u2019Etat.\" \/>\n<meta property=\"og:url\" content=\"https:\/\/guineediversite.com\/index.php\/2018\/06\/14\/religion-les-fideles-musulmans-celebre-la-fete-de-laid-elfitr-ce-vendredi\/\" \/>\n<meta property=\"og:site_name\" content=\"Guin\u00e9e Diversit\u00e9\" \/>\n<meta property=\"article:publisher\" content=\"https:\/\/www.facebook.com\/guineediversite\/\" \/>\n<meta property=\"article:published_time\" content=\"2018-06-14T20:47:31+00:00\" \/>\n<meta property=\"article:modified_time\" content=\"2018-06-16T19:08:56+00:00\" \/>\n<meta property=\"og:image\" content=\"https:\/\/guineediversite.com\/wp-content\/uploads\/2018\/06\/t\u00e9l\u00e9chargement-6-1.jpg\" \/>\n\t<meta property=\"og:image:width\" content=\"1613\" \/>\n\t<meta property=\"og:image:height\" content=\"1024\" \/>\n\t<meta property=\"og:image:type\" content=\"image\/jpeg\" \/>\n<meta name=\"author\" content=\"Guin\u00e9e Diversit\u00e9\" \/>\n<meta name=\"twitter:card\" content=\"summary_large_image\" \/>\n<meta name=\"twitter:creator\" content=\"@GuineeDiversite\" \/>\n<meta name=\"twitter:site\" content=\"@GuineeDiversite\" \/>\n<meta name=\"twitter:label1\" content=\"\u00c9crit par\" \/>\n\t<meta name=\"twitter:data1\" content=\"Guin\u00e9e Diversit\u00e9\" \/>\n<script type=\"application\/ld+json\" class=\"yoast-schema-graph\">{\"@context\":\"https:\/\/schema.org\",\"@graph\":[{\"@type\":\"Article\",\"@id\":\"https:\/\/guineediversite.com\/index.php\/2018\/06\/14\/religion-les-fideles-musulmans-celebre-la-fete-de-laid-elfitr-ce-vendredi\/#article\",\"isPartOf\":{\"@id\":\"https:\/\/guineediversite.com\/index.php\/2018\/06\/14\/religion-les-fideles-musulmans-celebre-la-fete-de-laid-elfitr-ce-vendredi\/\"},\"author\":{\"name\":\"Guin\u00e9e Diversit\u00e9\",\"@id\":\"https:\/\/guineediversite.com\/#\/schema\/person\/afa08fb34e7fc6e1feafc892612bc836\"},\"headline\":\"Religion : Les fid\u00e8les musulmans c\u00e9l\u00e8brent la f\u00eate de Laid-El fitr ce vendredi\",\"datePublished\":\"2018-06-14T20:47:31+00:00\",\"dateModified\":\"2018-06-16T19:08:56+00:00\",\"mainEntityOfPage\":{\"@id\":\"https:\/\/guineediversite.com\/index.php\/2018\/06\/14\/religion-les-fideles-musulmans-celebre-la-fete-de-laid-elfitr-ce-vendredi\/\"},\"wordCount\":56,\"publisher\":{\"@id\":\"https:\/\/guineediversite.com\/#organization\"},\"image\":{\"@id\":\"https:\/\/guineediversite.com\/index.php\/2018\/06\/14\/religion-les-fideles-musulmans-celebre-la-fete-de-laid-elfitr-ce-vendredi\/#primaryimage\"},\"thumbnailUrl\":\"https:\/\/guineediversite.com\/wp-content\/uploads\/2018\/06\/t\u00e9l\u00e9chargement-6-1.jpg\",\"articleSection\":[\"Soci\u00e9t\u00e9\"],\"inLanguage\":\"fr-FR\"},{\"@type\":\"WebPage\",\"@id\":\"https:\/\/guineediversite.com\/index.php\/2018\/06\/14\/religion-les-fideles-musulmans-celebre-la-fete-de-laid-elfitr-ce-vendredi\/\",\"url\":\"https:\/\/guineediversite.com\/index.php\/2018\/06\/14\/religion-les-fideles-musulmans-celebre-la-fete-de-laid-elfitr-ce-vendredi\/\",\"name\":\"Religion : Les fid\u00e8les musulmans c\u00e9l\u00e8brent la f\u00eate de Laid-El fitr ce vendredi | Guin\u00e9e Diversit\u00e9\",\"isPartOf\":{\"@id\":\"https:\/\/guineediversite.com\/#website\"},\"primaryImageOfPage\":{\"@id\":\"https:\/\/guineediversite.com\/index.php\/2018\/06\/14\/religion-les-fideles-musulmans-celebre-la-fete-de-laid-elfitr-ce-vendredi\/#primaryimage\"},\"image\":{\"@id\":\"https:\/\/guineediversite.com\/index.php\/2018\/06\/14\/religion-les-fideles-musulmans-celebre-la-fete-de-laid-elfitr-ce-vendredi\/#primaryimage\"},\"thumbnailUrl\":\"https:\/\/guineediversite.com\/wp-content\/uploads\/2018\/06\/t\u00e9l\u00e9chargement-6-1.jpg\",\"datePublished\":\"2018-06-14T20:47:31+00:00\",\"dateModified\":\"2018-06-16T19:08:56+00:00\",\"breadcrumb\":{\"@id\":\"https:\/\/guineediversite.com\/index.php\/2018\/06\/14\/religion-les-fideles-musulmans-celebre-la-fete-de-laid-elfitr-ce-vendredi\/#breadcrumb\"},\"inLanguage\":\"fr-FR\",\"potentialAction\":[{\"@type\":\"ReadAction\",\"target\":[\"https:\/\/guineediversite.com\/index.php\/2018\/06\/14\/religion-les-fideles-musulmans-celebre-la-fete-de-laid-elfitr-ce-vendredi\/\"]}]},{\"@type\":\"ImageObject\",\"inLanguage\":\"fr-FR\",\"@id\":\"https:\/\/guineediversite.com\/index.php\/2018\/06\/14\/religion-les-fideles-musulmans-celebre-la-fete-de-laid-elfitr-ce-vendredi\/#primaryimage\",\"url\":\"https:\/\/guineediversite.com\/wp-content\/uploads\/2018\/06\/t\u00e9l\u00e9chargement-6-1.jpg\",\"contentUrl\":\"https:\/\/guineediversite.com\/wp-content\/uploads\/2018\/06\/t\u00e9l\u00e9chargement-6-1.jpg\",\"width\":\"1613\",\"height\":\"1024\"},{\"@type\":\"BreadcrumbList\",\"@id\":\"https:\/\/guineediversite.com\/index.php\/2018\/06\/14\/religion-les-fideles-musulmans-celebre-la-fete-de-laid-elfitr-ce-vendredi\/#breadcrumb\",\"itemListElement\":[{\"@type\":\"ListItem\",\"position\":1,\"name\":\"Accueil\",\"item\":\"https:\/\/guineediversite.com\/\"},{\"@type\":\"ListItem\",\"position\":2,\"name\":\"Religion : Les fid\u00e8les musulmans c\u00e9l\u00e8brent la f\u00eate de Laid-El fitr ce vendredi\"}]},{\"@type\":\"WebSite\",\"@id\":\"https:\/\/guineediversite.com\/#website\",\"url\":\"https:\/\/guineediversite.com\/\",\"name\":\"Guin\u00e9e Diversit\u00e9\",\"description\":\"L&#039;Info dans toute sa diversit\u00e9\",\"publisher\":{\"@id\":\"https:\/\/guineediversite.com\/#organization\"},\"potentialAction\":[{\"@type\":\"SearchAction\",\"target\":{\"@type\":\"EntryPoint\",\"urlTemplate\":\"https:\/\/guineediversite.com\/?s={search_term_string}\"},\"query-input\":{\"@type\":\"PropertyValueSpecification\",\"valueRequired\":true,\"valueName\":\"search_term_string\"}}],\"inLanguage\":\"fr-FR\"},{\"@type\":\"Organization\",\"@id\":\"https:\/\/guineediversite.com\/#organization\",\"name\":\"Guin\u00e9e Diversit\u00e9\",\"url\":\"https:\/\/guineediversite.com\/\",\"logo\":{\"@type\":\"ImageObject\",\"inLanguage\":\"fr-FR\",\"@id\":\"https:\/\/guineediversite.com\/#\/schema\/logo\/image\/\",\"url\":\"https:\/\/guineediversite.com\/wp-content\/uploads\/2017\/04\/cropped-1jojlxEOMkX9Wyqfhe43D6kjPOGqBBKmx3EwWJqZ0cMrFF54yM49.png\",\"contentUrl\":\"https:\/\/guineediversite.com\/wp-content\/uploads\/2017\/04\/cropped-1jojlxEOMkX9Wyqfhe43D6kjPOGqBBKmx3EwWJqZ0cMrFF54yM49.png\",\"width\":186,\"height\":112,\"caption\":\"Guin\u00e9e Diversit\u00e9\"},\"image\":{\"@id\":\"https:\/\/guineediversite.com\/#\/schema\/logo\/image\/\"},\"sameAs\":[\"https:\/\/www.facebook.com\/guineediversite\/\",\"https:\/\/x.com\/GuineeDiversite\",\"https:\/\/www.youtube.com\/channel\/UC8sUY16qelG5ge6_D5SB83g\"]},{\"@type\":\"Person\",\"@id\":\"https:\/\/guineediversite.com\/#\/schema\/person\/afa08fb34e7fc6e1feafc892612bc836\",\"name\":\"Guin\u00e9e Diversit\u00e9\",\"image\":{\"@type\":\"ImageObject\",\"inLanguage\":\"fr-FR\",\"@id\":\"https:\/\/guineediversite.com\/#\/schema\/person\/image\/\",\"url\":\"https:\/\/secure.gravatar.com\/avatar\/50d5eb5b390f8b65ac30ac6f898eb83a?s=96&d=mm&r=g\",\"contentUrl\":\"https:\/\/secure.gravatar.com\/avatar\/50d5eb5b390f8b65ac30ac6f898eb83a?s=96&d=mm&r=g\",\"caption\":\"Guin\u00e9e Diversit\u00e9\"},\"url\":\"https:\/\/guineediversite.com\/index.php\/author\/guineediversite\/\"}]}<\/script>\n<!-- \/ Yoast SEO plugin. -->","yoast_head_json":{"title":"Religion : Les fid\u00e8les musulmans c\u00e9l\u00e8brent la f\u00eate de Laid-El fitr ce vendredi | Guin\u00e9e Diversit\u00e9","robots":{"index":"index","follow":"follow","max-snippet":"max-snippet:-1","max-image-preview":"max-image-preview:large","max-video-preview":"max-video-preview:-1"},"canonical":"https:\/\/guineediversite.com\/index.php\/2018\/06\/14\/religion-les-fideles-musulmans-celebre-la-fete-de-laid-elfitr-ce-vendredi\/","og_locale":"fr_FR","og_type":"article","og_title":"Religion : Les fid\u00e8les musulmans c\u00e9l\u00e8brent la f\u00eate de Laid-El fitr ce vendredi | Guin\u00e9e Diversit\u00e9","og_description":"C\u2019est officiel, les musulmans de Guin\u00e9e c\u00e9l\u00e8brent\u00a0 la f\u00eate de Laid-Elfitr sur toute l\u2019\u00e9tendu du territoire ce vendredi 15 juin, une annonce faite par la ligue islamique sur les ondes des m\u00e9dias d\u2019Etat.","og_url":"https:\/\/guineediversite.com\/index.php\/2018\/06\/14\/religion-les-fideles-musulmans-celebre-la-fete-de-laid-elfitr-ce-vendredi\/","og_site_name":"Guin\u00e9e Diversit\u00e9","article_publisher":"https:\/\/www.facebook.com\/guineediversite\/","article_published_time":"2018-06-14T20:47:31+00:00","article_modified_time":"2018-06-16T19:08:56+00:00","og_image":[{"width":1613,"height":1024,"url":"https:\/\/guineediversite.com\/wp-content\/uploads\/2018\/06\/t\u00e9l\u00e9chargement-6-1.jpg","type":"image\/jpeg"}],"author":"Guin\u00e9e Diversit\u00e9","twitter_card":"summary_large_image","twitter_creator":"@GuineeDiversite","twitter_site":"@GuineeDiversite","twitter_misc":{"\u00c9crit par":"Guin\u00e9e Diversit\u00e9"},"schema":{"@context":"https:\/\/schema.org","@graph":[{"@type":"Article","@id":"https:\/\/guineediversite.com\/index.php\/2018\/06\/14\/religion-les-fideles-musulmans-celebre-la-fete-de-laid-elfitr-ce-vendredi\/#article","isPartOf":{"@id":"https:\/\/guineediversite.com\/index.php\/2018\/06\/14\/religion-les-fideles-musulmans-celebre-la-fete-de-laid-elfitr-ce-vendredi\/"},"author":{"name":"Guin\u00e9e Diversit\u00e9","@id":"https:\/\/guineediversite.com\/#\/schema\/person\/afa08fb34e7fc6e1feafc892612bc836"},"headline":"Religion : Les fid\u00e8les musulmans c\u00e9l\u00e8brent la f\u00eate de Laid-El fitr ce vendredi","datePublished":"2018-06-14T20:47:31+00:00","dateModified":"2018-06-16T19:08:56+00:00","mainEntityOfPage":{"@id":"https:\/\/guineediversite.com\/index.php\/2018\/06\/14\/religion-les-fideles-musulmans-celebre-la-fete-de-laid-elfitr-ce-vendredi\/"},"wordCount":56,"publisher":{"@id":"https:\/\/guineediversite.com\/#organization"},"image":{"@id":"https:\/\/guineediversite.com\/index.php\/2018\/06\/14\/religion-les-fideles-musulmans-celebre-la-fete-de-laid-elfitr-ce-vendredi\/#primaryimage"},"thumbnailUrl":"https:\/\/guineediversite.com\/wp-content\/uploads\/2018\/06\/t\u00e9l\u00e9chargement-6-1.jpg","articleSection":["Soci\u00e9t\u00e9"],"inLanguage":"fr-FR"},{"@type":"WebPage","@id":"https:\/\/guineediversite.com\/index.php\/2018\/06\/14\/religion-les-fideles-musulmans-celebre-la-fete-de-laid-elfitr-ce-vendredi\/","url":"https:\/\/guineediversite.com\/index.php\/2018\/06\/14\/religion-les-fideles-musulmans-celebre-la-fete-de-laid-elfitr-ce-vendredi\/","name":"Religion : Les fid\u00e8les musulmans c\u00e9l\u00e8brent la f\u00eate de Laid-El fitr ce vendredi | Guin\u00e9e Diversit\u00e9","isPartOf":{"@id":"https:\/\/guineediversite.com\/#website"},"primaryImageOfPage":{"@id":"https:\/\/guineediversite.com\/index.php\/2018\/06\/14\/religion-les-fideles-musulmans-celebre-la-fete-de-laid-elfitr-ce-vendredi\/#primaryimage"},"image":{"@id":"https:\/\/guineediversite.com\/index.php\/2018\/06\/14\/religion-les-fideles-musulmans-celebre-la-fete-de-laid-elfitr-ce-vendredi\/#primaryimage"},"thumbnailUrl":"https:\/\/guineediversite.com\/wp-content\/uploads\/2018\/06\/t\u00e9l\u00e9chargement-6-1.jpg","datePublished":"2018-06-14T20:47:31+00:00","dateModified":"2018-06-16T19:08:56+00:00","breadcrumb":{"@id":"https:\/\/guineediversite.com\/index.php\/2018\/06\/14\/religion-les-fideles-musulmans-celebre-la-fete-de-laid-elfitr-ce-vendredi\/#breadcrumb"},"inLanguage":"fr-FR","potentialAction":[{"@type":"ReadAction","target":["https:\/\/guineediversite.com\/index.php\/2018\/06\/14\/religion-les-fideles-musulmans-celebre-la-fete-de-laid-elfitr-ce-vendredi\/"]}]},{"@type":"ImageObject","inLanguage":"fr-FR","@id":"https:\/\/guineediversite.com\/index.php\/2018\/06\/14\/religion-les-fideles-musulmans-celebre-la-fete-de-laid-elfitr-ce-vendredi\/#primaryimage","url":"https:\/\/guineediversite.com\/wp-content\/uploads\/2018\/06\/t\u00e9l\u00e9chargement-6-1.jpg","contentUrl":"https:\/\/guineediversite.com\/wp-content\/uploads\/2018\/06\/t\u00e9l\u00e9chargement-6-1.jpg","width":"1613","height":"1024"},{"@type":"BreadcrumbList","@id":"https:\/\/guineediversite.com\/index.php\/2018\/06\/14\/religion-les-fideles-musulmans-celebre-la-fete-de-laid-elfitr-ce-vendredi\/#breadcrumb","itemListElement":[{"@type":"ListItem","position":1,"name":"Accueil","item":"https:\/\/guineediversite.com\/"},{"@type":"ListItem","position":2,"name":"Religion : Les fid\u00e8les musulmans c\u00e9l\u00e8brent la f\u00eate de Laid-El fitr ce vendredi"}]},{"@type":"WebSite","@id":"https:\/\/guineediversite.com\/#website","url":"https:\/\/guineediversite.com\/","name":"Guin\u00e9e Diversit\u00e9","description":"L&#039;Info dans toute sa diversit\u00e9","publisher":{"@id":"https:\/\/guineediversite.com\/#organization"},"potentialAction":[{"@type":"SearchAction","target":{"@type":"EntryPoint","urlTemplate":"https:\/\/guineediversite.com\/?s={search_term_string}"},"query-input":{"@type":"PropertyValueSpecification","valueRequired":true,"valueName":"search_term_string"}}],"inLanguage":"fr-FR"},{"@type":"Organization","@id":"https:\/\/guineediversite.com\/#organization","name":"Guin\u00e9e Diversit\u00e9","url":"https:\/\/guineediversite.com\/","logo":{"@type":"ImageObject","inLanguage":"fr-FR","@id":"https:\/\/guineediversite.com\/#\/schema\/logo\/image\/","url":"https:\/\/guineediversite.com\/wp-content\/uploads\/2017\/04\/cropped-1jojlxEOMkX9Wyqfhe43D6kjPOGqBBKmx3EwWJqZ0cMrFF54yM49.png","contentUrl":"https:\/\/guineediversite.com\/wp-content\/uploads\/2017\/04\/cropped-1jojlxEOMkX9Wyqfhe43D6kjPOGqBBKmx3EwWJqZ0cMrFF54yM49.png","width":186,"height":112,"caption":"Guin\u00e9e Diversit\u00e9"},"image":{"@id":"https:\/\/guineediversite.com\/#\/schema\/logo\/image\/"},"sameAs":["https:\/\/www.facebook.com\/guineediversite\/","https:\/\/x.com\/GuineeDiversite","https:\/\/www.youtube.com\/channel\/UC8sUY16qelG5ge6_D5SB83g"]},{"@type":"Person","@id":"https:\/\/guineediversite.com\/#\/schema\/person\/afa08fb34e7fc6e1feafc892612bc836","name":"Guin\u00e9e Diversit\u00e9","image":{"@type":"ImageObject","inLanguage":"fr-FR","@id":"https:\/\/guineediversite.com\/#\/schema\/person\/image\/","url":"https:\/\/secure.gravatar.com\/avatar\/50d5eb5b390f8b65ac30ac6f898eb83a?s=96&d=mm&r=g","contentUrl":"https:\/\/secure.gravatar.com\/avatar\/50d5eb5b390f8b65ac30ac6f898eb83a?s=96&d=mm&r=g","caption":"Guin\u00e9e Diversit\u00e9"},"url":"https:\/\/guineediversite.com\/index.php\/author\/guineediversite\/"}]}},"_links":{"self":[{"href":"https:\/\/guineediversite.com\/index.php\/wp-json\/wp\/v2\/posts\/25643"}],"collection":[{"href":"https:\/\/guineediversite.com\/index.php\/wp-json\/wp\/v2\/posts"}],"about":[{"href":"https:\/\/guineediversite.com\/index.php\/wp-json\/wp\/v2\/types\/post"}],"author":[{"embeddable":true,"href":"https:\/\/guineediversite.com\/index.php\/wp-json\/wp\/v2\/users\/12"}],"replies":[{"embeddable":true,"href":"https:\/\/guineediversite.com\/index.php\/wp-json\/wp\/v2\/comments?post=25643"}],"version-history":[{"count":0,"href":"https:\/\/guineediversite.com\/index.php\/wp-json\/wp\/v2\/posts\/25643\/revisions"}],"wp:featuredmedia":[{"embeddable":true,"href":"https:\/\/guineediversite.com\/index.php\/wp-json\/wp\/v2\/media\/25644"}],"wp:attachment":[{"href":"https:\/\/guineediversite.com\/index.php\/wp-json\/wp\/v2\/media?parent=25643"}],"wp:term":[{"taxonomy":"category","embeddable":true,"href":"https:\/\/guineediversite.com\/index.php\/wp-json\/wp\/v2\/categories?post=25643"},{"taxonomy":"post_tag","embeddable":true,"href":"https:\/\/guineediversite.com\/index.php\/wp-json\/wp\/v2\/tags?post=25643"}],"curies":[{"name":"wp","href":"https:\/\/api.w.org\/{rel}","templated":true}]}}