{"id":25625,"date":"2018-06-13T23:17:22","date_gmt":"2018-06-13T21:17:22","guid":{"rendered":"https:\/\/guineediversite.com\/?p=25625"},"modified":"2018-06-13T23:17:22","modified_gmt":"2018-06-13T21:17:22","slug":"le-trio-etats-unis-canada-mexique-organisera-le-mondial-2026","status":"publish","type":"post","link":"https:\/\/guineediversite.com\/index.php\/2018\/06\/13\/le-trio-etats-unis-canada-mexique-organisera-le-mondial-2026\/","title":{"rendered":"Le trio Etats-Unis-Canada-Mexique organisera le Mondial 2026"},"content":{"rendered":"<p><strong>Sans surprise, le trio Etats-Unis-Canada-Mexique a \u00e9t\u00e9 d\u00e9sign\u00e9 organisateur du Mondial 2026 lors du 68e Congr\u00e8s de la FIFA mercredi \u00e0 Moscou. \u00ab\u00a0United 2026\u00a0\u00bb remporte la mise au d\u00e9triment du Maroc.<\/strong><\/p>\n<p>Apr\u00e8s 32 ans d\u2019attente, la Coupe du monde 2026 va repasser par les \u00c9tats-Unis\u2026 et plus encore. Le trio \u00c9tats-Unis-Canada-Mexique, rassembl\u00e9 sous la banni\u00e8re \u201cUnited 2026\u201d, a \u00e9t\u00e9 d\u00e9sign\u00e9 comme organisateur du Mondial lors du 68e Congr\u00e8s de la FIFA avec 67% des voix, organis\u00e9 mercredi \u00e0 Moscou. Le Maroc, challenger, n\u2019accueillera donc pas la premi\u00e8re Coupe du monde \u00e0 48 \u00e9quipes.<\/p>\n<p>L\u2019issue du vote ne repr\u00e9sente pas une surprise, tant la candidature \u201cUnited 2026\u201d faisait figure de favori. Lors de l\u2019\u00e9valuation des deux dossiers rendue publique le mois dernier, le trio am\u00e9ricain avait recueilli une note de 4 sur 5, quand le Maroc avait de son c\u00f4t\u00e9 \u00e9t\u00e9 \u00e9valu\u00e9 \u00e0 2,7 sur 5. Le scrutin de mercredi \u00e9tait le premier ouvert au Congr\u00e8s de la FIFA : 203 membres pouvaient voter mercredi. Jusqu\u2019ici, l\u2019attribution relevait de l\u2019autorit\u00e9 du comit\u00e9 ex\u00e9cutif de l\u2019instance, compos\u00e9 d\u2019une vingtaine de personnes. La FIFA n\u2019a ainsi cess\u00e9, durant le congr\u00e8s, d\u2019insister sur la \u201c<em>transparence<\/em>\u201d et \u201c<em>l\u2019objectivit\u00e9<\/em>\u201d du processus de vote.<\/p>\n<p><strong>\u00a0 \u00a0 \u00a0 \u00a0 \u00a0 \u00a0 \u00a0 \u00a0 \u00a0 \u00a0 \u00a0 \u00a0 \u00a0 \u00a0 \u00a0 \u00a0 \u00a0 \u00a0 \u00a0 \u00a0 \u00a0 \u00a0 \u00a0 \u00a0 \u00a0 \u00a0 \u2018\u2019Cinqui\u00e8me \u00e9chec pour le Maroc\u2019\u2019<\/strong><\/p>\n<p>Le Maroc \u00e9choue de fait \u00e0 obtenir l\u2019organisation de la Coupe du monde pour la cinqui\u00e8me fois, apr\u00e8s 2010, 2006, 1998 et 1994, o\u00f9 il avait perdu\u2026 au profit des \u00c9tats-Unis. L\u2019argument financier du trio am\u00e9ricain, qui promet d\u2019organiser \u201c<em>la Coupe du monde la plus lucrative de l\u2019histoire<\/em>\u201d avec 14 milliards de dollars de recettes pr\u00e9vues (contre cinq milliards nets revenant \u00e0 la FIFA pour le Maroc), a convaincu les votants. Les infrastructures du trio, plus nombreuses et moins anciennes, ont \u00e9galement pes\u00e9 dans la balance : 17 stades sont d\u00e9j\u00e0 pr\u00eats \u00e0 accueillir le Mondial.<\/p>\n","protected":false},"excerpt":{"rendered":"<p>Sans surprise, le trio Etats-Unis-Canada-Mexique a \u00e9t\u00e9 d\u00e9sign\u00e9 organisateur du Mondial 2026 lors du 68e Congr\u00e8s de la FIFA mercredi \u00e0 Moscou. \u00ab\u00a0United 2026\u00a0\u00bb remporte la mise au d\u00e9triment du Maroc. Apr\u00e8s 32 ans d\u2019attente, la Coupe du monde 2026 va repasser par les \u00c9tats-Unis\u2026 et plus encore. Le trio \u00c9tats-Unis-Canada-Mexique, rassembl\u00e9 sous la banni\u00e8re [&hellip;]<\/p>\n","protected":false},"author":10,"featured_media":25626,"comment_status":"closed","ping_status":"closed","sticky":false,"template":"","format":"standard","meta":{"_exactmetrics_skip_tracking":false,"_exactmetrics_sitenote_active":false,"_exactmetrics_sitenote_note":"","_exactmetrics_sitenote_category":0,"tdm_status":"","tdm_grid_status":"","footnotes":""},"categories":[18],"tags":[],"class_list":{"0":"post-25625","1":"post","2":"type-post","3":"status-publish","4":"format-standard","5":"has-post-thumbnail","7":"category-sport"},"yoast_head":"<!-- This site is optimized with the Yoast SEO plugin v24.2 - https:\/\/yoast.com\/wordpress\/plugins\/seo\/ -->\n<title>Le trio Etats-Unis-Canada-Mexique organisera le Mondial 2026 | Guin\u00e9e Diversit\u00e9<\/title>\n<meta name=\"robots\" content=\"index, follow, max-snippet:-1, max-image-preview:large, max-video-preview:-1\" \/>\n<link rel=\"canonical\" href=\"https:\/\/guineediversite.com\/index.php\/2018\/06\/13\/le-trio-etats-unis-canada-mexique-organisera-le-mondial-2026\/\" \/>\n<meta property=\"og:locale\" content=\"fr_FR\" \/>\n<meta property=\"og:type\" content=\"article\" \/>\n<meta property=\"og:title\" content=\"Le trio Etats-Unis-Canada-Mexique organisera le Mondial 2026 | Guin\u00e9e Diversit\u00e9\" \/>\n<meta property=\"og:description\" content=\"Sans surprise, le trio Etats-Unis-Canada-Mexique a \u00e9t\u00e9 d\u00e9sign\u00e9 organisateur du Mondial 2026 lors du 68e Congr\u00e8s de la FIFA mercredi \u00e0 Moscou. \u00ab\u00a0United 2026\u00a0\u00bb remporte la mise au d\u00e9triment du Maroc. Apr\u00e8s 32 ans d\u2019attente, la Coupe du monde 2026 va repasser par les \u00c9tats-Unis\u2026 et plus encore. Le trio \u00c9tats-Unis-Canada-Mexique, rassembl\u00e9 sous la banni\u00e8re [&hellip;]\" \/>\n<meta property=\"og:url\" content=\"https:\/\/guineediversite.com\/index.php\/2018\/06\/13\/le-trio-etats-unis-canada-mexique-organisera-le-mondial-2026\/\" \/>\n<meta property=\"og:site_name\" content=\"Guin\u00e9e Diversit\u00e9\" \/>\n<meta property=\"article:publisher\" content=\"https:\/\/www.facebook.com\/guineediversite\/\" \/>\n<meta property=\"article:published_time\" content=\"2018-06-13T21:17:22+00:00\" \/>\n<meta property=\"og:image\" content=\"https:\/\/guineediversite.com\/wp-content\/uploads\/2018\/06\/t\u00e9l\u00e9chargement-4-1.jpg\" \/>\n\t<meta property=\"og:image:width\" content=\"1367\" \/>\n\t<meta property=\"og:image:height\" content=\"1024\" \/>\n\t<meta property=\"og:image:type\" content=\"image\/jpeg\" \/>\n<meta name=\"author\" content=\"Morcire Camara\" \/>\n<meta name=\"twitter:card\" content=\"summary_large_image\" \/>\n<meta name=\"twitter:creator\" content=\"@GuineeDiversite\" \/>\n<meta name=\"twitter:site\" content=\"@GuineeDiversite\" \/>\n<meta name=\"twitter:label1\" content=\"\u00c9crit par\" \/>\n\t<meta name=\"twitter:data1\" content=\"Morcire Camara\" \/>\n\t<meta name=\"twitter:label2\" content=\"Dur\u00e9e de lecture estim\u00e9e\" \/>\n\t<meta name=\"twitter:data2\" content=\"2 minutes\" \/>\n<script type=\"application\/ld+json\" class=\"yoast-schema-graph\">{\"@context\":\"https:\/\/schema.org\",\"@graph\":[{\"@type\":\"Article\",\"@id\":\"https:\/\/guineediversite.com\/index.php\/2018\/06\/13\/le-trio-etats-unis-canada-mexique-organisera-le-mondial-2026\/#article\",\"isPartOf\":{\"@id\":\"https:\/\/guineediversite.com\/index.php\/2018\/06\/13\/le-trio-etats-unis-canada-mexique-organisera-le-mondial-2026\/\"},\"author\":{\"name\":\"Morcire Camara\",\"@id\":\"https:\/\/guineediversite.com\/#\/schema\/person\/fa362494c47202ce4b3adf55abcc9d01\"},\"headline\":\"Le trio Etats-Unis-Canada-Mexique organisera le Mondial 2026\",\"datePublished\":\"2018-06-13T21:17:22+00:00\",\"dateModified\":\"2018-06-13T21:17:22+00:00\",\"mainEntityOfPage\":{\"@id\":\"https:\/\/guineediversite.com\/index.php\/2018\/06\/13\/le-trio-etats-unis-canada-mexique-organisera-le-mondial-2026\/\"},\"wordCount\":313,\"publisher\":{\"@id\":\"https:\/\/guineediversite.com\/#organization\"},\"image\":{\"@id\":\"https:\/\/guineediversite.com\/index.php\/2018\/06\/13\/le-trio-etats-unis-canada-mexique-organisera-le-mondial-2026\/#primaryimage\"},\"thumbnailUrl\":\"https:\/\/guineediversite.com\/wp-content\/uploads\/2018\/06\/t\u00e9l\u00e9chargement-4-1.jpg\",\"articleSection\":[\"Sport\"],\"inLanguage\":\"fr-FR\"},{\"@type\":\"WebPage\",\"@id\":\"https:\/\/guineediversite.com\/index.php\/2018\/06\/13\/le-trio-etats-unis-canada-mexique-organisera-le-mondial-2026\/\",\"url\":\"https:\/\/guineediversite.com\/index.php\/2018\/06\/13\/le-trio-etats-unis-canada-mexique-organisera-le-mondial-2026\/\",\"name\":\"Le trio Etats-Unis-Canada-Mexique organisera le Mondial 2026 | Guin\u00e9e Diversit\u00e9\",\"isPartOf\":{\"@id\":\"https:\/\/guineediversite.com\/#website\"},\"primaryImageOfPage\":{\"@id\":\"https:\/\/guineediversite.com\/index.php\/2018\/06\/13\/le-trio-etats-unis-canada-mexique-organisera-le-mondial-2026\/#primaryimage\"},\"image\":{\"@id\":\"https:\/\/guineediversite.com\/index.php\/2018\/06\/13\/le-trio-etats-unis-canada-mexique-organisera-le-mondial-2026\/#primaryimage\"},\"thumbnailUrl\":\"https:\/\/guineediversite.com\/wp-content\/uploads\/2018\/06\/t\u00e9l\u00e9chargement-4-1.jpg\",\"datePublished\":\"2018-06-13T21:17:22+00:00\",\"dateModified\":\"2018-06-13T21:17:22+00:00\",\"breadcrumb\":{\"@id\":\"https:\/\/guineediversite.com\/index.php\/2018\/06\/13\/le-trio-etats-unis-canada-mexique-organisera-le-mondial-2026\/#breadcrumb\"},\"inLanguage\":\"fr-FR\",\"potentialAction\":[{\"@type\":\"ReadAction\",\"target\":[\"https:\/\/guineediversite.com\/index.php\/2018\/06\/13\/le-trio-etats-unis-canada-mexique-organisera-le-mondial-2026\/\"]}]},{\"@type\":\"ImageObject\",\"inLanguage\":\"fr-FR\",\"@id\":\"https:\/\/guineediversite.com\/index.php\/2018\/06\/13\/le-trio-etats-unis-canada-mexique-organisera-le-mondial-2026\/#primaryimage\",\"url\":\"https:\/\/guineediversite.com\/wp-content\/uploads\/2018\/06\/t\u00e9l\u00e9chargement-4-1.jpg\",\"contentUrl\":\"https:\/\/guineediversite.com\/wp-content\/uploads\/2018\/06\/t\u00e9l\u00e9chargement-4-1.jpg\",\"width\":\"1367\",\"height\":\"1024\"},{\"@type\":\"BreadcrumbList\",\"@id\":\"https:\/\/guineediversite.com\/index.php\/2018\/06\/13\/le-trio-etats-unis-canada-mexique-organisera-le-mondial-2026\/#breadcrumb\",\"itemListElement\":[{\"@type\":\"ListItem\",\"position\":1,\"name\":\"Accueil\",\"item\":\"https:\/\/guineediversite.com\/\"},{\"@type\":\"ListItem\",\"position\":2,\"name\":\"Le trio Etats-Unis-Canada-Mexique organisera le Mondial 2026\"}]},{\"@type\":\"WebSite\",\"@id\":\"https:\/\/guineediversite.com\/#website\",\"url\":\"https:\/\/guineediversite.com\/\",\"name\":\"Guin\u00e9e Diversit\u00e9\",\"description\":\"L&#039;Info dans toute sa diversit\u00e9\",\"publisher\":{\"@id\":\"https:\/\/guineediversite.com\/#organization\"},\"potentialAction\":[{\"@type\":\"SearchAction\",\"target\":{\"@type\":\"EntryPoint\",\"urlTemplate\":\"https:\/\/guineediversite.com\/?s={search_term_string}\"},\"query-input\":{\"@type\":\"PropertyValueSpecification\",\"valueRequired\":true,\"valueName\":\"search_term_string\"}}],\"inLanguage\":\"fr-FR\"},{\"@type\":\"Organization\",\"@id\":\"https:\/\/guineediversite.com\/#organization\",\"name\":\"Guin\u00e9e Diversit\u00e9\",\"url\":\"https:\/\/guineediversite.com\/\",\"logo\":{\"@type\":\"ImageObject\",\"inLanguage\":\"fr-FR\",\"@id\":\"https:\/\/guineediversite.com\/#\/schema\/logo\/image\/\",\"url\":\"https:\/\/guineediversite.com\/wp-content\/uploads\/2017\/04\/cropped-1jojlxEOMkX9Wyqfhe43D6kjPOGqBBKmx3EwWJqZ0cMrFF54yM49.png\",\"contentUrl\":\"https:\/\/guineediversite.com\/wp-content\/uploads\/2017\/04\/cropped-1jojlxEOMkX9Wyqfhe43D6kjPOGqBBKmx3EwWJqZ0cMrFF54yM49.png\",\"width\":186,\"height\":112,\"caption\":\"Guin\u00e9e Diversit\u00e9\"},\"image\":{\"@id\":\"https:\/\/guineediversite.com\/#\/schema\/logo\/image\/\"},\"sameAs\":[\"https:\/\/www.facebook.com\/guineediversite\/\",\"https:\/\/x.com\/GuineeDiversite\",\"https:\/\/www.youtube.com\/channel\/UC8sUY16qelG5ge6_D5SB83g\"]},{\"@type\":\"Person\",\"@id\":\"https:\/\/guineediversite.com\/#\/schema\/person\/fa362494c47202ce4b3adf55abcc9d01\",\"name\":\"Morcire Camara\",\"image\":{\"@type\":\"ImageObject\",\"inLanguage\":\"fr-FR\",\"@id\":\"https:\/\/guineediversite.com\/#\/schema\/person\/image\/\",\"url\":\"https:\/\/secure.gravatar.com\/avatar\/3ec324f02295bbcebe03d99b39330ab4?s=96&d=mm&r=g\",\"contentUrl\":\"https:\/\/secure.gravatar.com\/avatar\/3ec324f02295bbcebe03d99b39330ab4?s=96&d=mm&r=g\",\"caption\":\"Morcire Camara\"},\"url\":\"https:\/\/guineediversite.com\/index.php\/author\/morcire\/\"}]}<\/script>\n<!-- \/ Yoast SEO plugin. -->","yoast_head_json":{"title":"Le trio Etats-Unis-Canada-Mexique organisera le Mondial 2026 | Guin\u00e9e Diversit\u00e9","robots":{"index":"index","follow":"follow","max-snippet":"max-snippet:-1","max-image-preview":"max-image-preview:large","max-video-preview":"max-video-preview:-1"},"canonical":"https:\/\/guineediversite.com\/index.php\/2018\/06\/13\/le-trio-etats-unis-canada-mexique-organisera-le-mondial-2026\/","og_locale":"fr_FR","og_type":"article","og_title":"Le trio Etats-Unis-Canada-Mexique organisera le Mondial 2026 | Guin\u00e9e Diversit\u00e9","og_description":"Sans surprise, le trio Etats-Unis-Canada-Mexique a \u00e9t\u00e9 d\u00e9sign\u00e9 organisateur du Mondial 2026 lors du 68e Congr\u00e8s de la FIFA mercredi \u00e0 Moscou. \u00ab\u00a0United 2026\u00a0\u00bb remporte la mise au d\u00e9triment du Maroc. Apr\u00e8s 32 ans d\u2019attente, la Coupe du monde 2026 va repasser par les \u00c9tats-Unis\u2026 et plus encore. Le trio \u00c9tats-Unis-Canada-Mexique, rassembl\u00e9 sous la banni\u00e8re [&hellip;]","og_url":"https:\/\/guineediversite.com\/index.php\/2018\/06\/13\/le-trio-etats-unis-canada-mexique-organisera-le-mondial-2026\/","og_site_name":"Guin\u00e9e Diversit\u00e9","article_publisher":"https:\/\/www.facebook.com\/guineediversite\/","article_published_time":"2018-06-13T21:17:22+00:00","og_image":[{"width":1367,"height":1024,"url":"https:\/\/guineediversite.com\/wp-content\/uploads\/2018\/06\/t\u00e9l\u00e9chargement-4-1.jpg","type":"image\/jpeg"}],"author":"Morcire Camara","twitter_card":"summary_large_image","twitter_creator":"@GuineeDiversite","twitter_site":"@GuineeDiversite","twitter_misc":{"\u00c9crit par":"Morcire Camara","Dur\u00e9e de lecture estim\u00e9e":"2 minutes"},"schema":{"@context":"https:\/\/schema.org","@graph":[{"@type":"Article","@id":"https:\/\/guineediversite.com\/index.php\/2018\/06\/13\/le-trio-etats-unis-canada-mexique-organisera-le-mondial-2026\/#article","isPartOf":{"@id":"https:\/\/guineediversite.com\/index.php\/2018\/06\/13\/le-trio-etats-unis-canada-mexique-organisera-le-mondial-2026\/"},"author":{"name":"Morcire Camara","@id":"https:\/\/guineediversite.com\/#\/schema\/person\/fa362494c47202ce4b3adf55abcc9d01"},"headline":"Le trio Etats-Unis-Canada-Mexique organisera le Mondial 2026","datePublished":"2018-06-13T21:17:22+00:00","dateModified":"2018-06-13T21:17:22+00:00","mainEntityOfPage":{"@id":"https:\/\/guineediversite.com\/index.php\/2018\/06\/13\/le-trio-etats-unis-canada-mexique-organisera-le-mondial-2026\/"},"wordCount":313,"publisher":{"@id":"https:\/\/guineediversite.com\/#organization"},"image":{"@id":"https:\/\/guineediversite.com\/index.php\/2018\/06\/13\/le-trio-etats-unis-canada-mexique-organisera-le-mondial-2026\/#primaryimage"},"thumbnailUrl":"https:\/\/guineediversite.com\/wp-content\/uploads\/2018\/06\/t\u00e9l\u00e9chargement-4-1.jpg","articleSection":["Sport"],"inLanguage":"fr-FR"},{"@type":"WebPage","@id":"https:\/\/guineediversite.com\/index.php\/2018\/06\/13\/le-trio-etats-unis-canada-mexique-organisera-le-mondial-2026\/","url":"https:\/\/guineediversite.com\/index.php\/2018\/06\/13\/le-trio-etats-unis-canada-mexique-organisera-le-mondial-2026\/","name":"Le trio Etats-Unis-Canada-Mexique organisera le Mondial 2026 | Guin\u00e9e Diversit\u00e9","isPartOf":{"@id":"https:\/\/guineediversite.com\/#website"},"primaryImageOfPage":{"@id":"https:\/\/guineediversite.com\/index.php\/2018\/06\/13\/le-trio-etats-unis-canada-mexique-organisera-le-mondial-2026\/#primaryimage"},"image":{"@id":"https:\/\/guineediversite.com\/index.php\/2018\/06\/13\/le-trio-etats-unis-canada-mexique-organisera-le-mondial-2026\/#primaryimage"},"thumbnailUrl":"https:\/\/guineediversite.com\/wp-content\/uploads\/2018\/06\/t\u00e9l\u00e9chargement-4-1.jpg","datePublished":"2018-06-13T21:17:22+00:00","dateModified":"2018-06-13T21:17:22+00:00","breadcrumb":{"@id":"https:\/\/guineediversite.com\/index.php\/2018\/06\/13\/le-trio-etats-unis-canada-mexique-organisera-le-mondial-2026\/#breadcrumb"},"inLanguage":"fr-FR","potentialAction":[{"@type":"ReadAction","target":["https:\/\/guineediversite.com\/index.php\/2018\/06\/13\/le-trio-etats-unis-canada-mexique-organisera-le-mondial-2026\/"]}]},{"@type":"ImageObject","inLanguage":"fr-FR","@id":"https:\/\/guineediversite.com\/index.php\/2018\/06\/13\/le-trio-etats-unis-canada-mexique-organisera-le-mondial-2026\/#primaryimage","url":"https:\/\/guineediversite.com\/wp-content\/uploads\/2018\/06\/t\u00e9l\u00e9chargement-4-1.jpg","contentUrl":"https:\/\/guineediversite.com\/wp-content\/uploads\/2018\/06\/t\u00e9l\u00e9chargement-4-1.jpg","width":"1367","height":"1024"},{"@type":"BreadcrumbList","@id":"https:\/\/guineediversite.com\/index.php\/2018\/06\/13\/le-trio-etats-unis-canada-mexique-organisera-le-mondial-2026\/#breadcrumb","itemListElement":[{"@type":"ListItem","position":1,"name":"Accueil","item":"https:\/\/guineediversite.com\/"},{"@type":"ListItem","position":2,"name":"Le trio Etats-Unis-Canada-Mexique organisera le Mondial 2026"}]},{"@type":"WebSite","@id":"https:\/\/guineediversite.com\/#website","url":"https:\/\/guineediversite.com\/","name":"Guin\u00e9e Diversit\u00e9","description":"L&#039;Info dans toute sa diversit\u00e9","publisher":{"@id":"https:\/\/guineediversite.com\/#organization"},"potentialAction":[{"@type":"SearchAction","target":{"@type":"EntryPoint","urlTemplate":"https:\/\/guineediversite.com\/?s={search_term_string}"},"query-input":{"@type":"PropertyValueSpecification","valueRequired":true,"valueName":"search_term_string"}}],"inLanguage":"fr-FR"},{"@type":"Organization","@id":"https:\/\/guineediversite.com\/#organization","name":"Guin\u00e9e Diversit\u00e9","url":"https:\/\/guineediversite.com\/","logo":{"@type":"ImageObject","inLanguage":"fr-FR","@id":"https:\/\/guineediversite.com\/#\/schema\/logo\/image\/","url":"https:\/\/guineediversite.com\/wp-content\/uploads\/2017\/04\/cropped-1jojlxEOMkX9Wyqfhe43D6kjPOGqBBKmx3EwWJqZ0cMrFF54yM49.png","contentUrl":"https:\/\/guineediversite.com\/wp-content\/uploads\/2017\/04\/cropped-1jojlxEOMkX9Wyqfhe43D6kjPOGqBBKmx3EwWJqZ0cMrFF54yM49.png","width":186,"height":112,"caption":"Guin\u00e9e Diversit\u00e9"},"image":{"@id":"https:\/\/guineediversite.com\/#\/schema\/logo\/image\/"},"sameAs":["https:\/\/www.facebook.com\/guineediversite\/","https:\/\/x.com\/GuineeDiversite","https:\/\/www.youtube.com\/channel\/UC8sUY16qelG5ge6_D5SB83g"]},{"@type":"Person","@id":"https:\/\/guineediversite.com\/#\/schema\/person\/fa362494c47202ce4b3adf55abcc9d01","name":"Morcire Camara","image":{"@type":"ImageObject","inLanguage":"fr-FR","@id":"https:\/\/guineediversite.com\/#\/schema\/person\/image\/","url":"https:\/\/secure.gravatar.com\/avatar\/3ec324f02295bbcebe03d99b39330ab4?s=96&d=mm&r=g","contentUrl":"https:\/\/secure.gravatar.com\/avatar\/3ec324f02295bbcebe03d99b39330ab4?s=96&d=mm&r=g","caption":"Morcire Camara"},"url":"https:\/\/guineediversite.com\/index.php\/author\/morcire\/"}]}},"_links":{"self":[{"href":"https:\/\/guineediversite.com\/index.php\/wp-json\/wp\/v2\/posts\/25625"}],"collection":[{"href":"https:\/\/guineediversite.com\/index.php\/wp-json\/wp\/v2\/posts"}],"about":[{"href":"https:\/\/guineediversite.com\/index.php\/wp-json\/wp\/v2\/types\/post"}],"author":[{"embeddable":true,"href":"https:\/\/guineediversite.com\/index.php\/wp-json\/wp\/v2\/users\/10"}],"replies":[{"embeddable":true,"href":"https:\/\/guineediversite.com\/index.php\/wp-json\/wp\/v2\/comments?post=25625"}],"version-history":[{"count":0,"href":"https:\/\/guineediversite.com\/index.php\/wp-json\/wp\/v2\/posts\/25625\/revisions"}],"wp:featuredmedia":[{"embeddable":true,"href":"https:\/\/guineediversite.com\/index.php\/wp-json\/wp\/v2\/media\/25626"}],"wp:attachment":[{"href":"https:\/\/guineediversite.com\/index.php\/wp-json\/wp\/v2\/media?parent=25625"}],"wp:term":[{"taxonomy":"category","embeddable":true,"href":"https:\/\/guineediversite.com\/index.php\/wp-json\/wp\/v2\/categories?post=25625"},{"taxonomy":"post_tag","embeddable":true,"href":"https:\/\/guineediversite.com\/index.php\/wp-json\/wp\/v2\/tags?post=25625"}],"curies":[{"name":"wp","href":"https:\/\/api.w.org\/{rel}","templated":true}]}}