{"id":25622,"date":"2018-06-13T23:08:26","date_gmt":"2018-06-13T21:08:26","guid":{"rendered":"https:\/\/guineediversite.com\/?p=25622"},"modified":"2018-06-13T23:08:26","modified_gmt":"2018-06-13T21:08:26","slug":"mondial-2026-le-president-de-la-federation-guineenne-dement-avoir-vote-pour-la-candidature-du-trio","status":"publish","type":"post","link":"https:\/\/guineediversite.com\/index.php\/2018\/06\/13\/mondial-2026-le-president-de-la-federation-guineenne-dement-avoir-vote-pour-la-candidature-du-trio\/","title":{"rendered":"Mondial 2026 : le pr\u00e9sident de la f\u00e9d\u00e9ration guin\u00e9enne d\u00e9ment avoir vot\u00e9 pour la candidature \u00ab du trio \u00bb"},"content":{"rendered":"<p><strong>Dans le d\u00e9compte des votes en sa faveur, le Maroc note onze absents de poids. Parmi ces onze f\u00e9d\u00e9rations africaines \u00e0 n&rsquo;avoir pas vot\u00e9 pour la candidature \u00ab du continent \u00bb : la Guin\u00e9e. Le pr\u00e9sident de la F\u00e9d\u00e9ration guin\u00e9enne de foot assure pourtant \u00e0 Jeune Afrique avoir vot\u00e9 pour le Maroc.<\/strong><\/p>\n<p>Au Maroc, on s\u2019\u00e9meut : ce 13 juin \u00e0 Moscou, lors du vote pour d\u00e9cerner l\u2019accueil de la Coupe du monde 2026,\u00a0Antonio Souar\u00e9, pr\u00e9sident de la F\u00e9d\u00e9ration guin\u00e9enne de football, a vot\u00e9 en faveur de la candidature\u00a0\u00ab\u00a0United\u00a0\u00bb \u2013 qui rassemble le Canada, les \u00c9tats-Unis et le Mexique \u2013 et non pour le royaume.<\/p>\n<p>Antonio Souar\u00e9 \u00e9tait pourtant pr\u00e9sent\u00e9 depuis mars 2018 par la presse guin\u00e9enne comme\u00a0\u00ab\u00a0ambassadeur\u00a0\u00bb de la candidature marocaine. Le pr\u00e9sident de la f\u00e9d\u00e9ration avait en effet rencontr\u00e9 l\u2019ambassadeur marocain en Guin\u00e9e Driss Isbayene le 8 mars. Tous s\u2019attendaient donc \u00e0 ce que le Guin\u00e9en vote pour le royaume, mais qu\u2019il fasse en outre sa promotion en amont du scrutin. Un espoir \u00e9galement aliment\u00e9 par le fait que Conakry compte parmi les alli\u00e9s traditionnels de Rabat en Afrique, aux c\u00f4t\u00e9s du Mali, du S\u00e9n\u00e9gal et du Gabon, qui, tous trois, ont bien offert leur voix au Maroc.<\/p>\n<p>&nbsp;<\/p>\n","protected":false},"excerpt":{"rendered":"<p>Dans le d\u00e9compte des votes en sa faveur, le Maroc note onze absents de poids. Parmi ces onze f\u00e9d\u00e9rations africaines \u00e0 n&rsquo;avoir pas vot\u00e9 pour la candidature \u00ab du continent \u00bb : la Guin\u00e9e. Le pr\u00e9sident de la F\u00e9d\u00e9ration guin\u00e9enne de foot assure pourtant \u00e0 Jeune Afrique avoir vot\u00e9 pour le Maroc. Au Maroc, on [&hellip;]<\/p>\n","protected":false},"author":12,"featured_media":25623,"comment_status":"closed","ping_status":"closed","sticky":false,"template":"","format":"standard","meta":{"_exactmetrics_skip_tracking":false,"_exactmetrics_sitenote_active":false,"_exactmetrics_sitenote_note":"","_exactmetrics_sitenote_category":0,"tdm_status":"","tdm_grid_status":"","footnotes":""},"categories":[18],"tags":[],"class_list":{"0":"post-25622","1":"post","2":"type-post","3":"status-publish","4":"format-standard","5":"has-post-thumbnail","7":"category-sport"},"yoast_head":"<!-- This site is optimized with the Yoast SEO plugin v24.2 - https:\/\/yoast.com\/wordpress\/plugins\/seo\/ -->\n<title>Mondial 2026 : le pr\u00e9sident de la f\u00e9d\u00e9ration guin\u00e9enne d\u00e9ment avoir vot\u00e9 pour la candidature \u00ab du trio \u00bb | Guin\u00e9e Diversit\u00e9<\/title>\n<meta name=\"robots\" content=\"index, follow, max-snippet:-1, max-image-preview:large, max-video-preview:-1\" \/>\n<link rel=\"canonical\" href=\"https:\/\/guineediversite.com\/index.php\/2018\/06\/13\/mondial-2026-le-president-de-la-federation-guineenne-dement-avoir-vote-pour-la-candidature-du-trio\/\" \/>\n<meta property=\"og:locale\" content=\"fr_FR\" \/>\n<meta property=\"og:type\" content=\"article\" \/>\n<meta property=\"og:title\" content=\"Mondial 2026 : le pr\u00e9sident de la f\u00e9d\u00e9ration guin\u00e9enne d\u00e9ment avoir vot\u00e9 pour la candidature \u00ab du trio \u00bb | Guin\u00e9e Diversit\u00e9\" \/>\n<meta property=\"og:description\" content=\"Dans le d\u00e9compte des votes en sa faveur, le Maroc note onze absents de poids. Parmi ces onze f\u00e9d\u00e9rations africaines \u00e0 n&rsquo;avoir pas vot\u00e9 pour la candidature \u00ab du continent \u00bb : la Guin\u00e9e. Le pr\u00e9sident de la F\u00e9d\u00e9ration guin\u00e9enne de foot assure pourtant \u00e0 Jeune Afrique avoir vot\u00e9 pour le Maroc. Au Maroc, on [&hellip;]\" \/>\n<meta property=\"og:url\" content=\"https:\/\/guineediversite.com\/index.php\/2018\/06\/13\/mondial-2026-le-president-de-la-federation-guineenne-dement-avoir-vote-pour-la-candidature-du-trio\/\" \/>\n<meta property=\"og:site_name\" content=\"Guin\u00e9e Diversit\u00e9\" \/>\n<meta property=\"article:publisher\" content=\"https:\/\/www.facebook.com\/guineediversite\/\" \/>\n<meta property=\"article:published_time\" content=\"2018-06-13T21:08:26+00:00\" \/>\n<meta property=\"og:image\" content=\"https:\/\/guineediversite.com\/wp-content\/uploads\/2018\/06\/t\u00e9l\u00e9chargement-3-2.jpg\" \/>\n\t<meta property=\"og:image:width\" content=\"1539\" \/>\n\t<meta property=\"og:image:height\" content=\"1024\" \/>\n\t<meta property=\"og:image:type\" content=\"image\/jpeg\" \/>\n<meta name=\"author\" content=\"Guin\u00e9e Diversit\u00e9\" \/>\n<meta name=\"twitter:card\" content=\"summary_large_image\" \/>\n<meta name=\"twitter:creator\" content=\"@GuineeDiversite\" \/>\n<meta name=\"twitter:site\" content=\"@GuineeDiversite\" \/>\n<meta name=\"twitter:label1\" content=\"\u00c9crit par\" \/>\n\t<meta name=\"twitter:data1\" content=\"Guin\u00e9e Diversit\u00e9\" \/>\n\t<meta name=\"twitter:label2\" content=\"Dur\u00e9e de lecture estim\u00e9e\" \/>\n\t<meta name=\"twitter:data2\" content=\"1 minute\" \/>\n<script type=\"application\/ld+json\" class=\"yoast-schema-graph\">{\"@context\":\"https:\/\/schema.org\",\"@graph\":[{\"@type\":\"Article\",\"@id\":\"https:\/\/guineediversite.com\/index.php\/2018\/06\/13\/mondial-2026-le-president-de-la-federation-guineenne-dement-avoir-vote-pour-la-candidature-du-trio\/#article\",\"isPartOf\":{\"@id\":\"https:\/\/guineediversite.com\/index.php\/2018\/06\/13\/mondial-2026-le-president-de-la-federation-guineenne-dement-avoir-vote-pour-la-candidature-du-trio\/\"},\"author\":{\"name\":\"Guin\u00e9e Diversit\u00e9\",\"@id\":\"https:\/\/guineediversite.com\/#\/schema\/person\/afa08fb34e7fc6e1feafc892612bc836\"},\"headline\":\"Mondial 2026 : le pr\u00e9sident de la f\u00e9d\u00e9ration guin\u00e9enne d\u00e9ment avoir vot\u00e9 pour la candidature \u00ab du trio \u00bb\",\"datePublished\":\"2018-06-13T21:08:26+00:00\",\"dateModified\":\"2018-06-13T21:08:26+00:00\",\"mainEntityOfPage\":{\"@id\":\"https:\/\/guineediversite.com\/index.php\/2018\/06\/13\/mondial-2026-le-president-de-la-federation-guineenne-dement-avoir-vote-pour-la-candidature-du-trio\/\"},\"wordCount\":241,\"publisher\":{\"@id\":\"https:\/\/guineediversite.com\/#organization\"},\"image\":{\"@id\":\"https:\/\/guineediversite.com\/index.php\/2018\/06\/13\/mondial-2026-le-president-de-la-federation-guineenne-dement-avoir-vote-pour-la-candidature-du-trio\/#primaryimage\"},\"thumbnailUrl\":\"https:\/\/guineediversite.com\/wp-content\/uploads\/2018\/06\/t\u00e9l\u00e9chargement-3-2.jpg\",\"articleSection\":[\"Sport\"],\"inLanguage\":\"fr-FR\"},{\"@type\":\"WebPage\",\"@id\":\"https:\/\/guineediversite.com\/index.php\/2018\/06\/13\/mondial-2026-le-president-de-la-federation-guineenne-dement-avoir-vote-pour-la-candidature-du-trio\/\",\"url\":\"https:\/\/guineediversite.com\/index.php\/2018\/06\/13\/mondial-2026-le-president-de-la-federation-guineenne-dement-avoir-vote-pour-la-candidature-du-trio\/\",\"name\":\"Mondial 2026 : le pr\u00e9sident de la f\u00e9d\u00e9ration guin\u00e9enne d\u00e9ment avoir vot\u00e9 pour la candidature \u00ab du trio \u00bb | Guin\u00e9e Diversit\u00e9\",\"isPartOf\":{\"@id\":\"https:\/\/guineediversite.com\/#website\"},\"primaryImageOfPage\":{\"@id\":\"https:\/\/guineediversite.com\/index.php\/2018\/06\/13\/mondial-2026-le-president-de-la-federation-guineenne-dement-avoir-vote-pour-la-candidature-du-trio\/#primaryimage\"},\"image\":{\"@id\":\"https:\/\/guineediversite.com\/index.php\/2018\/06\/13\/mondial-2026-le-president-de-la-federation-guineenne-dement-avoir-vote-pour-la-candidature-du-trio\/#primaryimage\"},\"thumbnailUrl\":\"https:\/\/guineediversite.com\/wp-content\/uploads\/2018\/06\/t\u00e9l\u00e9chargement-3-2.jpg\",\"datePublished\":\"2018-06-13T21:08:26+00:00\",\"dateModified\":\"2018-06-13T21:08:26+00:00\",\"breadcrumb\":{\"@id\":\"https:\/\/guineediversite.com\/index.php\/2018\/06\/13\/mondial-2026-le-president-de-la-federation-guineenne-dement-avoir-vote-pour-la-candidature-du-trio\/#breadcrumb\"},\"inLanguage\":\"fr-FR\",\"potentialAction\":[{\"@type\":\"ReadAction\",\"target\":[\"https:\/\/guineediversite.com\/index.php\/2018\/06\/13\/mondial-2026-le-president-de-la-federation-guineenne-dement-avoir-vote-pour-la-candidature-du-trio\/\"]}]},{\"@type\":\"ImageObject\",\"inLanguage\":\"fr-FR\",\"@id\":\"https:\/\/guineediversite.com\/index.php\/2018\/06\/13\/mondial-2026-le-president-de-la-federation-guineenne-dement-avoir-vote-pour-la-candidature-du-trio\/#primaryimage\",\"url\":\"https:\/\/guineediversite.com\/wp-content\/uploads\/2018\/06\/t\u00e9l\u00e9chargement-3-2.jpg\",\"contentUrl\":\"https:\/\/guineediversite.com\/wp-content\/uploads\/2018\/06\/t\u00e9l\u00e9chargement-3-2.jpg\",\"width\":\"1539\",\"height\":\"1024\"},{\"@type\":\"BreadcrumbList\",\"@id\":\"https:\/\/guineediversite.com\/index.php\/2018\/06\/13\/mondial-2026-le-president-de-la-federation-guineenne-dement-avoir-vote-pour-la-candidature-du-trio\/#breadcrumb\",\"itemListElement\":[{\"@type\":\"ListItem\",\"position\":1,\"name\":\"Accueil\",\"item\":\"https:\/\/guineediversite.com\/\"},{\"@type\":\"ListItem\",\"position\":2,\"name\":\"Mondial 2026 : le pr\u00e9sident de la f\u00e9d\u00e9ration guin\u00e9enne d\u00e9ment avoir vot\u00e9 pour la candidature \u00ab du trio \u00bb\"}]},{\"@type\":\"WebSite\",\"@id\":\"https:\/\/guineediversite.com\/#website\",\"url\":\"https:\/\/guineediversite.com\/\",\"name\":\"Guin\u00e9e Diversit\u00e9\",\"description\":\"L&#039;Info dans toute sa diversit\u00e9\",\"publisher\":{\"@id\":\"https:\/\/guineediversite.com\/#organization\"},\"potentialAction\":[{\"@type\":\"SearchAction\",\"target\":{\"@type\":\"EntryPoint\",\"urlTemplate\":\"https:\/\/guineediversite.com\/?s={search_term_string}\"},\"query-input\":{\"@type\":\"PropertyValueSpecification\",\"valueRequired\":true,\"valueName\":\"search_term_string\"}}],\"inLanguage\":\"fr-FR\"},{\"@type\":\"Organization\",\"@id\":\"https:\/\/guineediversite.com\/#organization\",\"name\":\"Guin\u00e9e Diversit\u00e9\",\"url\":\"https:\/\/guineediversite.com\/\",\"logo\":{\"@type\":\"ImageObject\",\"inLanguage\":\"fr-FR\",\"@id\":\"https:\/\/guineediversite.com\/#\/schema\/logo\/image\/\",\"url\":\"https:\/\/guineediversite.com\/wp-content\/uploads\/2017\/04\/cropped-1jojlxEOMkX9Wyqfhe43D6kjPOGqBBKmx3EwWJqZ0cMrFF54yM49.png\",\"contentUrl\":\"https:\/\/guineediversite.com\/wp-content\/uploads\/2017\/04\/cropped-1jojlxEOMkX9Wyqfhe43D6kjPOGqBBKmx3EwWJqZ0cMrFF54yM49.png\",\"width\":186,\"height\":112,\"caption\":\"Guin\u00e9e Diversit\u00e9\"},\"image\":{\"@id\":\"https:\/\/guineediversite.com\/#\/schema\/logo\/image\/\"},\"sameAs\":[\"https:\/\/www.facebook.com\/guineediversite\/\",\"https:\/\/x.com\/GuineeDiversite\",\"https:\/\/www.youtube.com\/channel\/UC8sUY16qelG5ge6_D5SB83g\"]},{\"@type\":\"Person\",\"@id\":\"https:\/\/guineediversite.com\/#\/schema\/person\/afa08fb34e7fc6e1feafc892612bc836\",\"name\":\"Guin\u00e9e Diversit\u00e9\",\"image\":{\"@type\":\"ImageObject\",\"inLanguage\":\"fr-FR\",\"@id\":\"https:\/\/guineediversite.com\/#\/schema\/person\/image\/\",\"url\":\"https:\/\/secure.gravatar.com\/avatar\/50d5eb5b390f8b65ac30ac6f898eb83a?s=96&d=mm&r=g\",\"contentUrl\":\"https:\/\/secure.gravatar.com\/avatar\/50d5eb5b390f8b65ac30ac6f898eb83a?s=96&d=mm&r=g\",\"caption\":\"Guin\u00e9e Diversit\u00e9\"},\"url\":\"https:\/\/guineediversite.com\/index.php\/author\/guineediversite\/\"}]}<\/script>\n<!-- \/ Yoast SEO plugin. -->","yoast_head_json":{"title":"Mondial 2026 : le pr\u00e9sident de la f\u00e9d\u00e9ration guin\u00e9enne d\u00e9ment avoir vot\u00e9 pour la candidature \u00ab du trio \u00bb | Guin\u00e9e Diversit\u00e9","robots":{"index":"index","follow":"follow","max-snippet":"max-snippet:-1","max-image-preview":"max-image-preview:large","max-video-preview":"max-video-preview:-1"},"canonical":"https:\/\/guineediversite.com\/index.php\/2018\/06\/13\/mondial-2026-le-president-de-la-federation-guineenne-dement-avoir-vote-pour-la-candidature-du-trio\/","og_locale":"fr_FR","og_type":"article","og_title":"Mondial 2026 : le pr\u00e9sident de la f\u00e9d\u00e9ration guin\u00e9enne d\u00e9ment avoir vot\u00e9 pour la candidature \u00ab du trio \u00bb | Guin\u00e9e Diversit\u00e9","og_description":"Dans le d\u00e9compte des votes en sa faveur, le Maroc note onze absents de poids. Parmi ces onze f\u00e9d\u00e9rations africaines \u00e0 n&rsquo;avoir pas vot\u00e9 pour la candidature \u00ab du continent \u00bb : la Guin\u00e9e. Le pr\u00e9sident de la F\u00e9d\u00e9ration guin\u00e9enne de foot assure pourtant \u00e0 Jeune Afrique avoir vot\u00e9 pour le Maroc. Au Maroc, on [&hellip;]","og_url":"https:\/\/guineediversite.com\/index.php\/2018\/06\/13\/mondial-2026-le-president-de-la-federation-guineenne-dement-avoir-vote-pour-la-candidature-du-trio\/","og_site_name":"Guin\u00e9e Diversit\u00e9","article_publisher":"https:\/\/www.facebook.com\/guineediversite\/","article_published_time":"2018-06-13T21:08:26+00:00","og_image":[{"width":1539,"height":1024,"url":"https:\/\/guineediversite.com\/wp-content\/uploads\/2018\/06\/t\u00e9l\u00e9chargement-3-2.jpg","type":"image\/jpeg"}],"author":"Guin\u00e9e Diversit\u00e9","twitter_card":"summary_large_image","twitter_creator":"@GuineeDiversite","twitter_site":"@GuineeDiversite","twitter_misc":{"\u00c9crit par":"Guin\u00e9e Diversit\u00e9","Dur\u00e9e de lecture estim\u00e9e":"1 minute"},"schema":{"@context":"https:\/\/schema.org","@graph":[{"@type":"Article","@id":"https:\/\/guineediversite.com\/index.php\/2018\/06\/13\/mondial-2026-le-president-de-la-federation-guineenne-dement-avoir-vote-pour-la-candidature-du-trio\/#article","isPartOf":{"@id":"https:\/\/guineediversite.com\/index.php\/2018\/06\/13\/mondial-2026-le-president-de-la-federation-guineenne-dement-avoir-vote-pour-la-candidature-du-trio\/"},"author":{"name":"Guin\u00e9e Diversit\u00e9","@id":"https:\/\/guineediversite.com\/#\/schema\/person\/afa08fb34e7fc6e1feafc892612bc836"},"headline":"Mondial 2026 : le pr\u00e9sident de la f\u00e9d\u00e9ration guin\u00e9enne d\u00e9ment avoir vot\u00e9 pour la candidature \u00ab du trio \u00bb","datePublished":"2018-06-13T21:08:26+00:00","dateModified":"2018-06-13T21:08:26+00:00","mainEntityOfPage":{"@id":"https:\/\/guineediversite.com\/index.php\/2018\/06\/13\/mondial-2026-le-president-de-la-federation-guineenne-dement-avoir-vote-pour-la-candidature-du-trio\/"},"wordCount":241,"publisher":{"@id":"https:\/\/guineediversite.com\/#organization"},"image":{"@id":"https:\/\/guineediversite.com\/index.php\/2018\/06\/13\/mondial-2026-le-president-de-la-federation-guineenne-dement-avoir-vote-pour-la-candidature-du-trio\/#primaryimage"},"thumbnailUrl":"https:\/\/guineediversite.com\/wp-content\/uploads\/2018\/06\/t\u00e9l\u00e9chargement-3-2.jpg","articleSection":["Sport"],"inLanguage":"fr-FR"},{"@type":"WebPage","@id":"https:\/\/guineediversite.com\/index.php\/2018\/06\/13\/mondial-2026-le-president-de-la-federation-guineenne-dement-avoir-vote-pour-la-candidature-du-trio\/","url":"https:\/\/guineediversite.com\/index.php\/2018\/06\/13\/mondial-2026-le-president-de-la-federation-guineenne-dement-avoir-vote-pour-la-candidature-du-trio\/","name":"Mondial 2026 : le pr\u00e9sident de la f\u00e9d\u00e9ration guin\u00e9enne d\u00e9ment avoir vot\u00e9 pour la candidature \u00ab du trio \u00bb | Guin\u00e9e Diversit\u00e9","isPartOf":{"@id":"https:\/\/guineediversite.com\/#website"},"primaryImageOfPage":{"@id":"https:\/\/guineediversite.com\/index.php\/2018\/06\/13\/mondial-2026-le-president-de-la-federation-guineenne-dement-avoir-vote-pour-la-candidature-du-trio\/#primaryimage"},"image":{"@id":"https:\/\/guineediversite.com\/index.php\/2018\/06\/13\/mondial-2026-le-president-de-la-federation-guineenne-dement-avoir-vote-pour-la-candidature-du-trio\/#primaryimage"},"thumbnailUrl":"https:\/\/guineediversite.com\/wp-content\/uploads\/2018\/06\/t\u00e9l\u00e9chargement-3-2.jpg","datePublished":"2018-06-13T21:08:26+00:00","dateModified":"2018-06-13T21:08:26+00:00","breadcrumb":{"@id":"https:\/\/guineediversite.com\/index.php\/2018\/06\/13\/mondial-2026-le-president-de-la-federation-guineenne-dement-avoir-vote-pour-la-candidature-du-trio\/#breadcrumb"},"inLanguage":"fr-FR","potentialAction":[{"@type":"ReadAction","target":["https:\/\/guineediversite.com\/index.php\/2018\/06\/13\/mondial-2026-le-president-de-la-federation-guineenne-dement-avoir-vote-pour-la-candidature-du-trio\/"]}]},{"@type":"ImageObject","inLanguage":"fr-FR","@id":"https:\/\/guineediversite.com\/index.php\/2018\/06\/13\/mondial-2026-le-president-de-la-federation-guineenne-dement-avoir-vote-pour-la-candidature-du-trio\/#primaryimage","url":"https:\/\/guineediversite.com\/wp-content\/uploads\/2018\/06\/t\u00e9l\u00e9chargement-3-2.jpg","contentUrl":"https:\/\/guineediversite.com\/wp-content\/uploads\/2018\/06\/t\u00e9l\u00e9chargement-3-2.jpg","width":"1539","height":"1024"},{"@type":"BreadcrumbList","@id":"https:\/\/guineediversite.com\/index.php\/2018\/06\/13\/mondial-2026-le-president-de-la-federation-guineenne-dement-avoir-vote-pour-la-candidature-du-trio\/#breadcrumb","itemListElement":[{"@type":"ListItem","position":1,"name":"Accueil","item":"https:\/\/guineediversite.com\/"},{"@type":"ListItem","position":2,"name":"Mondial 2026 : le pr\u00e9sident de la f\u00e9d\u00e9ration guin\u00e9enne d\u00e9ment avoir vot\u00e9 pour la candidature \u00ab du trio \u00bb"}]},{"@type":"WebSite","@id":"https:\/\/guineediversite.com\/#website","url":"https:\/\/guineediversite.com\/","name":"Guin\u00e9e Diversit\u00e9","description":"L&#039;Info dans toute sa diversit\u00e9","publisher":{"@id":"https:\/\/guineediversite.com\/#organization"},"potentialAction":[{"@type":"SearchAction","target":{"@type":"EntryPoint","urlTemplate":"https:\/\/guineediversite.com\/?s={search_term_string}"},"query-input":{"@type":"PropertyValueSpecification","valueRequired":true,"valueName":"search_term_string"}}],"inLanguage":"fr-FR"},{"@type":"Organization","@id":"https:\/\/guineediversite.com\/#organization","name":"Guin\u00e9e Diversit\u00e9","url":"https:\/\/guineediversite.com\/","logo":{"@type":"ImageObject","inLanguage":"fr-FR","@id":"https:\/\/guineediversite.com\/#\/schema\/logo\/image\/","url":"https:\/\/guineediversite.com\/wp-content\/uploads\/2017\/04\/cropped-1jojlxEOMkX9Wyqfhe43D6kjPOGqBBKmx3EwWJqZ0cMrFF54yM49.png","contentUrl":"https:\/\/guineediversite.com\/wp-content\/uploads\/2017\/04\/cropped-1jojlxEOMkX9Wyqfhe43D6kjPOGqBBKmx3EwWJqZ0cMrFF54yM49.png","width":186,"height":112,"caption":"Guin\u00e9e Diversit\u00e9"},"image":{"@id":"https:\/\/guineediversite.com\/#\/schema\/logo\/image\/"},"sameAs":["https:\/\/www.facebook.com\/guineediversite\/","https:\/\/x.com\/GuineeDiversite","https:\/\/www.youtube.com\/channel\/UC8sUY16qelG5ge6_D5SB83g"]},{"@type":"Person","@id":"https:\/\/guineediversite.com\/#\/schema\/person\/afa08fb34e7fc6e1feafc892612bc836","name":"Guin\u00e9e Diversit\u00e9","image":{"@type":"ImageObject","inLanguage":"fr-FR","@id":"https:\/\/guineediversite.com\/#\/schema\/person\/image\/","url":"https:\/\/secure.gravatar.com\/avatar\/50d5eb5b390f8b65ac30ac6f898eb83a?s=96&d=mm&r=g","contentUrl":"https:\/\/secure.gravatar.com\/avatar\/50d5eb5b390f8b65ac30ac6f898eb83a?s=96&d=mm&r=g","caption":"Guin\u00e9e Diversit\u00e9"},"url":"https:\/\/guineediversite.com\/index.php\/author\/guineediversite\/"}]}},"_links":{"self":[{"href":"https:\/\/guineediversite.com\/index.php\/wp-json\/wp\/v2\/posts\/25622"}],"collection":[{"href":"https:\/\/guineediversite.com\/index.php\/wp-json\/wp\/v2\/posts"}],"about":[{"href":"https:\/\/guineediversite.com\/index.php\/wp-json\/wp\/v2\/types\/post"}],"author":[{"embeddable":true,"href":"https:\/\/guineediversite.com\/index.php\/wp-json\/wp\/v2\/users\/12"}],"replies":[{"embeddable":true,"href":"https:\/\/guineediversite.com\/index.php\/wp-json\/wp\/v2\/comments?post=25622"}],"version-history":[{"count":0,"href":"https:\/\/guineediversite.com\/index.php\/wp-json\/wp\/v2\/posts\/25622\/revisions"}],"wp:featuredmedia":[{"embeddable":true,"href":"https:\/\/guineediversite.com\/index.php\/wp-json\/wp\/v2\/media\/25623"}],"wp:attachment":[{"href":"https:\/\/guineediversite.com\/index.php\/wp-json\/wp\/v2\/media?parent=25622"}],"wp:term":[{"taxonomy":"category","embeddable":true,"href":"https:\/\/guineediversite.com\/index.php\/wp-json\/wp\/v2\/categories?post=25622"},{"taxonomy":"post_tag","embeddable":true,"href":"https:\/\/guineediversite.com\/index.php\/wp-json\/wp\/v2\/tags?post=25622"}],"curies":[{"name":"wp","href":"https:\/\/api.w.org\/{rel}","templated":true}]}}