{"id":25530,"date":"2018-06-07T12:56:07","date_gmt":"2018-06-07T10:56:07","guid":{"rendered":"https:\/\/guineediversite.com\/?p=25530"},"modified":"2018-06-07T12:57:12","modified_gmt":"2018-06-07T10:57:12","slug":"guinee-les-avocats-des-victimes-du-28-septembre-2009-refute-la-reclassification-des-faits-commis-et-le-non-lieu-partiel-prononce-en-faveur-du-colonel-bienvenue-lamah-et-general-mathurin-bangoura","status":"publish","type":"post","link":"https:\/\/guineediversite.com\/index.php\/2018\/06\/07\/guinee-les-avocats-des-victimes-du-28-septembre-2009-refute-la-reclassification-des-faits-commis-et-le-non-lieu-partiel-prononce-en-faveur-du-colonel-bienvenue-lamah-et-general-mathurin-bangoura\/","title":{"rendered":"Guin\u00e9e : Les avocats des victimes du 28 septembre 2009, r\u00e9futent la reclassification des faits commis et le non-lieu partiel prononc\u00e9 en faveur du colonel bienvenue Lamah et g\u00e9n\u00e9ral Mathurin Bangoura."},"content":{"rendered":"<p><strong>Suite \u00e0 la mise en place du comit\u00e9 de pilotage du proc\u00e8s des \u00e9v\u00e9nements du 28 septembre 2009 par le minist\u00e8re de la justice garde des sceaux, la semaine derni\u00e8re. Le collectif des avocats des victimes, a anim\u00e9 une conf\u00e9rence de presse ce mercredi 06 juin 2018 \u00e0 Conakry. Objectif, \u00e9voqu\u00e9 l\u2019\u00e9tat d\u2019avancement du dossier du 28 septembre 2009 au stade du m\u00eame nom.<\/strong><\/p>\n<p>D&rsquo;entr\u00e9e de jeu, les avocats ont salu\u00e9 la mise en place du comit\u00e9. Mais pour eux, la tenue effective de ce proc\u00e8s r\u00e9sulte de la garantie s\u00e9curitaire assur\u00e9e \u00e0 l&rsquo;endroit des victimes, des pr\u00e9sum\u00e9s, des t\u00e9moins et m\u00eame des magistrats.<\/p>\n<p>Concernant la reclassification des faits de crime ordinaires au lieu de crime contre l&rsquo;humanit\u00e9 et du fait que deux (02) personnalit\u00e9s d\u00e9j\u00e0 inculp\u00e9es viennent d&rsquo;\u00eatre innocent\u00e9s par la chambre des juges d&rsquo;instruction. L&rsquo;avocat de la d\u00e9fense Me. Amadou DS BAH indique :<\/p>\n<p>\u00ab Il y avait(15) quinze inculp\u00e9s dans cette affaire, deux d&rsquo;entre eux viennent d&rsquo;\u00eatre innocent\u00e9s \u00e0 travers un arr\u00eat rendu par la poule des juges charg\u00e9e de piloter les enqu\u00eates sur ces infractions. Ce qui ram\u00e8ne l&rsquo;effectif \u00e0 13 et qui sont ramen\u00e9s pr\u00e8s du tribunal criminel. Nous allons faire appellent aupr\u00e8s de la cour supr\u00eame contre cette d\u00e9cision infond\u00e9e. Bienvenue LAMAH \u00e9tait l&rsquo;adjoint de l&rsquo;instructeur du camp de Samoroya, d&rsquo;o\u00f9 sont parties plusieurs milices qui sont venues sem\u00e9es des troubles au stade 28 septembre. Comment ceux-ci peuvent \u00eatre blanchis de cette fa\u00e7on, c&rsquo;est injuste. Sinon comment les rapports commandit\u00e9s par l&rsquo;ONU peuvent qualifier ces infractions comme crime contre l&rsquo;humanit\u00e9 et qu&rsquo;on reclasse et d&rsquo;ailleurs ces genres d&rsquo;infractions sont pr\u00e9vues par notre Code de proc\u00e9dure p\u00e9nale. Pour le cas de certaines pi\u00e8ces maitresses dans ce dossier comme les exil\u00e9s, nous pensons qu&rsquo;aux moments venus, ils se pr\u00e9senteront pour r\u00e9pondre \u00e0 leurs actes.\u00bb<\/p>\n<p>Le comit\u00e9 de pilotage \u00e0 la charge de d\u00e9finir la date et le lieu de la tenue du proc\u00e8s. Pour rappelle, ces violences avaient fait plus de 150 morts et plusieurs femmes viol\u00e9es.<\/p>\n<p><strong>Ousmane BAKAYOKO\/622 472 893<\/strong><\/p>\n","protected":false},"excerpt":{"rendered":"<p>Suite \u00e0 la mise en place du comit\u00e9 de pilotage du proc\u00e8s des \u00e9v\u00e9nements du 28 septembre 2009 par le minist\u00e8re de la justice garde des sceaux, la semaine derni\u00e8re. Le collectif des avocats des victimes, a anim\u00e9 une conf\u00e9rence de presse ce mercredi 06 juin 2018 \u00e0 Conakry. Objectif, \u00e9voqu\u00e9 l\u2019\u00e9tat d\u2019avancement du dossier [&hellip;]<\/p>\n","protected":false},"author":12,"featured_media":25531,"comment_status":"closed","ping_status":"closed","sticky":false,"template":"","format":"standard","meta":{"_exactmetrics_skip_tracking":false,"_exactmetrics_sitenote_active":false,"_exactmetrics_sitenote_note":"","_exactmetrics_sitenote_category":0,"tdm_status":"","tdm_grid_status":"","footnotes":""},"categories":[16],"tags":[],"class_list":{"0":"post-25530","1":"post","2":"type-post","3":"status-publish","4":"format-standard","5":"has-post-thumbnail","7":"category-societe"},"yoast_head":"<!-- This site is optimized with the Yoast SEO plugin v24.2 - https:\/\/yoast.com\/wordpress\/plugins\/seo\/ -->\n<title>Guin\u00e9e : Les avocats des victimes du 28 septembre 2009, r\u00e9futent la reclassification des faits commis et le non-lieu partiel prononc\u00e9 en faveur du colonel bienvenue Lamah et g\u00e9n\u00e9ral Mathurin Bangoura. | Guin\u00e9e Diversit\u00e9<\/title>\n<meta name=\"robots\" content=\"index, follow, max-snippet:-1, max-image-preview:large, max-video-preview:-1\" \/>\n<link rel=\"canonical\" href=\"https:\/\/guineediversite.com\/index.php\/2018\/06\/07\/guinee-les-avocats-des-victimes-du-28-septembre-2009-refute-la-reclassification-des-faits-commis-et-le-non-lieu-partiel-prononce-en-faveur-du-colonel-bienvenue-lamah-et-general-mathurin-bangoura\/\" \/>\n<meta property=\"og:locale\" content=\"fr_FR\" \/>\n<meta property=\"og:type\" content=\"article\" \/>\n<meta property=\"og:title\" content=\"Guin\u00e9e : Les avocats des victimes du 28 septembre 2009, r\u00e9futent la reclassification des faits commis et le non-lieu partiel prononc\u00e9 en faveur du colonel bienvenue Lamah et g\u00e9n\u00e9ral Mathurin Bangoura. | Guin\u00e9e Diversit\u00e9\" \/>\n<meta property=\"og:description\" content=\"Suite \u00e0 la mise en place du comit\u00e9 de pilotage du proc\u00e8s des \u00e9v\u00e9nements du 28 septembre 2009 par le minist\u00e8re de la justice garde des sceaux, la semaine derni\u00e8re. Le collectif des avocats des victimes, a anim\u00e9 une conf\u00e9rence de presse ce mercredi 06 juin 2018 \u00e0 Conakry. Objectif, \u00e9voqu\u00e9 l\u2019\u00e9tat d\u2019avancement du dossier [&hellip;]\" \/>\n<meta property=\"og:url\" content=\"https:\/\/guineediversite.com\/index.php\/2018\/06\/07\/guinee-les-avocats-des-victimes-du-28-septembre-2009-refute-la-reclassification-des-faits-commis-et-le-non-lieu-partiel-prononce-en-faveur-du-colonel-bienvenue-lamah-et-general-mathurin-bangoura\/\" \/>\n<meta property=\"og:site_name\" content=\"Guin\u00e9e Diversit\u00e9\" \/>\n<meta property=\"article:publisher\" content=\"https:\/\/www.facebook.com\/guineediversite\/\" \/>\n<meta property=\"article:published_time\" content=\"2018-06-07T10:56:07+00:00\" \/>\n<meta property=\"article:modified_time\" content=\"2018-06-07T10:57:12+00:00\" \/>\n<meta property=\"og:image\" content=\"https:\/\/guineediversite.com\/wp-content\/uploads\/2018\/06\/20180606_121430.jpg\" \/>\n\t<meta property=\"og:image:width\" content=\"1707\" \/>\n\t<meta property=\"og:image:height\" content=\"1024\" \/>\n\t<meta property=\"og:image:type\" content=\"image\/jpeg\" \/>\n<meta name=\"author\" content=\"Guin\u00e9e Diversit\u00e9\" \/>\n<meta name=\"twitter:card\" content=\"summary_large_image\" \/>\n<meta name=\"twitter:creator\" content=\"@GuineeDiversite\" \/>\n<meta name=\"twitter:site\" content=\"@GuineeDiversite\" \/>\n<meta name=\"twitter:label1\" content=\"\u00c9crit par\" \/>\n\t<meta name=\"twitter:data1\" content=\"Guin\u00e9e Diversit\u00e9\" \/>\n\t<meta name=\"twitter:label2\" content=\"Dur\u00e9e de lecture estim\u00e9e\" \/>\n\t<meta name=\"twitter:data2\" content=\"2 minutes\" \/>\n<script type=\"application\/ld+json\" class=\"yoast-schema-graph\">{\"@context\":\"https:\/\/schema.org\",\"@graph\":[{\"@type\":\"Article\",\"@id\":\"https:\/\/guineediversite.com\/index.php\/2018\/06\/07\/guinee-les-avocats-des-victimes-du-28-septembre-2009-refute-la-reclassification-des-faits-commis-et-le-non-lieu-partiel-prononce-en-faveur-du-colonel-bienvenue-lamah-et-general-mathurin-bangoura\/#article\",\"isPartOf\":{\"@id\":\"https:\/\/guineediversite.com\/index.php\/2018\/06\/07\/guinee-les-avocats-des-victimes-du-28-septembre-2009-refute-la-reclassification-des-faits-commis-et-le-non-lieu-partiel-prononce-en-faveur-du-colonel-bienvenue-lamah-et-general-mathurin-bangoura\/\"},\"author\":{\"name\":\"Guin\u00e9e Diversit\u00e9\",\"@id\":\"https:\/\/guineediversite.com\/#\/schema\/person\/afa08fb34e7fc6e1feafc892612bc836\"},\"headline\":\"Guin\u00e9e : Les avocats des victimes du 28 septembre 2009, r\u00e9futent la reclassification des faits commis et le non-lieu partiel prononc\u00e9 en faveur du colonel bienvenue Lamah et g\u00e9n\u00e9ral Mathurin Bangoura.\",\"datePublished\":\"2018-06-07T10:56:07+00:00\",\"dateModified\":\"2018-06-07T10:57:12+00:00\",\"mainEntityOfPage\":{\"@id\":\"https:\/\/guineediversite.com\/index.php\/2018\/06\/07\/guinee-les-avocats-des-victimes-du-28-septembre-2009-refute-la-reclassification-des-faits-commis-et-le-non-lieu-partiel-prononce-en-faveur-du-colonel-bienvenue-lamah-et-general-mathurin-bangoura\/\"},\"wordCount\":412,\"publisher\":{\"@id\":\"https:\/\/guineediversite.com\/#organization\"},\"image\":{\"@id\":\"https:\/\/guineediversite.com\/index.php\/2018\/06\/07\/guinee-les-avocats-des-victimes-du-28-septembre-2009-refute-la-reclassification-des-faits-commis-et-le-non-lieu-partiel-prononce-en-faveur-du-colonel-bienvenue-lamah-et-general-mathurin-bangoura\/#primaryimage\"},\"thumbnailUrl\":\"https:\/\/guineediversite.com\/wp-content\/uploads\/2018\/06\/20180606_121430.jpg\",\"articleSection\":[\"Soci\u00e9t\u00e9\"],\"inLanguage\":\"fr-FR\"},{\"@type\":\"WebPage\",\"@id\":\"https:\/\/guineediversite.com\/index.php\/2018\/06\/07\/guinee-les-avocats-des-victimes-du-28-septembre-2009-refute-la-reclassification-des-faits-commis-et-le-non-lieu-partiel-prononce-en-faveur-du-colonel-bienvenue-lamah-et-general-mathurin-bangoura\/\",\"url\":\"https:\/\/guineediversite.com\/index.php\/2018\/06\/07\/guinee-les-avocats-des-victimes-du-28-septembre-2009-refute-la-reclassification-des-faits-commis-et-le-non-lieu-partiel-prononce-en-faveur-du-colonel-bienvenue-lamah-et-general-mathurin-bangoura\/\",\"name\":\"Guin\u00e9e : Les avocats des victimes du 28 septembre 2009, r\u00e9futent la reclassification des faits commis et le non-lieu partiel prononc\u00e9 en faveur du colonel bienvenue Lamah et g\u00e9n\u00e9ral Mathurin Bangoura. | Guin\u00e9e Diversit\u00e9\",\"isPartOf\":{\"@id\":\"https:\/\/guineediversite.com\/#website\"},\"primaryImageOfPage\":{\"@id\":\"https:\/\/guineediversite.com\/index.php\/2018\/06\/07\/guinee-les-avocats-des-victimes-du-28-septembre-2009-refute-la-reclassification-des-faits-commis-et-le-non-lieu-partiel-prononce-en-faveur-du-colonel-bienvenue-lamah-et-general-mathurin-bangoura\/#primaryimage\"},\"image\":{\"@id\":\"https:\/\/guineediversite.com\/index.php\/2018\/06\/07\/guinee-les-avocats-des-victimes-du-28-septembre-2009-refute-la-reclassification-des-faits-commis-et-le-non-lieu-partiel-prononce-en-faveur-du-colonel-bienvenue-lamah-et-general-mathurin-bangoura\/#primaryimage\"},\"thumbnailUrl\":\"https:\/\/guineediversite.com\/wp-content\/uploads\/2018\/06\/20180606_121430.jpg\",\"datePublished\":\"2018-06-07T10:56:07+00:00\",\"dateModified\":\"2018-06-07T10:57:12+00:00\",\"breadcrumb\":{\"@id\":\"https:\/\/guineediversite.com\/index.php\/2018\/06\/07\/guinee-les-avocats-des-victimes-du-28-septembre-2009-refute-la-reclassification-des-faits-commis-et-le-non-lieu-partiel-prononce-en-faveur-du-colonel-bienvenue-lamah-et-general-mathurin-bangoura\/#breadcrumb\"},\"inLanguage\":\"fr-FR\",\"potentialAction\":[{\"@type\":\"ReadAction\",\"target\":[\"https:\/\/guineediversite.com\/index.php\/2018\/06\/07\/guinee-les-avocats-des-victimes-du-28-septembre-2009-refute-la-reclassification-des-faits-commis-et-le-non-lieu-partiel-prononce-en-faveur-du-colonel-bienvenue-lamah-et-general-mathurin-bangoura\/\"]}]},{\"@type\":\"ImageObject\",\"inLanguage\":\"fr-FR\",\"@id\":\"https:\/\/guineediversite.com\/index.php\/2018\/06\/07\/guinee-les-avocats-des-victimes-du-28-septembre-2009-refute-la-reclassification-des-faits-commis-et-le-non-lieu-partiel-prononce-en-faveur-du-colonel-bienvenue-lamah-et-general-mathurin-bangoura\/#primaryimage\",\"url\":\"https:\/\/guineediversite.com\/wp-content\/uploads\/2018\/06\/20180606_121430.jpg\",\"contentUrl\":\"https:\/\/guineediversite.com\/wp-content\/uploads\/2018\/06\/20180606_121430.jpg\",\"width\":\"1707\",\"height\":\"1024\"},{\"@type\":\"BreadcrumbList\",\"@id\":\"https:\/\/guineediversite.com\/index.php\/2018\/06\/07\/guinee-les-avocats-des-victimes-du-28-septembre-2009-refute-la-reclassification-des-faits-commis-et-le-non-lieu-partiel-prononce-en-faveur-du-colonel-bienvenue-lamah-et-general-mathurin-bangoura\/#breadcrumb\",\"itemListElement\":[{\"@type\":\"ListItem\",\"position\":1,\"name\":\"Accueil\",\"item\":\"https:\/\/guineediversite.com\/\"},{\"@type\":\"ListItem\",\"position\":2,\"name\":\"Guin\u00e9e : Les avocats des victimes du 28 septembre 2009, r\u00e9futent la reclassification des faits commis et le non-lieu partiel prononc\u00e9 en faveur du colonel bienvenue Lamah et g\u00e9n\u00e9ral Mathurin Bangoura.\"}]},{\"@type\":\"WebSite\",\"@id\":\"https:\/\/guineediversite.com\/#website\",\"url\":\"https:\/\/guineediversite.com\/\",\"name\":\"Guin\u00e9e Diversit\u00e9\",\"description\":\"L&#039;Info dans toute sa diversit\u00e9\",\"publisher\":{\"@id\":\"https:\/\/guineediversite.com\/#organization\"},\"potentialAction\":[{\"@type\":\"SearchAction\",\"target\":{\"@type\":\"EntryPoint\",\"urlTemplate\":\"https:\/\/guineediversite.com\/?s={search_term_string}\"},\"query-input\":{\"@type\":\"PropertyValueSpecification\",\"valueRequired\":true,\"valueName\":\"search_term_string\"}}],\"inLanguage\":\"fr-FR\"},{\"@type\":\"Organization\",\"@id\":\"https:\/\/guineediversite.com\/#organization\",\"name\":\"Guin\u00e9e Diversit\u00e9\",\"url\":\"https:\/\/guineediversite.com\/\",\"logo\":{\"@type\":\"ImageObject\",\"inLanguage\":\"fr-FR\",\"@id\":\"https:\/\/guineediversite.com\/#\/schema\/logo\/image\/\",\"url\":\"https:\/\/guineediversite.com\/wp-content\/uploads\/2017\/04\/cropped-1jojlxEOMkX9Wyqfhe43D6kjPOGqBBKmx3EwWJqZ0cMrFF54yM49.png\",\"contentUrl\":\"https:\/\/guineediversite.com\/wp-content\/uploads\/2017\/04\/cropped-1jojlxEOMkX9Wyqfhe43D6kjPOGqBBKmx3EwWJqZ0cMrFF54yM49.png\",\"width\":186,\"height\":112,\"caption\":\"Guin\u00e9e Diversit\u00e9\"},\"image\":{\"@id\":\"https:\/\/guineediversite.com\/#\/schema\/logo\/image\/\"},\"sameAs\":[\"https:\/\/www.facebook.com\/guineediversite\/\",\"https:\/\/x.com\/GuineeDiversite\",\"https:\/\/www.youtube.com\/channel\/UC8sUY16qelG5ge6_D5SB83g\"]},{\"@type\":\"Person\",\"@id\":\"https:\/\/guineediversite.com\/#\/schema\/person\/afa08fb34e7fc6e1feafc892612bc836\",\"name\":\"Guin\u00e9e Diversit\u00e9\",\"image\":{\"@type\":\"ImageObject\",\"inLanguage\":\"fr-FR\",\"@id\":\"https:\/\/guineediversite.com\/#\/schema\/person\/image\/\",\"url\":\"https:\/\/secure.gravatar.com\/avatar\/50d5eb5b390f8b65ac30ac6f898eb83a?s=96&d=mm&r=g\",\"contentUrl\":\"https:\/\/secure.gravatar.com\/avatar\/50d5eb5b390f8b65ac30ac6f898eb83a?s=96&d=mm&r=g\",\"caption\":\"Guin\u00e9e Diversit\u00e9\"},\"url\":\"https:\/\/guineediversite.com\/index.php\/author\/guineediversite\/\"}]}<\/script>\n<!-- \/ Yoast SEO plugin. -->","yoast_head_json":{"title":"Guin\u00e9e : Les avocats des victimes du 28 septembre 2009, r\u00e9futent la reclassification des faits commis et le non-lieu partiel prononc\u00e9 en faveur du colonel bienvenue Lamah et g\u00e9n\u00e9ral Mathurin Bangoura. | Guin\u00e9e Diversit\u00e9","robots":{"index":"index","follow":"follow","max-snippet":"max-snippet:-1","max-image-preview":"max-image-preview:large","max-video-preview":"max-video-preview:-1"},"canonical":"https:\/\/guineediversite.com\/index.php\/2018\/06\/07\/guinee-les-avocats-des-victimes-du-28-septembre-2009-refute-la-reclassification-des-faits-commis-et-le-non-lieu-partiel-prononce-en-faveur-du-colonel-bienvenue-lamah-et-general-mathurin-bangoura\/","og_locale":"fr_FR","og_type":"article","og_title":"Guin\u00e9e : Les avocats des victimes du 28 septembre 2009, r\u00e9futent la reclassification des faits commis et le non-lieu partiel prononc\u00e9 en faveur du colonel bienvenue Lamah et g\u00e9n\u00e9ral Mathurin Bangoura. | Guin\u00e9e Diversit\u00e9","og_description":"Suite \u00e0 la mise en place du comit\u00e9 de pilotage du proc\u00e8s des \u00e9v\u00e9nements du 28 septembre 2009 par le minist\u00e8re de la justice garde des sceaux, la semaine derni\u00e8re. Le collectif des avocats des victimes, a anim\u00e9 une conf\u00e9rence de presse ce mercredi 06 juin 2018 \u00e0 Conakry. Objectif, \u00e9voqu\u00e9 l\u2019\u00e9tat d\u2019avancement du dossier [&hellip;]","og_url":"https:\/\/guineediversite.com\/index.php\/2018\/06\/07\/guinee-les-avocats-des-victimes-du-28-septembre-2009-refute-la-reclassification-des-faits-commis-et-le-non-lieu-partiel-prononce-en-faveur-du-colonel-bienvenue-lamah-et-general-mathurin-bangoura\/","og_site_name":"Guin\u00e9e Diversit\u00e9","article_publisher":"https:\/\/www.facebook.com\/guineediversite\/","article_published_time":"2018-06-07T10:56:07+00:00","article_modified_time":"2018-06-07T10:57:12+00:00","og_image":[{"width":1707,"height":1024,"url":"https:\/\/guineediversite.com\/wp-content\/uploads\/2018\/06\/20180606_121430.jpg","type":"image\/jpeg"}],"author":"Guin\u00e9e Diversit\u00e9","twitter_card":"summary_large_image","twitter_creator":"@GuineeDiversite","twitter_site":"@GuineeDiversite","twitter_misc":{"\u00c9crit par":"Guin\u00e9e Diversit\u00e9","Dur\u00e9e de lecture estim\u00e9e":"2 minutes"},"schema":{"@context":"https:\/\/schema.org","@graph":[{"@type":"Article","@id":"https:\/\/guineediversite.com\/index.php\/2018\/06\/07\/guinee-les-avocats-des-victimes-du-28-septembre-2009-refute-la-reclassification-des-faits-commis-et-le-non-lieu-partiel-prononce-en-faveur-du-colonel-bienvenue-lamah-et-general-mathurin-bangoura\/#article","isPartOf":{"@id":"https:\/\/guineediversite.com\/index.php\/2018\/06\/07\/guinee-les-avocats-des-victimes-du-28-septembre-2009-refute-la-reclassification-des-faits-commis-et-le-non-lieu-partiel-prononce-en-faveur-du-colonel-bienvenue-lamah-et-general-mathurin-bangoura\/"},"author":{"name":"Guin\u00e9e Diversit\u00e9","@id":"https:\/\/guineediversite.com\/#\/schema\/person\/afa08fb34e7fc6e1feafc892612bc836"},"headline":"Guin\u00e9e : Les avocats des victimes du 28 septembre 2009, r\u00e9futent la reclassification des faits commis et le non-lieu partiel prononc\u00e9 en faveur du colonel bienvenue Lamah et g\u00e9n\u00e9ral Mathurin Bangoura.","datePublished":"2018-06-07T10:56:07+00:00","dateModified":"2018-06-07T10:57:12+00:00","mainEntityOfPage":{"@id":"https:\/\/guineediversite.com\/index.php\/2018\/06\/07\/guinee-les-avocats-des-victimes-du-28-septembre-2009-refute-la-reclassification-des-faits-commis-et-le-non-lieu-partiel-prononce-en-faveur-du-colonel-bienvenue-lamah-et-general-mathurin-bangoura\/"},"wordCount":412,"publisher":{"@id":"https:\/\/guineediversite.com\/#organization"},"image":{"@id":"https:\/\/guineediversite.com\/index.php\/2018\/06\/07\/guinee-les-avocats-des-victimes-du-28-septembre-2009-refute-la-reclassification-des-faits-commis-et-le-non-lieu-partiel-prononce-en-faveur-du-colonel-bienvenue-lamah-et-general-mathurin-bangoura\/#primaryimage"},"thumbnailUrl":"https:\/\/guineediversite.com\/wp-content\/uploads\/2018\/06\/20180606_121430.jpg","articleSection":["Soci\u00e9t\u00e9"],"inLanguage":"fr-FR"},{"@type":"WebPage","@id":"https:\/\/guineediversite.com\/index.php\/2018\/06\/07\/guinee-les-avocats-des-victimes-du-28-septembre-2009-refute-la-reclassification-des-faits-commis-et-le-non-lieu-partiel-prononce-en-faveur-du-colonel-bienvenue-lamah-et-general-mathurin-bangoura\/","url":"https:\/\/guineediversite.com\/index.php\/2018\/06\/07\/guinee-les-avocats-des-victimes-du-28-septembre-2009-refute-la-reclassification-des-faits-commis-et-le-non-lieu-partiel-prononce-en-faveur-du-colonel-bienvenue-lamah-et-general-mathurin-bangoura\/","name":"Guin\u00e9e : Les avocats des victimes du 28 septembre 2009, r\u00e9futent la reclassification des faits commis et le non-lieu partiel prononc\u00e9 en faveur du colonel bienvenue Lamah et g\u00e9n\u00e9ral Mathurin Bangoura. | Guin\u00e9e Diversit\u00e9","isPartOf":{"@id":"https:\/\/guineediversite.com\/#website"},"primaryImageOfPage":{"@id":"https:\/\/guineediversite.com\/index.php\/2018\/06\/07\/guinee-les-avocats-des-victimes-du-28-septembre-2009-refute-la-reclassification-des-faits-commis-et-le-non-lieu-partiel-prononce-en-faveur-du-colonel-bienvenue-lamah-et-general-mathurin-bangoura\/#primaryimage"},"image":{"@id":"https:\/\/guineediversite.com\/index.php\/2018\/06\/07\/guinee-les-avocats-des-victimes-du-28-septembre-2009-refute-la-reclassification-des-faits-commis-et-le-non-lieu-partiel-prononce-en-faveur-du-colonel-bienvenue-lamah-et-general-mathurin-bangoura\/#primaryimage"},"thumbnailUrl":"https:\/\/guineediversite.com\/wp-content\/uploads\/2018\/06\/20180606_121430.jpg","datePublished":"2018-06-07T10:56:07+00:00","dateModified":"2018-06-07T10:57:12+00:00","breadcrumb":{"@id":"https:\/\/guineediversite.com\/index.php\/2018\/06\/07\/guinee-les-avocats-des-victimes-du-28-septembre-2009-refute-la-reclassification-des-faits-commis-et-le-non-lieu-partiel-prononce-en-faveur-du-colonel-bienvenue-lamah-et-general-mathurin-bangoura\/#breadcrumb"},"inLanguage":"fr-FR","potentialAction":[{"@type":"ReadAction","target":["https:\/\/guineediversite.com\/index.php\/2018\/06\/07\/guinee-les-avocats-des-victimes-du-28-septembre-2009-refute-la-reclassification-des-faits-commis-et-le-non-lieu-partiel-prononce-en-faveur-du-colonel-bienvenue-lamah-et-general-mathurin-bangoura\/"]}]},{"@type":"ImageObject","inLanguage":"fr-FR","@id":"https:\/\/guineediversite.com\/index.php\/2018\/06\/07\/guinee-les-avocats-des-victimes-du-28-septembre-2009-refute-la-reclassification-des-faits-commis-et-le-non-lieu-partiel-prononce-en-faveur-du-colonel-bienvenue-lamah-et-general-mathurin-bangoura\/#primaryimage","url":"https:\/\/guineediversite.com\/wp-content\/uploads\/2018\/06\/20180606_121430.jpg","contentUrl":"https:\/\/guineediversite.com\/wp-content\/uploads\/2018\/06\/20180606_121430.jpg","width":"1707","height":"1024"},{"@type":"BreadcrumbList","@id":"https:\/\/guineediversite.com\/index.php\/2018\/06\/07\/guinee-les-avocats-des-victimes-du-28-septembre-2009-refute-la-reclassification-des-faits-commis-et-le-non-lieu-partiel-prononce-en-faveur-du-colonel-bienvenue-lamah-et-general-mathurin-bangoura\/#breadcrumb","itemListElement":[{"@type":"ListItem","position":1,"name":"Accueil","item":"https:\/\/guineediversite.com\/"},{"@type":"ListItem","position":2,"name":"Guin\u00e9e : Les avocats des victimes du 28 septembre 2009, r\u00e9futent la reclassification des faits commis et le non-lieu partiel prononc\u00e9 en faveur du colonel bienvenue Lamah et g\u00e9n\u00e9ral Mathurin Bangoura."}]},{"@type":"WebSite","@id":"https:\/\/guineediversite.com\/#website","url":"https:\/\/guineediversite.com\/","name":"Guin\u00e9e Diversit\u00e9","description":"L&#039;Info dans toute sa diversit\u00e9","publisher":{"@id":"https:\/\/guineediversite.com\/#organization"},"potentialAction":[{"@type":"SearchAction","target":{"@type":"EntryPoint","urlTemplate":"https:\/\/guineediversite.com\/?s={search_term_string}"},"query-input":{"@type":"PropertyValueSpecification","valueRequired":true,"valueName":"search_term_string"}}],"inLanguage":"fr-FR"},{"@type":"Organization","@id":"https:\/\/guineediversite.com\/#organization","name":"Guin\u00e9e Diversit\u00e9","url":"https:\/\/guineediversite.com\/","logo":{"@type":"ImageObject","inLanguage":"fr-FR","@id":"https:\/\/guineediversite.com\/#\/schema\/logo\/image\/","url":"https:\/\/guineediversite.com\/wp-content\/uploads\/2017\/04\/cropped-1jojlxEOMkX9Wyqfhe43D6kjPOGqBBKmx3EwWJqZ0cMrFF54yM49.png","contentUrl":"https:\/\/guineediversite.com\/wp-content\/uploads\/2017\/04\/cropped-1jojlxEOMkX9Wyqfhe43D6kjPOGqBBKmx3EwWJqZ0cMrFF54yM49.png","width":186,"height":112,"caption":"Guin\u00e9e Diversit\u00e9"},"image":{"@id":"https:\/\/guineediversite.com\/#\/schema\/logo\/image\/"},"sameAs":["https:\/\/www.facebook.com\/guineediversite\/","https:\/\/x.com\/GuineeDiversite","https:\/\/www.youtube.com\/channel\/UC8sUY16qelG5ge6_D5SB83g"]},{"@type":"Person","@id":"https:\/\/guineediversite.com\/#\/schema\/person\/afa08fb34e7fc6e1feafc892612bc836","name":"Guin\u00e9e Diversit\u00e9","image":{"@type":"ImageObject","inLanguage":"fr-FR","@id":"https:\/\/guineediversite.com\/#\/schema\/person\/image\/","url":"https:\/\/secure.gravatar.com\/avatar\/50d5eb5b390f8b65ac30ac6f898eb83a?s=96&d=mm&r=g","contentUrl":"https:\/\/secure.gravatar.com\/avatar\/50d5eb5b390f8b65ac30ac6f898eb83a?s=96&d=mm&r=g","caption":"Guin\u00e9e Diversit\u00e9"},"url":"https:\/\/guineediversite.com\/index.php\/author\/guineediversite\/"}]}},"_links":{"self":[{"href":"https:\/\/guineediversite.com\/index.php\/wp-json\/wp\/v2\/posts\/25530"}],"collection":[{"href":"https:\/\/guineediversite.com\/index.php\/wp-json\/wp\/v2\/posts"}],"about":[{"href":"https:\/\/guineediversite.com\/index.php\/wp-json\/wp\/v2\/types\/post"}],"author":[{"embeddable":true,"href":"https:\/\/guineediversite.com\/index.php\/wp-json\/wp\/v2\/users\/12"}],"replies":[{"embeddable":true,"href":"https:\/\/guineediversite.com\/index.php\/wp-json\/wp\/v2\/comments?post=25530"}],"version-history":[{"count":0,"href":"https:\/\/guineediversite.com\/index.php\/wp-json\/wp\/v2\/posts\/25530\/revisions"}],"wp:featuredmedia":[{"embeddable":true,"href":"https:\/\/guineediversite.com\/index.php\/wp-json\/wp\/v2\/media\/25531"}],"wp:attachment":[{"href":"https:\/\/guineediversite.com\/index.php\/wp-json\/wp\/v2\/media?parent=25530"}],"wp:term":[{"taxonomy":"category","embeddable":true,"href":"https:\/\/guineediversite.com\/index.php\/wp-json\/wp\/v2\/categories?post=25530"},{"taxonomy":"post_tag","embeddable":true,"href":"https:\/\/guineediversite.com\/index.php\/wp-json\/wp\/v2\/tags?post=25530"}],"curies":[{"name":"wp","href":"https:\/\/api.w.org\/{rel}","templated":true}]}}