{"id":25516,"date":"2018-06-05T18:45:55","date_gmt":"2018-06-05T16:45:55","guid":{"rendered":"https:\/\/guineediversite.com\/?p=25516"},"modified":"2018-06-05T19:12:39","modified_gmt":"2018-06-05T17:12:39","slug":"ouverture-de-la-session-ordinaire-de-lassemblee-pleniere-de-linidh","status":"publish","type":"post","link":"https:\/\/guineediversite.com\/index.php\/2018\/06\/05\/ouverture-de-la-session-ordinaire-de-lassemblee-pleniere-de-linidh\/","title":{"rendered":"Ouverture de la session ordinaire de l\u2019assembl\u00e9e pl\u00e9ni\u00e8re de l\u2019INIDH"},"content":{"rendered":"<p><strong>La session ordinaire de l\u2019assembl\u00e9e pl\u00e9ni\u00e8re de l\u2019institution Nationale ind\u00e9pendante des droits humains s&rsquo;est ouverte ce mardi au palais du peuple. Sur 30 commissaires inscrits, 20 ont r\u00e9pondu pr\u00e9sents. Cette session va proc\u00e9der \u00e0 l\u2019\u00e9lection de deux repr\u00e9sentants \u00e0 la cour constitutionnelle et l\u2019adoption du rapport annuel de 2017. <\/strong><\/p>\n<p>Cela fait plus de trois ans que l&rsquo;institution en charge de la promotion des droits n\u2019a pas tenue une session. Pour son actuel pr\u00e9sident, cette pl\u00e9ni\u00e8re marque la renaissance de l\u2019institution.<\/p>\n<p>\u00ab Nous ouvrons notre session pour la tenir dans les r\u00e8gles de l\u2019art, conform\u00e9ment \u00e0 la loi sur 21 jours et sur un ordre du jour pre d\u00e9termin\u00e9. Il comporte un certain nombre d\u2019\u00e9l\u00e9ment parmi lesquels, l\u2019\u00e9lection de deux nouveaux repr\u00e9sentants \u00e0 la cour constitutionnelle, l\u2019adoption du plan d\u2019action pour le semestre restant et l\u2019adoption du rapport annuel 2017, \u00bb explique Alya Diaby pr\u00e9sident de l\u2019INIDH.<\/p>\n<p>Ledit rapport de l&rsquo;institution \u00e9tait tr\u00e8s attendu par le haut commissariat des droits de l\u2019homme en guin\u00e9e, le d\u00e9fi est grand selon Louis Marie BWAKA, repr\u00e9sentant du haut-commissaire des droits de l\u2019homme en Guin\u00e9e.<\/p>\n<p>\u00ab Nous allons voir l\u2019INIDH \u00e0 l\u2019\u0153uvre parce que c\u2019est une institution de grande importance. C\u2019est une institution citoyenne qui doit decidement \u0153uvrer pour la promotion et protection des droits l\u2019homme. Nous avons beaucoup attendu les rapports de cette institution. Et aussi la satisfaction des populations qui se sont pleines aupr\u00e8s de l\u2019institution pour leur droit l\u00e9ger,\u00bb indique-t-il.<\/p>\n<p>La premi\u00e8re journ\u00e9e de la pl\u00e9ni\u00e8re de l\u2019INDH a aussi connu l&rsquo;\u00e9lection de deux repr\u00e9sentants \u00e0 la cour constitutionnelle. Sur trois candidats seulement deux ont \u00e9t\u00e9 \u00e9lus et le troisi\u00e8me Abdoulaye Bald\u00e9 a retir\u00e9 sa candidature. Fatou Morgane et Ansoumane Sacko sont d\u00e9sormais les repr\u00e9sentants de l\u2019institution \u00e0 la cour constitutionnelle.<\/p>\n<p>\u00ab Nous tenons la promesse de vous dire que vous ne serez pas d\u00e9\u00e7u, et que nous ferons que la mission de la cour constitutionnelle s\u2019accomplisse. Mais conform\u00e9ment elle \u00e9galement \u00e0 la loi, c\u2019est une institution r\u00e9publicaine importante. Elle a besoin de personne qui va l\u2019aider \u00e0 accomplir cette mission, \u00bb a martel\u00e9 Fatou Morgane, la d\u00e9sormais nouvelle repr\u00e9sentante de l\u2019INIDH a la cour constitutionnelle.<\/p>\n<p><img loading=\"lazy\" decoding=\"async\" class=\"alignnone wp-image-25518\" src=\"https:\/\/guineediversite.com.bwjx4292.odns.fr\/wp-content\/uploads\/2018\/06\/34308050_2612037492355175_6431118939077476352_n-300x225.jpg\" alt=\"\" width=\"809\" height=\"607\" srcset=\"https:\/\/guineediversite.com\/wp-content\/uploads\/2018\/06\/34308050_2612037492355175_6431118939077476352_n-300x225.jpg 300w, https:\/\/guineediversite.com\/wp-content\/uploads\/2018\/06\/34308050_2612037492355175_6431118939077476352_n-768x576.jpg 768w, https:\/\/guineediversite.com\/wp-content\/uploads\/2018\/06\/34308050_2612037492355175_6431118939077476352_n-1024x768.jpg 1024w, https:\/\/guineediversite.com\/wp-content\/uploads\/2018\/06\/34308050_2612037492355175_6431118939077476352_n-600x450.jpg 600w, https:\/\/guineediversite.com\/wp-content\/uploads\/2018\/06\/34308050_2612037492355175_6431118939077476352_n-678x509.jpg 678w, https:\/\/guineediversite.com\/wp-content\/uploads\/2018\/06\/34308050_2612037492355175_6431118939077476352_n-326x245.jpg 326w, https:\/\/guineediversite.com\/wp-content\/uploads\/2018\/06\/34308050_2612037492355175_6431118939077476352_n-80x60.jpg 80w, https:\/\/guineediversite.com\/wp-content\/uploads\/2018\/06\/34308050_2612037492355175_6431118939077476352_n.jpg 1365w\" sizes=\"(max-width: 809px) 100vw, 809px\" \/><\/p>\n<p>Prenant la parole, Ansoumane Sacko le deuxi\u00e8me nouveau repr\u00e9sentant de l\u2019institution \u00e0 la cour constitutionnelle affirme \u00ab je ferais de telle sorte que la jurisprudence constitutionnelle guin\u00e9enne, soit fleurissante, qu\u2019il ait un affermissement de la jurisprudence constitutionnelle et pour que l\u2019\u00c9tat de droit se d\u00e9veloppe, se redynamise dans notre pays. \u00bb<\/p>\n<p><img loading=\"lazy\" decoding=\"async\" class=\"alignnone wp-image-25519\" src=\"https:\/\/guineediversite.com.bwjx4292.odns.fr\/wp-content\/uploads\/2018\/06\/34506541_2612037445688513_720025557500166144_n-300x225.jpg\" alt=\"\" width=\"811\" height=\"608\" srcset=\"https:\/\/guineediversite.com\/wp-content\/uploads\/2018\/06\/34506541_2612037445688513_720025557500166144_n-300x225.jpg 300w, https:\/\/guineediversite.com\/wp-content\/uploads\/2018\/06\/34506541_2612037445688513_720025557500166144_n-768x576.jpg 768w, https:\/\/guineediversite.com\/wp-content\/uploads\/2018\/06\/34506541_2612037445688513_720025557500166144_n-1024x768.jpg 1024w, https:\/\/guineediversite.com\/wp-content\/uploads\/2018\/06\/34506541_2612037445688513_720025557500166144_n-600x450.jpg 600w, https:\/\/guineediversite.com\/wp-content\/uploads\/2018\/06\/34506541_2612037445688513_720025557500166144_n-678x509.jpg 678w, https:\/\/guineediversite.com\/wp-content\/uploads\/2018\/06\/34506541_2612037445688513_720025557500166144_n-326x245.jpg 326w, https:\/\/guineediversite.com\/wp-content\/uploads\/2018\/06\/34506541_2612037445688513_720025557500166144_n-80x60.jpg 80w, https:\/\/guineediversite.com\/wp-content\/uploads\/2018\/06\/34506541_2612037445688513_720025557500166144_n.jpg 1365w\" sizes=\"(max-width: 811px) 100vw, 811px\" \/><\/p>\n<p>La session ordinaire de l\u2019assembl\u00e9e pl\u00e9ni\u00e8re de l\u2019INIDH prendra fin le 24 juin prochain \u00e0 Conakry.<\/p>\n","protected":false},"excerpt":{"rendered":"<p>La session ordinaire de l\u2019assembl\u00e9e pl\u00e9ni\u00e8re de l\u2019institution Nationale ind\u00e9pendante des droits humains s&rsquo;est ouverte ce mardi au palais du peuple. Sur 30 commissaires inscrits, 20 ont r\u00e9pondu pr\u00e9sents. Cette session va proc\u00e9der \u00e0 l\u2019\u00e9lection de deux repr\u00e9sentants \u00e0 la cour constitutionnelle et l\u2019adoption du rapport annuel de 2017. Cela fait plus de trois ans [&hellip;]<\/p>\n","protected":false},"author":10,"featured_media":25517,"comment_status":"closed","ping_status":"closed","sticky":false,"template":"","format":"standard","meta":{"_exactmetrics_skip_tracking":false,"_exactmetrics_sitenote_active":false,"_exactmetrics_sitenote_note":"","_exactmetrics_sitenote_category":0,"tdm_status":"","tdm_grid_status":"","footnotes":""},"categories":[16],"tags":[],"class_list":{"0":"post-25516","1":"post","2":"type-post","3":"status-publish","4":"format-standard","5":"has-post-thumbnail","7":"category-societe"},"yoast_head":"<!-- This site is optimized with the Yoast SEO plugin v24.2 - https:\/\/yoast.com\/wordpress\/plugins\/seo\/ -->\n<title>Ouverture de la session ordinaire de l\u2019assembl\u00e9e pl\u00e9ni\u00e8re de l\u2019INIDH | Guin\u00e9e Diversit\u00e9<\/title>\n<meta name=\"robots\" content=\"index, follow, max-snippet:-1, max-image-preview:large, max-video-preview:-1\" \/>\n<link rel=\"canonical\" href=\"https:\/\/guineediversite.com\/index.php\/2018\/06\/05\/ouverture-de-la-session-ordinaire-de-lassemblee-pleniere-de-linidh\/\" \/>\n<meta property=\"og:locale\" content=\"fr_FR\" \/>\n<meta property=\"og:type\" content=\"article\" \/>\n<meta property=\"og:title\" content=\"Ouverture de la session ordinaire de l\u2019assembl\u00e9e pl\u00e9ni\u00e8re de l\u2019INIDH | Guin\u00e9e Diversit\u00e9\" \/>\n<meta property=\"og:description\" content=\"La session ordinaire de l\u2019assembl\u00e9e pl\u00e9ni\u00e8re de l\u2019institution Nationale ind\u00e9pendante des droits humains s&rsquo;est ouverte ce mardi au palais du peuple. Sur 30 commissaires inscrits, 20 ont r\u00e9pondu pr\u00e9sents. Cette session va proc\u00e9der \u00e0 l\u2019\u00e9lection de deux repr\u00e9sentants \u00e0 la cour constitutionnelle et l\u2019adoption du rapport annuel de 2017. Cela fait plus de trois ans [&hellip;]\" \/>\n<meta property=\"og:url\" content=\"https:\/\/guineediversite.com\/index.php\/2018\/06\/05\/ouverture-de-la-session-ordinaire-de-lassemblee-pleniere-de-linidh\/\" \/>\n<meta property=\"og:site_name\" content=\"Guin\u00e9e Diversit\u00e9\" \/>\n<meta property=\"article:publisher\" content=\"https:\/\/www.facebook.com\/guineediversite\/\" \/>\n<meta property=\"article:published_time\" content=\"2018-06-05T16:45:55+00:00\" \/>\n<meta property=\"article:modified_time\" content=\"2018-06-05T17:12:39+00:00\" \/>\n<meta property=\"og:image\" content=\"https:\/\/guineediversite.com\/wp-content\/uploads\/2018\/06\/34559214_2612037539021837_6106969815853826048_n.jpg\" \/>\n\t<meta property=\"og:image:width\" content=\"1365\" \/>\n\t<meta property=\"og:image:height\" content=\"1024\" \/>\n\t<meta property=\"og:image:type\" content=\"image\/jpeg\" \/>\n<meta name=\"author\" content=\"Morcire Camara\" \/>\n<meta name=\"twitter:card\" content=\"summary_large_image\" \/>\n<meta name=\"twitter:creator\" content=\"@GuineeDiversite\" \/>\n<meta name=\"twitter:site\" content=\"@GuineeDiversite\" \/>\n<meta name=\"twitter:label1\" content=\"\u00c9crit par\" \/>\n\t<meta name=\"twitter:data1\" content=\"Morcire Camara\" \/>\n\t<meta name=\"twitter:label2\" content=\"Dur\u00e9e de lecture estim\u00e9e\" \/>\n\t<meta name=\"twitter:data2\" content=\"2 minutes\" \/>\n<script type=\"application\/ld+json\" class=\"yoast-schema-graph\">{\"@context\":\"https:\/\/schema.org\",\"@graph\":[{\"@type\":\"Article\",\"@id\":\"https:\/\/guineediversite.com\/index.php\/2018\/06\/05\/ouverture-de-la-session-ordinaire-de-lassemblee-pleniere-de-linidh\/#article\",\"isPartOf\":{\"@id\":\"https:\/\/guineediversite.com\/index.php\/2018\/06\/05\/ouverture-de-la-session-ordinaire-de-lassemblee-pleniere-de-linidh\/\"},\"author\":{\"name\":\"Morcire Camara\",\"@id\":\"https:\/\/guineediversite.com\/#\/schema\/person\/fa362494c47202ce4b3adf55abcc9d01\"},\"headline\":\"Ouverture de la session ordinaire de l\u2019assembl\u00e9e pl\u00e9ni\u00e8re de l\u2019INIDH\",\"datePublished\":\"2018-06-05T16:45:55+00:00\",\"dateModified\":\"2018-06-05T17:12:39+00:00\",\"mainEntityOfPage\":{\"@id\":\"https:\/\/guineediversite.com\/index.php\/2018\/06\/05\/ouverture-de-la-session-ordinaire-de-lassemblee-pleniere-de-linidh\/\"},\"wordCount\":492,\"publisher\":{\"@id\":\"https:\/\/guineediversite.com\/#organization\"},\"image\":{\"@id\":\"https:\/\/guineediversite.com\/index.php\/2018\/06\/05\/ouverture-de-la-session-ordinaire-de-lassemblee-pleniere-de-linidh\/#primaryimage\"},\"thumbnailUrl\":\"https:\/\/guineediversite.com\/wp-content\/uploads\/2018\/06\/34559214_2612037539021837_6106969815853826048_n.jpg\",\"articleSection\":[\"Soci\u00e9t\u00e9\"],\"inLanguage\":\"fr-FR\"},{\"@type\":\"WebPage\",\"@id\":\"https:\/\/guineediversite.com\/index.php\/2018\/06\/05\/ouverture-de-la-session-ordinaire-de-lassemblee-pleniere-de-linidh\/\",\"url\":\"https:\/\/guineediversite.com\/index.php\/2018\/06\/05\/ouverture-de-la-session-ordinaire-de-lassemblee-pleniere-de-linidh\/\",\"name\":\"Ouverture de la session ordinaire de l\u2019assembl\u00e9e pl\u00e9ni\u00e8re de l\u2019INIDH | Guin\u00e9e Diversit\u00e9\",\"isPartOf\":{\"@id\":\"https:\/\/guineediversite.com\/#website\"},\"primaryImageOfPage\":{\"@id\":\"https:\/\/guineediversite.com\/index.php\/2018\/06\/05\/ouverture-de-la-session-ordinaire-de-lassemblee-pleniere-de-linidh\/#primaryimage\"},\"image\":{\"@id\":\"https:\/\/guineediversite.com\/index.php\/2018\/06\/05\/ouverture-de-la-session-ordinaire-de-lassemblee-pleniere-de-linidh\/#primaryimage\"},\"thumbnailUrl\":\"https:\/\/guineediversite.com\/wp-content\/uploads\/2018\/06\/34559214_2612037539021837_6106969815853826048_n.jpg\",\"datePublished\":\"2018-06-05T16:45:55+00:00\",\"dateModified\":\"2018-06-05T17:12:39+00:00\",\"breadcrumb\":{\"@id\":\"https:\/\/guineediversite.com\/index.php\/2018\/06\/05\/ouverture-de-la-session-ordinaire-de-lassemblee-pleniere-de-linidh\/#breadcrumb\"},\"inLanguage\":\"fr-FR\",\"potentialAction\":[{\"@type\":\"ReadAction\",\"target\":[\"https:\/\/guineediversite.com\/index.php\/2018\/06\/05\/ouverture-de-la-session-ordinaire-de-lassemblee-pleniere-de-linidh\/\"]}]},{\"@type\":\"ImageObject\",\"inLanguage\":\"fr-FR\",\"@id\":\"https:\/\/guineediversite.com\/index.php\/2018\/06\/05\/ouverture-de-la-session-ordinaire-de-lassemblee-pleniere-de-linidh\/#primaryimage\",\"url\":\"https:\/\/guineediversite.com\/wp-content\/uploads\/2018\/06\/34559214_2612037539021837_6106969815853826048_n.jpg\",\"contentUrl\":\"https:\/\/guineediversite.com\/wp-content\/uploads\/2018\/06\/34559214_2612037539021837_6106969815853826048_n.jpg\",\"width\":\"1365\",\"height\":\"1024\"},{\"@type\":\"BreadcrumbList\",\"@id\":\"https:\/\/guineediversite.com\/index.php\/2018\/06\/05\/ouverture-de-la-session-ordinaire-de-lassemblee-pleniere-de-linidh\/#breadcrumb\",\"itemListElement\":[{\"@type\":\"ListItem\",\"position\":1,\"name\":\"Accueil\",\"item\":\"https:\/\/guineediversite.com\/\"},{\"@type\":\"ListItem\",\"position\":2,\"name\":\"Ouverture de la session ordinaire de l\u2019assembl\u00e9e pl\u00e9ni\u00e8re de l\u2019INIDH\"}]},{\"@type\":\"WebSite\",\"@id\":\"https:\/\/guineediversite.com\/#website\",\"url\":\"https:\/\/guineediversite.com\/\",\"name\":\"Guin\u00e9e Diversit\u00e9\",\"description\":\"L&#039;Info dans toute sa diversit\u00e9\",\"publisher\":{\"@id\":\"https:\/\/guineediversite.com\/#organization\"},\"potentialAction\":[{\"@type\":\"SearchAction\",\"target\":{\"@type\":\"EntryPoint\",\"urlTemplate\":\"https:\/\/guineediversite.com\/?s={search_term_string}\"},\"query-input\":{\"@type\":\"PropertyValueSpecification\",\"valueRequired\":true,\"valueName\":\"search_term_string\"}}],\"inLanguage\":\"fr-FR\"},{\"@type\":\"Organization\",\"@id\":\"https:\/\/guineediversite.com\/#organization\",\"name\":\"Guin\u00e9e Diversit\u00e9\",\"url\":\"https:\/\/guineediversite.com\/\",\"logo\":{\"@type\":\"ImageObject\",\"inLanguage\":\"fr-FR\",\"@id\":\"https:\/\/guineediversite.com\/#\/schema\/logo\/image\/\",\"url\":\"https:\/\/guineediversite.com\/wp-content\/uploads\/2017\/04\/cropped-1jojlxEOMkX9Wyqfhe43D6kjPOGqBBKmx3EwWJqZ0cMrFF54yM49.png\",\"contentUrl\":\"https:\/\/guineediversite.com\/wp-content\/uploads\/2017\/04\/cropped-1jojlxEOMkX9Wyqfhe43D6kjPOGqBBKmx3EwWJqZ0cMrFF54yM49.png\",\"width\":186,\"height\":112,\"caption\":\"Guin\u00e9e Diversit\u00e9\"},\"image\":{\"@id\":\"https:\/\/guineediversite.com\/#\/schema\/logo\/image\/\"},\"sameAs\":[\"https:\/\/www.facebook.com\/guineediversite\/\",\"https:\/\/x.com\/GuineeDiversite\",\"https:\/\/www.youtube.com\/channel\/UC8sUY16qelG5ge6_D5SB83g\"]},{\"@type\":\"Person\",\"@id\":\"https:\/\/guineediversite.com\/#\/schema\/person\/fa362494c47202ce4b3adf55abcc9d01\",\"name\":\"Morcire Camara\",\"image\":{\"@type\":\"ImageObject\",\"inLanguage\":\"fr-FR\",\"@id\":\"https:\/\/guineediversite.com\/#\/schema\/person\/image\/\",\"url\":\"https:\/\/secure.gravatar.com\/avatar\/3ec324f02295bbcebe03d99b39330ab4?s=96&d=mm&r=g\",\"contentUrl\":\"https:\/\/secure.gravatar.com\/avatar\/3ec324f02295bbcebe03d99b39330ab4?s=96&d=mm&r=g\",\"caption\":\"Morcire Camara\"},\"url\":\"https:\/\/guineediversite.com\/index.php\/author\/morcire\/\"}]}<\/script>\n<!-- \/ Yoast SEO plugin. -->","yoast_head_json":{"title":"Ouverture de la session ordinaire de l\u2019assembl\u00e9e pl\u00e9ni\u00e8re de l\u2019INIDH | Guin\u00e9e Diversit\u00e9","robots":{"index":"index","follow":"follow","max-snippet":"max-snippet:-1","max-image-preview":"max-image-preview:large","max-video-preview":"max-video-preview:-1"},"canonical":"https:\/\/guineediversite.com\/index.php\/2018\/06\/05\/ouverture-de-la-session-ordinaire-de-lassemblee-pleniere-de-linidh\/","og_locale":"fr_FR","og_type":"article","og_title":"Ouverture de la session ordinaire de l\u2019assembl\u00e9e pl\u00e9ni\u00e8re de l\u2019INIDH | Guin\u00e9e Diversit\u00e9","og_description":"La session ordinaire de l\u2019assembl\u00e9e pl\u00e9ni\u00e8re de l\u2019institution Nationale ind\u00e9pendante des droits humains s&rsquo;est ouverte ce mardi au palais du peuple. Sur 30 commissaires inscrits, 20 ont r\u00e9pondu pr\u00e9sents. Cette session va proc\u00e9der \u00e0 l\u2019\u00e9lection de deux repr\u00e9sentants \u00e0 la cour constitutionnelle et l\u2019adoption du rapport annuel de 2017. Cela fait plus de trois ans [&hellip;]","og_url":"https:\/\/guineediversite.com\/index.php\/2018\/06\/05\/ouverture-de-la-session-ordinaire-de-lassemblee-pleniere-de-linidh\/","og_site_name":"Guin\u00e9e Diversit\u00e9","article_publisher":"https:\/\/www.facebook.com\/guineediversite\/","article_published_time":"2018-06-05T16:45:55+00:00","article_modified_time":"2018-06-05T17:12:39+00:00","og_image":[{"width":1365,"height":1024,"url":"https:\/\/guineediversite.com\/wp-content\/uploads\/2018\/06\/34559214_2612037539021837_6106969815853826048_n.jpg","type":"image\/jpeg"}],"author":"Morcire Camara","twitter_card":"summary_large_image","twitter_creator":"@GuineeDiversite","twitter_site":"@GuineeDiversite","twitter_misc":{"\u00c9crit par":"Morcire Camara","Dur\u00e9e de lecture estim\u00e9e":"2 minutes"},"schema":{"@context":"https:\/\/schema.org","@graph":[{"@type":"Article","@id":"https:\/\/guineediversite.com\/index.php\/2018\/06\/05\/ouverture-de-la-session-ordinaire-de-lassemblee-pleniere-de-linidh\/#article","isPartOf":{"@id":"https:\/\/guineediversite.com\/index.php\/2018\/06\/05\/ouverture-de-la-session-ordinaire-de-lassemblee-pleniere-de-linidh\/"},"author":{"name":"Morcire Camara","@id":"https:\/\/guineediversite.com\/#\/schema\/person\/fa362494c47202ce4b3adf55abcc9d01"},"headline":"Ouverture de la session ordinaire de l\u2019assembl\u00e9e pl\u00e9ni\u00e8re de l\u2019INIDH","datePublished":"2018-06-05T16:45:55+00:00","dateModified":"2018-06-05T17:12:39+00:00","mainEntityOfPage":{"@id":"https:\/\/guineediversite.com\/index.php\/2018\/06\/05\/ouverture-de-la-session-ordinaire-de-lassemblee-pleniere-de-linidh\/"},"wordCount":492,"publisher":{"@id":"https:\/\/guineediversite.com\/#organization"},"image":{"@id":"https:\/\/guineediversite.com\/index.php\/2018\/06\/05\/ouverture-de-la-session-ordinaire-de-lassemblee-pleniere-de-linidh\/#primaryimage"},"thumbnailUrl":"https:\/\/guineediversite.com\/wp-content\/uploads\/2018\/06\/34559214_2612037539021837_6106969815853826048_n.jpg","articleSection":["Soci\u00e9t\u00e9"],"inLanguage":"fr-FR"},{"@type":"WebPage","@id":"https:\/\/guineediversite.com\/index.php\/2018\/06\/05\/ouverture-de-la-session-ordinaire-de-lassemblee-pleniere-de-linidh\/","url":"https:\/\/guineediversite.com\/index.php\/2018\/06\/05\/ouverture-de-la-session-ordinaire-de-lassemblee-pleniere-de-linidh\/","name":"Ouverture de la session ordinaire de l\u2019assembl\u00e9e pl\u00e9ni\u00e8re de l\u2019INIDH | Guin\u00e9e Diversit\u00e9","isPartOf":{"@id":"https:\/\/guineediversite.com\/#website"},"primaryImageOfPage":{"@id":"https:\/\/guineediversite.com\/index.php\/2018\/06\/05\/ouverture-de-la-session-ordinaire-de-lassemblee-pleniere-de-linidh\/#primaryimage"},"image":{"@id":"https:\/\/guineediversite.com\/index.php\/2018\/06\/05\/ouverture-de-la-session-ordinaire-de-lassemblee-pleniere-de-linidh\/#primaryimage"},"thumbnailUrl":"https:\/\/guineediversite.com\/wp-content\/uploads\/2018\/06\/34559214_2612037539021837_6106969815853826048_n.jpg","datePublished":"2018-06-05T16:45:55+00:00","dateModified":"2018-06-05T17:12:39+00:00","breadcrumb":{"@id":"https:\/\/guineediversite.com\/index.php\/2018\/06\/05\/ouverture-de-la-session-ordinaire-de-lassemblee-pleniere-de-linidh\/#breadcrumb"},"inLanguage":"fr-FR","potentialAction":[{"@type":"ReadAction","target":["https:\/\/guineediversite.com\/index.php\/2018\/06\/05\/ouverture-de-la-session-ordinaire-de-lassemblee-pleniere-de-linidh\/"]}]},{"@type":"ImageObject","inLanguage":"fr-FR","@id":"https:\/\/guineediversite.com\/index.php\/2018\/06\/05\/ouverture-de-la-session-ordinaire-de-lassemblee-pleniere-de-linidh\/#primaryimage","url":"https:\/\/guineediversite.com\/wp-content\/uploads\/2018\/06\/34559214_2612037539021837_6106969815853826048_n.jpg","contentUrl":"https:\/\/guineediversite.com\/wp-content\/uploads\/2018\/06\/34559214_2612037539021837_6106969815853826048_n.jpg","width":"1365","height":"1024"},{"@type":"BreadcrumbList","@id":"https:\/\/guineediversite.com\/index.php\/2018\/06\/05\/ouverture-de-la-session-ordinaire-de-lassemblee-pleniere-de-linidh\/#breadcrumb","itemListElement":[{"@type":"ListItem","position":1,"name":"Accueil","item":"https:\/\/guineediversite.com\/"},{"@type":"ListItem","position":2,"name":"Ouverture de la session ordinaire de l\u2019assembl\u00e9e pl\u00e9ni\u00e8re de l\u2019INIDH"}]},{"@type":"WebSite","@id":"https:\/\/guineediversite.com\/#website","url":"https:\/\/guineediversite.com\/","name":"Guin\u00e9e Diversit\u00e9","description":"L&#039;Info dans toute sa diversit\u00e9","publisher":{"@id":"https:\/\/guineediversite.com\/#organization"},"potentialAction":[{"@type":"SearchAction","target":{"@type":"EntryPoint","urlTemplate":"https:\/\/guineediversite.com\/?s={search_term_string}"},"query-input":{"@type":"PropertyValueSpecification","valueRequired":true,"valueName":"search_term_string"}}],"inLanguage":"fr-FR"},{"@type":"Organization","@id":"https:\/\/guineediversite.com\/#organization","name":"Guin\u00e9e Diversit\u00e9","url":"https:\/\/guineediversite.com\/","logo":{"@type":"ImageObject","inLanguage":"fr-FR","@id":"https:\/\/guineediversite.com\/#\/schema\/logo\/image\/","url":"https:\/\/guineediversite.com\/wp-content\/uploads\/2017\/04\/cropped-1jojlxEOMkX9Wyqfhe43D6kjPOGqBBKmx3EwWJqZ0cMrFF54yM49.png","contentUrl":"https:\/\/guineediversite.com\/wp-content\/uploads\/2017\/04\/cropped-1jojlxEOMkX9Wyqfhe43D6kjPOGqBBKmx3EwWJqZ0cMrFF54yM49.png","width":186,"height":112,"caption":"Guin\u00e9e Diversit\u00e9"},"image":{"@id":"https:\/\/guineediversite.com\/#\/schema\/logo\/image\/"},"sameAs":["https:\/\/www.facebook.com\/guineediversite\/","https:\/\/x.com\/GuineeDiversite","https:\/\/www.youtube.com\/channel\/UC8sUY16qelG5ge6_D5SB83g"]},{"@type":"Person","@id":"https:\/\/guineediversite.com\/#\/schema\/person\/fa362494c47202ce4b3adf55abcc9d01","name":"Morcire Camara","image":{"@type":"ImageObject","inLanguage":"fr-FR","@id":"https:\/\/guineediversite.com\/#\/schema\/person\/image\/","url":"https:\/\/secure.gravatar.com\/avatar\/3ec324f02295bbcebe03d99b39330ab4?s=96&d=mm&r=g","contentUrl":"https:\/\/secure.gravatar.com\/avatar\/3ec324f02295bbcebe03d99b39330ab4?s=96&d=mm&r=g","caption":"Morcire Camara"},"url":"https:\/\/guineediversite.com\/index.php\/author\/morcire\/"}]}},"_links":{"self":[{"href":"https:\/\/guineediversite.com\/index.php\/wp-json\/wp\/v2\/posts\/25516"}],"collection":[{"href":"https:\/\/guineediversite.com\/index.php\/wp-json\/wp\/v2\/posts"}],"about":[{"href":"https:\/\/guineediversite.com\/index.php\/wp-json\/wp\/v2\/types\/post"}],"author":[{"embeddable":true,"href":"https:\/\/guineediversite.com\/index.php\/wp-json\/wp\/v2\/users\/10"}],"replies":[{"embeddable":true,"href":"https:\/\/guineediversite.com\/index.php\/wp-json\/wp\/v2\/comments?post=25516"}],"version-history":[{"count":0,"href":"https:\/\/guineediversite.com\/index.php\/wp-json\/wp\/v2\/posts\/25516\/revisions"}],"wp:featuredmedia":[{"embeddable":true,"href":"https:\/\/guineediversite.com\/index.php\/wp-json\/wp\/v2\/media\/25517"}],"wp:attachment":[{"href":"https:\/\/guineediversite.com\/index.php\/wp-json\/wp\/v2\/media?parent=25516"}],"wp:term":[{"taxonomy":"category","embeddable":true,"href":"https:\/\/guineediversite.com\/index.php\/wp-json\/wp\/v2\/categories?post=25516"},{"taxonomy":"post_tag","embeddable":true,"href":"https:\/\/guineediversite.com\/index.php\/wp-json\/wp\/v2\/tags?post=25516"}],"curies":[{"name":"wp","href":"https:\/\/api.w.org\/{rel}","templated":true}]}}