{"id":25507,"date":"2018-06-05T13:06:13","date_gmt":"2018-06-05T11:06:13","guid":{"rendered":"https:\/\/guineediversite.com\/?p=25507"},"modified":"2018-06-05T17:28:03","modified_gmt":"2018-06-05T15:28:03","slug":"la-jeunesse-de-la-communaute-kissia-mecontent-de-la-forme-de-la-nomination-de-patrick-millimouno-au-ministere-de-lelevage-demande-sa-demission-au-poste","status":"publish","type":"post","link":"https:\/\/guineediversite.com\/index.php\/2018\/06\/05\/la-jeunesse-de-la-communaute-kissia-mecontent-de-la-forme-de-la-nomination-de-patrick-millimouno-au-ministere-de-lelevage-demande-sa-demission-au-poste\/","title":{"rendered":"La jeunesse de la communaut\u00e9 kissienne m\u00e9content de la forme de la nomination de Patrick Millimouno au minist\u00e8re de l\u2019\u00e9levage, demande  sa d\u00e9mission au poste."},"content":{"rendered":"<p>Les jeunes de la communaut\u00e9 kissia de Conakry ont t\u00e9nu une r\u00e9union ce lundi 04 juin 2018 \u00e0 Hamdallaye concasseur dans commune de Ratoma ici \u00e0 capitale. Au cours de cette rencontre une bonne partie de cette jeunesse a exig\u00e9 la d\u00e9mission de Patrick Roger Millimouno \u00e0 son poste de ministre de l\u2019\u00e9levage. La rencontre a \u00e9t\u00e9 pr\u00e9sid\u00e9 par le pr\u00e9sident du haut concons des sages de la communaut\u00e9 l\u2019honorable Michel Kamano, et a connu la pr\u00e9sence l\u2019artiste Elie Kamano.<br \/>\nCes jeunes ont avant tout rappel\u00e9 le combat que la communaut\u00e9 a men\u00e9 pour soutenir et accompagner le chef de l\u2019Etat dans ses actions notamment les diff\u00e9rentes \u00e9lections pr\u00e9sidentielles et l\u00e9gislatives o\u00f9 les pr\u00e9fectures de Gueckedou et Kissidougou ont donn\u00e9 une majorit\u00e9 \u00e9crasante au RPG Arc-en-ciel<\/p>\n<p>Parmi les fils de la communaut\u00e9 on pouvait apercevoir l\u2019artiste Elie Kamano et pour lui \u00ab Toute la jeunesse rejette la forme du d\u00e9cret.<br \/>\nPrenant la parole de son c\u00f4t\u00e9, Antoine Kila Ifono jeune de la communaut\u00e9 et pr\u00e9sident de la diaspora foresti\u00e8re, depuis qu\u2019ils ont appris le d\u00e9cret nommant leur fr\u00e8re au minist\u00e8re de l\u2019\u00e9levage qui a \u00e9t\u00e9 refus\u00e9 par Oy\u00e9 Guilavogui nomm\u00e9 \u00e0 la place de Patrick qui \u00e9tait d\u00e9j\u00e0 nomm\u00e9 comme ministre de l\u2019environnement des eaux et for\u00eats, ils ont tous ressentis de l\u2019amertume non seulement pour sa personne mais aussi pour toute la communaut\u00e9. \u00ab Vous voyez tout de suite que nous sortions d\u2019une r\u00e9union, il faut \u00eatre clair, il faut se dire la v\u00e9rit\u00e9 on n\u2019est pas contre le pr\u00e9sident de la r\u00e9publique, on n\u2019est pas contre le RPG, mais on est indign\u00e9 par la fa\u00e7on dont ce deuxi\u00e8me d\u00e9cret a \u00e9t\u00e9 pris par la forme dont nous ne sommes pas d\u2019accord. C\u2019est bien s\u00fbr le pouvoir discr\u00e9tionnaire du pr\u00e9sident, mais la fa\u00e7on et la forme n\u2019ont pas \u00e9t\u00e9 respect\u00e9es \u00bb<\/p>\n<p>Pour ces jeunes, si au cas Patrick fait la sourde oreille, il sera ignor\u00e9 par la communaut\u00e9 \u00ab M. Patrick est un citoyen libre, il est libre de ses convictions politiques, il est libre de tous ses mouvements, mais \u00e0 vrai dire on est aussi en droit de dire qu\u2019on ne peut pas accepter et on ne pourrait pas \u00eatre avec lui pour l\u2019accompagner dans ses fonctions. Et s\u2019il s\u2019ent\u00eate il perdra toute la communaut\u00e9 \u00bb<\/p>\n<p>Le doyen Michel Kamano prenant la parole de son c\u00f4t\u00e9 reconnait que \u00ab La jeunesse de la communaut\u00e9 dans sa majorit\u00e9 rejettent et demande au ministre de d\u00e9missionner. Mais ayez la sagesse de dire parmi cette jeunesse, m\u00eame si c\u2019est la minorit\u00e9, il y a la minorit\u00e9 qui ne partage pas l\u2019avis et souhaite qu\u2019il ait des Etats g\u00e9n\u00e9raux de Bemakissi (communaut\u00e9 kissia ), remettons\u2013nous autour de la table. Comment vous allez faire \u00e7a, rien que cette r\u00e9union va parvenir au pr\u00e9sident de la r\u00e9publique\u2026 Vous l\u2019aviez dit si Patrick ne d\u00e9mission pas il ne faut pas qu\u2019il aille pour faire la campagne et on ne votera pas pour lui. Le plus important pour moi, pour vous, pour chacun de vous c\u2019est notre communaut\u00e9\u2026 Quand on va revenir pour les Etats g\u00e9n\u00e9raux de la communaut\u00e9 pour allons nous rapprocher davantage \u00bb.<br \/>\nSOURCE INFOSPREMIERE<\/p>\n<p>&nbsp;<\/p>\n","protected":false},"excerpt":{"rendered":"<p>Les jeunes de la communaut\u00e9 kissia de Conakry ont t\u00e9nu une r\u00e9union ce lundi 04 juin 2018 \u00e0 Hamdallaye concasseur dans commune de Ratoma ici \u00e0 capitale. Au cours de cette rencontre une bonne partie de cette jeunesse a exig\u00e9 la d\u00e9mission de Patrick Roger Millimouno \u00e0 son poste de ministre de l\u2019\u00e9levage. La rencontre [&hellip;]<\/p>\n","protected":false},"author":12,"featured_media":25508,"comment_status":"closed","ping_status":"closed","sticky":false,"template":"","format":"standard","meta":{"_exactmetrics_skip_tracking":false,"_exactmetrics_sitenote_active":false,"_exactmetrics_sitenote_note":"","_exactmetrics_sitenote_category":0,"tdm_status":"","tdm_grid_status":"","footnotes":""},"categories":[14],"tags":[],"class_list":{"0":"post-25507","1":"post","2":"type-post","3":"status-publish","4":"format-standard","5":"has-post-thumbnail","7":"category-politique"},"yoast_head":"<!-- This site is optimized with the Yoast SEO plugin v24.2 - https:\/\/yoast.com\/wordpress\/plugins\/seo\/ -->\n<title>La jeunesse de la communaut\u00e9 kissienne m\u00e9content de la forme de la nomination de Patrick Millimouno au minist\u00e8re de l\u2019\u00e9levage, demande sa d\u00e9mission au poste. | Guin\u00e9e Diversit\u00e9<\/title>\n<meta name=\"robots\" content=\"index, follow, max-snippet:-1, max-image-preview:large, max-video-preview:-1\" \/>\n<link rel=\"canonical\" href=\"https:\/\/guineediversite.com\/index.php\/2018\/06\/05\/la-jeunesse-de-la-communaute-kissia-mecontent-de-la-forme-de-la-nomination-de-patrick-millimouno-au-ministere-de-lelevage-demande-sa-demission-au-poste\/\" \/>\n<meta property=\"og:locale\" content=\"fr_FR\" \/>\n<meta property=\"og:type\" content=\"article\" \/>\n<meta property=\"og:title\" content=\"La jeunesse de la communaut\u00e9 kissienne m\u00e9content de la forme de la nomination de Patrick Millimouno au minist\u00e8re de l\u2019\u00e9levage, demande sa d\u00e9mission au poste. | Guin\u00e9e Diversit\u00e9\" \/>\n<meta property=\"og:description\" content=\"Les jeunes de la communaut\u00e9 kissia de Conakry ont t\u00e9nu une r\u00e9union ce lundi 04 juin 2018 \u00e0 Hamdallaye concasseur dans commune de Ratoma ici \u00e0 capitale. Au cours de cette rencontre une bonne partie de cette jeunesse a exig\u00e9 la d\u00e9mission de Patrick Roger Millimouno \u00e0 son poste de ministre de l\u2019\u00e9levage. La rencontre [&hellip;]\" \/>\n<meta property=\"og:url\" content=\"https:\/\/guineediversite.com\/index.php\/2018\/06\/05\/la-jeunesse-de-la-communaute-kissia-mecontent-de-la-forme-de-la-nomination-de-patrick-millimouno-au-ministere-de-lelevage-demande-sa-demission-au-poste\/\" \/>\n<meta property=\"og:site_name\" content=\"Guin\u00e9e Diversit\u00e9\" \/>\n<meta property=\"article:publisher\" content=\"https:\/\/www.facebook.com\/guineediversite\/\" \/>\n<meta property=\"article:published_time\" content=\"2018-06-05T11:06:13+00:00\" \/>\n<meta property=\"article:modified_time\" content=\"2018-06-05T15:28:03+00:00\" \/>\n<meta property=\"og:image\" content=\"https:\/\/guineediversite.com\/wp-content\/uploads\/2018\/06\/received_1753055448116514.jpeg\" \/>\n\t<meta property=\"og:image:width\" content=\"1920\" \/>\n\t<meta property=\"og:image:height\" content=\"1440\" \/>\n\t<meta property=\"og:image:type\" content=\"image\/jpeg\" \/>\n<meta name=\"author\" content=\"Guin\u00e9e Diversit\u00e9\" \/>\n<meta name=\"twitter:card\" content=\"summary_large_image\" \/>\n<meta name=\"twitter:creator\" content=\"@GuineeDiversite\" \/>\n<meta name=\"twitter:site\" content=\"@GuineeDiversite\" \/>\n<meta name=\"twitter:label1\" content=\"\u00c9crit par\" \/>\n\t<meta name=\"twitter:data1\" content=\"Guin\u00e9e Diversit\u00e9\" \/>\n\t<meta name=\"twitter:label2\" content=\"Dur\u00e9e de lecture estim\u00e9e\" \/>\n\t<meta name=\"twitter:data2\" content=\"3 minutes\" \/>\n<script type=\"application\/ld+json\" class=\"yoast-schema-graph\">{\"@context\":\"https:\/\/schema.org\",\"@graph\":[{\"@type\":\"Article\",\"@id\":\"https:\/\/guineediversite.com\/index.php\/2018\/06\/05\/la-jeunesse-de-la-communaute-kissia-mecontent-de-la-forme-de-la-nomination-de-patrick-millimouno-au-ministere-de-lelevage-demande-sa-demission-au-poste\/#article\",\"isPartOf\":{\"@id\":\"https:\/\/guineediversite.com\/index.php\/2018\/06\/05\/la-jeunesse-de-la-communaute-kissia-mecontent-de-la-forme-de-la-nomination-de-patrick-millimouno-au-ministere-de-lelevage-demande-sa-demission-au-poste\/\"},\"author\":{\"name\":\"Guin\u00e9e Diversit\u00e9\",\"@id\":\"https:\/\/guineediversite.com\/#\/schema\/person\/afa08fb34e7fc6e1feafc892612bc836\"},\"headline\":\"La jeunesse de la communaut\u00e9 kissienne m\u00e9content de la forme de la nomination de Patrick Millimouno au minist\u00e8re de l\u2019\u00e9levage, demande sa d\u00e9mission au poste.\",\"datePublished\":\"2018-06-05T11:06:13+00:00\",\"dateModified\":\"2018-06-05T15:28:03+00:00\",\"mainEntityOfPage\":{\"@id\":\"https:\/\/guineediversite.com\/index.php\/2018\/06\/05\/la-jeunesse-de-la-communaute-kissia-mecontent-de-la-forme-de-la-nomination-de-patrick-millimouno-au-ministere-de-lelevage-demande-sa-demission-au-poste\/\"},\"wordCount\":605,\"publisher\":{\"@id\":\"https:\/\/guineediversite.com\/#organization\"},\"image\":{\"@id\":\"https:\/\/guineediversite.com\/index.php\/2018\/06\/05\/la-jeunesse-de-la-communaute-kissia-mecontent-de-la-forme-de-la-nomination-de-patrick-millimouno-au-ministere-de-lelevage-demande-sa-demission-au-poste\/#primaryimage\"},\"thumbnailUrl\":\"https:\/\/guineediversite.com\/wp-content\/uploads\/2018\/06\/received_1753055448116514.jpeg\",\"articleSection\":[\"Politique\"],\"inLanguage\":\"fr-FR\"},{\"@type\":\"WebPage\",\"@id\":\"https:\/\/guineediversite.com\/index.php\/2018\/06\/05\/la-jeunesse-de-la-communaute-kissia-mecontent-de-la-forme-de-la-nomination-de-patrick-millimouno-au-ministere-de-lelevage-demande-sa-demission-au-poste\/\",\"url\":\"https:\/\/guineediversite.com\/index.php\/2018\/06\/05\/la-jeunesse-de-la-communaute-kissia-mecontent-de-la-forme-de-la-nomination-de-patrick-millimouno-au-ministere-de-lelevage-demande-sa-demission-au-poste\/\",\"name\":\"La jeunesse de la communaut\u00e9 kissienne m\u00e9content de la forme de la nomination de Patrick Millimouno au minist\u00e8re de l\u2019\u00e9levage, demande sa d\u00e9mission au poste. | Guin\u00e9e Diversit\u00e9\",\"isPartOf\":{\"@id\":\"https:\/\/guineediversite.com\/#website\"},\"primaryImageOfPage\":{\"@id\":\"https:\/\/guineediversite.com\/index.php\/2018\/06\/05\/la-jeunesse-de-la-communaute-kissia-mecontent-de-la-forme-de-la-nomination-de-patrick-millimouno-au-ministere-de-lelevage-demande-sa-demission-au-poste\/#primaryimage\"},\"image\":{\"@id\":\"https:\/\/guineediversite.com\/index.php\/2018\/06\/05\/la-jeunesse-de-la-communaute-kissia-mecontent-de-la-forme-de-la-nomination-de-patrick-millimouno-au-ministere-de-lelevage-demande-sa-demission-au-poste\/#primaryimage\"},\"thumbnailUrl\":\"https:\/\/guineediversite.com\/wp-content\/uploads\/2018\/06\/received_1753055448116514.jpeg\",\"datePublished\":\"2018-06-05T11:06:13+00:00\",\"dateModified\":\"2018-06-05T15:28:03+00:00\",\"breadcrumb\":{\"@id\":\"https:\/\/guineediversite.com\/index.php\/2018\/06\/05\/la-jeunesse-de-la-communaute-kissia-mecontent-de-la-forme-de-la-nomination-de-patrick-millimouno-au-ministere-de-lelevage-demande-sa-demission-au-poste\/#breadcrumb\"},\"inLanguage\":\"fr-FR\",\"potentialAction\":[{\"@type\":\"ReadAction\",\"target\":[\"https:\/\/guineediversite.com\/index.php\/2018\/06\/05\/la-jeunesse-de-la-communaute-kissia-mecontent-de-la-forme-de-la-nomination-de-patrick-millimouno-au-ministere-de-lelevage-demande-sa-demission-au-poste\/\"]}]},{\"@type\":\"ImageObject\",\"inLanguage\":\"fr-FR\",\"@id\":\"https:\/\/guineediversite.com\/index.php\/2018\/06\/05\/la-jeunesse-de-la-communaute-kissia-mecontent-de-la-forme-de-la-nomination-de-patrick-millimouno-au-ministere-de-lelevage-demande-sa-demission-au-poste\/#primaryimage\",\"url\":\"https:\/\/guineediversite.com\/wp-content\/uploads\/2018\/06\/received_1753055448116514.jpeg\",\"contentUrl\":\"https:\/\/guineediversite.com\/wp-content\/uploads\/2018\/06\/received_1753055448116514.jpeg\",\"width\":\"1920\",\"height\":\"1440\"},{\"@type\":\"BreadcrumbList\",\"@id\":\"https:\/\/guineediversite.com\/index.php\/2018\/06\/05\/la-jeunesse-de-la-communaute-kissia-mecontent-de-la-forme-de-la-nomination-de-patrick-millimouno-au-ministere-de-lelevage-demande-sa-demission-au-poste\/#breadcrumb\",\"itemListElement\":[{\"@type\":\"ListItem\",\"position\":1,\"name\":\"Accueil\",\"item\":\"https:\/\/guineediversite.com\/\"},{\"@type\":\"ListItem\",\"position\":2,\"name\":\"La jeunesse de la communaut\u00e9 kissienne m\u00e9content de la forme de la nomination de Patrick Millimouno au minist\u00e8re de l\u2019\u00e9levage, demande sa d\u00e9mission au poste.\"}]},{\"@type\":\"WebSite\",\"@id\":\"https:\/\/guineediversite.com\/#website\",\"url\":\"https:\/\/guineediversite.com\/\",\"name\":\"Guin\u00e9e Diversit\u00e9\",\"description\":\"L&#039;Info dans toute sa diversit\u00e9\",\"publisher\":{\"@id\":\"https:\/\/guineediversite.com\/#organization\"},\"potentialAction\":[{\"@type\":\"SearchAction\",\"target\":{\"@type\":\"EntryPoint\",\"urlTemplate\":\"https:\/\/guineediversite.com\/?s={search_term_string}\"},\"query-input\":{\"@type\":\"PropertyValueSpecification\",\"valueRequired\":true,\"valueName\":\"search_term_string\"}}],\"inLanguage\":\"fr-FR\"},{\"@type\":\"Organization\",\"@id\":\"https:\/\/guineediversite.com\/#organization\",\"name\":\"Guin\u00e9e Diversit\u00e9\",\"url\":\"https:\/\/guineediversite.com\/\",\"logo\":{\"@type\":\"ImageObject\",\"inLanguage\":\"fr-FR\",\"@id\":\"https:\/\/guineediversite.com\/#\/schema\/logo\/image\/\",\"url\":\"https:\/\/guineediversite.com\/wp-content\/uploads\/2017\/04\/cropped-1jojlxEOMkX9Wyqfhe43D6kjPOGqBBKmx3EwWJqZ0cMrFF54yM49.png\",\"contentUrl\":\"https:\/\/guineediversite.com\/wp-content\/uploads\/2017\/04\/cropped-1jojlxEOMkX9Wyqfhe43D6kjPOGqBBKmx3EwWJqZ0cMrFF54yM49.png\",\"width\":186,\"height\":112,\"caption\":\"Guin\u00e9e Diversit\u00e9\"},\"image\":{\"@id\":\"https:\/\/guineediversite.com\/#\/schema\/logo\/image\/\"},\"sameAs\":[\"https:\/\/www.facebook.com\/guineediversite\/\",\"https:\/\/x.com\/GuineeDiversite\",\"https:\/\/www.youtube.com\/channel\/UC8sUY16qelG5ge6_D5SB83g\"]},{\"@type\":\"Person\",\"@id\":\"https:\/\/guineediversite.com\/#\/schema\/person\/afa08fb34e7fc6e1feafc892612bc836\",\"name\":\"Guin\u00e9e Diversit\u00e9\",\"image\":{\"@type\":\"ImageObject\",\"inLanguage\":\"fr-FR\",\"@id\":\"https:\/\/guineediversite.com\/#\/schema\/person\/image\/\",\"url\":\"https:\/\/secure.gravatar.com\/avatar\/50d5eb5b390f8b65ac30ac6f898eb83a?s=96&d=mm&r=g\",\"contentUrl\":\"https:\/\/secure.gravatar.com\/avatar\/50d5eb5b390f8b65ac30ac6f898eb83a?s=96&d=mm&r=g\",\"caption\":\"Guin\u00e9e Diversit\u00e9\"},\"url\":\"https:\/\/guineediversite.com\/index.php\/author\/guineediversite\/\"}]}<\/script>\n<!-- \/ Yoast SEO plugin. -->","yoast_head_json":{"title":"La jeunesse de la communaut\u00e9 kissienne m\u00e9content de la forme de la nomination de Patrick Millimouno au minist\u00e8re de l\u2019\u00e9levage, demande sa d\u00e9mission au poste. | Guin\u00e9e Diversit\u00e9","robots":{"index":"index","follow":"follow","max-snippet":"max-snippet:-1","max-image-preview":"max-image-preview:large","max-video-preview":"max-video-preview:-1"},"canonical":"https:\/\/guineediversite.com\/index.php\/2018\/06\/05\/la-jeunesse-de-la-communaute-kissia-mecontent-de-la-forme-de-la-nomination-de-patrick-millimouno-au-ministere-de-lelevage-demande-sa-demission-au-poste\/","og_locale":"fr_FR","og_type":"article","og_title":"La jeunesse de la communaut\u00e9 kissienne m\u00e9content de la forme de la nomination de Patrick Millimouno au minist\u00e8re de l\u2019\u00e9levage, demande sa d\u00e9mission au poste. | Guin\u00e9e Diversit\u00e9","og_description":"Les jeunes de la communaut\u00e9 kissia de Conakry ont t\u00e9nu une r\u00e9union ce lundi 04 juin 2018 \u00e0 Hamdallaye concasseur dans commune de Ratoma ici \u00e0 capitale. Au cours de cette rencontre une bonne partie de cette jeunesse a exig\u00e9 la d\u00e9mission de Patrick Roger Millimouno \u00e0 son poste de ministre de l\u2019\u00e9levage. La rencontre [&hellip;]","og_url":"https:\/\/guineediversite.com\/index.php\/2018\/06\/05\/la-jeunesse-de-la-communaute-kissia-mecontent-de-la-forme-de-la-nomination-de-patrick-millimouno-au-ministere-de-lelevage-demande-sa-demission-au-poste\/","og_site_name":"Guin\u00e9e Diversit\u00e9","article_publisher":"https:\/\/www.facebook.com\/guineediversite\/","article_published_time":"2018-06-05T11:06:13+00:00","article_modified_time":"2018-06-05T15:28:03+00:00","og_image":[{"width":1920,"height":1440,"url":"https:\/\/guineediversite.com\/wp-content\/uploads\/2018\/06\/received_1753055448116514.jpeg","type":"image\/jpeg"}],"author":"Guin\u00e9e Diversit\u00e9","twitter_card":"summary_large_image","twitter_creator":"@GuineeDiversite","twitter_site":"@GuineeDiversite","twitter_misc":{"\u00c9crit par":"Guin\u00e9e Diversit\u00e9","Dur\u00e9e de lecture estim\u00e9e":"3 minutes"},"schema":{"@context":"https:\/\/schema.org","@graph":[{"@type":"Article","@id":"https:\/\/guineediversite.com\/index.php\/2018\/06\/05\/la-jeunesse-de-la-communaute-kissia-mecontent-de-la-forme-de-la-nomination-de-patrick-millimouno-au-ministere-de-lelevage-demande-sa-demission-au-poste\/#article","isPartOf":{"@id":"https:\/\/guineediversite.com\/index.php\/2018\/06\/05\/la-jeunesse-de-la-communaute-kissia-mecontent-de-la-forme-de-la-nomination-de-patrick-millimouno-au-ministere-de-lelevage-demande-sa-demission-au-poste\/"},"author":{"name":"Guin\u00e9e Diversit\u00e9","@id":"https:\/\/guineediversite.com\/#\/schema\/person\/afa08fb34e7fc6e1feafc892612bc836"},"headline":"La jeunesse de la communaut\u00e9 kissienne m\u00e9content de la forme de la nomination de Patrick Millimouno au minist\u00e8re de l\u2019\u00e9levage, demande sa d\u00e9mission au poste.","datePublished":"2018-06-05T11:06:13+00:00","dateModified":"2018-06-05T15:28:03+00:00","mainEntityOfPage":{"@id":"https:\/\/guineediversite.com\/index.php\/2018\/06\/05\/la-jeunesse-de-la-communaute-kissia-mecontent-de-la-forme-de-la-nomination-de-patrick-millimouno-au-ministere-de-lelevage-demande-sa-demission-au-poste\/"},"wordCount":605,"publisher":{"@id":"https:\/\/guineediversite.com\/#organization"},"image":{"@id":"https:\/\/guineediversite.com\/index.php\/2018\/06\/05\/la-jeunesse-de-la-communaute-kissia-mecontent-de-la-forme-de-la-nomination-de-patrick-millimouno-au-ministere-de-lelevage-demande-sa-demission-au-poste\/#primaryimage"},"thumbnailUrl":"https:\/\/guineediversite.com\/wp-content\/uploads\/2018\/06\/received_1753055448116514.jpeg","articleSection":["Politique"],"inLanguage":"fr-FR"},{"@type":"WebPage","@id":"https:\/\/guineediversite.com\/index.php\/2018\/06\/05\/la-jeunesse-de-la-communaute-kissia-mecontent-de-la-forme-de-la-nomination-de-patrick-millimouno-au-ministere-de-lelevage-demande-sa-demission-au-poste\/","url":"https:\/\/guineediversite.com\/index.php\/2018\/06\/05\/la-jeunesse-de-la-communaute-kissia-mecontent-de-la-forme-de-la-nomination-de-patrick-millimouno-au-ministere-de-lelevage-demande-sa-demission-au-poste\/","name":"La jeunesse de la communaut\u00e9 kissienne m\u00e9content de la forme de la nomination de Patrick Millimouno au minist\u00e8re de l\u2019\u00e9levage, demande sa d\u00e9mission au poste. | Guin\u00e9e Diversit\u00e9","isPartOf":{"@id":"https:\/\/guineediversite.com\/#website"},"primaryImageOfPage":{"@id":"https:\/\/guineediversite.com\/index.php\/2018\/06\/05\/la-jeunesse-de-la-communaute-kissia-mecontent-de-la-forme-de-la-nomination-de-patrick-millimouno-au-ministere-de-lelevage-demande-sa-demission-au-poste\/#primaryimage"},"image":{"@id":"https:\/\/guineediversite.com\/index.php\/2018\/06\/05\/la-jeunesse-de-la-communaute-kissia-mecontent-de-la-forme-de-la-nomination-de-patrick-millimouno-au-ministere-de-lelevage-demande-sa-demission-au-poste\/#primaryimage"},"thumbnailUrl":"https:\/\/guineediversite.com\/wp-content\/uploads\/2018\/06\/received_1753055448116514.jpeg","datePublished":"2018-06-05T11:06:13+00:00","dateModified":"2018-06-05T15:28:03+00:00","breadcrumb":{"@id":"https:\/\/guineediversite.com\/index.php\/2018\/06\/05\/la-jeunesse-de-la-communaute-kissia-mecontent-de-la-forme-de-la-nomination-de-patrick-millimouno-au-ministere-de-lelevage-demande-sa-demission-au-poste\/#breadcrumb"},"inLanguage":"fr-FR","potentialAction":[{"@type":"ReadAction","target":["https:\/\/guineediversite.com\/index.php\/2018\/06\/05\/la-jeunesse-de-la-communaute-kissia-mecontent-de-la-forme-de-la-nomination-de-patrick-millimouno-au-ministere-de-lelevage-demande-sa-demission-au-poste\/"]}]},{"@type":"ImageObject","inLanguage":"fr-FR","@id":"https:\/\/guineediversite.com\/index.php\/2018\/06\/05\/la-jeunesse-de-la-communaute-kissia-mecontent-de-la-forme-de-la-nomination-de-patrick-millimouno-au-ministere-de-lelevage-demande-sa-demission-au-poste\/#primaryimage","url":"https:\/\/guineediversite.com\/wp-content\/uploads\/2018\/06\/received_1753055448116514.jpeg","contentUrl":"https:\/\/guineediversite.com\/wp-content\/uploads\/2018\/06\/received_1753055448116514.jpeg","width":"1920","height":"1440"},{"@type":"BreadcrumbList","@id":"https:\/\/guineediversite.com\/index.php\/2018\/06\/05\/la-jeunesse-de-la-communaute-kissia-mecontent-de-la-forme-de-la-nomination-de-patrick-millimouno-au-ministere-de-lelevage-demande-sa-demission-au-poste\/#breadcrumb","itemListElement":[{"@type":"ListItem","position":1,"name":"Accueil","item":"https:\/\/guineediversite.com\/"},{"@type":"ListItem","position":2,"name":"La jeunesse de la communaut\u00e9 kissienne m\u00e9content de la forme de la nomination de Patrick Millimouno au minist\u00e8re de l\u2019\u00e9levage, demande sa d\u00e9mission au poste."}]},{"@type":"WebSite","@id":"https:\/\/guineediversite.com\/#website","url":"https:\/\/guineediversite.com\/","name":"Guin\u00e9e Diversit\u00e9","description":"L&#039;Info dans toute sa diversit\u00e9","publisher":{"@id":"https:\/\/guineediversite.com\/#organization"},"potentialAction":[{"@type":"SearchAction","target":{"@type":"EntryPoint","urlTemplate":"https:\/\/guineediversite.com\/?s={search_term_string}"},"query-input":{"@type":"PropertyValueSpecification","valueRequired":true,"valueName":"search_term_string"}}],"inLanguage":"fr-FR"},{"@type":"Organization","@id":"https:\/\/guineediversite.com\/#organization","name":"Guin\u00e9e Diversit\u00e9","url":"https:\/\/guineediversite.com\/","logo":{"@type":"ImageObject","inLanguage":"fr-FR","@id":"https:\/\/guineediversite.com\/#\/schema\/logo\/image\/","url":"https:\/\/guineediversite.com\/wp-content\/uploads\/2017\/04\/cropped-1jojlxEOMkX9Wyqfhe43D6kjPOGqBBKmx3EwWJqZ0cMrFF54yM49.png","contentUrl":"https:\/\/guineediversite.com\/wp-content\/uploads\/2017\/04\/cropped-1jojlxEOMkX9Wyqfhe43D6kjPOGqBBKmx3EwWJqZ0cMrFF54yM49.png","width":186,"height":112,"caption":"Guin\u00e9e Diversit\u00e9"},"image":{"@id":"https:\/\/guineediversite.com\/#\/schema\/logo\/image\/"},"sameAs":["https:\/\/www.facebook.com\/guineediversite\/","https:\/\/x.com\/GuineeDiversite","https:\/\/www.youtube.com\/channel\/UC8sUY16qelG5ge6_D5SB83g"]},{"@type":"Person","@id":"https:\/\/guineediversite.com\/#\/schema\/person\/afa08fb34e7fc6e1feafc892612bc836","name":"Guin\u00e9e Diversit\u00e9","image":{"@type":"ImageObject","inLanguage":"fr-FR","@id":"https:\/\/guineediversite.com\/#\/schema\/person\/image\/","url":"https:\/\/secure.gravatar.com\/avatar\/50d5eb5b390f8b65ac30ac6f898eb83a?s=96&d=mm&r=g","contentUrl":"https:\/\/secure.gravatar.com\/avatar\/50d5eb5b390f8b65ac30ac6f898eb83a?s=96&d=mm&r=g","caption":"Guin\u00e9e Diversit\u00e9"},"url":"https:\/\/guineediversite.com\/index.php\/author\/guineediversite\/"}]}},"_links":{"self":[{"href":"https:\/\/guineediversite.com\/index.php\/wp-json\/wp\/v2\/posts\/25507"}],"collection":[{"href":"https:\/\/guineediversite.com\/index.php\/wp-json\/wp\/v2\/posts"}],"about":[{"href":"https:\/\/guineediversite.com\/index.php\/wp-json\/wp\/v2\/types\/post"}],"author":[{"embeddable":true,"href":"https:\/\/guineediversite.com\/index.php\/wp-json\/wp\/v2\/users\/12"}],"replies":[{"embeddable":true,"href":"https:\/\/guineediversite.com\/index.php\/wp-json\/wp\/v2\/comments?post=25507"}],"version-history":[{"count":0,"href":"https:\/\/guineediversite.com\/index.php\/wp-json\/wp\/v2\/posts\/25507\/revisions"}],"wp:featuredmedia":[{"embeddable":true,"href":"https:\/\/guineediversite.com\/index.php\/wp-json\/wp\/v2\/media\/25508"}],"wp:attachment":[{"href":"https:\/\/guineediversite.com\/index.php\/wp-json\/wp\/v2\/media?parent=25507"}],"wp:term":[{"taxonomy":"category","embeddable":true,"href":"https:\/\/guineediversite.com\/index.php\/wp-json\/wp\/v2\/categories?post=25507"},{"taxonomy":"post_tag","embeddable":true,"href":"https:\/\/guineediversite.com\/index.php\/wp-json\/wp\/v2\/tags?post=25507"}],"curies":[{"name":"wp","href":"https:\/\/api.w.org\/{rel}","templated":true}]}}