{"id":25500,"date":"2018-06-04T22:10:37","date_gmt":"2018-06-04T20:10:37","guid":{"rendered":"https:\/\/guineediversite.com\/?p=25500"},"modified":"2018-06-04T22:10:37","modified_gmt":"2018-06-04T20:10:37","slug":"oye-guilavogui-a-t-il-secoue-alpha-conde-analyse","status":"publish","type":"post","link":"https:\/\/guineediversite.com\/index.php\/2018\/06\/04\/oye-guilavogui-a-t-il-secoue-alpha-conde-analyse\/","title":{"rendered":"Oy\u00e9 Guilavogui a-t-il secou\u00e9 Alpha Cond\u00e9 ? (Analyse)"},"content":{"rendered":"<p><strong>Dans un d\u00e9cret rendu public dans la soir\u00e9e de ce dimanche, 03 juin 2018, le pr\u00e9sident de la R\u00e9publique a nomm\u00e9 l\u2019ancien ministre des Transports, Oy\u00e9 Guilavogui, \u00e0 la t\u00eate du D\u00e9partement de l\u2019Environnement, des eaux et For\u00eats. Et, monsieur Robert Patrick Millimono est nomm\u00e9 ministre de l\u2019\u00e9levage.<\/strong><\/p>\n<p>Ce dernier a \u00e9t\u00e9 nomm\u00e9 ministre de l\u2019Environnement dans le d\u00e9cret du 26 mai dernier. Robert Patrick Millimono a d\u2019ailleurs juste eu le temps de prendre service le vendredi dernier, sans avoir le temps de r\u00e9ellement s\u2019installer puisqu\u2019il doit ainsi quitter ce poste sit\u00f4t arriv\u00e9. Pour sa part, Oy\u00e9 Guilavogui a sembl\u00e9 r\u00e9ellement secouer le chef de l\u2019\u00c9tat.<\/p>\n<p>Un dimanche soir, la t\u00e9l\u00e9vision nationale annonce la nomination du ministre Oy\u00e9 Guilavogui \u00e0 la t\u00eate du minist\u00e8re de l\u2019environnement et des eaux et for\u00eats. Le plus surprenant est qu\u2019il remplace un ministre qui a pris fonction deux jours avant. En effet, c\u2019est le vendredi 1er juin que Robert Patrick Millimono a \u00e9t\u00e9 install\u00e9 au d\u00e9partement de l\u2019environnement et des eaux et for\u00eats en remplacement de la dame Assiatou Bald\u00e9. Finalement Robert Patrick Millimono ira diriger le minist\u00e8re de l\u2019\u00e9levage.<\/p>\n<p>S\u2019il est impossible d\u2019expliquer ce jeu de chaise musicale, il faut rappeler qu\u2019il a \u00e9t\u00e9 dit que l\u2019ancien ministre des transports avait refus\u00e9 le d\u00e9partement de l\u2019\u00e9levage. D\u2019o\u00f9 l\u2019incompr\u00e9hension de beaucoup de citoyens. Comment un chef de l\u2019Etat peut accepter de se soumettre \u00e0 la volont\u00e9 d\u2019un ministre ? S\u2019interroge un internaute. Certains appellent m\u00eame le ministre Robert Patrick Millimono \u00e0 refuser aussi le d\u00e9partement de l\u2019\u00e9levage.<\/p>\n<p>Il faut rappeler que le weekend dernier, le ministre Oy\u00e9 Guilavogui \u00e9tait \u00e0 Kindia, son bastion politique. La mobilisation des jeunes et des sages aurais-t-ils jou\u00e9 en sa faveur ? Rien n\u2019est moins sur. En tout cas, Conakry s\u2019est r\u00e9veill\u00e9 ce lundi \u00e9tonn\u00e9 de constater que le ministre Oy\u00e9 Guilavogui est un homme capable d\u2019obtenir le poste minist\u00e9riel qu\u2019il veut dans le gouvernement de Kassory Fofana.<\/p>\n<p>Ce d\u00e9cret vient aussi Confirmer le d\u00e9part d\u00e9finitif de l\u2019UFR dans le gouvernement. Mohamed Tall n\u2019est plus ministre et aucun membre de l\u2019union des forces r\u00e9publicaine d\u2019ailleurs. Est-ce la fin d\u2019une alliance ? Attendons de voir.<\/p>\n","protected":false},"excerpt":{"rendered":"<p>Dans un d\u00e9cret rendu public dans la soir\u00e9e de ce dimanche, 03 juin 2018, le pr\u00e9sident de la R\u00e9publique a nomm\u00e9 l\u2019ancien ministre des Transports, Oy\u00e9 Guilavogui, \u00e0 la t\u00eate du D\u00e9partement de l\u2019Environnement, des eaux et For\u00eats. Et, monsieur Robert Patrick Millimono est nomm\u00e9 ministre de l\u2019\u00e9levage. Ce dernier a \u00e9t\u00e9 nomm\u00e9 ministre de [&hellip;]<\/p>\n","protected":false},"author":16,"featured_media":25501,"comment_status":"closed","ping_status":"closed","sticky":false,"template":"","format":"standard","meta":{"_exactmetrics_skip_tracking":false,"_exactmetrics_sitenote_active":false,"_exactmetrics_sitenote_note":"","_exactmetrics_sitenote_category":0,"tdm_status":"","tdm_grid_status":"","footnotes":""},"categories":[14],"tags":[],"class_list":{"0":"post-25500","1":"post","2":"type-post","3":"status-publish","4":"format-standard","5":"has-post-thumbnail","7":"category-politique"},"yoast_head":"<!-- This site is optimized with the Yoast SEO plugin v24.2 - https:\/\/yoast.com\/wordpress\/plugins\/seo\/ -->\n<title>Oy\u00e9 Guilavogui a-t-il secou\u00e9 Alpha Cond\u00e9 ? (Analyse) | Guin\u00e9e Diversit\u00e9<\/title>\n<meta name=\"robots\" content=\"index, follow, max-snippet:-1, max-image-preview:large, max-video-preview:-1\" \/>\n<link rel=\"canonical\" href=\"https:\/\/guineediversite.com\/index.php\/2018\/06\/04\/oye-guilavogui-a-t-il-secoue-alpha-conde-analyse\/\" \/>\n<meta property=\"og:locale\" content=\"fr_FR\" \/>\n<meta property=\"og:type\" content=\"article\" \/>\n<meta property=\"og:title\" content=\"Oy\u00e9 Guilavogui a-t-il secou\u00e9 Alpha Cond\u00e9 ? (Analyse) | Guin\u00e9e Diversit\u00e9\" \/>\n<meta property=\"og:description\" content=\"Dans un d\u00e9cret rendu public dans la soir\u00e9e de ce dimanche, 03 juin 2018, le pr\u00e9sident de la R\u00e9publique a nomm\u00e9 l\u2019ancien ministre des Transports, Oy\u00e9 Guilavogui, \u00e0 la t\u00eate du D\u00e9partement de l\u2019Environnement, des eaux et For\u00eats. Et, monsieur Robert Patrick Millimono est nomm\u00e9 ministre de l\u2019\u00e9levage. Ce dernier a \u00e9t\u00e9 nomm\u00e9 ministre de [&hellip;]\" \/>\n<meta property=\"og:url\" content=\"https:\/\/guineediversite.com\/index.php\/2018\/06\/04\/oye-guilavogui-a-t-il-secoue-alpha-conde-analyse\/\" \/>\n<meta property=\"og:site_name\" content=\"Guin\u00e9e Diversit\u00e9\" \/>\n<meta property=\"article:publisher\" content=\"https:\/\/www.facebook.com\/guineediversite\/\" \/>\n<meta property=\"article:published_time\" content=\"2018-06-04T20:10:37+00:00\" \/>\n<meta property=\"og:image\" content=\"https:\/\/guineediversite.com\/wp-content\/uploads\/2018\/06\/t\u00e9l\u00e9chargement-1.jpg\" \/>\n\t<meta property=\"og:image:width\" content=\"1024\" \/>\n\t<meta property=\"og:image:height\" content=\"1114\" \/>\n\t<meta property=\"og:image:type\" content=\"image\/jpeg\" \/>\n<meta name=\"author\" content=\"Moussa Mo\u00efse K\u00e9ita\" \/>\n<meta name=\"twitter:card\" content=\"summary_large_image\" \/>\n<meta name=\"twitter:creator\" content=\"@GuineeDiversite\" \/>\n<meta name=\"twitter:site\" content=\"@GuineeDiversite\" \/>\n<meta name=\"twitter:label1\" content=\"\u00c9crit par\" \/>\n\t<meta name=\"twitter:data1\" content=\"Moussa Mo\u00efse K\u00e9ita\" \/>\n\t<meta name=\"twitter:label2\" content=\"Dur\u00e9e de lecture estim\u00e9e\" \/>\n\t<meta name=\"twitter:data2\" content=\"2 minutes\" \/>\n<script type=\"application\/ld+json\" class=\"yoast-schema-graph\">{\"@context\":\"https:\/\/schema.org\",\"@graph\":[{\"@type\":\"Article\",\"@id\":\"https:\/\/guineediversite.com\/index.php\/2018\/06\/04\/oye-guilavogui-a-t-il-secoue-alpha-conde-analyse\/#article\",\"isPartOf\":{\"@id\":\"https:\/\/guineediversite.com\/index.php\/2018\/06\/04\/oye-guilavogui-a-t-il-secoue-alpha-conde-analyse\/\"},\"author\":{\"name\":\"Moussa Mo\u00efse K\u00e9ita\",\"@id\":\"https:\/\/guineediversite.com\/#\/schema\/person\/079ec347f72d2acde4b56a50a4fd46dc\"},\"headline\":\"Oy\u00e9 Guilavogui a-t-il secou\u00e9 Alpha Cond\u00e9 ? (Analyse)\",\"datePublished\":\"2018-06-04T20:10:37+00:00\",\"dateModified\":\"2018-06-04T20:10:37+00:00\",\"mainEntityOfPage\":{\"@id\":\"https:\/\/guineediversite.com\/index.php\/2018\/06\/04\/oye-guilavogui-a-t-il-secoue-alpha-conde-analyse\/\"},\"wordCount\":413,\"publisher\":{\"@id\":\"https:\/\/guineediversite.com\/#organization\"},\"image\":{\"@id\":\"https:\/\/guineediversite.com\/index.php\/2018\/06\/04\/oye-guilavogui-a-t-il-secoue-alpha-conde-analyse\/#primaryimage\"},\"thumbnailUrl\":\"https:\/\/guineediversite.com\/wp-content\/uploads\/2018\/06\/t\u00e9l\u00e9chargement-1.jpg\",\"articleSection\":[\"Politique\"],\"inLanguage\":\"fr-FR\"},{\"@type\":\"WebPage\",\"@id\":\"https:\/\/guineediversite.com\/index.php\/2018\/06\/04\/oye-guilavogui-a-t-il-secoue-alpha-conde-analyse\/\",\"url\":\"https:\/\/guineediversite.com\/index.php\/2018\/06\/04\/oye-guilavogui-a-t-il-secoue-alpha-conde-analyse\/\",\"name\":\"Oy\u00e9 Guilavogui a-t-il secou\u00e9 Alpha Cond\u00e9 ? (Analyse) | Guin\u00e9e Diversit\u00e9\",\"isPartOf\":{\"@id\":\"https:\/\/guineediversite.com\/#website\"},\"primaryImageOfPage\":{\"@id\":\"https:\/\/guineediversite.com\/index.php\/2018\/06\/04\/oye-guilavogui-a-t-il-secoue-alpha-conde-analyse\/#primaryimage\"},\"image\":{\"@id\":\"https:\/\/guineediversite.com\/index.php\/2018\/06\/04\/oye-guilavogui-a-t-il-secoue-alpha-conde-analyse\/#primaryimage\"},\"thumbnailUrl\":\"https:\/\/guineediversite.com\/wp-content\/uploads\/2018\/06\/t\u00e9l\u00e9chargement-1.jpg\",\"datePublished\":\"2018-06-04T20:10:37+00:00\",\"dateModified\":\"2018-06-04T20:10:37+00:00\",\"breadcrumb\":{\"@id\":\"https:\/\/guineediversite.com\/index.php\/2018\/06\/04\/oye-guilavogui-a-t-il-secoue-alpha-conde-analyse\/#breadcrumb\"},\"inLanguage\":\"fr-FR\",\"potentialAction\":[{\"@type\":\"ReadAction\",\"target\":[\"https:\/\/guineediversite.com\/index.php\/2018\/06\/04\/oye-guilavogui-a-t-il-secoue-alpha-conde-analyse\/\"]}]},{\"@type\":\"ImageObject\",\"inLanguage\":\"fr-FR\",\"@id\":\"https:\/\/guineediversite.com\/index.php\/2018\/06\/04\/oye-guilavogui-a-t-il-secoue-alpha-conde-analyse\/#primaryimage\",\"url\":\"https:\/\/guineediversite.com\/wp-content\/uploads\/2018\/06\/t\u00e9l\u00e9chargement-1.jpg\",\"contentUrl\":\"https:\/\/guineediversite.com\/wp-content\/uploads\/2018\/06\/t\u00e9l\u00e9chargement-1.jpg\",\"width\":\"1024\",\"height\":\"1114\"},{\"@type\":\"BreadcrumbList\",\"@id\":\"https:\/\/guineediversite.com\/index.php\/2018\/06\/04\/oye-guilavogui-a-t-il-secoue-alpha-conde-analyse\/#breadcrumb\",\"itemListElement\":[{\"@type\":\"ListItem\",\"position\":1,\"name\":\"Accueil\",\"item\":\"https:\/\/guineediversite.com\/\"},{\"@type\":\"ListItem\",\"position\":2,\"name\":\"Oy\u00e9 Guilavogui a-t-il secou\u00e9 Alpha Cond\u00e9 ? (Analyse)\"}]},{\"@type\":\"WebSite\",\"@id\":\"https:\/\/guineediversite.com\/#website\",\"url\":\"https:\/\/guineediversite.com\/\",\"name\":\"Guin\u00e9e Diversit\u00e9\",\"description\":\"L&#039;Info dans toute sa diversit\u00e9\",\"publisher\":{\"@id\":\"https:\/\/guineediversite.com\/#organization\"},\"potentialAction\":[{\"@type\":\"SearchAction\",\"target\":{\"@type\":\"EntryPoint\",\"urlTemplate\":\"https:\/\/guineediversite.com\/?s={search_term_string}\"},\"query-input\":{\"@type\":\"PropertyValueSpecification\",\"valueRequired\":true,\"valueName\":\"search_term_string\"}}],\"inLanguage\":\"fr-FR\"},{\"@type\":\"Organization\",\"@id\":\"https:\/\/guineediversite.com\/#organization\",\"name\":\"Guin\u00e9e Diversit\u00e9\",\"url\":\"https:\/\/guineediversite.com\/\",\"logo\":{\"@type\":\"ImageObject\",\"inLanguage\":\"fr-FR\",\"@id\":\"https:\/\/guineediversite.com\/#\/schema\/logo\/image\/\",\"url\":\"https:\/\/guineediversite.com\/wp-content\/uploads\/2017\/04\/cropped-1jojlxEOMkX9Wyqfhe43D6kjPOGqBBKmx3EwWJqZ0cMrFF54yM49.png\",\"contentUrl\":\"https:\/\/guineediversite.com\/wp-content\/uploads\/2017\/04\/cropped-1jojlxEOMkX9Wyqfhe43D6kjPOGqBBKmx3EwWJqZ0cMrFF54yM49.png\",\"width\":186,\"height\":112,\"caption\":\"Guin\u00e9e Diversit\u00e9\"},\"image\":{\"@id\":\"https:\/\/guineediversite.com\/#\/schema\/logo\/image\/\"},\"sameAs\":[\"https:\/\/www.facebook.com\/guineediversite\/\",\"https:\/\/x.com\/GuineeDiversite\",\"https:\/\/www.youtube.com\/channel\/UC8sUY16qelG5ge6_D5SB83g\"]},{\"@type\":\"Person\",\"@id\":\"https:\/\/guineediversite.com\/#\/schema\/person\/079ec347f72d2acde4b56a50a4fd46dc\",\"name\":\"Moussa Mo\u00efse K\u00e9ita\",\"image\":{\"@type\":\"ImageObject\",\"inLanguage\":\"fr-FR\",\"@id\":\"https:\/\/guineediversite.com\/#\/schema\/person\/image\/\",\"url\":\"https:\/\/secure.gravatar.com\/avatar\/edf1ea2cc01841e6c0b49384bcb1385b?s=96&d=mm&r=g\",\"contentUrl\":\"https:\/\/secure.gravatar.com\/avatar\/edf1ea2cc01841e6c0b49384bcb1385b?s=96&d=mm&r=g\",\"caption\":\"Moussa Mo\u00efse K\u00e9ita\"},\"url\":\"https:\/\/guineediversite.com\/index.php\/author\/moussa-moise\/\"}]}<\/script>\n<!-- \/ Yoast SEO plugin. -->","yoast_head_json":{"title":"Oy\u00e9 Guilavogui a-t-il secou\u00e9 Alpha Cond\u00e9 ? (Analyse) | Guin\u00e9e Diversit\u00e9","robots":{"index":"index","follow":"follow","max-snippet":"max-snippet:-1","max-image-preview":"max-image-preview:large","max-video-preview":"max-video-preview:-1"},"canonical":"https:\/\/guineediversite.com\/index.php\/2018\/06\/04\/oye-guilavogui-a-t-il-secoue-alpha-conde-analyse\/","og_locale":"fr_FR","og_type":"article","og_title":"Oy\u00e9 Guilavogui a-t-il secou\u00e9 Alpha Cond\u00e9 ? (Analyse) | Guin\u00e9e Diversit\u00e9","og_description":"Dans un d\u00e9cret rendu public dans la soir\u00e9e de ce dimanche, 03 juin 2018, le pr\u00e9sident de la R\u00e9publique a nomm\u00e9 l\u2019ancien ministre des Transports, Oy\u00e9 Guilavogui, \u00e0 la t\u00eate du D\u00e9partement de l\u2019Environnement, des eaux et For\u00eats. Et, monsieur Robert Patrick Millimono est nomm\u00e9 ministre de l\u2019\u00e9levage. Ce dernier a \u00e9t\u00e9 nomm\u00e9 ministre de [&hellip;]","og_url":"https:\/\/guineediversite.com\/index.php\/2018\/06\/04\/oye-guilavogui-a-t-il-secoue-alpha-conde-analyse\/","og_site_name":"Guin\u00e9e Diversit\u00e9","article_publisher":"https:\/\/www.facebook.com\/guineediversite\/","article_published_time":"2018-06-04T20:10:37+00:00","og_image":[{"width":1024,"height":1114,"url":"https:\/\/guineediversite.com\/wp-content\/uploads\/2018\/06\/t\u00e9l\u00e9chargement-1.jpg","type":"image\/jpeg"}],"author":"Moussa Mo\u00efse K\u00e9ita","twitter_card":"summary_large_image","twitter_creator":"@GuineeDiversite","twitter_site":"@GuineeDiversite","twitter_misc":{"\u00c9crit par":"Moussa Mo\u00efse K\u00e9ita","Dur\u00e9e de lecture estim\u00e9e":"2 minutes"},"schema":{"@context":"https:\/\/schema.org","@graph":[{"@type":"Article","@id":"https:\/\/guineediversite.com\/index.php\/2018\/06\/04\/oye-guilavogui-a-t-il-secoue-alpha-conde-analyse\/#article","isPartOf":{"@id":"https:\/\/guineediversite.com\/index.php\/2018\/06\/04\/oye-guilavogui-a-t-il-secoue-alpha-conde-analyse\/"},"author":{"name":"Moussa Mo\u00efse K\u00e9ita","@id":"https:\/\/guineediversite.com\/#\/schema\/person\/079ec347f72d2acde4b56a50a4fd46dc"},"headline":"Oy\u00e9 Guilavogui a-t-il secou\u00e9 Alpha Cond\u00e9 ? (Analyse)","datePublished":"2018-06-04T20:10:37+00:00","dateModified":"2018-06-04T20:10:37+00:00","mainEntityOfPage":{"@id":"https:\/\/guineediversite.com\/index.php\/2018\/06\/04\/oye-guilavogui-a-t-il-secoue-alpha-conde-analyse\/"},"wordCount":413,"publisher":{"@id":"https:\/\/guineediversite.com\/#organization"},"image":{"@id":"https:\/\/guineediversite.com\/index.php\/2018\/06\/04\/oye-guilavogui-a-t-il-secoue-alpha-conde-analyse\/#primaryimage"},"thumbnailUrl":"https:\/\/guineediversite.com\/wp-content\/uploads\/2018\/06\/t\u00e9l\u00e9chargement-1.jpg","articleSection":["Politique"],"inLanguage":"fr-FR"},{"@type":"WebPage","@id":"https:\/\/guineediversite.com\/index.php\/2018\/06\/04\/oye-guilavogui-a-t-il-secoue-alpha-conde-analyse\/","url":"https:\/\/guineediversite.com\/index.php\/2018\/06\/04\/oye-guilavogui-a-t-il-secoue-alpha-conde-analyse\/","name":"Oy\u00e9 Guilavogui a-t-il secou\u00e9 Alpha Cond\u00e9 ? (Analyse) | Guin\u00e9e Diversit\u00e9","isPartOf":{"@id":"https:\/\/guineediversite.com\/#website"},"primaryImageOfPage":{"@id":"https:\/\/guineediversite.com\/index.php\/2018\/06\/04\/oye-guilavogui-a-t-il-secoue-alpha-conde-analyse\/#primaryimage"},"image":{"@id":"https:\/\/guineediversite.com\/index.php\/2018\/06\/04\/oye-guilavogui-a-t-il-secoue-alpha-conde-analyse\/#primaryimage"},"thumbnailUrl":"https:\/\/guineediversite.com\/wp-content\/uploads\/2018\/06\/t\u00e9l\u00e9chargement-1.jpg","datePublished":"2018-06-04T20:10:37+00:00","dateModified":"2018-06-04T20:10:37+00:00","breadcrumb":{"@id":"https:\/\/guineediversite.com\/index.php\/2018\/06\/04\/oye-guilavogui-a-t-il-secoue-alpha-conde-analyse\/#breadcrumb"},"inLanguage":"fr-FR","potentialAction":[{"@type":"ReadAction","target":["https:\/\/guineediversite.com\/index.php\/2018\/06\/04\/oye-guilavogui-a-t-il-secoue-alpha-conde-analyse\/"]}]},{"@type":"ImageObject","inLanguage":"fr-FR","@id":"https:\/\/guineediversite.com\/index.php\/2018\/06\/04\/oye-guilavogui-a-t-il-secoue-alpha-conde-analyse\/#primaryimage","url":"https:\/\/guineediversite.com\/wp-content\/uploads\/2018\/06\/t\u00e9l\u00e9chargement-1.jpg","contentUrl":"https:\/\/guineediversite.com\/wp-content\/uploads\/2018\/06\/t\u00e9l\u00e9chargement-1.jpg","width":"1024","height":"1114"},{"@type":"BreadcrumbList","@id":"https:\/\/guineediversite.com\/index.php\/2018\/06\/04\/oye-guilavogui-a-t-il-secoue-alpha-conde-analyse\/#breadcrumb","itemListElement":[{"@type":"ListItem","position":1,"name":"Accueil","item":"https:\/\/guineediversite.com\/"},{"@type":"ListItem","position":2,"name":"Oy\u00e9 Guilavogui a-t-il secou\u00e9 Alpha Cond\u00e9 ? (Analyse)"}]},{"@type":"WebSite","@id":"https:\/\/guineediversite.com\/#website","url":"https:\/\/guineediversite.com\/","name":"Guin\u00e9e Diversit\u00e9","description":"L&#039;Info dans toute sa diversit\u00e9","publisher":{"@id":"https:\/\/guineediversite.com\/#organization"},"potentialAction":[{"@type":"SearchAction","target":{"@type":"EntryPoint","urlTemplate":"https:\/\/guineediversite.com\/?s={search_term_string}"},"query-input":{"@type":"PropertyValueSpecification","valueRequired":true,"valueName":"search_term_string"}}],"inLanguage":"fr-FR"},{"@type":"Organization","@id":"https:\/\/guineediversite.com\/#organization","name":"Guin\u00e9e Diversit\u00e9","url":"https:\/\/guineediversite.com\/","logo":{"@type":"ImageObject","inLanguage":"fr-FR","@id":"https:\/\/guineediversite.com\/#\/schema\/logo\/image\/","url":"https:\/\/guineediversite.com\/wp-content\/uploads\/2017\/04\/cropped-1jojlxEOMkX9Wyqfhe43D6kjPOGqBBKmx3EwWJqZ0cMrFF54yM49.png","contentUrl":"https:\/\/guineediversite.com\/wp-content\/uploads\/2017\/04\/cropped-1jojlxEOMkX9Wyqfhe43D6kjPOGqBBKmx3EwWJqZ0cMrFF54yM49.png","width":186,"height":112,"caption":"Guin\u00e9e Diversit\u00e9"},"image":{"@id":"https:\/\/guineediversite.com\/#\/schema\/logo\/image\/"},"sameAs":["https:\/\/www.facebook.com\/guineediversite\/","https:\/\/x.com\/GuineeDiversite","https:\/\/www.youtube.com\/channel\/UC8sUY16qelG5ge6_D5SB83g"]},{"@type":"Person","@id":"https:\/\/guineediversite.com\/#\/schema\/person\/079ec347f72d2acde4b56a50a4fd46dc","name":"Moussa Mo\u00efse K\u00e9ita","image":{"@type":"ImageObject","inLanguage":"fr-FR","@id":"https:\/\/guineediversite.com\/#\/schema\/person\/image\/","url":"https:\/\/secure.gravatar.com\/avatar\/edf1ea2cc01841e6c0b49384bcb1385b?s=96&d=mm&r=g","contentUrl":"https:\/\/secure.gravatar.com\/avatar\/edf1ea2cc01841e6c0b49384bcb1385b?s=96&d=mm&r=g","caption":"Moussa Mo\u00efse K\u00e9ita"},"url":"https:\/\/guineediversite.com\/index.php\/author\/moussa-moise\/"}]}},"_links":{"self":[{"href":"https:\/\/guineediversite.com\/index.php\/wp-json\/wp\/v2\/posts\/25500"}],"collection":[{"href":"https:\/\/guineediversite.com\/index.php\/wp-json\/wp\/v2\/posts"}],"about":[{"href":"https:\/\/guineediversite.com\/index.php\/wp-json\/wp\/v2\/types\/post"}],"author":[{"embeddable":true,"href":"https:\/\/guineediversite.com\/index.php\/wp-json\/wp\/v2\/users\/16"}],"replies":[{"embeddable":true,"href":"https:\/\/guineediversite.com\/index.php\/wp-json\/wp\/v2\/comments?post=25500"}],"version-history":[{"count":0,"href":"https:\/\/guineediversite.com\/index.php\/wp-json\/wp\/v2\/posts\/25500\/revisions"}],"wp:featuredmedia":[{"embeddable":true,"href":"https:\/\/guineediversite.com\/index.php\/wp-json\/wp\/v2\/media\/25501"}],"wp:attachment":[{"href":"https:\/\/guineediversite.com\/index.php\/wp-json\/wp\/v2\/media?parent=25500"}],"wp:term":[{"taxonomy":"category","embeddable":true,"href":"https:\/\/guineediversite.com\/index.php\/wp-json\/wp\/v2\/categories?post=25500"},{"taxonomy":"post_tag","embeddable":true,"href":"https:\/\/guineediversite.com\/index.php\/wp-json\/wp\/v2\/tags?post=25500"}],"curies":[{"name":"wp","href":"https:\/\/api.w.org\/{rel}","templated":true}]}}