{"id":25486,"date":"2018-06-02T18:28:54","date_gmt":"2018-06-02T16:28:54","guid":{"rendered":"https:\/\/guineediversite.com\/?p=25486"},"modified":"2018-06-02T18:28:54","modified_gmt":"2018-06-02T16:28:54","slug":"alpha-conde-aux-cadres-de-son-parti-toutes-personnes-qui-semera-le-trouble-ici-se-retrouvera-a-la-gendarmerie","status":"publish","type":"post","link":"https:\/\/guineediversite.com\/index.php\/2018\/06\/02\/alpha-conde-aux-cadres-de-son-parti-toutes-personnes-qui-semera-le-trouble-ici-se-retrouvera-a-la-gendarmerie\/","title":{"rendered":"Alpha Cond\u00e9 aux cadres de son parti \u00ab toutes personnes qui s\u00e8mera le trouble ici, se retrouvera \u00e0 la gendarmerie.\u00bb"},"content":{"rendered":"<p><strong>Prenant Part ce samedi 2 juin \u00e0 l\u2019assembl\u00e9e g\u00e9n\u00e9rale de son parti le RPG AEC, m\u00eame si par ailleurs la loi le lui interdit toute pr\u00e9sence au si\u00e8ge en tant que chef de l\u2019\u00c9tat, Alpha Cond\u00e9 a une nouvelle fois engag\u00e9 si on pouvait le dire un bras de fer entre lui et les cadres de son parti.<\/strong><\/p>\n<p>Venu pour calmer les ardeurs de certains militants qui sont frustr\u00e9s suite \u00e0 la nomination de certains ministres au sein du gouvernement de Kassory Fofana qu\u2019ils estiment ne sont pas des militants de la premi\u00e8re heure du RPG mais et surtout aux femmes qu\u2019il a d\u00e9di\u00e9 son mandat qui \u00e9tait d\u2019ailleurs massivement mobiliser pour la circonstance.<\/p>\n<p>Comme \u00e0 son habitude, le locataire du Palais S\u00e9khoutour\u00e9yah n\u2019est pas pass\u00e9 du dos de la cuill\u00e8re.<\/p>\n<p>\u00ab <em>On ne peut pas former un gouvernement de 200 ministres, tout le monde ne peut pas \u00eatre ministre en m\u00eame temps. Il y a des cadres qui s\u2019agitent parce qu\u2019ils ne sont pas dans le gouvernement. Mais j\u2019ai pr\u00e9venu tout le monde. On n\u2019acceptera plus de pagaille en Guin\u00e9e, que ce soit l\u2019opposition ou la mouvance. Toute personne qui emp\u00eachera une structure de marcher, elle sera sanctionn\u00e9e. Je pr\u00e9viens, toute personne qui s\u00e8mera le trouble ici, se retrouvera \u00e0 la gendarmerie,<\/em> \u00bb pr\u00e9vient-il.<\/p>\n","protected":false},"excerpt":{"rendered":"<p>Prenant Part ce samedi 2 juin \u00e0 l\u2019assembl\u00e9e g\u00e9n\u00e9rale de son parti le RPG AEC, m\u00eame si par ailleurs la loi le lui interdit toute pr\u00e9sence au si\u00e8ge en tant que chef de l\u2019\u00c9tat, Alpha Cond\u00e9 a une nouvelle fois engag\u00e9 si on pouvait le dire un bras de fer entre lui et les cadres [&hellip;]<\/p>\n","protected":false},"author":16,"featured_media":25487,"comment_status":"closed","ping_status":"closed","sticky":false,"template":"","format":"standard","meta":{"_exactmetrics_skip_tracking":false,"_exactmetrics_sitenote_active":false,"_exactmetrics_sitenote_note":"","_exactmetrics_sitenote_category":0,"tdm_status":"","tdm_grid_status":"","footnotes":""},"categories":[14],"tags":[],"class_list":{"0":"post-25486","1":"post","2":"type-post","3":"status-publish","4":"format-standard","5":"has-post-thumbnail","7":"category-politique"},"yoast_head":"<!-- This site is optimized with the Yoast SEO plugin v24.2 - https:\/\/yoast.com\/wordpress\/plugins\/seo\/ -->\n<title>Alpha Cond\u00e9 aux cadres de son parti \u00ab toutes personnes qui s\u00e8mera le trouble ici, se retrouvera \u00e0 la gendarmerie.\u00bb | Guin\u00e9e Diversit\u00e9<\/title>\n<meta name=\"robots\" content=\"index, follow, max-snippet:-1, max-image-preview:large, max-video-preview:-1\" \/>\n<link rel=\"canonical\" href=\"https:\/\/guineediversite.com\/index.php\/2018\/06\/02\/alpha-conde-aux-cadres-de-son-parti-toutes-personnes-qui-semera-le-trouble-ici-se-retrouvera-a-la-gendarmerie\/\" \/>\n<meta property=\"og:locale\" content=\"fr_FR\" \/>\n<meta property=\"og:type\" content=\"article\" \/>\n<meta property=\"og:title\" content=\"Alpha Cond\u00e9 aux cadres de son parti \u00ab toutes personnes qui s\u00e8mera le trouble ici, se retrouvera \u00e0 la gendarmerie.\u00bb | Guin\u00e9e Diversit\u00e9\" \/>\n<meta property=\"og:description\" content=\"Prenant Part ce samedi 2 juin \u00e0 l\u2019assembl\u00e9e g\u00e9n\u00e9rale de son parti le RPG AEC, m\u00eame si par ailleurs la loi le lui interdit toute pr\u00e9sence au si\u00e8ge en tant que chef de l\u2019\u00c9tat, Alpha Cond\u00e9 a une nouvelle fois engag\u00e9 si on pouvait le dire un bras de fer entre lui et les cadres [&hellip;]\" \/>\n<meta property=\"og:url\" content=\"https:\/\/guineediversite.com\/index.php\/2018\/06\/02\/alpha-conde-aux-cadres-de-son-parti-toutes-personnes-qui-semera-le-trouble-ici-se-retrouvera-a-la-gendarmerie\/\" \/>\n<meta property=\"og:site_name\" content=\"Guin\u00e9e Diversit\u00e9\" \/>\n<meta property=\"article:publisher\" content=\"https:\/\/www.facebook.com\/guineediversite\/\" \/>\n<meta property=\"article:published_time\" content=\"2018-06-02T16:28:54+00:00\" \/>\n<meta property=\"og:image\" content=\"https:\/\/guineediversite.com\/wp-content\/uploads\/2018\/06\/received_1003396903158298.jpeg\" \/>\n\t<meta property=\"og:image:width\" content=\"1826\" \/>\n\t<meta property=\"og:image:height\" content=\"1024\" \/>\n\t<meta property=\"og:image:type\" content=\"image\/jpeg\" \/>\n<meta name=\"author\" content=\"Moussa Mo\u00efse K\u00e9ita\" \/>\n<meta name=\"twitter:card\" content=\"summary_large_image\" \/>\n<meta name=\"twitter:creator\" content=\"@GuineeDiversite\" \/>\n<meta name=\"twitter:site\" content=\"@GuineeDiversite\" \/>\n<meta name=\"twitter:label1\" content=\"\u00c9crit par\" \/>\n\t<meta name=\"twitter:data1\" content=\"Moussa Mo\u00efse K\u00e9ita\" \/>\n\t<meta name=\"twitter:label2\" content=\"Dur\u00e9e de lecture estim\u00e9e\" \/>\n\t<meta name=\"twitter:data2\" content=\"1 minute\" \/>\n<script type=\"application\/ld+json\" class=\"yoast-schema-graph\">{\"@context\":\"https:\/\/schema.org\",\"@graph\":[{\"@type\":\"Article\",\"@id\":\"https:\/\/guineediversite.com\/index.php\/2018\/06\/02\/alpha-conde-aux-cadres-de-son-parti-toutes-personnes-qui-semera-le-trouble-ici-se-retrouvera-a-la-gendarmerie\/#article\",\"isPartOf\":{\"@id\":\"https:\/\/guineediversite.com\/index.php\/2018\/06\/02\/alpha-conde-aux-cadres-de-son-parti-toutes-personnes-qui-semera-le-trouble-ici-se-retrouvera-a-la-gendarmerie\/\"},\"author\":{\"name\":\"Moussa Mo\u00efse K\u00e9ita\",\"@id\":\"https:\/\/guineediversite.com\/#\/schema\/person\/079ec347f72d2acde4b56a50a4fd46dc\"},\"headline\":\"Alpha Cond\u00e9 aux cadres de son parti \u00ab toutes personnes qui s\u00e8mera le trouble ici, se retrouvera \u00e0 la gendarmerie.\u00bb\",\"datePublished\":\"2018-06-02T16:28:54+00:00\",\"dateModified\":\"2018-06-02T16:28:54+00:00\",\"mainEntityOfPage\":{\"@id\":\"https:\/\/guineediversite.com\/index.php\/2018\/06\/02\/alpha-conde-aux-cadres-de-son-parti-toutes-personnes-qui-semera-le-trouble-ici-se-retrouvera-a-la-gendarmerie\/\"},\"wordCount\":257,\"publisher\":{\"@id\":\"https:\/\/guineediversite.com\/#organization\"},\"image\":{\"@id\":\"https:\/\/guineediversite.com\/index.php\/2018\/06\/02\/alpha-conde-aux-cadres-de-son-parti-toutes-personnes-qui-semera-le-trouble-ici-se-retrouvera-a-la-gendarmerie\/#primaryimage\"},\"thumbnailUrl\":\"https:\/\/guineediversite.com\/wp-content\/uploads\/2018\/06\/received_1003396903158298.jpeg\",\"articleSection\":[\"Politique\"],\"inLanguage\":\"fr-FR\"},{\"@type\":\"WebPage\",\"@id\":\"https:\/\/guineediversite.com\/index.php\/2018\/06\/02\/alpha-conde-aux-cadres-de-son-parti-toutes-personnes-qui-semera-le-trouble-ici-se-retrouvera-a-la-gendarmerie\/\",\"url\":\"https:\/\/guineediversite.com\/index.php\/2018\/06\/02\/alpha-conde-aux-cadres-de-son-parti-toutes-personnes-qui-semera-le-trouble-ici-se-retrouvera-a-la-gendarmerie\/\",\"name\":\"Alpha Cond\u00e9 aux cadres de son parti \u00ab toutes personnes qui s\u00e8mera le trouble ici, se retrouvera \u00e0 la gendarmerie.\u00bb | Guin\u00e9e Diversit\u00e9\",\"isPartOf\":{\"@id\":\"https:\/\/guineediversite.com\/#website\"},\"primaryImageOfPage\":{\"@id\":\"https:\/\/guineediversite.com\/index.php\/2018\/06\/02\/alpha-conde-aux-cadres-de-son-parti-toutes-personnes-qui-semera-le-trouble-ici-se-retrouvera-a-la-gendarmerie\/#primaryimage\"},\"image\":{\"@id\":\"https:\/\/guineediversite.com\/index.php\/2018\/06\/02\/alpha-conde-aux-cadres-de-son-parti-toutes-personnes-qui-semera-le-trouble-ici-se-retrouvera-a-la-gendarmerie\/#primaryimage\"},\"thumbnailUrl\":\"https:\/\/guineediversite.com\/wp-content\/uploads\/2018\/06\/received_1003396903158298.jpeg\",\"datePublished\":\"2018-06-02T16:28:54+00:00\",\"dateModified\":\"2018-06-02T16:28:54+00:00\",\"breadcrumb\":{\"@id\":\"https:\/\/guineediversite.com\/index.php\/2018\/06\/02\/alpha-conde-aux-cadres-de-son-parti-toutes-personnes-qui-semera-le-trouble-ici-se-retrouvera-a-la-gendarmerie\/#breadcrumb\"},\"inLanguage\":\"fr-FR\",\"potentialAction\":[{\"@type\":\"ReadAction\",\"target\":[\"https:\/\/guineediversite.com\/index.php\/2018\/06\/02\/alpha-conde-aux-cadres-de-son-parti-toutes-personnes-qui-semera-le-trouble-ici-se-retrouvera-a-la-gendarmerie\/\"]}]},{\"@type\":\"ImageObject\",\"inLanguage\":\"fr-FR\",\"@id\":\"https:\/\/guineediversite.com\/index.php\/2018\/06\/02\/alpha-conde-aux-cadres-de-son-parti-toutes-personnes-qui-semera-le-trouble-ici-se-retrouvera-a-la-gendarmerie\/#primaryimage\",\"url\":\"https:\/\/guineediversite.com\/wp-content\/uploads\/2018\/06\/received_1003396903158298.jpeg\",\"contentUrl\":\"https:\/\/guineediversite.com\/wp-content\/uploads\/2018\/06\/received_1003396903158298.jpeg\",\"width\":\"1826\",\"height\":\"1024\"},{\"@type\":\"BreadcrumbList\",\"@id\":\"https:\/\/guineediversite.com\/index.php\/2018\/06\/02\/alpha-conde-aux-cadres-de-son-parti-toutes-personnes-qui-semera-le-trouble-ici-se-retrouvera-a-la-gendarmerie\/#breadcrumb\",\"itemListElement\":[{\"@type\":\"ListItem\",\"position\":1,\"name\":\"Accueil\",\"item\":\"https:\/\/guineediversite.com\/\"},{\"@type\":\"ListItem\",\"position\":2,\"name\":\"Alpha Cond\u00e9 aux cadres de son parti \u00ab toutes personnes qui s\u00e8mera le trouble ici, se retrouvera \u00e0 la gendarmerie.\u00bb\"}]},{\"@type\":\"WebSite\",\"@id\":\"https:\/\/guineediversite.com\/#website\",\"url\":\"https:\/\/guineediversite.com\/\",\"name\":\"Guin\u00e9e Diversit\u00e9\",\"description\":\"L&#039;Info dans toute sa diversit\u00e9\",\"publisher\":{\"@id\":\"https:\/\/guineediversite.com\/#organization\"},\"potentialAction\":[{\"@type\":\"SearchAction\",\"target\":{\"@type\":\"EntryPoint\",\"urlTemplate\":\"https:\/\/guineediversite.com\/?s={search_term_string}\"},\"query-input\":{\"@type\":\"PropertyValueSpecification\",\"valueRequired\":true,\"valueName\":\"search_term_string\"}}],\"inLanguage\":\"fr-FR\"},{\"@type\":\"Organization\",\"@id\":\"https:\/\/guineediversite.com\/#organization\",\"name\":\"Guin\u00e9e Diversit\u00e9\",\"url\":\"https:\/\/guineediversite.com\/\",\"logo\":{\"@type\":\"ImageObject\",\"inLanguage\":\"fr-FR\",\"@id\":\"https:\/\/guineediversite.com\/#\/schema\/logo\/image\/\",\"url\":\"https:\/\/guineediversite.com\/wp-content\/uploads\/2017\/04\/cropped-1jojlxEOMkX9Wyqfhe43D6kjPOGqBBKmx3EwWJqZ0cMrFF54yM49.png\",\"contentUrl\":\"https:\/\/guineediversite.com\/wp-content\/uploads\/2017\/04\/cropped-1jojlxEOMkX9Wyqfhe43D6kjPOGqBBKmx3EwWJqZ0cMrFF54yM49.png\",\"width\":186,\"height\":112,\"caption\":\"Guin\u00e9e Diversit\u00e9\"},\"image\":{\"@id\":\"https:\/\/guineediversite.com\/#\/schema\/logo\/image\/\"},\"sameAs\":[\"https:\/\/www.facebook.com\/guineediversite\/\",\"https:\/\/x.com\/GuineeDiversite\",\"https:\/\/www.youtube.com\/channel\/UC8sUY16qelG5ge6_D5SB83g\"]},{\"@type\":\"Person\",\"@id\":\"https:\/\/guineediversite.com\/#\/schema\/person\/079ec347f72d2acde4b56a50a4fd46dc\",\"name\":\"Moussa Mo\u00efse K\u00e9ita\",\"image\":{\"@type\":\"ImageObject\",\"inLanguage\":\"fr-FR\",\"@id\":\"https:\/\/guineediversite.com\/#\/schema\/person\/image\/\",\"url\":\"https:\/\/secure.gravatar.com\/avatar\/edf1ea2cc01841e6c0b49384bcb1385b?s=96&d=mm&r=g\",\"contentUrl\":\"https:\/\/secure.gravatar.com\/avatar\/edf1ea2cc01841e6c0b49384bcb1385b?s=96&d=mm&r=g\",\"caption\":\"Moussa Mo\u00efse K\u00e9ita\"},\"url\":\"https:\/\/guineediversite.com\/index.php\/author\/moussa-moise\/\"}]}<\/script>\n<!-- \/ Yoast SEO plugin. -->","yoast_head_json":{"title":"Alpha Cond\u00e9 aux cadres de son parti \u00ab toutes personnes qui s\u00e8mera le trouble ici, se retrouvera \u00e0 la gendarmerie.\u00bb | Guin\u00e9e Diversit\u00e9","robots":{"index":"index","follow":"follow","max-snippet":"max-snippet:-1","max-image-preview":"max-image-preview:large","max-video-preview":"max-video-preview:-1"},"canonical":"https:\/\/guineediversite.com\/index.php\/2018\/06\/02\/alpha-conde-aux-cadres-de-son-parti-toutes-personnes-qui-semera-le-trouble-ici-se-retrouvera-a-la-gendarmerie\/","og_locale":"fr_FR","og_type":"article","og_title":"Alpha Cond\u00e9 aux cadres de son parti \u00ab toutes personnes qui s\u00e8mera le trouble ici, se retrouvera \u00e0 la gendarmerie.\u00bb | Guin\u00e9e Diversit\u00e9","og_description":"Prenant Part ce samedi 2 juin \u00e0 l\u2019assembl\u00e9e g\u00e9n\u00e9rale de son parti le RPG AEC, m\u00eame si par ailleurs la loi le lui interdit toute pr\u00e9sence au si\u00e8ge en tant que chef de l\u2019\u00c9tat, Alpha Cond\u00e9 a une nouvelle fois engag\u00e9 si on pouvait le dire un bras de fer entre lui et les cadres [&hellip;]","og_url":"https:\/\/guineediversite.com\/index.php\/2018\/06\/02\/alpha-conde-aux-cadres-de-son-parti-toutes-personnes-qui-semera-le-trouble-ici-se-retrouvera-a-la-gendarmerie\/","og_site_name":"Guin\u00e9e Diversit\u00e9","article_publisher":"https:\/\/www.facebook.com\/guineediversite\/","article_published_time":"2018-06-02T16:28:54+00:00","og_image":[{"width":1826,"height":1024,"url":"https:\/\/guineediversite.com\/wp-content\/uploads\/2018\/06\/received_1003396903158298.jpeg","type":"image\/jpeg"}],"author":"Moussa Mo\u00efse K\u00e9ita","twitter_card":"summary_large_image","twitter_creator":"@GuineeDiversite","twitter_site":"@GuineeDiversite","twitter_misc":{"\u00c9crit par":"Moussa Mo\u00efse K\u00e9ita","Dur\u00e9e de lecture estim\u00e9e":"1 minute"},"schema":{"@context":"https:\/\/schema.org","@graph":[{"@type":"Article","@id":"https:\/\/guineediversite.com\/index.php\/2018\/06\/02\/alpha-conde-aux-cadres-de-son-parti-toutes-personnes-qui-semera-le-trouble-ici-se-retrouvera-a-la-gendarmerie\/#article","isPartOf":{"@id":"https:\/\/guineediversite.com\/index.php\/2018\/06\/02\/alpha-conde-aux-cadres-de-son-parti-toutes-personnes-qui-semera-le-trouble-ici-se-retrouvera-a-la-gendarmerie\/"},"author":{"name":"Moussa Mo\u00efse K\u00e9ita","@id":"https:\/\/guineediversite.com\/#\/schema\/person\/079ec347f72d2acde4b56a50a4fd46dc"},"headline":"Alpha Cond\u00e9 aux cadres de son parti \u00ab toutes personnes qui s\u00e8mera le trouble ici, se retrouvera \u00e0 la gendarmerie.\u00bb","datePublished":"2018-06-02T16:28:54+00:00","dateModified":"2018-06-02T16:28:54+00:00","mainEntityOfPage":{"@id":"https:\/\/guineediversite.com\/index.php\/2018\/06\/02\/alpha-conde-aux-cadres-de-son-parti-toutes-personnes-qui-semera-le-trouble-ici-se-retrouvera-a-la-gendarmerie\/"},"wordCount":257,"publisher":{"@id":"https:\/\/guineediversite.com\/#organization"},"image":{"@id":"https:\/\/guineediversite.com\/index.php\/2018\/06\/02\/alpha-conde-aux-cadres-de-son-parti-toutes-personnes-qui-semera-le-trouble-ici-se-retrouvera-a-la-gendarmerie\/#primaryimage"},"thumbnailUrl":"https:\/\/guineediversite.com\/wp-content\/uploads\/2018\/06\/received_1003396903158298.jpeg","articleSection":["Politique"],"inLanguage":"fr-FR"},{"@type":"WebPage","@id":"https:\/\/guineediversite.com\/index.php\/2018\/06\/02\/alpha-conde-aux-cadres-de-son-parti-toutes-personnes-qui-semera-le-trouble-ici-se-retrouvera-a-la-gendarmerie\/","url":"https:\/\/guineediversite.com\/index.php\/2018\/06\/02\/alpha-conde-aux-cadres-de-son-parti-toutes-personnes-qui-semera-le-trouble-ici-se-retrouvera-a-la-gendarmerie\/","name":"Alpha Cond\u00e9 aux cadres de son parti \u00ab toutes personnes qui s\u00e8mera le trouble ici, se retrouvera \u00e0 la gendarmerie.\u00bb | Guin\u00e9e Diversit\u00e9","isPartOf":{"@id":"https:\/\/guineediversite.com\/#website"},"primaryImageOfPage":{"@id":"https:\/\/guineediversite.com\/index.php\/2018\/06\/02\/alpha-conde-aux-cadres-de-son-parti-toutes-personnes-qui-semera-le-trouble-ici-se-retrouvera-a-la-gendarmerie\/#primaryimage"},"image":{"@id":"https:\/\/guineediversite.com\/index.php\/2018\/06\/02\/alpha-conde-aux-cadres-de-son-parti-toutes-personnes-qui-semera-le-trouble-ici-se-retrouvera-a-la-gendarmerie\/#primaryimage"},"thumbnailUrl":"https:\/\/guineediversite.com\/wp-content\/uploads\/2018\/06\/received_1003396903158298.jpeg","datePublished":"2018-06-02T16:28:54+00:00","dateModified":"2018-06-02T16:28:54+00:00","breadcrumb":{"@id":"https:\/\/guineediversite.com\/index.php\/2018\/06\/02\/alpha-conde-aux-cadres-de-son-parti-toutes-personnes-qui-semera-le-trouble-ici-se-retrouvera-a-la-gendarmerie\/#breadcrumb"},"inLanguage":"fr-FR","potentialAction":[{"@type":"ReadAction","target":["https:\/\/guineediversite.com\/index.php\/2018\/06\/02\/alpha-conde-aux-cadres-de-son-parti-toutes-personnes-qui-semera-le-trouble-ici-se-retrouvera-a-la-gendarmerie\/"]}]},{"@type":"ImageObject","inLanguage":"fr-FR","@id":"https:\/\/guineediversite.com\/index.php\/2018\/06\/02\/alpha-conde-aux-cadres-de-son-parti-toutes-personnes-qui-semera-le-trouble-ici-se-retrouvera-a-la-gendarmerie\/#primaryimage","url":"https:\/\/guineediversite.com\/wp-content\/uploads\/2018\/06\/received_1003396903158298.jpeg","contentUrl":"https:\/\/guineediversite.com\/wp-content\/uploads\/2018\/06\/received_1003396903158298.jpeg","width":"1826","height":"1024"},{"@type":"BreadcrumbList","@id":"https:\/\/guineediversite.com\/index.php\/2018\/06\/02\/alpha-conde-aux-cadres-de-son-parti-toutes-personnes-qui-semera-le-trouble-ici-se-retrouvera-a-la-gendarmerie\/#breadcrumb","itemListElement":[{"@type":"ListItem","position":1,"name":"Accueil","item":"https:\/\/guineediversite.com\/"},{"@type":"ListItem","position":2,"name":"Alpha Cond\u00e9 aux cadres de son parti \u00ab toutes personnes qui s\u00e8mera le trouble ici, se retrouvera \u00e0 la gendarmerie.\u00bb"}]},{"@type":"WebSite","@id":"https:\/\/guineediversite.com\/#website","url":"https:\/\/guineediversite.com\/","name":"Guin\u00e9e Diversit\u00e9","description":"L&#039;Info dans toute sa diversit\u00e9","publisher":{"@id":"https:\/\/guineediversite.com\/#organization"},"potentialAction":[{"@type":"SearchAction","target":{"@type":"EntryPoint","urlTemplate":"https:\/\/guineediversite.com\/?s={search_term_string}"},"query-input":{"@type":"PropertyValueSpecification","valueRequired":true,"valueName":"search_term_string"}}],"inLanguage":"fr-FR"},{"@type":"Organization","@id":"https:\/\/guineediversite.com\/#organization","name":"Guin\u00e9e Diversit\u00e9","url":"https:\/\/guineediversite.com\/","logo":{"@type":"ImageObject","inLanguage":"fr-FR","@id":"https:\/\/guineediversite.com\/#\/schema\/logo\/image\/","url":"https:\/\/guineediversite.com\/wp-content\/uploads\/2017\/04\/cropped-1jojlxEOMkX9Wyqfhe43D6kjPOGqBBKmx3EwWJqZ0cMrFF54yM49.png","contentUrl":"https:\/\/guineediversite.com\/wp-content\/uploads\/2017\/04\/cropped-1jojlxEOMkX9Wyqfhe43D6kjPOGqBBKmx3EwWJqZ0cMrFF54yM49.png","width":186,"height":112,"caption":"Guin\u00e9e Diversit\u00e9"},"image":{"@id":"https:\/\/guineediversite.com\/#\/schema\/logo\/image\/"},"sameAs":["https:\/\/www.facebook.com\/guineediversite\/","https:\/\/x.com\/GuineeDiversite","https:\/\/www.youtube.com\/channel\/UC8sUY16qelG5ge6_D5SB83g"]},{"@type":"Person","@id":"https:\/\/guineediversite.com\/#\/schema\/person\/079ec347f72d2acde4b56a50a4fd46dc","name":"Moussa Mo\u00efse K\u00e9ita","image":{"@type":"ImageObject","inLanguage":"fr-FR","@id":"https:\/\/guineediversite.com\/#\/schema\/person\/image\/","url":"https:\/\/secure.gravatar.com\/avatar\/edf1ea2cc01841e6c0b49384bcb1385b?s=96&d=mm&r=g","contentUrl":"https:\/\/secure.gravatar.com\/avatar\/edf1ea2cc01841e6c0b49384bcb1385b?s=96&d=mm&r=g","caption":"Moussa Mo\u00efse K\u00e9ita"},"url":"https:\/\/guineediversite.com\/index.php\/author\/moussa-moise\/"}]}},"_links":{"self":[{"href":"https:\/\/guineediversite.com\/index.php\/wp-json\/wp\/v2\/posts\/25486"}],"collection":[{"href":"https:\/\/guineediversite.com\/index.php\/wp-json\/wp\/v2\/posts"}],"about":[{"href":"https:\/\/guineediversite.com\/index.php\/wp-json\/wp\/v2\/types\/post"}],"author":[{"embeddable":true,"href":"https:\/\/guineediversite.com\/index.php\/wp-json\/wp\/v2\/users\/16"}],"replies":[{"embeddable":true,"href":"https:\/\/guineediversite.com\/index.php\/wp-json\/wp\/v2\/comments?post=25486"}],"version-history":[{"count":0,"href":"https:\/\/guineediversite.com\/index.php\/wp-json\/wp\/v2\/posts\/25486\/revisions"}],"wp:featuredmedia":[{"embeddable":true,"href":"https:\/\/guineediversite.com\/index.php\/wp-json\/wp\/v2\/media\/25487"}],"wp:attachment":[{"href":"https:\/\/guineediversite.com\/index.php\/wp-json\/wp\/v2\/media?parent=25486"}],"wp:term":[{"taxonomy":"category","embeddable":true,"href":"https:\/\/guineediversite.com\/index.php\/wp-json\/wp\/v2\/categories?post=25486"},{"taxonomy":"post_tag","embeddable":true,"href":"https:\/\/guineediversite.com\/index.php\/wp-json\/wp\/v2\/tags?post=25486"}],"curies":[{"name":"wp","href":"https:\/\/api.w.org\/{rel}","templated":true}]}}