{"id":25483,"date":"2018-06-02T18:07:24","date_gmt":"2018-06-02T16:07:24","guid":{"rendered":"https:\/\/guineediversite.com\/?p=25483"},"modified":"2018-06-02T18:07:24","modified_gmt":"2018-06-02T16:07:24","slug":"amara-sompare-a-la-rtg-boulbinet-le-lieu-est-completement-sinistre","status":"publish","type":"post","link":"https:\/\/guineediversite.com\/index.php\/2018\/06\/02\/amara-sompare-a-la-rtg-boulbinet-le-lieu-est-completement-sinistre\/","title":{"rendered":"Amara\u00a0Sompar\u00e9\u00a0\u00e0 la\u00a0RTG\u00a0Boulbinet\u00a0:\u00a0\u00able lieu est compl\u00e8tement sinistr\u00e9\u00bb"},"content":{"rendered":"<p><strong><span id=\"p2\"><span id=\"45\">A<\/span>\u00a0peine\u00a0install\u00e9\u00a0dans ses nouvelles fonctions le ministre de l\u2019Information et de la Communication Amara\u00a0<span id=\"47\">Sompar\u00e9<\/span>\u00a0a visit\u00e9 les installations de la\u00a0<span id=\"48\">RTG<\/span>\u00a0<span id=\"49\">Boulbinet<\/span>\u00a0ce vendredi 1er Juin 2018.<\/span><span id=\"p3\">\u00a0Son constat est alarmant et d\u00e9solant.<\/span><span id=\"p4\">\u00a0Ce site est \u00e0 l\u2019abandon total rien ne fonctionne.<\/span><\/strong><span id=\"p5\"><strong>\u00a0<\/strong><br \/>\n<\/span><br \/>\n<span id=\"p6\">En visitant les installations de la grande maison des medias en Guin\u00e9e, le ministre s\u2019est heurt\u00e9 \u00e0 la col\u00e8re des travailleurs qui l\u2019attendaient de pied ferme pour lui faire part de leur situation calamiteuse.<\/span><span id=\"p7\">\u00a0Vu cet \u00c9tat d\u00e9sastreux de ce medias d\u2019\u00c9tat les jeunes travailleurs ont lanc\u00e9 un cri de c\u0153ur au tout nouveau ministre afin de redorer l\u2019image de ce site.<\/span><span id=\"p8\"><br \/>\n<\/span><br \/>\n<span id=\"p9\">\u00ab <em>A bas les\u00a0<span id=\"65\">menteurs!\u00a0<\/span><\/em><\/span><span id=\"p68\"><span id=\"70\" class=\"s-bl-t\">Scandent<\/span><\/span><span id=\"p68\">-ils en ch\u0153ur<\/span><span id=\"p68\"><\/span><em><span id=\"p68\">.<\/span><span id=\"p12\">Cette jeunesse, elle est d\u00e9sesp\u00e9r\u00e9e ;<\/span><span id=\"p13\">\u00a0elle n\u2019est plus op\u00e9rationnelle.<\/span><span id=\"p71\">\u00a0Et\u00a0<span id=\"72\" class=\"s-bl-t\">pourtant le<\/span>\u00a0pr\u00e9sident de la R\u00e9publique a dit qu\u2019il a d\u00e9di\u00e9 son mandat aux femmes et aux jeunes.<\/span><\/em><span id=\"p15\"><em>\u00a0Mais c\u2019est tout \u00e0 fait le contraire \u00e0 la\u00a0<span id=\"36\" class=\"s-rg-t\">RTG<\/span>\u00a0<span id=\"37\" class=\"s-rg-t\">Boulbinet<\/span>\u00a0Monsieur le ministre<\/em>\u00a0, lance\u00a0<span id=\"38\" class=\"s-rg-t\">Als\u00e9ny<\/span>\u00a0<span id=\"39\" class=\"s-rg-t\">Koundouno<\/span>\u00a0avant de poursuivre :<\/span><span id=\"p73\">\u00a0\u00ab <em>Nous sommes des p\u00e8res de famille, aujourd\u2019hui nous sommes incapable de trouver la d\u00e9pense pour nos familles, notre salaire ne nous permet pas de faire vivre nos familles respectives<\/em> \u00bb, d\u00e9clare le porte-parole des travailleurs.<\/p>\n<p><\/span><span id=\"p17\">Saisissant le message des travailleurs de la plus ancienne maison de t\u00e9l\u00e9 et de radio du pays, Amara\u00a0<span id=\"41\" class=\"s-rg-t\">Sompar\u00e9<\/span>\u00a0a soulign\u00e9 la n\u00e9cessit\u00e9 imm\u00e9diate de r\u00e9nover le site afin de lui donner un minimum de capacit\u00e9.<\/span><span id=\"p18\">\u00a0Il a aussi fait savoir que le Pr\u00e9sident de la R\u00e9publique a pris \u00e0\u00a0bras-le-corps\u00a0la situation de la\u00a0<span id=\"43\" class=\"s-rg-t\">RTG<\/span>\u00a0<span id=\"44\" class=\"s-rg-t\">Boulbinet<\/span>.<\/span><span id=\"p19\">\u00a0<\/span><br \/>\n<span id=\"p20\">\u00ab <em>C\u2019est la d\u00e9solation\u00a0<span id=\"50\" class=\"s-rg-t\">total<\/span>.<\/em><\/span><span id=\"p74\"><em>\u00a0Le lieu est compl\u00e8tement sinistr\u00e9 et il est urgent de prendre une certaine norme de mesures pour au moins redonner un minimum de capacit\u00e9 technique et un minimum d\u2019<\/em><span id=\"75\" class=\"s-bl-t\"><em>activit\u00e9<\/em> \u00bb,<\/span>\u00a0annonce le nouveau ministre de la Communication et de l\u2019information.<\/span><span id=\"p22\"><br \/>\n<\/span><br \/>\n<span id=\"p23\">\u00ab\u00a0<em><span id=\"52\">Mais je<\/span>\u00a0pense que vous le savez aussi bien que moi, la d\u00e9gradation de ce site n\u2019a pas commenc\u00e9 cette ann\u00e9e ni l\u2019ann\u00e9e derni\u00e8re.<\/em><\/span><em><span id=\"p77\">\u00a0C\u2019est un processus qui remonte \u00e0 plusieurs ann\u00e9es et que le\u00a0<span id=\"78\" class=\"s-or-t\">Pr\u00e9sident de la R\u00e9publique<\/span>\u00a0a pris \u00e0 bras-le-corps.<\/span><\/em><span id=\"p25\"><em>\u00a0C\u2019est la raison pour\u00a0<span id=\"56\" class=\"s-rg-t\">laquelle avec<\/span>\u00a0ses partenaires chinois, on a obtenu la signature d\u2019un contrat pour la r\u00e9novation compl\u00e8te du site de la\u00a0<span id=\"57\" class=\"s-rg-t\">RTG<\/span>\u00a0<span id=\"58\" class=\"s-rg-t\">Boulbinet<\/span>\u00a0\u00e0 travers le programme de num\u00e9risation de la t\u00e9l\u00e9vision et de la radio nationale<\/em> \u00bb, affirme Amara\u00a0<span id=\"59\" class=\"s-bl-t\">Sompar\u00e9.<br \/>\n<\/span><\/span><br \/>\n<span id=\"p26\">Apr\u00e8s l\u2019intervention du ministre de l\u2019Information et de la Communication,\u00a0le\u00a0r\u00e9dacteur en chef adjoint de la\u00a0<span id=\"61\" class=\"s-rg-t\">RTG<\/span>\u00a0<span id=\"62\" class=\"s-rg-t\">Boulbinet<\/span>\u00a0souligne que la visite des locaux de la maison m\u00e8re par le ministre \u00e9tait est bon signe mais attend de voir l\u2019acte\u00a0li\u00e9\u00a0\u00e0 la parole.<\/span><span id=\"p27\">\u00a0<\/span><br \/>\n<strong><span id=\"p28\">Moussa Moise\u00a0<span id=\"64\">KEITA<\/span><\/span><\/strong><\/p>\n","protected":false},"excerpt":{"rendered":"<p>A\u00a0peine\u00a0install\u00e9\u00a0dans ses nouvelles fonctions le ministre de l\u2019Information et de la Communication Amara\u00a0Sompar\u00e9\u00a0a visit\u00e9 les installations de la\u00a0RTG\u00a0Boulbinet\u00a0ce vendredi 1er Juin 2018.\u00a0Son constat est alarmant et d\u00e9solant.\u00a0Ce site est \u00e0 l\u2019abandon total rien ne fonctionne.\u00a0 En visitant les installations de la grande maison des medias en Guin\u00e9e, le ministre s\u2019est heurt\u00e9 \u00e0 la col\u00e8re des [&hellip;]<\/p>\n","protected":false},"author":16,"featured_media":25484,"comment_status":"closed","ping_status":"closed","sticky":false,"template":"","format":"standard","meta":{"_exactmetrics_skip_tracking":false,"_exactmetrics_sitenote_active":false,"_exactmetrics_sitenote_note":"","_exactmetrics_sitenote_category":0,"tdm_status":"","tdm_grid_status":"","footnotes":""},"categories":[14],"tags":[],"class_list":{"0":"post-25483","1":"post","2":"type-post","3":"status-publish","4":"format-standard","5":"has-post-thumbnail","7":"category-politique"},"yoast_head":"<!-- This site is optimized with the Yoast SEO plugin v24.2 - https:\/\/yoast.com\/wordpress\/plugins\/seo\/ -->\n<title>Amara\u00a0Sompar\u00e9\u00a0\u00e0 la\u00a0RTG\u00a0Boulbinet\u00a0:\u00a0\u00able lieu est compl\u00e8tement sinistr\u00e9\u00bb | Guin\u00e9e Diversit\u00e9<\/title>\n<meta name=\"robots\" content=\"index, follow, max-snippet:-1, max-image-preview:large, max-video-preview:-1\" \/>\n<link rel=\"canonical\" href=\"https:\/\/guineediversite.com\/index.php\/2018\/06\/02\/amara-sompare-a-la-rtg-boulbinet-le-lieu-est-completement-sinistre\/\" \/>\n<meta property=\"og:locale\" content=\"fr_FR\" \/>\n<meta property=\"og:type\" content=\"article\" \/>\n<meta property=\"og:title\" content=\"Amara\u00a0Sompar\u00e9\u00a0\u00e0 la\u00a0RTG\u00a0Boulbinet\u00a0:\u00a0\u00able lieu est compl\u00e8tement sinistr\u00e9\u00bb | Guin\u00e9e Diversit\u00e9\" \/>\n<meta property=\"og:description\" content=\"A\u00a0peine\u00a0install\u00e9\u00a0dans ses nouvelles fonctions le ministre de l\u2019Information et de la Communication Amara\u00a0Sompar\u00e9\u00a0a visit\u00e9 les installations de la\u00a0RTG\u00a0Boulbinet\u00a0ce vendredi 1er Juin 2018.\u00a0Son constat est alarmant et d\u00e9solant.\u00a0Ce site est \u00e0 l\u2019abandon total rien ne fonctionne.\u00a0 En visitant les installations de la grande maison des medias en Guin\u00e9e, le ministre s\u2019est heurt\u00e9 \u00e0 la col\u00e8re des [&hellip;]\" \/>\n<meta property=\"og:url\" content=\"https:\/\/guineediversite.com\/index.php\/2018\/06\/02\/amara-sompare-a-la-rtg-boulbinet-le-lieu-est-completement-sinistre\/\" \/>\n<meta property=\"og:site_name\" content=\"Guin\u00e9e Diversit\u00e9\" \/>\n<meta property=\"article:publisher\" content=\"https:\/\/www.facebook.com\/guineediversite\/\" \/>\n<meta property=\"article:published_time\" content=\"2018-06-02T16:07:24+00:00\" \/>\n<meta property=\"og:image\" content=\"https:\/\/guineediversite.com\/wp-content\/uploads\/2018\/06\/IMG_20180601_111519.jpg\" \/>\n\t<meta property=\"og:image:width\" content=\"1024\" \/>\n\t<meta property=\"og:image:height\" content=\"768\" \/>\n\t<meta property=\"og:image:type\" content=\"image\/jpeg\" \/>\n<meta name=\"author\" content=\"Moussa Mo\u00efse K\u00e9ita\" \/>\n<meta name=\"twitter:card\" content=\"summary_large_image\" \/>\n<meta name=\"twitter:creator\" content=\"@GuineeDiversite\" \/>\n<meta name=\"twitter:site\" content=\"@GuineeDiversite\" \/>\n<meta name=\"twitter:label1\" content=\"\u00c9crit par\" \/>\n\t<meta name=\"twitter:data1\" content=\"Moussa Mo\u00efse K\u00e9ita\" \/>\n\t<meta name=\"twitter:label2\" content=\"Dur\u00e9e de lecture estim\u00e9e\" \/>\n\t<meta name=\"twitter:data2\" content=\"2 minutes\" \/>\n<script type=\"application\/ld+json\" class=\"yoast-schema-graph\">{\"@context\":\"https:\/\/schema.org\",\"@graph\":[{\"@type\":\"Article\",\"@id\":\"https:\/\/guineediversite.com\/index.php\/2018\/06\/02\/amara-sompare-a-la-rtg-boulbinet-le-lieu-est-completement-sinistre\/#article\",\"isPartOf\":{\"@id\":\"https:\/\/guineediversite.com\/index.php\/2018\/06\/02\/amara-sompare-a-la-rtg-boulbinet-le-lieu-est-completement-sinistre\/\"},\"author\":{\"name\":\"Moussa Mo\u00efse K\u00e9ita\",\"@id\":\"https:\/\/guineediversite.com\/#\/schema\/person\/079ec347f72d2acde4b56a50a4fd46dc\"},\"headline\":\"Amara\u00a0Sompar\u00e9\u00a0\u00e0 la\u00a0RTG\u00a0Boulbinet\u00a0:\u00a0\u00able lieu est compl\u00e8tement sinistr\u00e9\u00bb\",\"datePublished\":\"2018-06-02T16:07:24+00:00\",\"dateModified\":\"2018-06-02T16:07:24+00:00\",\"mainEntityOfPage\":{\"@id\":\"https:\/\/guineediversite.com\/index.php\/2018\/06\/02\/amara-sompare-a-la-rtg-boulbinet-le-lieu-est-completement-sinistre\/\"},\"wordCount\":493,\"publisher\":{\"@id\":\"https:\/\/guineediversite.com\/#organization\"},\"image\":{\"@id\":\"https:\/\/guineediversite.com\/index.php\/2018\/06\/02\/amara-sompare-a-la-rtg-boulbinet-le-lieu-est-completement-sinistre\/#primaryimage\"},\"thumbnailUrl\":\"https:\/\/guineediversite.com\/wp-content\/uploads\/2018\/06\/IMG_20180601_111519.jpg\",\"articleSection\":[\"Politique\"],\"inLanguage\":\"fr-FR\"},{\"@type\":\"WebPage\",\"@id\":\"https:\/\/guineediversite.com\/index.php\/2018\/06\/02\/amara-sompare-a-la-rtg-boulbinet-le-lieu-est-completement-sinistre\/\",\"url\":\"https:\/\/guineediversite.com\/index.php\/2018\/06\/02\/amara-sompare-a-la-rtg-boulbinet-le-lieu-est-completement-sinistre\/\",\"name\":\"Amara\u00a0Sompar\u00e9\u00a0\u00e0 la\u00a0RTG\u00a0Boulbinet\u00a0:\u00a0\u00able lieu est compl\u00e8tement sinistr\u00e9\u00bb | Guin\u00e9e Diversit\u00e9\",\"isPartOf\":{\"@id\":\"https:\/\/guineediversite.com\/#website\"},\"primaryImageOfPage\":{\"@id\":\"https:\/\/guineediversite.com\/index.php\/2018\/06\/02\/amara-sompare-a-la-rtg-boulbinet-le-lieu-est-completement-sinistre\/#primaryimage\"},\"image\":{\"@id\":\"https:\/\/guineediversite.com\/index.php\/2018\/06\/02\/amara-sompare-a-la-rtg-boulbinet-le-lieu-est-completement-sinistre\/#primaryimage\"},\"thumbnailUrl\":\"https:\/\/guineediversite.com\/wp-content\/uploads\/2018\/06\/IMG_20180601_111519.jpg\",\"datePublished\":\"2018-06-02T16:07:24+00:00\",\"dateModified\":\"2018-06-02T16:07:24+00:00\",\"breadcrumb\":{\"@id\":\"https:\/\/guineediversite.com\/index.php\/2018\/06\/02\/amara-sompare-a-la-rtg-boulbinet-le-lieu-est-completement-sinistre\/#breadcrumb\"},\"inLanguage\":\"fr-FR\",\"potentialAction\":[{\"@type\":\"ReadAction\",\"target\":[\"https:\/\/guineediversite.com\/index.php\/2018\/06\/02\/amara-sompare-a-la-rtg-boulbinet-le-lieu-est-completement-sinistre\/\"]}]},{\"@type\":\"ImageObject\",\"inLanguage\":\"fr-FR\",\"@id\":\"https:\/\/guineediversite.com\/index.php\/2018\/06\/02\/amara-sompare-a-la-rtg-boulbinet-le-lieu-est-completement-sinistre\/#primaryimage\",\"url\":\"https:\/\/guineediversite.com\/wp-content\/uploads\/2018\/06\/IMG_20180601_111519.jpg\",\"contentUrl\":\"https:\/\/guineediversite.com\/wp-content\/uploads\/2018\/06\/IMG_20180601_111519.jpg\",\"width\":\"1024\",\"height\":\"768\"},{\"@type\":\"BreadcrumbList\",\"@id\":\"https:\/\/guineediversite.com\/index.php\/2018\/06\/02\/amara-sompare-a-la-rtg-boulbinet-le-lieu-est-completement-sinistre\/#breadcrumb\",\"itemListElement\":[{\"@type\":\"ListItem\",\"position\":1,\"name\":\"Accueil\",\"item\":\"https:\/\/guineediversite.com\/\"},{\"@type\":\"ListItem\",\"position\":2,\"name\":\"Amara\u00a0Sompar\u00e9\u00a0\u00e0 la\u00a0RTG\u00a0Boulbinet\u00a0:\u00a0\u00able lieu est compl\u00e8tement sinistr\u00e9\u00bb\"}]},{\"@type\":\"WebSite\",\"@id\":\"https:\/\/guineediversite.com\/#website\",\"url\":\"https:\/\/guineediversite.com\/\",\"name\":\"Guin\u00e9e Diversit\u00e9\",\"description\":\"L&#039;Info dans toute sa diversit\u00e9\",\"publisher\":{\"@id\":\"https:\/\/guineediversite.com\/#organization\"},\"potentialAction\":[{\"@type\":\"SearchAction\",\"target\":{\"@type\":\"EntryPoint\",\"urlTemplate\":\"https:\/\/guineediversite.com\/?s={search_term_string}\"},\"query-input\":{\"@type\":\"PropertyValueSpecification\",\"valueRequired\":true,\"valueName\":\"search_term_string\"}}],\"inLanguage\":\"fr-FR\"},{\"@type\":\"Organization\",\"@id\":\"https:\/\/guineediversite.com\/#organization\",\"name\":\"Guin\u00e9e Diversit\u00e9\",\"url\":\"https:\/\/guineediversite.com\/\",\"logo\":{\"@type\":\"ImageObject\",\"inLanguage\":\"fr-FR\",\"@id\":\"https:\/\/guineediversite.com\/#\/schema\/logo\/image\/\",\"url\":\"https:\/\/guineediversite.com\/wp-content\/uploads\/2017\/04\/cropped-1jojlxEOMkX9Wyqfhe43D6kjPOGqBBKmx3EwWJqZ0cMrFF54yM49.png\",\"contentUrl\":\"https:\/\/guineediversite.com\/wp-content\/uploads\/2017\/04\/cropped-1jojlxEOMkX9Wyqfhe43D6kjPOGqBBKmx3EwWJqZ0cMrFF54yM49.png\",\"width\":186,\"height\":112,\"caption\":\"Guin\u00e9e Diversit\u00e9\"},\"image\":{\"@id\":\"https:\/\/guineediversite.com\/#\/schema\/logo\/image\/\"},\"sameAs\":[\"https:\/\/www.facebook.com\/guineediversite\/\",\"https:\/\/x.com\/GuineeDiversite\",\"https:\/\/www.youtube.com\/channel\/UC8sUY16qelG5ge6_D5SB83g\"]},{\"@type\":\"Person\",\"@id\":\"https:\/\/guineediversite.com\/#\/schema\/person\/079ec347f72d2acde4b56a50a4fd46dc\",\"name\":\"Moussa Mo\u00efse K\u00e9ita\",\"image\":{\"@type\":\"ImageObject\",\"inLanguage\":\"fr-FR\",\"@id\":\"https:\/\/guineediversite.com\/#\/schema\/person\/image\/\",\"url\":\"https:\/\/secure.gravatar.com\/avatar\/edf1ea2cc01841e6c0b49384bcb1385b?s=96&d=mm&r=g\",\"contentUrl\":\"https:\/\/secure.gravatar.com\/avatar\/edf1ea2cc01841e6c0b49384bcb1385b?s=96&d=mm&r=g\",\"caption\":\"Moussa Mo\u00efse K\u00e9ita\"},\"url\":\"https:\/\/guineediversite.com\/index.php\/author\/moussa-moise\/\"}]}<\/script>\n<!-- \/ Yoast SEO plugin. -->","yoast_head_json":{"title":"Amara\u00a0Sompar\u00e9\u00a0\u00e0 la\u00a0RTG\u00a0Boulbinet\u00a0:\u00a0\u00able lieu est compl\u00e8tement sinistr\u00e9\u00bb | Guin\u00e9e Diversit\u00e9","robots":{"index":"index","follow":"follow","max-snippet":"max-snippet:-1","max-image-preview":"max-image-preview:large","max-video-preview":"max-video-preview:-1"},"canonical":"https:\/\/guineediversite.com\/index.php\/2018\/06\/02\/amara-sompare-a-la-rtg-boulbinet-le-lieu-est-completement-sinistre\/","og_locale":"fr_FR","og_type":"article","og_title":"Amara\u00a0Sompar\u00e9\u00a0\u00e0 la\u00a0RTG\u00a0Boulbinet\u00a0:\u00a0\u00able lieu est compl\u00e8tement sinistr\u00e9\u00bb | Guin\u00e9e Diversit\u00e9","og_description":"A\u00a0peine\u00a0install\u00e9\u00a0dans ses nouvelles fonctions le ministre de l\u2019Information et de la Communication Amara\u00a0Sompar\u00e9\u00a0a visit\u00e9 les installations de la\u00a0RTG\u00a0Boulbinet\u00a0ce vendredi 1er Juin 2018.\u00a0Son constat est alarmant et d\u00e9solant.\u00a0Ce site est \u00e0 l\u2019abandon total rien ne fonctionne.\u00a0 En visitant les installations de la grande maison des medias en Guin\u00e9e, le ministre s\u2019est heurt\u00e9 \u00e0 la col\u00e8re des [&hellip;]","og_url":"https:\/\/guineediversite.com\/index.php\/2018\/06\/02\/amara-sompare-a-la-rtg-boulbinet-le-lieu-est-completement-sinistre\/","og_site_name":"Guin\u00e9e Diversit\u00e9","article_publisher":"https:\/\/www.facebook.com\/guineediversite\/","article_published_time":"2018-06-02T16:07:24+00:00","og_image":[{"width":1024,"height":768,"url":"https:\/\/guineediversite.com\/wp-content\/uploads\/2018\/06\/IMG_20180601_111519.jpg","type":"image\/jpeg"}],"author":"Moussa Mo\u00efse K\u00e9ita","twitter_card":"summary_large_image","twitter_creator":"@GuineeDiversite","twitter_site":"@GuineeDiversite","twitter_misc":{"\u00c9crit par":"Moussa Mo\u00efse K\u00e9ita","Dur\u00e9e de lecture estim\u00e9e":"2 minutes"},"schema":{"@context":"https:\/\/schema.org","@graph":[{"@type":"Article","@id":"https:\/\/guineediversite.com\/index.php\/2018\/06\/02\/amara-sompare-a-la-rtg-boulbinet-le-lieu-est-completement-sinistre\/#article","isPartOf":{"@id":"https:\/\/guineediversite.com\/index.php\/2018\/06\/02\/amara-sompare-a-la-rtg-boulbinet-le-lieu-est-completement-sinistre\/"},"author":{"name":"Moussa Mo\u00efse K\u00e9ita","@id":"https:\/\/guineediversite.com\/#\/schema\/person\/079ec347f72d2acde4b56a50a4fd46dc"},"headline":"Amara\u00a0Sompar\u00e9\u00a0\u00e0 la\u00a0RTG\u00a0Boulbinet\u00a0:\u00a0\u00able lieu est compl\u00e8tement sinistr\u00e9\u00bb","datePublished":"2018-06-02T16:07:24+00:00","dateModified":"2018-06-02T16:07:24+00:00","mainEntityOfPage":{"@id":"https:\/\/guineediversite.com\/index.php\/2018\/06\/02\/amara-sompare-a-la-rtg-boulbinet-le-lieu-est-completement-sinistre\/"},"wordCount":493,"publisher":{"@id":"https:\/\/guineediversite.com\/#organization"},"image":{"@id":"https:\/\/guineediversite.com\/index.php\/2018\/06\/02\/amara-sompare-a-la-rtg-boulbinet-le-lieu-est-completement-sinistre\/#primaryimage"},"thumbnailUrl":"https:\/\/guineediversite.com\/wp-content\/uploads\/2018\/06\/IMG_20180601_111519.jpg","articleSection":["Politique"],"inLanguage":"fr-FR"},{"@type":"WebPage","@id":"https:\/\/guineediversite.com\/index.php\/2018\/06\/02\/amara-sompare-a-la-rtg-boulbinet-le-lieu-est-completement-sinistre\/","url":"https:\/\/guineediversite.com\/index.php\/2018\/06\/02\/amara-sompare-a-la-rtg-boulbinet-le-lieu-est-completement-sinistre\/","name":"Amara\u00a0Sompar\u00e9\u00a0\u00e0 la\u00a0RTG\u00a0Boulbinet\u00a0:\u00a0\u00able lieu est compl\u00e8tement sinistr\u00e9\u00bb | Guin\u00e9e Diversit\u00e9","isPartOf":{"@id":"https:\/\/guineediversite.com\/#website"},"primaryImageOfPage":{"@id":"https:\/\/guineediversite.com\/index.php\/2018\/06\/02\/amara-sompare-a-la-rtg-boulbinet-le-lieu-est-completement-sinistre\/#primaryimage"},"image":{"@id":"https:\/\/guineediversite.com\/index.php\/2018\/06\/02\/amara-sompare-a-la-rtg-boulbinet-le-lieu-est-completement-sinistre\/#primaryimage"},"thumbnailUrl":"https:\/\/guineediversite.com\/wp-content\/uploads\/2018\/06\/IMG_20180601_111519.jpg","datePublished":"2018-06-02T16:07:24+00:00","dateModified":"2018-06-02T16:07:24+00:00","breadcrumb":{"@id":"https:\/\/guineediversite.com\/index.php\/2018\/06\/02\/amara-sompare-a-la-rtg-boulbinet-le-lieu-est-completement-sinistre\/#breadcrumb"},"inLanguage":"fr-FR","potentialAction":[{"@type":"ReadAction","target":["https:\/\/guineediversite.com\/index.php\/2018\/06\/02\/amara-sompare-a-la-rtg-boulbinet-le-lieu-est-completement-sinistre\/"]}]},{"@type":"ImageObject","inLanguage":"fr-FR","@id":"https:\/\/guineediversite.com\/index.php\/2018\/06\/02\/amara-sompare-a-la-rtg-boulbinet-le-lieu-est-completement-sinistre\/#primaryimage","url":"https:\/\/guineediversite.com\/wp-content\/uploads\/2018\/06\/IMG_20180601_111519.jpg","contentUrl":"https:\/\/guineediversite.com\/wp-content\/uploads\/2018\/06\/IMG_20180601_111519.jpg","width":"1024","height":"768"},{"@type":"BreadcrumbList","@id":"https:\/\/guineediversite.com\/index.php\/2018\/06\/02\/amara-sompare-a-la-rtg-boulbinet-le-lieu-est-completement-sinistre\/#breadcrumb","itemListElement":[{"@type":"ListItem","position":1,"name":"Accueil","item":"https:\/\/guineediversite.com\/"},{"@type":"ListItem","position":2,"name":"Amara\u00a0Sompar\u00e9\u00a0\u00e0 la\u00a0RTG\u00a0Boulbinet\u00a0:\u00a0\u00able lieu est compl\u00e8tement sinistr\u00e9\u00bb"}]},{"@type":"WebSite","@id":"https:\/\/guineediversite.com\/#website","url":"https:\/\/guineediversite.com\/","name":"Guin\u00e9e Diversit\u00e9","description":"L&#039;Info dans toute sa diversit\u00e9","publisher":{"@id":"https:\/\/guineediversite.com\/#organization"},"potentialAction":[{"@type":"SearchAction","target":{"@type":"EntryPoint","urlTemplate":"https:\/\/guineediversite.com\/?s={search_term_string}"},"query-input":{"@type":"PropertyValueSpecification","valueRequired":true,"valueName":"search_term_string"}}],"inLanguage":"fr-FR"},{"@type":"Organization","@id":"https:\/\/guineediversite.com\/#organization","name":"Guin\u00e9e Diversit\u00e9","url":"https:\/\/guineediversite.com\/","logo":{"@type":"ImageObject","inLanguage":"fr-FR","@id":"https:\/\/guineediversite.com\/#\/schema\/logo\/image\/","url":"https:\/\/guineediversite.com\/wp-content\/uploads\/2017\/04\/cropped-1jojlxEOMkX9Wyqfhe43D6kjPOGqBBKmx3EwWJqZ0cMrFF54yM49.png","contentUrl":"https:\/\/guineediversite.com\/wp-content\/uploads\/2017\/04\/cropped-1jojlxEOMkX9Wyqfhe43D6kjPOGqBBKmx3EwWJqZ0cMrFF54yM49.png","width":186,"height":112,"caption":"Guin\u00e9e Diversit\u00e9"},"image":{"@id":"https:\/\/guineediversite.com\/#\/schema\/logo\/image\/"},"sameAs":["https:\/\/www.facebook.com\/guineediversite\/","https:\/\/x.com\/GuineeDiversite","https:\/\/www.youtube.com\/channel\/UC8sUY16qelG5ge6_D5SB83g"]},{"@type":"Person","@id":"https:\/\/guineediversite.com\/#\/schema\/person\/079ec347f72d2acde4b56a50a4fd46dc","name":"Moussa Mo\u00efse K\u00e9ita","image":{"@type":"ImageObject","inLanguage":"fr-FR","@id":"https:\/\/guineediversite.com\/#\/schema\/person\/image\/","url":"https:\/\/secure.gravatar.com\/avatar\/edf1ea2cc01841e6c0b49384bcb1385b?s=96&d=mm&r=g","contentUrl":"https:\/\/secure.gravatar.com\/avatar\/edf1ea2cc01841e6c0b49384bcb1385b?s=96&d=mm&r=g","caption":"Moussa Mo\u00efse K\u00e9ita"},"url":"https:\/\/guineediversite.com\/index.php\/author\/moussa-moise\/"}]}},"_links":{"self":[{"href":"https:\/\/guineediversite.com\/index.php\/wp-json\/wp\/v2\/posts\/25483"}],"collection":[{"href":"https:\/\/guineediversite.com\/index.php\/wp-json\/wp\/v2\/posts"}],"about":[{"href":"https:\/\/guineediversite.com\/index.php\/wp-json\/wp\/v2\/types\/post"}],"author":[{"embeddable":true,"href":"https:\/\/guineediversite.com\/index.php\/wp-json\/wp\/v2\/users\/16"}],"replies":[{"embeddable":true,"href":"https:\/\/guineediversite.com\/index.php\/wp-json\/wp\/v2\/comments?post=25483"}],"version-history":[{"count":0,"href":"https:\/\/guineediversite.com\/index.php\/wp-json\/wp\/v2\/posts\/25483\/revisions"}],"wp:featuredmedia":[{"embeddable":true,"href":"https:\/\/guineediversite.com\/index.php\/wp-json\/wp\/v2\/media\/25484"}],"wp:attachment":[{"href":"https:\/\/guineediversite.com\/index.php\/wp-json\/wp\/v2\/media?parent=25483"}],"wp:term":[{"taxonomy":"category","embeddable":true,"href":"https:\/\/guineediversite.com\/index.php\/wp-json\/wp\/v2\/categories?post=25483"},{"taxonomy":"post_tag","embeddable":true,"href":"https:\/\/guineediversite.com\/index.php\/wp-json\/wp\/v2\/tags?post=25483"}],"curies":[{"name":"wp","href":"https:\/\/api.w.org\/{rel}","templated":true}]}}