{"id":25244,"date":"2018-05-16T13:10:54","date_gmt":"2018-05-16T11:10:54","guid":{"rendered":"https:\/\/guineediversite.com\/?p=25244"},"modified":"2018-05-16T13:10:54","modified_gmt":"2018-05-16T11:10:54","slug":"urgent-la-marche-pacifique-de-lugtg-initialement-prevu-pour-ce-mercredi-a-ete-reporteeles-raisons","status":"publish","type":"post","link":"https:\/\/guineediversite.com\/index.php\/2018\/05\/16\/urgent-la-marche-pacifique-de-lugtg-initialement-prevu-pour-ce-mercredi-a-ete-reporteeles-raisons\/","title":{"rendered":"Urgent\/ la marche pacifique de l&rsquo;UGTG initialement pr\u00e9vu pour ce mercredi a \u00e9t\u00e9 report\u00e9e(les raisons)"},"content":{"rendered":"<p>L&rsquo;Union G\u00e9n\u00e9rale des Travailleurs de Guin\u00e9e pour protester contre l&rsquo;arrestation injuste de son secr\u00e9taire g\u00e9n\u00e9ral adjoint Aboubacar Sidiki Mara, arr\u00eat\u00e9 depuis le mardi 6 mai dernier \u00e0 Bok\u00e9 vers 3 heurez du matin sous l&rsquo;ordre du pouvoir en place et mis sous mandat de d\u00e9p\u00f4t quelques jours apr\u00e8s \u00e0 la maison centrale de Conakry. Pour afficher leurs indignations et leurs m\u00e9contentements face \u00e0 ce qu&rsquo;ils qualifient d&rsquo;injustice ils avaient projet\u00e9 une marche pacifique ce mercredi 16 mai qui allait quitt\u00e9e du port autonome de Conakry pour le minist\u00e8re de la justice. Aux derni\u00e8res nouvelles cette marche a \u00e9t\u00e9 report\u00e9e pour des raisons que l&rsquo;un des responsables de cette centrale syndicale \u00e9voque joint au t\u00e9l\u00e9phone par notre r\u00e9daction<br \/>\n&lt;&lt; La lettre adress\u00e9e au gouvernorat de la ville de Conakry et \u00e0 la mairie de Kaloum n&rsquo;\u00e9tait signer que du secr\u00e9taire g\u00e9n\u00e9ral alors qu&rsquo;il fallait trois signataires et la liste des membres du bureau&gt;&gt; explique ce responsable.<br \/>\nEt d&rsquo;ajouter pour ne pas en feindre \u00e0 la loi, ils ont pr\u00e9f\u00e9r\u00e9s de r\u00e9diger \u00e0 nouveau cette lettre et la d\u00e9pos\u00e9e. Apr\u00e8s une r\u00e9union ce mercredi, ils d\u00e9cideront du jour de la marche.<\/p>\n","protected":false},"excerpt":{"rendered":"<p>L&rsquo;Union G\u00e9n\u00e9rale des Travailleurs de Guin\u00e9e pour protester contre l&rsquo;arrestation injuste de son secr\u00e9taire g\u00e9n\u00e9ral adjoint Aboubacar Sidiki Mara, arr\u00eat\u00e9 depuis le mardi 6 mai dernier \u00e0 Bok\u00e9 vers 3 heurez du matin sous l&rsquo;ordre du pouvoir en place et mis sous mandat de d\u00e9p\u00f4t quelques jours apr\u00e8s \u00e0 la maison centrale de Conakry. Pour [&hellip;]<\/p>\n","protected":false},"author":16,"featured_media":25220,"comment_status":"closed","ping_status":"closed","sticky":false,"template":"","format":"standard","meta":{"_exactmetrics_skip_tracking":false,"_exactmetrics_sitenote_active":false,"_exactmetrics_sitenote_note":"","_exactmetrics_sitenote_category":0,"tdm_status":"","tdm_grid_status":"","footnotes":""},"categories":[16],"tags":[],"class_list":{"0":"post-25244","1":"post","2":"type-post","3":"status-publish","4":"format-standard","5":"has-post-thumbnail","7":"category-societe"},"yoast_head":"<!-- This site is optimized with the Yoast SEO plugin v24.2 - https:\/\/yoast.com\/wordpress\/plugins\/seo\/ -->\n<title>Urgent\/ la marche pacifique de l&#039;UGTG initialement pr\u00e9vu pour ce mercredi a \u00e9t\u00e9 report\u00e9e(les raisons) | Guin\u00e9e Diversit\u00e9<\/title>\n<meta name=\"robots\" content=\"index, follow, max-snippet:-1, max-image-preview:large, max-video-preview:-1\" \/>\n<link rel=\"canonical\" href=\"https:\/\/guineediversite.com\/index.php\/2018\/05\/16\/urgent-la-marche-pacifique-de-lugtg-initialement-prevu-pour-ce-mercredi-a-ete-reporteeles-raisons\/\" \/>\n<meta property=\"og:locale\" content=\"fr_FR\" \/>\n<meta property=\"og:type\" content=\"article\" \/>\n<meta property=\"og:title\" content=\"Urgent\/ la marche pacifique de l&#039;UGTG initialement pr\u00e9vu pour ce mercredi a \u00e9t\u00e9 report\u00e9e(les raisons) | Guin\u00e9e Diversit\u00e9\" \/>\n<meta property=\"og:description\" content=\"L&rsquo;Union G\u00e9n\u00e9rale des Travailleurs de Guin\u00e9e pour protester contre l&rsquo;arrestation injuste de son secr\u00e9taire g\u00e9n\u00e9ral adjoint Aboubacar Sidiki Mara, arr\u00eat\u00e9 depuis le mardi 6 mai dernier \u00e0 Bok\u00e9 vers 3 heurez du matin sous l&rsquo;ordre du pouvoir en place et mis sous mandat de d\u00e9p\u00f4t quelques jours apr\u00e8s \u00e0 la maison centrale de Conakry. Pour [&hellip;]\" \/>\n<meta property=\"og:url\" content=\"https:\/\/guineediversite.com\/index.php\/2018\/05\/16\/urgent-la-marche-pacifique-de-lugtg-initialement-prevu-pour-ce-mercredi-a-ete-reporteeles-raisons\/\" \/>\n<meta property=\"og:site_name\" content=\"Guin\u00e9e Diversit\u00e9\" \/>\n<meta property=\"article:publisher\" content=\"https:\/\/www.facebook.com\/guineediversite\/\" \/>\n<meta property=\"article:published_time\" content=\"2018-05-16T11:10:54+00:00\" \/>\n<meta property=\"og:image\" content=\"https:\/\/guineediversite.com\/wp-content\/uploads\/2018\/05\/32430420_2030014230593685_5785600477068525568_n.jpg\" \/>\n\t<meta property=\"og:image:width\" content=\"7680\" \/>\n\t<meta property=\"og:image:height\" content=\"5760\" \/>\n\t<meta property=\"og:image:type\" content=\"image\/jpeg\" \/>\n<meta name=\"author\" content=\"Moussa Mo\u00efse K\u00e9ita\" \/>\n<meta name=\"twitter:card\" content=\"summary_large_image\" \/>\n<meta name=\"twitter:creator\" content=\"@GuineeDiversite\" \/>\n<meta name=\"twitter:site\" content=\"@GuineeDiversite\" \/>\n<meta name=\"twitter:label1\" content=\"\u00c9crit par\" \/>\n\t<meta name=\"twitter:data1\" content=\"Moussa Mo\u00efse K\u00e9ita\" \/>\n\t<meta name=\"twitter:label2\" content=\"Dur\u00e9e de lecture estim\u00e9e\" \/>\n\t<meta name=\"twitter:data2\" content=\"1 minute\" \/>\n<script type=\"application\/ld+json\" class=\"yoast-schema-graph\">{\"@context\":\"https:\/\/schema.org\",\"@graph\":[{\"@type\":\"Article\",\"@id\":\"https:\/\/guineediversite.com\/index.php\/2018\/05\/16\/urgent-la-marche-pacifique-de-lugtg-initialement-prevu-pour-ce-mercredi-a-ete-reporteeles-raisons\/#article\",\"isPartOf\":{\"@id\":\"https:\/\/guineediversite.com\/index.php\/2018\/05\/16\/urgent-la-marche-pacifique-de-lugtg-initialement-prevu-pour-ce-mercredi-a-ete-reporteeles-raisons\/\"},\"author\":{\"name\":\"Moussa Mo\u00efse K\u00e9ita\",\"@id\":\"https:\/\/guineediversite.com\/#\/schema\/person\/079ec347f72d2acde4b56a50a4fd46dc\"},\"headline\":\"Urgent\/ la marche pacifique de l&rsquo;UGTG initialement pr\u00e9vu pour ce mercredi a \u00e9t\u00e9 report\u00e9e(les raisons)\",\"datePublished\":\"2018-05-16T11:10:54+00:00\",\"dateModified\":\"2018-05-16T11:10:54+00:00\",\"mainEntityOfPage\":{\"@id\":\"https:\/\/guineediversite.com\/index.php\/2018\/05\/16\/urgent-la-marche-pacifique-de-lugtg-initialement-prevu-pour-ce-mercredi-a-ete-reporteeles-raisons\/\"},\"wordCount\":242,\"publisher\":{\"@id\":\"https:\/\/guineediversite.com\/#organization\"},\"image\":{\"@id\":\"https:\/\/guineediversite.com\/index.php\/2018\/05\/16\/urgent-la-marche-pacifique-de-lugtg-initialement-prevu-pour-ce-mercredi-a-ete-reporteeles-raisons\/#primaryimage\"},\"thumbnailUrl\":\"https:\/\/guineediversite.com\/wp-content\/uploads\/2018\/05\/32430420_2030014230593685_5785600477068525568_n.jpg\",\"articleSection\":[\"Soci\u00e9t\u00e9\"],\"inLanguage\":\"fr-FR\"},{\"@type\":\"WebPage\",\"@id\":\"https:\/\/guineediversite.com\/index.php\/2018\/05\/16\/urgent-la-marche-pacifique-de-lugtg-initialement-prevu-pour-ce-mercredi-a-ete-reporteeles-raisons\/\",\"url\":\"https:\/\/guineediversite.com\/index.php\/2018\/05\/16\/urgent-la-marche-pacifique-de-lugtg-initialement-prevu-pour-ce-mercredi-a-ete-reporteeles-raisons\/\",\"name\":\"Urgent\/ la marche pacifique de l'UGTG initialement pr\u00e9vu pour ce mercredi a \u00e9t\u00e9 report\u00e9e(les raisons) | Guin\u00e9e Diversit\u00e9\",\"isPartOf\":{\"@id\":\"https:\/\/guineediversite.com\/#website\"},\"primaryImageOfPage\":{\"@id\":\"https:\/\/guineediversite.com\/index.php\/2018\/05\/16\/urgent-la-marche-pacifique-de-lugtg-initialement-prevu-pour-ce-mercredi-a-ete-reporteeles-raisons\/#primaryimage\"},\"image\":{\"@id\":\"https:\/\/guineediversite.com\/index.php\/2018\/05\/16\/urgent-la-marche-pacifique-de-lugtg-initialement-prevu-pour-ce-mercredi-a-ete-reporteeles-raisons\/#primaryimage\"},\"thumbnailUrl\":\"https:\/\/guineediversite.com\/wp-content\/uploads\/2018\/05\/32430420_2030014230593685_5785600477068525568_n.jpg\",\"datePublished\":\"2018-05-16T11:10:54+00:00\",\"dateModified\":\"2018-05-16T11:10:54+00:00\",\"breadcrumb\":{\"@id\":\"https:\/\/guineediversite.com\/index.php\/2018\/05\/16\/urgent-la-marche-pacifique-de-lugtg-initialement-prevu-pour-ce-mercredi-a-ete-reporteeles-raisons\/#breadcrumb\"},\"inLanguage\":\"fr-FR\",\"potentialAction\":[{\"@type\":\"ReadAction\",\"target\":[\"https:\/\/guineediversite.com\/index.php\/2018\/05\/16\/urgent-la-marche-pacifique-de-lugtg-initialement-prevu-pour-ce-mercredi-a-ete-reporteeles-raisons\/\"]}]},{\"@type\":\"ImageObject\",\"inLanguage\":\"fr-FR\",\"@id\":\"https:\/\/guineediversite.com\/index.php\/2018\/05\/16\/urgent-la-marche-pacifique-de-lugtg-initialement-prevu-pour-ce-mercredi-a-ete-reporteeles-raisons\/#primaryimage\",\"url\":\"https:\/\/guineediversite.com\/wp-content\/uploads\/2018\/05\/32430420_2030014230593685_5785600477068525568_n.jpg\",\"contentUrl\":\"https:\/\/guineediversite.com\/wp-content\/uploads\/2018\/05\/32430420_2030014230593685_5785600477068525568_n.jpg\",\"width\":\"7680\",\"height\":\"5760\"},{\"@type\":\"BreadcrumbList\",\"@id\":\"https:\/\/guineediversite.com\/index.php\/2018\/05\/16\/urgent-la-marche-pacifique-de-lugtg-initialement-prevu-pour-ce-mercredi-a-ete-reporteeles-raisons\/#breadcrumb\",\"itemListElement\":[{\"@type\":\"ListItem\",\"position\":1,\"name\":\"Accueil\",\"item\":\"https:\/\/guineediversite.com\/\"},{\"@type\":\"ListItem\",\"position\":2,\"name\":\"Urgent\/ la marche pacifique de l&rsquo;UGTG initialement pr\u00e9vu pour ce mercredi a \u00e9t\u00e9 report\u00e9e(les raisons)\"}]},{\"@type\":\"WebSite\",\"@id\":\"https:\/\/guineediversite.com\/#website\",\"url\":\"https:\/\/guineediversite.com\/\",\"name\":\"Guin\u00e9e Diversit\u00e9\",\"description\":\"L&#039;Info dans toute sa diversit\u00e9\",\"publisher\":{\"@id\":\"https:\/\/guineediversite.com\/#organization\"},\"potentialAction\":[{\"@type\":\"SearchAction\",\"target\":{\"@type\":\"EntryPoint\",\"urlTemplate\":\"https:\/\/guineediversite.com\/?s={search_term_string}\"},\"query-input\":{\"@type\":\"PropertyValueSpecification\",\"valueRequired\":true,\"valueName\":\"search_term_string\"}}],\"inLanguage\":\"fr-FR\"},{\"@type\":\"Organization\",\"@id\":\"https:\/\/guineediversite.com\/#organization\",\"name\":\"Guin\u00e9e Diversit\u00e9\",\"url\":\"https:\/\/guineediversite.com\/\",\"logo\":{\"@type\":\"ImageObject\",\"inLanguage\":\"fr-FR\",\"@id\":\"https:\/\/guineediversite.com\/#\/schema\/logo\/image\/\",\"url\":\"https:\/\/guineediversite.com\/wp-content\/uploads\/2017\/04\/cropped-1jojlxEOMkX9Wyqfhe43D6kjPOGqBBKmx3EwWJqZ0cMrFF54yM49.png\",\"contentUrl\":\"https:\/\/guineediversite.com\/wp-content\/uploads\/2017\/04\/cropped-1jojlxEOMkX9Wyqfhe43D6kjPOGqBBKmx3EwWJqZ0cMrFF54yM49.png\",\"width\":186,\"height\":112,\"caption\":\"Guin\u00e9e Diversit\u00e9\"},\"image\":{\"@id\":\"https:\/\/guineediversite.com\/#\/schema\/logo\/image\/\"},\"sameAs\":[\"https:\/\/www.facebook.com\/guineediversite\/\",\"https:\/\/x.com\/GuineeDiversite\",\"https:\/\/www.youtube.com\/channel\/UC8sUY16qelG5ge6_D5SB83g\"]},{\"@type\":\"Person\",\"@id\":\"https:\/\/guineediversite.com\/#\/schema\/person\/079ec347f72d2acde4b56a50a4fd46dc\",\"name\":\"Moussa Mo\u00efse K\u00e9ita\",\"image\":{\"@type\":\"ImageObject\",\"inLanguage\":\"fr-FR\",\"@id\":\"https:\/\/guineediversite.com\/#\/schema\/person\/image\/\",\"url\":\"https:\/\/secure.gravatar.com\/avatar\/edf1ea2cc01841e6c0b49384bcb1385b?s=96&d=mm&r=g\",\"contentUrl\":\"https:\/\/secure.gravatar.com\/avatar\/edf1ea2cc01841e6c0b49384bcb1385b?s=96&d=mm&r=g\",\"caption\":\"Moussa Mo\u00efse K\u00e9ita\"},\"url\":\"https:\/\/guineediversite.com\/index.php\/author\/moussa-moise\/\"}]}<\/script>\n<!-- \/ Yoast SEO plugin. -->","yoast_head_json":{"title":"Urgent\/ la marche pacifique de l'UGTG initialement pr\u00e9vu pour ce mercredi a \u00e9t\u00e9 report\u00e9e(les raisons) | Guin\u00e9e Diversit\u00e9","robots":{"index":"index","follow":"follow","max-snippet":"max-snippet:-1","max-image-preview":"max-image-preview:large","max-video-preview":"max-video-preview:-1"},"canonical":"https:\/\/guineediversite.com\/index.php\/2018\/05\/16\/urgent-la-marche-pacifique-de-lugtg-initialement-prevu-pour-ce-mercredi-a-ete-reporteeles-raisons\/","og_locale":"fr_FR","og_type":"article","og_title":"Urgent\/ la marche pacifique de l'UGTG initialement pr\u00e9vu pour ce mercredi a \u00e9t\u00e9 report\u00e9e(les raisons) | Guin\u00e9e Diversit\u00e9","og_description":"L&rsquo;Union G\u00e9n\u00e9rale des Travailleurs de Guin\u00e9e pour protester contre l&rsquo;arrestation injuste de son secr\u00e9taire g\u00e9n\u00e9ral adjoint Aboubacar Sidiki Mara, arr\u00eat\u00e9 depuis le mardi 6 mai dernier \u00e0 Bok\u00e9 vers 3 heurez du matin sous l&rsquo;ordre du pouvoir en place et mis sous mandat de d\u00e9p\u00f4t quelques jours apr\u00e8s \u00e0 la maison centrale de Conakry. Pour [&hellip;]","og_url":"https:\/\/guineediversite.com\/index.php\/2018\/05\/16\/urgent-la-marche-pacifique-de-lugtg-initialement-prevu-pour-ce-mercredi-a-ete-reporteeles-raisons\/","og_site_name":"Guin\u00e9e Diversit\u00e9","article_publisher":"https:\/\/www.facebook.com\/guineediversite\/","article_published_time":"2018-05-16T11:10:54+00:00","og_image":[{"width":7680,"height":5760,"url":"https:\/\/guineediversite.com\/wp-content\/uploads\/2018\/05\/32430420_2030014230593685_5785600477068525568_n.jpg","type":"image\/jpeg"}],"author":"Moussa Mo\u00efse K\u00e9ita","twitter_card":"summary_large_image","twitter_creator":"@GuineeDiversite","twitter_site":"@GuineeDiversite","twitter_misc":{"\u00c9crit par":"Moussa Mo\u00efse K\u00e9ita","Dur\u00e9e de lecture estim\u00e9e":"1 minute"},"schema":{"@context":"https:\/\/schema.org","@graph":[{"@type":"Article","@id":"https:\/\/guineediversite.com\/index.php\/2018\/05\/16\/urgent-la-marche-pacifique-de-lugtg-initialement-prevu-pour-ce-mercredi-a-ete-reporteeles-raisons\/#article","isPartOf":{"@id":"https:\/\/guineediversite.com\/index.php\/2018\/05\/16\/urgent-la-marche-pacifique-de-lugtg-initialement-prevu-pour-ce-mercredi-a-ete-reporteeles-raisons\/"},"author":{"name":"Moussa Mo\u00efse K\u00e9ita","@id":"https:\/\/guineediversite.com\/#\/schema\/person\/079ec347f72d2acde4b56a50a4fd46dc"},"headline":"Urgent\/ la marche pacifique de l&rsquo;UGTG initialement pr\u00e9vu pour ce mercredi a \u00e9t\u00e9 report\u00e9e(les raisons)","datePublished":"2018-05-16T11:10:54+00:00","dateModified":"2018-05-16T11:10:54+00:00","mainEntityOfPage":{"@id":"https:\/\/guineediversite.com\/index.php\/2018\/05\/16\/urgent-la-marche-pacifique-de-lugtg-initialement-prevu-pour-ce-mercredi-a-ete-reporteeles-raisons\/"},"wordCount":242,"publisher":{"@id":"https:\/\/guineediversite.com\/#organization"},"image":{"@id":"https:\/\/guineediversite.com\/index.php\/2018\/05\/16\/urgent-la-marche-pacifique-de-lugtg-initialement-prevu-pour-ce-mercredi-a-ete-reporteeles-raisons\/#primaryimage"},"thumbnailUrl":"https:\/\/guineediversite.com\/wp-content\/uploads\/2018\/05\/32430420_2030014230593685_5785600477068525568_n.jpg","articleSection":["Soci\u00e9t\u00e9"],"inLanguage":"fr-FR"},{"@type":"WebPage","@id":"https:\/\/guineediversite.com\/index.php\/2018\/05\/16\/urgent-la-marche-pacifique-de-lugtg-initialement-prevu-pour-ce-mercredi-a-ete-reporteeles-raisons\/","url":"https:\/\/guineediversite.com\/index.php\/2018\/05\/16\/urgent-la-marche-pacifique-de-lugtg-initialement-prevu-pour-ce-mercredi-a-ete-reporteeles-raisons\/","name":"Urgent\/ la marche pacifique de l'UGTG initialement pr\u00e9vu pour ce mercredi a \u00e9t\u00e9 report\u00e9e(les raisons) | Guin\u00e9e Diversit\u00e9","isPartOf":{"@id":"https:\/\/guineediversite.com\/#website"},"primaryImageOfPage":{"@id":"https:\/\/guineediversite.com\/index.php\/2018\/05\/16\/urgent-la-marche-pacifique-de-lugtg-initialement-prevu-pour-ce-mercredi-a-ete-reporteeles-raisons\/#primaryimage"},"image":{"@id":"https:\/\/guineediversite.com\/index.php\/2018\/05\/16\/urgent-la-marche-pacifique-de-lugtg-initialement-prevu-pour-ce-mercredi-a-ete-reporteeles-raisons\/#primaryimage"},"thumbnailUrl":"https:\/\/guineediversite.com\/wp-content\/uploads\/2018\/05\/32430420_2030014230593685_5785600477068525568_n.jpg","datePublished":"2018-05-16T11:10:54+00:00","dateModified":"2018-05-16T11:10:54+00:00","breadcrumb":{"@id":"https:\/\/guineediversite.com\/index.php\/2018\/05\/16\/urgent-la-marche-pacifique-de-lugtg-initialement-prevu-pour-ce-mercredi-a-ete-reporteeles-raisons\/#breadcrumb"},"inLanguage":"fr-FR","potentialAction":[{"@type":"ReadAction","target":["https:\/\/guineediversite.com\/index.php\/2018\/05\/16\/urgent-la-marche-pacifique-de-lugtg-initialement-prevu-pour-ce-mercredi-a-ete-reporteeles-raisons\/"]}]},{"@type":"ImageObject","inLanguage":"fr-FR","@id":"https:\/\/guineediversite.com\/index.php\/2018\/05\/16\/urgent-la-marche-pacifique-de-lugtg-initialement-prevu-pour-ce-mercredi-a-ete-reporteeles-raisons\/#primaryimage","url":"https:\/\/guineediversite.com\/wp-content\/uploads\/2018\/05\/32430420_2030014230593685_5785600477068525568_n.jpg","contentUrl":"https:\/\/guineediversite.com\/wp-content\/uploads\/2018\/05\/32430420_2030014230593685_5785600477068525568_n.jpg","width":"7680","height":"5760"},{"@type":"BreadcrumbList","@id":"https:\/\/guineediversite.com\/index.php\/2018\/05\/16\/urgent-la-marche-pacifique-de-lugtg-initialement-prevu-pour-ce-mercredi-a-ete-reporteeles-raisons\/#breadcrumb","itemListElement":[{"@type":"ListItem","position":1,"name":"Accueil","item":"https:\/\/guineediversite.com\/"},{"@type":"ListItem","position":2,"name":"Urgent\/ la marche pacifique de l&rsquo;UGTG initialement pr\u00e9vu pour ce mercredi a \u00e9t\u00e9 report\u00e9e(les raisons)"}]},{"@type":"WebSite","@id":"https:\/\/guineediversite.com\/#website","url":"https:\/\/guineediversite.com\/","name":"Guin\u00e9e Diversit\u00e9","description":"L&#039;Info dans toute sa diversit\u00e9","publisher":{"@id":"https:\/\/guineediversite.com\/#organization"},"potentialAction":[{"@type":"SearchAction","target":{"@type":"EntryPoint","urlTemplate":"https:\/\/guineediversite.com\/?s={search_term_string}"},"query-input":{"@type":"PropertyValueSpecification","valueRequired":true,"valueName":"search_term_string"}}],"inLanguage":"fr-FR"},{"@type":"Organization","@id":"https:\/\/guineediversite.com\/#organization","name":"Guin\u00e9e Diversit\u00e9","url":"https:\/\/guineediversite.com\/","logo":{"@type":"ImageObject","inLanguage":"fr-FR","@id":"https:\/\/guineediversite.com\/#\/schema\/logo\/image\/","url":"https:\/\/guineediversite.com\/wp-content\/uploads\/2017\/04\/cropped-1jojlxEOMkX9Wyqfhe43D6kjPOGqBBKmx3EwWJqZ0cMrFF54yM49.png","contentUrl":"https:\/\/guineediversite.com\/wp-content\/uploads\/2017\/04\/cropped-1jojlxEOMkX9Wyqfhe43D6kjPOGqBBKmx3EwWJqZ0cMrFF54yM49.png","width":186,"height":112,"caption":"Guin\u00e9e Diversit\u00e9"},"image":{"@id":"https:\/\/guineediversite.com\/#\/schema\/logo\/image\/"},"sameAs":["https:\/\/www.facebook.com\/guineediversite\/","https:\/\/x.com\/GuineeDiversite","https:\/\/www.youtube.com\/channel\/UC8sUY16qelG5ge6_D5SB83g"]},{"@type":"Person","@id":"https:\/\/guineediversite.com\/#\/schema\/person\/079ec347f72d2acde4b56a50a4fd46dc","name":"Moussa Mo\u00efse K\u00e9ita","image":{"@type":"ImageObject","inLanguage":"fr-FR","@id":"https:\/\/guineediversite.com\/#\/schema\/person\/image\/","url":"https:\/\/secure.gravatar.com\/avatar\/edf1ea2cc01841e6c0b49384bcb1385b?s=96&d=mm&r=g","contentUrl":"https:\/\/secure.gravatar.com\/avatar\/edf1ea2cc01841e6c0b49384bcb1385b?s=96&d=mm&r=g","caption":"Moussa Mo\u00efse K\u00e9ita"},"url":"https:\/\/guineediversite.com\/index.php\/author\/moussa-moise\/"}]}},"_links":{"self":[{"href":"https:\/\/guineediversite.com\/index.php\/wp-json\/wp\/v2\/posts\/25244"}],"collection":[{"href":"https:\/\/guineediversite.com\/index.php\/wp-json\/wp\/v2\/posts"}],"about":[{"href":"https:\/\/guineediversite.com\/index.php\/wp-json\/wp\/v2\/types\/post"}],"author":[{"embeddable":true,"href":"https:\/\/guineediversite.com\/index.php\/wp-json\/wp\/v2\/users\/16"}],"replies":[{"embeddable":true,"href":"https:\/\/guineediversite.com\/index.php\/wp-json\/wp\/v2\/comments?post=25244"}],"version-history":[{"count":0,"href":"https:\/\/guineediversite.com\/index.php\/wp-json\/wp\/v2\/posts\/25244\/revisions"}],"wp:featuredmedia":[{"embeddable":true,"href":"https:\/\/guineediversite.com\/index.php\/wp-json\/wp\/v2\/media\/25220"}],"wp:attachment":[{"href":"https:\/\/guineediversite.com\/index.php\/wp-json\/wp\/v2\/media?parent=25244"}],"wp:term":[{"taxonomy":"category","embeddable":true,"href":"https:\/\/guineediversite.com\/index.php\/wp-json\/wp\/v2\/categories?post=25244"},{"taxonomy":"post_tag","embeddable":true,"href":"https:\/\/guineediversite.com\/index.php\/wp-json\/wp\/v2\/tags?post=25244"}],"curies":[{"name":"wp","href":"https:\/\/api.w.org\/{rel}","templated":true}]}}