{"id":25234,"date":"2018-05-15T17:12:19","date_gmt":"2018-05-15T15:12:19","guid":{"rendered":"https:\/\/guineediversite.com\/?p=25234"},"modified":"2018-05-15T17:12:19","modified_gmt":"2018-05-15T15:12:19","slug":"le-pdg-rda-fete-ses-71-annees-dexistence-sans-mohamed-toure","status":"publish","type":"post","link":"https:\/\/guineediversite.com\/index.php\/2018\/05\/15\/le-pdg-rda-fete-ses-71-annees-dexistence-sans-mohamed-toure\/","title":{"rendered":"Le PDG RDA f\u00eate ses 71 ann\u00e9es dexistence sans Mohamed Tour\u00e9"},"content":{"rendered":"<p>14 mai 1947 &#8211; 14 mai 2018 cela fait 71 ans depuis la cr\u00e9ation du Parti D\u00e9mocratique de Guin\u00e9e, R\u00e9volution D\u00e9mocratique Africaine PDG RDA. A loccasion de la c\u00e9l\u00e9bration de cette date anniversaire les responsables du parti du premi\u00e8r pr\u00e9sident guin\u00e9en Ahmed S\u00e9kou Tour\u00e9 ont organis\u00e9 une c\u00e9r\u00e9monie au si\u00e8ge dudit parti \u00e0 Donka o\u00f9 ils ont profit\u00e9 pour rendre publique une d\u00e9claration dans laquelle ils ont r\u00e9affirm\u00e9 leurs soutien ind\u00e9fectible \u00e0 lactuel secr\u00e9taire g\u00e9n\u00e9ral du parti Mohamed Tour\u00e9 et sa femme en proie avec la justice am\u00e9ricaine.<br \/>\nCest devant les membres du bureau politique national, des militants et sympathisants du parti dAhmed S\u00e9kou Toure que cette c\u00e9l\u00e9bration a eu lieu dans la plus grande sobri\u00e9t\u00e9. En justice aux Etats Unis avec sa femme, Mohamed Tour\u00e9 le fils du p\u00e8re de lind\u00e9pendance guin\u00e9enne na pas assistera a cettte rencontre. Dans cette d\u00e9claration Oy\u00e9 Beavogui dit:<br \/>\n\u00ab\u00a0Le 14 Mai 1947 naissait \u00e0 Conakry, la Section guin\u00e9enne du Rassemblement D\u00e9mocratique Africain, Le 14 Mai 2018, nous c\u00e9l\u00e9brons le 71\u00e8me anniversaire de notre parti historique, acteur d\u00e9cisif de la construction de la Nation guin\u00e9enne, fondateur de l&rsquo;Etat et de la R\u00e9publique de Guin\u00e9e et Parti d&rsquo;avant-garde du panafricanisme et de l&rsquo;unit\u00e9 africaine.<\/p>\n<p>Tr\u00e8s chers camarades, \u00e0 cette occasion, il nous revient, pour commencer, de renouveler notre solidarit\u00e9 fraternelle \u00e0 notre Secr\u00e9taire G\u00e9n\u00e9ral, le Camarade Mohamed Tour\u00e9 et son \u00e9pouse Mme Denise Cros Toure, confront\u00e9s \u00e0 une \u00e9preuve comme la vie en r\u00e9serve \u00e0 chacun de nous. La Direction Nationale\u00a0\u00a0du Parti remercie tr\u00e8s sinc\u00e8rement le Peuple de Guin\u00e9e pour le grand soutien qu&rsquo;il ne cesse dexprimer envers notre soeur et notre fr\u00e8re et \u00e0 toute leur famille biologique, politique et id\u00e9ologique. Nous remercions \u00e9galement tous nos fr\u00e8res et amis des Etats-Unis d&rsquo;Am\u00e9rique, et de partout ailleurs dans le monde, pour lexpression sinc\u00e8re et spontan\u00e9e de sympathie et de solidarit\u00e9 pendant cette p\u00e9riode difficile, de tribulations pour notre famille politique. Gardant la foi in\u00e9branlable en Dieu, nous restons convaincus que nos camarades et fr\u00e8res sauront surmonter l&rsquo;\u00e9preuve avec le courage et la dignit\u00e9 que nous leur connaissons et que la justice r\u00e9tablira la v\u00e9rit\u00e9 qui les lavera de tout opprobre et de toutes les calomnies\u00a0\u00bb.<br \/>\nLes \u00e9lections communes nont pas \u00e9t\u00e9 en reste dans cette d\u00e9claration ou Oy\u00e9 Beavogui invite la classe politique guin\u00e9enne \u00e0 respecter les principes et r\u00e8gles d\u00e9mocratiques mais aussi les syndicats \u00e0 privil\u00e9gi\u00e9 le dialogue afin de sortir de la crise.<br \/>\n\u00ab\u00a0Nous c\u00e9l\u00e9brons le 71\u00e8me anniversaire de notre parti dans un contexte national marqu\u00e9 par une profonde crise sociale.<br \/>\nEn effet, les acteurs sociaux, en particulier les syndicats et les employeurs, \u00e0 commencer par le gouvernement, sont engag\u00e9s dans une crise li\u00e9e \u00e0 des revendications l\u00e9gitimes des travailleurs. Des solutions idoines doivent \u00eatre rapidement mises en uvre, susceptibles d&rsquo;am\u00e9liorer durablement les conditions de vie et de travail des travailleurs et de tout le Peuple de Guin\u00e9e, sans remettre en question les n\u00e9cessaires \u00e9quilibres macro-\u00e9conomiques et les avanc\u00e9es en mati\u00e8re de croissance. A d\u00e9faut, l&rsquo;instabilit\u00e9 sociale et les crispations des uns et des autres pourraient conduire \u00e0 une situation pr\u00e9judiciable \u00e0 la paix sociale, aggravant les difficult\u00e9s de la vie au quotidien de tout le Peuple, en particulier les plus pauvres et les femmes vivant dans la pr\u00e9carit\u00e9, gelant ou bloquant les investissements des op\u00e9rateurs nationaux et \u00e9trangers dont nous avons tant besoin pour la relance \u00e9conomique et l&#8217;emploi de nos jeunes()<br \/>\nUne grande majorit\u00e9 de la classe politique a du mal \u00e0 trouver la solution aux probl\u00e8mes pos\u00e9s par des \u00e9lections communales contest\u00e9es et contestables. Le recours \u00e0 la rue dans cette situation de conflit social aggrave on le sait tous les risques de d\u00e9bordements, de violence, de destruction de biens et, h\u00e9las, de morts d&rsquo;hommes innocents. La crise politique est d&rsquo;abord la preuve, si besoin en \u00e9tait, de l&rsquo;incapacit\u00e9 des acteurs politiques majeurs \u00e0 accepter les principes et les r\u00e8gles du jeu D\u00e9mocratique encadr\u00e9s par les institutions r\u00e9publicaines dont nous nous sommes pourtant dot\u00e9s. A chaque comp\u00e9tition \u00e9lectorale, de la plus basique, par exemple au sein des organisations \u00e9conomiques, sociales et culturelles, aux \u00e9lections du plus haut niveau comme les pr\u00e9sidentielles, les l\u00e9gislatives et maintenant les communales, cette classe politique entre dans un cercle vicieux et vici\u00e9 de contestations des r\u00e9sultats suivies de propositions qui violent les lois et les institutions de la R\u00e9publique et, \u00e0 travers elles, la volont\u00e9 librement exprim\u00e9e du Peuple de Guin\u00e9e. En ce qui concerne les n\u00e9gociations de soi-disant \u00ab\u00a0sortie de crise\u00a0\u00bb des derni\u00e8res \u00e9lections communales, l&rsquo;exclusion du dialogue de repr\u00e9sentants d&rsquo;organisations ind\u00e9pendantes qui ont su s&rsquo;affirmer sur le champ politique et conqu\u00e9rir une partie significative et repr\u00e9sentative du suffrage populaire en est un exemple des plus patents. Des partis politiques ont ainsi pris en otage le suffrage populaire, ils ont pris en otage la d\u00e9mocratie, ils ont par cons\u00e9quent pris le Peuple de Guin\u00e9e en otage. Ce n&rsquo;est pas cela, la d\u00e9mocratie.\u00a0\u00bb Conseil le secr\u00e9taire g\u00e9n\u00e9ral par int\u00e9rim du PDG RDA<\/p>\n<p>&nbsp;<\/p>\n","protected":false},"excerpt":{"rendered":"<p>14 mai 1947 &#8211; 14 mai 2018 cela fait 71 ans depuis la cr\u00e9ation du Parti D\u00e9mocratique de Guin\u00e9e, R\u00e9volution D\u00e9mocratique Africaine PDG RDA. A loccasion de la c\u00e9l\u00e9bration de cette date anniversaire les responsables du parti du premi\u00e8r pr\u00e9sident guin\u00e9en Ahmed S\u00e9kou Tour\u00e9 ont organis\u00e9 une c\u00e9r\u00e9monie au si\u00e8ge dudit parti \u00e0 Donka o\u00f9 [&hellip;]<\/p>\n","protected":false},"author":16,"featured_media":25235,"comment_status":"closed","ping_status":"closed","sticky":false,"template":"","format":"standard","meta":{"_exactmetrics_skip_tracking":false,"_exactmetrics_sitenote_active":false,"_exactmetrics_sitenote_note":"","_exactmetrics_sitenote_category":0,"tdm_status":"","tdm_grid_status":"","footnotes":""},"categories":[14],"tags":[413],"class_list":{"0":"post-25234","1":"post","2":"type-post","3":"status-publish","4":"format-standard","5":"has-post-thumbnail","7":"category-politique","8":"tag-pdg-rda"},"yoast_head":"<!-- This site is optimized with the Yoast SEO plugin v24.2 - https:\/\/yoast.com\/wordpress\/plugins\/seo\/ -->\n<title>Le PDG RDA f\u00eate ses 71 ann\u00e9es dexistence sans Mohamed Tour\u00e9 | Guin\u00e9e Diversit\u00e9<\/title>\n<meta name=\"robots\" content=\"index, follow, max-snippet:-1, max-image-preview:large, max-video-preview:-1\" \/>\n<link rel=\"canonical\" href=\"https:\/\/guineediversite.com\/index.php\/2018\/05\/15\/le-pdg-rda-fete-ses-71-annees-dexistence-sans-mohamed-toure\/\" \/>\n<meta property=\"og:locale\" content=\"fr_FR\" \/>\n<meta property=\"og:type\" content=\"article\" \/>\n<meta property=\"og:title\" content=\"Le PDG RDA f\u00eate ses 71 ann\u00e9es dexistence sans Mohamed Tour\u00e9 | Guin\u00e9e Diversit\u00e9\" \/>\n<meta property=\"og:description\" content=\"14 mai 1947 &#8211; 14 mai 2018 cela fait 71 ans depuis la cr\u00e9ation du Parti D\u00e9mocratique de Guin\u00e9e, R\u00e9volution D\u00e9mocratique Africaine PDG RDA. A loccasion de la c\u00e9l\u00e9bration de cette date anniversaire les responsables du parti du premi\u00e8r pr\u00e9sident guin\u00e9en Ahmed S\u00e9kou Tour\u00e9 ont organis\u00e9 une c\u00e9r\u00e9monie au si\u00e8ge dudit parti \u00e0 Donka o\u00f9 [&hellip;]\" \/>\n<meta property=\"og:url\" content=\"https:\/\/guineediversite.com\/index.php\/2018\/05\/15\/le-pdg-rda-fete-ses-71-annees-dexistence-sans-mohamed-toure\/\" \/>\n<meta property=\"og:site_name\" content=\"Guin\u00e9e Diversit\u00e9\" \/>\n<meta property=\"article:publisher\" content=\"https:\/\/www.facebook.com\/guineediversite\/\" \/>\n<meta property=\"article:published_time\" content=\"2018-05-15T15:12:19+00:00\" \/>\n<meta property=\"og:image\" content=\"https:\/\/guineediversite.com\/wp-content\/uploads\/2018\/05\/4152018151047.jpg\" \/>\n\t<meta property=\"og:image:width\" content=\"1024\" \/>\n\t<meta property=\"og:image:height\" content=\"1024\" \/>\n\t<meta property=\"og:image:type\" content=\"image\/jpeg\" \/>\n<meta name=\"author\" content=\"Moussa Mo\u00efse K\u00e9ita\" \/>\n<meta name=\"twitter:card\" content=\"summary_large_image\" \/>\n<meta name=\"twitter:creator\" content=\"@GuineeDiversite\" \/>\n<meta name=\"twitter:site\" content=\"@GuineeDiversite\" \/>\n<meta name=\"twitter:label1\" content=\"\u00c9crit par\" \/>\n\t<meta name=\"twitter:data1\" content=\"Moussa Mo\u00efse K\u00e9ita\" \/>\n\t<meta name=\"twitter:label2\" content=\"Dur\u00e9e de lecture estim\u00e9e\" \/>\n\t<meta name=\"twitter:data2\" content=\"5 minutes\" \/>\n<script type=\"application\/ld+json\" class=\"yoast-schema-graph\">{\"@context\":\"https:\/\/schema.org\",\"@graph\":[{\"@type\":\"Article\",\"@id\":\"https:\/\/guineediversite.com\/index.php\/2018\/05\/15\/le-pdg-rda-fete-ses-71-annees-dexistence-sans-mohamed-toure\/#article\",\"isPartOf\":{\"@id\":\"https:\/\/guineediversite.com\/index.php\/2018\/05\/15\/le-pdg-rda-fete-ses-71-annees-dexistence-sans-mohamed-toure\/\"},\"author\":{\"name\":\"Moussa Mo\u00efse K\u00e9ita\",\"@id\":\"https:\/\/guineediversite.com\/#\/schema\/person\/079ec347f72d2acde4b56a50a4fd46dc\"},\"headline\":\"Le PDG RDA f\u00eate ses 71 ann\u00e9es dexistence sans Mohamed Tour\u00e9\",\"datePublished\":\"2018-05-15T15:12:19+00:00\",\"dateModified\":\"2018-05-15T15:12:19+00:00\",\"mainEntityOfPage\":{\"@id\":\"https:\/\/guineediversite.com\/index.php\/2018\/05\/15\/le-pdg-rda-fete-ses-71-annees-dexistence-sans-mohamed-toure\/\"},\"wordCount\":929,\"publisher\":{\"@id\":\"https:\/\/guineediversite.com\/#organization\"},\"image\":{\"@id\":\"https:\/\/guineediversite.com\/index.php\/2018\/05\/15\/le-pdg-rda-fete-ses-71-annees-dexistence-sans-mohamed-toure\/#primaryimage\"},\"thumbnailUrl\":\"https:\/\/guineediversite.com\/wp-content\/uploads\/2018\/05\/4152018151047.jpg\",\"keywords\":[\"Pdg rda\"],\"articleSection\":[\"Politique\"],\"inLanguage\":\"fr-FR\"},{\"@type\":\"WebPage\",\"@id\":\"https:\/\/guineediversite.com\/index.php\/2018\/05\/15\/le-pdg-rda-fete-ses-71-annees-dexistence-sans-mohamed-toure\/\",\"url\":\"https:\/\/guineediversite.com\/index.php\/2018\/05\/15\/le-pdg-rda-fete-ses-71-annees-dexistence-sans-mohamed-toure\/\",\"name\":\"Le PDG RDA f\u00eate ses 71 ann\u00e9es dexistence sans Mohamed Tour\u00e9 | Guin\u00e9e Diversit\u00e9\",\"isPartOf\":{\"@id\":\"https:\/\/guineediversite.com\/#website\"},\"primaryImageOfPage\":{\"@id\":\"https:\/\/guineediversite.com\/index.php\/2018\/05\/15\/le-pdg-rda-fete-ses-71-annees-dexistence-sans-mohamed-toure\/#primaryimage\"},\"image\":{\"@id\":\"https:\/\/guineediversite.com\/index.php\/2018\/05\/15\/le-pdg-rda-fete-ses-71-annees-dexistence-sans-mohamed-toure\/#primaryimage\"},\"thumbnailUrl\":\"https:\/\/guineediversite.com\/wp-content\/uploads\/2018\/05\/4152018151047.jpg\",\"datePublished\":\"2018-05-15T15:12:19+00:00\",\"dateModified\":\"2018-05-15T15:12:19+00:00\",\"breadcrumb\":{\"@id\":\"https:\/\/guineediversite.com\/index.php\/2018\/05\/15\/le-pdg-rda-fete-ses-71-annees-dexistence-sans-mohamed-toure\/#breadcrumb\"},\"inLanguage\":\"fr-FR\",\"potentialAction\":[{\"@type\":\"ReadAction\",\"target\":[\"https:\/\/guineediversite.com\/index.php\/2018\/05\/15\/le-pdg-rda-fete-ses-71-annees-dexistence-sans-mohamed-toure\/\"]}]},{\"@type\":\"ImageObject\",\"inLanguage\":\"fr-FR\",\"@id\":\"https:\/\/guineediversite.com\/index.php\/2018\/05\/15\/le-pdg-rda-fete-ses-71-annees-dexistence-sans-mohamed-toure\/#primaryimage\",\"url\":\"https:\/\/guineediversite.com\/wp-content\/uploads\/2018\/05\/4152018151047.jpg\",\"contentUrl\":\"https:\/\/guineediversite.com\/wp-content\/uploads\/2018\/05\/4152018151047.jpg\",\"width\":\"1024\",\"height\":\"1024\"},{\"@type\":\"BreadcrumbList\",\"@id\":\"https:\/\/guineediversite.com\/index.php\/2018\/05\/15\/le-pdg-rda-fete-ses-71-annees-dexistence-sans-mohamed-toure\/#breadcrumb\",\"itemListElement\":[{\"@type\":\"ListItem\",\"position\":1,\"name\":\"Accueil\",\"item\":\"https:\/\/guineediversite.com\/\"},{\"@type\":\"ListItem\",\"position\":2,\"name\":\"Le PDG RDA f\u00eate ses 71 ann\u00e9es dexistence sans Mohamed Tour\u00e9\"}]},{\"@type\":\"WebSite\",\"@id\":\"https:\/\/guineediversite.com\/#website\",\"url\":\"https:\/\/guineediversite.com\/\",\"name\":\"Guin\u00e9e Diversit\u00e9\",\"description\":\"L&#039;Info dans toute sa diversit\u00e9\",\"publisher\":{\"@id\":\"https:\/\/guineediversite.com\/#organization\"},\"potentialAction\":[{\"@type\":\"SearchAction\",\"target\":{\"@type\":\"EntryPoint\",\"urlTemplate\":\"https:\/\/guineediversite.com\/?s={search_term_string}\"},\"query-input\":{\"@type\":\"PropertyValueSpecification\",\"valueRequired\":true,\"valueName\":\"search_term_string\"}}],\"inLanguage\":\"fr-FR\"},{\"@type\":\"Organization\",\"@id\":\"https:\/\/guineediversite.com\/#organization\",\"name\":\"Guin\u00e9e Diversit\u00e9\",\"url\":\"https:\/\/guineediversite.com\/\",\"logo\":{\"@type\":\"ImageObject\",\"inLanguage\":\"fr-FR\",\"@id\":\"https:\/\/guineediversite.com\/#\/schema\/logo\/image\/\",\"url\":\"https:\/\/guineediversite.com\/wp-content\/uploads\/2017\/04\/cropped-1jojlxEOMkX9Wyqfhe43D6kjPOGqBBKmx3EwWJqZ0cMrFF54yM49.png\",\"contentUrl\":\"https:\/\/guineediversite.com\/wp-content\/uploads\/2017\/04\/cropped-1jojlxEOMkX9Wyqfhe43D6kjPOGqBBKmx3EwWJqZ0cMrFF54yM49.png\",\"width\":186,\"height\":112,\"caption\":\"Guin\u00e9e Diversit\u00e9\"},\"image\":{\"@id\":\"https:\/\/guineediversite.com\/#\/schema\/logo\/image\/\"},\"sameAs\":[\"https:\/\/www.facebook.com\/guineediversite\/\",\"https:\/\/x.com\/GuineeDiversite\",\"https:\/\/www.youtube.com\/channel\/UC8sUY16qelG5ge6_D5SB83g\"]},{\"@type\":\"Person\",\"@id\":\"https:\/\/guineediversite.com\/#\/schema\/person\/079ec347f72d2acde4b56a50a4fd46dc\",\"name\":\"Moussa Mo\u00efse K\u00e9ita\",\"image\":{\"@type\":\"ImageObject\",\"inLanguage\":\"fr-FR\",\"@id\":\"https:\/\/guineediversite.com\/#\/schema\/person\/image\/\",\"url\":\"https:\/\/secure.gravatar.com\/avatar\/edf1ea2cc01841e6c0b49384bcb1385b?s=96&d=mm&r=g\",\"contentUrl\":\"https:\/\/secure.gravatar.com\/avatar\/edf1ea2cc01841e6c0b49384bcb1385b?s=96&d=mm&r=g\",\"caption\":\"Moussa Mo\u00efse K\u00e9ita\"},\"url\":\"https:\/\/guineediversite.com\/index.php\/author\/moussa-moise\/\"}]}<\/script>\n<!-- \/ Yoast SEO plugin. -->","yoast_head_json":{"title":"Le PDG RDA f\u00eate ses 71 ann\u00e9es dexistence sans Mohamed Tour\u00e9 | Guin\u00e9e Diversit\u00e9","robots":{"index":"index","follow":"follow","max-snippet":"max-snippet:-1","max-image-preview":"max-image-preview:large","max-video-preview":"max-video-preview:-1"},"canonical":"https:\/\/guineediversite.com\/index.php\/2018\/05\/15\/le-pdg-rda-fete-ses-71-annees-dexistence-sans-mohamed-toure\/","og_locale":"fr_FR","og_type":"article","og_title":"Le PDG RDA f\u00eate ses 71 ann\u00e9es dexistence sans Mohamed Tour\u00e9 | Guin\u00e9e Diversit\u00e9","og_description":"14 mai 1947 &#8211; 14 mai 2018 cela fait 71 ans depuis la cr\u00e9ation du Parti D\u00e9mocratique de Guin\u00e9e, R\u00e9volution D\u00e9mocratique Africaine PDG RDA. A loccasion de la c\u00e9l\u00e9bration de cette date anniversaire les responsables du parti du premi\u00e8r pr\u00e9sident guin\u00e9en Ahmed S\u00e9kou Tour\u00e9 ont organis\u00e9 une c\u00e9r\u00e9monie au si\u00e8ge dudit parti \u00e0 Donka o\u00f9 [&hellip;]","og_url":"https:\/\/guineediversite.com\/index.php\/2018\/05\/15\/le-pdg-rda-fete-ses-71-annees-dexistence-sans-mohamed-toure\/","og_site_name":"Guin\u00e9e Diversit\u00e9","article_publisher":"https:\/\/www.facebook.com\/guineediversite\/","article_published_time":"2018-05-15T15:12:19+00:00","og_image":[{"width":1024,"height":1024,"url":"https:\/\/guineediversite.com\/wp-content\/uploads\/2018\/05\/4152018151047.jpg","type":"image\/jpeg"}],"author":"Moussa Mo\u00efse K\u00e9ita","twitter_card":"summary_large_image","twitter_creator":"@GuineeDiversite","twitter_site":"@GuineeDiversite","twitter_misc":{"\u00c9crit par":"Moussa Mo\u00efse K\u00e9ita","Dur\u00e9e de lecture estim\u00e9e":"5 minutes"},"schema":{"@context":"https:\/\/schema.org","@graph":[{"@type":"Article","@id":"https:\/\/guineediversite.com\/index.php\/2018\/05\/15\/le-pdg-rda-fete-ses-71-annees-dexistence-sans-mohamed-toure\/#article","isPartOf":{"@id":"https:\/\/guineediversite.com\/index.php\/2018\/05\/15\/le-pdg-rda-fete-ses-71-annees-dexistence-sans-mohamed-toure\/"},"author":{"name":"Moussa Mo\u00efse K\u00e9ita","@id":"https:\/\/guineediversite.com\/#\/schema\/person\/079ec347f72d2acde4b56a50a4fd46dc"},"headline":"Le PDG RDA f\u00eate ses 71 ann\u00e9es dexistence sans Mohamed Tour\u00e9","datePublished":"2018-05-15T15:12:19+00:00","dateModified":"2018-05-15T15:12:19+00:00","mainEntityOfPage":{"@id":"https:\/\/guineediversite.com\/index.php\/2018\/05\/15\/le-pdg-rda-fete-ses-71-annees-dexistence-sans-mohamed-toure\/"},"wordCount":929,"publisher":{"@id":"https:\/\/guineediversite.com\/#organization"},"image":{"@id":"https:\/\/guineediversite.com\/index.php\/2018\/05\/15\/le-pdg-rda-fete-ses-71-annees-dexistence-sans-mohamed-toure\/#primaryimage"},"thumbnailUrl":"https:\/\/guineediversite.com\/wp-content\/uploads\/2018\/05\/4152018151047.jpg","keywords":["Pdg rda"],"articleSection":["Politique"],"inLanguage":"fr-FR"},{"@type":"WebPage","@id":"https:\/\/guineediversite.com\/index.php\/2018\/05\/15\/le-pdg-rda-fete-ses-71-annees-dexistence-sans-mohamed-toure\/","url":"https:\/\/guineediversite.com\/index.php\/2018\/05\/15\/le-pdg-rda-fete-ses-71-annees-dexistence-sans-mohamed-toure\/","name":"Le PDG RDA f\u00eate ses 71 ann\u00e9es dexistence sans Mohamed Tour\u00e9 | Guin\u00e9e Diversit\u00e9","isPartOf":{"@id":"https:\/\/guineediversite.com\/#website"},"primaryImageOfPage":{"@id":"https:\/\/guineediversite.com\/index.php\/2018\/05\/15\/le-pdg-rda-fete-ses-71-annees-dexistence-sans-mohamed-toure\/#primaryimage"},"image":{"@id":"https:\/\/guineediversite.com\/index.php\/2018\/05\/15\/le-pdg-rda-fete-ses-71-annees-dexistence-sans-mohamed-toure\/#primaryimage"},"thumbnailUrl":"https:\/\/guineediversite.com\/wp-content\/uploads\/2018\/05\/4152018151047.jpg","datePublished":"2018-05-15T15:12:19+00:00","dateModified":"2018-05-15T15:12:19+00:00","breadcrumb":{"@id":"https:\/\/guineediversite.com\/index.php\/2018\/05\/15\/le-pdg-rda-fete-ses-71-annees-dexistence-sans-mohamed-toure\/#breadcrumb"},"inLanguage":"fr-FR","potentialAction":[{"@type":"ReadAction","target":["https:\/\/guineediversite.com\/index.php\/2018\/05\/15\/le-pdg-rda-fete-ses-71-annees-dexistence-sans-mohamed-toure\/"]}]},{"@type":"ImageObject","inLanguage":"fr-FR","@id":"https:\/\/guineediversite.com\/index.php\/2018\/05\/15\/le-pdg-rda-fete-ses-71-annees-dexistence-sans-mohamed-toure\/#primaryimage","url":"https:\/\/guineediversite.com\/wp-content\/uploads\/2018\/05\/4152018151047.jpg","contentUrl":"https:\/\/guineediversite.com\/wp-content\/uploads\/2018\/05\/4152018151047.jpg","width":"1024","height":"1024"},{"@type":"BreadcrumbList","@id":"https:\/\/guineediversite.com\/index.php\/2018\/05\/15\/le-pdg-rda-fete-ses-71-annees-dexistence-sans-mohamed-toure\/#breadcrumb","itemListElement":[{"@type":"ListItem","position":1,"name":"Accueil","item":"https:\/\/guineediversite.com\/"},{"@type":"ListItem","position":2,"name":"Le PDG RDA f\u00eate ses 71 ann\u00e9es dexistence sans Mohamed Tour\u00e9"}]},{"@type":"WebSite","@id":"https:\/\/guineediversite.com\/#website","url":"https:\/\/guineediversite.com\/","name":"Guin\u00e9e Diversit\u00e9","description":"L&#039;Info dans toute sa diversit\u00e9","publisher":{"@id":"https:\/\/guineediversite.com\/#organization"},"potentialAction":[{"@type":"SearchAction","target":{"@type":"EntryPoint","urlTemplate":"https:\/\/guineediversite.com\/?s={search_term_string}"},"query-input":{"@type":"PropertyValueSpecification","valueRequired":true,"valueName":"search_term_string"}}],"inLanguage":"fr-FR"},{"@type":"Organization","@id":"https:\/\/guineediversite.com\/#organization","name":"Guin\u00e9e Diversit\u00e9","url":"https:\/\/guineediversite.com\/","logo":{"@type":"ImageObject","inLanguage":"fr-FR","@id":"https:\/\/guineediversite.com\/#\/schema\/logo\/image\/","url":"https:\/\/guineediversite.com\/wp-content\/uploads\/2017\/04\/cropped-1jojlxEOMkX9Wyqfhe43D6kjPOGqBBKmx3EwWJqZ0cMrFF54yM49.png","contentUrl":"https:\/\/guineediversite.com\/wp-content\/uploads\/2017\/04\/cropped-1jojlxEOMkX9Wyqfhe43D6kjPOGqBBKmx3EwWJqZ0cMrFF54yM49.png","width":186,"height":112,"caption":"Guin\u00e9e Diversit\u00e9"},"image":{"@id":"https:\/\/guineediversite.com\/#\/schema\/logo\/image\/"},"sameAs":["https:\/\/www.facebook.com\/guineediversite\/","https:\/\/x.com\/GuineeDiversite","https:\/\/www.youtube.com\/channel\/UC8sUY16qelG5ge6_D5SB83g"]},{"@type":"Person","@id":"https:\/\/guineediversite.com\/#\/schema\/person\/079ec347f72d2acde4b56a50a4fd46dc","name":"Moussa Mo\u00efse K\u00e9ita","image":{"@type":"ImageObject","inLanguage":"fr-FR","@id":"https:\/\/guineediversite.com\/#\/schema\/person\/image\/","url":"https:\/\/secure.gravatar.com\/avatar\/edf1ea2cc01841e6c0b49384bcb1385b?s=96&d=mm&r=g","contentUrl":"https:\/\/secure.gravatar.com\/avatar\/edf1ea2cc01841e6c0b49384bcb1385b?s=96&d=mm&r=g","caption":"Moussa Mo\u00efse K\u00e9ita"},"url":"https:\/\/guineediversite.com\/index.php\/author\/moussa-moise\/"}]}},"_links":{"self":[{"href":"https:\/\/guineediversite.com\/index.php\/wp-json\/wp\/v2\/posts\/25234"}],"collection":[{"href":"https:\/\/guineediversite.com\/index.php\/wp-json\/wp\/v2\/posts"}],"about":[{"href":"https:\/\/guineediversite.com\/index.php\/wp-json\/wp\/v2\/types\/post"}],"author":[{"embeddable":true,"href":"https:\/\/guineediversite.com\/index.php\/wp-json\/wp\/v2\/users\/16"}],"replies":[{"embeddable":true,"href":"https:\/\/guineediversite.com\/index.php\/wp-json\/wp\/v2\/comments?post=25234"}],"version-history":[{"count":0,"href":"https:\/\/guineediversite.com\/index.php\/wp-json\/wp\/v2\/posts\/25234\/revisions"}],"wp:featuredmedia":[{"embeddable":true,"href":"https:\/\/guineediversite.com\/index.php\/wp-json\/wp\/v2\/media\/25235"}],"wp:attachment":[{"href":"https:\/\/guineediversite.com\/index.php\/wp-json\/wp\/v2\/media?parent=25234"}],"wp:term":[{"taxonomy":"category","embeddable":true,"href":"https:\/\/guineediversite.com\/index.php\/wp-json\/wp\/v2\/categories?post=25234"},{"taxonomy":"post_tag","embeddable":true,"href":"https:\/\/guineediversite.com\/index.php\/wp-json\/wp\/v2\/tags?post=25234"}],"curies":[{"name":"wp","href":"https:\/\/api.w.org\/{rel}","templated":true}]}}