{"id":25225,"date":"2018-05-14T20:56:45","date_gmt":"2018-05-14T18:56:45","guid":{"rendered":"https:\/\/guineediversite.com\/?p=25225"},"modified":"2018-05-15T13:40:04","modified_gmt":"2018-05-15T11:40:04","slug":"ville-morte-le-marche-madina-na-pas-suivi-le-mot-dordre","status":"publish","type":"post","link":"https:\/\/guineediversite.com\/index.php\/2018\/05\/14\/ville-morte-le-marche-madina-na-pas-suivi-le-mot-dordre\/","title":{"rendered":"Ville morte\/ le march\u00e9 Madina n\u2019a pas suivi le mot d\u2019ordre."},"content":{"rendered":"<p><b>L\u2019observation de la ville morte appel\u00e9e par l\u2019opposition r\u00e9publicaine n\u2019a pas \u00e9t\u00e9 suivie \u00e0 la lettre au grand march\u00e9 de Madina. Partout ou presque des boutiques et magasins sont rest\u00e9s ouvert et des affluences ont \u00e9t\u00e9 comme d\u2019habitude. <\/b><\/p>\n<p>La veille du mois saint de Ramadan n\u2019est pas propice pour une quelconque revendication, c\u2019est l\u2019argument avanc\u00e9 par ces citoyens rencontr\u00e9 au plus grand march\u00e9 du pays et la plupart d\u2019entre eux d\u00e9tenteur des boutiques et des magasins. Ils disent vivre du quotidien.<\/p>\n<p>\u00ab<i>Je ne partage pas cette id\u00e9e de ville morte, nous, nous vivons du quotidien, si on sort on mange et le contraire nos familles dormiront ventres vides. Je les conseils de trouver une autre strat\u00e9gie en ce mois de Ramadan<\/i>\u00bb, lance ce commer\u00e7ant qui a requis l\u2019anonymat.<\/p>\n<p>Assis devant sa boutique en attente d\u2019un premier client, Samba Sow dit ne pas s\u2019int\u00e9resser a la politique. Il estime que les politiciens sont tous anim\u00e9s par des int\u00e9r\u00eats \u00e9go\u00efstes.<\/p>\n<p>\u00ab <i>Je m\u2019int\u00e9resse pas \u00e0 la politique, parce que ces politiciens suivent leurs propre int\u00e9r\u00eat. Rester a la maison sans venir ici, d\u2019abord, tu vas t\u2019ennuyer si tu ne travail pas. Ici, m\u00eame si on ne gagne rien on pr\u00e9f\u00e8re venir car on pr\u00e9pare le mois b\u00e9ni qui est le ramadan, tout cela nous encourage de ne pas rester a la maison malgr\u00e9 tout<\/i>,\u00bb affirme ce commer\u00e7ant.<\/p>\n<p>Cet autre qui a requis l\u2019anonymat exprime sa pr\u00e9occupation relative au Ramadan \u00ab Pourquoi moi je n\u2019ai pas respect\u00e9 la ville morte en personne, c\u2019est parce que nous sommes a la veille du mois de ramadan et ce qui nous pr\u00e9occupent aujourd\u2019hui, c\u2019est comment pass\u00e9 le ramadan mais pas l\u2019affaire politique. C\u2019est cela ma plus grande pr\u00e9occupation. Nous nous sommes des musulmans et ce moment pr\u00e9cis, doit nous interpell\u00e9s \u00e0 la paix et a la qui\u00e9tude surtout chercher de quoi nourrir la famille pendant ce mois b\u00e9nis,\u00bb s\u2019est t-il inqui\u00e9t\u00e9.<\/p>\n<p>Ici au plus grand march\u00e9 du pays, la veille du mois de Ramadan sonne comme un moment de pr\u00e9paration. L\u2019id\u00e9e n\u2019est pas du tout \u00e0 la ville morte.<\/p>\n","protected":false},"excerpt":{"rendered":"<p>L\u2019observation de la ville morte appel\u00e9e par l\u2019opposition r\u00e9publicaine n\u2019a pas \u00e9t\u00e9 suivie \u00e0 la lettre au grand march\u00e9 de Madina. Partout ou presque des boutiques et magasins sont rest\u00e9s ouvert et des affluences ont \u00e9t\u00e9 comme d\u2019habitude. La veille du mois saint de Ramadan n\u2019est pas propice pour une quelconque revendication, c\u2019est l\u2019argument avanc\u00e9 [&hellip;]<\/p>\n","protected":false},"author":16,"featured_media":25226,"comment_status":"closed","ping_status":"closed","sticky":false,"template":"","format":"standard","meta":{"_exactmetrics_skip_tracking":false,"_exactmetrics_sitenote_active":false,"_exactmetrics_sitenote_note":"","_exactmetrics_sitenote_category":0,"tdm_status":"","tdm_grid_status":"","footnotes":""},"categories":[14],"tags":[],"class_list":{"0":"post-25225","1":"post","2":"type-post","3":"status-publish","4":"format-standard","5":"has-post-thumbnail","7":"category-politique"},"yoast_head":"<!-- This site is optimized with the Yoast SEO plugin v24.2 - https:\/\/yoast.com\/wordpress\/plugins\/seo\/ -->\n<title>Ville morte\/ le march\u00e9 Madina n\u2019a pas suivi le mot d\u2019ordre. | Guin\u00e9e Diversit\u00e9<\/title>\n<meta name=\"robots\" content=\"index, follow, max-snippet:-1, max-image-preview:large, max-video-preview:-1\" \/>\n<link rel=\"canonical\" href=\"https:\/\/guineediversite.com\/index.php\/2018\/05\/14\/ville-morte-le-marche-madina-na-pas-suivi-le-mot-dordre\/\" \/>\n<meta property=\"og:locale\" content=\"fr_FR\" \/>\n<meta property=\"og:type\" content=\"article\" \/>\n<meta property=\"og:title\" content=\"Ville morte\/ le march\u00e9 Madina n\u2019a pas suivi le mot d\u2019ordre. | Guin\u00e9e Diversit\u00e9\" \/>\n<meta property=\"og:description\" content=\"L\u2019observation de la ville morte appel\u00e9e par l\u2019opposition r\u00e9publicaine n\u2019a pas \u00e9t\u00e9 suivie \u00e0 la lettre au grand march\u00e9 de Madina. Partout ou presque des boutiques et magasins sont rest\u00e9s ouvert et des affluences ont \u00e9t\u00e9 comme d\u2019habitude. La veille du mois saint de Ramadan n\u2019est pas propice pour une quelconque revendication, c\u2019est l\u2019argument avanc\u00e9 [&hellip;]\" \/>\n<meta property=\"og:url\" content=\"https:\/\/guineediversite.com\/index.php\/2018\/05\/14\/ville-morte-le-marche-madina-na-pas-suivi-le-mot-dordre\/\" \/>\n<meta property=\"og:site_name\" content=\"Guin\u00e9e Diversit\u00e9\" \/>\n<meta property=\"article:publisher\" content=\"https:\/\/www.facebook.com\/guineediversite\/\" \/>\n<meta property=\"article:published_time\" content=\"2018-05-14T18:56:45+00:00\" \/>\n<meta property=\"article:modified_time\" content=\"2018-05-15T11:40:04+00:00\" \/>\n<meta property=\"og:image\" content=\"https:\/\/guineediversite.com\/wp-content\/uploads\/2018\/05\/32336912_2030076090587499_5787991489657176064_n.jpg\" \/>\n\t<meta property=\"og:image:width\" content=\"3840\" \/>\n\t<meta property=\"og:image:height\" content=\"2880\" \/>\n\t<meta property=\"og:image:type\" content=\"image\/jpeg\" \/>\n<meta name=\"author\" content=\"Moussa Mo\u00efse K\u00e9ita\" \/>\n<meta name=\"twitter:card\" content=\"summary_large_image\" \/>\n<meta name=\"twitter:creator\" content=\"@GuineeDiversite\" \/>\n<meta name=\"twitter:site\" content=\"@GuineeDiversite\" \/>\n<meta name=\"twitter:label1\" content=\"\u00c9crit par\" \/>\n\t<meta name=\"twitter:data1\" content=\"Moussa Mo\u00efse K\u00e9ita\" \/>\n\t<meta name=\"twitter:label2\" content=\"Dur\u00e9e de lecture estim\u00e9e\" \/>\n\t<meta name=\"twitter:data2\" content=\"2 minutes\" \/>\n<script type=\"application\/ld+json\" class=\"yoast-schema-graph\">{\"@context\":\"https:\/\/schema.org\",\"@graph\":[{\"@type\":\"Article\",\"@id\":\"https:\/\/guineediversite.com\/index.php\/2018\/05\/14\/ville-morte-le-marche-madina-na-pas-suivi-le-mot-dordre\/#article\",\"isPartOf\":{\"@id\":\"https:\/\/guineediversite.com\/index.php\/2018\/05\/14\/ville-morte-le-marche-madina-na-pas-suivi-le-mot-dordre\/\"},\"author\":{\"name\":\"Moussa Mo\u00efse K\u00e9ita\",\"@id\":\"https:\/\/guineediversite.com\/#\/schema\/person\/079ec347f72d2acde4b56a50a4fd46dc\"},\"headline\":\"Ville morte\/ le march\u00e9 Madina n\u2019a pas suivi le mot d\u2019ordre.\",\"datePublished\":\"2018-05-14T18:56:45+00:00\",\"dateModified\":\"2018-05-15T11:40:04+00:00\",\"mainEntityOfPage\":{\"@id\":\"https:\/\/guineediversite.com\/index.php\/2018\/05\/14\/ville-morte-le-marche-madina-na-pas-suivi-le-mot-dordre\/\"},\"wordCount\":405,\"publisher\":{\"@id\":\"https:\/\/guineediversite.com\/#organization\"},\"image\":{\"@id\":\"https:\/\/guineediversite.com\/index.php\/2018\/05\/14\/ville-morte-le-marche-madina-na-pas-suivi-le-mot-dordre\/#primaryimage\"},\"thumbnailUrl\":\"https:\/\/guineediversite.com\/wp-content\/uploads\/2018\/05\/32336912_2030076090587499_5787991489657176064_n.jpg\",\"articleSection\":[\"Politique\"],\"inLanguage\":\"fr-FR\"},{\"@type\":\"WebPage\",\"@id\":\"https:\/\/guineediversite.com\/index.php\/2018\/05\/14\/ville-morte-le-marche-madina-na-pas-suivi-le-mot-dordre\/\",\"url\":\"https:\/\/guineediversite.com\/index.php\/2018\/05\/14\/ville-morte-le-marche-madina-na-pas-suivi-le-mot-dordre\/\",\"name\":\"Ville morte\/ le march\u00e9 Madina n\u2019a pas suivi le mot d\u2019ordre. | Guin\u00e9e Diversit\u00e9\",\"isPartOf\":{\"@id\":\"https:\/\/guineediversite.com\/#website\"},\"primaryImageOfPage\":{\"@id\":\"https:\/\/guineediversite.com\/index.php\/2018\/05\/14\/ville-morte-le-marche-madina-na-pas-suivi-le-mot-dordre\/#primaryimage\"},\"image\":{\"@id\":\"https:\/\/guineediversite.com\/index.php\/2018\/05\/14\/ville-morte-le-marche-madina-na-pas-suivi-le-mot-dordre\/#primaryimage\"},\"thumbnailUrl\":\"https:\/\/guineediversite.com\/wp-content\/uploads\/2018\/05\/32336912_2030076090587499_5787991489657176064_n.jpg\",\"datePublished\":\"2018-05-14T18:56:45+00:00\",\"dateModified\":\"2018-05-15T11:40:04+00:00\",\"breadcrumb\":{\"@id\":\"https:\/\/guineediversite.com\/index.php\/2018\/05\/14\/ville-morte-le-marche-madina-na-pas-suivi-le-mot-dordre\/#breadcrumb\"},\"inLanguage\":\"fr-FR\",\"potentialAction\":[{\"@type\":\"ReadAction\",\"target\":[\"https:\/\/guineediversite.com\/index.php\/2018\/05\/14\/ville-morte-le-marche-madina-na-pas-suivi-le-mot-dordre\/\"]}]},{\"@type\":\"ImageObject\",\"inLanguage\":\"fr-FR\",\"@id\":\"https:\/\/guineediversite.com\/index.php\/2018\/05\/14\/ville-morte-le-marche-madina-na-pas-suivi-le-mot-dordre\/#primaryimage\",\"url\":\"https:\/\/guineediversite.com\/wp-content\/uploads\/2018\/05\/32336912_2030076090587499_5787991489657176064_n.jpg\",\"contentUrl\":\"https:\/\/guineediversite.com\/wp-content\/uploads\/2018\/05\/32336912_2030076090587499_5787991489657176064_n.jpg\",\"width\":\"3840\",\"height\":\"2880\"},{\"@type\":\"BreadcrumbList\",\"@id\":\"https:\/\/guineediversite.com\/index.php\/2018\/05\/14\/ville-morte-le-marche-madina-na-pas-suivi-le-mot-dordre\/#breadcrumb\",\"itemListElement\":[{\"@type\":\"ListItem\",\"position\":1,\"name\":\"Accueil\",\"item\":\"https:\/\/guineediversite.com\/\"},{\"@type\":\"ListItem\",\"position\":2,\"name\":\"Ville morte\/ le march\u00e9 Madina n\u2019a pas suivi le mot d\u2019ordre.\"}]},{\"@type\":\"WebSite\",\"@id\":\"https:\/\/guineediversite.com\/#website\",\"url\":\"https:\/\/guineediversite.com\/\",\"name\":\"Guin\u00e9e Diversit\u00e9\",\"description\":\"L&#039;Info dans toute sa diversit\u00e9\",\"publisher\":{\"@id\":\"https:\/\/guineediversite.com\/#organization\"},\"potentialAction\":[{\"@type\":\"SearchAction\",\"target\":{\"@type\":\"EntryPoint\",\"urlTemplate\":\"https:\/\/guineediversite.com\/?s={search_term_string}\"},\"query-input\":{\"@type\":\"PropertyValueSpecification\",\"valueRequired\":true,\"valueName\":\"search_term_string\"}}],\"inLanguage\":\"fr-FR\"},{\"@type\":\"Organization\",\"@id\":\"https:\/\/guineediversite.com\/#organization\",\"name\":\"Guin\u00e9e Diversit\u00e9\",\"url\":\"https:\/\/guineediversite.com\/\",\"logo\":{\"@type\":\"ImageObject\",\"inLanguage\":\"fr-FR\",\"@id\":\"https:\/\/guineediversite.com\/#\/schema\/logo\/image\/\",\"url\":\"https:\/\/guineediversite.com\/wp-content\/uploads\/2017\/04\/cropped-1jojlxEOMkX9Wyqfhe43D6kjPOGqBBKmx3EwWJqZ0cMrFF54yM49.png\",\"contentUrl\":\"https:\/\/guineediversite.com\/wp-content\/uploads\/2017\/04\/cropped-1jojlxEOMkX9Wyqfhe43D6kjPOGqBBKmx3EwWJqZ0cMrFF54yM49.png\",\"width\":186,\"height\":112,\"caption\":\"Guin\u00e9e Diversit\u00e9\"},\"image\":{\"@id\":\"https:\/\/guineediversite.com\/#\/schema\/logo\/image\/\"},\"sameAs\":[\"https:\/\/www.facebook.com\/guineediversite\/\",\"https:\/\/x.com\/GuineeDiversite\",\"https:\/\/www.youtube.com\/channel\/UC8sUY16qelG5ge6_D5SB83g\"]},{\"@type\":\"Person\",\"@id\":\"https:\/\/guineediversite.com\/#\/schema\/person\/079ec347f72d2acde4b56a50a4fd46dc\",\"name\":\"Moussa Mo\u00efse K\u00e9ita\",\"image\":{\"@type\":\"ImageObject\",\"inLanguage\":\"fr-FR\",\"@id\":\"https:\/\/guineediversite.com\/#\/schema\/person\/image\/\",\"url\":\"https:\/\/secure.gravatar.com\/avatar\/edf1ea2cc01841e6c0b49384bcb1385b?s=96&d=mm&r=g\",\"contentUrl\":\"https:\/\/secure.gravatar.com\/avatar\/edf1ea2cc01841e6c0b49384bcb1385b?s=96&d=mm&r=g\",\"caption\":\"Moussa Mo\u00efse K\u00e9ita\"},\"url\":\"https:\/\/guineediversite.com\/index.php\/author\/moussa-moise\/\"}]}<\/script>\n<!-- \/ Yoast SEO plugin. -->","yoast_head_json":{"title":"Ville morte\/ le march\u00e9 Madina n\u2019a pas suivi le mot d\u2019ordre. | Guin\u00e9e Diversit\u00e9","robots":{"index":"index","follow":"follow","max-snippet":"max-snippet:-1","max-image-preview":"max-image-preview:large","max-video-preview":"max-video-preview:-1"},"canonical":"https:\/\/guineediversite.com\/index.php\/2018\/05\/14\/ville-morte-le-marche-madina-na-pas-suivi-le-mot-dordre\/","og_locale":"fr_FR","og_type":"article","og_title":"Ville morte\/ le march\u00e9 Madina n\u2019a pas suivi le mot d\u2019ordre. | Guin\u00e9e Diversit\u00e9","og_description":"L\u2019observation de la ville morte appel\u00e9e par l\u2019opposition r\u00e9publicaine n\u2019a pas \u00e9t\u00e9 suivie \u00e0 la lettre au grand march\u00e9 de Madina. Partout ou presque des boutiques et magasins sont rest\u00e9s ouvert et des affluences ont \u00e9t\u00e9 comme d\u2019habitude. La veille du mois saint de Ramadan n\u2019est pas propice pour une quelconque revendication, c\u2019est l\u2019argument avanc\u00e9 [&hellip;]","og_url":"https:\/\/guineediversite.com\/index.php\/2018\/05\/14\/ville-morte-le-marche-madina-na-pas-suivi-le-mot-dordre\/","og_site_name":"Guin\u00e9e Diversit\u00e9","article_publisher":"https:\/\/www.facebook.com\/guineediversite\/","article_published_time":"2018-05-14T18:56:45+00:00","article_modified_time":"2018-05-15T11:40:04+00:00","og_image":[{"width":3840,"height":2880,"url":"https:\/\/guineediversite.com\/wp-content\/uploads\/2018\/05\/32336912_2030076090587499_5787991489657176064_n.jpg","type":"image\/jpeg"}],"author":"Moussa Mo\u00efse K\u00e9ita","twitter_card":"summary_large_image","twitter_creator":"@GuineeDiversite","twitter_site":"@GuineeDiversite","twitter_misc":{"\u00c9crit par":"Moussa Mo\u00efse K\u00e9ita","Dur\u00e9e de lecture estim\u00e9e":"2 minutes"},"schema":{"@context":"https:\/\/schema.org","@graph":[{"@type":"Article","@id":"https:\/\/guineediversite.com\/index.php\/2018\/05\/14\/ville-morte-le-marche-madina-na-pas-suivi-le-mot-dordre\/#article","isPartOf":{"@id":"https:\/\/guineediversite.com\/index.php\/2018\/05\/14\/ville-morte-le-marche-madina-na-pas-suivi-le-mot-dordre\/"},"author":{"name":"Moussa Mo\u00efse K\u00e9ita","@id":"https:\/\/guineediversite.com\/#\/schema\/person\/079ec347f72d2acde4b56a50a4fd46dc"},"headline":"Ville morte\/ le march\u00e9 Madina n\u2019a pas suivi le mot d\u2019ordre.","datePublished":"2018-05-14T18:56:45+00:00","dateModified":"2018-05-15T11:40:04+00:00","mainEntityOfPage":{"@id":"https:\/\/guineediversite.com\/index.php\/2018\/05\/14\/ville-morte-le-marche-madina-na-pas-suivi-le-mot-dordre\/"},"wordCount":405,"publisher":{"@id":"https:\/\/guineediversite.com\/#organization"},"image":{"@id":"https:\/\/guineediversite.com\/index.php\/2018\/05\/14\/ville-morte-le-marche-madina-na-pas-suivi-le-mot-dordre\/#primaryimage"},"thumbnailUrl":"https:\/\/guineediversite.com\/wp-content\/uploads\/2018\/05\/32336912_2030076090587499_5787991489657176064_n.jpg","articleSection":["Politique"],"inLanguage":"fr-FR"},{"@type":"WebPage","@id":"https:\/\/guineediversite.com\/index.php\/2018\/05\/14\/ville-morte-le-marche-madina-na-pas-suivi-le-mot-dordre\/","url":"https:\/\/guineediversite.com\/index.php\/2018\/05\/14\/ville-morte-le-marche-madina-na-pas-suivi-le-mot-dordre\/","name":"Ville morte\/ le march\u00e9 Madina n\u2019a pas suivi le mot d\u2019ordre. | Guin\u00e9e Diversit\u00e9","isPartOf":{"@id":"https:\/\/guineediversite.com\/#website"},"primaryImageOfPage":{"@id":"https:\/\/guineediversite.com\/index.php\/2018\/05\/14\/ville-morte-le-marche-madina-na-pas-suivi-le-mot-dordre\/#primaryimage"},"image":{"@id":"https:\/\/guineediversite.com\/index.php\/2018\/05\/14\/ville-morte-le-marche-madina-na-pas-suivi-le-mot-dordre\/#primaryimage"},"thumbnailUrl":"https:\/\/guineediversite.com\/wp-content\/uploads\/2018\/05\/32336912_2030076090587499_5787991489657176064_n.jpg","datePublished":"2018-05-14T18:56:45+00:00","dateModified":"2018-05-15T11:40:04+00:00","breadcrumb":{"@id":"https:\/\/guineediversite.com\/index.php\/2018\/05\/14\/ville-morte-le-marche-madina-na-pas-suivi-le-mot-dordre\/#breadcrumb"},"inLanguage":"fr-FR","potentialAction":[{"@type":"ReadAction","target":["https:\/\/guineediversite.com\/index.php\/2018\/05\/14\/ville-morte-le-marche-madina-na-pas-suivi-le-mot-dordre\/"]}]},{"@type":"ImageObject","inLanguage":"fr-FR","@id":"https:\/\/guineediversite.com\/index.php\/2018\/05\/14\/ville-morte-le-marche-madina-na-pas-suivi-le-mot-dordre\/#primaryimage","url":"https:\/\/guineediversite.com\/wp-content\/uploads\/2018\/05\/32336912_2030076090587499_5787991489657176064_n.jpg","contentUrl":"https:\/\/guineediversite.com\/wp-content\/uploads\/2018\/05\/32336912_2030076090587499_5787991489657176064_n.jpg","width":"3840","height":"2880"},{"@type":"BreadcrumbList","@id":"https:\/\/guineediversite.com\/index.php\/2018\/05\/14\/ville-morte-le-marche-madina-na-pas-suivi-le-mot-dordre\/#breadcrumb","itemListElement":[{"@type":"ListItem","position":1,"name":"Accueil","item":"https:\/\/guineediversite.com\/"},{"@type":"ListItem","position":2,"name":"Ville morte\/ le march\u00e9 Madina n\u2019a pas suivi le mot d\u2019ordre."}]},{"@type":"WebSite","@id":"https:\/\/guineediversite.com\/#website","url":"https:\/\/guineediversite.com\/","name":"Guin\u00e9e Diversit\u00e9","description":"L&#039;Info dans toute sa diversit\u00e9","publisher":{"@id":"https:\/\/guineediversite.com\/#organization"},"potentialAction":[{"@type":"SearchAction","target":{"@type":"EntryPoint","urlTemplate":"https:\/\/guineediversite.com\/?s={search_term_string}"},"query-input":{"@type":"PropertyValueSpecification","valueRequired":true,"valueName":"search_term_string"}}],"inLanguage":"fr-FR"},{"@type":"Organization","@id":"https:\/\/guineediversite.com\/#organization","name":"Guin\u00e9e Diversit\u00e9","url":"https:\/\/guineediversite.com\/","logo":{"@type":"ImageObject","inLanguage":"fr-FR","@id":"https:\/\/guineediversite.com\/#\/schema\/logo\/image\/","url":"https:\/\/guineediversite.com\/wp-content\/uploads\/2017\/04\/cropped-1jojlxEOMkX9Wyqfhe43D6kjPOGqBBKmx3EwWJqZ0cMrFF54yM49.png","contentUrl":"https:\/\/guineediversite.com\/wp-content\/uploads\/2017\/04\/cropped-1jojlxEOMkX9Wyqfhe43D6kjPOGqBBKmx3EwWJqZ0cMrFF54yM49.png","width":186,"height":112,"caption":"Guin\u00e9e Diversit\u00e9"},"image":{"@id":"https:\/\/guineediversite.com\/#\/schema\/logo\/image\/"},"sameAs":["https:\/\/www.facebook.com\/guineediversite\/","https:\/\/x.com\/GuineeDiversite","https:\/\/www.youtube.com\/channel\/UC8sUY16qelG5ge6_D5SB83g"]},{"@type":"Person","@id":"https:\/\/guineediversite.com\/#\/schema\/person\/079ec347f72d2acde4b56a50a4fd46dc","name":"Moussa Mo\u00efse K\u00e9ita","image":{"@type":"ImageObject","inLanguage":"fr-FR","@id":"https:\/\/guineediversite.com\/#\/schema\/person\/image\/","url":"https:\/\/secure.gravatar.com\/avatar\/edf1ea2cc01841e6c0b49384bcb1385b?s=96&d=mm&r=g","contentUrl":"https:\/\/secure.gravatar.com\/avatar\/edf1ea2cc01841e6c0b49384bcb1385b?s=96&d=mm&r=g","caption":"Moussa Mo\u00efse K\u00e9ita"},"url":"https:\/\/guineediversite.com\/index.php\/author\/moussa-moise\/"}]}},"_links":{"self":[{"href":"https:\/\/guineediversite.com\/index.php\/wp-json\/wp\/v2\/posts\/25225"}],"collection":[{"href":"https:\/\/guineediversite.com\/index.php\/wp-json\/wp\/v2\/posts"}],"about":[{"href":"https:\/\/guineediversite.com\/index.php\/wp-json\/wp\/v2\/types\/post"}],"author":[{"embeddable":true,"href":"https:\/\/guineediversite.com\/index.php\/wp-json\/wp\/v2\/users\/16"}],"replies":[{"embeddable":true,"href":"https:\/\/guineediversite.com\/index.php\/wp-json\/wp\/v2\/comments?post=25225"}],"version-history":[{"count":0,"href":"https:\/\/guineediversite.com\/index.php\/wp-json\/wp\/v2\/posts\/25225\/revisions"}],"wp:featuredmedia":[{"embeddable":true,"href":"https:\/\/guineediversite.com\/index.php\/wp-json\/wp\/v2\/media\/25226"}],"wp:attachment":[{"href":"https:\/\/guineediversite.com\/index.php\/wp-json\/wp\/v2\/media?parent=25225"}],"wp:term":[{"taxonomy":"category","embeddable":true,"href":"https:\/\/guineediversite.com\/index.php\/wp-json\/wp\/v2\/categories?post=25225"},{"taxonomy":"post_tag","embeddable":true,"href":"https:\/\/guineediversite.com\/index.php\/wp-json\/wp\/v2\/tags?post=25225"}],"curies":[{"name":"wp","href":"https:\/\/api.w.org\/{rel}","templated":true}]}}