{"id":25222,"date":"2018-05-14T20:15:02","date_gmt":"2018-05-14T18:15:02","guid":{"rendered":"https:\/\/guineediversite.com\/?p=25222"},"modified":"2018-05-15T16:19:36","modified_gmt":"2018-05-15T14:19:36","slug":"page-noire-linternational-cadet-guineen-abdoulaye-doumbouya-est-mort","status":"publish","type":"post","link":"https:\/\/guineediversite.com\/index.php\/2018\/05\/14\/page-noire-linternational-cadet-guineen-abdoulaye-doumbouya-est-mort\/","title":{"rendered":"Page Noire : L\u2019international Cadet guin\u00e9en Abdoulaye Doumbouya est mort"},"content":{"rendered":"<p><strong>Une triste nouvelle pour la famille sportive guin\u00e9enne. Abdoulaye Doumbouya ex gardien du syli cadet est d\u00e9c\u00e9d\u00e9 cette nuit dans un accident de circulation qui s\u2019est produit \u00e0 Kissosso.<\/strong><\/p>\n<p>Soci\u00e9taire des El\u00e9phants de Col\u00e9ah, Abdoulaye Doumbouya faisait partie des cadets guin\u00e9ens qui ont disput\u00e9 la CAN U17 au Gabon en 2017 et la coupe du monde de cette cat\u00e9gorie en Inde la m\u00eame ann\u00e9e.<\/p>\n<p>La r\u00e9daction de Guineediversite.com pr\u00e9sente ses condol\u00e9ances \u00e0 la famille biologique d\u2019Abdoulaye Doumbouya et \u00e0 toute la famille sportive guin\u00e9enne.<\/p>\n","protected":false},"excerpt":{"rendered":"<p>Une triste nouvelle pour la famille sportive guin\u00e9enne. Abdoulaye Doumbouya ex gardien du syli cadet est d\u00e9c\u00e9d\u00e9 cette nuit dans un accident de circulation qui s\u2019est produit \u00e0 Kissosso. Soci\u00e9taire des El\u00e9phants de Col\u00e9ah, Abdoulaye Doumbouya faisait partie des cadets guin\u00e9ens qui ont disput\u00e9 la CAN U17 au Gabon en 2017 et la coupe du [&hellip;]<\/p>\n","protected":false},"author":7,"featured_media":25223,"comment_status":"closed","ping_status":"closed","sticky":false,"template":"","format":"standard","meta":{"_exactmetrics_skip_tracking":false,"_exactmetrics_sitenote_active":false,"_exactmetrics_sitenote_note":"","_exactmetrics_sitenote_category":0,"tdm_status":"","tdm_grid_status":"","footnotes":""},"categories":[16,18],"tags":[],"class_list":{"0":"post-25222","1":"post","2":"type-post","3":"status-publish","4":"format-standard","5":"has-post-thumbnail","7":"category-societe","8":"category-sport"},"yoast_head":"<!-- This site is optimized with the Yoast SEO plugin v24.2 - https:\/\/yoast.com\/wordpress\/plugins\/seo\/ -->\n<title>Page Noire : L\u2019international Cadet guin\u00e9en Abdoulaye Doumbouya est mort | Guin\u00e9e Diversit\u00e9<\/title>\n<meta name=\"robots\" content=\"index, follow, max-snippet:-1, max-image-preview:large, max-video-preview:-1\" \/>\n<link rel=\"canonical\" href=\"https:\/\/guineediversite.com\/index.php\/2018\/05\/14\/page-noire-linternational-cadet-guineen-abdoulaye-doumbouya-est-mort\/\" \/>\n<meta property=\"og:locale\" content=\"fr_FR\" \/>\n<meta property=\"og:type\" content=\"article\" \/>\n<meta property=\"og:title\" content=\"Page Noire : L\u2019international Cadet guin\u00e9en Abdoulaye Doumbouya est mort | Guin\u00e9e Diversit\u00e9\" \/>\n<meta property=\"og:description\" content=\"Une triste nouvelle pour la famille sportive guin\u00e9enne. Abdoulaye Doumbouya ex gardien du syli cadet est d\u00e9c\u00e9d\u00e9 cette nuit dans un accident de circulation qui s\u2019est produit \u00e0 Kissosso. Soci\u00e9taire des El\u00e9phants de Col\u00e9ah, Abdoulaye Doumbouya faisait partie des cadets guin\u00e9ens qui ont disput\u00e9 la CAN U17 au Gabon en 2017 et la coupe du [&hellip;]\" \/>\n<meta property=\"og:url\" content=\"https:\/\/guineediversite.com\/index.php\/2018\/05\/14\/page-noire-linternational-cadet-guineen-abdoulaye-doumbouya-est-mort\/\" \/>\n<meta property=\"og:site_name\" content=\"Guin\u00e9e Diversit\u00e9\" \/>\n<meta property=\"article:publisher\" content=\"https:\/\/www.facebook.com\/guineediversite\/\" \/>\n<meta property=\"article:published_time\" content=\"2018-05-14T18:15:02+00:00\" \/>\n<meta property=\"article:modified_time\" content=\"2018-05-15T14:19:36+00:00\" \/>\n<meta property=\"og:image\" content=\"https:\/\/guineediversite.com\/wp-content\/uploads\/2018\/05\/99A8478B-193F-487E-8ABD-EE295CDE7A75.jpeg\" \/>\n\t<meta property=\"og:image:width\" content=\"2808\" \/>\n\t<meta property=\"og:image:height\" content=\"3136\" \/>\n\t<meta property=\"og:image:type\" content=\"image\/jpeg\" \/>\n<meta name=\"author\" content=\"Bilguissa Diallo\" \/>\n<meta name=\"twitter:card\" content=\"summary_large_image\" \/>\n<meta name=\"twitter:creator\" content=\"@GuineeDiversite\" \/>\n<meta name=\"twitter:site\" content=\"@GuineeDiversite\" \/>\n<meta name=\"twitter:label1\" content=\"\u00c9crit par\" \/>\n\t<meta name=\"twitter:data1\" content=\"Bilguissa Diallo\" \/>\n<script type=\"application\/ld+json\" class=\"yoast-schema-graph\">{\"@context\":\"https:\/\/schema.org\",\"@graph\":[{\"@type\":\"Article\",\"@id\":\"https:\/\/guineediversite.com\/index.php\/2018\/05\/14\/page-noire-linternational-cadet-guineen-abdoulaye-doumbouya-est-mort\/#article\",\"isPartOf\":{\"@id\":\"https:\/\/guineediversite.com\/index.php\/2018\/05\/14\/page-noire-linternational-cadet-guineen-abdoulaye-doumbouya-est-mort\/\"},\"author\":{\"name\":\"Bilguissa Diallo\",\"@id\":\"https:\/\/guineediversite.com\/#\/schema\/person\/0e0e3e424768a50d025ac2218ccca73f\"},\"headline\":\"Page Noire : L\u2019international Cadet guin\u00e9en Abdoulaye Doumbouya est mort\",\"datePublished\":\"2018-05-14T18:15:02+00:00\",\"dateModified\":\"2018-05-15T14:19:36+00:00\",\"mainEntityOfPage\":{\"@id\":\"https:\/\/guineediversite.com\/index.php\/2018\/05\/14\/page-noire-linternational-cadet-guineen-abdoulaye-doumbouya-est-mort\/\"},\"wordCount\":108,\"publisher\":{\"@id\":\"https:\/\/guineediversite.com\/#organization\"},\"image\":{\"@id\":\"https:\/\/guineediversite.com\/index.php\/2018\/05\/14\/page-noire-linternational-cadet-guineen-abdoulaye-doumbouya-est-mort\/#primaryimage\"},\"thumbnailUrl\":\"https:\/\/guineediversite.com\/wp-content\/uploads\/2018\/05\/99A8478B-193F-487E-8ABD-EE295CDE7A75.jpeg\",\"articleSection\":[\"Soci\u00e9t\u00e9\",\"Sport\"],\"inLanguage\":\"fr-FR\"},{\"@type\":\"WebPage\",\"@id\":\"https:\/\/guineediversite.com\/index.php\/2018\/05\/14\/page-noire-linternational-cadet-guineen-abdoulaye-doumbouya-est-mort\/\",\"url\":\"https:\/\/guineediversite.com\/index.php\/2018\/05\/14\/page-noire-linternational-cadet-guineen-abdoulaye-doumbouya-est-mort\/\",\"name\":\"Page Noire : L\u2019international Cadet guin\u00e9en Abdoulaye Doumbouya est mort | Guin\u00e9e Diversit\u00e9\",\"isPartOf\":{\"@id\":\"https:\/\/guineediversite.com\/#website\"},\"primaryImageOfPage\":{\"@id\":\"https:\/\/guineediversite.com\/index.php\/2018\/05\/14\/page-noire-linternational-cadet-guineen-abdoulaye-doumbouya-est-mort\/#primaryimage\"},\"image\":{\"@id\":\"https:\/\/guineediversite.com\/index.php\/2018\/05\/14\/page-noire-linternational-cadet-guineen-abdoulaye-doumbouya-est-mort\/#primaryimage\"},\"thumbnailUrl\":\"https:\/\/guineediversite.com\/wp-content\/uploads\/2018\/05\/99A8478B-193F-487E-8ABD-EE295CDE7A75.jpeg\",\"datePublished\":\"2018-05-14T18:15:02+00:00\",\"dateModified\":\"2018-05-15T14:19:36+00:00\",\"breadcrumb\":{\"@id\":\"https:\/\/guineediversite.com\/index.php\/2018\/05\/14\/page-noire-linternational-cadet-guineen-abdoulaye-doumbouya-est-mort\/#breadcrumb\"},\"inLanguage\":\"fr-FR\",\"potentialAction\":[{\"@type\":\"ReadAction\",\"target\":[\"https:\/\/guineediversite.com\/index.php\/2018\/05\/14\/page-noire-linternational-cadet-guineen-abdoulaye-doumbouya-est-mort\/\"]}]},{\"@type\":\"ImageObject\",\"inLanguage\":\"fr-FR\",\"@id\":\"https:\/\/guineediversite.com\/index.php\/2018\/05\/14\/page-noire-linternational-cadet-guineen-abdoulaye-doumbouya-est-mort\/#primaryimage\",\"url\":\"https:\/\/guineediversite.com\/wp-content\/uploads\/2018\/05\/99A8478B-193F-487E-8ABD-EE295CDE7A75.jpeg\",\"contentUrl\":\"https:\/\/guineediversite.com\/wp-content\/uploads\/2018\/05\/99A8478B-193F-487E-8ABD-EE295CDE7A75.jpeg\",\"width\":\"2808\",\"height\":\"3136\"},{\"@type\":\"BreadcrumbList\",\"@id\":\"https:\/\/guineediversite.com\/index.php\/2018\/05\/14\/page-noire-linternational-cadet-guineen-abdoulaye-doumbouya-est-mort\/#breadcrumb\",\"itemListElement\":[{\"@type\":\"ListItem\",\"position\":1,\"name\":\"Accueil\",\"item\":\"https:\/\/guineediversite.com\/\"},{\"@type\":\"ListItem\",\"position\":2,\"name\":\"Page Noire : L\u2019international Cadet guin\u00e9en Abdoulaye Doumbouya est mort\"}]},{\"@type\":\"WebSite\",\"@id\":\"https:\/\/guineediversite.com\/#website\",\"url\":\"https:\/\/guineediversite.com\/\",\"name\":\"Guin\u00e9e Diversit\u00e9\",\"description\":\"L&#039;Info dans toute sa diversit\u00e9\",\"publisher\":{\"@id\":\"https:\/\/guineediversite.com\/#organization\"},\"potentialAction\":[{\"@type\":\"SearchAction\",\"target\":{\"@type\":\"EntryPoint\",\"urlTemplate\":\"https:\/\/guineediversite.com\/?s={search_term_string}\"},\"query-input\":{\"@type\":\"PropertyValueSpecification\",\"valueRequired\":true,\"valueName\":\"search_term_string\"}}],\"inLanguage\":\"fr-FR\"},{\"@type\":\"Organization\",\"@id\":\"https:\/\/guineediversite.com\/#organization\",\"name\":\"Guin\u00e9e Diversit\u00e9\",\"url\":\"https:\/\/guineediversite.com\/\",\"logo\":{\"@type\":\"ImageObject\",\"inLanguage\":\"fr-FR\",\"@id\":\"https:\/\/guineediversite.com\/#\/schema\/logo\/image\/\",\"url\":\"https:\/\/guineediversite.com\/wp-content\/uploads\/2017\/04\/cropped-1jojlxEOMkX9Wyqfhe43D6kjPOGqBBKmx3EwWJqZ0cMrFF54yM49.png\",\"contentUrl\":\"https:\/\/guineediversite.com\/wp-content\/uploads\/2017\/04\/cropped-1jojlxEOMkX9Wyqfhe43D6kjPOGqBBKmx3EwWJqZ0cMrFF54yM49.png\",\"width\":186,\"height\":112,\"caption\":\"Guin\u00e9e Diversit\u00e9\"},\"image\":{\"@id\":\"https:\/\/guineediversite.com\/#\/schema\/logo\/image\/\"},\"sameAs\":[\"https:\/\/www.facebook.com\/guineediversite\/\",\"https:\/\/x.com\/GuineeDiversite\",\"https:\/\/www.youtube.com\/channel\/UC8sUY16qelG5ge6_D5SB83g\"]},{\"@type\":\"Person\",\"@id\":\"https:\/\/guineediversite.com\/#\/schema\/person\/0e0e3e424768a50d025ac2218ccca73f\",\"name\":\"Bilguissa Diallo\",\"image\":{\"@type\":\"ImageObject\",\"inLanguage\":\"fr-FR\",\"@id\":\"https:\/\/guineediversite.com\/#\/schema\/person\/image\/\",\"url\":\"https:\/\/secure.gravatar.com\/avatar\/49bbbd2420ee34d62b1b191791f4b5df?s=96&d=mm&r=g\",\"contentUrl\":\"https:\/\/secure.gravatar.com\/avatar\/49bbbd2420ee34d62b1b191791f4b5df?s=96&d=mm&r=g\",\"caption\":\"Bilguissa Diallo\"},\"url\":\"https:\/\/guineediversite.com\/index.php\/author\/bilguissa\/\"}]}<\/script>\n<!-- \/ Yoast SEO plugin. -->","yoast_head_json":{"title":"Page Noire : L\u2019international Cadet guin\u00e9en Abdoulaye Doumbouya est mort | Guin\u00e9e Diversit\u00e9","robots":{"index":"index","follow":"follow","max-snippet":"max-snippet:-1","max-image-preview":"max-image-preview:large","max-video-preview":"max-video-preview:-1"},"canonical":"https:\/\/guineediversite.com\/index.php\/2018\/05\/14\/page-noire-linternational-cadet-guineen-abdoulaye-doumbouya-est-mort\/","og_locale":"fr_FR","og_type":"article","og_title":"Page Noire : L\u2019international Cadet guin\u00e9en Abdoulaye Doumbouya est mort | Guin\u00e9e Diversit\u00e9","og_description":"Une triste nouvelle pour la famille sportive guin\u00e9enne. Abdoulaye Doumbouya ex gardien du syli cadet est d\u00e9c\u00e9d\u00e9 cette nuit dans un accident de circulation qui s\u2019est produit \u00e0 Kissosso. Soci\u00e9taire des El\u00e9phants de Col\u00e9ah, Abdoulaye Doumbouya faisait partie des cadets guin\u00e9ens qui ont disput\u00e9 la CAN U17 au Gabon en 2017 et la coupe du [&hellip;]","og_url":"https:\/\/guineediversite.com\/index.php\/2018\/05\/14\/page-noire-linternational-cadet-guineen-abdoulaye-doumbouya-est-mort\/","og_site_name":"Guin\u00e9e Diversit\u00e9","article_publisher":"https:\/\/www.facebook.com\/guineediversite\/","article_published_time":"2018-05-14T18:15:02+00:00","article_modified_time":"2018-05-15T14:19:36+00:00","og_image":[{"width":2808,"height":3136,"url":"https:\/\/guineediversite.com\/wp-content\/uploads\/2018\/05\/99A8478B-193F-487E-8ABD-EE295CDE7A75.jpeg","type":"image\/jpeg"}],"author":"Bilguissa Diallo","twitter_card":"summary_large_image","twitter_creator":"@GuineeDiversite","twitter_site":"@GuineeDiversite","twitter_misc":{"\u00c9crit par":"Bilguissa Diallo"},"schema":{"@context":"https:\/\/schema.org","@graph":[{"@type":"Article","@id":"https:\/\/guineediversite.com\/index.php\/2018\/05\/14\/page-noire-linternational-cadet-guineen-abdoulaye-doumbouya-est-mort\/#article","isPartOf":{"@id":"https:\/\/guineediversite.com\/index.php\/2018\/05\/14\/page-noire-linternational-cadet-guineen-abdoulaye-doumbouya-est-mort\/"},"author":{"name":"Bilguissa Diallo","@id":"https:\/\/guineediversite.com\/#\/schema\/person\/0e0e3e424768a50d025ac2218ccca73f"},"headline":"Page Noire : L\u2019international Cadet guin\u00e9en Abdoulaye Doumbouya est mort","datePublished":"2018-05-14T18:15:02+00:00","dateModified":"2018-05-15T14:19:36+00:00","mainEntityOfPage":{"@id":"https:\/\/guineediversite.com\/index.php\/2018\/05\/14\/page-noire-linternational-cadet-guineen-abdoulaye-doumbouya-est-mort\/"},"wordCount":108,"publisher":{"@id":"https:\/\/guineediversite.com\/#organization"},"image":{"@id":"https:\/\/guineediversite.com\/index.php\/2018\/05\/14\/page-noire-linternational-cadet-guineen-abdoulaye-doumbouya-est-mort\/#primaryimage"},"thumbnailUrl":"https:\/\/guineediversite.com\/wp-content\/uploads\/2018\/05\/99A8478B-193F-487E-8ABD-EE295CDE7A75.jpeg","articleSection":["Soci\u00e9t\u00e9","Sport"],"inLanguage":"fr-FR"},{"@type":"WebPage","@id":"https:\/\/guineediversite.com\/index.php\/2018\/05\/14\/page-noire-linternational-cadet-guineen-abdoulaye-doumbouya-est-mort\/","url":"https:\/\/guineediversite.com\/index.php\/2018\/05\/14\/page-noire-linternational-cadet-guineen-abdoulaye-doumbouya-est-mort\/","name":"Page Noire : L\u2019international Cadet guin\u00e9en Abdoulaye Doumbouya est mort | Guin\u00e9e Diversit\u00e9","isPartOf":{"@id":"https:\/\/guineediversite.com\/#website"},"primaryImageOfPage":{"@id":"https:\/\/guineediversite.com\/index.php\/2018\/05\/14\/page-noire-linternational-cadet-guineen-abdoulaye-doumbouya-est-mort\/#primaryimage"},"image":{"@id":"https:\/\/guineediversite.com\/index.php\/2018\/05\/14\/page-noire-linternational-cadet-guineen-abdoulaye-doumbouya-est-mort\/#primaryimage"},"thumbnailUrl":"https:\/\/guineediversite.com\/wp-content\/uploads\/2018\/05\/99A8478B-193F-487E-8ABD-EE295CDE7A75.jpeg","datePublished":"2018-05-14T18:15:02+00:00","dateModified":"2018-05-15T14:19:36+00:00","breadcrumb":{"@id":"https:\/\/guineediversite.com\/index.php\/2018\/05\/14\/page-noire-linternational-cadet-guineen-abdoulaye-doumbouya-est-mort\/#breadcrumb"},"inLanguage":"fr-FR","potentialAction":[{"@type":"ReadAction","target":["https:\/\/guineediversite.com\/index.php\/2018\/05\/14\/page-noire-linternational-cadet-guineen-abdoulaye-doumbouya-est-mort\/"]}]},{"@type":"ImageObject","inLanguage":"fr-FR","@id":"https:\/\/guineediversite.com\/index.php\/2018\/05\/14\/page-noire-linternational-cadet-guineen-abdoulaye-doumbouya-est-mort\/#primaryimage","url":"https:\/\/guineediversite.com\/wp-content\/uploads\/2018\/05\/99A8478B-193F-487E-8ABD-EE295CDE7A75.jpeg","contentUrl":"https:\/\/guineediversite.com\/wp-content\/uploads\/2018\/05\/99A8478B-193F-487E-8ABD-EE295CDE7A75.jpeg","width":"2808","height":"3136"},{"@type":"BreadcrumbList","@id":"https:\/\/guineediversite.com\/index.php\/2018\/05\/14\/page-noire-linternational-cadet-guineen-abdoulaye-doumbouya-est-mort\/#breadcrumb","itemListElement":[{"@type":"ListItem","position":1,"name":"Accueil","item":"https:\/\/guineediversite.com\/"},{"@type":"ListItem","position":2,"name":"Page Noire : L\u2019international Cadet guin\u00e9en Abdoulaye Doumbouya est mort"}]},{"@type":"WebSite","@id":"https:\/\/guineediversite.com\/#website","url":"https:\/\/guineediversite.com\/","name":"Guin\u00e9e Diversit\u00e9","description":"L&#039;Info dans toute sa diversit\u00e9","publisher":{"@id":"https:\/\/guineediversite.com\/#organization"},"potentialAction":[{"@type":"SearchAction","target":{"@type":"EntryPoint","urlTemplate":"https:\/\/guineediversite.com\/?s={search_term_string}"},"query-input":{"@type":"PropertyValueSpecification","valueRequired":true,"valueName":"search_term_string"}}],"inLanguage":"fr-FR"},{"@type":"Organization","@id":"https:\/\/guineediversite.com\/#organization","name":"Guin\u00e9e Diversit\u00e9","url":"https:\/\/guineediversite.com\/","logo":{"@type":"ImageObject","inLanguage":"fr-FR","@id":"https:\/\/guineediversite.com\/#\/schema\/logo\/image\/","url":"https:\/\/guineediversite.com\/wp-content\/uploads\/2017\/04\/cropped-1jojlxEOMkX9Wyqfhe43D6kjPOGqBBKmx3EwWJqZ0cMrFF54yM49.png","contentUrl":"https:\/\/guineediversite.com\/wp-content\/uploads\/2017\/04\/cropped-1jojlxEOMkX9Wyqfhe43D6kjPOGqBBKmx3EwWJqZ0cMrFF54yM49.png","width":186,"height":112,"caption":"Guin\u00e9e Diversit\u00e9"},"image":{"@id":"https:\/\/guineediversite.com\/#\/schema\/logo\/image\/"},"sameAs":["https:\/\/www.facebook.com\/guineediversite\/","https:\/\/x.com\/GuineeDiversite","https:\/\/www.youtube.com\/channel\/UC8sUY16qelG5ge6_D5SB83g"]},{"@type":"Person","@id":"https:\/\/guineediversite.com\/#\/schema\/person\/0e0e3e424768a50d025ac2218ccca73f","name":"Bilguissa Diallo","image":{"@type":"ImageObject","inLanguage":"fr-FR","@id":"https:\/\/guineediversite.com\/#\/schema\/person\/image\/","url":"https:\/\/secure.gravatar.com\/avatar\/49bbbd2420ee34d62b1b191791f4b5df?s=96&d=mm&r=g","contentUrl":"https:\/\/secure.gravatar.com\/avatar\/49bbbd2420ee34d62b1b191791f4b5df?s=96&d=mm&r=g","caption":"Bilguissa Diallo"},"url":"https:\/\/guineediversite.com\/index.php\/author\/bilguissa\/"}]}},"_links":{"self":[{"href":"https:\/\/guineediversite.com\/index.php\/wp-json\/wp\/v2\/posts\/25222"}],"collection":[{"href":"https:\/\/guineediversite.com\/index.php\/wp-json\/wp\/v2\/posts"}],"about":[{"href":"https:\/\/guineediversite.com\/index.php\/wp-json\/wp\/v2\/types\/post"}],"author":[{"embeddable":true,"href":"https:\/\/guineediversite.com\/index.php\/wp-json\/wp\/v2\/users\/7"}],"replies":[{"embeddable":true,"href":"https:\/\/guineediversite.com\/index.php\/wp-json\/wp\/v2\/comments?post=25222"}],"version-history":[{"count":0,"href":"https:\/\/guineediversite.com\/index.php\/wp-json\/wp\/v2\/posts\/25222\/revisions"}],"wp:featuredmedia":[{"embeddable":true,"href":"https:\/\/guineediversite.com\/index.php\/wp-json\/wp\/v2\/media\/25223"}],"wp:attachment":[{"href":"https:\/\/guineediversite.com\/index.php\/wp-json\/wp\/v2\/media?parent=25222"}],"wp:term":[{"taxonomy":"category","embeddable":true,"href":"https:\/\/guineediversite.com\/index.php\/wp-json\/wp\/v2\/categories?post=25222"},{"taxonomy":"post_tag","embeddable":true,"href":"https:\/\/guineediversite.com\/index.php\/wp-json\/wp\/v2\/tags?post=25222"}],"curies":[{"name":"wp","href":"https:\/\/api.w.org\/{rel}","templated":true}]}}