{"id":25219,"date":"2018-05-14T20:02:50","date_gmt":"2018-05-14T18:02:50","guid":{"rendered":"https:\/\/guineediversite.com\/?p=25219"},"modified":"2018-05-15T16:23:17","modified_gmt":"2018-05-15T14:23:17","slug":"lugtg-appelle-a-une-marche-pacifique-ce-mercredi-16-mai-2018-pour-protester-contre-la-detention-daboubacar-sidiki-mara","status":"publish","type":"post","link":"https:\/\/guineediversite.com\/index.php\/2018\/05\/14\/lugtg-appelle-a-une-marche-pacifique-ce-mercredi-16-mai-2018-pour-protester-contre-la-detention-daboubacar-sidiki-mara\/","title":{"rendered":"l&rsquo;UGTG appelle \u00e0 une marche pacifique ce mercredi 16 mai 2018 pour protester contre la d\u00e9tention d&rsquo;Aboubacar Sidiki Mara"},"content":{"rendered":"<p><strong>Dans une d\u00e9claration rendue publique ce lundi 14 mai \u00e0 son si\u00e8ge situ\u00e9 \u00e0 Gbessia kond\u00ebbounyi, l&rsquo;Union G\u00e9n\u00e9rale des Travailleurs de Guin\u00e9e ( UGTG), a condamn\u00e9 l&rsquo;ing\u00e9rence du gouvernement guin\u00e9en dans les affaires syndicales \u00e0 travers l&rsquo;enl\u00e8vement et la s\u00e9questration du camarade Aboubacar Sidiki Mara, le 06 mai dernier \u00e0 Bok\u00e9.<\/strong><\/p>\n<p><strong>\u00a0<\/strong>Le secr\u00e9taire g\u00e9n\u00e9ral Elhadj Kandet Sankhon, de la dite centrale a \u00e9voqu\u00e9 l\u2019impunit\u00e9 qu\u2019\u00e0 subi le mouvement syndical guin\u00e9en dans ces derniers temps. \u00ab <em>L\u2019ann\u00e9e 2018 aurait \u00e9t\u00e9 une autre ann\u00e9e de plus sombre dans l&rsquo;histoire du mouvement syndical en Guin\u00e9e. La r\u00e9pression sous couvert de l&rsquo;impunit\u00e9, des actions d&rsquo;intimidation sont encore aujourd&rsquo;hui de plus en plus devenus une m\u00e9thode et une pratique impos\u00e9e comme pr\u00e9alable \u00e0 nos organisations syndicales avant toute forme de n\u00e9gociation s\u00e9rieuse avec l&rsquo;\u00c9tat employeur. Les autorit\u00e9s administratives de Bok\u00e9 ont re\u00e7u l&rsquo;ordre par le pr\u00e9sident de la R\u00e9publique de proc\u00e9der \u00e0 l&rsquo;arrestation extrajudiciaire du camarade Aboubacar Sidiki Mara, secr\u00e9taire g\u00e9n\u00e9ral adjoint parce qu&rsquo;il a os\u00e9 aller vers les travailleurs qui avaient besoin d&rsquo;une organisation syndicales capable de prendre en main la d\u00e9fense de leurs int\u00e9r\u00eats mat\u00e9riels et moraux<\/em>,\u00bb explique-t-il<strong>.<\/strong><\/p>\n<p>Le secr\u00e9taire g\u00e9n\u00e9ral de l&rsquo;Union G\u00e9n\u00e9rale des Travailleurs de Guin\u00e9e consid\u00e8re que cette arrestation est une mani\u00e8re de tuer le syndicalisme en Guin\u00e9e:\u00ab D<em>e m\u00e9moire des guin\u00e9ens, les exactions de 1990 et 2007, reprennent de plus belle en cette R\u00e9publique. L&rsquo;Union G\u00e9n\u00e9rale des Travailleurs de Guin\u00e9e prend \u00e0 t\u00e9moin l&rsquo;opinion nationale et internationale sur la violation flagrante du droit syndical par la plus haute autorit\u00e9 de la R\u00e9publique. Il n&rsquo;est pas superflu de faire remarquer que le ministre en charge du travail ne joue pas son r\u00f4le vis \u00e0 vis de la classe travailleuse,<\/em>\u00bb d\u00e9nonce-t-il.<\/p>\n<p>Pour terminer, l&rsquo;Union G\u00e9n\u00e9rale des Travailleurs de Guin\u00e9e appelle \u00e0 une marche pacifique ce mercredi 16 mai 2018. Le d\u00e9part de cette marche sera donn\u00e9e du port autonome de Conakry pour se termin\u00e9e devant le minist\u00e8re de la justice.<\/p>\n","protected":false},"excerpt":{"rendered":"<p>Dans une d\u00e9claration rendue publique ce lundi 14 mai \u00e0 son si\u00e8ge situ\u00e9 \u00e0 Gbessia kond\u00ebbounyi, l&rsquo;Union G\u00e9n\u00e9rale des Travailleurs de Guin\u00e9e ( UGTG), a condamn\u00e9 l&rsquo;ing\u00e9rence du gouvernement guin\u00e9en dans les affaires syndicales \u00e0 travers l&rsquo;enl\u00e8vement et la s\u00e9questration du camarade Aboubacar Sidiki Mara, le 06 mai dernier \u00e0 Bok\u00e9. \u00a0Le secr\u00e9taire g\u00e9n\u00e9ral Elhadj [&hellip;]<\/p>\n","protected":false},"author":16,"featured_media":25220,"comment_status":"closed","ping_status":"closed","sticky":false,"template":"","format":"standard","meta":{"_exactmetrics_skip_tracking":false,"_exactmetrics_sitenote_active":false,"_exactmetrics_sitenote_note":"","_exactmetrics_sitenote_category":0,"tdm_status":"","tdm_grid_status":"","footnotes":""},"categories":[16],"tags":[],"class_list":{"0":"post-25219","1":"post","2":"type-post","3":"status-publish","4":"format-standard","5":"has-post-thumbnail","7":"category-societe"},"yoast_head":"<!-- This site is optimized with the Yoast SEO plugin v24.2 - https:\/\/yoast.com\/wordpress\/plugins\/seo\/ -->\n<title>l&#039;UGTG appelle \u00e0 une marche pacifique ce mercredi 16 mai 2018 pour protester contre la d\u00e9tention d&#039;Aboubacar Sidiki Mara | Guin\u00e9e Diversit\u00e9<\/title>\n<meta name=\"robots\" content=\"index, follow, max-snippet:-1, max-image-preview:large, max-video-preview:-1\" \/>\n<link rel=\"canonical\" href=\"https:\/\/guineediversite.com\/index.php\/2018\/05\/14\/lugtg-appelle-a-une-marche-pacifique-ce-mercredi-16-mai-2018-pour-protester-contre-la-detention-daboubacar-sidiki-mara\/\" \/>\n<meta property=\"og:locale\" content=\"fr_FR\" \/>\n<meta property=\"og:type\" content=\"article\" \/>\n<meta property=\"og:title\" content=\"l&#039;UGTG appelle \u00e0 une marche pacifique ce mercredi 16 mai 2018 pour protester contre la d\u00e9tention d&#039;Aboubacar Sidiki Mara | Guin\u00e9e Diversit\u00e9\" \/>\n<meta property=\"og:description\" content=\"Dans une d\u00e9claration rendue publique ce lundi 14 mai \u00e0 son si\u00e8ge situ\u00e9 \u00e0 Gbessia kond\u00ebbounyi, l&rsquo;Union G\u00e9n\u00e9rale des Travailleurs de Guin\u00e9e ( UGTG), a condamn\u00e9 l&rsquo;ing\u00e9rence du gouvernement guin\u00e9en dans les affaires syndicales \u00e0 travers l&rsquo;enl\u00e8vement et la s\u00e9questration du camarade Aboubacar Sidiki Mara, le 06 mai dernier \u00e0 Bok\u00e9. \u00a0Le secr\u00e9taire g\u00e9n\u00e9ral Elhadj [&hellip;]\" \/>\n<meta property=\"og:url\" content=\"https:\/\/guineediversite.com\/index.php\/2018\/05\/14\/lugtg-appelle-a-une-marche-pacifique-ce-mercredi-16-mai-2018-pour-protester-contre-la-detention-daboubacar-sidiki-mara\/\" \/>\n<meta property=\"og:site_name\" content=\"Guin\u00e9e Diversit\u00e9\" \/>\n<meta property=\"article:publisher\" content=\"https:\/\/www.facebook.com\/guineediversite\/\" \/>\n<meta property=\"article:published_time\" content=\"2018-05-14T18:02:50+00:00\" \/>\n<meta property=\"article:modified_time\" content=\"2018-05-15T14:23:17+00:00\" \/>\n<meta property=\"og:image\" content=\"https:\/\/guineediversite.com\/wp-content\/uploads\/2018\/05\/32430420_2030014230593685_5785600477068525568_n.jpg\" \/>\n\t<meta property=\"og:image:width\" content=\"7680\" \/>\n\t<meta property=\"og:image:height\" content=\"5760\" \/>\n\t<meta property=\"og:image:type\" content=\"image\/jpeg\" \/>\n<meta name=\"author\" content=\"Moussa Mo\u00efse K\u00e9ita\" \/>\n<meta name=\"twitter:card\" content=\"summary_large_image\" \/>\n<meta name=\"twitter:creator\" content=\"@GuineeDiversite\" \/>\n<meta name=\"twitter:site\" content=\"@GuineeDiversite\" \/>\n<meta name=\"twitter:label1\" content=\"\u00c9crit par\" \/>\n\t<meta name=\"twitter:data1\" content=\"Moussa Mo\u00efse K\u00e9ita\" \/>\n\t<meta name=\"twitter:label2\" content=\"Dur\u00e9e de lecture estim\u00e9e\" \/>\n\t<meta name=\"twitter:data2\" content=\"2 minutes\" \/>\n<script type=\"application\/ld+json\" class=\"yoast-schema-graph\">{\"@context\":\"https:\/\/schema.org\",\"@graph\":[{\"@type\":\"Article\",\"@id\":\"https:\/\/guineediversite.com\/index.php\/2018\/05\/14\/lugtg-appelle-a-une-marche-pacifique-ce-mercredi-16-mai-2018-pour-protester-contre-la-detention-daboubacar-sidiki-mara\/#article\",\"isPartOf\":{\"@id\":\"https:\/\/guineediversite.com\/index.php\/2018\/05\/14\/lugtg-appelle-a-une-marche-pacifique-ce-mercredi-16-mai-2018-pour-protester-contre-la-detention-daboubacar-sidiki-mara\/\"},\"author\":{\"name\":\"Moussa Mo\u00efse K\u00e9ita\",\"@id\":\"https:\/\/guineediversite.com\/#\/schema\/person\/079ec347f72d2acde4b56a50a4fd46dc\"},\"headline\":\"l&rsquo;UGTG appelle \u00e0 une marche pacifique ce mercredi 16 mai 2018 pour protester contre la d\u00e9tention d&rsquo;Aboubacar Sidiki Mara\",\"datePublished\":\"2018-05-14T18:02:50+00:00\",\"dateModified\":\"2018-05-15T14:23:17+00:00\",\"mainEntityOfPage\":{\"@id\":\"https:\/\/guineediversite.com\/index.php\/2018\/05\/14\/lugtg-appelle-a-une-marche-pacifique-ce-mercredi-16-mai-2018-pour-protester-contre-la-detention-daboubacar-sidiki-mara\/\"},\"wordCount\":400,\"publisher\":{\"@id\":\"https:\/\/guineediversite.com\/#organization\"},\"image\":{\"@id\":\"https:\/\/guineediversite.com\/index.php\/2018\/05\/14\/lugtg-appelle-a-une-marche-pacifique-ce-mercredi-16-mai-2018-pour-protester-contre-la-detention-daboubacar-sidiki-mara\/#primaryimage\"},\"thumbnailUrl\":\"https:\/\/guineediversite.com\/wp-content\/uploads\/2018\/05\/32430420_2030014230593685_5785600477068525568_n.jpg\",\"articleSection\":[\"Soci\u00e9t\u00e9\"],\"inLanguage\":\"fr-FR\"},{\"@type\":\"WebPage\",\"@id\":\"https:\/\/guineediversite.com\/index.php\/2018\/05\/14\/lugtg-appelle-a-une-marche-pacifique-ce-mercredi-16-mai-2018-pour-protester-contre-la-detention-daboubacar-sidiki-mara\/\",\"url\":\"https:\/\/guineediversite.com\/index.php\/2018\/05\/14\/lugtg-appelle-a-une-marche-pacifique-ce-mercredi-16-mai-2018-pour-protester-contre-la-detention-daboubacar-sidiki-mara\/\",\"name\":\"l'UGTG appelle \u00e0 une marche pacifique ce mercredi 16 mai 2018 pour protester contre la d\u00e9tention d'Aboubacar Sidiki Mara | Guin\u00e9e Diversit\u00e9\",\"isPartOf\":{\"@id\":\"https:\/\/guineediversite.com\/#website\"},\"primaryImageOfPage\":{\"@id\":\"https:\/\/guineediversite.com\/index.php\/2018\/05\/14\/lugtg-appelle-a-une-marche-pacifique-ce-mercredi-16-mai-2018-pour-protester-contre-la-detention-daboubacar-sidiki-mara\/#primaryimage\"},\"image\":{\"@id\":\"https:\/\/guineediversite.com\/index.php\/2018\/05\/14\/lugtg-appelle-a-une-marche-pacifique-ce-mercredi-16-mai-2018-pour-protester-contre-la-detention-daboubacar-sidiki-mara\/#primaryimage\"},\"thumbnailUrl\":\"https:\/\/guineediversite.com\/wp-content\/uploads\/2018\/05\/32430420_2030014230593685_5785600477068525568_n.jpg\",\"datePublished\":\"2018-05-14T18:02:50+00:00\",\"dateModified\":\"2018-05-15T14:23:17+00:00\",\"breadcrumb\":{\"@id\":\"https:\/\/guineediversite.com\/index.php\/2018\/05\/14\/lugtg-appelle-a-une-marche-pacifique-ce-mercredi-16-mai-2018-pour-protester-contre-la-detention-daboubacar-sidiki-mara\/#breadcrumb\"},\"inLanguage\":\"fr-FR\",\"potentialAction\":[{\"@type\":\"ReadAction\",\"target\":[\"https:\/\/guineediversite.com\/index.php\/2018\/05\/14\/lugtg-appelle-a-une-marche-pacifique-ce-mercredi-16-mai-2018-pour-protester-contre-la-detention-daboubacar-sidiki-mara\/\"]}]},{\"@type\":\"ImageObject\",\"inLanguage\":\"fr-FR\",\"@id\":\"https:\/\/guineediversite.com\/index.php\/2018\/05\/14\/lugtg-appelle-a-une-marche-pacifique-ce-mercredi-16-mai-2018-pour-protester-contre-la-detention-daboubacar-sidiki-mara\/#primaryimage\",\"url\":\"https:\/\/guineediversite.com\/wp-content\/uploads\/2018\/05\/32430420_2030014230593685_5785600477068525568_n.jpg\",\"contentUrl\":\"https:\/\/guineediversite.com\/wp-content\/uploads\/2018\/05\/32430420_2030014230593685_5785600477068525568_n.jpg\",\"width\":\"7680\",\"height\":\"5760\"},{\"@type\":\"BreadcrumbList\",\"@id\":\"https:\/\/guineediversite.com\/index.php\/2018\/05\/14\/lugtg-appelle-a-une-marche-pacifique-ce-mercredi-16-mai-2018-pour-protester-contre-la-detention-daboubacar-sidiki-mara\/#breadcrumb\",\"itemListElement\":[{\"@type\":\"ListItem\",\"position\":1,\"name\":\"Accueil\",\"item\":\"https:\/\/guineediversite.com\/\"},{\"@type\":\"ListItem\",\"position\":2,\"name\":\"l&rsquo;UGTG appelle \u00e0 une marche pacifique ce mercredi 16 mai 2018 pour protester contre la d\u00e9tention d&rsquo;Aboubacar Sidiki Mara\"}]},{\"@type\":\"WebSite\",\"@id\":\"https:\/\/guineediversite.com\/#website\",\"url\":\"https:\/\/guineediversite.com\/\",\"name\":\"Guin\u00e9e Diversit\u00e9\",\"description\":\"L&#039;Info dans toute sa diversit\u00e9\",\"publisher\":{\"@id\":\"https:\/\/guineediversite.com\/#organization\"},\"potentialAction\":[{\"@type\":\"SearchAction\",\"target\":{\"@type\":\"EntryPoint\",\"urlTemplate\":\"https:\/\/guineediversite.com\/?s={search_term_string}\"},\"query-input\":{\"@type\":\"PropertyValueSpecification\",\"valueRequired\":true,\"valueName\":\"search_term_string\"}}],\"inLanguage\":\"fr-FR\"},{\"@type\":\"Organization\",\"@id\":\"https:\/\/guineediversite.com\/#organization\",\"name\":\"Guin\u00e9e Diversit\u00e9\",\"url\":\"https:\/\/guineediversite.com\/\",\"logo\":{\"@type\":\"ImageObject\",\"inLanguage\":\"fr-FR\",\"@id\":\"https:\/\/guineediversite.com\/#\/schema\/logo\/image\/\",\"url\":\"https:\/\/guineediversite.com\/wp-content\/uploads\/2017\/04\/cropped-1jojlxEOMkX9Wyqfhe43D6kjPOGqBBKmx3EwWJqZ0cMrFF54yM49.png\",\"contentUrl\":\"https:\/\/guineediversite.com\/wp-content\/uploads\/2017\/04\/cropped-1jojlxEOMkX9Wyqfhe43D6kjPOGqBBKmx3EwWJqZ0cMrFF54yM49.png\",\"width\":186,\"height\":112,\"caption\":\"Guin\u00e9e Diversit\u00e9\"},\"image\":{\"@id\":\"https:\/\/guineediversite.com\/#\/schema\/logo\/image\/\"},\"sameAs\":[\"https:\/\/www.facebook.com\/guineediversite\/\",\"https:\/\/x.com\/GuineeDiversite\",\"https:\/\/www.youtube.com\/channel\/UC8sUY16qelG5ge6_D5SB83g\"]},{\"@type\":\"Person\",\"@id\":\"https:\/\/guineediversite.com\/#\/schema\/person\/079ec347f72d2acde4b56a50a4fd46dc\",\"name\":\"Moussa Mo\u00efse K\u00e9ita\",\"image\":{\"@type\":\"ImageObject\",\"inLanguage\":\"fr-FR\",\"@id\":\"https:\/\/guineediversite.com\/#\/schema\/person\/image\/\",\"url\":\"https:\/\/secure.gravatar.com\/avatar\/edf1ea2cc01841e6c0b49384bcb1385b?s=96&d=mm&r=g\",\"contentUrl\":\"https:\/\/secure.gravatar.com\/avatar\/edf1ea2cc01841e6c0b49384bcb1385b?s=96&d=mm&r=g\",\"caption\":\"Moussa Mo\u00efse K\u00e9ita\"},\"url\":\"https:\/\/guineediversite.com\/index.php\/author\/moussa-moise\/\"}]}<\/script>\n<!-- \/ Yoast SEO plugin. -->","yoast_head_json":{"title":"l'UGTG appelle \u00e0 une marche pacifique ce mercredi 16 mai 2018 pour protester contre la d\u00e9tention d'Aboubacar Sidiki Mara | Guin\u00e9e Diversit\u00e9","robots":{"index":"index","follow":"follow","max-snippet":"max-snippet:-1","max-image-preview":"max-image-preview:large","max-video-preview":"max-video-preview:-1"},"canonical":"https:\/\/guineediversite.com\/index.php\/2018\/05\/14\/lugtg-appelle-a-une-marche-pacifique-ce-mercredi-16-mai-2018-pour-protester-contre-la-detention-daboubacar-sidiki-mara\/","og_locale":"fr_FR","og_type":"article","og_title":"l'UGTG appelle \u00e0 une marche pacifique ce mercredi 16 mai 2018 pour protester contre la d\u00e9tention d'Aboubacar Sidiki Mara | Guin\u00e9e Diversit\u00e9","og_description":"Dans une d\u00e9claration rendue publique ce lundi 14 mai \u00e0 son si\u00e8ge situ\u00e9 \u00e0 Gbessia kond\u00ebbounyi, l&rsquo;Union G\u00e9n\u00e9rale des Travailleurs de Guin\u00e9e ( UGTG), a condamn\u00e9 l&rsquo;ing\u00e9rence du gouvernement guin\u00e9en dans les affaires syndicales \u00e0 travers l&rsquo;enl\u00e8vement et la s\u00e9questration du camarade Aboubacar Sidiki Mara, le 06 mai dernier \u00e0 Bok\u00e9. \u00a0Le secr\u00e9taire g\u00e9n\u00e9ral Elhadj [&hellip;]","og_url":"https:\/\/guineediversite.com\/index.php\/2018\/05\/14\/lugtg-appelle-a-une-marche-pacifique-ce-mercredi-16-mai-2018-pour-protester-contre-la-detention-daboubacar-sidiki-mara\/","og_site_name":"Guin\u00e9e Diversit\u00e9","article_publisher":"https:\/\/www.facebook.com\/guineediversite\/","article_published_time":"2018-05-14T18:02:50+00:00","article_modified_time":"2018-05-15T14:23:17+00:00","og_image":[{"width":7680,"height":5760,"url":"https:\/\/guineediversite.com\/wp-content\/uploads\/2018\/05\/32430420_2030014230593685_5785600477068525568_n.jpg","type":"image\/jpeg"}],"author":"Moussa Mo\u00efse K\u00e9ita","twitter_card":"summary_large_image","twitter_creator":"@GuineeDiversite","twitter_site":"@GuineeDiversite","twitter_misc":{"\u00c9crit par":"Moussa Mo\u00efse K\u00e9ita","Dur\u00e9e de lecture estim\u00e9e":"2 minutes"},"schema":{"@context":"https:\/\/schema.org","@graph":[{"@type":"Article","@id":"https:\/\/guineediversite.com\/index.php\/2018\/05\/14\/lugtg-appelle-a-une-marche-pacifique-ce-mercredi-16-mai-2018-pour-protester-contre-la-detention-daboubacar-sidiki-mara\/#article","isPartOf":{"@id":"https:\/\/guineediversite.com\/index.php\/2018\/05\/14\/lugtg-appelle-a-une-marche-pacifique-ce-mercredi-16-mai-2018-pour-protester-contre-la-detention-daboubacar-sidiki-mara\/"},"author":{"name":"Moussa Mo\u00efse K\u00e9ita","@id":"https:\/\/guineediversite.com\/#\/schema\/person\/079ec347f72d2acde4b56a50a4fd46dc"},"headline":"l&rsquo;UGTG appelle \u00e0 une marche pacifique ce mercredi 16 mai 2018 pour protester contre la d\u00e9tention d&rsquo;Aboubacar Sidiki Mara","datePublished":"2018-05-14T18:02:50+00:00","dateModified":"2018-05-15T14:23:17+00:00","mainEntityOfPage":{"@id":"https:\/\/guineediversite.com\/index.php\/2018\/05\/14\/lugtg-appelle-a-une-marche-pacifique-ce-mercredi-16-mai-2018-pour-protester-contre-la-detention-daboubacar-sidiki-mara\/"},"wordCount":400,"publisher":{"@id":"https:\/\/guineediversite.com\/#organization"},"image":{"@id":"https:\/\/guineediversite.com\/index.php\/2018\/05\/14\/lugtg-appelle-a-une-marche-pacifique-ce-mercredi-16-mai-2018-pour-protester-contre-la-detention-daboubacar-sidiki-mara\/#primaryimage"},"thumbnailUrl":"https:\/\/guineediversite.com\/wp-content\/uploads\/2018\/05\/32430420_2030014230593685_5785600477068525568_n.jpg","articleSection":["Soci\u00e9t\u00e9"],"inLanguage":"fr-FR"},{"@type":"WebPage","@id":"https:\/\/guineediversite.com\/index.php\/2018\/05\/14\/lugtg-appelle-a-une-marche-pacifique-ce-mercredi-16-mai-2018-pour-protester-contre-la-detention-daboubacar-sidiki-mara\/","url":"https:\/\/guineediversite.com\/index.php\/2018\/05\/14\/lugtg-appelle-a-une-marche-pacifique-ce-mercredi-16-mai-2018-pour-protester-contre-la-detention-daboubacar-sidiki-mara\/","name":"l'UGTG appelle \u00e0 une marche pacifique ce mercredi 16 mai 2018 pour protester contre la d\u00e9tention d'Aboubacar Sidiki Mara | Guin\u00e9e Diversit\u00e9","isPartOf":{"@id":"https:\/\/guineediversite.com\/#website"},"primaryImageOfPage":{"@id":"https:\/\/guineediversite.com\/index.php\/2018\/05\/14\/lugtg-appelle-a-une-marche-pacifique-ce-mercredi-16-mai-2018-pour-protester-contre-la-detention-daboubacar-sidiki-mara\/#primaryimage"},"image":{"@id":"https:\/\/guineediversite.com\/index.php\/2018\/05\/14\/lugtg-appelle-a-une-marche-pacifique-ce-mercredi-16-mai-2018-pour-protester-contre-la-detention-daboubacar-sidiki-mara\/#primaryimage"},"thumbnailUrl":"https:\/\/guineediversite.com\/wp-content\/uploads\/2018\/05\/32430420_2030014230593685_5785600477068525568_n.jpg","datePublished":"2018-05-14T18:02:50+00:00","dateModified":"2018-05-15T14:23:17+00:00","breadcrumb":{"@id":"https:\/\/guineediversite.com\/index.php\/2018\/05\/14\/lugtg-appelle-a-une-marche-pacifique-ce-mercredi-16-mai-2018-pour-protester-contre-la-detention-daboubacar-sidiki-mara\/#breadcrumb"},"inLanguage":"fr-FR","potentialAction":[{"@type":"ReadAction","target":["https:\/\/guineediversite.com\/index.php\/2018\/05\/14\/lugtg-appelle-a-une-marche-pacifique-ce-mercredi-16-mai-2018-pour-protester-contre-la-detention-daboubacar-sidiki-mara\/"]}]},{"@type":"ImageObject","inLanguage":"fr-FR","@id":"https:\/\/guineediversite.com\/index.php\/2018\/05\/14\/lugtg-appelle-a-une-marche-pacifique-ce-mercredi-16-mai-2018-pour-protester-contre-la-detention-daboubacar-sidiki-mara\/#primaryimage","url":"https:\/\/guineediversite.com\/wp-content\/uploads\/2018\/05\/32430420_2030014230593685_5785600477068525568_n.jpg","contentUrl":"https:\/\/guineediversite.com\/wp-content\/uploads\/2018\/05\/32430420_2030014230593685_5785600477068525568_n.jpg","width":"7680","height":"5760"},{"@type":"BreadcrumbList","@id":"https:\/\/guineediversite.com\/index.php\/2018\/05\/14\/lugtg-appelle-a-une-marche-pacifique-ce-mercredi-16-mai-2018-pour-protester-contre-la-detention-daboubacar-sidiki-mara\/#breadcrumb","itemListElement":[{"@type":"ListItem","position":1,"name":"Accueil","item":"https:\/\/guineediversite.com\/"},{"@type":"ListItem","position":2,"name":"l&rsquo;UGTG appelle \u00e0 une marche pacifique ce mercredi 16 mai 2018 pour protester contre la d\u00e9tention d&rsquo;Aboubacar Sidiki Mara"}]},{"@type":"WebSite","@id":"https:\/\/guineediversite.com\/#website","url":"https:\/\/guineediversite.com\/","name":"Guin\u00e9e Diversit\u00e9","description":"L&#039;Info dans toute sa diversit\u00e9","publisher":{"@id":"https:\/\/guineediversite.com\/#organization"},"potentialAction":[{"@type":"SearchAction","target":{"@type":"EntryPoint","urlTemplate":"https:\/\/guineediversite.com\/?s={search_term_string}"},"query-input":{"@type":"PropertyValueSpecification","valueRequired":true,"valueName":"search_term_string"}}],"inLanguage":"fr-FR"},{"@type":"Organization","@id":"https:\/\/guineediversite.com\/#organization","name":"Guin\u00e9e Diversit\u00e9","url":"https:\/\/guineediversite.com\/","logo":{"@type":"ImageObject","inLanguage":"fr-FR","@id":"https:\/\/guineediversite.com\/#\/schema\/logo\/image\/","url":"https:\/\/guineediversite.com\/wp-content\/uploads\/2017\/04\/cropped-1jojlxEOMkX9Wyqfhe43D6kjPOGqBBKmx3EwWJqZ0cMrFF54yM49.png","contentUrl":"https:\/\/guineediversite.com\/wp-content\/uploads\/2017\/04\/cropped-1jojlxEOMkX9Wyqfhe43D6kjPOGqBBKmx3EwWJqZ0cMrFF54yM49.png","width":186,"height":112,"caption":"Guin\u00e9e Diversit\u00e9"},"image":{"@id":"https:\/\/guineediversite.com\/#\/schema\/logo\/image\/"},"sameAs":["https:\/\/www.facebook.com\/guineediversite\/","https:\/\/x.com\/GuineeDiversite","https:\/\/www.youtube.com\/channel\/UC8sUY16qelG5ge6_D5SB83g"]},{"@type":"Person","@id":"https:\/\/guineediversite.com\/#\/schema\/person\/079ec347f72d2acde4b56a50a4fd46dc","name":"Moussa Mo\u00efse K\u00e9ita","image":{"@type":"ImageObject","inLanguage":"fr-FR","@id":"https:\/\/guineediversite.com\/#\/schema\/person\/image\/","url":"https:\/\/secure.gravatar.com\/avatar\/edf1ea2cc01841e6c0b49384bcb1385b?s=96&d=mm&r=g","contentUrl":"https:\/\/secure.gravatar.com\/avatar\/edf1ea2cc01841e6c0b49384bcb1385b?s=96&d=mm&r=g","caption":"Moussa Mo\u00efse K\u00e9ita"},"url":"https:\/\/guineediversite.com\/index.php\/author\/moussa-moise\/"}]}},"_links":{"self":[{"href":"https:\/\/guineediversite.com\/index.php\/wp-json\/wp\/v2\/posts\/25219"}],"collection":[{"href":"https:\/\/guineediversite.com\/index.php\/wp-json\/wp\/v2\/posts"}],"about":[{"href":"https:\/\/guineediversite.com\/index.php\/wp-json\/wp\/v2\/types\/post"}],"author":[{"embeddable":true,"href":"https:\/\/guineediversite.com\/index.php\/wp-json\/wp\/v2\/users\/16"}],"replies":[{"embeddable":true,"href":"https:\/\/guineediversite.com\/index.php\/wp-json\/wp\/v2\/comments?post=25219"}],"version-history":[{"count":0,"href":"https:\/\/guineediversite.com\/index.php\/wp-json\/wp\/v2\/posts\/25219\/revisions"}],"wp:featuredmedia":[{"embeddable":true,"href":"https:\/\/guineediversite.com\/index.php\/wp-json\/wp\/v2\/media\/25220"}],"wp:attachment":[{"href":"https:\/\/guineediversite.com\/index.php\/wp-json\/wp\/v2\/media?parent=25219"}],"wp:term":[{"taxonomy":"category","embeddable":true,"href":"https:\/\/guineediversite.com\/index.php\/wp-json\/wp\/v2\/categories?post=25219"},{"taxonomy":"post_tag","embeddable":true,"href":"https:\/\/guineediversite.com\/index.php\/wp-json\/wp\/v2\/tags?post=25219"}],"curies":[{"name":"wp","href":"https:\/\/api.w.org\/{rel}","templated":true}]}}