{"id":25213,"date":"2018-05-14T13:22:30","date_gmt":"2018-05-14T11:22:30","guid":{"rendered":"https:\/\/guineediversite.com\/?p=25213"},"modified":"2018-05-14T13:22:30","modified_gmt":"2018-05-14T11:22:30","slug":"journee-internationale-de-la-famille-declation-de-la-ministre-de-laction-sociale-de-la-promotion-feminine-et-de-lenfance","status":"publish","type":"post","link":"https:\/\/guineediversite.com\/index.php\/2018\/05\/14\/journee-internationale-de-la-famille-declation-de-la-ministre-de-laction-sociale-de-la-promotion-feminine-et-de-lenfance\/","title":{"rendered":"Journ\u00e9e internationale de la famille : Declation de la ministre de l&rsquo;action sociale, de la Promotion F\u00e9minine et de l\u2019Enfance"},"content":{"rendered":"<p>Chers compatriotes,<br \/>\nMesdames et Messieurs,<\/p>\n<p>Depuis 1992, chaque ann\u00e9e, la Guin\u00e9e \u00e0 l\u2019instar des Etats membres de l\u2019Organisation des Nations-Unies, c\u00e9l\u00e8bre le 15 mai, la Journ\u00e9e Internationale des Familles. Cet \u00e9v\u00e9nement annuel est l\u2019occasion de mieux faire conna\u00eetre les questions relatives aux familles et les processus sociaux, \u00e9conomiques et d\u00e9mographiques qui les affectent. Pour cette ann\u00e9e, le th\u00e8me international retenu est \u00ab Familles et Soci\u00e9t\u00e9s Inclusives \u00bb.<br \/>\nCe choix met en lumi\u00e8re les actions importantes que les familles et les politiques familiales doivent incarner dans le cadre de la mise en \u0153uvre des objectifs du d\u00e9veloppement durable en ce qui concerne la promotion de soci\u00e9t\u00e9s pacifiques et inclusives.<\/p>\n<p>Mais dans un contexte national marqu\u00e9 par des vagues migratoires affectant directement l\u2019\u00e9quilibre des familles, mon D\u00e9partement a pris l\u2019initiative de placer la comm\u00e9moration de cette journ\u00e9e sous le signe du plaidoyer en faveur d\u2019une migration l\u00e9gale et opportune. A ce titre, il a \u00e9t\u00e9 retenu comme Th\u00e8me national \u00ab Les Familles, actrices et victimes des migrations irr\u00e9guli\u00e8res \u00bb.<br \/>\nIl n\u2019est pas vain de rappeler que nous assistons, impuissamment, \u00e0 une exacerbation des d\u00e9parts incontr\u00f4l\u00e9s et ill\u00e9gaux des principales forces productives des familles en direction de l\u2019Occident. Les derni\u00e8res statistiques indiquent que 333 891 guin\u00e9ens ont migr\u00e9 ill\u00e9galement dont 111 230 sont en Lybie.<br \/>\nCe qui inscrit la Guin\u00e9e parmi les cinq premiers pays africains sollicitant le statut de r\u00e9fugi\u00e9 en Europe. Qualifi\u00e9es \u00e0 juste titre d\u2019h\u00e9morragie par certains experts en raison du \u00ab vide humain \u00bb qu\u2019elles cr\u00e9ent, ces vagues migratoires provoquent aussi le d\u00e9litement des liens familiaux, la consternation d\u2019une m\u00e8re endeuill\u00e9e, l\u2019isolement d\u2019une veuve meurtrie ou encore les difficult\u00e9s de survie d\u2019un orphelin. Sur un autre plan, elles sont synonymes de sc\u00e8nes hideuses d\u2019esclavage, de prostitution ou de traite.<br \/>\nM\u00eame lorsqu\u2019il r\u00e9ussit \u00e0 traverser le d\u00e9sert ou \u00e0 braver la M\u00e9diterran\u00e9e, c\u2019est courant de voir que le migrant, une fois en Europe, manque de rep\u00e8re et rompt tout lien avec sa famille rest\u00e9e au pays. J\u2019en appelle au sens \u00e9lev\u00e9 des familles pour ne pas \u00eatre complices du sort tragique des adolescents, des jeunes et des femmes sur le chemin de l\u2019exode.<br \/>\nToutefois, loin de nous l\u2019id\u00e9e de condamner les d\u00e9placements \u00e0 la qu\u00eate d\u2019un bien-\u00eatre meilleur, ce qui est d\u2019ailleurs un fait naturel ou encore d\u2019ignorer l\u2019apport \u00e9conomique important de certains migrants, je plaide pour une migration l\u00e9gale et pleinement opportune.<\/p>\n<p>Chers compatriotes,<\/p>\n<p>L\u2019\u00e9dition de cette ann\u00e9e se d\u00e9roulera \u00e0 Mamou, la ville-carrefour, qui a la double caract\u00e9ristique d\u2019\u00eatre \u00e0 la fois un tr\u00e8s grand foyer de d\u00e9part et de retour de migrants. En compagnie des migrants retourn\u00e9s qui ont r\u00e9ussi leur r\u00e9int\u00e9gration socio\u00e9conomique, nous animerons des campagnes de sensibilisation des familles sur les dangers des migrations irr\u00e9guli\u00e8res. La strat\u00e9gie envisag\u00e9e dangers des migrations clandestines. La strat\u00e9gie consistera en des s\u00e9ances de communication et d\u2019immersion dans les zones \u00e0 forte potentialit\u00e9 migratoire particuli\u00e8rement en milieu p\u00e9ri-urbain et rural.<br \/>\nA cet effet, il me pla\u00eet de f\u00e9liciter le Gouvernement, sous la clairvoyance du Pr\u00e9sident de la R\u00e9publique, Pr Alpha CONDE, qui \u0153uvre constamment \u00e0 cr\u00e9er les meilleures opportunit\u00e9s locales de nature \u00e0 inciter les candidats \u00e0 la migration \u00e0 porter confiance en leur pays. Les orientations d\u00e9clin\u00e9es dans le PNDES r\u00e9pondent \u00e0 ce choix du Chef de l\u2019Etat. Par la m\u00eame occasion, je remercie le Syst\u00e8me des Nations-Unies \u00e0 travers UNFPA et OIM pour leur souhait renouvel\u00e9 de faire de la Guin\u00e9e un havre d\u2019espoir.<\/p>\n<p>Vive la coop\u00e9ration Internationale !<\/p>\n<p>Bonne f\u00eate \u00e0 toutes les Familles Guin\u00e9ennes !<\/p>\n<p>Je vous remercie.<\/p>\n<p>&nbsp;<\/p>\n<p>Mariama Sylla<\/p>\n<p>Ministre de l\u2019Action Sociale, de la Promotion F\u00e9minine et de l\u2019Enfance<\/p>\n<p>Transmis par la Cellule de Communication du Gouvernement.<\/p>\n","protected":false},"excerpt":{"rendered":"<p>Chers compatriotes, Mesdames et Messieurs, Depuis 1992, chaque ann\u00e9e, la Guin\u00e9e \u00e0 l\u2019instar des Etats membres de l\u2019Organisation des Nations-Unies, c\u00e9l\u00e8bre le 15 mai, la Journ\u00e9e Internationale des Familles. Cet \u00e9v\u00e9nement annuel est l\u2019occasion de mieux faire conna\u00eetre les questions relatives aux familles et les processus sociaux, \u00e9conomiques et d\u00e9mographiques qui les affectent. Pour cette [&hellip;]<\/p>\n","protected":false},"author":12,"featured_media":25214,"comment_status":"closed","ping_status":"closed","sticky":false,"template":"","format":"standard","meta":{"_exactmetrics_skip_tracking":false,"_exactmetrics_sitenote_active":false,"_exactmetrics_sitenote_note":"","_exactmetrics_sitenote_category":0,"tdm_status":"","tdm_grid_status":"","footnotes":""},"categories":[16],"tags":[],"class_list":{"0":"post-25213","1":"post","2":"type-post","3":"status-publish","4":"format-standard","5":"has-post-thumbnail","7":"category-societe"},"yoast_head":"<!-- This site is optimized with the Yoast SEO plugin v24.2 - https:\/\/yoast.com\/wordpress\/plugins\/seo\/ -->\n<title>Journ\u00e9e internationale de la famille : Declation de la ministre de l&#039;action sociale, de la Promotion F\u00e9minine et de l\u2019Enfance | Guin\u00e9e Diversit\u00e9<\/title>\n<meta name=\"robots\" content=\"index, follow, max-snippet:-1, max-image-preview:large, max-video-preview:-1\" \/>\n<link rel=\"canonical\" href=\"https:\/\/guineediversite.com\/index.php\/2018\/05\/14\/journee-internationale-de-la-famille-declation-de-la-ministre-de-laction-sociale-de-la-promotion-feminine-et-de-lenfance\/\" \/>\n<meta property=\"og:locale\" content=\"fr_FR\" \/>\n<meta property=\"og:type\" content=\"article\" \/>\n<meta property=\"og:title\" content=\"Journ\u00e9e internationale de la famille : Declation de la ministre de l&#039;action sociale, de la Promotion F\u00e9minine et de l\u2019Enfance | Guin\u00e9e Diversit\u00e9\" \/>\n<meta property=\"og:description\" content=\"Chers compatriotes, Mesdames et Messieurs, Depuis 1992, chaque ann\u00e9e, la Guin\u00e9e \u00e0 l\u2019instar des Etats membres de l\u2019Organisation des Nations-Unies, c\u00e9l\u00e8bre le 15 mai, la Journ\u00e9e Internationale des Familles. Cet \u00e9v\u00e9nement annuel est l\u2019occasion de mieux faire conna\u00eetre les questions relatives aux familles et les processus sociaux, \u00e9conomiques et d\u00e9mographiques qui les affectent. Pour cette [&hellip;]\" \/>\n<meta property=\"og:url\" content=\"https:\/\/guineediversite.com\/index.php\/2018\/05\/14\/journee-internationale-de-la-famille-declation-de-la-ministre-de-laction-sociale-de-la-promotion-feminine-et-de-lenfance\/\" \/>\n<meta property=\"og:site_name\" content=\"Guin\u00e9e Diversit\u00e9\" \/>\n<meta property=\"article:publisher\" content=\"https:\/\/www.facebook.com\/guineediversite\/\" \/>\n<meta property=\"article:published_time\" content=\"2018-05-14T11:22:30+00:00\" \/>\n<meta property=\"og:image\" content=\"https:\/\/guineediversite.com\/wp-content\/uploads\/2018\/05\/414201811212.jpg\" \/>\n\t<meta property=\"og:image:width\" content=\"1024\" \/>\n\t<meta property=\"og:image:height\" content=\"642\" \/>\n\t<meta property=\"og:image:type\" content=\"image\/jpeg\" \/>\n<meta name=\"author\" content=\"Guin\u00e9e Diversit\u00e9\" \/>\n<meta name=\"twitter:card\" content=\"summary_large_image\" \/>\n<meta name=\"twitter:creator\" content=\"@GuineeDiversite\" \/>\n<meta name=\"twitter:site\" content=\"@GuineeDiversite\" \/>\n<meta name=\"twitter:label1\" content=\"\u00c9crit par\" \/>\n\t<meta name=\"twitter:data1\" content=\"Guin\u00e9e Diversit\u00e9\" \/>\n\t<meta name=\"twitter:label2\" content=\"Dur\u00e9e de lecture estim\u00e9e\" \/>\n\t<meta name=\"twitter:data2\" content=\"3 minutes\" \/>\n<script type=\"application\/ld+json\" class=\"yoast-schema-graph\">{\"@context\":\"https:\/\/schema.org\",\"@graph\":[{\"@type\":\"Article\",\"@id\":\"https:\/\/guineediversite.com\/index.php\/2018\/05\/14\/journee-internationale-de-la-famille-declation-de-la-ministre-de-laction-sociale-de-la-promotion-feminine-et-de-lenfance\/#article\",\"isPartOf\":{\"@id\":\"https:\/\/guineediversite.com\/index.php\/2018\/05\/14\/journee-internationale-de-la-famille-declation-de-la-ministre-de-laction-sociale-de-la-promotion-feminine-et-de-lenfance\/\"},\"author\":{\"name\":\"Guin\u00e9e Diversit\u00e9\",\"@id\":\"https:\/\/guineediversite.com\/#\/schema\/person\/afa08fb34e7fc6e1feafc892612bc836\"},\"headline\":\"Journ\u00e9e internationale de la famille : Declation de la ministre de l&rsquo;action sociale, de la Promotion F\u00e9minine et de l\u2019Enfance\",\"datePublished\":\"2018-05-14T11:22:30+00:00\",\"dateModified\":\"2018-05-14T11:22:30+00:00\",\"mainEntityOfPage\":{\"@id\":\"https:\/\/guineediversite.com\/index.php\/2018\/05\/14\/journee-internationale-de-la-famille-declation-de-la-ministre-de-laction-sociale-de-la-promotion-feminine-et-de-lenfance\/\"},\"wordCount\":714,\"publisher\":{\"@id\":\"https:\/\/guineediversite.com\/#organization\"},\"image\":{\"@id\":\"https:\/\/guineediversite.com\/index.php\/2018\/05\/14\/journee-internationale-de-la-famille-declation-de-la-ministre-de-laction-sociale-de-la-promotion-feminine-et-de-lenfance\/#primaryimage\"},\"thumbnailUrl\":\"https:\/\/guineediversite.com\/wp-content\/uploads\/2018\/05\/414201811212.jpg\",\"articleSection\":[\"Soci\u00e9t\u00e9\"],\"inLanguage\":\"fr-FR\"},{\"@type\":\"WebPage\",\"@id\":\"https:\/\/guineediversite.com\/index.php\/2018\/05\/14\/journee-internationale-de-la-famille-declation-de-la-ministre-de-laction-sociale-de-la-promotion-feminine-et-de-lenfance\/\",\"url\":\"https:\/\/guineediversite.com\/index.php\/2018\/05\/14\/journee-internationale-de-la-famille-declation-de-la-ministre-de-laction-sociale-de-la-promotion-feminine-et-de-lenfance\/\",\"name\":\"Journ\u00e9e internationale de la famille : Declation de la ministre de l'action sociale, de la Promotion F\u00e9minine et de l\u2019Enfance | Guin\u00e9e Diversit\u00e9\",\"isPartOf\":{\"@id\":\"https:\/\/guineediversite.com\/#website\"},\"primaryImageOfPage\":{\"@id\":\"https:\/\/guineediversite.com\/index.php\/2018\/05\/14\/journee-internationale-de-la-famille-declation-de-la-ministre-de-laction-sociale-de-la-promotion-feminine-et-de-lenfance\/#primaryimage\"},\"image\":{\"@id\":\"https:\/\/guineediversite.com\/index.php\/2018\/05\/14\/journee-internationale-de-la-famille-declation-de-la-ministre-de-laction-sociale-de-la-promotion-feminine-et-de-lenfance\/#primaryimage\"},\"thumbnailUrl\":\"https:\/\/guineediversite.com\/wp-content\/uploads\/2018\/05\/414201811212.jpg\",\"datePublished\":\"2018-05-14T11:22:30+00:00\",\"dateModified\":\"2018-05-14T11:22:30+00:00\",\"breadcrumb\":{\"@id\":\"https:\/\/guineediversite.com\/index.php\/2018\/05\/14\/journee-internationale-de-la-famille-declation-de-la-ministre-de-laction-sociale-de-la-promotion-feminine-et-de-lenfance\/#breadcrumb\"},\"inLanguage\":\"fr-FR\",\"potentialAction\":[{\"@type\":\"ReadAction\",\"target\":[\"https:\/\/guineediversite.com\/index.php\/2018\/05\/14\/journee-internationale-de-la-famille-declation-de-la-ministre-de-laction-sociale-de-la-promotion-feminine-et-de-lenfance\/\"]}]},{\"@type\":\"ImageObject\",\"inLanguage\":\"fr-FR\",\"@id\":\"https:\/\/guineediversite.com\/index.php\/2018\/05\/14\/journee-internationale-de-la-famille-declation-de-la-ministre-de-laction-sociale-de-la-promotion-feminine-et-de-lenfance\/#primaryimage\",\"url\":\"https:\/\/guineediversite.com\/wp-content\/uploads\/2018\/05\/414201811212.jpg\",\"contentUrl\":\"https:\/\/guineediversite.com\/wp-content\/uploads\/2018\/05\/414201811212.jpg\",\"width\":\"1024\",\"height\":\"642\"},{\"@type\":\"BreadcrumbList\",\"@id\":\"https:\/\/guineediversite.com\/index.php\/2018\/05\/14\/journee-internationale-de-la-famille-declation-de-la-ministre-de-laction-sociale-de-la-promotion-feminine-et-de-lenfance\/#breadcrumb\",\"itemListElement\":[{\"@type\":\"ListItem\",\"position\":1,\"name\":\"Accueil\",\"item\":\"https:\/\/guineediversite.com\/\"},{\"@type\":\"ListItem\",\"position\":2,\"name\":\"Journ\u00e9e internationale de la famille : Declation de la ministre de l&rsquo;action sociale, de la Promotion F\u00e9minine et de l\u2019Enfance\"}]},{\"@type\":\"WebSite\",\"@id\":\"https:\/\/guineediversite.com\/#website\",\"url\":\"https:\/\/guineediversite.com\/\",\"name\":\"Guin\u00e9e Diversit\u00e9\",\"description\":\"L&#039;Info dans toute sa diversit\u00e9\",\"publisher\":{\"@id\":\"https:\/\/guineediversite.com\/#organization\"},\"potentialAction\":[{\"@type\":\"SearchAction\",\"target\":{\"@type\":\"EntryPoint\",\"urlTemplate\":\"https:\/\/guineediversite.com\/?s={search_term_string}\"},\"query-input\":{\"@type\":\"PropertyValueSpecification\",\"valueRequired\":true,\"valueName\":\"search_term_string\"}}],\"inLanguage\":\"fr-FR\"},{\"@type\":\"Organization\",\"@id\":\"https:\/\/guineediversite.com\/#organization\",\"name\":\"Guin\u00e9e Diversit\u00e9\",\"url\":\"https:\/\/guineediversite.com\/\",\"logo\":{\"@type\":\"ImageObject\",\"inLanguage\":\"fr-FR\",\"@id\":\"https:\/\/guineediversite.com\/#\/schema\/logo\/image\/\",\"url\":\"https:\/\/guineediversite.com\/wp-content\/uploads\/2017\/04\/cropped-1jojlxEOMkX9Wyqfhe43D6kjPOGqBBKmx3EwWJqZ0cMrFF54yM49.png\",\"contentUrl\":\"https:\/\/guineediversite.com\/wp-content\/uploads\/2017\/04\/cropped-1jojlxEOMkX9Wyqfhe43D6kjPOGqBBKmx3EwWJqZ0cMrFF54yM49.png\",\"width\":186,\"height\":112,\"caption\":\"Guin\u00e9e Diversit\u00e9\"},\"image\":{\"@id\":\"https:\/\/guineediversite.com\/#\/schema\/logo\/image\/\"},\"sameAs\":[\"https:\/\/www.facebook.com\/guineediversite\/\",\"https:\/\/x.com\/GuineeDiversite\",\"https:\/\/www.youtube.com\/channel\/UC8sUY16qelG5ge6_D5SB83g\"]},{\"@type\":\"Person\",\"@id\":\"https:\/\/guineediversite.com\/#\/schema\/person\/afa08fb34e7fc6e1feafc892612bc836\",\"name\":\"Guin\u00e9e Diversit\u00e9\",\"image\":{\"@type\":\"ImageObject\",\"inLanguage\":\"fr-FR\",\"@id\":\"https:\/\/guineediversite.com\/#\/schema\/person\/image\/\",\"url\":\"https:\/\/secure.gravatar.com\/avatar\/50d5eb5b390f8b65ac30ac6f898eb83a?s=96&d=mm&r=g\",\"contentUrl\":\"https:\/\/secure.gravatar.com\/avatar\/50d5eb5b390f8b65ac30ac6f898eb83a?s=96&d=mm&r=g\",\"caption\":\"Guin\u00e9e Diversit\u00e9\"},\"url\":\"https:\/\/guineediversite.com\/index.php\/author\/guineediversite\/\"}]}<\/script>\n<!-- \/ Yoast SEO plugin. -->","yoast_head_json":{"title":"Journ\u00e9e internationale de la famille : Declation de la ministre de l'action sociale, de la Promotion F\u00e9minine et de l\u2019Enfance | Guin\u00e9e Diversit\u00e9","robots":{"index":"index","follow":"follow","max-snippet":"max-snippet:-1","max-image-preview":"max-image-preview:large","max-video-preview":"max-video-preview:-1"},"canonical":"https:\/\/guineediversite.com\/index.php\/2018\/05\/14\/journee-internationale-de-la-famille-declation-de-la-ministre-de-laction-sociale-de-la-promotion-feminine-et-de-lenfance\/","og_locale":"fr_FR","og_type":"article","og_title":"Journ\u00e9e internationale de la famille : Declation de la ministre de l'action sociale, de la Promotion F\u00e9minine et de l\u2019Enfance | Guin\u00e9e Diversit\u00e9","og_description":"Chers compatriotes, Mesdames et Messieurs, Depuis 1992, chaque ann\u00e9e, la Guin\u00e9e \u00e0 l\u2019instar des Etats membres de l\u2019Organisation des Nations-Unies, c\u00e9l\u00e8bre le 15 mai, la Journ\u00e9e Internationale des Familles. Cet \u00e9v\u00e9nement annuel est l\u2019occasion de mieux faire conna\u00eetre les questions relatives aux familles et les processus sociaux, \u00e9conomiques et d\u00e9mographiques qui les affectent. Pour cette [&hellip;]","og_url":"https:\/\/guineediversite.com\/index.php\/2018\/05\/14\/journee-internationale-de-la-famille-declation-de-la-ministre-de-laction-sociale-de-la-promotion-feminine-et-de-lenfance\/","og_site_name":"Guin\u00e9e Diversit\u00e9","article_publisher":"https:\/\/www.facebook.com\/guineediversite\/","article_published_time":"2018-05-14T11:22:30+00:00","og_image":[{"width":1024,"height":642,"url":"https:\/\/guineediversite.com\/wp-content\/uploads\/2018\/05\/414201811212.jpg","type":"image\/jpeg"}],"author":"Guin\u00e9e Diversit\u00e9","twitter_card":"summary_large_image","twitter_creator":"@GuineeDiversite","twitter_site":"@GuineeDiversite","twitter_misc":{"\u00c9crit par":"Guin\u00e9e Diversit\u00e9","Dur\u00e9e de lecture estim\u00e9e":"3 minutes"},"schema":{"@context":"https:\/\/schema.org","@graph":[{"@type":"Article","@id":"https:\/\/guineediversite.com\/index.php\/2018\/05\/14\/journee-internationale-de-la-famille-declation-de-la-ministre-de-laction-sociale-de-la-promotion-feminine-et-de-lenfance\/#article","isPartOf":{"@id":"https:\/\/guineediversite.com\/index.php\/2018\/05\/14\/journee-internationale-de-la-famille-declation-de-la-ministre-de-laction-sociale-de-la-promotion-feminine-et-de-lenfance\/"},"author":{"name":"Guin\u00e9e Diversit\u00e9","@id":"https:\/\/guineediversite.com\/#\/schema\/person\/afa08fb34e7fc6e1feafc892612bc836"},"headline":"Journ\u00e9e internationale de la famille : Declation de la ministre de l&rsquo;action sociale, de la Promotion F\u00e9minine et de l\u2019Enfance","datePublished":"2018-05-14T11:22:30+00:00","dateModified":"2018-05-14T11:22:30+00:00","mainEntityOfPage":{"@id":"https:\/\/guineediversite.com\/index.php\/2018\/05\/14\/journee-internationale-de-la-famille-declation-de-la-ministre-de-laction-sociale-de-la-promotion-feminine-et-de-lenfance\/"},"wordCount":714,"publisher":{"@id":"https:\/\/guineediversite.com\/#organization"},"image":{"@id":"https:\/\/guineediversite.com\/index.php\/2018\/05\/14\/journee-internationale-de-la-famille-declation-de-la-ministre-de-laction-sociale-de-la-promotion-feminine-et-de-lenfance\/#primaryimage"},"thumbnailUrl":"https:\/\/guineediversite.com\/wp-content\/uploads\/2018\/05\/414201811212.jpg","articleSection":["Soci\u00e9t\u00e9"],"inLanguage":"fr-FR"},{"@type":"WebPage","@id":"https:\/\/guineediversite.com\/index.php\/2018\/05\/14\/journee-internationale-de-la-famille-declation-de-la-ministre-de-laction-sociale-de-la-promotion-feminine-et-de-lenfance\/","url":"https:\/\/guineediversite.com\/index.php\/2018\/05\/14\/journee-internationale-de-la-famille-declation-de-la-ministre-de-laction-sociale-de-la-promotion-feminine-et-de-lenfance\/","name":"Journ\u00e9e internationale de la famille : Declation de la ministre de l'action sociale, de la Promotion F\u00e9minine et de l\u2019Enfance | Guin\u00e9e Diversit\u00e9","isPartOf":{"@id":"https:\/\/guineediversite.com\/#website"},"primaryImageOfPage":{"@id":"https:\/\/guineediversite.com\/index.php\/2018\/05\/14\/journee-internationale-de-la-famille-declation-de-la-ministre-de-laction-sociale-de-la-promotion-feminine-et-de-lenfance\/#primaryimage"},"image":{"@id":"https:\/\/guineediversite.com\/index.php\/2018\/05\/14\/journee-internationale-de-la-famille-declation-de-la-ministre-de-laction-sociale-de-la-promotion-feminine-et-de-lenfance\/#primaryimage"},"thumbnailUrl":"https:\/\/guineediversite.com\/wp-content\/uploads\/2018\/05\/414201811212.jpg","datePublished":"2018-05-14T11:22:30+00:00","dateModified":"2018-05-14T11:22:30+00:00","breadcrumb":{"@id":"https:\/\/guineediversite.com\/index.php\/2018\/05\/14\/journee-internationale-de-la-famille-declation-de-la-ministre-de-laction-sociale-de-la-promotion-feminine-et-de-lenfance\/#breadcrumb"},"inLanguage":"fr-FR","potentialAction":[{"@type":"ReadAction","target":["https:\/\/guineediversite.com\/index.php\/2018\/05\/14\/journee-internationale-de-la-famille-declation-de-la-ministre-de-laction-sociale-de-la-promotion-feminine-et-de-lenfance\/"]}]},{"@type":"ImageObject","inLanguage":"fr-FR","@id":"https:\/\/guineediversite.com\/index.php\/2018\/05\/14\/journee-internationale-de-la-famille-declation-de-la-ministre-de-laction-sociale-de-la-promotion-feminine-et-de-lenfance\/#primaryimage","url":"https:\/\/guineediversite.com\/wp-content\/uploads\/2018\/05\/414201811212.jpg","contentUrl":"https:\/\/guineediversite.com\/wp-content\/uploads\/2018\/05\/414201811212.jpg","width":"1024","height":"642"},{"@type":"BreadcrumbList","@id":"https:\/\/guineediversite.com\/index.php\/2018\/05\/14\/journee-internationale-de-la-famille-declation-de-la-ministre-de-laction-sociale-de-la-promotion-feminine-et-de-lenfance\/#breadcrumb","itemListElement":[{"@type":"ListItem","position":1,"name":"Accueil","item":"https:\/\/guineediversite.com\/"},{"@type":"ListItem","position":2,"name":"Journ\u00e9e internationale de la famille : Declation de la ministre de l&rsquo;action sociale, de la Promotion F\u00e9minine et de l\u2019Enfance"}]},{"@type":"WebSite","@id":"https:\/\/guineediversite.com\/#website","url":"https:\/\/guineediversite.com\/","name":"Guin\u00e9e Diversit\u00e9","description":"L&#039;Info dans toute sa diversit\u00e9","publisher":{"@id":"https:\/\/guineediversite.com\/#organization"},"potentialAction":[{"@type":"SearchAction","target":{"@type":"EntryPoint","urlTemplate":"https:\/\/guineediversite.com\/?s={search_term_string}"},"query-input":{"@type":"PropertyValueSpecification","valueRequired":true,"valueName":"search_term_string"}}],"inLanguage":"fr-FR"},{"@type":"Organization","@id":"https:\/\/guineediversite.com\/#organization","name":"Guin\u00e9e Diversit\u00e9","url":"https:\/\/guineediversite.com\/","logo":{"@type":"ImageObject","inLanguage":"fr-FR","@id":"https:\/\/guineediversite.com\/#\/schema\/logo\/image\/","url":"https:\/\/guineediversite.com\/wp-content\/uploads\/2017\/04\/cropped-1jojlxEOMkX9Wyqfhe43D6kjPOGqBBKmx3EwWJqZ0cMrFF54yM49.png","contentUrl":"https:\/\/guineediversite.com\/wp-content\/uploads\/2017\/04\/cropped-1jojlxEOMkX9Wyqfhe43D6kjPOGqBBKmx3EwWJqZ0cMrFF54yM49.png","width":186,"height":112,"caption":"Guin\u00e9e Diversit\u00e9"},"image":{"@id":"https:\/\/guineediversite.com\/#\/schema\/logo\/image\/"},"sameAs":["https:\/\/www.facebook.com\/guineediversite\/","https:\/\/x.com\/GuineeDiversite","https:\/\/www.youtube.com\/channel\/UC8sUY16qelG5ge6_D5SB83g"]},{"@type":"Person","@id":"https:\/\/guineediversite.com\/#\/schema\/person\/afa08fb34e7fc6e1feafc892612bc836","name":"Guin\u00e9e Diversit\u00e9","image":{"@type":"ImageObject","inLanguage":"fr-FR","@id":"https:\/\/guineediversite.com\/#\/schema\/person\/image\/","url":"https:\/\/secure.gravatar.com\/avatar\/50d5eb5b390f8b65ac30ac6f898eb83a?s=96&d=mm&r=g","contentUrl":"https:\/\/secure.gravatar.com\/avatar\/50d5eb5b390f8b65ac30ac6f898eb83a?s=96&d=mm&r=g","caption":"Guin\u00e9e Diversit\u00e9"},"url":"https:\/\/guineediversite.com\/index.php\/author\/guineediversite\/"}]}},"_links":{"self":[{"href":"https:\/\/guineediversite.com\/index.php\/wp-json\/wp\/v2\/posts\/25213"}],"collection":[{"href":"https:\/\/guineediversite.com\/index.php\/wp-json\/wp\/v2\/posts"}],"about":[{"href":"https:\/\/guineediversite.com\/index.php\/wp-json\/wp\/v2\/types\/post"}],"author":[{"embeddable":true,"href":"https:\/\/guineediversite.com\/index.php\/wp-json\/wp\/v2\/users\/12"}],"replies":[{"embeddable":true,"href":"https:\/\/guineediversite.com\/index.php\/wp-json\/wp\/v2\/comments?post=25213"}],"version-history":[{"count":0,"href":"https:\/\/guineediversite.com\/index.php\/wp-json\/wp\/v2\/posts\/25213\/revisions"}],"wp:featuredmedia":[{"embeddable":true,"href":"https:\/\/guineediversite.com\/index.php\/wp-json\/wp\/v2\/media\/25214"}],"wp:attachment":[{"href":"https:\/\/guineediversite.com\/index.php\/wp-json\/wp\/v2\/media?parent=25213"}],"wp:term":[{"taxonomy":"category","embeddable":true,"href":"https:\/\/guineediversite.com\/index.php\/wp-json\/wp\/v2\/categories?post=25213"},{"taxonomy":"post_tag","embeddable":true,"href":"https:\/\/guineediversite.com\/index.php\/wp-json\/wp\/v2\/tags?post=25213"}],"curies":[{"name":"wp","href":"https:\/\/api.w.org\/{rel}","templated":true}]}}