{"id":25180,"date":"2018-05-11T14:13:52","date_gmt":"2018-05-11T12:13:52","guid":{"rendered":"https:\/\/guineediversite.com\/?p=25180"},"modified":"2018-05-12T00:31:02","modified_gmt":"2018-05-11T22:31:02","slug":"insecurite-routiere-conduisant-une-remorque-un-enfant-adolescent-interpelle","status":"publish","type":"post","link":"https:\/\/guineediversite.com\/index.php\/2018\/05\/11\/insecurite-routiere-conduisant-une-remorque-un-enfant-adolescent-interpelle\/","title":{"rendered":"Ins\u00e9curit\u00e9 routi\u00e8re : un adolescent  interpell\u00e9 au volant d&rsquo;un camion remorque"},"content":{"rendered":"<p><strong>\u00a0La police guin\u00e9enne est engag\u00e9e pour r\u00e9duire les accidents de route li\u00e9s aux gros camions. C\u2019est dans ce cadre qu\u2019elle a interpell\u00e9 un enfant de 15 ans conduisant un camion de 40 pieds. Ce jeune conducteur a \u00e9t\u00e9 pr\u00e9sent\u00e9 ce jeudi par le porte-parole de la police nationale. Le contr\u00f4leur g\u00e9n\u00e9ral Boubacar Kass\u00e9 appelle au civisme pour la pr\u00e9servation des vies des usagers de la route et des citoyens.<\/strong><\/p>\n<p>Ag\u00e9 de moins de 15 ans Aboubacar Sidib\u00e9 et Ibrahima Sory Camara ont \u00e9t\u00e9 intercept\u00e9s par la police alors qu\u2019ils conduisaient un camion de 40 pieds sorti du port autonome de Conakry.<\/p>\n<p><em>\u00ab\u00a0 Je ne dirais m\u00eame pas un jeune parce qu\u2019il a peine 15 ans et le probl\u00e8me est que le moment de son interpellation il y a ce jeune aussi qui se dit chauffeur, Ibrahima Sory Camara a tout\u00a0 de suite voulu reprendre la direction du camion pour dire qu\u2019il est le chauffeur du camion alors que lui-m\u00eame il a commenc\u00e9 \u00e0 15 ans.\u00a0 Il conduisait ce camion depuis cet \u00e2ge et aujourd\u2019hui il en a 18 ans \u00a0avec un faux permis de conduire,\u00bb<\/em> explique le contr\u00f4leur g\u00e9n\u00e9ral Boubacar Kass\u00e9.<\/p>\n<p><img loading=\"lazy\" decoding=\"async\" class=\"alignnone wp-image-25182\" src=\"https:\/\/guineediversite.com.bwjx4292.odns.fr\/wp-content\/uploads\/2018\/05\/32228666_2028269734101468_6735315765957754880_n-300x225.jpg\" alt=\"\" width=\"913\" height=\"685\" srcset=\"https:\/\/guineediversite.com\/wp-content\/uploads\/2018\/05\/32228666_2028269734101468_6735315765957754880_n-300x225.jpg 300w, https:\/\/guineediversite.com\/wp-content\/uploads\/2018\/05\/32228666_2028269734101468_6735315765957754880_n-768x576.jpg 768w, https:\/\/guineediversite.com\/wp-content\/uploads\/2018\/05\/32228666_2028269734101468_6735315765957754880_n-1024x768.jpg 1024w, https:\/\/guineediversite.com\/wp-content\/uploads\/2018\/05\/32228666_2028269734101468_6735315765957754880_n-600x450.jpg 600w, https:\/\/guineediversite.com\/wp-content\/uploads\/2018\/05\/32228666_2028269734101468_6735315765957754880_n-678x509.jpg 678w, https:\/\/guineediversite.com\/wp-content\/uploads\/2018\/05\/32228666_2028269734101468_6735315765957754880_n-326x245.jpg 326w, https:\/\/guineediversite.com\/wp-content\/uploads\/2018\/05\/32228666_2028269734101468_6735315765957754880_n-80x60.jpg 80w, https:\/\/guineediversite.com\/wp-content\/uploads\/2018\/05\/32228666_2028269734101468_6735315765957754880_n.jpg 1365w\" sizes=\"(max-width: 913px) 100vw, 913px\" \/><\/p>\n<p>Avant d\u2019annonc\u00e9 qu\u2019une proc\u00e9dure est ouverte pour retrouver les propri\u00e9taires du camion et du conteneur qui serait d\u2019apr\u00e8s les explications un syndicaliste.<\/p>\n<p><em>\u00ab\u00a0Le Camion appartiendrait \u00e0 un certain Toumany Camara qui est syndicaliste des transporteurs. Et selon nos constats ce sont des syndicats transporteurs qui ach\u00e8tent g\u00e9n\u00e9ralement des camions remorques, qui donnent aux enfants et eux negocient avec les propri\u00e9taires des marchandises. Eux, ils sont innocents, ils ne connaissent m\u00eame pas le prix de<\/em> <em>transports, on leurs dit prenez les conteneurs pour l\u2019int\u00e9rieur ou \u00e0 Madina\u00bb,<\/em> s\u2019indigne ce responsable de la police.<\/p>\n<p>Visiblement tr\u00e8s touch\u00e9 par cet acte, le porte parole de la police nationale appel \u00e0 la responsabilit\u00e9 parentale dans tous les domaines afin de sauver des vies<\/p>\n<p><em>\u00ab\u00a0Ce manque de morale et ce civisme est \u00e0 tous les niveaux parce que, c\u2019est le moment et le lieu pour nous de dire que nous devons prendre nos responsabilit\u00e9s. Parce que la vie des usagers est en danger, la vie des citoyens est en danger,\u00bb<\/em> souligne t-il.<\/p>\n<p>&nbsp;<\/p>\n","protected":false},"excerpt":{"rendered":"<p>\u00a0La police guin\u00e9enne est engag\u00e9e pour r\u00e9duire les accidents de route li\u00e9s aux gros camions. C\u2019est dans ce cadre qu\u2019elle a interpell\u00e9 un enfant de 15 ans conduisant un camion de 40 pieds. Ce jeune conducteur a \u00e9t\u00e9 pr\u00e9sent\u00e9 ce jeudi par le porte-parole de la police nationale. Le contr\u00f4leur g\u00e9n\u00e9ral Boubacar Kass\u00e9 appelle au [&hellip;]<\/p>\n","protected":false},"author":16,"featured_media":25181,"comment_status":"closed","ping_status":"closed","sticky":false,"template":"","format":"standard","meta":{"_exactmetrics_skip_tracking":false,"_exactmetrics_sitenote_active":false,"_exactmetrics_sitenote_note":"","_exactmetrics_sitenote_category":0,"tdm_status":"","tdm_grid_status":"","footnotes":""},"categories":[16],"tags":[],"class_list":{"0":"post-25180","1":"post","2":"type-post","3":"status-publish","4":"format-standard","5":"has-post-thumbnail","7":"category-societe"},"yoast_head":"<!-- This site is optimized with the Yoast SEO plugin v24.2 - https:\/\/yoast.com\/wordpress\/plugins\/seo\/ -->\n<title>Ins\u00e9curit\u00e9 routi\u00e8re : un adolescent interpell\u00e9 au volant d&#039;un camion remorque | Guin\u00e9e Diversit\u00e9<\/title>\n<meta name=\"robots\" content=\"index, follow, max-snippet:-1, max-image-preview:large, max-video-preview:-1\" \/>\n<link rel=\"canonical\" href=\"https:\/\/guineediversite.com\/index.php\/2018\/05\/11\/insecurite-routiere-conduisant-une-remorque-un-enfant-adolescent-interpelle\/\" \/>\n<meta property=\"og:locale\" content=\"fr_FR\" \/>\n<meta property=\"og:type\" content=\"article\" \/>\n<meta property=\"og:title\" content=\"Ins\u00e9curit\u00e9 routi\u00e8re : un adolescent interpell\u00e9 au volant d&#039;un camion remorque | Guin\u00e9e Diversit\u00e9\" \/>\n<meta property=\"og:description\" content=\"\u00a0La police guin\u00e9enne est engag\u00e9e pour r\u00e9duire les accidents de route li\u00e9s aux gros camions. C\u2019est dans ce cadre qu\u2019elle a interpell\u00e9 un enfant de 15 ans conduisant un camion de 40 pieds. Ce jeune conducteur a \u00e9t\u00e9 pr\u00e9sent\u00e9 ce jeudi par le porte-parole de la police nationale. Le contr\u00f4leur g\u00e9n\u00e9ral Boubacar Kass\u00e9 appelle au [&hellip;]\" \/>\n<meta property=\"og:url\" content=\"https:\/\/guineediversite.com\/index.php\/2018\/05\/11\/insecurite-routiere-conduisant-une-remorque-un-enfant-adolescent-interpelle\/\" \/>\n<meta property=\"og:site_name\" content=\"Guin\u00e9e Diversit\u00e9\" \/>\n<meta property=\"article:publisher\" content=\"https:\/\/www.facebook.com\/guineediversite\/\" \/>\n<meta property=\"article:published_time\" content=\"2018-05-11T12:13:52+00:00\" \/>\n<meta property=\"article:modified_time\" content=\"2018-05-11T22:31:02+00:00\" \/>\n<meta property=\"og:image\" content=\"https:\/\/guineediversite.com\/wp-content\/uploads\/2018\/05\/32219091_2028268000768308_3375015640845778944_n.jpg\" \/>\n\t<meta property=\"og:image:width\" content=\"1365\" \/>\n\t<meta property=\"og:image:height\" content=\"1024\" \/>\n\t<meta property=\"og:image:type\" content=\"image\/jpeg\" \/>\n<meta name=\"author\" content=\"Moussa Mo\u00efse K\u00e9ita\" \/>\n<meta name=\"twitter:card\" content=\"summary_large_image\" \/>\n<meta name=\"twitter:creator\" content=\"@GuineeDiversite\" \/>\n<meta name=\"twitter:site\" content=\"@GuineeDiversite\" \/>\n<meta name=\"twitter:label1\" content=\"\u00c9crit par\" \/>\n\t<meta name=\"twitter:data1\" content=\"Moussa Mo\u00efse K\u00e9ita\" \/>\n\t<meta name=\"twitter:label2\" content=\"Dur\u00e9e de lecture estim\u00e9e\" \/>\n\t<meta name=\"twitter:data2\" content=\"2 minutes\" \/>\n<script type=\"application\/ld+json\" class=\"yoast-schema-graph\">{\"@context\":\"https:\/\/schema.org\",\"@graph\":[{\"@type\":\"Article\",\"@id\":\"https:\/\/guineediversite.com\/index.php\/2018\/05\/11\/insecurite-routiere-conduisant-une-remorque-un-enfant-adolescent-interpelle\/#article\",\"isPartOf\":{\"@id\":\"https:\/\/guineediversite.com\/index.php\/2018\/05\/11\/insecurite-routiere-conduisant-une-remorque-un-enfant-adolescent-interpelle\/\"},\"author\":{\"name\":\"Moussa Mo\u00efse K\u00e9ita\",\"@id\":\"https:\/\/guineediversite.com\/#\/schema\/person\/079ec347f72d2acde4b56a50a4fd46dc\"},\"headline\":\"Ins\u00e9curit\u00e9 routi\u00e8re : un adolescent interpell\u00e9 au volant d&rsquo;un camion remorque\",\"datePublished\":\"2018-05-11T12:13:52+00:00\",\"dateModified\":\"2018-05-11T22:31:02+00:00\",\"mainEntityOfPage\":{\"@id\":\"https:\/\/guineediversite.com\/index.php\/2018\/05\/11\/insecurite-routiere-conduisant-une-remorque-un-enfant-adolescent-interpelle\/\"},\"wordCount\":398,\"publisher\":{\"@id\":\"https:\/\/guineediversite.com\/#organization\"},\"image\":{\"@id\":\"https:\/\/guineediversite.com\/index.php\/2018\/05\/11\/insecurite-routiere-conduisant-une-remorque-un-enfant-adolescent-interpelle\/#primaryimage\"},\"thumbnailUrl\":\"https:\/\/guineediversite.com\/wp-content\/uploads\/2018\/05\/32219091_2028268000768308_3375015640845778944_n.jpg\",\"articleSection\":[\"Soci\u00e9t\u00e9\"],\"inLanguage\":\"fr-FR\"},{\"@type\":\"WebPage\",\"@id\":\"https:\/\/guineediversite.com\/index.php\/2018\/05\/11\/insecurite-routiere-conduisant-une-remorque-un-enfant-adolescent-interpelle\/\",\"url\":\"https:\/\/guineediversite.com\/index.php\/2018\/05\/11\/insecurite-routiere-conduisant-une-remorque-un-enfant-adolescent-interpelle\/\",\"name\":\"Ins\u00e9curit\u00e9 routi\u00e8re : un adolescent interpell\u00e9 au volant d'un camion remorque | Guin\u00e9e Diversit\u00e9\",\"isPartOf\":{\"@id\":\"https:\/\/guineediversite.com\/#website\"},\"primaryImageOfPage\":{\"@id\":\"https:\/\/guineediversite.com\/index.php\/2018\/05\/11\/insecurite-routiere-conduisant-une-remorque-un-enfant-adolescent-interpelle\/#primaryimage\"},\"image\":{\"@id\":\"https:\/\/guineediversite.com\/index.php\/2018\/05\/11\/insecurite-routiere-conduisant-une-remorque-un-enfant-adolescent-interpelle\/#primaryimage\"},\"thumbnailUrl\":\"https:\/\/guineediversite.com\/wp-content\/uploads\/2018\/05\/32219091_2028268000768308_3375015640845778944_n.jpg\",\"datePublished\":\"2018-05-11T12:13:52+00:00\",\"dateModified\":\"2018-05-11T22:31:02+00:00\",\"breadcrumb\":{\"@id\":\"https:\/\/guineediversite.com\/index.php\/2018\/05\/11\/insecurite-routiere-conduisant-une-remorque-un-enfant-adolescent-interpelle\/#breadcrumb\"},\"inLanguage\":\"fr-FR\",\"potentialAction\":[{\"@type\":\"ReadAction\",\"target\":[\"https:\/\/guineediversite.com\/index.php\/2018\/05\/11\/insecurite-routiere-conduisant-une-remorque-un-enfant-adolescent-interpelle\/\"]}]},{\"@type\":\"ImageObject\",\"inLanguage\":\"fr-FR\",\"@id\":\"https:\/\/guineediversite.com\/index.php\/2018\/05\/11\/insecurite-routiere-conduisant-une-remorque-un-enfant-adolescent-interpelle\/#primaryimage\",\"url\":\"https:\/\/guineediversite.com\/wp-content\/uploads\/2018\/05\/32219091_2028268000768308_3375015640845778944_n.jpg\",\"contentUrl\":\"https:\/\/guineediversite.com\/wp-content\/uploads\/2018\/05\/32219091_2028268000768308_3375015640845778944_n.jpg\",\"width\":\"1365\",\"height\":\"1024\"},{\"@type\":\"BreadcrumbList\",\"@id\":\"https:\/\/guineediversite.com\/index.php\/2018\/05\/11\/insecurite-routiere-conduisant-une-remorque-un-enfant-adolescent-interpelle\/#breadcrumb\",\"itemListElement\":[{\"@type\":\"ListItem\",\"position\":1,\"name\":\"Accueil\",\"item\":\"https:\/\/guineediversite.com\/\"},{\"@type\":\"ListItem\",\"position\":2,\"name\":\"Ins\u00e9curit\u00e9 routi\u00e8re : un adolescent interpell\u00e9 au volant d&rsquo;un camion remorque\"}]},{\"@type\":\"WebSite\",\"@id\":\"https:\/\/guineediversite.com\/#website\",\"url\":\"https:\/\/guineediversite.com\/\",\"name\":\"Guin\u00e9e Diversit\u00e9\",\"description\":\"L&#039;Info dans toute sa diversit\u00e9\",\"publisher\":{\"@id\":\"https:\/\/guineediversite.com\/#organization\"},\"potentialAction\":[{\"@type\":\"SearchAction\",\"target\":{\"@type\":\"EntryPoint\",\"urlTemplate\":\"https:\/\/guineediversite.com\/?s={search_term_string}\"},\"query-input\":{\"@type\":\"PropertyValueSpecification\",\"valueRequired\":true,\"valueName\":\"search_term_string\"}}],\"inLanguage\":\"fr-FR\"},{\"@type\":\"Organization\",\"@id\":\"https:\/\/guineediversite.com\/#organization\",\"name\":\"Guin\u00e9e Diversit\u00e9\",\"url\":\"https:\/\/guineediversite.com\/\",\"logo\":{\"@type\":\"ImageObject\",\"inLanguage\":\"fr-FR\",\"@id\":\"https:\/\/guineediversite.com\/#\/schema\/logo\/image\/\",\"url\":\"https:\/\/guineediversite.com\/wp-content\/uploads\/2017\/04\/cropped-1jojlxEOMkX9Wyqfhe43D6kjPOGqBBKmx3EwWJqZ0cMrFF54yM49.png\",\"contentUrl\":\"https:\/\/guineediversite.com\/wp-content\/uploads\/2017\/04\/cropped-1jojlxEOMkX9Wyqfhe43D6kjPOGqBBKmx3EwWJqZ0cMrFF54yM49.png\",\"width\":186,\"height\":112,\"caption\":\"Guin\u00e9e Diversit\u00e9\"},\"image\":{\"@id\":\"https:\/\/guineediversite.com\/#\/schema\/logo\/image\/\"},\"sameAs\":[\"https:\/\/www.facebook.com\/guineediversite\/\",\"https:\/\/x.com\/GuineeDiversite\",\"https:\/\/www.youtube.com\/channel\/UC8sUY16qelG5ge6_D5SB83g\"]},{\"@type\":\"Person\",\"@id\":\"https:\/\/guineediversite.com\/#\/schema\/person\/079ec347f72d2acde4b56a50a4fd46dc\",\"name\":\"Moussa Mo\u00efse K\u00e9ita\",\"image\":{\"@type\":\"ImageObject\",\"inLanguage\":\"fr-FR\",\"@id\":\"https:\/\/guineediversite.com\/#\/schema\/person\/image\/\",\"url\":\"https:\/\/secure.gravatar.com\/avatar\/edf1ea2cc01841e6c0b49384bcb1385b?s=96&d=mm&r=g\",\"contentUrl\":\"https:\/\/secure.gravatar.com\/avatar\/edf1ea2cc01841e6c0b49384bcb1385b?s=96&d=mm&r=g\",\"caption\":\"Moussa Mo\u00efse K\u00e9ita\"},\"url\":\"https:\/\/guineediversite.com\/index.php\/author\/moussa-moise\/\"}]}<\/script>\n<!-- \/ Yoast SEO plugin. -->","yoast_head_json":{"title":"Ins\u00e9curit\u00e9 routi\u00e8re : un adolescent interpell\u00e9 au volant d'un camion remorque | Guin\u00e9e Diversit\u00e9","robots":{"index":"index","follow":"follow","max-snippet":"max-snippet:-1","max-image-preview":"max-image-preview:large","max-video-preview":"max-video-preview:-1"},"canonical":"https:\/\/guineediversite.com\/index.php\/2018\/05\/11\/insecurite-routiere-conduisant-une-remorque-un-enfant-adolescent-interpelle\/","og_locale":"fr_FR","og_type":"article","og_title":"Ins\u00e9curit\u00e9 routi\u00e8re : un adolescent interpell\u00e9 au volant d'un camion remorque | Guin\u00e9e Diversit\u00e9","og_description":"\u00a0La police guin\u00e9enne est engag\u00e9e pour r\u00e9duire les accidents de route li\u00e9s aux gros camions. C\u2019est dans ce cadre qu\u2019elle a interpell\u00e9 un enfant de 15 ans conduisant un camion de 40 pieds. Ce jeune conducteur a \u00e9t\u00e9 pr\u00e9sent\u00e9 ce jeudi par le porte-parole de la police nationale. Le contr\u00f4leur g\u00e9n\u00e9ral Boubacar Kass\u00e9 appelle au [&hellip;]","og_url":"https:\/\/guineediversite.com\/index.php\/2018\/05\/11\/insecurite-routiere-conduisant-une-remorque-un-enfant-adolescent-interpelle\/","og_site_name":"Guin\u00e9e Diversit\u00e9","article_publisher":"https:\/\/www.facebook.com\/guineediversite\/","article_published_time":"2018-05-11T12:13:52+00:00","article_modified_time":"2018-05-11T22:31:02+00:00","og_image":[{"width":1365,"height":1024,"url":"https:\/\/guineediversite.com\/wp-content\/uploads\/2018\/05\/32219091_2028268000768308_3375015640845778944_n.jpg","type":"image\/jpeg"}],"author":"Moussa Mo\u00efse K\u00e9ita","twitter_card":"summary_large_image","twitter_creator":"@GuineeDiversite","twitter_site":"@GuineeDiversite","twitter_misc":{"\u00c9crit par":"Moussa Mo\u00efse K\u00e9ita","Dur\u00e9e de lecture estim\u00e9e":"2 minutes"},"schema":{"@context":"https:\/\/schema.org","@graph":[{"@type":"Article","@id":"https:\/\/guineediversite.com\/index.php\/2018\/05\/11\/insecurite-routiere-conduisant-une-remorque-un-enfant-adolescent-interpelle\/#article","isPartOf":{"@id":"https:\/\/guineediversite.com\/index.php\/2018\/05\/11\/insecurite-routiere-conduisant-une-remorque-un-enfant-adolescent-interpelle\/"},"author":{"name":"Moussa Mo\u00efse K\u00e9ita","@id":"https:\/\/guineediversite.com\/#\/schema\/person\/079ec347f72d2acde4b56a50a4fd46dc"},"headline":"Ins\u00e9curit\u00e9 routi\u00e8re : un adolescent interpell\u00e9 au volant d&rsquo;un camion remorque","datePublished":"2018-05-11T12:13:52+00:00","dateModified":"2018-05-11T22:31:02+00:00","mainEntityOfPage":{"@id":"https:\/\/guineediversite.com\/index.php\/2018\/05\/11\/insecurite-routiere-conduisant-une-remorque-un-enfant-adolescent-interpelle\/"},"wordCount":398,"publisher":{"@id":"https:\/\/guineediversite.com\/#organization"},"image":{"@id":"https:\/\/guineediversite.com\/index.php\/2018\/05\/11\/insecurite-routiere-conduisant-une-remorque-un-enfant-adolescent-interpelle\/#primaryimage"},"thumbnailUrl":"https:\/\/guineediversite.com\/wp-content\/uploads\/2018\/05\/32219091_2028268000768308_3375015640845778944_n.jpg","articleSection":["Soci\u00e9t\u00e9"],"inLanguage":"fr-FR"},{"@type":"WebPage","@id":"https:\/\/guineediversite.com\/index.php\/2018\/05\/11\/insecurite-routiere-conduisant-une-remorque-un-enfant-adolescent-interpelle\/","url":"https:\/\/guineediversite.com\/index.php\/2018\/05\/11\/insecurite-routiere-conduisant-une-remorque-un-enfant-adolescent-interpelle\/","name":"Ins\u00e9curit\u00e9 routi\u00e8re : un adolescent interpell\u00e9 au volant d'un camion remorque | Guin\u00e9e Diversit\u00e9","isPartOf":{"@id":"https:\/\/guineediversite.com\/#website"},"primaryImageOfPage":{"@id":"https:\/\/guineediversite.com\/index.php\/2018\/05\/11\/insecurite-routiere-conduisant-une-remorque-un-enfant-adolescent-interpelle\/#primaryimage"},"image":{"@id":"https:\/\/guineediversite.com\/index.php\/2018\/05\/11\/insecurite-routiere-conduisant-une-remorque-un-enfant-adolescent-interpelle\/#primaryimage"},"thumbnailUrl":"https:\/\/guineediversite.com\/wp-content\/uploads\/2018\/05\/32219091_2028268000768308_3375015640845778944_n.jpg","datePublished":"2018-05-11T12:13:52+00:00","dateModified":"2018-05-11T22:31:02+00:00","breadcrumb":{"@id":"https:\/\/guineediversite.com\/index.php\/2018\/05\/11\/insecurite-routiere-conduisant-une-remorque-un-enfant-adolescent-interpelle\/#breadcrumb"},"inLanguage":"fr-FR","potentialAction":[{"@type":"ReadAction","target":["https:\/\/guineediversite.com\/index.php\/2018\/05\/11\/insecurite-routiere-conduisant-une-remorque-un-enfant-adolescent-interpelle\/"]}]},{"@type":"ImageObject","inLanguage":"fr-FR","@id":"https:\/\/guineediversite.com\/index.php\/2018\/05\/11\/insecurite-routiere-conduisant-une-remorque-un-enfant-adolescent-interpelle\/#primaryimage","url":"https:\/\/guineediversite.com\/wp-content\/uploads\/2018\/05\/32219091_2028268000768308_3375015640845778944_n.jpg","contentUrl":"https:\/\/guineediversite.com\/wp-content\/uploads\/2018\/05\/32219091_2028268000768308_3375015640845778944_n.jpg","width":"1365","height":"1024"},{"@type":"BreadcrumbList","@id":"https:\/\/guineediversite.com\/index.php\/2018\/05\/11\/insecurite-routiere-conduisant-une-remorque-un-enfant-adolescent-interpelle\/#breadcrumb","itemListElement":[{"@type":"ListItem","position":1,"name":"Accueil","item":"https:\/\/guineediversite.com\/"},{"@type":"ListItem","position":2,"name":"Ins\u00e9curit\u00e9 routi\u00e8re : un adolescent interpell\u00e9 au volant d&rsquo;un camion remorque"}]},{"@type":"WebSite","@id":"https:\/\/guineediversite.com\/#website","url":"https:\/\/guineediversite.com\/","name":"Guin\u00e9e Diversit\u00e9","description":"L&#039;Info dans toute sa diversit\u00e9","publisher":{"@id":"https:\/\/guineediversite.com\/#organization"},"potentialAction":[{"@type":"SearchAction","target":{"@type":"EntryPoint","urlTemplate":"https:\/\/guineediversite.com\/?s={search_term_string}"},"query-input":{"@type":"PropertyValueSpecification","valueRequired":true,"valueName":"search_term_string"}}],"inLanguage":"fr-FR"},{"@type":"Organization","@id":"https:\/\/guineediversite.com\/#organization","name":"Guin\u00e9e Diversit\u00e9","url":"https:\/\/guineediversite.com\/","logo":{"@type":"ImageObject","inLanguage":"fr-FR","@id":"https:\/\/guineediversite.com\/#\/schema\/logo\/image\/","url":"https:\/\/guineediversite.com\/wp-content\/uploads\/2017\/04\/cropped-1jojlxEOMkX9Wyqfhe43D6kjPOGqBBKmx3EwWJqZ0cMrFF54yM49.png","contentUrl":"https:\/\/guineediversite.com\/wp-content\/uploads\/2017\/04\/cropped-1jojlxEOMkX9Wyqfhe43D6kjPOGqBBKmx3EwWJqZ0cMrFF54yM49.png","width":186,"height":112,"caption":"Guin\u00e9e Diversit\u00e9"},"image":{"@id":"https:\/\/guineediversite.com\/#\/schema\/logo\/image\/"},"sameAs":["https:\/\/www.facebook.com\/guineediversite\/","https:\/\/x.com\/GuineeDiversite","https:\/\/www.youtube.com\/channel\/UC8sUY16qelG5ge6_D5SB83g"]},{"@type":"Person","@id":"https:\/\/guineediversite.com\/#\/schema\/person\/079ec347f72d2acde4b56a50a4fd46dc","name":"Moussa Mo\u00efse K\u00e9ita","image":{"@type":"ImageObject","inLanguage":"fr-FR","@id":"https:\/\/guineediversite.com\/#\/schema\/person\/image\/","url":"https:\/\/secure.gravatar.com\/avatar\/edf1ea2cc01841e6c0b49384bcb1385b?s=96&d=mm&r=g","contentUrl":"https:\/\/secure.gravatar.com\/avatar\/edf1ea2cc01841e6c0b49384bcb1385b?s=96&d=mm&r=g","caption":"Moussa Mo\u00efse K\u00e9ita"},"url":"https:\/\/guineediversite.com\/index.php\/author\/moussa-moise\/"}]}},"_links":{"self":[{"href":"https:\/\/guineediversite.com\/index.php\/wp-json\/wp\/v2\/posts\/25180"}],"collection":[{"href":"https:\/\/guineediversite.com\/index.php\/wp-json\/wp\/v2\/posts"}],"about":[{"href":"https:\/\/guineediversite.com\/index.php\/wp-json\/wp\/v2\/types\/post"}],"author":[{"embeddable":true,"href":"https:\/\/guineediversite.com\/index.php\/wp-json\/wp\/v2\/users\/16"}],"replies":[{"embeddable":true,"href":"https:\/\/guineediversite.com\/index.php\/wp-json\/wp\/v2\/comments?post=25180"}],"version-history":[{"count":0,"href":"https:\/\/guineediversite.com\/index.php\/wp-json\/wp\/v2\/posts\/25180\/revisions"}],"wp:featuredmedia":[{"embeddable":true,"href":"https:\/\/guineediversite.com\/index.php\/wp-json\/wp\/v2\/media\/25181"}],"wp:attachment":[{"href":"https:\/\/guineediversite.com\/index.php\/wp-json\/wp\/v2\/media?parent=25180"}],"wp:term":[{"taxonomy":"category","embeddable":true,"href":"https:\/\/guineediversite.com\/index.php\/wp-json\/wp\/v2\/categories?post=25180"},{"taxonomy":"post_tag","embeddable":true,"href":"https:\/\/guineediversite.com\/index.php\/wp-json\/wp\/v2\/tags?post=25180"}],"curies":[{"name":"wp","href":"https:\/\/api.w.org\/{rel}","templated":true}]}}