{"id":25168,"date":"2018-05-11T10:37:02","date_gmt":"2018-05-11T08:37:02","guid":{"rendered":"https:\/\/guineediversite.com\/?p=25168"},"modified":"2018-05-11T10:37:02","modified_gmt":"2018-05-11T08:37:02","slug":"la-societe-civile-sactive-contre-le-recrutement-illicite-des-migrants","status":"publish","type":"post","link":"https:\/\/guineediversite.com\/index.php\/2018\/05\/11\/la-societe-civile-sactive-contre-le-recrutement-illicite-des-migrants\/","title":{"rendered":"La soci\u00e9t\u00e9 civile s&rsquo;active contre le recrutement illicite des migrants"},"content":{"rendered":"<p><strong>\u00a0Les acteurs de la soci\u00e9t\u00e9 civile venus de la sous r\u00e9gion et des partenaires de l&rsquo;Union Europ\u00e9enne et du MADE se sont pench\u00e9s sur les pratiques ill\u00e9gales de recrutement de migrants et travailleurs de Guin\u00e9e pouvant conduire \u00e0 des cas de traite et trafic de migrants. <\/strong><\/p>\n<p>Ils veulent \u00e0 travers des actions stopper les tracasseries et traitements inhumains subis par les migrants dans les pays du Moyen-Orient et du Maghreb sous l&rsquo;effet des recrutements ill\u00e9gaux au niveau national et international. Selon Dr Alpha Abdoulaye Diallo, vice pr\u00e9sident du CNOSCG, une l\u00e9gislation appropri\u00e9e de l&rsquo;\u00c9tat en vue du renforcement de la strat\u00e9gie de prise en compte des droits citoyens est importante.<\/p>\n<p>\u00ab <em>Nos compatriotes se retrouvent bloqu\u00e9s dans les pays du Moyen-Orient et d\u00e9pourvus de tous moyens de lutte et victimes des passeurs, des contrebandiers. Ces derniers les font subir toutes sortes de trafic mais aussi des traites des personnes comme dans nombreux pays du Moyen-Orient. Donc il est extr\u00eamement important qu&rsquo;il y ait des r\u00e9ponses appropri\u00e9es de l&rsquo;\u00c9tat en terme de l\u00e9gislation mais aussi de renforcement de la strat\u00e9gie de prise en compte des droits de nos citoyens \u00e0 l&rsquo;ext\u00e9rieur o\u00f9 ils sont victimes de ces traites et de ces pratiques. Ensuite, il est n\u00e9cessaire aujourd&rsquo;hui de construire un v\u00e9ritable dialogue entre les acteurs de la soci\u00e9t\u00e9 civile et tous les pouvoirs publics et tous les partenaires sur la lutte contre le trafic et la traite des personnes pouvant conduire nos compatriotes \u00e0 \u00eatre bloqu\u00e9s, \u00e0 \u00eatre maltrait\u00e9s dans les pays du Maghreb et dans les pays du Moyen-Orient,<\/em>\u00bb explique t&rsquo;il.<\/p>\n<p>Pour Dr Alpha, la seule mani\u00e8re de lutter contre ces passeurs est de durcir la loi \u00ab<em>c&rsquo;est de pr\u00e9voir ces cas au niveau de notre code p\u00e9nal et de renforcer les peines, renforcer la l\u00e9gislation en la mati\u00e8re, et aussi renforcer les moyens de lutte, renforcer les actions de r\u00e9pression contre ces personnes. \u00c7a pourra dissuader les autres qui tirent des b\u00e9n\u00e9fices incommensurables, c&rsquo;est \u00e0 dire consid\u00e9rables sur cette pratique de traite et de trafic illicites de personnes. Bien entendu il est important aujourd&rsquo;hui que les questions de traite et de trafic illicite soient enseign\u00e9es dans les \u00e9coles maternelles, les \u00e9coles primaires, les secondaires mais aussi les universit\u00e9s pour que nos enfants sachent qu\u2019il y a des limites dans l&rsquo;aventure, des risques de traite et de trafic des personnes pour qu&rsquo;ils fassent attention, qu&rsquo;ils ne portent pas confiance en n&rsquo;importe qui dans le cadre de la recherche de la voie \u00e0 la migration<\/em>,\u00bb estime le vice pr\u00e9sident du CNOSCG.<\/p>\n<p>La finalit\u00e9 de cette rencontre est de construire un plaidoyer concert\u00e9 entre les acteurs de la soci\u00e9t\u00e9 civile et les pouvoirs publics et tous les partenaires pour renforcer le dispositif l\u00e9gal de la Guin\u00e9e en mati\u00e8re de lutte contre le trafic et la traite des personnes.<\/p>\n","protected":false},"excerpt":{"rendered":"<p>\u00a0Les acteurs de la soci\u00e9t\u00e9 civile venus de la sous r\u00e9gion et des partenaires de l&rsquo;Union Europ\u00e9enne et du MADE se sont pench\u00e9s sur les pratiques ill\u00e9gales de recrutement de migrants et travailleurs de Guin\u00e9e pouvant conduire \u00e0 des cas de traite et trafic de migrants. Ils veulent \u00e0 travers des actions stopper les tracasseries [&hellip;]<\/p>\n","protected":false},"author":16,"featured_media":25169,"comment_status":"closed","ping_status":"closed","sticky":false,"template":"","format":"standard","meta":{"_exactmetrics_skip_tracking":false,"_exactmetrics_sitenote_active":false,"_exactmetrics_sitenote_note":"","_exactmetrics_sitenote_category":0,"tdm_status":"","tdm_grid_status":"","footnotes":""},"categories":[16],"tags":[],"class_list":{"0":"post-25168","1":"post","2":"type-post","3":"status-publish","4":"format-standard","5":"has-post-thumbnail","7":"category-societe"},"yoast_head":"<!-- This site is optimized with the Yoast SEO plugin v24.2 - https:\/\/yoast.com\/wordpress\/plugins\/seo\/ -->\n<title>La soci\u00e9t\u00e9 civile s&#039;active contre le recrutement illicite des migrants | Guin\u00e9e Diversit\u00e9<\/title>\n<meta name=\"robots\" content=\"index, follow, max-snippet:-1, max-image-preview:large, max-video-preview:-1\" \/>\n<link rel=\"canonical\" href=\"https:\/\/guineediversite.com\/index.php\/2018\/05\/11\/la-societe-civile-sactive-contre-le-recrutement-illicite-des-migrants\/\" \/>\n<meta property=\"og:locale\" content=\"fr_FR\" \/>\n<meta property=\"og:type\" content=\"article\" \/>\n<meta property=\"og:title\" content=\"La soci\u00e9t\u00e9 civile s&#039;active contre le recrutement illicite des migrants | Guin\u00e9e Diversit\u00e9\" \/>\n<meta property=\"og:description\" content=\"\u00a0Les acteurs de la soci\u00e9t\u00e9 civile venus de la sous r\u00e9gion et des partenaires de l&rsquo;Union Europ\u00e9enne et du MADE se sont pench\u00e9s sur les pratiques ill\u00e9gales de recrutement de migrants et travailleurs de Guin\u00e9e pouvant conduire \u00e0 des cas de traite et trafic de migrants. Ils veulent \u00e0 travers des actions stopper les tracasseries [&hellip;]\" \/>\n<meta property=\"og:url\" content=\"https:\/\/guineediversite.com\/index.php\/2018\/05\/11\/la-societe-civile-sactive-contre-le-recrutement-illicite-des-migrants\/\" \/>\n<meta property=\"og:site_name\" content=\"Guin\u00e9e Diversit\u00e9\" \/>\n<meta property=\"article:publisher\" content=\"https:\/\/www.facebook.com\/guineediversite\/\" \/>\n<meta property=\"article:published_time\" content=\"2018-05-11T08:37:02+00:00\" \/>\n<meta property=\"og:image\" content=\"https:\/\/guineediversite.com\/wp-content\/uploads\/2018\/05\/32214719_2028269307434844_3284505913821495296_n.jpg\" \/>\n\t<meta property=\"og:image:width\" content=\"7680\" \/>\n\t<meta property=\"og:image:height\" content=\"5760\" \/>\n\t<meta property=\"og:image:type\" content=\"image\/jpeg\" \/>\n<meta name=\"author\" content=\"Moussa Mo\u00efse K\u00e9ita\" \/>\n<meta name=\"twitter:card\" content=\"summary_large_image\" \/>\n<meta name=\"twitter:creator\" content=\"@GuineeDiversite\" \/>\n<meta name=\"twitter:site\" content=\"@GuineeDiversite\" \/>\n<meta name=\"twitter:label1\" content=\"\u00c9crit par\" \/>\n\t<meta name=\"twitter:data1\" content=\"Moussa Mo\u00efse K\u00e9ita\" \/>\n\t<meta name=\"twitter:label2\" content=\"Dur\u00e9e de lecture estim\u00e9e\" \/>\n\t<meta name=\"twitter:data2\" content=\"3 minutes\" \/>\n<script type=\"application\/ld+json\" class=\"yoast-schema-graph\">{\"@context\":\"https:\/\/schema.org\",\"@graph\":[{\"@type\":\"Article\",\"@id\":\"https:\/\/guineediversite.com\/index.php\/2018\/05\/11\/la-societe-civile-sactive-contre-le-recrutement-illicite-des-migrants\/#article\",\"isPartOf\":{\"@id\":\"https:\/\/guineediversite.com\/index.php\/2018\/05\/11\/la-societe-civile-sactive-contre-le-recrutement-illicite-des-migrants\/\"},\"author\":{\"name\":\"Moussa Mo\u00efse K\u00e9ita\",\"@id\":\"https:\/\/guineediversite.com\/#\/schema\/person\/079ec347f72d2acde4b56a50a4fd46dc\"},\"headline\":\"La soci\u00e9t\u00e9 civile s&rsquo;active contre le recrutement illicite des migrants\",\"datePublished\":\"2018-05-11T08:37:02+00:00\",\"dateModified\":\"2018-05-11T08:37:02+00:00\",\"mainEntityOfPage\":{\"@id\":\"https:\/\/guineediversite.com\/index.php\/2018\/05\/11\/la-societe-civile-sactive-contre-le-recrutement-illicite-des-migrants\/\"},\"wordCount\":526,\"publisher\":{\"@id\":\"https:\/\/guineediversite.com\/#organization\"},\"image\":{\"@id\":\"https:\/\/guineediversite.com\/index.php\/2018\/05\/11\/la-societe-civile-sactive-contre-le-recrutement-illicite-des-migrants\/#primaryimage\"},\"thumbnailUrl\":\"https:\/\/guineediversite.com\/wp-content\/uploads\/2018\/05\/32214719_2028269307434844_3284505913821495296_n.jpg\",\"articleSection\":[\"Soci\u00e9t\u00e9\"],\"inLanguage\":\"fr-FR\"},{\"@type\":\"WebPage\",\"@id\":\"https:\/\/guineediversite.com\/index.php\/2018\/05\/11\/la-societe-civile-sactive-contre-le-recrutement-illicite-des-migrants\/\",\"url\":\"https:\/\/guineediversite.com\/index.php\/2018\/05\/11\/la-societe-civile-sactive-contre-le-recrutement-illicite-des-migrants\/\",\"name\":\"La soci\u00e9t\u00e9 civile s'active contre le recrutement illicite des migrants | Guin\u00e9e Diversit\u00e9\",\"isPartOf\":{\"@id\":\"https:\/\/guineediversite.com\/#website\"},\"primaryImageOfPage\":{\"@id\":\"https:\/\/guineediversite.com\/index.php\/2018\/05\/11\/la-societe-civile-sactive-contre-le-recrutement-illicite-des-migrants\/#primaryimage\"},\"image\":{\"@id\":\"https:\/\/guineediversite.com\/index.php\/2018\/05\/11\/la-societe-civile-sactive-contre-le-recrutement-illicite-des-migrants\/#primaryimage\"},\"thumbnailUrl\":\"https:\/\/guineediversite.com\/wp-content\/uploads\/2018\/05\/32214719_2028269307434844_3284505913821495296_n.jpg\",\"datePublished\":\"2018-05-11T08:37:02+00:00\",\"dateModified\":\"2018-05-11T08:37:02+00:00\",\"breadcrumb\":{\"@id\":\"https:\/\/guineediversite.com\/index.php\/2018\/05\/11\/la-societe-civile-sactive-contre-le-recrutement-illicite-des-migrants\/#breadcrumb\"},\"inLanguage\":\"fr-FR\",\"potentialAction\":[{\"@type\":\"ReadAction\",\"target\":[\"https:\/\/guineediversite.com\/index.php\/2018\/05\/11\/la-societe-civile-sactive-contre-le-recrutement-illicite-des-migrants\/\"]}]},{\"@type\":\"ImageObject\",\"inLanguage\":\"fr-FR\",\"@id\":\"https:\/\/guineediversite.com\/index.php\/2018\/05\/11\/la-societe-civile-sactive-contre-le-recrutement-illicite-des-migrants\/#primaryimage\",\"url\":\"https:\/\/guineediversite.com\/wp-content\/uploads\/2018\/05\/32214719_2028269307434844_3284505913821495296_n.jpg\",\"contentUrl\":\"https:\/\/guineediversite.com\/wp-content\/uploads\/2018\/05\/32214719_2028269307434844_3284505913821495296_n.jpg\",\"width\":\"7680\",\"height\":\"5760\"},{\"@type\":\"BreadcrumbList\",\"@id\":\"https:\/\/guineediversite.com\/index.php\/2018\/05\/11\/la-societe-civile-sactive-contre-le-recrutement-illicite-des-migrants\/#breadcrumb\",\"itemListElement\":[{\"@type\":\"ListItem\",\"position\":1,\"name\":\"Accueil\",\"item\":\"https:\/\/guineediversite.com\/\"},{\"@type\":\"ListItem\",\"position\":2,\"name\":\"La soci\u00e9t\u00e9 civile s&rsquo;active contre le recrutement illicite des migrants\"}]},{\"@type\":\"WebSite\",\"@id\":\"https:\/\/guineediversite.com\/#website\",\"url\":\"https:\/\/guineediversite.com\/\",\"name\":\"Guin\u00e9e Diversit\u00e9\",\"description\":\"L&#039;Info dans toute sa diversit\u00e9\",\"publisher\":{\"@id\":\"https:\/\/guineediversite.com\/#organization\"},\"potentialAction\":[{\"@type\":\"SearchAction\",\"target\":{\"@type\":\"EntryPoint\",\"urlTemplate\":\"https:\/\/guineediversite.com\/?s={search_term_string}\"},\"query-input\":{\"@type\":\"PropertyValueSpecification\",\"valueRequired\":true,\"valueName\":\"search_term_string\"}}],\"inLanguage\":\"fr-FR\"},{\"@type\":\"Organization\",\"@id\":\"https:\/\/guineediversite.com\/#organization\",\"name\":\"Guin\u00e9e Diversit\u00e9\",\"url\":\"https:\/\/guineediversite.com\/\",\"logo\":{\"@type\":\"ImageObject\",\"inLanguage\":\"fr-FR\",\"@id\":\"https:\/\/guineediversite.com\/#\/schema\/logo\/image\/\",\"url\":\"https:\/\/guineediversite.com\/wp-content\/uploads\/2017\/04\/cropped-1jojlxEOMkX9Wyqfhe43D6kjPOGqBBKmx3EwWJqZ0cMrFF54yM49.png\",\"contentUrl\":\"https:\/\/guineediversite.com\/wp-content\/uploads\/2017\/04\/cropped-1jojlxEOMkX9Wyqfhe43D6kjPOGqBBKmx3EwWJqZ0cMrFF54yM49.png\",\"width\":186,\"height\":112,\"caption\":\"Guin\u00e9e Diversit\u00e9\"},\"image\":{\"@id\":\"https:\/\/guineediversite.com\/#\/schema\/logo\/image\/\"},\"sameAs\":[\"https:\/\/www.facebook.com\/guineediversite\/\",\"https:\/\/x.com\/GuineeDiversite\",\"https:\/\/www.youtube.com\/channel\/UC8sUY16qelG5ge6_D5SB83g\"]},{\"@type\":\"Person\",\"@id\":\"https:\/\/guineediversite.com\/#\/schema\/person\/079ec347f72d2acde4b56a50a4fd46dc\",\"name\":\"Moussa Mo\u00efse K\u00e9ita\",\"image\":{\"@type\":\"ImageObject\",\"inLanguage\":\"fr-FR\",\"@id\":\"https:\/\/guineediversite.com\/#\/schema\/person\/image\/\",\"url\":\"https:\/\/secure.gravatar.com\/avatar\/edf1ea2cc01841e6c0b49384bcb1385b?s=96&d=mm&r=g\",\"contentUrl\":\"https:\/\/secure.gravatar.com\/avatar\/edf1ea2cc01841e6c0b49384bcb1385b?s=96&d=mm&r=g\",\"caption\":\"Moussa Mo\u00efse K\u00e9ita\"},\"url\":\"https:\/\/guineediversite.com\/index.php\/author\/moussa-moise\/\"}]}<\/script>\n<!-- \/ Yoast SEO plugin. -->","yoast_head_json":{"title":"La soci\u00e9t\u00e9 civile s'active contre le recrutement illicite des migrants | Guin\u00e9e Diversit\u00e9","robots":{"index":"index","follow":"follow","max-snippet":"max-snippet:-1","max-image-preview":"max-image-preview:large","max-video-preview":"max-video-preview:-1"},"canonical":"https:\/\/guineediversite.com\/index.php\/2018\/05\/11\/la-societe-civile-sactive-contre-le-recrutement-illicite-des-migrants\/","og_locale":"fr_FR","og_type":"article","og_title":"La soci\u00e9t\u00e9 civile s'active contre le recrutement illicite des migrants | Guin\u00e9e Diversit\u00e9","og_description":"\u00a0Les acteurs de la soci\u00e9t\u00e9 civile venus de la sous r\u00e9gion et des partenaires de l&rsquo;Union Europ\u00e9enne et du MADE se sont pench\u00e9s sur les pratiques ill\u00e9gales de recrutement de migrants et travailleurs de Guin\u00e9e pouvant conduire \u00e0 des cas de traite et trafic de migrants. Ils veulent \u00e0 travers des actions stopper les tracasseries [&hellip;]","og_url":"https:\/\/guineediversite.com\/index.php\/2018\/05\/11\/la-societe-civile-sactive-contre-le-recrutement-illicite-des-migrants\/","og_site_name":"Guin\u00e9e Diversit\u00e9","article_publisher":"https:\/\/www.facebook.com\/guineediversite\/","article_published_time":"2018-05-11T08:37:02+00:00","og_image":[{"width":7680,"height":5760,"url":"https:\/\/guineediversite.com\/wp-content\/uploads\/2018\/05\/32214719_2028269307434844_3284505913821495296_n.jpg","type":"image\/jpeg"}],"author":"Moussa Mo\u00efse K\u00e9ita","twitter_card":"summary_large_image","twitter_creator":"@GuineeDiversite","twitter_site":"@GuineeDiversite","twitter_misc":{"\u00c9crit par":"Moussa Mo\u00efse K\u00e9ita","Dur\u00e9e de lecture estim\u00e9e":"3 minutes"},"schema":{"@context":"https:\/\/schema.org","@graph":[{"@type":"Article","@id":"https:\/\/guineediversite.com\/index.php\/2018\/05\/11\/la-societe-civile-sactive-contre-le-recrutement-illicite-des-migrants\/#article","isPartOf":{"@id":"https:\/\/guineediversite.com\/index.php\/2018\/05\/11\/la-societe-civile-sactive-contre-le-recrutement-illicite-des-migrants\/"},"author":{"name":"Moussa Mo\u00efse K\u00e9ita","@id":"https:\/\/guineediversite.com\/#\/schema\/person\/079ec347f72d2acde4b56a50a4fd46dc"},"headline":"La soci\u00e9t\u00e9 civile s&rsquo;active contre le recrutement illicite des migrants","datePublished":"2018-05-11T08:37:02+00:00","dateModified":"2018-05-11T08:37:02+00:00","mainEntityOfPage":{"@id":"https:\/\/guineediversite.com\/index.php\/2018\/05\/11\/la-societe-civile-sactive-contre-le-recrutement-illicite-des-migrants\/"},"wordCount":526,"publisher":{"@id":"https:\/\/guineediversite.com\/#organization"},"image":{"@id":"https:\/\/guineediversite.com\/index.php\/2018\/05\/11\/la-societe-civile-sactive-contre-le-recrutement-illicite-des-migrants\/#primaryimage"},"thumbnailUrl":"https:\/\/guineediversite.com\/wp-content\/uploads\/2018\/05\/32214719_2028269307434844_3284505913821495296_n.jpg","articleSection":["Soci\u00e9t\u00e9"],"inLanguage":"fr-FR"},{"@type":"WebPage","@id":"https:\/\/guineediversite.com\/index.php\/2018\/05\/11\/la-societe-civile-sactive-contre-le-recrutement-illicite-des-migrants\/","url":"https:\/\/guineediversite.com\/index.php\/2018\/05\/11\/la-societe-civile-sactive-contre-le-recrutement-illicite-des-migrants\/","name":"La soci\u00e9t\u00e9 civile s'active contre le recrutement illicite des migrants | Guin\u00e9e Diversit\u00e9","isPartOf":{"@id":"https:\/\/guineediversite.com\/#website"},"primaryImageOfPage":{"@id":"https:\/\/guineediversite.com\/index.php\/2018\/05\/11\/la-societe-civile-sactive-contre-le-recrutement-illicite-des-migrants\/#primaryimage"},"image":{"@id":"https:\/\/guineediversite.com\/index.php\/2018\/05\/11\/la-societe-civile-sactive-contre-le-recrutement-illicite-des-migrants\/#primaryimage"},"thumbnailUrl":"https:\/\/guineediversite.com\/wp-content\/uploads\/2018\/05\/32214719_2028269307434844_3284505913821495296_n.jpg","datePublished":"2018-05-11T08:37:02+00:00","dateModified":"2018-05-11T08:37:02+00:00","breadcrumb":{"@id":"https:\/\/guineediversite.com\/index.php\/2018\/05\/11\/la-societe-civile-sactive-contre-le-recrutement-illicite-des-migrants\/#breadcrumb"},"inLanguage":"fr-FR","potentialAction":[{"@type":"ReadAction","target":["https:\/\/guineediversite.com\/index.php\/2018\/05\/11\/la-societe-civile-sactive-contre-le-recrutement-illicite-des-migrants\/"]}]},{"@type":"ImageObject","inLanguage":"fr-FR","@id":"https:\/\/guineediversite.com\/index.php\/2018\/05\/11\/la-societe-civile-sactive-contre-le-recrutement-illicite-des-migrants\/#primaryimage","url":"https:\/\/guineediversite.com\/wp-content\/uploads\/2018\/05\/32214719_2028269307434844_3284505913821495296_n.jpg","contentUrl":"https:\/\/guineediversite.com\/wp-content\/uploads\/2018\/05\/32214719_2028269307434844_3284505913821495296_n.jpg","width":"7680","height":"5760"},{"@type":"BreadcrumbList","@id":"https:\/\/guineediversite.com\/index.php\/2018\/05\/11\/la-societe-civile-sactive-contre-le-recrutement-illicite-des-migrants\/#breadcrumb","itemListElement":[{"@type":"ListItem","position":1,"name":"Accueil","item":"https:\/\/guineediversite.com\/"},{"@type":"ListItem","position":2,"name":"La soci\u00e9t\u00e9 civile s&rsquo;active contre le recrutement illicite des migrants"}]},{"@type":"WebSite","@id":"https:\/\/guineediversite.com\/#website","url":"https:\/\/guineediversite.com\/","name":"Guin\u00e9e Diversit\u00e9","description":"L&#039;Info dans toute sa diversit\u00e9","publisher":{"@id":"https:\/\/guineediversite.com\/#organization"},"potentialAction":[{"@type":"SearchAction","target":{"@type":"EntryPoint","urlTemplate":"https:\/\/guineediversite.com\/?s={search_term_string}"},"query-input":{"@type":"PropertyValueSpecification","valueRequired":true,"valueName":"search_term_string"}}],"inLanguage":"fr-FR"},{"@type":"Organization","@id":"https:\/\/guineediversite.com\/#organization","name":"Guin\u00e9e Diversit\u00e9","url":"https:\/\/guineediversite.com\/","logo":{"@type":"ImageObject","inLanguage":"fr-FR","@id":"https:\/\/guineediversite.com\/#\/schema\/logo\/image\/","url":"https:\/\/guineediversite.com\/wp-content\/uploads\/2017\/04\/cropped-1jojlxEOMkX9Wyqfhe43D6kjPOGqBBKmx3EwWJqZ0cMrFF54yM49.png","contentUrl":"https:\/\/guineediversite.com\/wp-content\/uploads\/2017\/04\/cropped-1jojlxEOMkX9Wyqfhe43D6kjPOGqBBKmx3EwWJqZ0cMrFF54yM49.png","width":186,"height":112,"caption":"Guin\u00e9e Diversit\u00e9"},"image":{"@id":"https:\/\/guineediversite.com\/#\/schema\/logo\/image\/"},"sameAs":["https:\/\/www.facebook.com\/guineediversite\/","https:\/\/x.com\/GuineeDiversite","https:\/\/www.youtube.com\/channel\/UC8sUY16qelG5ge6_D5SB83g"]},{"@type":"Person","@id":"https:\/\/guineediversite.com\/#\/schema\/person\/079ec347f72d2acde4b56a50a4fd46dc","name":"Moussa Mo\u00efse K\u00e9ita","image":{"@type":"ImageObject","inLanguage":"fr-FR","@id":"https:\/\/guineediversite.com\/#\/schema\/person\/image\/","url":"https:\/\/secure.gravatar.com\/avatar\/edf1ea2cc01841e6c0b49384bcb1385b?s=96&d=mm&r=g","contentUrl":"https:\/\/secure.gravatar.com\/avatar\/edf1ea2cc01841e6c0b49384bcb1385b?s=96&d=mm&r=g","caption":"Moussa Mo\u00efse K\u00e9ita"},"url":"https:\/\/guineediversite.com\/index.php\/author\/moussa-moise\/"}]}},"_links":{"self":[{"href":"https:\/\/guineediversite.com\/index.php\/wp-json\/wp\/v2\/posts\/25168"}],"collection":[{"href":"https:\/\/guineediversite.com\/index.php\/wp-json\/wp\/v2\/posts"}],"about":[{"href":"https:\/\/guineediversite.com\/index.php\/wp-json\/wp\/v2\/types\/post"}],"author":[{"embeddable":true,"href":"https:\/\/guineediversite.com\/index.php\/wp-json\/wp\/v2\/users\/16"}],"replies":[{"embeddable":true,"href":"https:\/\/guineediversite.com\/index.php\/wp-json\/wp\/v2\/comments?post=25168"}],"version-history":[{"count":0,"href":"https:\/\/guineediversite.com\/index.php\/wp-json\/wp\/v2\/posts\/25168\/revisions"}],"wp:featuredmedia":[{"embeddable":true,"href":"https:\/\/guineediversite.com\/index.php\/wp-json\/wp\/v2\/media\/25169"}],"wp:attachment":[{"href":"https:\/\/guineediversite.com\/index.php\/wp-json\/wp\/v2\/media?parent=25168"}],"wp:term":[{"taxonomy":"category","embeddable":true,"href":"https:\/\/guineediversite.com\/index.php\/wp-json\/wp\/v2\/categories?post=25168"},{"taxonomy":"post_tag","embeddable":true,"href":"https:\/\/guineediversite.com\/index.php\/wp-json\/wp\/v2\/tags?post=25168"}],"curies":[{"name":"wp","href":"https:\/\/api.w.org\/{rel}","templated":true}]}}