{"id":25166,"date":"2018-05-11T10:28:37","date_gmt":"2018-05-11T08:28:37","guid":{"rendered":"https:\/\/guineediversite.com\/?p=25166"},"modified":"2018-05-11T13:52:56","modified_gmt":"2018-05-11T11:52:56","slug":"politique-pourquoi-je-rencontre-alpha-conde-sinterroge-cellou-dalein-diallo","status":"publish","type":"post","link":"https:\/\/guineediversite.com\/index.php\/2018\/05\/11\/politique-pourquoi-je-rencontre-alpha-conde-sinterroge-cellou-dalein-diallo\/","title":{"rendered":"Politique : Pourquoi je rencontre Alpha Cond\u00e9 ? S\u2019interroge Cellou Dalein Diallo"},"content":{"rendered":"<p>Le chef de file de l\u2019opposition rencontre \u00e0 chaque moment le Pr\u00e9sident Alpha Cond\u00e9 pour discuter des probl\u00e8mes du pays mais\u00a0<span id=\"spans0e0\" class=\"ac ui\" style=\"cursor: pointer; color: #8924d8; text-decoration: underline; font-family: Montserrat, Arial, 'sans serif'; font-size: 14px; font-style: normal; font-variant-ligatures: normal; font-variant-caps: normal; font-weight: 400; letter-spacing: normal; orphans: 2; text-align: start; text-indent: 0px; text-transform: none; white-space: normal; widows: 2; word-spacing: 0px; -webkit-text-stroke-width: 0px;\">parait<\/span>-il aucun r\u00e9sultat concluant ne r\u00e9sulte de\u00a0<span id=\"spans0e1\" class=\"ac ui\" style=\"cursor: pointer; color: #8924d8; text-decoration: underline; font-family: Montserrat, Arial, 'sans serif'; font-size: 14px; font-style: normal; font-variant-ligatures: normal; font-variant-caps: normal; font-weight: 400; letter-spacing: normal; orphans: 2; text-align: start; text-indent: 0px; text-transform: none; white-space: normal; widows: 2; word-spacing: 0px; -webkit-text-stroke-width: 0px;\">ces<\/span>\u00a0multiples rencontres. Ce jeudi 10 mai au cours d\u2019une conf\u00e9rence de presse organis\u00e9e par l\u2019opposition r\u00e9publicaine, l\u2019ancien\u00a0<span id=\"spans1e0\" class=\"ac ui\">premier ministre<\/span>\u00a0de Lansana Cont\u00e9 s\u2019est exprim\u00e9 sur cette question.<br \/>\nPour Cellou Dalein Diallo, sa rencontre \u00e0 chaque moment avec le locataire de\u00a0<span id=\"spans2e0\" class=\"msac\" style=\"cursor: pointer; background-color: #8fffd5; text-decoration: underline; color: #32485f; font-family: Montserrat, Arial, 'sans serif'; font-size: 14px; font-style: normal; font-variant-ligatures: normal; font-variant-caps: normal; font-weight: 400; letter-spacing: normal; orphans: 2; text-align: start; text-indent: 0px; text-transform: none; white-space: normal; widows: 2; word-spacing: 0px; -webkit-text-stroke-width: 0px;\">S\u00e9khoutoureyah<\/span>\u00a0s\u2019inscrit dans le cadre d\u2019apaiser les tensions dans le pays. Mais malheureusement dit-il, toutes ces tentatives sont vaines.<br \/>\n\u00ab Mais je suis un homme de dialogue, lorsque\u00a0 je peux faire l\u2019\u00e9conomie d\u2019une manifestation. Vraiment, je pr\u00e9f\u00e8re la faire. S\u2019il y a une possibilit\u00e9 de trouver des solutions au niveau du dialogue, je pr\u00e9f\u00e8re le dialogue.\u00bb<\/p>\n<p>Poursuivant, il r\u00e9it\u00e8re son souhait de trouver un consensus autour de la table en cas de probl\u00e8me : \u00ab Je le dis, je le r\u00e9p\u00e8te et je l\u2019assume je pr\u00e9f\u00e8re qu\u2019on trouve des solutions \u00e0 nos probl\u00e8mes, qu\u2019on aplanisse nos divergences autour de la table de n\u00e9gociation. Des qu\u2019il ya une opportunit\u00e9, je la saisie parce que pour moi la rue c\u2019est le dernier recours. C\u2019est un droit constitutionnel (manifestations ndlr), mais je pr\u00e9f\u00e8re l\u2019utiliser lorsque j\u2019aurai \u00e9puis\u00e9 tous les autres recours, c\u2019est \u00e7a mon principe. On me critique pour \u00e7a, mais je continuerai. Si le pr\u00e9sident me dit viens on va trouver une solution, je viendrais. Si on me dit on va aller \u00e0 la table de n\u00e9gociation, on viendra. Mais on ne renoncera jamais \u00e0 nos\u00a0 droit,\u00bb pr\u00e9cise Cellou Dalein . Avant\u00a0 de conclure sur la question \u00ab moi j\u2019ai une attitude r\u00e9publicaine, je suis chef de file de l\u2019opposition et la loi dit dit que s\u2019il y\u2019a des probl\u00e8mes, je dois rencontrer le chef de l\u2019\u00c9tat \u00e0 mon initiative ou \u00e0 la sienne. Lorsqu\u2019il ya une crise, s\u2019il m\u2019appelle pour me dire qu\u2019on va aplanir nos divergences en me disant \u2018\u2019 Petit fr\u00e8re vient\u2019\u2019 Je viendrai,\u00bb a-t-il indiqu\u00e9.<\/p>\n","protected":false},"excerpt":{"rendered":"<p>Le chef de file de l\u2019opposition rencontre \u00e0 chaque moment le Pr\u00e9sident Alpha Cond\u00e9 pour discuter des probl\u00e8mes du pays mais\u00a0parait-il aucun r\u00e9sultat concluant ne r\u00e9sulte de\u00a0ces\u00a0multiples rencontres. Ce jeudi 10 mai au cours d\u2019une conf\u00e9rence de presse organis\u00e9e par l\u2019opposition r\u00e9publicaine, l\u2019ancien\u00a0premier ministre\u00a0de Lansana Cont\u00e9 s\u2019est exprim\u00e9 sur cette question. Pour Cellou Dalein Diallo, [&hellip;]<\/p>\n","protected":false},"author":16,"featured_media":25155,"comment_status":"closed","ping_status":"closed","sticky":false,"template":"","format":"standard","meta":{"_exactmetrics_skip_tracking":false,"_exactmetrics_sitenote_active":false,"_exactmetrics_sitenote_note":"","_exactmetrics_sitenote_category":0,"tdm_status":"","tdm_grid_status":"","footnotes":""},"categories":[14],"tags":[],"class_list":{"0":"post-25166","1":"post","2":"type-post","3":"status-publish","4":"format-standard","5":"has-post-thumbnail","7":"category-politique"},"yoast_head":"<!-- This site is optimized with the Yoast SEO plugin v24.2 - https:\/\/yoast.com\/wordpress\/plugins\/seo\/ -->\n<title>Politique : Pourquoi je rencontre Alpha Cond\u00e9 ? S\u2019interroge Cellou Dalein Diallo | Guin\u00e9e Diversit\u00e9<\/title>\n<meta name=\"robots\" content=\"index, follow, max-snippet:-1, max-image-preview:large, max-video-preview:-1\" \/>\n<link rel=\"canonical\" href=\"https:\/\/guineediversite.com\/index.php\/2018\/05\/11\/politique-pourquoi-je-rencontre-alpha-conde-sinterroge-cellou-dalein-diallo\/\" \/>\n<meta property=\"og:locale\" content=\"fr_FR\" \/>\n<meta property=\"og:type\" content=\"article\" \/>\n<meta property=\"og:title\" content=\"Politique : Pourquoi je rencontre Alpha Cond\u00e9 ? S\u2019interroge Cellou Dalein Diallo | Guin\u00e9e Diversit\u00e9\" \/>\n<meta property=\"og:description\" content=\"Le chef de file de l\u2019opposition rencontre \u00e0 chaque moment le Pr\u00e9sident Alpha Cond\u00e9 pour discuter des probl\u00e8mes du pays mais\u00a0parait-il aucun r\u00e9sultat concluant ne r\u00e9sulte de\u00a0ces\u00a0multiples rencontres. Ce jeudi 10 mai au cours d\u2019une conf\u00e9rence de presse organis\u00e9e par l\u2019opposition r\u00e9publicaine, l\u2019ancien\u00a0premier ministre\u00a0de Lansana Cont\u00e9 s\u2019est exprim\u00e9 sur cette question. Pour Cellou Dalein Diallo, [&hellip;]\" \/>\n<meta property=\"og:url\" content=\"https:\/\/guineediversite.com\/index.php\/2018\/05\/11\/politique-pourquoi-je-rencontre-alpha-conde-sinterroge-cellou-dalein-diallo\/\" \/>\n<meta property=\"og:site_name\" content=\"Guin\u00e9e Diversit\u00e9\" \/>\n<meta property=\"article:publisher\" content=\"https:\/\/www.facebook.com\/guineediversite\/\" \/>\n<meta property=\"article:published_time\" content=\"2018-05-11T08:28:37+00:00\" \/>\n<meta property=\"article:modified_time\" content=\"2018-05-11T11:52:56+00:00\" \/>\n<meta property=\"og:image\" content=\"https:\/\/guineediversite.com\/wp-content\/uploads\/2018\/05\/32191781_2593938550831736_662709094380994560_n-1024x768.jpg\" \/>\n\t<meta property=\"og:image:width\" content=\"1024\" \/>\n\t<meta property=\"og:image:height\" content=\"768\" \/>\n\t<meta property=\"og:image:type\" content=\"image\/jpeg\" \/>\n<meta name=\"author\" content=\"Moussa Mo\u00efse K\u00e9ita\" \/>\n<meta name=\"twitter:card\" content=\"summary_large_image\" \/>\n<meta name=\"twitter:creator\" content=\"@GuineeDiversite\" \/>\n<meta name=\"twitter:site\" content=\"@GuineeDiversite\" \/>\n<meta name=\"twitter:label1\" content=\"\u00c9crit par\" \/>\n\t<meta name=\"twitter:data1\" content=\"Moussa Mo\u00efse K\u00e9ita\" \/>\n\t<meta name=\"twitter:label2\" content=\"Dur\u00e9e de lecture estim\u00e9e\" \/>\n\t<meta name=\"twitter:data2\" content=\"2 minutes\" \/>\n<script type=\"application\/ld+json\" class=\"yoast-schema-graph\">{\"@context\":\"https:\/\/schema.org\",\"@graph\":[{\"@type\":\"Article\",\"@id\":\"https:\/\/guineediversite.com\/index.php\/2018\/05\/11\/politique-pourquoi-je-rencontre-alpha-conde-sinterroge-cellou-dalein-diallo\/#article\",\"isPartOf\":{\"@id\":\"https:\/\/guineediversite.com\/index.php\/2018\/05\/11\/politique-pourquoi-je-rencontre-alpha-conde-sinterroge-cellou-dalein-diallo\/\"},\"author\":{\"name\":\"Moussa Mo\u00efse K\u00e9ita\",\"@id\":\"https:\/\/guineediversite.com\/#\/schema\/person\/079ec347f72d2acde4b56a50a4fd46dc\"},\"headline\":\"Politique : Pourquoi je rencontre Alpha Cond\u00e9 ? S\u2019interroge Cellou Dalein Diallo\",\"datePublished\":\"2018-05-11T08:28:37+00:00\",\"dateModified\":\"2018-05-11T11:52:56+00:00\",\"mainEntityOfPage\":{\"@id\":\"https:\/\/guineediversite.com\/index.php\/2018\/05\/11\/politique-pourquoi-je-rencontre-alpha-conde-sinterroge-cellou-dalein-diallo\/\"},\"wordCount\":380,\"publisher\":{\"@id\":\"https:\/\/guineediversite.com\/#organization\"},\"image\":{\"@id\":\"https:\/\/guineediversite.com\/index.php\/2018\/05\/11\/politique-pourquoi-je-rencontre-alpha-conde-sinterroge-cellou-dalein-diallo\/#primaryimage\"},\"thumbnailUrl\":\"https:\/\/guineediversite.com\/wp-content\/uploads\/2018\/05\/32191781_2593938550831736_662709094380994560_n.jpg\",\"articleSection\":[\"Politique\"],\"inLanguage\":\"fr-FR\"},{\"@type\":\"WebPage\",\"@id\":\"https:\/\/guineediversite.com\/index.php\/2018\/05\/11\/politique-pourquoi-je-rencontre-alpha-conde-sinterroge-cellou-dalein-diallo\/\",\"url\":\"https:\/\/guineediversite.com\/index.php\/2018\/05\/11\/politique-pourquoi-je-rencontre-alpha-conde-sinterroge-cellou-dalein-diallo\/\",\"name\":\"Politique : Pourquoi je rencontre Alpha Cond\u00e9 ? S\u2019interroge Cellou Dalein Diallo | Guin\u00e9e Diversit\u00e9\",\"isPartOf\":{\"@id\":\"https:\/\/guineediversite.com\/#website\"},\"primaryImageOfPage\":{\"@id\":\"https:\/\/guineediversite.com\/index.php\/2018\/05\/11\/politique-pourquoi-je-rencontre-alpha-conde-sinterroge-cellou-dalein-diallo\/#primaryimage\"},\"image\":{\"@id\":\"https:\/\/guineediversite.com\/index.php\/2018\/05\/11\/politique-pourquoi-je-rencontre-alpha-conde-sinterroge-cellou-dalein-diallo\/#primaryimage\"},\"thumbnailUrl\":\"https:\/\/guineediversite.com\/wp-content\/uploads\/2018\/05\/32191781_2593938550831736_662709094380994560_n.jpg\",\"datePublished\":\"2018-05-11T08:28:37+00:00\",\"dateModified\":\"2018-05-11T11:52:56+00:00\",\"breadcrumb\":{\"@id\":\"https:\/\/guineediversite.com\/index.php\/2018\/05\/11\/politique-pourquoi-je-rencontre-alpha-conde-sinterroge-cellou-dalein-diallo\/#breadcrumb\"},\"inLanguage\":\"fr-FR\",\"potentialAction\":[{\"@type\":\"ReadAction\",\"target\":[\"https:\/\/guineediversite.com\/index.php\/2018\/05\/11\/politique-pourquoi-je-rencontre-alpha-conde-sinterroge-cellou-dalein-diallo\/\"]}]},{\"@type\":\"ImageObject\",\"inLanguage\":\"fr-FR\",\"@id\":\"https:\/\/guineediversite.com\/index.php\/2018\/05\/11\/politique-pourquoi-je-rencontre-alpha-conde-sinterroge-cellou-dalein-diallo\/#primaryimage\",\"url\":\"https:\/\/guineediversite.com\/wp-content\/uploads\/2018\/05\/32191781_2593938550831736_662709094380994560_n.jpg\",\"contentUrl\":\"https:\/\/guineediversite.com\/wp-content\/uploads\/2018\/05\/32191781_2593938550831736_662709094380994560_n.jpg\",\"width\":\"7680\",\"height\":\"5760\"},{\"@type\":\"BreadcrumbList\",\"@id\":\"https:\/\/guineediversite.com\/index.php\/2018\/05\/11\/politique-pourquoi-je-rencontre-alpha-conde-sinterroge-cellou-dalein-diallo\/#breadcrumb\",\"itemListElement\":[{\"@type\":\"ListItem\",\"position\":1,\"name\":\"Accueil\",\"item\":\"https:\/\/guineediversite.com\/\"},{\"@type\":\"ListItem\",\"position\":2,\"name\":\"Politique : Pourquoi je rencontre Alpha Cond\u00e9 ? S\u2019interroge Cellou Dalein Diallo\"}]},{\"@type\":\"WebSite\",\"@id\":\"https:\/\/guineediversite.com\/#website\",\"url\":\"https:\/\/guineediversite.com\/\",\"name\":\"Guin\u00e9e Diversit\u00e9\",\"description\":\"L&#039;Info dans toute sa diversit\u00e9\",\"publisher\":{\"@id\":\"https:\/\/guineediversite.com\/#organization\"},\"potentialAction\":[{\"@type\":\"SearchAction\",\"target\":{\"@type\":\"EntryPoint\",\"urlTemplate\":\"https:\/\/guineediversite.com\/?s={search_term_string}\"},\"query-input\":{\"@type\":\"PropertyValueSpecification\",\"valueRequired\":true,\"valueName\":\"search_term_string\"}}],\"inLanguage\":\"fr-FR\"},{\"@type\":\"Organization\",\"@id\":\"https:\/\/guineediversite.com\/#organization\",\"name\":\"Guin\u00e9e Diversit\u00e9\",\"url\":\"https:\/\/guineediversite.com\/\",\"logo\":{\"@type\":\"ImageObject\",\"inLanguage\":\"fr-FR\",\"@id\":\"https:\/\/guineediversite.com\/#\/schema\/logo\/image\/\",\"url\":\"https:\/\/guineediversite.com\/wp-content\/uploads\/2017\/04\/cropped-1jojlxEOMkX9Wyqfhe43D6kjPOGqBBKmx3EwWJqZ0cMrFF54yM49.png\",\"contentUrl\":\"https:\/\/guineediversite.com\/wp-content\/uploads\/2017\/04\/cropped-1jojlxEOMkX9Wyqfhe43D6kjPOGqBBKmx3EwWJqZ0cMrFF54yM49.png\",\"width\":186,\"height\":112,\"caption\":\"Guin\u00e9e Diversit\u00e9\"},\"image\":{\"@id\":\"https:\/\/guineediversite.com\/#\/schema\/logo\/image\/\"},\"sameAs\":[\"https:\/\/www.facebook.com\/guineediversite\/\",\"https:\/\/x.com\/GuineeDiversite\",\"https:\/\/www.youtube.com\/channel\/UC8sUY16qelG5ge6_D5SB83g\"]},{\"@type\":\"Person\",\"@id\":\"https:\/\/guineediversite.com\/#\/schema\/person\/079ec347f72d2acde4b56a50a4fd46dc\",\"name\":\"Moussa Mo\u00efse K\u00e9ita\",\"image\":{\"@type\":\"ImageObject\",\"inLanguage\":\"fr-FR\",\"@id\":\"https:\/\/guineediversite.com\/#\/schema\/person\/image\/\",\"url\":\"https:\/\/secure.gravatar.com\/avatar\/edf1ea2cc01841e6c0b49384bcb1385b?s=96&d=mm&r=g\",\"contentUrl\":\"https:\/\/secure.gravatar.com\/avatar\/edf1ea2cc01841e6c0b49384bcb1385b?s=96&d=mm&r=g\",\"caption\":\"Moussa Mo\u00efse K\u00e9ita\"},\"url\":\"https:\/\/guineediversite.com\/index.php\/author\/moussa-moise\/\"}]}<\/script>\n<!-- \/ Yoast SEO plugin. -->","yoast_head_json":{"title":"Politique : Pourquoi je rencontre Alpha Cond\u00e9 ? S\u2019interroge Cellou Dalein Diallo | Guin\u00e9e Diversit\u00e9","robots":{"index":"index","follow":"follow","max-snippet":"max-snippet:-1","max-image-preview":"max-image-preview:large","max-video-preview":"max-video-preview:-1"},"canonical":"https:\/\/guineediversite.com\/index.php\/2018\/05\/11\/politique-pourquoi-je-rencontre-alpha-conde-sinterroge-cellou-dalein-diallo\/","og_locale":"fr_FR","og_type":"article","og_title":"Politique : Pourquoi je rencontre Alpha Cond\u00e9 ? S\u2019interroge Cellou Dalein Diallo | Guin\u00e9e Diversit\u00e9","og_description":"Le chef de file de l\u2019opposition rencontre \u00e0 chaque moment le Pr\u00e9sident Alpha Cond\u00e9 pour discuter des probl\u00e8mes du pays mais\u00a0parait-il aucun r\u00e9sultat concluant ne r\u00e9sulte de\u00a0ces\u00a0multiples rencontres. Ce jeudi 10 mai au cours d\u2019une conf\u00e9rence de presse organis\u00e9e par l\u2019opposition r\u00e9publicaine, l\u2019ancien\u00a0premier ministre\u00a0de Lansana Cont\u00e9 s\u2019est exprim\u00e9 sur cette question. Pour Cellou Dalein Diallo, [&hellip;]","og_url":"https:\/\/guineediversite.com\/index.php\/2018\/05\/11\/politique-pourquoi-je-rencontre-alpha-conde-sinterroge-cellou-dalein-diallo\/","og_site_name":"Guin\u00e9e Diversit\u00e9","article_publisher":"https:\/\/www.facebook.com\/guineediversite\/","article_published_time":"2018-05-11T08:28:37+00:00","article_modified_time":"2018-05-11T11:52:56+00:00","og_image":[{"width":1024,"height":768,"url":"https:\/\/guineediversite.com\/wp-content\/uploads\/2018\/05\/32191781_2593938550831736_662709094380994560_n-1024x768.jpg","type":"image\/jpeg"}],"author":"Moussa Mo\u00efse K\u00e9ita","twitter_card":"summary_large_image","twitter_creator":"@GuineeDiversite","twitter_site":"@GuineeDiversite","twitter_misc":{"\u00c9crit par":"Moussa Mo\u00efse K\u00e9ita","Dur\u00e9e de lecture estim\u00e9e":"2 minutes"},"schema":{"@context":"https:\/\/schema.org","@graph":[{"@type":"Article","@id":"https:\/\/guineediversite.com\/index.php\/2018\/05\/11\/politique-pourquoi-je-rencontre-alpha-conde-sinterroge-cellou-dalein-diallo\/#article","isPartOf":{"@id":"https:\/\/guineediversite.com\/index.php\/2018\/05\/11\/politique-pourquoi-je-rencontre-alpha-conde-sinterroge-cellou-dalein-diallo\/"},"author":{"name":"Moussa Mo\u00efse K\u00e9ita","@id":"https:\/\/guineediversite.com\/#\/schema\/person\/079ec347f72d2acde4b56a50a4fd46dc"},"headline":"Politique : Pourquoi je rencontre Alpha Cond\u00e9 ? S\u2019interroge Cellou Dalein Diallo","datePublished":"2018-05-11T08:28:37+00:00","dateModified":"2018-05-11T11:52:56+00:00","mainEntityOfPage":{"@id":"https:\/\/guineediversite.com\/index.php\/2018\/05\/11\/politique-pourquoi-je-rencontre-alpha-conde-sinterroge-cellou-dalein-diallo\/"},"wordCount":380,"publisher":{"@id":"https:\/\/guineediversite.com\/#organization"},"image":{"@id":"https:\/\/guineediversite.com\/index.php\/2018\/05\/11\/politique-pourquoi-je-rencontre-alpha-conde-sinterroge-cellou-dalein-diallo\/#primaryimage"},"thumbnailUrl":"https:\/\/guineediversite.com\/wp-content\/uploads\/2018\/05\/32191781_2593938550831736_662709094380994560_n.jpg","articleSection":["Politique"],"inLanguage":"fr-FR"},{"@type":"WebPage","@id":"https:\/\/guineediversite.com\/index.php\/2018\/05\/11\/politique-pourquoi-je-rencontre-alpha-conde-sinterroge-cellou-dalein-diallo\/","url":"https:\/\/guineediversite.com\/index.php\/2018\/05\/11\/politique-pourquoi-je-rencontre-alpha-conde-sinterroge-cellou-dalein-diallo\/","name":"Politique : Pourquoi je rencontre Alpha Cond\u00e9 ? S\u2019interroge Cellou Dalein Diallo | Guin\u00e9e Diversit\u00e9","isPartOf":{"@id":"https:\/\/guineediversite.com\/#website"},"primaryImageOfPage":{"@id":"https:\/\/guineediversite.com\/index.php\/2018\/05\/11\/politique-pourquoi-je-rencontre-alpha-conde-sinterroge-cellou-dalein-diallo\/#primaryimage"},"image":{"@id":"https:\/\/guineediversite.com\/index.php\/2018\/05\/11\/politique-pourquoi-je-rencontre-alpha-conde-sinterroge-cellou-dalein-diallo\/#primaryimage"},"thumbnailUrl":"https:\/\/guineediversite.com\/wp-content\/uploads\/2018\/05\/32191781_2593938550831736_662709094380994560_n.jpg","datePublished":"2018-05-11T08:28:37+00:00","dateModified":"2018-05-11T11:52:56+00:00","breadcrumb":{"@id":"https:\/\/guineediversite.com\/index.php\/2018\/05\/11\/politique-pourquoi-je-rencontre-alpha-conde-sinterroge-cellou-dalein-diallo\/#breadcrumb"},"inLanguage":"fr-FR","potentialAction":[{"@type":"ReadAction","target":["https:\/\/guineediversite.com\/index.php\/2018\/05\/11\/politique-pourquoi-je-rencontre-alpha-conde-sinterroge-cellou-dalein-diallo\/"]}]},{"@type":"ImageObject","inLanguage":"fr-FR","@id":"https:\/\/guineediversite.com\/index.php\/2018\/05\/11\/politique-pourquoi-je-rencontre-alpha-conde-sinterroge-cellou-dalein-diallo\/#primaryimage","url":"https:\/\/guineediversite.com\/wp-content\/uploads\/2018\/05\/32191781_2593938550831736_662709094380994560_n.jpg","contentUrl":"https:\/\/guineediversite.com\/wp-content\/uploads\/2018\/05\/32191781_2593938550831736_662709094380994560_n.jpg","width":"7680","height":"5760"},{"@type":"BreadcrumbList","@id":"https:\/\/guineediversite.com\/index.php\/2018\/05\/11\/politique-pourquoi-je-rencontre-alpha-conde-sinterroge-cellou-dalein-diallo\/#breadcrumb","itemListElement":[{"@type":"ListItem","position":1,"name":"Accueil","item":"https:\/\/guineediversite.com\/"},{"@type":"ListItem","position":2,"name":"Politique : Pourquoi je rencontre Alpha Cond\u00e9 ? S\u2019interroge Cellou Dalein Diallo"}]},{"@type":"WebSite","@id":"https:\/\/guineediversite.com\/#website","url":"https:\/\/guineediversite.com\/","name":"Guin\u00e9e Diversit\u00e9","description":"L&#039;Info dans toute sa diversit\u00e9","publisher":{"@id":"https:\/\/guineediversite.com\/#organization"},"potentialAction":[{"@type":"SearchAction","target":{"@type":"EntryPoint","urlTemplate":"https:\/\/guineediversite.com\/?s={search_term_string}"},"query-input":{"@type":"PropertyValueSpecification","valueRequired":true,"valueName":"search_term_string"}}],"inLanguage":"fr-FR"},{"@type":"Organization","@id":"https:\/\/guineediversite.com\/#organization","name":"Guin\u00e9e Diversit\u00e9","url":"https:\/\/guineediversite.com\/","logo":{"@type":"ImageObject","inLanguage":"fr-FR","@id":"https:\/\/guineediversite.com\/#\/schema\/logo\/image\/","url":"https:\/\/guineediversite.com\/wp-content\/uploads\/2017\/04\/cropped-1jojlxEOMkX9Wyqfhe43D6kjPOGqBBKmx3EwWJqZ0cMrFF54yM49.png","contentUrl":"https:\/\/guineediversite.com\/wp-content\/uploads\/2017\/04\/cropped-1jojlxEOMkX9Wyqfhe43D6kjPOGqBBKmx3EwWJqZ0cMrFF54yM49.png","width":186,"height":112,"caption":"Guin\u00e9e Diversit\u00e9"},"image":{"@id":"https:\/\/guineediversite.com\/#\/schema\/logo\/image\/"},"sameAs":["https:\/\/www.facebook.com\/guineediversite\/","https:\/\/x.com\/GuineeDiversite","https:\/\/www.youtube.com\/channel\/UC8sUY16qelG5ge6_D5SB83g"]},{"@type":"Person","@id":"https:\/\/guineediversite.com\/#\/schema\/person\/079ec347f72d2acde4b56a50a4fd46dc","name":"Moussa Mo\u00efse K\u00e9ita","image":{"@type":"ImageObject","inLanguage":"fr-FR","@id":"https:\/\/guineediversite.com\/#\/schema\/person\/image\/","url":"https:\/\/secure.gravatar.com\/avatar\/edf1ea2cc01841e6c0b49384bcb1385b?s=96&d=mm&r=g","contentUrl":"https:\/\/secure.gravatar.com\/avatar\/edf1ea2cc01841e6c0b49384bcb1385b?s=96&d=mm&r=g","caption":"Moussa Mo\u00efse K\u00e9ita"},"url":"https:\/\/guineediversite.com\/index.php\/author\/moussa-moise\/"}]}},"_links":{"self":[{"href":"https:\/\/guineediversite.com\/index.php\/wp-json\/wp\/v2\/posts\/25166"}],"collection":[{"href":"https:\/\/guineediversite.com\/index.php\/wp-json\/wp\/v2\/posts"}],"about":[{"href":"https:\/\/guineediversite.com\/index.php\/wp-json\/wp\/v2\/types\/post"}],"author":[{"embeddable":true,"href":"https:\/\/guineediversite.com\/index.php\/wp-json\/wp\/v2\/users\/16"}],"replies":[{"embeddable":true,"href":"https:\/\/guineediversite.com\/index.php\/wp-json\/wp\/v2\/comments?post=25166"}],"version-history":[{"count":0,"href":"https:\/\/guineediversite.com\/index.php\/wp-json\/wp\/v2\/posts\/25166\/revisions"}],"wp:featuredmedia":[{"embeddable":true,"href":"https:\/\/guineediversite.com\/index.php\/wp-json\/wp\/v2\/media\/25155"}],"wp:attachment":[{"href":"https:\/\/guineediversite.com\/index.php\/wp-json\/wp\/v2\/media?parent=25166"}],"wp:term":[{"taxonomy":"category","embeddable":true,"href":"https:\/\/guineediversite.com\/index.php\/wp-json\/wp\/v2\/categories?post=25166"},{"taxonomy":"post_tag","embeddable":true,"href":"https:\/\/guineediversite.com\/index.php\/wp-json\/wp\/v2\/tags?post=25166"}],"curies":[{"name":"wp","href":"https:\/\/api.w.org\/{rel}","templated":true}]}}