{"id":25143,"date":"2018-05-09T02:00:36","date_gmt":"2018-05-09T00:00:36","guid":{"rendered":"https:\/\/guineediversite.com\/?p=25143"},"modified":"2018-05-09T02:00:36","modified_gmt":"2018-05-09T00:00:36","slug":"le-syndicaliste-aboubacar-sidiki-mara-de-lugtg-mis-sous-mandat-de-depot","status":"publish","type":"post","link":"https:\/\/guineediversite.com\/index.php\/2018\/05\/09\/le-syndicaliste-aboubacar-sidiki-mara-de-lugtg-mis-sous-mandat-de-depot\/","title":{"rendered":"Le syndicaliste Aboubacar Sidiki Mara de l\u2019UGTG mis sous mandat de d\u00e9p\u00f4t"},"content":{"rendered":"<p><strong>Le secr\u00e9taire g\u00e9n\u00e9ral adjoint de l\u2019Union General des Travailleurs de Guin\u00e9e s\u2019est pr\u00e9sent\u00e9 ce mardi devant le procureur de la r\u00e9publique pr\u00e8s le tribunal de premi\u00e8re instance \u00e0 Dixinn. Aboubacar Sidiki Marah passera sa premi\u00e8re nuit en prison ce mercredi.<\/strong><\/p>\n<p>Il est accus\u00e9 de pr\u00e9somption grave de manifestations illicites dans les extensions d\u2019une soci\u00e9t\u00e9 mini\u00e8re et portuaire selon les propres termes de son avocat. Mis sous mandat de d\u00e9p\u00f4t apr\u00e8s son audition, un proc\u00e8s contre ce syndicaliste dont la date n\u2019est pas encore connue est d\u00e9sormais ouvert. En attendant que ces avocats se battent pour obtenir sa lib\u00e9ration, Aboubacar Sidiki Marah restera en prison jusqu&rsquo;\u00e0 l\u2019ouverture de son proc\u00e8s.<\/p>\n<p>C\u2019est vers 10 heures qu\u2019Aboubacar Sidiki Marah \u00e0 bord d\u2019une RAV4 banalis\u00e9e escort\u00e9 par des gardes arm\u00e9es est arriv\u00e9 au tribunal de premi\u00e8re instance de Dixinn. Sit\u00f4t, il est introduit dans le bureau du procureur. A partir de cet instant, aucun acc\u00e8s n\u2019a \u00e9t\u00e9 autoris\u00e9 dans la cours dudit tribunal. Les gardes ont emp\u00each\u00e9s toute personne voulant s\u2019introduire.<\/p>\n<p>Apr\u00e8s pr\u00e8s de 6 heures d\u2019audition, Me Paul Yomba Kourouma l\u2019un des avocats du pr\u00e9venu a confirm\u00e9 la d\u00e9tention de son client. \u00ab <em>Oui! Monsieur Aboubacar Sidiki Marah, le prisonnier personnel de Monsieur le pr\u00e9sident de la R\u00e9publique, Alpha Cond\u00e9 a effectivement vu sa d\u00e9tention confirm\u00e9e telle qu\u2019il a voulut et il a \u00e9t\u00e9 arr\u00eat\u00e9 dans les circonstances que toute l\u2019humanit\u00e9 progressiste condamne, d\u00e9nonce, fl\u00e9trie, stigmatise et rejette,<\/em>\u00bb s\u2019est-il indign\u00e9.<\/p>\n<p>Il d\u00e9nonce de ce fait, une injustice totale envers son client : \u00ab <em>Cet homme n\u2019a commis aucune infraction \u00e0 la loi. Il \u00e9tait dans l\u2019exercice de ses activit\u00e9s syndicales. Celle-ci est intervenue \u00e0 la suite d\u2019une demande d\u2019adh\u00e9sion que lui-m\u00eame a re\u00e7u et a notifi\u00e9 la d\u00e9saffiliation \u00e0 la Direction des soci\u00e9t\u00e9s m\u00e9contentes,<\/em>\u00bb Bien qu\u2019Aboubacar Sidiki Marah ait rejet\u00e9 en bloc les charges qui p\u00e8sent contre lui, le procureur a requis l\u2019ouverture d\u2019une information judicaire.<\/p>\n<p>Mis sous mandat de d\u00e9p\u00f4t, il passera sa premi\u00e8re nuit en prison ce mardi. Pr\u00e9sente \u00e0 l\u2019audience la femme du pr\u00e9venu n\u2019a pas cach\u00e9 son inqui\u00e9tude : \u00ab <em>Mon mari va passer sa premi\u00e8re nuit en prison du c\u00f4t\u00e9 de la maison centrale. Alors, je me demande qu\u2019est-ce qui va se passer, sur ceux, je vais attirer l\u2019attention de l\u2019opinion nationale et internationale dessus. Il ne faudrait pas que quelque chose de mal lui arrive avant son proc\u00e8s,<\/em>\u00bb pr\u00e9vient-elle.<\/p>\n<p>Mariama Fod\u00e9 Camara estime que des prisonniers qui avaient tent\u00e9 auparavant d\u2019assassiner son mari \u00e0 Bok\u00e9 et qui ont \u00e9t\u00e9 arr\u00eat\u00e9s par la suite, seraient diff\u00e9r\u00e9s bizarrement \u00e0 Conakry \u00e0 la maison centrale. Elle craint que ces gens ne viennent sp\u00e9cialement pour finir leurs sales besognes sachant que ce dernier \u00e9galement sera au m\u00eame lieu.<\/p>\n<p>Le syndicaliste Aboubacar Sidiki Marah a \u00e9t\u00e9 arr\u00eat\u00e9 dans la zone mini\u00e8re de Bok\u00e9, le 6 mai dernier \u00e0 2 heures du matin.<\/p>\n","protected":false},"excerpt":{"rendered":"<p>Le secr\u00e9taire g\u00e9n\u00e9ral adjoint de l\u2019Union General des Travailleurs de Guin\u00e9e s\u2019est pr\u00e9sent\u00e9 ce mardi devant le procureur de la r\u00e9publique pr\u00e8s le tribunal de premi\u00e8re instance \u00e0 Dixinn. Aboubacar Sidiki Marah passera sa premi\u00e8re nuit en prison ce mercredi. Il est accus\u00e9 de pr\u00e9somption grave de manifestations illicites dans les extensions d\u2019une soci\u00e9t\u00e9 mini\u00e8re [&hellip;]<\/p>\n","protected":false},"author":16,"featured_media":25144,"comment_status":"closed","ping_status":"closed","sticky":false,"template":"","format":"standard","meta":{"_exactmetrics_skip_tracking":false,"_exactmetrics_sitenote_active":false,"_exactmetrics_sitenote_note":"","_exactmetrics_sitenote_category":0,"tdm_status":"","tdm_grid_status":"","footnotes":""},"categories":[16],"tags":[],"class_list":{"0":"post-25143","1":"post","2":"type-post","3":"status-publish","4":"format-standard","5":"has-post-thumbnail","7":"category-societe"},"yoast_head":"<!-- This site is optimized with the Yoast SEO plugin v24.2 - https:\/\/yoast.com\/wordpress\/plugins\/seo\/ -->\n<title>Le syndicaliste Aboubacar Sidiki Mara de l\u2019UGTG mis sous mandat de d\u00e9p\u00f4t | Guin\u00e9e Diversit\u00e9<\/title>\n<meta name=\"robots\" content=\"index, follow, max-snippet:-1, max-image-preview:large, max-video-preview:-1\" \/>\n<link rel=\"canonical\" href=\"https:\/\/guineediversite.com\/index.php\/2018\/05\/09\/le-syndicaliste-aboubacar-sidiki-mara-de-lugtg-mis-sous-mandat-de-depot\/\" \/>\n<meta property=\"og:locale\" content=\"fr_FR\" \/>\n<meta property=\"og:type\" content=\"article\" \/>\n<meta property=\"og:title\" content=\"Le syndicaliste Aboubacar Sidiki Mara de l\u2019UGTG mis sous mandat de d\u00e9p\u00f4t | Guin\u00e9e Diversit\u00e9\" \/>\n<meta property=\"og:description\" content=\"Le secr\u00e9taire g\u00e9n\u00e9ral adjoint de l\u2019Union General des Travailleurs de Guin\u00e9e s\u2019est pr\u00e9sent\u00e9 ce mardi devant le procureur de la r\u00e9publique pr\u00e8s le tribunal de premi\u00e8re instance \u00e0 Dixinn. Aboubacar Sidiki Marah passera sa premi\u00e8re nuit en prison ce mercredi. Il est accus\u00e9 de pr\u00e9somption grave de manifestations illicites dans les extensions d\u2019une soci\u00e9t\u00e9 mini\u00e8re [&hellip;]\" \/>\n<meta property=\"og:url\" content=\"https:\/\/guineediversite.com\/index.php\/2018\/05\/09\/le-syndicaliste-aboubacar-sidiki-mara-de-lugtg-mis-sous-mandat-de-depot\/\" \/>\n<meta property=\"og:site_name\" content=\"Guin\u00e9e Diversit\u00e9\" \/>\n<meta property=\"article:publisher\" content=\"https:\/\/www.facebook.com\/guineediversite\/\" \/>\n<meta property=\"article:published_time\" content=\"2018-05-09T00:00:36+00:00\" \/>\n<meta property=\"og:image\" content=\"https:\/\/guineediversite.com\/wp-content\/uploads\/2018\/05\/32073538_2135372910029516_4962905637617926144_n-1024x768.jpg\" \/>\n\t<meta property=\"og:image:width\" content=\"1024\" \/>\n\t<meta property=\"og:image:height\" content=\"768\" \/>\n\t<meta property=\"og:image:type\" content=\"image\/jpeg\" \/>\n<meta name=\"author\" content=\"Moussa Mo\u00efse K\u00e9ita\" \/>\n<meta name=\"twitter:card\" content=\"summary_large_image\" \/>\n<meta name=\"twitter:creator\" content=\"@GuineeDiversite\" \/>\n<meta name=\"twitter:site\" content=\"@GuineeDiversite\" \/>\n<meta name=\"twitter:label1\" content=\"\u00c9crit par\" \/>\n\t<meta name=\"twitter:data1\" content=\"Moussa Mo\u00efse K\u00e9ita\" \/>\n\t<meta name=\"twitter:label2\" content=\"Dur\u00e9e de lecture estim\u00e9e\" \/>\n\t<meta name=\"twitter:data2\" content=\"3 minutes\" \/>\n<script type=\"application\/ld+json\" class=\"yoast-schema-graph\">{\"@context\":\"https:\/\/schema.org\",\"@graph\":[{\"@type\":\"Article\",\"@id\":\"https:\/\/guineediversite.com\/index.php\/2018\/05\/09\/le-syndicaliste-aboubacar-sidiki-mara-de-lugtg-mis-sous-mandat-de-depot\/#article\",\"isPartOf\":{\"@id\":\"https:\/\/guineediversite.com\/index.php\/2018\/05\/09\/le-syndicaliste-aboubacar-sidiki-mara-de-lugtg-mis-sous-mandat-de-depot\/\"},\"author\":{\"name\":\"Moussa Mo\u00efse K\u00e9ita\",\"@id\":\"https:\/\/guineediversite.com\/#\/schema\/person\/079ec347f72d2acde4b56a50a4fd46dc\"},\"headline\":\"Le syndicaliste Aboubacar Sidiki Mara de l\u2019UGTG mis sous mandat de d\u00e9p\u00f4t\",\"datePublished\":\"2018-05-09T00:00:36+00:00\",\"dateModified\":\"2018-05-09T00:00:36+00:00\",\"mainEntityOfPage\":{\"@id\":\"https:\/\/guineediversite.com\/index.php\/2018\/05\/09\/le-syndicaliste-aboubacar-sidiki-mara-de-lugtg-mis-sous-mandat-de-depot\/\"},\"wordCount\":559,\"publisher\":{\"@id\":\"https:\/\/guineediversite.com\/#organization\"},\"image\":{\"@id\":\"https:\/\/guineediversite.com\/index.php\/2018\/05\/09\/le-syndicaliste-aboubacar-sidiki-mara-de-lugtg-mis-sous-mandat-de-depot\/#primaryimage\"},\"thumbnailUrl\":\"https:\/\/guineediversite.com\/wp-content\/uploads\/2018\/05\/32073538_2135372910029516_4962905637617926144_n.jpg\",\"articleSection\":[\"Soci\u00e9t\u00e9\"],\"inLanguage\":\"fr-FR\"},{\"@type\":\"WebPage\",\"@id\":\"https:\/\/guineediversite.com\/index.php\/2018\/05\/09\/le-syndicaliste-aboubacar-sidiki-mara-de-lugtg-mis-sous-mandat-de-depot\/\",\"url\":\"https:\/\/guineediversite.com\/index.php\/2018\/05\/09\/le-syndicaliste-aboubacar-sidiki-mara-de-lugtg-mis-sous-mandat-de-depot\/\",\"name\":\"Le syndicaliste Aboubacar Sidiki Mara de l\u2019UGTG mis sous mandat de d\u00e9p\u00f4t | Guin\u00e9e Diversit\u00e9\",\"isPartOf\":{\"@id\":\"https:\/\/guineediversite.com\/#website\"},\"primaryImageOfPage\":{\"@id\":\"https:\/\/guineediversite.com\/index.php\/2018\/05\/09\/le-syndicaliste-aboubacar-sidiki-mara-de-lugtg-mis-sous-mandat-de-depot\/#primaryimage\"},\"image\":{\"@id\":\"https:\/\/guineediversite.com\/index.php\/2018\/05\/09\/le-syndicaliste-aboubacar-sidiki-mara-de-lugtg-mis-sous-mandat-de-depot\/#primaryimage\"},\"thumbnailUrl\":\"https:\/\/guineediversite.com\/wp-content\/uploads\/2018\/05\/32073538_2135372910029516_4962905637617926144_n.jpg\",\"datePublished\":\"2018-05-09T00:00:36+00:00\",\"dateModified\":\"2018-05-09T00:00:36+00:00\",\"breadcrumb\":{\"@id\":\"https:\/\/guineediversite.com\/index.php\/2018\/05\/09\/le-syndicaliste-aboubacar-sidiki-mara-de-lugtg-mis-sous-mandat-de-depot\/#breadcrumb\"},\"inLanguage\":\"fr-FR\",\"potentialAction\":[{\"@type\":\"ReadAction\",\"target\":[\"https:\/\/guineediversite.com\/index.php\/2018\/05\/09\/le-syndicaliste-aboubacar-sidiki-mara-de-lugtg-mis-sous-mandat-de-depot\/\"]}]},{\"@type\":\"ImageObject\",\"inLanguage\":\"fr-FR\",\"@id\":\"https:\/\/guineediversite.com\/index.php\/2018\/05\/09\/le-syndicaliste-aboubacar-sidiki-mara-de-lugtg-mis-sous-mandat-de-depot\/#primaryimage\",\"url\":\"https:\/\/guineediversite.com\/wp-content\/uploads\/2018\/05\/32073538_2135372910029516_4962905637617926144_n.jpg\",\"contentUrl\":\"https:\/\/guineediversite.com\/wp-content\/uploads\/2018\/05\/32073538_2135372910029516_4962905637617926144_n.jpg\",\"width\":\"7680\",\"height\":\"5760\"},{\"@type\":\"BreadcrumbList\",\"@id\":\"https:\/\/guineediversite.com\/index.php\/2018\/05\/09\/le-syndicaliste-aboubacar-sidiki-mara-de-lugtg-mis-sous-mandat-de-depot\/#breadcrumb\",\"itemListElement\":[{\"@type\":\"ListItem\",\"position\":1,\"name\":\"Accueil\",\"item\":\"https:\/\/guineediversite.com\/\"},{\"@type\":\"ListItem\",\"position\":2,\"name\":\"Le syndicaliste Aboubacar Sidiki Mara de l\u2019UGTG mis sous mandat de d\u00e9p\u00f4t\"}]},{\"@type\":\"WebSite\",\"@id\":\"https:\/\/guineediversite.com\/#website\",\"url\":\"https:\/\/guineediversite.com\/\",\"name\":\"Guin\u00e9e Diversit\u00e9\",\"description\":\"L&#039;Info dans toute sa diversit\u00e9\",\"publisher\":{\"@id\":\"https:\/\/guineediversite.com\/#organization\"},\"potentialAction\":[{\"@type\":\"SearchAction\",\"target\":{\"@type\":\"EntryPoint\",\"urlTemplate\":\"https:\/\/guineediversite.com\/?s={search_term_string}\"},\"query-input\":{\"@type\":\"PropertyValueSpecification\",\"valueRequired\":true,\"valueName\":\"search_term_string\"}}],\"inLanguage\":\"fr-FR\"},{\"@type\":\"Organization\",\"@id\":\"https:\/\/guineediversite.com\/#organization\",\"name\":\"Guin\u00e9e Diversit\u00e9\",\"url\":\"https:\/\/guineediversite.com\/\",\"logo\":{\"@type\":\"ImageObject\",\"inLanguage\":\"fr-FR\",\"@id\":\"https:\/\/guineediversite.com\/#\/schema\/logo\/image\/\",\"url\":\"https:\/\/guineediversite.com\/wp-content\/uploads\/2017\/04\/cropped-1jojlxEOMkX9Wyqfhe43D6kjPOGqBBKmx3EwWJqZ0cMrFF54yM49.png\",\"contentUrl\":\"https:\/\/guineediversite.com\/wp-content\/uploads\/2017\/04\/cropped-1jojlxEOMkX9Wyqfhe43D6kjPOGqBBKmx3EwWJqZ0cMrFF54yM49.png\",\"width\":186,\"height\":112,\"caption\":\"Guin\u00e9e Diversit\u00e9\"},\"image\":{\"@id\":\"https:\/\/guineediversite.com\/#\/schema\/logo\/image\/\"},\"sameAs\":[\"https:\/\/www.facebook.com\/guineediversite\/\",\"https:\/\/x.com\/GuineeDiversite\",\"https:\/\/www.youtube.com\/channel\/UC8sUY16qelG5ge6_D5SB83g\"]},{\"@type\":\"Person\",\"@id\":\"https:\/\/guineediversite.com\/#\/schema\/person\/079ec347f72d2acde4b56a50a4fd46dc\",\"name\":\"Moussa Mo\u00efse K\u00e9ita\",\"image\":{\"@type\":\"ImageObject\",\"inLanguage\":\"fr-FR\",\"@id\":\"https:\/\/guineediversite.com\/#\/schema\/person\/image\/\",\"url\":\"https:\/\/secure.gravatar.com\/avatar\/edf1ea2cc01841e6c0b49384bcb1385b?s=96&d=mm&r=g\",\"contentUrl\":\"https:\/\/secure.gravatar.com\/avatar\/edf1ea2cc01841e6c0b49384bcb1385b?s=96&d=mm&r=g\",\"caption\":\"Moussa Mo\u00efse K\u00e9ita\"},\"url\":\"https:\/\/guineediversite.com\/index.php\/author\/moussa-moise\/\"}]}<\/script>\n<!-- \/ Yoast SEO plugin. -->","yoast_head_json":{"title":"Le syndicaliste Aboubacar Sidiki Mara de l\u2019UGTG mis sous mandat de d\u00e9p\u00f4t | Guin\u00e9e Diversit\u00e9","robots":{"index":"index","follow":"follow","max-snippet":"max-snippet:-1","max-image-preview":"max-image-preview:large","max-video-preview":"max-video-preview:-1"},"canonical":"https:\/\/guineediversite.com\/index.php\/2018\/05\/09\/le-syndicaliste-aboubacar-sidiki-mara-de-lugtg-mis-sous-mandat-de-depot\/","og_locale":"fr_FR","og_type":"article","og_title":"Le syndicaliste Aboubacar Sidiki Mara de l\u2019UGTG mis sous mandat de d\u00e9p\u00f4t | Guin\u00e9e Diversit\u00e9","og_description":"Le secr\u00e9taire g\u00e9n\u00e9ral adjoint de l\u2019Union General des Travailleurs de Guin\u00e9e s\u2019est pr\u00e9sent\u00e9 ce mardi devant le procureur de la r\u00e9publique pr\u00e8s le tribunal de premi\u00e8re instance \u00e0 Dixinn. Aboubacar Sidiki Marah passera sa premi\u00e8re nuit en prison ce mercredi. Il est accus\u00e9 de pr\u00e9somption grave de manifestations illicites dans les extensions d\u2019une soci\u00e9t\u00e9 mini\u00e8re [&hellip;]","og_url":"https:\/\/guineediversite.com\/index.php\/2018\/05\/09\/le-syndicaliste-aboubacar-sidiki-mara-de-lugtg-mis-sous-mandat-de-depot\/","og_site_name":"Guin\u00e9e Diversit\u00e9","article_publisher":"https:\/\/www.facebook.com\/guineediversite\/","article_published_time":"2018-05-09T00:00:36+00:00","og_image":[{"width":1024,"height":768,"url":"https:\/\/guineediversite.com\/wp-content\/uploads\/2018\/05\/32073538_2135372910029516_4962905637617926144_n-1024x768.jpg","type":"image\/jpeg"}],"author":"Moussa Mo\u00efse K\u00e9ita","twitter_card":"summary_large_image","twitter_creator":"@GuineeDiversite","twitter_site":"@GuineeDiversite","twitter_misc":{"\u00c9crit par":"Moussa Mo\u00efse K\u00e9ita","Dur\u00e9e de lecture estim\u00e9e":"3 minutes"},"schema":{"@context":"https:\/\/schema.org","@graph":[{"@type":"Article","@id":"https:\/\/guineediversite.com\/index.php\/2018\/05\/09\/le-syndicaliste-aboubacar-sidiki-mara-de-lugtg-mis-sous-mandat-de-depot\/#article","isPartOf":{"@id":"https:\/\/guineediversite.com\/index.php\/2018\/05\/09\/le-syndicaliste-aboubacar-sidiki-mara-de-lugtg-mis-sous-mandat-de-depot\/"},"author":{"name":"Moussa Mo\u00efse K\u00e9ita","@id":"https:\/\/guineediversite.com\/#\/schema\/person\/079ec347f72d2acde4b56a50a4fd46dc"},"headline":"Le syndicaliste Aboubacar Sidiki Mara de l\u2019UGTG mis sous mandat de d\u00e9p\u00f4t","datePublished":"2018-05-09T00:00:36+00:00","dateModified":"2018-05-09T00:00:36+00:00","mainEntityOfPage":{"@id":"https:\/\/guineediversite.com\/index.php\/2018\/05\/09\/le-syndicaliste-aboubacar-sidiki-mara-de-lugtg-mis-sous-mandat-de-depot\/"},"wordCount":559,"publisher":{"@id":"https:\/\/guineediversite.com\/#organization"},"image":{"@id":"https:\/\/guineediversite.com\/index.php\/2018\/05\/09\/le-syndicaliste-aboubacar-sidiki-mara-de-lugtg-mis-sous-mandat-de-depot\/#primaryimage"},"thumbnailUrl":"https:\/\/guineediversite.com\/wp-content\/uploads\/2018\/05\/32073538_2135372910029516_4962905637617926144_n.jpg","articleSection":["Soci\u00e9t\u00e9"],"inLanguage":"fr-FR"},{"@type":"WebPage","@id":"https:\/\/guineediversite.com\/index.php\/2018\/05\/09\/le-syndicaliste-aboubacar-sidiki-mara-de-lugtg-mis-sous-mandat-de-depot\/","url":"https:\/\/guineediversite.com\/index.php\/2018\/05\/09\/le-syndicaliste-aboubacar-sidiki-mara-de-lugtg-mis-sous-mandat-de-depot\/","name":"Le syndicaliste Aboubacar Sidiki Mara de l\u2019UGTG mis sous mandat de d\u00e9p\u00f4t | Guin\u00e9e Diversit\u00e9","isPartOf":{"@id":"https:\/\/guineediversite.com\/#website"},"primaryImageOfPage":{"@id":"https:\/\/guineediversite.com\/index.php\/2018\/05\/09\/le-syndicaliste-aboubacar-sidiki-mara-de-lugtg-mis-sous-mandat-de-depot\/#primaryimage"},"image":{"@id":"https:\/\/guineediversite.com\/index.php\/2018\/05\/09\/le-syndicaliste-aboubacar-sidiki-mara-de-lugtg-mis-sous-mandat-de-depot\/#primaryimage"},"thumbnailUrl":"https:\/\/guineediversite.com\/wp-content\/uploads\/2018\/05\/32073538_2135372910029516_4962905637617926144_n.jpg","datePublished":"2018-05-09T00:00:36+00:00","dateModified":"2018-05-09T00:00:36+00:00","breadcrumb":{"@id":"https:\/\/guineediversite.com\/index.php\/2018\/05\/09\/le-syndicaliste-aboubacar-sidiki-mara-de-lugtg-mis-sous-mandat-de-depot\/#breadcrumb"},"inLanguage":"fr-FR","potentialAction":[{"@type":"ReadAction","target":["https:\/\/guineediversite.com\/index.php\/2018\/05\/09\/le-syndicaliste-aboubacar-sidiki-mara-de-lugtg-mis-sous-mandat-de-depot\/"]}]},{"@type":"ImageObject","inLanguage":"fr-FR","@id":"https:\/\/guineediversite.com\/index.php\/2018\/05\/09\/le-syndicaliste-aboubacar-sidiki-mara-de-lugtg-mis-sous-mandat-de-depot\/#primaryimage","url":"https:\/\/guineediversite.com\/wp-content\/uploads\/2018\/05\/32073538_2135372910029516_4962905637617926144_n.jpg","contentUrl":"https:\/\/guineediversite.com\/wp-content\/uploads\/2018\/05\/32073538_2135372910029516_4962905637617926144_n.jpg","width":"7680","height":"5760"},{"@type":"BreadcrumbList","@id":"https:\/\/guineediversite.com\/index.php\/2018\/05\/09\/le-syndicaliste-aboubacar-sidiki-mara-de-lugtg-mis-sous-mandat-de-depot\/#breadcrumb","itemListElement":[{"@type":"ListItem","position":1,"name":"Accueil","item":"https:\/\/guineediversite.com\/"},{"@type":"ListItem","position":2,"name":"Le syndicaliste Aboubacar Sidiki Mara de l\u2019UGTG mis sous mandat de d\u00e9p\u00f4t"}]},{"@type":"WebSite","@id":"https:\/\/guineediversite.com\/#website","url":"https:\/\/guineediversite.com\/","name":"Guin\u00e9e Diversit\u00e9","description":"L&#039;Info dans toute sa diversit\u00e9","publisher":{"@id":"https:\/\/guineediversite.com\/#organization"},"potentialAction":[{"@type":"SearchAction","target":{"@type":"EntryPoint","urlTemplate":"https:\/\/guineediversite.com\/?s={search_term_string}"},"query-input":{"@type":"PropertyValueSpecification","valueRequired":true,"valueName":"search_term_string"}}],"inLanguage":"fr-FR"},{"@type":"Organization","@id":"https:\/\/guineediversite.com\/#organization","name":"Guin\u00e9e Diversit\u00e9","url":"https:\/\/guineediversite.com\/","logo":{"@type":"ImageObject","inLanguage":"fr-FR","@id":"https:\/\/guineediversite.com\/#\/schema\/logo\/image\/","url":"https:\/\/guineediversite.com\/wp-content\/uploads\/2017\/04\/cropped-1jojlxEOMkX9Wyqfhe43D6kjPOGqBBKmx3EwWJqZ0cMrFF54yM49.png","contentUrl":"https:\/\/guineediversite.com\/wp-content\/uploads\/2017\/04\/cropped-1jojlxEOMkX9Wyqfhe43D6kjPOGqBBKmx3EwWJqZ0cMrFF54yM49.png","width":186,"height":112,"caption":"Guin\u00e9e Diversit\u00e9"},"image":{"@id":"https:\/\/guineediversite.com\/#\/schema\/logo\/image\/"},"sameAs":["https:\/\/www.facebook.com\/guineediversite\/","https:\/\/x.com\/GuineeDiversite","https:\/\/www.youtube.com\/channel\/UC8sUY16qelG5ge6_D5SB83g"]},{"@type":"Person","@id":"https:\/\/guineediversite.com\/#\/schema\/person\/079ec347f72d2acde4b56a50a4fd46dc","name":"Moussa Mo\u00efse K\u00e9ita","image":{"@type":"ImageObject","inLanguage":"fr-FR","@id":"https:\/\/guineediversite.com\/#\/schema\/person\/image\/","url":"https:\/\/secure.gravatar.com\/avatar\/edf1ea2cc01841e6c0b49384bcb1385b?s=96&d=mm&r=g","contentUrl":"https:\/\/secure.gravatar.com\/avatar\/edf1ea2cc01841e6c0b49384bcb1385b?s=96&d=mm&r=g","caption":"Moussa Mo\u00efse K\u00e9ita"},"url":"https:\/\/guineediversite.com\/index.php\/author\/moussa-moise\/"}]}},"_links":{"self":[{"href":"https:\/\/guineediversite.com\/index.php\/wp-json\/wp\/v2\/posts\/25143"}],"collection":[{"href":"https:\/\/guineediversite.com\/index.php\/wp-json\/wp\/v2\/posts"}],"about":[{"href":"https:\/\/guineediversite.com\/index.php\/wp-json\/wp\/v2\/types\/post"}],"author":[{"embeddable":true,"href":"https:\/\/guineediversite.com\/index.php\/wp-json\/wp\/v2\/users\/16"}],"replies":[{"embeddable":true,"href":"https:\/\/guineediversite.com\/index.php\/wp-json\/wp\/v2\/comments?post=25143"}],"version-history":[{"count":0,"href":"https:\/\/guineediversite.com\/index.php\/wp-json\/wp\/v2\/posts\/25143\/revisions"}],"wp:featuredmedia":[{"embeddable":true,"href":"https:\/\/guineediversite.com\/index.php\/wp-json\/wp\/v2\/media\/25144"}],"wp:attachment":[{"href":"https:\/\/guineediversite.com\/index.php\/wp-json\/wp\/v2\/media?parent=25143"}],"wp:term":[{"taxonomy":"category","embeddable":true,"href":"https:\/\/guineediversite.com\/index.php\/wp-json\/wp\/v2\/categories?post=25143"},{"taxonomy":"post_tag","embeddable":true,"href":"https:\/\/guineediversite.com\/index.php\/wp-json\/wp\/v2\/tags?post=25143"}],"curies":[{"name":"wp","href":"https:\/\/api.w.org\/{rel}","templated":true}]}}