{"id":25101,"date":"2018-05-04T16:52:34","date_gmt":"2018-05-04T14:52:34","guid":{"rendered":"https:\/\/guineediversite.com\/?p=25101"},"modified":"2018-05-04T17:20:06","modified_gmt":"2018-05-04T15:20:06","slug":"affaire-bollore-alpha-conde-annonce-porter-plainte","status":"publish","type":"post","link":"https:\/\/guineediversite.com\/index.php\/2018\/05\/04\/affaire-bollore-alpha-conde-annonce-porter-plainte\/","title":{"rendered":"Affaire Bollor\u00e9\u00a0: Alpha Cond\u00e9 menace de  porter plainte"},"content":{"rendered":"<p>Le pr\u00e9sident Alpha Cond\u00e9 a \u00e9galement annonc\u00e9 une plainte en France dans laffaire Bollor\u00e9. Il accuse les journalistes de passivit\u00e9 face aux informations calomnieuses. En marge de la c\u00e9l\u00e9bration de la journ\u00e9e internationale de la libert\u00e9 de la presse ce jeudi 3 mai \u00e0 la maison de la presse \u00e0 Col\u00e9ah. Une premi\u00e8re dans lhistoire quun pr\u00e9sident vienne \u00e0 la rencontre des journalistes dans leurs lieu de travail commun.<br \/>\nLe chef de l\u00c9tat visiblement en col\u00e8re contre des journalistes qui assimilent son nom ou sa personnalit\u00e9 dans laffaire Bollor\u00e9 a fait des annonces.<br \/>\n\u00ab\u00a0Dans laffaire Bollor\u00e9, qui a cherch\u00e9 \u00e0 savoir\u00a0? Apr\u00e8s vous allez dire maintenant OUI\u00a0!!! Cest \u00e0 Paris que vous allez vous expliquer. Cest \u00e0 Paris quon va sexpliquer, parce quaucun de vous n\u00e0 chercher ici \u00e0 savoir quelle est la verit\u00e9, alors disons nous la verit\u00e9 \u00e0 Paris, on va passer sur TV5 et France 24 pour dire la v\u00e9rit\u00e9\u00a0\u00bb sexclame Alpha Cond\u00e9 avant dajouter:<br \/>\n\u00ab\u00a0Je vais porter plainte en France pour d\u00e9nonciation calomnieuse, jai d\u00e9cid\u00e9 \u00e0 mon tour de porter plainte. Et vous en retour quest ce que vous faite\u00a0? Cest \u00e0 dire vous continuer \u00e0 casser limage du pays. Jamais vous naviez protest\u00e9 quand les gens on raconter \u00e7a mais au contraire vous continuez a d\u00e9sinformer la population\u00a0\u00bb accuse le pr\u00e9sident Cond\u00e9.<\/p>\n","protected":false},"excerpt":{"rendered":"<p>Le pr\u00e9sident Alpha Cond\u00e9 a \u00e9galement annonc\u00e9 une plainte en France dans laffaire Bollor\u00e9. Il accuse les journalistes de passivit\u00e9 face aux informations calomnieuses. En marge de la c\u00e9l\u00e9bration de la journ\u00e9e internationale de la libert\u00e9 de la presse ce jeudi 3 mai \u00e0 la maison de la presse \u00e0 Col\u00e9ah. Une premi\u00e8re dans lhistoire [&hellip;]<\/p>\n","protected":false},"author":16,"featured_media":25024,"comment_status":"closed","ping_status":"closed","sticky":false,"template":"","format":"standard","meta":{"_exactmetrics_skip_tracking":false,"_exactmetrics_sitenote_active":false,"_exactmetrics_sitenote_note":"","_exactmetrics_sitenote_category":0,"tdm_status":"","tdm_grid_status":"","footnotes":""},"categories":[15],"tags":[],"class_list":{"0":"post-25101","1":"post","2":"type-post","3":"status-publish","4":"format-standard","5":"has-post-thumbnail","7":"category-economie"},"yoast_head":"<!-- This site is optimized with the Yoast SEO plugin v24.2 - https:\/\/yoast.com\/wordpress\/plugins\/seo\/ -->\n<title>Affaire Bollor\u00e9\u00a0: Alpha Cond\u00e9 menace de porter plainte | Guin\u00e9e Diversit\u00e9<\/title>\n<meta name=\"robots\" content=\"index, follow, max-snippet:-1, max-image-preview:large, max-video-preview:-1\" \/>\n<link rel=\"canonical\" href=\"https:\/\/guineediversite.com\/index.php\/2018\/05\/04\/affaire-bollore-alpha-conde-annonce-porter-plainte\/\" \/>\n<meta property=\"og:locale\" content=\"fr_FR\" \/>\n<meta property=\"og:type\" content=\"article\" \/>\n<meta property=\"og:title\" content=\"Affaire Bollor\u00e9\u00a0: Alpha Cond\u00e9 menace de porter plainte | Guin\u00e9e Diversit\u00e9\" \/>\n<meta property=\"og:description\" content=\"Le pr\u00e9sident Alpha Cond\u00e9 a \u00e9galement annonc\u00e9 une plainte en France dans laffaire Bollor\u00e9. Il accuse les journalistes de passivit\u00e9 face aux informations calomnieuses. En marge de la c\u00e9l\u00e9bration de la journ\u00e9e internationale de la libert\u00e9 de la presse ce jeudi 3 mai \u00e0 la maison de la presse \u00e0 Col\u00e9ah. Une premi\u00e8re dans lhistoire [&hellip;]\" \/>\n<meta property=\"og:url\" content=\"https:\/\/guineediversite.com\/index.php\/2018\/05\/04\/affaire-bollore-alpha-conde-annonce-porter-plainte\/\" \/>\n<meta property=\"og:site_name\" content=\"Guin\u00e9e Diversit\u00e9\" \/>\n<meta property=\"article:publisher\" content=\"https:\/\/www.facebook.com\/guineediversite\/\" \/>\n<meta property=\"article:published_time\" content=\"2018-05-04T14:52:34+00:00\" \/>\n<meta property=\"article:modified_time\" content=\"2018-05-04T15:20:06+00:00\" \/>\n<meta property=\"og:image\" content=\"https:\/\/guineediversite.com\/wp-content\/uploads\/2018\/04\/3302018105232.jpg\" \/>\n\t<meta property=\"og:image:width\" content=\"1024\" \/>\n\t<meta property=\"og:image:height\" content=\"512\" \/>\n\t<meta property=\"og:image:type\" content=\"image\/jpeg\" \/>\n<meta name=\"author\" content=\"Moussa Mo\u00efse K\u00e9ita\" \/>\n<meta name=\"twitter:card\" content=\"summary_large_image\" \/>\n<meta name=\"twitter:creator\" content=\"@GuineeDiversite\" \/>\n<meta name=\"twitter:site\" content=\"@GuineeDiversite\" \/>\n<meta name=\"twitter:label1\" content=\"\u00c9crit par\" \/>\n\t<meta name=\"twitter:data1\" content=\"Moussa Mo\u00efse K\u00e9ita\" \/>\n\t<meta name=\"twitter:label2\" content=\"Dur\u00e9e de lecture estim\u00e9e\" \/>\n\t<meta name=\"twitter:data2\" content=\"1 minute\" \/>\n<script type=\"application\/ld+json\" class=\"yoast-schema-graph\">{\"@context\":\"https:\/\/schema.org\",\"@graph\":[{\"@type\":\"Article\",\"@id\":\"https:\/\/guineediversite.com\/index.php\/2018\/05\/04\/affaire-bollore-alpha-conde-annonce-porter-plainte\/#article\",\"isPartOf\":{\"@id\":\"https:\/\/guineediversite.com\/index.php\/2018\/05\/04\/affaire-bollore-alpha-conde-annonce-porter-plainte\/\"},\"author\":{\"name\":\"Moussa Mo\u00efse K\u00e9ita\",\"@id\":\"https:\/\/guineediversite.com\/#\/schema\/person\/079ec347f72d2acde4b56a50a4fd46dc\"},\"headline\":\"Affaire Bollor\u00e9\u00a0: Alpha Cond\u00e9 menace de porter plainte\",\"datePublished\":\"2018-05-04T14:52:34+00:00\",\"dateModified\":\"2018-05-04T15:20:06+00:00\",\"mainEntityOfPage\":{\"@id\":\"https:\/\/guineediversite.com\/index.php\/2018\/05\/04\/affaire-bollore-alpha-conde-annonce-porter-plainte\/\"},\"wordCount\":227,\"publisher\":{\"@id\":\"https:\/\/guineediversite.com\/#organization\"},\"image\":{\"@id\":\"https:\/\/guineediversite.com\/index.php\/2018\/05\/04\/affaire-bollore-alpha-conde-annonce-porter-plainte\/#primaryimage\"},\"thumbnailUrl\":\"https:\/\/guineediversite.com\/wp-content\/uploads\/2018\/04\/3302018105232.jpg\",\"articleSection\":[\"Economie\"],\"inLanguage\":\"fr-FR\"},{\"@type\":\"WebPage\",\"@id\":\"https:\/\/guineediversite.com\/index.php\/2018\/05\/04\/affaire-bollore-alpha-conde-annonce-porter-plainte\/\",\"url\":\"https:\/\/guineediversite.com\/index.php\/2018\/05\/04\/affaire-bollore-alpha-conde-annonce-porter-plainte\/\",\"name\":\"Affaire Bollor\u00e9\u00a0: Alpha Cond\u00e9 menace de porter plainte | Guin\u00e9e Diversit\u00e9\",\"isPartOf\":{\"@id\":\"https:\/\/guineediversite.com\/#website\"},\"primaryImageOfPage\":{\"@id\":\"https:\/\/guineediversite.com\/index.php\/2018\/05\/04\/affaire-bollore-alpha-conde-annonce-porter-plainte\/#primaryimage\"},\"image\":{\"@id\":\"https:\/\/guineediversite.com\/index.php\/2018\/05\/04\/affaire-bollore-alpha-conde-annonce-porter-plainte\/#primaryimage\"},\"thumbnailUrl\":\"https:\/\/guineediversite.com\/wp-content\/uploads\/2018\/04\/3302018105232.jpg\",\"datePublished\":\"2018-05-04T14:52:34+00:00\",\"dateModified\":\"2018-05-04T15:20:06+00:00\",\"breadcrumb\":{\"@id\":\"https:\/\/guineediversite.com\/index.php\/2018\/05\/04\/affaire-bollore-alpha-conde-annonce-porter-plainte\/#breadcrumb\"},\"inLanguage\":\"fr-FR\",\"potentialAction\":[{\"@type\":\"ReadAction\",\"target\":[\"https:\/\/guineediversite.com\/index.php\/2018\/05\/04\/affaire-bollore-alpha-conde-annonce-porter-plainte\/\"]}]},{\"@type\":\"ImageObject\",\"inLanguage\":\"fr-FR\",\"@id\":\"https:\/\/guineediversite.com\/index.php\/2018\/05\/04\/affaire-bollore-alpha-conde-annonce-porter-plainte\/#primaryimage\",\"url\":\"https:\/\/guineediversite.com\/wp-content\/uploads\/2018\/04\/3302018105232.jpg\",\"contentUrl\":\"https:\/\/guineediversite.com\/wp-content\/uploads\/2018\/04\/3302018105232.jpg\",\"width\":\"1024\",\"height\":\"512\"},{\"@type\":\"BreadcrumbList\",\"@id\":\"https:\/\/guineediversite.com\/index.php\/2018\/05\/04\/affaire-bollore-alpha-conde-annonce-porter-plainte\/#breadcrumb\",\"itemListElement\":[{\"@type\":\"ListItem\",\"position\":1,\"name\":\"Accueil\",\"item\":\"https:\/\/guineediversite.com\/\"},{\"@type\":\"ListItem\",\"position\":2,\"name\":\"Affaire Bollor\u00e9\u00a0: Alpha Cond\u00e9 menace de porter plainte\"}]},{\"@type\":\"WebSite\",\"@id\":\"https:\/\/guineediversite.com\/#website\",\"url\":\"https:\/\/guineediversite.com\/\",\"name\":\"Guin\u00e9e Diversit\u00e9\",\"description\":\"L&#039;Info dans toute sa diversit\u00e9\",\"publisher\":{\"@id\":\"https:\/\/guineediversite.com\/#organization\"},\"potentialAction\":[{\"@type\":\"SearchAction\",\"target\":{\"@type\":\"EntryPoint\",\"urlTemplate\":\"https:\/\/guineediversite.com\/?s={search_term_string}\"},\"query-input\":{\"@type\":\"PropertyValueSpecification\",\"valueRequired\":true,\"valueName\":\"search_term_string\"}}],\"inLanguage\":\"fr-FR\"},{\"@type\":\"Organization\",\"@id\":\"https:\/\/guineediversite.com\/#organization\",\"name\":\"Guin\u00e9e Diversit\u00e9\",\"url\":\"https:\/\/guineediversite.com\/\",\"logo\":{\"@type\":\"ImageObject\",\"inLanguage\":\"fr-FR\",\"@id\":\"https:\/\/guineediversite.com\/#\/schema\/logo\/image\/\",\"url\":\"https:\/\/guineediversite.com\/wp-content\/uploads\/2017\/04\/cropped-1jojlxEOMkX9Wyqfhe43D6kjPOGqBBKmx3EwWJqZ0cMrFF54yM49.png\",\"contentUrl\":\"https:\/\/guineediversite.com\/wp-content\/uploads\/2017\/04\/cropped-1jojlxEOMkX9Wyqfhe43D6kjPOGqBBKmx3EwWJqZ0cMrFF54yM49.png\",\"width\":186,\"height\":112,\"caption\":\"Guin\u00e9e Diversit\u00e9\"},\"image\":{\"@id\":\"https:\/\/guineediversite.com\/#\/schema\/logo\/image\/\"},\"sameAs\":[\"https:\/\/www.facebook.com\/guineediversite\/\",\"https:\/\/x.com\/GuineeDiversite\",\"https:\/\/www.youtube.com\/channel\/UC8sUY16qelG5ge6_D5SB83g\"]},{\"@type\":\"Person\",\"@id\":\"https:\/\/guineediversite.com\/#\/schema\/person\/079ec347f72d2acde4b56a50a4fd46dc\",\"name\":\"Moussa Mo\u00efse K\u00e9ita\",\"image\":{\"@type\":\"ImageObject\",\"inLanguage\":\"fr-FR\",\"@id\":\"https:\/\/guineediversite.com\/#\/schema\/person\/image\/\",\"url\":\"https:\/\/secure.gravatar.com\/avatar\/edf1ea2cc01841e6c0b49384bcb1385b?s=96&d=mm&r=g\",\"contentUrl\":\"https:\/\/secure.gravatar.com\/avatar\/edf1ea2cc01841e6c0b49384bcb1385b?s=96&d=mm&r=g\",\"caption\":\"Moussa Mo\u00efse K\u00e9ita\"},\"url\":\"https:\/\/guineediversite.com\/index.php\/author\/moussa-moise\/\"}]}<\/script>\n<!-- \/ Yoast SEO plugin. -->","yoast_head_json":{"title":"Affaire Bollor\u00e9\u00a0: Alpha Cond\u00e9 menace de porter plainte | Guin\u00e9e Diversit\u00e9","robots":{"index":"index","follow":"follow","max-snippet":"max-snippet:-1","max-image-preview":"max-image-preview:large","max-video-preview":"max-video-preview:-1"},"canonical":"https:\/\/guineediversite.com\/index.php\/2018\/05\/04\/affaire-bollore-alpha-conde-annonce-porter-plainte\/","og_locale":"fr_FR","og_type":"article","og_title":"Affaire Bollor\u00e9\u00a0: Alpha Cond\u00e9 menace de porter plainte | Guin\u00e9e Diversit\u00e9","og_description":"Le pr\u00e9sident Alpha Cond\u00e9 a \u00e9galement annonc\u00e9 une plainte en France dans laffaire Bollor\u00e9. Il accuse les journalistes de passivit\u00e9 face aux informations calomnieuses. En marge de la c\u00e9l\u00e9bration de la journ\u00e9e internationale de la libert\u00e9 de la presse ce jeudi 3 mai \u00e0 la maison de la presse \u00e0 Col\u00e9ah. Une premi\u00e8re dans lhistoire [&hellip;]","og_url":"https:\/\/guineediversite.com\/index.php\/2018\/05\/04\/affaire-bollore-alpha-conde-annonce-porter-plainte\/","og_site_name":"Guin\u00e9e Diversit\u00e9","article_publisher":"https:\/\/www.facebook.com\/guineediversite\/","article_published_time":"2018-05-04T14:52:34+00:00","article_modified_time":"2018-05-04T15:20:06+00:00","og_image":[{"width":1024,"height":512,"url":"https:\/\/guineediversite.com\/wp-content\/uploads\/2018\/04\/3302018105232.jpg","type":"image\/jpeg"}],"author":"Moussa Mo\u00efse K\u00e9ita","twitter_card":"summary_large_image","twitter_creator":"@GuineeDiversite","twitter_site":"@GuineeDiversite","twitter_misc":{"\u00c9crit par":"Moussa Mo\u00efse K\u00e9ita","Dur\u00e9e de lecture estim\u00e9e":"1 minute"},"schema":{"@context":"https:\/\/schema.org","@graph":[{"@type":"Article","@id":"https:\/\/guineediversite.com\/index.php\/2018\/05\/04\/affaire-bollore-alpha-conde-annonce-porter-plainte\/#article","isPartOf":{"@id":"https:\/\/guineediversite.com\/index.php\/2018\/05\/04\/affaire-bollore-alpha-conde-annonce-porter-plainte\/"},"author":{"name":"Moussa Mo\u00efse K\u00e9ita","@id":"https:\/\/guineediversite.com\/#\/schema\/person\/079ec347f72d2acde4b56a50a4fd46dc"},"headline":"Affaire Bollor\u00e9\u00a0: Alpha Cond\u00e9 menace de porter plainte","datePublished":"2018-05-04T14:52:34+00:00","dateModified":"2018-05-04T15:20:06+00:00","mainEntityOfPage":{"@id":"https:\/\/guineediversite.com\/index.php\/2018\/05\/04\/affaire-bollore-alpha-conde-annonce-porter-plainte\/"},"wordCount":227,"publisher":{"@id":"https:\/\/guineediversite.com\/#organization"},"image":{"@id":"https:\/\/guineediversite.com\/index.php\/2018\/05\/04\/affaire-bollore-alpha-conde-annonce-porter-plainte\/#primaryimage"},"thumbnailUrl":"https:\/\/guineediversite.com\/wp-content\/uploads\/2018\/04\/3302018105232.jpg","articleSection":["Economie"],"inLanguage":"fr-FR"},{"@type":"WebPage","@id":"https:\/\/guineediversite.com\/index.php\/2018\/05\/04\/affaire-bollore-alpha-conde-annonce-porter-plainte\/","url":"https:\/\/guineediversite.com\/index.php\/2018\/05\/04\/affaire-bollore-alpha-conde-annonce-porter-plainte\/","name":"Affaire Bollor\u00e9\u00a0: Alpha Cond\u00e9 menace de porter plainte | Guin\u00e9e Diversit\u00e9","isPartOf":{"@id":"https:\/\/guineediversite.com\/#website"},"primaryImageOfPage":{"@id":"https:\/\/guineediversite.com\/index.php\/2018\/05\/04\/affaire-bollore-alpha-conde-annonce-porter-plainte\/#primaryimage"},"image":{"@id":"https:\/\/guineediversite.com\/index.php\/2018\/05\/04\/affaire-bollore-alpha-conde-annonce-porter-plainte\/#primaryimage"},"thumbnailUrl":"https:\/\/guineediversite.com\/wp-content\/uploads\/2018\/04\/3302018105232.jpg","datePublished":"2018-05-04T14:52:34+00:00","dateModified":"2018-05-04T15:20:06+00:00","breadcrumb":{"@id":"https:\/\/guineediversite.com\/index.php\/2018\/05\/04\/affaire-bollore-alpha-conde-annonce-porter-plainte\/#breadcrumb"},"inLanguage":"fr-FR","potentialAction":[{"@type":"ReadAction","target":["https:\/\/guineediversite.com\/index.php\/2018\/05\/04\/affaire-bollore-alpha-conde-annonce-porter-plainte\/"]}]},{"@type":"ImageObject","inLanguage":"fr-FR","@id":"https:\/\/guineediversite.com\/index.php\/2018\/05\/04\/affaire-bollore-alpha-conde-annonce-porter-plainte\/#primaryimage","url":"https:\/\/guineediversite.com\/wp-content\/uploads\/2018\/04\/3302018105232.jpg","contentUrl":"https:\/\/guineediversite.com\/wp-content\/uploads\/2018\/04\/3302018105232.jpg","width":"1024","height":"512"},{"@type":"BreadcrumbList","@id":"https:\/\/guineediversite.com\/index.php\/2018\/05\/04\/affaire-bollore-alpha-conde-annonce-porter-plainte\/#breadcrumb","itemListElement":[{"@type":"ListItem","position":1,"name":"Accueil","item":"https:\/\/guineediversite.com\/"},{"@type":"ListItem","position":2,"name":"Affaire Bollor\u00e9\u00a0: Alpha Cond\u00e9 menace de porter plainte"}]},{"@type":"WebSite","@id":"https:\/\/guineediversite.com\/#website","url":"https:\/\/guineediversite.com\/","name":"Guin\u00e9e Diversit\u00e9","description":"L&#039;Info dans toute sa diversit\u00e9","publisher":{"@id":"https:\/\/guineediversite.com\/#organization"},"potentialAction":[{"@type":"SearchAction","target":{"@type":"EntryPoint","urlTemplate":"https:\/\/guineediversite.com\/?s={search_term_string}"},"query-input":{"@type":"PropertyValueSpecification","valueRequired":true,"valueName":"search_term_string"}}],"inLanguage":"fr-FR"},{"@type":"Organization","@id":"https:\/\/guineediversite.com\/#organization","name":"Guin\u00e9e Diversit\u00e9","url":"https:\/\/guineediversite.com\/","logo":{"@type":"ImageObject","inLanguage":"fr-FR","@id":"https:\/\/guineediversite.com\/#\/schema\/logo\/image\/","url":"https:\/\/guineediversite.com\/wp-content\/uploads\/2017\/04\/cropped-1jojlxEOMkX9Wyqfhe43D6kjPOGqBBKmx3EwWJqZ0cMrFF54yM49.png","contentUrl":"https:\/\/guineediversite.com\/wp-content\/uploads\/2017\/04\/cropped-1jojlxEOMkX9Wyqfhe43D6kjPOGqBBKmx3EwWJqZ0cMrFF54yM49.png","width":186,"height":112,"caption":"Guin\u00e9e Diversit\u00e9"},"image":{"@id":"https:\/\/guineediversite.com\/#\/schema\/logo\/image\/"},"sameAs":["https:\/\/www.facebook.com\/guineediversite\/","https:\/\/x.com\/GuineeDiversite","https:\/\/www.youtube.com\/channel\/UC8sUY16qelG5ge6_D5SB83g"]},{"@type":"Person","@id":"https:\/\/guineediversite.com\/#\/schema\/person\/079ec347f72d2acde4b56a50a4fd46dc","name":"Moussa Mo\u00efse K\u00e9ita","image":{"@type":"ImageObject","inLanguage":"fr-FR","@id":"https:\/\/guineediversite.com\/#\/schema\/person\/image\/","url":"https:\/\/secure.gravatar.com\/avatar\/edf1ea2cc01841e6c0b49384bcb1385b?s=96&d=mm&r=g","contentUrl":"https:\/\/secure.gravatar.com\/avatar\/edf1ea2cc01841e6c0b49384bcb1385b?s=96&d=mm&r=g","caption":"Moussa Mo\u00efse K\u00e9ita"},"url":"https:\/\/guineediversite.com\/index.php\/author\/moussa-moise\/"}]}},"_links":{"self":[{"href":"https:\/\/guineediversite.com\/index.php\/wp-json\/wp\/v2\/posts\/25101"}],"collection":[{"href":"https:\/\/guineediversite.com\/index.php\/wp-json\/wp\/v2\/posts"}],"about":[{"href":"https:\/\/guineediversite.com\/index.php\/wp-json\/wp\/v2\/types\/post"}],"author":[{"embeddable":true,"href":"https:\/\/guineediversite.com\/index.php\/wp-json\/wp\/v2\/users\/16"}],"replies":[{"embeddable":true,"href":"https:\/\/guineediversite.com\/index.php\/wp-json\/wp\/v2\/comments?post=25101"}],"version-history":[{"count":0,"href":"https:\/\/guineediversite.com\/index.php\/wp-json\/wp\/v2\/posts\/25101\/revisions"}],"wp:featuredmedia":[{"embeddable":true,"href":"https:\/\/guineediversite.com\/index.php\/wp-json\/wp\/v2\/media\/25024"}],"wp:attachment":[{"href":"https:\/\/guineediversite.com\/index.php\/wp-json\/wp\/v2\/media?parent=25101"}],"wp:term":[{"taxonomy":"category","embeddable":true,"href":"https:\/\/guineediversite.com\/index.php\/wp-json\/wp\/v2\/categories?post=25101"},{"taxonomy":"post_tag","embeddable":true,"href":"https:\/\/guineediversite.com\/index.php\/wp-json\/wp\/v2\/tags?post=25101"}],"curies":[{"name":"wp","href":"https:\/\/api.w.org\/{rel}","templated":true}]}}