{"id":25098,"date":"2018-05-04T16:44:43","date_gmt":"2018-05-04T14:44:43","guid":{"rendered":"https:\/\/guineediversite.com\/?p=25098"},"modified":"2018-05-04T16:44:43","modified_gmt":"2018-05-04T14:44:43","slug":"guinee-le-goha-regrette-le-deces-delhadj-abdouramane-diallo-et-prevoit-une-journee-sans-commerce-le-7mai-prochain","status":"publish","type":"post","link":"https:\/\/guineediversite.com\/index.php\/2018\/05\/04\/guinee-le-goha-regrette-le-deces-delhadj-abdouramane-diallo-et-prevoit-une-journee-sans-commerce-le-7mai-prochain\/","title":{"rendered":"Guin\u00e9e : Le GOHA regrette le d\u00e9c\u00e8s d\u2019Elhadj Abdouramane Diallo et pr\u00e9voit une journ\u00e9e sans commerce le 7mai prochain"},"content":{"rendered":"<p>Le groupe organis\u00e9 des hommes d\u2019affaires(GOHA ) a dans une d\u00e9claration rendue publique ce vendredi regrett\u00e9 le d\u00e9c\u00e8s de l&rsquo;op\u00e9rateur \u00e9conomique Elhadji Abdourahmane Diallo. Par la m\u00eame occasion pour montrer leur solidaire \u00e0 la famille \u00e9plor\u00e9e, il annonce une journ\u00e9e sans commerce le 7mai prochain. Lisez donc l&rsquo;int\u00e9gralit\u00e9 de cette d\u00e9claration :<br \/>\nC\u2019est avec beaucoup de tristesse et d\u2019amertume que le Groupe Organis\u00e9 des Hommes d\u2019Affaires (GOHA) appris la d\u00e9couverte de la d\u00e9pouille d\u2019El Hadj Abdourahame Diallo dit \u00ab El Hadj Doura \u00bb, membre du conseil des sages et Co fondateur du GOHA en 2003, enlev\u00e9 par des inconnus le 03 d\u00e9cembre 2017.<br \/>\nA cette triste occasion, le GOHA pr\u00e9sente ses condol\u00e9ances les plus attrist\u00e9es \u00e0 la famille \u00e9plor\u00e9e, ainsi qu\u2019\u00e0 l\u2019ensemble des op\u00e9rateurs \u00e9conomiques du pays qui, par cet acte ignoble commandit\u00e9 par des mains obscures qui finiront par \u00eatre d\u00e9couvertes, ont perdu l\u2019un des meilleurs parmi eux.<br \/>\nPar l\u2019amour de son pays et de sa corporation \u00e0 qui il a tout donn\u00e9, El Hadj Doura a, durant toute sa vie servi de mod\u00e8le \u00e0 d\u2019autres op\u00e9rateurs \u00e9conomiques, surtout ceux de la nouvelle g\u00e9n\u00e9ration.<br \/>\nLa d\u00e9couverte de sa d\u00e9pouille prouve si besoin \u00e9tait, l\u2019\u00e9tat d\u2019ins\u00e9curit\u00e9 dans lequel les op\u00e9rateurs \u00e9conomiques guin\u00e9ens vivent, et de fa\u00e7on permanente, sans que cela ne puisse pr\u00e9occuper ceux qui sont sens\u00e9s garantir nos personnes et nos biens.<br \/>\nEn rappel, dans un pass\u00e9 r\u00e9cent, le corps de feu Badara Diaby, vice pr\u00e9sident de la section GOHA de Matoto a \u00e9t\u00e9 retrouv\u00e9 sans vie. Depuis lors, aucune suite n\u2019a \u00e9t\u00e9 donn\u00e9e \u00e0 cette affaire.<br \/>\nOn a \u00e9galement en m\u00e9moire l\u2019enl\u00e8vement du fils d\u2019El Hadj Guelguedji, pour ne citer que ce cas. Rien que depuis le d\u00e9but de cette ann\u00e9e, combien d\u2019incendies d\u2019origine jusqu\u2019\u00e0 pr\u00e9sent non identifi\u00e9e ont r\u00e9duit en cendres les efforts de toute une vie de plus d\u2019un op\u00e9rateur \u00e9conomique ?<br \/>\nEn temps opportun, le GOHA initiera des actions appropri\u00e9es pour que plus jamais en Guin\u00e9e, le droit soit laiss\u00e9 aux bandits et leurs commanditaires de d\u00e9cider de la vie ou de la mort d\u2019un op\u00e9rateur \u00e9conomique.<br \/>\nPour l\u2019instant, l\u2019heure doit \u00eatre au recueillement et \u00e0 la pri\u00e8re pour le repos de l\u2019\u00e2me du d\u00e9sormais feu \u00ab El Hadj Doura \u00bb<br \/>\nPour cela, le GOHA invite tous les op\u00e9rateurs \u00e9conomiques du pays \u00e0 observer une journ\u00e9e de solidarit\u00e9 \u00e0 l\u2019endroit de la famille d\u2019El Hadj Doura.<br \/>\nCette journ\u00e9e sans commerce sur l\u2019ensemble du territoire national fix\u00e9e au lundi 7 mai 18 sera une occasion de rappeler \u00e0 nos dirigeants, qu\u2019ils ont une obligation de r\u00e9sultat face \u00e0 l\u2019ins\u00e9curit\u00e9 qui menace les op\u00e9rateurs \u00e9conomiques en Guin\u00e9e.<br \/>\nLe GOHA rappelle \u00e0 l\u2019ensemble des op\u00e9rateurs \u00e9conomiques du pays, que c\u2019est seulement en restant solidaire que nous pourrons surmonter toutes les difficult\u00e9s qui s\u2019\u00e9rigent dans l\u2019exercice de nos activit\u00e9s. Divis\u00e9s, nous serons des proies faciles pour ceux qui cherchent \u00e0 nous an\u00e9antir.<br \/>\nQue l\u2019\u00e2me de notre cher El Hadj Doura repose en paix, et que Dieu le tout Puissant, le Mis\u00e9ricordieux l\u2019accueille dans son paradis Amen.<br \/>\nConakry le 03 Mai 2018<br \/>\nLe Pr\u00e9sident<br \/>\nCh\u00e9rif Mohamed Abdallah<\/p>\n","protected":false},"excerpt":{"rendered":"<p>Le groupe organis\u00e9 des hommes d\u2019affaires(GOHA ) a dans une d\u00e9claration rendue publique ce vendredi regrett\u00e9 le d\u00e9c\u00e8s de l&rsquo;op\u00e9rateur \u00e9conomique Elhadji Abdourahmane Diallo. Par la m\u00eame occasion pour montrer leur solidaire \u00e0 la famille \u00e9plor\u00e9e, il annonce une journ\u00e9e sans commerce le 7mai prochain. Lisez donc l&rsquo;int\u00e9gralit\u00e9 de cette d\u00e9claration : C\u2019est avec beaucoup [&hellip;]<\/p>\n","protected":false},"author":12,"featured_media":25099,"comment_status":"closed","ping_status":"closed","sticky":false,"template":"","format":"standard","meta":{"_exactmetrics_skip_tracking":false,"_exactmetrics_sitenote_active":false,"_exactmetrics_sitenote_note":"","_exactmetrics_sitenote_category":0,"tdm_status":"","tdm_grid_status":"","footnotes":""},"categories":[16],"tags":[],"class_list":{"0":"post-25098","1":"post","2":"type-post","3":"status-publish","4":"format-standard","5":"has-post-thumbnail","7":"category-societe"},"yoast_head":"<!-- This site is optimized with the Yoast SEO plugin v24.2 - https:\/\/yoast.com\/wordpress\/plugins\/seo\/ -->\n<title>Guin\u00e9e : Le GOHA regrette le d\u00e9c\u00e8s d\u2019Elhadj Abdouramane Diallo et pr\u00e9voit une journ\u00e9e sans commerce le 7mai prochain | Guin\u00e9e Diversit\u00e9<\/title>\n<meta name=\"robots\" content=\"index, follow, max-snippet:-1, max-image-preview:large, max-video-preview:-1\" \/>\n<link rel=\"canonical\" href=\"https:\/\/guineediversite.com\/index.php\/2018\/05\/04\/guinee-le-goha-regrette-le-deces-delhadj-abdouramane-diallo-et-prevoit-une-journee-sans-commerce-le-7mai-prochain\/\" \/>\n<meta property=\"og:locale\" content=\"fr_FR\" \/>\n<meta property=\"og:type\" content=\"article\" \/>\n<meta property=\"og:title\" content=\"Guin\u00e9e : Le GOHA regrette le d\u00e9c\u00e8s d\u2019Elhadj Abdouramane Diallo et pr\u00e9voit une journ\u00e9e sans commerce le 7mai prochain | Guin\u00e9e Diversit\u00e9\" \/>\n<meta property=\"og:description\" content=\"Le groupe organis\u00e9 des hommes d\u2019affaires(GOHA ) a dans une d\u00e9claration rendue publique ce vendredi regrett\u00e9 le d\u00e9c\u00e8s de l&rsquo;op\u00e9rateur \u00e9conomique Elhadji Abdourahmane Diallo. Par la m\u00eame occasion pour montrer leur solidaire \u00e0 la famille \u00e9plor\u00e9e, il annonce une journ\u00e9e sans commerce le 7mai prochain. Lisez donc l&rsquo;int\u00e9gralit\u00e9 de cette d\u00e9claration : C\u2019est avec beaucoup [&hellip;]\" \/>\n<meta property=\"og:url\" content=\"https:\/\/guineediversite.com\/index.php\/2018\/05\/04\/guinee-le-goha-regrette-le-deces-delhadj-abdouramane-diallo-et-prevoit-une-journee-sans-commerce-le-7mai-prochain\/\" \/>\n<meta property=\"og:site_name\" content=\"Guin\u00e9e Diversit\u00e9\" \/>\n<meta property=\"article:publisher\" content=\"https:\/\/www.facebook.com\/guineediversite\/\" \/>\n<meta property=\"article:published_time\" content=\"2018-05-04T14:44:43+00:00\" \/>\n<meta property=\"og:image\" content=\"https:\/\/guineediversite.com\/wp-content\/uploads\/2018\/05\/442018144332.jpg\" \/>\n\t<meta property=\"og:image:width\" content=\"1024\" \/>\n\t<meta property=\"og:image:height\" content=\"690\" \/>\n\t<meta property=\"og:image:type\" content=\"image\/jpeg\" \/>\n<meta name=\"author\" content=\"Guin\u00e9e Diversit\u00e9\" \/>\n<meta name=\"twitter:card\" content=\"summary_large_image\" \/>\n<meta name=\"twitter:creator\" content=\"@GuineeDiversite\" \/>\n<meta name=\"twitter:site\" content=\"@GuineeDiversite\" \/>\n<meta name=\"twitter:label1\" content=\"\u00c9crit par\" \/>\n\t<meta name=\"twitter:data1\" content=\"Guin\u00e9e Diversit\u00e9\" \/>\n\t<meta name=\"twitter:label2\" content=\"Dur\u00e9e de lecture estim\u00e9e\" \/>\n\t<meta name=\"twitter:data2\" content=\"3 minutes\" \/>\n<script type=\"application\/ld+json\" class=\"yoast-schema-graph\">{\"@context\":\"https:\/\/schema.org\",\"@graph\":[{\"@type\":\"Article\",\"@id\":\"https:\/\/guineediversite.com\/index.php\/2018\/05\/04\/guinee-le-goha-regrette-le-deces-delhadj-abdouramane-diallo-et-prevoit-une-journee-sans-commerce-le-7mai-prochain\/#article\",\"isPartOf\":{\"@id\":\"https:\/\/guineediversite.com\/index.php\/2018\/05\/04\/guinee-le-goha-regrette-le-deces-delhadj-abdouramane-diallo-et-prevoit-une-journee-sans-commerce-le-7mai-prochain\/\"},\"author\":{\"name\":\"Guin\u00e9e Diversit\u00e9\",\"@id\":\"https:\/\/guineediversite.com\/#\/schema\/person\/afa08fb34e7fc6e1feafc892612bc836\"},\"headline\":\"Guin\u00e9e : Le GOHA regrette le d\u00e9c\u00e8s d\u2019Elhadj Abdouramane Diallo et pr\u00e9voit une journ\u00e9e sans commerce le 7mai prochain\",\"datePublished\":\"2018-05-04T14:44:43+00:00\",\"dateModified\":\"2018-05-04T14:44:43+00:00\",\"mainEntityOfPage\":{\"@id\":\"https:\/\/guineediversite.com\/index.php\/2018\/05\/04\/guinee-le-goha-regrette-le-deces-delhadj-abdouramane-diallo-et-prevoit-une-journee-sans-commerce-le-7mai-prochain\/\"},\"wordCount\":603,\"publisher\":{\"@id\":\"https:\/\/guineediversite.com\/#organization\"},\"image\":{\"@id\":\"https:\/\/guineediversite.com\/index.php\/2018\/05\/04\/guinee-le-goha-regrette-le-deces-delhadj-abdouramane-diallo-et-prevoit-une-journee-sans-commerce-le-7mai-prochain\/#primaryimage\"},\"thumbnailUrl\":\"https:\/\/guineediversite.com\/wp-content\/uploads\/2018\/05\/442018144332.jpg\",\"articleSection\":[\"Soci\u00e9t\u00e9\"],\"inLanguage\":\"fr-FR\"},{\"@type\":\"WebPage\",\"@id\":\"https:\/\/guineediversite.com\/index.php\/2018\/05\/04\/guinee-le-goha-regrette-le-deces-delhadj-abdouramane-diallo-et-prevoit-une-journee-sans-commerce-le-7mai-prochain\/\",\"url\":\"https:\/\/guineediversite.com\/index.php\/2018\/05\/04\/guinee-le-goha-regrette-le-deces-delhadj-abdouramane-diallo-et-prevoit-une-journee-sans-commerce-le-7mai-prochain\/\",\"name\":\"Guin\u00e9e : Le GOHA regrette le d\u00e9c\u00e8s d\u2019Elhadj Abdouramane Diallo et pr\u00e9voit une journ\u00e9e sans commerce le 7mai prochain | Guin\u00e9e Diversit\u00e9\",\"isPartOf\":{\"@id\":\"https:\/\/guineediversite.com\/#website\"},\"primaryImageOfPage\":{\"@id\":\"https:\/\/guineediversite.com\/index.php\/2018\/05\/04\/guinee-le-goha-regrette-le-deces-delhadj-abdouramane-diallo-et-prevoit-une-journee-sans-commerce-le-7mai-prochain\/#primaryimage\"},\"image\":{\"@id\":\"https:\/\/guineediversite.com\/index.php\/2018\/05\/04\/guinee-le-goha-regrette-le-deces-delhadj-abdouramane-diallo-et-prevoit-une-journee-sans-commerce-le-7mai-prochain\/#primaryimage\"},\"thumbnailUrl\":\"https:\/\/guineediversite.com\/wp-content\/uploads\/2018\/05\/442018144332.jpg\",\"datePublished\":\"2018-05-04T14:44:43+00:00\",\"dateModified\":\"2018-05-04T14:44:43+00:00\",\"breadcrumb\":{\"@id\":\"https:\/\/guineediversite.com\/index.php\/2018\/05\/04\/guinee-le-goha-regrette-le-deces-delhadj-abdouramane-diallo-et-prevoit-une-journee-sans-commerce-le-7mai-prochain\/#breadcrumb\"},\"inLanguage\":\"fr-FR\",\"potentialAction\":[{\"@type\":\"ReadAction\",\"target\":[\"https:\/\/guineediversite.com\/index.php\/2018\/05\/04\/guinee-le-goha-regrette-le-deces-delhadj-abdouramane-diallo-et-prevoit-une-journee-sans-commerce-le-7mai-prochain\/\"]}]},{\"@type\":\"ImageObject\",\"inLanguage\":\"fr-FR\",\"@id\":\"https:\/\/guineediversite.com\/index.php\/2018\/05\/04\/guinee-le-goha-regrette-le-deces-delhadj-abdouramane-diallo-et-prevoit-une-journee-sans-commerce-le-7mai-prochain\/#primaryimage\",\"url\":\"https:\/\/guineediversite.com\/wp-content\/uploads\/2018\/05\/442018144332.jpg\",\"contentUrl\":\"https:\/\/guineediversite.com\/wp-content\/uploads\/2018\/05\/442018144332.jpg\",\"width\":\"1024\",\"height\":\"690\"},{\"@type\":\"BreadcrumbList\",\"@id\":\"https:\/\/guineediversite.com\/index.php\/2018\/05\/04\/guinee-le-goha-regrette-le-deces-delhadj-abdouramane-diallo-et-prevoit-une-journee-sans-commerce-le-7mai-prochain\/#breadcrumb\",\"itemListElement\":[{\"@type\":\"ListItem\",\"position\":1,\"name\":\"Accueil\",\"item\":\"https:\/\/guineediversite.com\/\"},{\"@type\":\"ListItem\",\"position\":2,\"name\":\"Guin\u00e9e : Le GOHA regrette le d\u00e9c\u00e8s d\u2019Elhadj Abdouramane Diallo et pr\u00e9voit une journ\u00e9e sans commerce le 7mai prochain\"}]},{\"@type\":\"WebSite\",\"@id\":\"https:\/\/guineediversite.com\/#website\",\"url\":\"https:\/\/guineediversite.com\/\",\"name\":\"Guin\u00e9e Diversit\u00e9\",\"description\":\"L&#039;Info dans toute sa diversit\u00e9\",\"publisher\":{\"@id\":\"https:\/\/guineediversite.com\/#organization\"},\"potentialAction\":[{\"@type\":\"SearchAction\",\"target\":{\"@type\":\"EntryPoint\",\"urlTemplate\":\"https:\/\/guineediversite.com\/?s={search_term_string}\"},\"query-input\":{\"@type\":\"PropertyValueSpecification\",\"valueRequired\":true,\"valueName\":\"search_term_string\"}}],\"inLanguage\":\"fr-FR\"},{\"@type\":\"Organization\",\"@id\":\"https:\/\/guineediversite.com\/#organization\",\"name\":\"Guin\u00e9e Diversit\u00e9\",\"url\":\"https:\/\/guineediversite.com\/\",\"logo\":{\"@type\":\"ImageObject\",\"inLanguage\":\"fr-FR\",\"@id\":\"https:\/\/guineediversite.com\/#\/schema\/logo\/image\/\",\"url\":\"https:\/\/guineediversite.com\/wp-content\/uploads\/2017\/04\/cropped-1jojlxEOMkX9Wyqfhe43D6kjPOGqBBKmx3EwWJqZ0cMrFF54yM49.png\",\"contentUrl\":\"https:\/\/guineediversite.com\/wp-content\/uploads\/2017\/04\/cropped-1jojlxEOMkX9Wyqfhe43D6kjPOGqBBKmx3EwWJqZ0cMrFF54yM49.png\",\"width\":186,\"height\":112,\"caption\":\"Guin\u00e9e Diversit\u00e9\"},\"image\":{\"@id\":\"https:\/\/guineediversite.com\/#\/schema\/logo\/image\/\"},\"sameAs\":[\"https:\/\/www.facebook.com\/guineediversite\/\",\"https:\/\/x.com\/GuineeDiversite\",\"https:\/\/www.youtube.com\/channel\/UC8sUY16qelG5ge6_D5SB83g\"]},{\"@type\":\"Person\",\"@id\":\"https:\/\/guineediversite.com\/#\/schema\/person\/afa08fb34e7fc6e1feafc892612bc836\",\"name\":\"Guin\u00e9e Diversit\u00e9\",\"image\":{\"@type\":\"ImageObject\",\"inLanguage\":\"fr-FR\",\"@id\":\"https:\/\/guineediversite.com\/#\/schema\/person\/image\/\",\"url\":\"https:\/\/secure.gravatar.com\/avatar\/50d5eb5b390f8b65ac30ac6f898eb83a?s=96&d=mm&r=g\",\"contentUrl\":\"https:\/\/secure.gravatar.com\/avatar\/50d5eb5b390f8b65ac30ac6f898eb83a?s=96&d=mm&r=g\",\"caption\":\"Guin\u00e9e Diversit\u00e9\"},\"url\":\"https:\/\/guineediversite.com\/index.php\/author\/guineediversite\/\"}]}<\/script>\n<!-- \/ Yoast SEO plugin. -->","yoast_head_json":{"title":"Guin\u00e9e : Le GOHA regrette le d\u00e9c\u00e8s d\u2019Elhadj Abdouramane Diallo et pr\u00e9voit une journ\u00e9e sans commerce le 7mai prochain | Guin\u00e9e Diversit\u00e9","robots":{"index":"index","follow":"follow","max-snippet":"max-snippet:-1","max-image-preview":"max-image-preview:large","max-video-preview":"max-video-preview:-1"},"canonical":"https:\/\/guineediversite.com\/index.php\/2018\/05\/04\/guinee-le-goha-regrette-le-deces-delhadj-abdouramane-diallo-et-prevoit-une-journee-sans-commerce-le-7mai-prochain\/","og_locale":"fr_FR","og_type":"article","og_title":"Guin\u00e9e : Le GOHA regrette le d\u00e9c\u00e8s d\u2019Elhadj Abdouramane Diallo et pr\u00e9voit une journ\u00e9e sans commerce le 7mai prochain | Guin\u00e9e Diversit\u00e9","og_description":"Le groupe organis\u00e9 des hommes d\u2019affaires(GOHA ) a dans une d\u00e9claration rendue publique ce vendredi regrett\u00e9 le d\u00e9c\u00e8s de l&rsquo;op\u00e9rateur \u00e9conomique Elhadji Abdourahmane Diallo. Par la m\u00eame occasion pour montrer leur solidaire \u00e0 la famille \u00e9plor\u00e9e, il annonce une journ\u00e9e sans commerce le 7mai prochain. Lisez donc l&rsquo;int\u00e9gralit\u00e9 de cette d\u00e9claration : C\u2019est avec beaucoup [&hellip;]","og_url":"https:\/\/guineediversite.com\/index.php\/2018\/05\/04\/guinee-le-goha-regrette-le-deces-delhadj-abdouramane-diallo-et-prevoit-une-journee-sans-commerce-le-7mai-prochain\/","og_site_name":"Guin\u00e9e Diversit\u00e9","article_publisher":"https:\/\/www.facebook.com\/guineediversite\/","article_published_time":"2018-05-04T14:44:43+00:00","og_image":[{"width":1024,"height":690,"url":"https:\/\/guineediversite.com\/wp-content\/uploads\/2018\/05\/442018144332.jpg","type":"image\/jpeg"}],"author":"Guin\u00e9e Diversit\u00e9","twitter_card":"summary_large_image","twitter_creator":"@GuineeDiversite","twitter_site":"@GuineeDiversite","twitter_misc":{"\u00c9crit par":"Guin\u00e9e Diversit\u00e9","Dur\u00e9e de lecture estim\u00e9e":"3 minutes"},"schema":{"@context":"https:\/\/schema.org","@graph":[{"@type":"Article","@id":"https:\/\/guineediversite.com\/index.php\/2018\/05\/04\/guinee-le-goha-regrette-le-deces-delhadj-abdouramane-diallo-et-prevoit-une-journee-sans-commerce-le-7mai-prochain\/#article","isPartOf":{"@id":"https:\/\/guineediversite.com\/index.php\/2018\/05\/04\/guinee-le-goha-regrette-le-deces-delhadj-abdouramane-diallo-et-prevoit-une-journee-sans-commerce-le-7mai-prochain\/"},"author":{"name":"Guin\u00e9e Diversit\u00e9","@id":"https:\/\/guineediversite.com\/#\/schema\/person\/afa08fb34e7fc6e1feafc892612bc836"},"headline":"Guin\u00e9e : Le GOHA regrette le d\u00e9c\u00e8s d\u2019Elhadj Abdouramane Diallo et pr\u00e9voit une journ\u00e9e sans commerce le 7mai prochain","datePublished":"2018-05-04T14:44:43+00:00","dateModified":"2018-05-04T14:44:43+00:00","mainEntityOfPage":{"@id":"https:\/\/guineediversite.com\/index.php\/2018\/05\/04\/guinee-le-goha-regrette-le-deces-delhadj-abdouramane-diallo-et-prevoit-une-journee-sans-commerce-le-7mai-prochain\/"},"wordCount":603,"publisher":{"@id":"https:\/\/guineediversite.com\/#organization"},"image":{"@id":"https:\/\/guineediversite.com\/index.php\/2018\/05\/04\/guinee-le-goha-regrette-le-deces-delhadj-abdouramane-diallo-et-prevoit-une-journee-sans-commerce-le-7mai-prochain\/#primaryimage"},"thumbnailUrl":"https:\/\/guineediversite.com\/wp-content\/uploads\/2018\/05\/442018144332.jpg","articleSection":["Soci\u00e9t\u00e9"],"inLanguage":"fr-FR"},{"@type":"WebPage","@id":"https:\/\/guineediversite.com\/index.php\/2018\/05\/04\/guinee-le-goha-regrette-le-deces-delhadj-abdouramane-diallo-et-prevoit-une-journee-sans-commerce-le-7mai-prochain\/","url":"https:\/\/guineediversite.com\/index.php\/2018\/05\/04\/guinee-le-goha-regrette-le-deces-delhadj-abdouramane-diallo-et-prevoit-une-journee-sans-commerce-le-7mai-prochain\/","name":"Guin\u00e9e : Le GOHA regrette le d\u00e9c\u00e8s d\u2019Elhadj Abdouramane Diallo et pr\u00e9voit une journ\u00e9e sans commerce le 7mai prochain | Guin\u00e9e Diversit\u00e9","isPartOf":{"@id":"https:\/\/guineediversite.com\/#website"},"primaryImageOfPage":{"@id":"https:\/\/guineediversite.com\/index.php\/2018\/05\/04\/guinee-le-goha-regrette-le-deces-delhadj-abdouramane-diallo-et-prevoit-une-journee-sans-commerce-le-7mai-prochain\/#primaryimage"},"image":{"@id":"https:\/\/guineediversite.com\/index.php\/2018\/05\/04\/guinee-le-goha-regrette-le-deces-delhadj-abdouramane-diallo-et-prevoit-une-journee-sans-commerce-le-7mai-prochain\/#primaryimage"},"thumbnailUrl":"https:\/\/guineediversite.com\/wp-content\/uploads\/2018\/05\/442018144332.jpg","datePublished":"2018-05-04T14:44:43+00:00","dateModified":"2018-05-04T14:44:43+00:00","breadcrumb":{"@id":"https:\/\/guineediversite.com\/index.php\/2018\/05\/04\/guinee-le-goha-regrette-le-deces-delhadj-abdouramane-diallo-et-prevoit-une-journee-sans-commerce-le-7mai-prochain\/#breadcrumb"},"inLanguage":"fr-FR","potentialAction":[{"@type":"ReadAction","target":["https:\/\/guineediversite.com\/index.php\/2018\/05\/04\/guinee-le-goha-regrette-le-deces-delhadj-abdouramane-diallo-et-prevoit-une-journee-sans-commerce-le-7mai-prochain\/"]}]},{"@type":"ImageObject","inLanguage":"fr-FR","@id":"https:\/\/guineediversite.com\/index.php\/2018\/05\/04\/guinee-le-goha-regrette-le-deces-delhadj-abdouramane-diallo-et-prevoit-une-journee-sans-commerce-le-7mai-prochain\/#primaryimage","url":"https:\/\/guineediversite.com\/wp-content\/uploads\/2018\/05\/442018144332.jpg","contentUrl":"https:\/\/guineediversite.com\/wp-content\/uploads\/2018\/05\/442018144332.jpg","width":"1024","height":"690"},{"@type":"BreadcrumbList","@id":"https:\/\/guineediversite.com\/index.php\/2018\/05\/04\/guinee-le-goha-regrette-le-deces-delhadj-abdouramane-diallo-et-prevoit-une-journee-sans-commerce-le-7mai-prochain\/#breadcrumb","itemListElement":[{"@type":"ListItem","position":1,"name":"Accueil","item":"https:\/\/guineediversite.com\/"},{"@type":"ListItem","position":2,"name":"Guin\u00e9e : Le GOHA regrette le d\u00e9c\u00e8s d\u2019Elhadj Abdouramane Diallo et pr\u00e9voit une journ\u00e9e sans commerce le 7mai prochain"}]},{"@type":"WebSite","@id":"https:\/\/guineediversite.com\/#website","url":"https:\/\/guineediversite.com\/","name":"Guin\u00e9e Diversit\u00e9","description":"L&#039;Info dans toute sa diversit\u00e9","publisher":{"@id":"https:\/\/guineediversite.com\/#organization"},"potentialAction":[{"@type":"SearchAction","target":{"@type":"EntryPoint","urlTemplate":"https:\/\/guineediversite.com\/?s={search_term_string}"},"query-input":{"@type":"PropertyValueSpecification","valueRequired":true,"valueName":"search_term_string"}}],"inLanguage":"fr-FR"},{"@type":"Organization","@id":"https:\/\/guineediversite.com\/#organization","name":"Guin\u00e9e Diversit\u00e9","url":"https:\/\/guineediversite.com\/","logo":{"@type":"ImageObject","inLanguage":"fr-FR","@id":"https:\/\/guineediversite.com\/#\/schema\/logo\/image\/","url":"https:\/\/guineediversite.com\/wp-content\/uploads\/2017\/04\/cropped-1jojlxEOMkX9Wyqfhe43D6kjPOGqBBKmx3EwWJqZ0cMrFF54yM49.png","contentUrl":"https:\/\/guineediversite.com\/wp-content\/uploads\/2017\/04\/cropped-1jojlxEOMkX9Wyqfhe43D6kjPOGqBBKmx3EwWJqZ0cMrFF54yM49.png","width":186,"height":112,"caption":"Guin\u00e9e Diversit\u00e9"},"image":{"@id":"https:\/\/guineediversite.com\/#\/schema\/logo\/image\/"},"sameAs":["https:\/\/www.facebook.com\/guineediversite\/","https:\/\/x.com\/GuineeDiversite","https:\/\/www.youtube.com\/channel\/UC8sUY16qelG5ge6_D5SB83g"]},{"@type":"Person","@id":"https:\/\/guineediversite.com\/#\/schema\/person\/afa08fb34e7fc6e1feafc892612bc836","name":"Guin\u00e9e Diversit\u00e9","image":{"@type":"ImageObject","inLanguage":"fr-FR","@id":"https:\/\/guineediversite.com\/#\/schema\/person\/image\/","url":"https:\/\/secure.gravatar.com\/avatar\/50d5eb5b390f8b65ac30ac6f898eb83a?s=96&d=mm&r=g","contentUrl":"https:\/\/secure.gravatar.com\/avatar\/50d5eb5b390f8b65ac30ac6f898eb83a?s=96&d=mm&r=g","caption":"Guin\u00e9e Diversit\u00e9"},"url":"https:\/\/guineediversite.com\/index.php\/author\/guineediversite\/"}]}},"_links":{"self":[{"href":"https:\/\/guineediversite.com\/index.php\/wp-json\/wp\/v2\/posts\/25098"}],"collection":[{"href":"https:\/\/guineediversite.com\/index.php\/wp-json\/wp\/v2\/posts"}],"about":[{"href":"https:\/\/guineediversite.com\/index.php\/wp-json\/wp\/v2\/types\/post"}],"author":[{"embeddable":true,"href":"https:\/\/guineediversite.com\/index.php\/wp-json\/wp\/v2\/users\/12"}],"replies":[{"embeddable":true,"href":"https:\/\/guineediversite.com\/index.php\/wp-json\/wp\/v2\/comments?post=25098"}],"version-history":[{"count":0,"href":"https:\/\/guineediversite.com\/index.php\/wp-json\/wp\/v2\/posts\/25098\/revisions"}],"wp:featuredmedia":[{"embeddable":true,"href":"https:\/\/guineediversite.com\/index.php\/wp-json\/wp\/v2\/media\/25099"}],"wp:attachment":[{"href":"https:\/\/guineediversite.com\/index.php\/wp-json\/wp\/v2\/media?parent=25098"}],"wp:term":[{"taxonomy":"category","embeddable":true,"href":"https:\/\/guineediversite.com\/index.php\/wp-json\/wp\/v2\/categories?post=25098"},{"taxonomy":"post_tag","embeddable":true,"href":"https:\/\/guineediversite.com\/index.php\/wp-json\/wp\/v2\/tags?post=25098"}],"curies":[{"name":"wp","href":"https:\/\/api.w.org\/{rel}","templated":true}]}}