{"id":25095,"date":"2018-05-04T15:19:19","date_gmt":"2018-05-04T13:19:19","guid":{"rendered":"https:\/\/guineediversite.com\/?p=25095"},"modified":"2018-05-04T15:19:19","modified_gmt":"2018-05-04T13:19:19","slug":"journee-internationale-de-la-liberte-de-la-presse-defis-et-perspectives-selon-boubacar-yacine-diallo","status":"publish","type":"post","link":"https:\/\/guineediversite.com\/index.php\/2018\/05\/04\/journee-internationale-de-la-liberte-de-la-presse-defis-et-perspectives-selon-boubacar-yacine-diallo\/","title":{"rendered":"Journ\u00e9e internationale de la libert\u00e9 de la presse: D\u00e9fis et perspectives selon Boubacar Yacine Diallo."},"content":{"rendered":"<p>Cette journ\u00e9e internationale c\u00e9l\u00e9br\u00e9e sous le th\u00e8me \u2018\u2019 Medias, Justice, et Etat de droit\u2019\u2019 a \u00e9t\u00e9 mise \u00e0 profit par les professionnels de medias pour jeter un regard sur les principes et r\u00e8glements de la presse dans le monde en particulier celle de la Guin\u00e9e. Rencontr\u00e9 par notre r\u00e9daction ce jeudi 3 mai 2018 l\u2019ancien ministre de la communication a non seulement d\u00e9peint la situation actuelle des hommes de medias, mais aussi les d\u00e9fis que la presse guin\u00e9enne doit relever.<br \/>\nGuin\u00e9e Diversit\u00e9: Bonjour Monsieur Diallo<br \/>\nBoubacar Yacine Diallo: Bonjour<br \/>\nLe 03 mai nous avons c\u00e9l\u00e9br\u00e9 la journ\u00e9e internationale de la libert\u00e9 de la presse, dites nous en quelques mots quel est l\u2019\u00e9tat de la presse en Guin\u00e9e\u00a0?<br \/>\nDu point de vu l\u00e9gislatif, on peut consid\u00e9rer que le pouvoir a assez fait pour que la presse exerce librement. J\u2019en veux pour preuve la d\u00e9p\u00e9nalisation des d\u00e9lits de presse et en plus les magistrats appliquent les lois sur la presse. Ce sont des avanc\u00e9es par rapport \u00e0 certains comme le S\u00e9n\u00e9gal o\u00f9 la d\u00e9p\u00e9nalisation n\u2019est pas encore une r\u00e9alit\u00e9. Maintenant \u00e0 l\u2019int\u00e9rieur de l\u2019exercice m\u00eame de la profession, on peut constater une r\u00e9elle volont\u00e9 d\u2019intimidation de certains journalistes et voire t\u00e9m\u00e9raires qui ont envi de percer et d\u2019aller au fond des choses pour informer correctement l\u2019opinion. Ces menaces viennent \u00e0 la fois du pouvoir d\u2019Etat mais \u00e9galement des partis politiques o\u00f9 on voit de plus en plus des militants qui s\u2019attaquent \u00e0 des journalistes et \u00e0 des radios priv\u00e9es donc, des agressions physiques et \u00e7a il faut le d\u00e9plorer. Et autres chose : \u00e0 l\u2019int\u00e9rieure m\u00eame de la profession il y&rsquo;a beaucoup de jeunes non journalistes qui sont venus s\u2019autoproclamer journalistes et souvent ce sont eux qu\u2019on voit et ce sont eux qu\u2019on entend et leur mission c\u2019est de venir ternir l\u2019image de la profession.<br \/>\nAujourd\u2019hui, quels sont les d\u00e9fis aux quels la presse guin\u00e9enne est confront\u00e9e\u00a0?<br \/>\nLe premier d\u00e9fi est celui de l\u2019existence m\u00eame de la presse, parce qu\u2019aujourd\u2019hui tout le monde est devenu journaliste \u00e0 travers notamment les r\u00e9seaux sociaux et le pire c\u2019est que beaucoup d\u2019individus fabriquent de fausses informations pour cr\u00e9er une opinion autour d\u2019int\u00e9r\u00eat \u00e9go\u00efste et partisan et \u00e7a il faut \u00eatre vigilant. Heureusement la justice est en train de se r\u00e9veiller et voir en plus quelques structures de la soci\u00e9t\u00e9 civile parce qu\u2019on a remarqu\u00e9 de plus en plus des discours \u00e0 caract\u00e8re haineux ou raciste au d\u00e9triment de l\u2019unit\u00e9 nationale. Et l\u2019autre d\u00e9fis c\u2019est celui de la technique, c\u2019est que nos medias ont du mal \u00e0 se constituer \u00e0 de v\u00e9ritable entreprises de presse. Premi\u00e8re cons\u00e9quence, les journalistes ne sont pas pay\u00e9s o\u00f9 alors assez mal pay\u00e9s ou quand-ils le sont ils ne re\u00e7oivent pas \u00e0 temps leurs salaires. Deuxi\u00e8me chose c\u2019est que les medias ne se d\u00e9veloppent pas.<br \/>\nAvec l\u2019av\u00e8nement de la nouvelle technologie, peut-on dire que l\u2019avenir de la presse est en danger\u00a0?<br \/>\nLe danger aujourd\u2019hui est celui d\u2019observer que tout le monde est devenu journaliste. Chacun fabrique son information et la diffuse sur le support de son choix que l\u2019opinion \u00e0 tendance \u00e0 croire. Quand quelqu\u2019un \u00e9crit un blog, l\u2019opinion pense que c\u2019est un journal en bon et du forme et prend pour argent comptant toutes les informations publi\u00e9es sur ce support l\u00e0.<br \/>\nQu\u2019est ce qu\u2019il faut pour rem\u00e9dier \u00e0 tout cela\u00a0?<br \/>\nIl faut que la Haute Autorit\u00e9 de la Communication renforce son autorit\u00e9 et sa vigilance. Il faut que les associations de presse assainissent leur propre rang et aussi intensifier l\u2019autor\u00e9gulation pour \u00e9viter des d\u00e9rapages parfois inutiles qui exposent souvent le journaliste alors qu&rsquo;il aurait pu les \u00e9viter s&rsquo;il \u00e9tait pr\u00e9venu \u00e0 temps.<br \/>\nMerci Monsieur Diallo<br \/>\nMerci \u00e0 vous.<\/p>\n","protected":false},"excerpt":{"rendered":"<p>Cette journ\u00e9e internationale c\u00e9l\u00e9br\u00e9e sous le th\u00e8me \u2018\u2019 Medias, Justice, et Etat de droit\u2019\u2019 a \u00e9t\u00e9 mise \u00e0 profit par les professionnels de medias pour jeter un regard sur les principes et r\u00e8glements de la presse dans le monde en particulier celle de la Guin\u00e9e. Rencontr\u00e9 par notre r\u00e9daction ce jeudi 3 mai 2018 l\u2019ancien [&hellip;]<\/p>\n","protected":false},"author":16,"featured_media":25096,"comment_status":"closed","ping_status":"closed","sticky":false,"template":"","format":"standard","meta":{"_exactmetrics_skip_tracking":false,"_exactmetrics_sitenote_active":false,"_exactmetrics_sitenote_note":"","_exactmetrics_sitenote_category":0,"tdm_status":"","tdm_grid_status":"","footnotes":""},"categories":[16],"tags":[],"class_list":{"0":"post-25095","1":"post","2":"type-post","3":"status-publish","4":"format-standard","5":"has-post-thumbnail","7":"category-societe"},"yoast_head":"<!-- This site is optimized with the Yoast SEO plugin v24.2 - https:\/\/yoast.com\/wordpress\/plugins\/seo\/ -->\n<title>Journ\u00e9e internationale de la libert\u00e9 de la presse: D\u00e9fis et perspectives selon Boubacar Yacine Diallo. | Guin\u00e9e Diversit\u00e9<\/title>\n<meta name=\"robots\" content=\"index, follow, max-snippet:-1, max-image-preview:large, max-video-preview:-1\" \/>\n<link rel=\"canonical\" href=\"https:\/\/guineediversite.com\/index.php\/2018\/05\/04\/journee-internationale-de-la-liberte-de-la-presse-defis-et-perspectives-selon-boubacar-yacine-diallo\/\" \/>\n<meta property=\"og:locale\" content=\"fr_FR\" \/>\n<meta property=\"og:type\" content=\"article\" \/>\n<meta property=\"og:title\" content=\"Journ\u00e9e internationale de la libert\u00e9 de la presse: D\u00e9fis et perspectives selon Boubacar Yacine Diallo. | Guin\u00e9e Diversit\u00e9\" \/>\n<meta property=\"og:description\" content=\"Cette journ\u00e9e internationale c\u00e9l\u00e9br\u00e9e sous le th\u00e8me \u2018\u2019 Medias, Justice, et Etat de droit\u2019\u2019 a \u00e9t\u00e9 mise \u00e0 profit par les professionnels de medias pour jeter un regard sur les principes et r\u00e8glements de la presse dans le monde en particulier celle de la Guin\u00e9e. Rencontr\u00e9 par notre r\u00e9daction ce jeudi 3 mai 2018 l\u2019ancien [&hellip;]\" \/>\n<meta property=\"og:url\" content=\"https:\/\/guineediversite.com\/index.php\/2018\/05\/04\/journee-internationale-de-la-liberte-de-la-presse-defis-et-perspectives-selon-boubacar-yacine-diallo\/\" \/>\n<meta property=\"og:site_name\" content=\"Guin\u00e9e Diversit\u00e9\" \/>\n<meta property=\"article:publisher\" content=\"https:\/\/www.facebook.com\/guineediversite\/\" \/>\n<meta property=\"article:published_time\" content=\"2018-05-04T13:19:19+00:00\" \/>\n<meta property=\"og:image\" content=\"https:\/\/guineediversite.com\/wp-content\/uploads\/2018\/05\/442018124356.jpg\" \/>\n\t<meta property=\"og:image:width\" content=\"1024\" \/>\n\t<meta property=\"og:image:height\" content=\"713\" \/>\n\t<meta property=\"og:image:type\" content=\"image\/jpeg\" \/>\n<meta name=\"author\" content=\"Moussa Mo\u00efse K\u00e9ita\" \/>\n<meta name=\"twitter:card\" content=\"summary_large_image\" \/>\n<meta name=\"twitter:creator\" content=\"@GuineeDiversite\" \/>\n<meta name=\"twitter:site\" content=\"@GuineeDiversite\" \/>\n<meta name=\"twitter:label1\" content=\"\u00c9crit par\" \/>\n\t<meta name=\"twitter:data1\" content=\"Moussa Mo\u00efse K\u00e9ita\" \/>\n\t<meta name=\"twitter:label2\" content=\"Dur\u00e9e de lecture estim\u00e9e\" \/>\n\t<meta name=\"twitter:data2\" content=\"3 minutes\" \/>\n<script type=\"application\/ld+json\" class=\"yoast-schema-graph\">{\"@context\":\"https:\/\/schema.org\",\"@graph\":[{\"@type\":\"Article\",\"@id\":\"https:\/\/guineediversite.com\/index.php\/2018\/05\/04\/journee-internationale-de-la-liberte-de-la-presse-defis-et-perspectives-selon-boubacar-yacine-diallo\/#article\",\"isPartOf\":{\"@id\":\"https:\/\/guineediversite.com\/index.php\/2018\/05\/04\/journee-internationale-de-la-liberte-de-la-presse-defis-et-perspectives-selon-boubacar-yacine-diallo\/\"},\"author\":{\"name\":\"Moussa Mo\u00efse K\u00e9ita\",\"@id\":\"https:\/\/guineediversite.com\/#\/schema\/person\/079ec347f72d2acde4b56a50a4fd46dc\"},\"headline\":\"Journ\u00e9e internationale de la libert\u00e9 de la presse: D\u00e9fis et perspectives selon Boubacar Yacine Diallo.\",\"datePublished\":\"2018-05-04T13:19:19+00:00\",\"dateModified\":\"2018-05-04T13:19:19+00:00\",\"mainEntityOfPage\":{\"@id\":\"https:\/\/guineediversite.com\/index.php\/2018\/05\/04\/journee-internationale-de-la-liberte-de-la-presse-defis-et-perspectives-selon-boubacar-yacine-diallo\/\"},\"wordCount\":712,\"publisher\":{\"@id\":\"https:\/\/guineediversite.com\/#organization\"},\"image\":{\"@id\":\"https:\/\/guineediversite.com\/index.php\/2018\/05\/04\/journee-internationale-de-la-liberte-de-la-presse-defis-et-perspectives-selon-boubacar-yacine-diallo\/#primaryimage\"},\"thumbnailUrl\":\"https:\/\/guineediversite.com\/wp-content\/uploads\/2018\/05\/442018124356.jpg\",\"articleSection\":[\"Soci\u00e9t\u00e9\"],\"inLanguage\":\"fr-FR\"},{\"@type\":\"WebPage\",\"@id\":\"https:\/\/guineediversite.com\/index.php\/2018\/05\/04\/journee-internationale-de-la-liberte-de-la-presse-defis-et-perspectives-selon-boubacar-yacine-diallo\/\",\"url\":\"https:\/\/guineediversite.com\/index.php\/2018\/05\/04\/journee-internationale-de-la-liberte-de-la-presse-defis-et-perspectives-selon-boubacar-yacine-diallo\/\",\"name\":\"Journ\u00e9e internationale de la libert\u00e9 de la presse: D\u00e9fis et perspectives selon Boubacar Yacine Diallo. | Guin\u00e9e Diversit\u00e9\",\"isPartOf\":{\"@id\":\"https:\/\/guineediversite.com\/#website\"},\"primaryImageOfPage\":{\"@id\":\"https:\/\/guineediversite.com\/index.php\/2018\/05\/04\/journee-internationale-de-la-liberte-de-la-presse-defis-et-perspectives-selon-boubacar-yacine-diallo\/#primaryimage\"},\"image\":{\"@id\":\"https:\/\/guineediversite.com\/index.php\/2018\/05\/04\/journee-internationale-de-la-liberte-de-la-presse-defis-et-perspectives-selon-boubacar-yacine-diallo\/#primaryimage\"},\"thumbnailUrl\":\"https:\/\/guineediversite.com\/wp-content\/uploads\/2018\/05\/442018124356.jpg\",\"datePublished\":\"2018-05-04T13:19:19+00:00\",\"dateModified\":\"2018-05-04T13:19:19+00:00\",\"breadcrumb\":{\"@id\":\"https:\/\/guineediversite.com\/index.php\/2018\/05\/04\/journee-internationale-de-la-liberte-de-la-presse-defis-et-perspectives-selon-boubacar-yacine-diallo\/#breadcrumb\"},\"inLanguage\":\"fr-FR\",\"potentialAction\":[{\"@type\":\"ReadAction\",\"target\":[\"https:\/\/guineediversite.com\/index.php\/2018\/05\/04\/journee-internationale-de-la-liberte-de-la-presse-defis-et-perspectives-selon-boubacar-yacine-diallo\/\"]}]},{\"@type\":\"ImageObject\",\"inLanguage\":\"fr-FR\",\"@id\":\"https:\/\/guineediversite.com\/index.php\/2018\/05\/04\/journee-internationale-de-la-liberte-de-la-presse-defis-et-perspectives-selon-boubacar-yacine-diallo\/#primaryimage\",\"url\":\"https:\/\/guineediversite.com\/wp-content\/uploads\/2018\/05\/442018124356.jpg\",\"contentUrl\":\"https:\/\/guineediversite.com\/wp-content\/uploads\/2018\/05\/442018124356.jpg\",\"width\":\"1024\",\"height\":\"713\"},{\"@type\":\"BreadcrumbList\",\"@id\":\"https:\/\/guineediversite.com\/index.php\/2018\/05\/04\/journee-internationale-de-la-liberte-de-la-presse-defis-et-perspectives-selon-boubacar-yacine-diallo\/#breadcrumb\",\"itemListElement\":[{\"@type\":\"ListItem\",\"position\":1,\"name\":\"Accueil\",\"item\":\"https:\/\/guineediversite.com\/\"},{\"@type\":\"ListItem\",\"position\":2,\"name\":\"Journ\u00e9e internationale de la libert\u00e9 de la presse: D\u00e9fis et perspectives selon Boubacar Yacine Diallo.\"}]},{\"@type\":\"WebSite\",\"@id\":\"https:\/\/guineediversite.com\/#website\",\"url\":\"https:\/\/guineediversite.com\/\",\"name\":\"Guin\u00e9e Diversit\u00e9\",\"description\":\"L&#039;Info dans toute sa diversit\u00e9\",\"publisher\":{\"@id\":\"https:\/\/guineediversite.com\/#organization\"},\"potentialAction\":[{\"@type\":\"SearchAction\",\"target\":{\"@type\":\"EntryPoint\",\"urlTemplate\":\"https:\/\/guineediversite.com\/?s={search_term_string}\"},\"query-input\":{\"@type\":\"PropertyValueSpecification\",\"valueRequired\":true,\"valueName\":\"search_term_string\"}}],\"inLanguage\":\"fr-FR\"},{\"@type\":\"Organization\",\"@id\":\"https:\/\/guineediversite.com\/#organization\",\"name\":\"Guin\u00e9e Diversit\u00e9\",\"url\":\"https:\/\/guineediversite.com\/\",\"logo\":{\"@type\":\"ImageObject\",\"inLanguage\":\"fr-FR\",\"@id\":\"https:\/\/guineediversite.com\/#\/schema\/logo\/image\/\",\"url\":\"https:\/\/guineediversite.com\/wp-content\/uploads\/2017\/04\/cropped-1jojlxEOMkX9Wyqfhe43D6kjPOGqBBKmx3EwWJqZ0cMrFF54yM49.png\",\"contentUrl\":\"https:\/\/guineediversite.com\/wp-content\/uploads\/2017\/04\/cropped-1jojlxEOMkX9Wyqfhe43D6kjPOGqBBKmx3EwWJqZ0cMrFF54yM49.png\",\"width\":186,\"height\":112,\"caption\":\"Guin\u00e9e Diversit\u00e9\"},\"image\":{\"@id\":\"https:\/\/guineediversite.com\/#\/schema\/logo\/image\/\"},\"sameAs\":[\"https:\/\/www.facebook.com\/guineediversite\/\",\"https:\/\/x.com\/GuineeDiversite\",\"https:\/\/www.youtube.com\/channel\/UC8sUY16qelG5ge6_D5SB83g\"]},{\"@type\":\"Person\",\"@id\":\"https:\/\/guineediversite.com\/#\/schema\/person\/079ec347f72d2acde4b56a50a4fd46dc\",\"name\":\"Moussa Mo\u00efse K\u00e9ita\",\"image\":{\"@type\":\"ImageObject\",\"inLanguage\":\"fr-FR\",\"@id\":\"https:\/\/guineediversite.com\/#\/schema\/person\/image\/\",\"url\":\"https:\/\/secure.gravatar.com\/avatar\/edf1ea2cc01841e6c0b49384bcb1385b?s=96&d=mm&r=g\",\"contentUrl\":\"https:\/\/secure.gravatar.com\/avatar\/edf1ea2cc01841e6c0b49384bcb1385b?s=96&d=mm&r=g\",\"caption\":\"Moussa Mo\u00efse K\u00e9ita\"},\"url\":\"https:\/\/guineediversite.com\/index.php\/author\/moussa-moise\/\"}]}<\/script>\n<!-- \/ Yoast SEO plugin. -->","yoast_head_json":{"title":"Journ\u00e9e internationale de la libert\u00e9 de la presse: D\u00e9fis et perspectives selon Boubacar Yacine Diallo. | Guin\u00e9e Diversit\u00e9","robots":{"index":"index","follow":"follow","max-snippet":"max-snippet:-1","max-image-preview":"max-image-preview:large","max-video-preview":"max-video-preview:-1"},"canonical":"https:\/\/guineediversite.com\/index.php\/2018\/05\/04\/journee-internationale-de-la-liberte-de-la-presse-defis-et-perspectives-selon-boubacar-yacine-diallo\/","og_locale":"fr_FR","og_type":"article","og_title":"Journ\u00e9e internationale de la libert\u00e9 de la presse: D\u00e9fis et perspectives selon Boubacar Yacine Diallo. | Guin\u00e9e Diversit\u00e9","og_description":"Cette journ\u00e9e internationale c\u00e9l\u00e9br\u00e9e sous le th\u00e8me \u2018\u2019 Medias, Justice, et Etat de droit\u2019\u2019 a \u00e9t\u00e9 mise \u00e0 profit par les professionnels de medias pour jeter un regard sur les principes et r\u00e8glements de la presse dans le monde en particulier celle de la Guin\u00e9e. Rencontr\u00e9 par notre r\u00e9daction ce jeudi 3 mai 2018 l\u2019ancien [&hellip;]","og_url":"https:\/\/guineediversite.com\/index.php\/2018\/05\/04\/journee-internationale-de-la-liberte-de-la-presse-defis-et-perspectives-selon-boubacar-yacine-diallo\/","og_site_name":"Guin\u00e9e Diversit\u00e9","article_publisher":"https:\/\/www.facebook.com\/guineediversite\/","article_published_time":"2018-05-04T13:19:19+00:00","og_image":[{"width":1024,"height":713,"url":"https:\/\/guineediversite.com\/wp-content\/uploads\/2018\/05\/442018124356.jpg","type":"image\/jpeg"}],"author":"Moussa Mo\u00efse K\u00e9ita","twitter_card":"summary_large_image","twitter_creator":"@GuineeDiversite","twitter_site":"@GuineeDiversite","twitter_misc":{"\u00c9crit par":"Moussa Mo\u00efse K\u00e9ita","Dur\u00e9e de lecture estim\u00e9e":"3 minutes"},"schema":{"@context":"https:\/\/schema.org","@graph":[{"@type":"Article","@id":"https:\/\/guineediversite.com\/index.php\/2018\/05\/04\/journee-internationale-de-la-liberte-de-la-presse-defis-et-perspectives-selon-boubacar-yacine-diallo\/#article","isPartOf":{"@id":"https:\/\/guineediversite.com\/index.php\/2018\/05\/04\/journee-internationale-de-la-liberte-de-la-presse-defis-et-perspectives-selon-boubacar-yacine-diallo\/"},"author":{"name":"Moussa Mo\u00efse K\u00e9ita","@id":"https:\/\/guineediversite.com\/#\/schema\/person\/079ec347f72d2acde4b56a50a4fd46dc"},"headline":"Journ\u00e9e internationale de la libert\u00e9 de la presse: D\u00e9fis et perspectives selon Boubacar Yacine Diallo.","datePublished":"2018-05-04T13:19:19+00:00","dateModified":"2018-05-04T13:19:19+00:00","mainEntityOfPage":{"@id":"https:\/\/guineediversite.com\/index.php\/2018\/05\/04\/journee-internationale-de-la-liberte-de-la-presse-defis-et-perspectives-selon-boubacar-yacine-diallo\/"},"wordCount":712,"publisher":{"@id":"https:\/\/guineediversite.com\/#organization"},"image":{"@id":"https:\/\/guineediversite.com\/index.php\/2018\/05\/04\/journee-internationale-de-la-liberte-de-la-presse-defis-et-perspectives-selon-boubacar-yacine-diallo\/#primaryimage"},"thumbnailUrl":"https:\/\/guineediversite.com\/wp-content\/uploads\/2018\/05\/442018124356.jpg","articleSection":["Soci\u00e9t\u00e9"],"inLanguage":"fr-FR"},{"@type":"WebPage","@id":"https:\/\/guineediversite.com\/index.php\/2018\/05\/04\/journee-internationale-de-la-liberte-de-la-presse-defis-et-perspectives-selon-boubacar-yacine-diallo\/","url":"https:\/\/guineediversite.com\/index.php\/2018\/05\/04\/journee-internationale-de-la-liberte-de-la-presse-defis-et-perspectives-selon-boubacar-yacine-diallo\/","name":"Journ\u00e9e internationale de la libert\u00e9 de la presse: D\u00e9fis et perspectives selon Boubacar Yacine Diallo. | Guin\u00e9e Diversit\u00e9","isPartOf":{"@id":"https:\/\/guineediversite.com\/#website"},"primaryImageOfPage":{"@id":"https:\/\/guineediversite.com\/index.php\/2018\/05\/04\/journee-internationale-de-la-liberte-de-la-presse-defis-et-perspectives-selon-boubacar-yacine-diallo\/#primaryimage"},"image":{"@id":"https:\/\/guineediversite.com\/index.php\/2018\/05\/04\/journee-internationale-de-la-liberte-de-la-presse-defis-et-perspectives-selon-boubacar-yacine-diallo\/#primaryimage"},"thumbnailUrl":"https:\/\/guineediversite.com\/wp-content\/uploads\/2018\/05\/442018124356.jpg","datePublished":"2018-05-04T13:19:19+00:00","dateModified":"2018-05-04T13:19:19+00:00","breadcrumb":{"@id":"https:\/\/guineediversite.com\/index.php\/2018\/05\/04\/journee-internationale-de-la-liberte-de-la-presse-defis-et-perspectives-selon-boubacar-yacine-diallo\/#breadcrumb"},"inLanguage":"fr-FR","potentialAction":[{"@type":"ReadAction","target":["https:\/\/guineediversite.com\/index.php\/2018\/05\/04\/journee-internationale-de-la-liberte-de-la-presse-defis-et-perspectives-selon-boubacar-yacine-diallo\/"]}]},{"@type":"ImageObject","inLanguage":"fr-FR","@id":"https:\/\/guineediversite.com\/index.php\/2018\/05\/04\/journee-internationale-de-la-liberte-de-la-presse-defis-et-perspectives-selon-boubacar-yacine-diallo\/#primaryimage","url":"https:\/\/guineediversite.com\/wp-content\/uploads\/2018\/05\/442018124356.jpg","contentUrl":"https:\/\/guineediversite.com\/wp-content\/uploads\/2018\/05\/442018124356.jpg","width":"1024","height":"713"},{"@type":"BreadcrumbList","@id":"https:\/\/guineediversite.com\/index.php\/2018\/05\/04\/journee-internationale-de-la-liberte-de-la-presse-defis-et-perspectives-selon-boubacar-yacine-diallo\/#breadcrumb","itemListElement":[{"@type":"ListItem","position":1,"name":"Accueil","item":"https:\/\/guineediversite.com\/"},{"@type":"ListItem","position":2,"name":"Journ\u00e9e internationale de la libert\u00e9 de la presse: D\u00e9fis et perspectives selon Boubacar Yacine Diallo."}]},{"@type":"WebSite","@id":"https:\/\/guineediversite.com\/#website","url":"https:\/\/guineediversite.com\/","name":"Guin\u00e9e Diversit\u00e9","description":"L&#039;Info dans toute sa diversit\u00e9","publisher":{"@id":"https:\/\/guineediversite.com\/#organization"},"potentialAction":[{"@type":"SearchAction","target":{"@type":"EntryPoint","urlTemplate":"https:\/\/guineediversite.com\/?s={search_term_string}"},"query-input":{"@type":"PropertyValueSpecification","valueRequired":true,"valueName":"search_term_string"}}],"inLanguage":"fr-FR"},{"@type":"Organization","@id":"https:\/\/guineediversite.com\/#organization","name":"Guin\u00e9e Diversit\u00e9","url":"https:\/\/guineediversite.com\/","logo":{"@type":"ImageObject","inLanguage":"fr-FR","@id":"https:\/\/guineediversite.com\/#\/schema\/logo\/image\/","url":"https:\/\/guineediversite.com\/wp-content\/uploads\/2017\/04\/cropped-1jojlxEOMkX9Wyqfhe43D6kjPOGqBBKmx3EwWJqZ0cMrFF54yM49.png","contentUrl":"https:\/\/guineediversite.com\/wp-content\/uploads\/2017\/04\/cropped-1jojlxEOMkX9Wyqfhe43D6kjPOGqBBKmx3EwWJqZ0cMrFF54yM49.png","width":186,"height":112,"caption":"Guin\u00e9e Diversit\u00e9"},"image":{"@id":"https:\/\/guineediversite.com\/#\/schema\/logo\/image\/"},"sameAs":["https:\/\/www.facebook.com\/guineediversite\/","https:\/\/x.com\/GuineeDiversite","https:\/\/www.youtube.com\/channel\/UC8sUY16qelG5ge6_D5SB83g"]},{"@type":"Person","@id":"https:\/\/guineediversite.com\/#\/schema\/person\/079ec347f72d2acde4b56a50a4fd46dc","name":"Moussa Mo\u00efse K\u00e9ita","image":{"@type":"ImageObject","inLanguage":"fr-FR","@id":"https:\/\/guineediversite.com\/#\/schema\/person\/image\/","url":"https:\/\/secure.gravatar.com\/avatar\/edf1ea2cc01841e6c0b49384bcb1385b?s=96&d=mm&r=g","contentUrl":"https:\/\/secure.gravatar.com\/avatar\/edf1ea2cc01841e6c0b49384bcb1385b?s=96&d=mm&r=g","caption":"Moussa Mo\u00efse K\u00e9ita"},"url":"https:\/\/guineediversite.com\/index.php\/author\/moussa-moise\/"}]}},"_links":{"self":[{"href":"https:\/\/guineediversite.com\/index.php\/wp-json\/wp\/v2\/posts\/25095"}],"collection":[{"href":"https:\/\/guineediversite.com\/index.php\/wp-json\/wp\/v2\/posts"}],"about":[{"href":"https:\/\/guineediversite.com\/index.php\/wp-json\/wp\/v2\/types\/post"}],"author":[{"embeddable":true,"href":"https:\/\/guineediversite.com\/index.php\/wp-json\/wp\/v2\/users\/16"}],"replies":[{"embeddable":true,"href":"https:\/\/guineediversite.com\/index.php\/wp-json\/wp\/v2\/comments?post=25095"}],"version-history":[{"count":0,"href":"https:\/\/guineediversite.com\/index.php\/wp-json\/wp\/v2\/posts\/25095\/revisions"}],"wp:featuredmedia":[{"embeddable":true,"href":"https:\/\/guineediversite.com\/index.php\/wp-json\/wp\/v2\/media\/25096"}],"wp:attachment":[{"href":"https:\/\/guineediversite.com\/index.php\/wp-json\/wp\/v2\/media?parent=25095"}],"wp:term":[{"taxonomy":"category","embeddable":true,"href":"https:\/\/guineediversite.com\/index.php\/wp-json\/wp\/v2\/categories?post=25095"},{"taxonomy":"post_tag","embeddable":true,"href":"https:\/\/guineediversite.com\/index.php\/wp-json\/wp\/v2\/tags?post=25095"}],"curies":[{"name":"wp","href":"https:\/\/api.w.org\/{rel}","templated":true}]}}