{"id":25092,"date":"2018-05-04T14:41:02","date_gmt":"2018-05-04T12:41:02","guid":{"rendered":"https:\/\/guineediversite.com\/?p=25092"},"modified":"2018-05-04T14:41:02","modified_gmt":"2018-05-04T12:41:02","slug":"classement-de-la-guinee-par-rsf-cellou-dalein-repond-a-alpha-conde","status":"publish","type":"post","link":"https:\/\/guineediversite.com\/index.php\/2018\/05\/04\/classement-de-la-guinee-par-rsf-cellou-dalein-repond-a-alpha-conde\/","title":{"rendered":"Classement de la Guin\u00e9e par RSF\/ Cellou Dalein r\u00e9pond a Alpha Cond\u00e9"},"content":{"rendered":"<p>Pr\u00e9sident la rencontre de ce jeudi 3 mai de la journ\u00e9e internationale de la libert\u00e9 de la presse \u00e0 la maison commune des journalistes \u00e0 Col\u00e9ah. Alpha Cond\u00e9 a fustig\u00e9 le comportement des journalistes. Pour lui, les hommes de medias ne vendent pas assez trop l\u2019image de la Guin\u00e9e \u00e0 l\u2019ext\u00e9rieure et c\u2019est ce qui r\u00e9sulterait le mauvais classement du pays cette ann\u00e9e par l\u2019ONG Reporter Sans Fronti\u00e8re.<br \/>\nFace a cette accusation, le chef de file de l\u2019opposition qui avait aussi assist\u00e9 \u00e0 cette entrevue des hommes de medias et le chef de l\u2019Etat a balay\u00e9 d\u2019un revers de la main les accusations port\u00e9es par Alpha Cond\u00e9 aux hommes de medias. Pour l\u2019ancien premier ministre, les acquis actuels en mati\u00e8re de la libert\u00e9 de la presse ne sont pas \u00e0 l\u2019actif de l\u2019actuel r\u00e9gime<br \/>\n\u00ab\u00a0Je suis tr\u00e8s r\u00e9serv\u00e9 par rapport \u00e0 la position prise par le pr\u00e9sident, position qui vise \u00e0 attribu\u00e9e \u00e0 la presse guin\u00e9enne la responsabilit\u00e9 du classement de la Guin\u00e9e par l\u2019ONG Reporter Sans Fronti\u00e8re. Je ne pense pas si ce classement refl\u00e8te peut \u00eatre la situation qui pr\u00e9vaut en Guin\u00e9e mais ce n\u2019est pas la presse guin\u00e9enne\u00a0\u00bb a t-il fustig\u00e9 l\u2019accusation d\u2019Alpha Cond\u00e9 et d\u2019ajouter<br \/>\n\u00ab\u00a0 Peut \u00eatre qu\u2019il ya eu des \u00e9v\u00e9nements qui ont fait que le pays a recul\u00e9 de classement, mais je ne pense pas que cela soit de la responsabilit\u00e9 de la presse guin\u00e9enne de ce mauvais classement de la Guin\u00e9e. Le progr\u00e8s qu\u2019on parle aujourd\u2019hui ne date pas de 2011, vous saviez que la lib\u00e9ralisation des ondes date de l\u2019arriv\u00e9 du g\u00e9n\u00e9ral Lansana Cont\u00e9 et depuis lors, qu\u2019est ce qui a eu comme progr\u00e8s je ne sais pas. Pour moi, ce concept nouveau marqu\u00e9 par la prolif\u00e9ration des medias ne date pas de 2011. C\u2019est un h\u00e9ritage de Monsieur Alpha Cond\u00e9 ce n\u2019est pas de son fait\u00a0\u00bb a insist\u00e9 Cellou Dalein Diallo.<\/p>\n","protected":false},"excerpt":{"rendered":"<p>Pr\u00e9sident la rencontre de ce jeudi 3 mai de la journ\u00e9e internationale de la libert\u00e9 de la presse \u00e0 la maison commune des journalistes \u00e0 Col\u00e9ah. Alpha Cond\u00e9 a fustig\u00e9 le comportement des journalistes. Pour lui, les hommes de medias ne vendent pas assez trop l\u2019image de la Guin\u00e9e \u00e0 l\u2019ext\u00e9rieure et c\u2019est ce qui [&hellip;]<\/p>\n","protected":false},"author":16,"featured_media":25093,"comment_status":"closed","ping_status":"closed","sticky":false,"template":"","format":"standard","meta":{"_exactmetrics_skip_tracking":false,"_exactmetrics_sitenote_active":false,"_exactmetrics_sitenote_note":"","_exactmetrics_sitenote_category":0,"tdm_status":"","tdm_grid_status":"","footnotes":""},"categories":[16],"tags":[],"class_list":{"0":"post-25092","1":"post","2":"type-post","3":"status-publish","4":"format-standard","5":"has-post-thumbnail","7":"category-societe"},"yoast_head":"<!-- This site is optimized with the Yoast SEO plugin v24.2 - https:\/\/yoast.com\/wordpress\/plugins\/seo\/ -->\n<title>Classement de la Guin\u00e9e par RSF\/ Cellou Dalein r\u00e9pond a Alpha Cond\u00e9 | Guin\u00e9e Diversit\u00e9<\/title>\n<meta name=\"robots\" content=\"index, follow, max-snippet:-1, max-image-preview:large, max-video-preview:-1\" \/>\n<link rel=\"canonical\" href=\"https:\/\/guineediversite.com\/index.php\/2018\/05\/04\/classement-de-la-guinee-par-rsf-cellou-dalein-repond-a-alpha-conde\/\" \/>\n<meta property=\"og:locale\" content=\"fr_FR\" \/>\n<meta property=\"og:type\" content=\"article\" \/>\n<meta property=\"og:title\" content=\"Classement de la Guin\u00e9e par RSF\/ Cellou Dalein r\u00e9pond a Alpha Cond\u00e9 | Guin\u00e9e Diversit\u00e9\" \/>\n<meta property=\"og:description\" content=\"Pr\u00e9sident la rencontre de ce jeudi 3 mai de la journ\u00e9e internationale de la libert\u00e9 de la presse \u00e0 la maison commune des journalistes \u00e0 Col\u00e9ah. Alpha Cond\u00e9 a fustig\u00e9 le comportement des journalistes. Pour lui, les hommes de medias ne vendent pas assez trop l\u2019image de la Guin\u00e9e \u00e0 l\u2019ext\u00e9rieure et c\u2019est ce qui [&hellip;]\" \/>\n<meta property=\"og:url\" content=\"https:\/\/guineediversite.com\/index.php\/2018\/05\/04\/classement-de-la-guinee-par-rsf-cellou-dalein-repond-a-alpha-conde\/\" \/>\n<meta property=\"og:site_name\" content=\"Guin\u00e9e Diversit\u00e9\" \/>\n<meta property=\"article:publisher\" content=\"https:\/\/www.facebook.com\/guineediversite\/\" \/>\n<meta property=\"article:published_time\" content=\"2018-05-04T12:41:02+00:00\" \/>\n<meta property=\"og:image\" content=\"https:\/\/guineediversite.com\/wp-content\/uploads\/2018\/05\/44201811225.jpg\" \/>\n\t<meta property=\"og:image:width\" content=\"1024\" \/>\n\t<meta property=\"og:image:height\" content=\"512\" \/>\n\t<meta property=\"og:image:type\" content=\"image\/jpeg\" \/>\n<meta name=\"author\" content=\"Moussa Mo\u00efse K\u00e9ita\" \/>\n<meta name=\"twitter:card\" content=\"summary_large_image\" \/>\n<meta name=\"twitter:creator\" content=\"@GuineeDiversite\" \/>\n<meta name=\"twitter:site\" content=\"@GuineeDiversite\" \/>\n<meta name=\"twitter:label1\" content=\"\u00c9crit par\" \/>\n\t<meta name=\"twitter:data1\" content=\"Moussa Mo\u00efse K\u00e9ita\" \/>\n\t<meta name=\"twitter:label2\" content=\"Dur\u00e9e de lecture estim\u00e9e\" \/>\n\t<meta name=\"twitter:data2\" content=\"2 minutes\" \/>\n<script type=\"application\/ld+json\" class=\"yoast-schema-graph\">{\"@context\":\"https:\/\/schema.org\",\"@graph\":[{\"@type\":\"Article\",\"@id\":\"https:\/\/guineediversite.com\/index.php\/2018\/05\/04\/classement-de-la-guinee-par-rsf-cellou-dalein-repond-a-alpha-conde\/#article\",\"isPartOf\":{\"@id\":\"https:\/\/guineediversite.com\/index.php\/2018\/05\/04\/classement-de-la-guinee-par-rsf-cellou-dalein-repond-a-alpha-conde\/\"},\"author\":{\"name\":\"Moussa Mo\u00efse K\u00e9ita\",\"@id\":\"https:\/\/guineediversite.com\/#\/schema\/person\/079ec347f72d2acde4b56a50a4fd46dc\"},\"headline\":\"Classement de la Guin\u00e9e par RSF\/ Cellou Dalein r\u00e9pond a Alpha Cond\u00e9\",\"datePublished\":\"2018-05-04T12:41:02+00:00\",\"dateModified\":\"2018-05-04T12:41:02+00:00\",\"mainEntityOfPage\":{\"@id\":\"https:\/\/guineediversite.com\/index.php\/2018\/05\/04\/classement-de-la-guinee-par-rsf-cellou-dalein-repond-a-alpha-conde\/\"},\"wordCount\":367,\"publisher\":{\"@id\":\"https:\/\/guineediversite.com\/#organization\"},\"image\":{\"@id\":\"https:\/\/guineediversite.com\/index.php\/2018\/05\/04\/classement-de-la-guinee-par-rsf-cellou-dalein-repond-a-alpha-conde\/#primaryimage\"},\"thumbnailUrl\":\"https:\/\/guineediversite.com\/wp-content\/uploads\/2018\/05\/44201811225.jpg\",\"articleSection\":[\"Soci\u00e9t\u00e9\"],\"inLanguage\":\"fr-FR\"},{\"@type\":\"WebPage\",\"@id\":\"https:\/\/guineediversite.com\/index.php\/2018\/05\/04\/classement-de-la-guinee-par-rsf-cellou-dalein-repond-a-alpha-conde\/\",\"url\":\"https:\/\/guineediversite.com\/index.php\/2018\/05\/04\/classement-de-la-guinee-par-rsf-cellou-dalein-repond-a-alpha-conde\/\",\"name\":\"Classement de la Guin\u00e9e par RSF\/ Cellou Dalein r\u00e9pond a Alpha Cond\u00e9 | Guin\u00e9e Diversit\u00e9\",\"isPartOf\":{\"@id\":\"https:\/\/guineediversite.com\/#website\"},\"primaryImageOfPage\":{\"@id\":\"https:\/\/guineediversite.com\/index.php\/2018\/05\/04\/classement-de-la-guinee-par-rsf-cellou-dalein-repond-a-alpha-conde\/#primaryimage\"},\"image\":{\"@id\":\"https:\/\/guineediversite.com\/index.php\/2018\/05\/04\/classement-de-la-guinee-par-rsf-cellou-dalein-repond-a-alpha-conde\/#primaryimage\"},\"thumbnailUrl\":\"https:\/\/guineediversite.com\/wp-content\/uploads\/2018\/05\/44201811225.jpg\",\"datePublished\":\"2018-05-04T12:41:02+00:00\",\"dateModified\":\"2018-05-04T12:41:02+00:00\",\"breadcrumb\":{\"@id\":\"https:\/\/guineediversite.com\/index.php\/2018\/05\/04\/classement-de-la-guinee-par-rsf-cellou-dalein-repond-a-alpha-conde\/#breadcrumb\"},\"inLanguage\":\"fr-FR\",\"potentialAction\":[{\"@type\":\"ReadAction\",\"target\":[\"https:\/\/guineediversite.com\/index.php\/2018\/05\/04\/classement-de-la-guinee-par-rsf-cellou-dalein-repond-a-alpha-conde\/\"]}]},{\"@type\":\"ImageObject\",\"inLanguage\":\"fr-FR\",\"@id\":\"https:\/\/guineediversite.com\/index.php\/2018\/05\/04\/classement-de-la-guinee-par-rsf-cellou-dalein-repond-a-alpha-conde\/#primaryimage\",\"url\":\"https:\/\/guineediversite.com\/wp-content\/uploads\/2018\/05\/44201811225.jpg\",\"contentUrl\":\"https:\/\/guineediversite.com\/wp-content\/uploads\/2018\/05\/44201811225.jpg\",\"width\":\"1024\",\"height\":\"512\"},{\"@type\":\"BreadcrumbList\",\"@id\":\"https:\/\/guineediversite.com\/index.php\/2018\/05\/04\/classement-de-la-guinee-par-rsf-cellou-dalein-repond-a-alpha-conde\/#breadcrumb\",\"itemListElement\":[{\"@type\":\"ListItem\",\"position\":1,\"name\":\"Accueil\",\"item\":\"https:\/\/guineediversite.com\/\"},{\"@type\":\"ListItem\",\"position\":2,\"name\":\"Classement de la Guin\u00e9e par RSF\/ Cellou Dalein r\u00e9pond a Alpha Cond\u00e9\"}]},{\"@type\":\"WebSite\",\"@id\":\"https:\/\/guineediversite.com\/#website\",\"url\":\"https:\/\/guineediversite.com\/\",\"name\":\"Guin\u00e9e Diversit\u00e9\",\"description\":\"L&#039;Info dans toute sa diversit\u00e9\",\"publisher\":{\"@id\":\"https:\/\/guineediversite.com\/#organization\"},\"potentialAction\":[{\"@type\":\"SearchAction\",\"target\":{\"@type\":\"EntryPoint\",\"urlTemplate\":\"https:\/\/guineediversite.com\/?s={search_term_string}\"},\"query-input\":{\"@type\":\"PropertyValueSpecification\",\"valueRequired\":true,\"valueName\":\"search_term_string\"}}],\"inLanguage\":\"fr-FR\"},{\"@type\":\"Organization\",\"@id\":\"https:\/\/guineediversite.com\/#organization\",\"name\":\"Guin\u00e9e Diversit\u00e9\",\"url\":\"https:\/\/guineediversite.com\/\",\"logo\":{\"@type\":\"ImageObject\",\"inLanguage\":\"fr-FR\",\"@id\":\"https:\/\/guineediversite.com\/#\/schema\/logo\/image\/\",\"url\":\"https:\/\/guineediversite.com\/wp-content\/uploads\/2017\/04\/cropped-1jojlxEOMkX9Wyqfhe43D6kjPOGqBBKmx3EwWJqZ0cMrFF54yM49.png\",\"contentUrl\":\"https:\/\/guineediversite.com\/wp-content\/uploads\/2017\/04\/cropped-1jojlxEOMkX9Wyqfhe43D6kjPOGqBBKmx3EwWJqZ0cMrFF54yM49.png\",\"width\":186,\"height\":112,\"caption\":\"Guin\u00e9e Diversit\u00e9\"},\"image\":{\"@id\":\"https:\/\/guineediversite.com\/#\/schema\/logo\/image\/\"},\"sameAs\":[\"https:\/\/www.facebook.com\/guineediversite\/\",\"https:\/\/x.com\/GuineeDiversite\",\"https:\/\/www.youtube.com\/channel\/UC8sUY16qelG5ge6_D5SB83g\"]},{\"@type\":\"Person\",\"@id\":\"https:\/\/guineediversite.com\/#\/schema\/person\/079ec347f72d2acde4b56a50a4fd46dc\",\"name\":\"Moussa Mo\u00efse K\u00e9ita\",\"image\":{\"@type\":\"ImageObject\",\"inLanguage\":\"fr-FR\",\"@id\":\"https:\/\/guineediversite.com\/#\/schema\/person\/image\/\",\"url\":\"https:\/\/secure.gravatar.com\/avatar\/edf1ea2cc01841e6c0b49384bcb1385b?s=96&d=mm&r=g\",\"contentUrl\":\"https:\/\/secure.gravatar.com\/avatar\/edf1ea2cc01841e6c0b49384bcb1385b?s=96&d=mm&r=g\",\"caption\":\"Moussa Mo\u00efse K\u00e9ita\"},\"url\":\"https:\/\/guineediversite.com\/index.php\/author\/moussa-moise\/\"}]}<\/script>\n<!-- \/ Yoast SEO plugin. -->","yoast_head_json":{"title":"Classement de la Guin\u00e9e par RSF\/ Cellou Dalein r\u00e9pond a Alpha Cond\u00e9 | Guin\u00e9e Diversit\u00e9","robots":{"index":"index","follow":"follow","max-snippet":"max-snippet:-1","max-image-preview":"max-image-preview:large","max-video-preview":"max-video-preview:-1"},"canonical":"https:\/\/guineediversite.com\/index.php\/2018\/05\/04\/classement-de-la-guinee-par-rsf-cellou-dalein-repond-a-alpha-conde\/","og_locale":"fr_FR","og_type":"article","og_title":"Classement de la Guin\u00e9e par RSF\/ Cellou Dalein r\u00e9pond a Alpha Cond\u00e9 | Guin\u00e9e Diversit\u00e9","og_description":"Pr\u00e9sident la rencontre de ce jeudi 3 mai de la journ\u00e9e internationale de la libert\u00e9 de la presse \u00e0 la maison commune des journalistes \u00e0 Col\u00e9ah. Alpha Cond\u00e9 a fustig\u00e9 le comportement des journalistes. Pour lui, les hommes de medias ne vendent pas assez trop l\u2019image de la Guin\u00e9e \u00e0 l\u2019ext\u00e9rieure et c\u2019est ce qui [&hellip;]","og_url":"https:\/\/guineediversite.com\/index.php\/2018\/05\/04\/classement-de-la-guinee-par-rsf-cellou-dalein-repond-a-alpha-conde\/","og_site_name":"Guin\u00e9e Diversit\u00e9","article_publisher":"https:\/\/www.facebook.com\/guineediversite\/","article_published_time":"2018-05-04T12:41:02+00:00","og_image":[{"width":1024,"height":512,"url":"https:\/\/guineediversite.com\/wp-content\/uploads\/2018\/05\/44201811225.jpg","type":"image\/jpeg"}],"author":"Moussa Mo\u00efse K\u00e9ita","twitter_card":"summary_large_image","twitter_creator":"@GuineeDiversite","twitter_site":"@GuineeDiversite","twitter_misc":{"\u00c9crit par":"Moussa Mo\u00efse K\u00e9ita","Dur\u00e9e de lecture estim\u00e9e":"2 minutes"},"schema":{"@context":"https:\/\/schema.org","@graph":[{"@type":"Article","@id":"https:\/\/guineediversite.com\/index.php\/2018\/05\/04\/classement-de-la-guinee-par-rsf-cellou-dalein-repond-a-alpha-conde\/#article","isPartOf":{"@id":"https:\/\/guineediversite.com\/index.php\/2018\/05\/04\/classement-de-la-guinee-par-rsf-cellou-dalein-repond-a-alpha-conde\/"},"author":{"name":"Moussa Mo\u00efse K\u00e9ita","@id":"https:\/\/guineediversite.com\/#\/schema\/person\/079ec347f72d2acde4b56a50a4fd46dc"},"headline":"Classement de la Guin\u00e9e par RSF\/ Cellou Dalein r\u00e9pond a Alpha Cond\u00e9","datePublished":"2018-05-04T12:41:02+00:00","dateModified":"2018-05-04T12:41:02+00:00","mainEntityOfPage":{"@id":"https:\/\/guineediversite.com\/index.php\/2018\/05\/04\/classement-de-la-guinee-par-rsf-cellou-dalein-repond-a-alpha-conde\/"},"wordCount":367,"publisher":{"@id":"https:\/\/guineediversite.com\/#organization"},"image":{"@id":"https:\/\/guineediversite.com\/index.php\/2018\/05\/04\/classement-de-la-guinee-par-rsf-cellou-dalein-repond-a-alpha-conde\/#primaryimage"},"thumbnailUrl":"https:\/\/guineediversite.com\/wp-content\/uploads\/2018\/05\/44201811225.jpg","articleSection":["Soci\u00e9t\u00e9"],"inLanguage":"fr-FR"},{"@type":"WebPage","@id":"https:\/\/guineediversite.com\/index.php\/2018\/05\/04\/classement-de-la-guinee-par-rsf-cellou-dalein-repond-a-alpha-conde\/","url":"https:\/\/guineediversite.com\/index.php\/2018\/05\/04\/classement-de-la-guinee-par-rsf-cellou-dalein-repond-a-alpha-conde\/","name":"Classement de la Guin\u00e9e par RSF\/ Cellou Dalein r\u00e9pond a Alpha Cond\u00e9 | Guin\u00e9e Diversit\u00e9","isPartOf":{"@id":"https:\/\/guineediversite.com\/#website"},"primaryImageOfPage":{"@id":"https:\/\/guineediversite.com\/index.php\/2018\/05\/04\/classement-de-la-guinee-par-rsf-cellou-dalein-repond-a-alpha-conde\/#primaryimage"},"image":{"@id":"https:\/\/guineediversite.com\/index.php\/2018\/05\/04\/classement-de-la-guinee-par-rsf-cellou-dalein-repond-a-alpha-conde\/#primaryimage"},"thumbnailUrl":"https:\/\/guineediversite.com\/wp-content\/uploads\/2018\/05\/44201811225.jpg","datePublished":"2018-05-04T12:41:02+00:00","dateModified":"2018-05-04T12:41:02+00:00","breadcrumb":{"@id":"https:\/\/guineediversite.com\/index.php\/2018\/05\/04\/classement-de-la-guinee-par-rsf-cellou-dalein-repond-a-alpha-conde\/#breadcrumb"},"inLanguage":"fr-FR","potentialAction":[{"@type":"ReadAction","target":["https:\/\/guineediversite.com\/index.php\/2018\/05\/04\/classement-de-la-guinee-par-rsf-cellou-dalein-repond-a-alpha-conde\/"]}]},{"@type":"ImageObject","inLanguage":"fr-FR","@id":"https:\/\/guineediversite.com\/index.php\/2018\/05\/04\/classement-de-la-guinee-par-rsf-cellou-dalein-repond-a-alpha-conde\/#primaryimage","url":"https:\/\/guineediversite.com\/wp-content\/uploads\/2018\/05\/44201811225.jpg","contentUrl":"https:\/\/guineediversite.com\/wp-content\/uploads\/2018\/05\/44201811225.jpg","width":"1024","height":"512"},{"@type":"BreadcrumbList","@id":"https:\/\/guineediversite.com\/index.php\/2018\/05\/04\/classement-de-la-guinee-par-rsf-cellou-dalein-repond-a-alpha-conde\/#breadcrumb","itemListElement":[{"@type":"ListItem","position":1,"name":"Accueil","item":"https:\/\/guineediversite.com\/"},{"@type":"ListItem","position":2,"name":"Classement de la Guin\u00e9e par RSF\/ Cellou Dalein r\u00e9pond a Alpha Cond\u00e9"}]},{"@type":"WebSite","@id":"https:\/\/guineediversite.com\/#website","url":"https:\/\/guineediversite.com\/","name":"Guin\u00e9e Diversit\u00e9","description":"L&#039;Info dans toute sa diversit\u00e9","publisher":{"@id":"https:\/\/guineediversite.com\/#organization"},"potentialAction":[{"@type":"SearchAction","target":{"@type":"EntryPoint","urlTemplate":"https:\/\/guineediversite.com\/?s={search_term_string}"},"query-input":{"@type":"PropertyValueSpecification","valueRequired":true,"valueName":"search_term_string"}}],"inLanguage":"fr-FR"},{"@type":"Organization","@id":"https:\/\/guineediversite.com\/#organization","name":"Guin\u00e9e Diversit\u00e9","url":"https:\/\/guineediversite.com\/","logo":{"@type":"ImageObject","inLanguage":"fr-FR","@id":"https:\/\/guineediversite.com\/#\/schema\/logo\/image\/","url":"https:\/\/guineediversite.com\/wp-content\/uploads\/2017\/04\/cropped-1jojlxEOMkX9Wyqfhe43D6kjPOGqBBKmx3EwWJqZ0cMrFF54yM49.png","contentUrl":"https:\/\/guineediversite.com\/wp-content\/uploads\/2017\/04\/cropped-1jojlxEOMkX9Wyqfhe43D6kjPOGqBBKmx3EwWJqZ0cMrFF54yM49.png","width":186,"height":112,"caption":"Guin\u00e9e Diversit\u00e9"},"image":{"@id":"https:\/\/guineediversite.com\/#\/schema\/logo\/image\/"},"sameAs":["https:\/\/www.facebook.com\/guineediversite\/","https:\/\/x.com\/GuineeDiversite","https:\/\/www.youtube.com\/channel\/UC8sUY16qelG5ge6_D5SB83g"]},{"@type":"Person","@id":"https:\/\/guineediversite.com\/#\/schema\/person\/079ec347f72d2acde4b56a50a4fd46dc","name":"Moussa Mo\u00efse K\u00e9ita","image":{"@type":"ImageObject","inLanguage":"fr-FR","@id":"https:\/\/guineediversite.com\/#\/schema\/person\/image\/","url":"https:\/\/secure.gravatar.com\/avatar\/edf1ea2cc01841e6c0b49384bcb1385b?s=96&d=mm&r=g","contentUrl":"https:\/\/secure.gravatar.com\/avatar\/edf1ea2cc01841e6c0b49384bcb1385b?s=96&d=mm&r=g","caption":"Moussa Mo\u00efse K\u00e9ita"},"url":"https:\/\/guineediversite.com\/index.php\/author\/moussa-moise\/"}]}},"_links":{"self":[{"href":"https:\/\/guineediversite.com\/index.php\/wp-json\/wp\/v2\/posts\/25092"}],"collection":[{"href":"https:\/\/guineediversite.com\/index.php\/wp-json\/wp\/v2\/posts"}],"about":[{"href":"https:\/\/guineediversite.com\/index.php\/wp-json\/wp\/v2\/types\/post"}],"author":[{"embeddable":true,"href":"https:\/\/guineediversite.com\/index.php\/wp-json\/wp\/v2\/users\/16"}],"replies":[{"embeddable":true,"href":"https:\/\/guineediversite.com\/index.php\/wp-json\/wp\/v2\/comments?post=25092"}],"version-history":[{"count":0,"href":"https:\/\/guineediversite.com\/index.php\/wp-json\/wp\/v2\/posts\/25092\/revisions"}],"wp:featuredmedia":[{"embeddable":true,"href":"https:\/\/guineediversite.com\/index.php\/wp-json\/wp\/v2\/media\/25093"}],"wp:attachment":[{"href":"https:\/\/guineediversite.com\/index.php\/wp-json\/wp\/v2\/media?parent=25092"}],"wp:term":[{"taxonomy":"category","embeddable":true,"href":"https:\/\/guineediversite.com\/index.php\/wp-json\/wp\/v2\/categories?post=25092"},{"taxonomy":"post_tag","embeddable":true,"href":"https:\/\/guineediversite.com\/index.php\/wp-json\/wp\/v2\/tags?post=25092"}],"curies":[{"name":"wp","href":"https:\/\/api.w.org\/{rel}","templated":true}]}}