{"id":25090,"date":"2018-05-04T14:37:22","date_gmt":"2018-05-04T12:37:22","guid":{"rendered":"https:\/\/guineediversite.com\/?p=25090"},"modified":"2018-05-04T14:37:22","modified_gmt":"2018-05-04T12:37:22","slug":"alpha-conde-cogne-a-nouveau-sur-les-hommes-de-medias","status":"publish","type":"post","link":"https:\/\/guineediversite.com\/index.php\/2018\/05\/04\/alpha-conde-cogne-a-nouveau-sur-les-hommes-de-medias\/","title":{"rendered":"Alpha Cond\u00e9 cogne \u00e0 nouveau sur les hommes de medias."},"content":{"rendered":"<p>La c\u00e9r\u00e9monie de c\u00e9l\u00e9bration de la journ\u00e9e internationale de la libert\u00e9 de la presse a eu lieu \u00e0 la maison de la presse de Col\u00e9ah, ce jeudi 3 mai en pr\u00e9sence du chef de l\u00c9tat et du chef de file de lopposition. Une occasion pour Alpha cond\u00e9 d&rsquo;interroger les responsables des associations de presse sur les raisons du mauvais classement de la Guin\u00e9e dans le dernier rapport Reporters Sans Fronti\u00e8res.<br \/>\nPrenant la parole, le Pr\u00e9sident du Conseil dAdministration de la Maison de la Presse a sollicit\u00e9 du pr\u00e9sident le soutien n\u00e9cessaire pour le bon fonctionnement des entreprises de presse.<br \/>\n\u00ab\u00a0Les entreprise de presse sont confront\u00e9es \u00e0 de s\u00e9rieuses difficult\u00e9s surtout dordre financier. Tout en saluant laugmentation de la subvention cette ann\u00e9e, nous souhaiterions de commun accord que dautres difficult\u00e9s soient mises sur table en vue d\u00eatre aplanies. Quil vous plaise Monsieur le Pr\u00e9sident de la R\u00e9publique dacc\u00e9der aux vux sans doute le plus partag\u00e9 aujourdhui par lensemble des acteurs des m\u00e9dias guin\u00e9ens qui est celui de voir rapidement construit un si\u00e8ge des medias \u00e0 linstar des autres pays de la sous r\u00e9gions. De m\u00eame, nous vous serions gr\u00e9 de lappui que vous nous apporteriez pour la mise en place dun fonds daide et de solidarit\u00e9 pour des journalistes sinistr\u00e9s. Aussi quil vous plaise de prendre des mesures r\u00e9glementaires incitatives n\u00e9cessaires pour instaurer une communication institutionnelle pesante et pour obliger toutes les grandes entreprises \u00e0 communiquer dans la presse\u00a0\u00bb, a d\u00e9clar\u00e9 Amadou Tam Camara.<br \/>\nEn r\u00e9ponse, le Pr\u00e9sident Cond\u00e9 a exprim\u00e9 son \u00e9tonnement par rapport au classement de la Guin\u00e9e en mati\u00e8re de la libert\u00e9 de la presse<br \/>\n\u00ab\u00a0Pourquoi voulez vous quon fasse des efforts, si on fait des efforts cest comme z\u00e9ro, c&rsquo;est-\u00e0-dire \u00e7a ne ferait aucun effet et \u00e7a ne servira \u00e0 rien. Comment la Guin\u00e9e peut \u00eatre class\u00e9e 104\u00e8me? Il ya combien de pays qui respecte la libert\u00e9 de la presse comme la Guin\u00e9e, il yen a combien\u00a0? Est ce quen Guin\u00e9e on a embastill\u00e9 un journaliste\u00a0? Comment \u00e7a se fait que ces pays sont 50\u00e8me et que nous on est \u00e0 la 104\u00e8me place\u00a0?\u00a0\u00bb sinterroge le locataire de S\u00e9khoutour\u00e9ya.<br \/>\nPour le chef de l&rsquo;Etat, les journalistes guin\u00e9ens ne font rien pour une image reluisante du pays \u00e0 l&rsquo;international.<br \/>\n\u00ab\u00a0Si vous-m\u00eame vous ne communiquer pas pour dire ce qui a \u00e9t\u00e9 fait, comment voulez vous que lext\u00e9rieur ne donne pas de mauvaise images\u00a0? Est ce que vous aviez communiqu\u00e9 depuis 2011 par rapport \u00e0 la libert\u00e9 de la presse\u00a0? Cest vous qui \u00eates responsables. Si Reporter Sans Fronti\u00e8re se permet de dire \u00e7a, parce que vous naviez rien montrer pour dire tout ce qui a \u00e9t\u00e9 fait comme progr\u00e8s dans le domaine de la libert\u00e9 de la presse depuis 2011\u00a0? Donc vous ne pouvez pas masquer votre responsabilit\u00e9. RSF ny est pour rien, cest vous qui donniez les informations. Tous les jours vous insult\u00e9 le pr\u00e9sident dans vos radios. Est-ce que jai poursuivi quelquun?\u00a0\u00bb a-t-il d\u00e9plor\u00e9.<\/p>\n","protected":false},"excerpt":{"rendered":"<p>La c\u00e9r\u00e9monie de c\u00e9l\u00e9bration de la journ\u00e9e internationale de la libert\u00e9 de la presse a eu lieu \u00e0 la maison de la presse de Col\u00e9ah, ce jeudi 3 mai en pr\u00e9sence du chef de l\u00c9tat et du chef de file de lopposition. Une occasion pour Alpha cond\u00e9 d&rsquo;interroger les responsables des associations de presse sur [&hellip;]<\/p>\n","protected":false},"author":16,"featured_media":25073,"comment_status":"closed","ping_status":"closed","sticky":false,"template":"","format":"standard","meta":{"_exactmetrics_skip_tracking":false,"_exactmetrics_sitenote_active":false,"_exactmetrics_sitenote_note":"","_exactmetrics_sitenote_category":0,"tdm_status":"","tdm_grid_status":"","footnotes":""},"categories":[16],"tags":[],"class_list":{"0":"post-25090","1":"post","2":"type-post","3":"status-publish","4":"format-standard","5":"has-post-thumbnail","7":"category-societe"},"yoast_head":"<!-- This site is optimized with the Yoast SEO plugin v24.2 - https:\/\/yoast.com\/wordpress\/plugins\/seo\/ -->\n<title>Alpha Cond\u00e9 cogne \u00e0 nouveau sur les hommes de medias. | Guin\u00e9e Diversit\u00e9<\/title>\n<meta name=\"robots\" content=\"index, follow, max-snippet:-1, max-image-preview:large, max-video-preview:-1\" \/>\n<link rel=\"canonical\" href=\"https:\/\/guineediversite.com\/index.php\/2018\/05\/04\/alpha-conde-cogne-a-nouveau-sur-les-hommes-de-medias\/\" \/>\n<meta property=\"og:locale\" content=\"fr_FR\" \/>\n<meta property=\"og:type\" content=\"article\" \/>\n<meta property=\"og:title\" content=\"Alpha Cond\u00e9 cogne \u00e0 nouveau sur les hommes de medias. | Guin\u00e9e Diversit\u00e9\" \/>\n<meta property=\"og:description\" content=\"La c\u00e9r\u00e9monie de c\u00e9l\u00e9bration de la journ\u00e9e internationale de la libert\u00e9 de la presse a eu lieu \u00e0 la maison de la presse de Col\u00e9ah, ce jeudi 3 mai en pr\u00e9sence du chef de l\u00c9tat et du chef de file de lopposition. Une occasion pour Alpha cond\u00e9 d&rsquo;interroger les responsables des associations de presse sur [&hellip;]\" \/>\n<meta property=\"og:url\" content=\"https:\/\/guineediversite.com\/index.php\/2018\/05\/04\/alpha-conde-cogne-a-nouveau-sur-les-hommes-de-medias\/\" \/>\n<meta property=\"og:site_name\" content=\"Guin\u00e9e Diversit\u00e9\" \/>\n<meta property=\"article:publisher\" content=\"https:\/\/www.facebook.com\/guineediversite\/\" \/>\n<meta property=\"article:published_time\" content=\"2018-05-04T12:37:22+00:00\" \/>\n<meta property=\"og:image\" content=\"https:\/\/guineediversite.com\/wp-content\/uploads\/2018\/05\/31793474_10215919453530099_1829896551904837632_n.jpg\" \/>\n\t<meta property=\"og:image:width\" content=\"1024\" \/>\n\t<meta property=\"og:image:height\" content=\"768\" \/>\n\t<meta property=\"og:image:type\" content=\"image\/jpeg\" \/>\n<meta name=\"author\" content=\"Moussa Mo\u00efse K\u00e9ita\" \/>\n<meta name=\"twitter:card\" content=\"summary_large_image\" \/>\n<meta name=\"twitter:creator\" content=\"@GuineeDiversite\" \/>\n<meta name=\"twitter:site\" content=\"@GuineeDiversite\" \/>\n<meta name=\"twitter:label1\" content=\"\u00c9crit par\" \/>\n\t<meta name=\"twitter:data1\" content=\"Moussa Mo\u00efse K\u00e9ita\" \/>\n\t<meta name=\"twitter:label2\" content=\"Dur\u00e9e de lecture estim\u00e9e\" \/>\n\t<meta name=\"twitter:data2\" content=\"3 minutes\" \/>\n<script type=\"application\/ld+json\" class=\"yoast-schema-graph\">{\"@context\":\"https:\/\/schema.org\",\"@graph\":[{\"@type\":\"Article\",\"@id\":\"https:\/\/guineediversite.com\/index.php\/2018\/05\/04\/alpha-conde-cogne-a-nouveau-sur-les-hommes-de-medias\/#article\",\"isPartOf\":{\"@id\":\"https:\/\/guineediversite.com\/index.php\/2018\/05\/04\/alpha-conde-cogne-a-nouveau-sur-les-hommes-de-medias\/\"},\"author\":{\"name\":\"Moussa Mo\u00efse K\u00e9ita\",\"@id\":\"https:\/\/guineediversite.com\/#\/schema\/person\/079ec347f72d2acde4b56a50a4fd46dc\"},\"headline\":\"Alpha Cond\u00e9 cogne \u00e0 nouveau sur les hommes de medias.\",\"datePublished\":\"2018-05-04T12:37:22+00:00\",\"dateModified\":\"2018-05-04T12:37:22+00:00\",\"mainEntityOfPage\":{\"@id\":\"https:\/\/guineediversite.com\/index.php\/2018\/05\/04\/alpha-conde-cogne-a-nouveau-sur-les-hommes-de-medias\/\"},\"wordCount\":540,\"publisher\":{\"@id\":\"https:\/\/guineediversite.com\/#organization\"},\"image\":{\"@id\":\"https:\/\/guineediversite.com\/index.php\/2018\/05\/04\/alpha-conde-cogne-a-nouveau-sur-les-hommes-de-medias\/#primaryimage\"},\"thumbnailUrl\":\"https:\/\/guineediversite.com\/wp-content\/uploads\/2018\/05\/31793474_10215919453530099_1829896551904837632_n.jpg\",\"articleSection\":[\"Soci\u00e9t\u00e9\"],\"inLanguage\":\"fr-FR\"},{\"@type\":\"WebPage\",\"@id\":\"https:\/\/guineediversite.com\/index.php\/2018\/05\/04\/alpha-conde-cogne-a-nouveau-sur-les-hommes-de-medias\/\",\"url\":\"https:\/\/guineediversite.com\/index.php\/2018\/05\/04\/alpha-conde-cogne-a-nouveau-sur-les-hommes-de-medias\/\",\"name\":\"Alpha Cond\u00e9 cogne \u00e0 nouveau sur les hommes de medias. | Guin\u00e9e Diversit\u00e9\",\"isPartOf\":{\"@id\":\"https:\/\/guineediversite.com\/#website\"},\"primaryImageOfPage\":{\"@id\":\"https:\/\/guineediversite.com\/index.php\/2018\/05\/04\/alpha-conde-cogne-a-nouveau-sur-les-hommes-de-medias\/#primaryimage\"},\"image\":{\"@id\":\"https:\/\/guineediversite.com\/index.php\/2018\/05\/04\/alpha-conde-cogne-a-nouveau-sur-les-hommes-de-medias\/#primaryimage\"},\"thumbnailUrl\":\"https:\/\/guineediversite.com\/wp-content\/uploads\/2018\/05\/31793474_10215919453530099_1829896551904837632_n.jpg\",\"datePublished\":\"2018-05-04T12:37:22+00:00\",\"dateModified\":\"2018-05-04T12:37:22+00:00\",\"breadcrumb\":{\"@id\":\"https:\/\/guineediversite.com\/index.php\/2018\/05\/04\/alpha-conde-cogne-a-nouveau-sur-les-hommes-de-medias\/#breadcrumb\"},\"inLanguage\":\"fr-FR\",\"potentialAction\":[{\"@type\":\"ReadAction\",\"target\":[\"https:\/\/guineediversite.com\/index.php\/2018\/05\/04\/alpha-conde-cogne-a-nouveau-sur-les-hommes-de-medias\/\"]}]},{\"@type\":\"ImageObject\",\"inLanguage\":\"fr-FR\",\"@id\":\"https:\/\/guineediversite.com\/index.php\/2018\/05\/04\/alpha-conde-cogne-a-nouveau-sur-les-hommes-de-medias\/#primaryimage\",\"url\":\"https:\/\/guineediversite.com\/wp-content\/uploads\/2018\/05\/31793474_10215919453530099_1829896551904837632_n.jpg\",\"contentUrl\":\"https:\/\/guineediversite.com\/wp-content\/uploads\/2018\/05\/31793474_10215919453530099_1829896551904837632_n.jpg\",\"width\":\"1024\",\"height\":\"768\"},{\"@type\":\"BreadcrumbList\",\"@id\":\"https:\/\/guineediversite.com\/index.php\/2018\/05\/04\/alpha-conde-cogne-a-nouveau-sur-les-hommes-de-medias\/#breadcrumb\",\"itemListElement\":[{\"@type\":\"ListItem\",\"position\":1,\"name\":\"Accueil\",\"item\":\"https:\/\/guineediversite.com\/\"},{\"@type\":\"ListItem\",\"position\":2,\"name\":\"Alpha Cond\u00e9 cogne \u00e0 nouveau sur les hommes de medias.\"}]},{\"@type\":\"WebSite\",\"@id\":\"https:\/\/guineediversite.com\/#website\",\"url\":\"https:\/\/guineediversite.com\/\",\"name\":\"Guin\u00e9e Diversit\u00e9\",\"description\":\"L&#039;Info dans toute sa diversit\u00e9\",\"publisher\":{\"@id\":\"https:\/\/guineediversite.com\/#organization\"},\"potentialAction\":[{\"@type\":\"SearchAction\",\"target\":{\"@type\":\"EntryPoint\",\"urlTemplate\":\"https:\/\/guineediversite.com\/?s={search_term_string}\"},\"query-input\":{\"@type\":\"PropertyValueSpecification\",\"valueRequired\":true,\"valueName\":\"search_term_string\"}}],\"inLanguage\":\"fr-FR\"},{\"@type\":\"Organization\",\"@id\":\"https:\/\/guineediversite.com\/#organization\",\"name\":\"Guin\u00e9e Diversit\u00e9\",\"url\":\"https:\/\/guineediversite.com\/\",\"logo\":{\"@type\":\"ImageObject\",\"inLanguage\":\"fr-FR\",\"@id\":\"https:\/\/guineediversite.com\/#\/schema\/logo\/image\/\",\"url\":\"https:\/\/guineediversite.com\/wp-content\/uploads\/2017\/04\/cropped-1jojlxEOMkX9Wyqfhe43D6kjPOGqBBKmx3EwWJqZ0cMrFF54yM49.png\",\"contentUrl\":\"https:\/\/guineediversite.com\/wp-content\/uploads\/2017\/04\/cropped-1jojlxEOMkX9Wyqfhe43D6kjPOGqBBKmx3EwWJqZ0cMrFF54yM49.png\",\"width\":186,\"height\":112,\"caption\":\"Guin\u00e9e Diversit\u00e9\"},\"image\":{\"@id\":\"https:\/\/guineediversite.com\/#\/schema\/logo\/image\/\"},\"sameAs\":[\"https:\/\/www.facebook.com\/guineediversite\/\",\"https:\/\/x.com\/GuineeDiversite\",\"https:\/\/www.youtube.com\/channel\/UC8sUY16qelG5ge6_D5SB83g\"]},{\"@type\":\"Person\",\"@id\":\"https:\/\/guineediversite.com\/#\/schema\/person\/079ec347f72d2acde4b56a50a4fd46dc\",\"name\":\"Moussa Mo\u00efse K\u00e9ita\",\"image\":{\"@type\":\"ImageObject\",\"inLanguage\":\"fr-FR\",\"@id\":\"https:\/\/guineediversite.com\/#\/schema\/person\/image\/\",\"url\":\"https:\/\/secure.gravatar.com\/avatar\/edf1ea2cc01841e6c0b49384bcb1385b?s=96&d=mm&r=g\",\"contentUrl\":\"https:\/\/secure.gravatar.com\/avatar\/edf1ea2cc01841e6c0b49384bcb1385b?s=96&d=mm&r=g\",\"caption\":\"Moussa Mo\u00efse K\u00e9ita\"},\"url\":\"https:\/\/guineediversite.com\/index.php\/author\/moussa-moise\/\"}]}<\/script>\n<!-- \/ Yoast SEO plugin. -->","yoast_head_json":{"title":"Alpha Cond\u00e9 cogne \u00e0 nouveau sur les hommes de medias. | Guin\u00e9e Diversit\u00e9","robots":{"index":"index","follow":"follow","max-snippet":"max-snippet:-1","max-image-preview":"max-image-preview:large","max-video-preview":"max-video-preview:-1"},"canonical":"https:\/\/guineediversite.com\/index.php\/2018\/05\/04\/alpha-conde-cogne-a-nouveau-sur-les-hommes-de-medias\/","og_locale":"fr_FR","og_type":"article","og_title":"Alpha Cond\u00e9 cogne \u00e0 nouveau sur les hommes de medias. | Guin\u00e9e Diversit\u00e9","og_description":"La c\u00e9r\u00e9monie de c\u00e9l\u00e9bration de la journ\u00e9e internationale de la libert\u00e9 de la presse a eu lieu \u00e0 la maison de la presse de Col\u00e9ah, ce jeudi 3 mai en pr\u00e9sence du chef de l\u00c9tat et du chef de file de lopposition. Une occasion pour Alpha cond\u00e9 d&rsquo;interroger les responsables des associations de presse sur [&hellip;]","og_url":"https:\/\/guineediversite.com\/index.php\/2018\/05\/04\/alpha-conde-cogne-a-nouveau-sur-les-hommes-de-medias\/","og_site_name":"Guin\u00e9e Diversit\u00e9","article_publisher":"https:\/\/www.facebook.com\/guineediversite\/","article_published_time":"2018-05-04T12:37:22+00:00","og_image":[{"width":1024,"height":768,"url":"https:\/\/guineediversite.com\/wp-content\/uploads\/2018\/05\/31793474_10215919453530099_1829896551904837632_n.jpg","type":"image\/jpeg"}],"author":"Moussa Mo\u00efse K\u00e9ita","twitter_card":"summary_large_image","twitter_creator":"@GuineeDiversite","twitter_site":"@GuineeDiversite","twitter_misc":{"\u00c9crit par":"Moussa Mo\u00efse K\u00e9ita","Dur\u00e9e de lecture estim\u00e9e":"3 minutes"},"schema":{"@context":"https:\/\/schema.org","@graph":[{"@type":"Article","@id":"https:\/\/guineediversite.com\/index.php\/2018\/05\/04\/alpha-conde-cogne-a-nouveau-sur-les-hommes-de-medias\/#article","isPartOf":{"@id":"https:\/\/guineediversite.com\/index.php\/2018\/05\/04\/alpha-conde-cogne-a-nouveau-sur-les-hommes-de-medias\/"},"author":{"name":"Moussa Mo\u00efse K\u00e9ita","@id":"https:\/\/guineediversite.com\/#\/schema\/person\/079ec347f72d2acde4b56a50a4fd46dc"},"headline":"Alpha Cond\u00e9 cogne \u00e0 nouveau sur les hommes de medias.","datePublished":"2018-05-04T12:37:22+00:00","dateModified":"2018-05-04T12:37:22+00:00","mainEntityOfPage":{"@id":"https:\/\/guineediversite.com\/index.php\/2018\/05\/04\/alpha-conde-cogne-a-nouveau-sur-les-hommes-de-medias\/"},"wordCount":540,"publisher":{"@id":"https:\/\/guineediversite.com\/#organization"},"image":{"@id":"https:\/\/guineediversite.com\/index.php\/2018\/05\/04\/alpha-conde-cogne-a-nouveau-sur-les-hommes-de-medias\/#primaryimage"},"thumbnailUrl":"https:\/\/guineediversite.com\/wp-content\/uploads\/2018\/05\/31793474_10215919453530099_1829896551904837632_n.jpg","articleSection":["Soci\u00e9t\u00e9"],"inLanguage":"fr-FR"},{"@type":"WebPage","@id":"https:\/\/guineediversite.com\/index.php\/2018\/05\/04\/alpha-conde-cogne-a-nouveau-sur-les-hommes-de-medias\/","url":"https:\/\/guineediversite.com\/index.php\/2018\/05\/04\/alpha-conde-cogne-a-nouveau-sur-les-hommes-de-medias\/","name":"Alpha Cond\u00e9 cogne \u00e0 nouveau sur les hommes de medias. | Guin\u00e9e Diversit\u00e9","isPartOf":{"@id":"https:\/\/guineediversite.com\/#website"},"primaryImageOfPage":{"@id":"https:\/\/guineediversite.com\/index.php\/2018\/05\/04\/alpha-conde-cogne-a-nouveau-sur-les-hommes-de-medias\/#primaryimage"},"image":{"@id":"https:\/\/guineediversite.com\/index.php\/2018\/05\/04\/alpha-conde-cogne-a-nouveau-sur-les-hommes-de-medias\/#primaryimage"},"thumbnailUrl":"https:\/\/guineediversite.com\/wp-content\/uploads\/2018\/05\/31793474_10215919453530099_1829896551904837632_n.jpg","datePublished":"2018-05-04T12:37:22+00:00","dateModified":"2018-05-04T12:37:22+00:00","breadcrumb":{"@id":"https:\/\/guineediversite.com\/index.php\/2018\/05\/04\/alpha-conde-cogne-a-nouveau-sur-les-hommes-de-medias\/#breadcrumb"},"inLanguage":"fr-FR","potentialAction":[{"@type":"ReadAction","target":["https:\/\/guineediversite.com\/index.php\/2018\/05\/04\/alpha-conde-cogne-a-nouveau-sur-les-hommes-de-medias\/"]}]},{"@type":"ImageObject","inLanguage":"fr-FR","@id":"https:\/\/guineediversite.com\/index.php\/2018\/05\/04\/alpha-conde-cogne-a-nouveau-sur-les-hommes-de-medias\/#primaryimage","url":"https:\/\/guineediversite.com\/wp-content\/uploads\/2018\/05\/31793474_10215919453530099_1829896551904837632_n.jpg","contentUrl":"https:\/\/guineediversite.com\/wp-content\/uploads\/2018\/05\/31793474_10215919453530099_1829896551904837632_n.jpg","width":"1024","height":"768"},{"@type":"BreadcrumbList","@id":"https:\/\/guineediversite.com\/index.php\/2018\/05\/04\/alpha-conde-cogne-a-nouveau-sur-les-hommes-de-medias\/#breadcrumb","itemListElement":[{"@type":"ListItem","position":1,"name":"Accueil","item":"https:\/\/guineediversite.com\/"},{"@type":"ListItem","position":2,"name":"Alpha Cond\u00e9 cogne \u00e0 nouveau sur les hommes de medias."}]},{"@type":"WebSite","@id":"https:\/\/guineediversite.com\/#website","url":"https:\/\/guineediversite.com\/","name":"Guin\u00e9e Diversit\u00e9","description":"L&#039;Info dans toute sa diversit\u00e9","publisher":{"@id":"https:\/\/guineediversite.com\/#organization"},"potentialAction":[{"@type":"SearchAction","target":{"@type":"EntryPoint","urlTemplate":"https:\/\/guineediversite.com\/?s={search_term_string}"},"query-input":{"@type":"PropertyValueSpecification","valueRequired":true,"valueName":"search_term_string"}}],"inLanguage":"fr-FR"},{"@type":"Organization","@id":"https:\/\/guineediversite.com\/#organization","name":"Guin\u00e9e Diversit\u00e9","url":"https:\/\/guineediversite.com\/","logo":{"@type":"ImageObject","inLanguage":"fr-FR","@id":"https:\/\/guineediversite.com\/#\/schema\/logo\/image\/","url":"https:\/\/guineediversite.com\/wp-content\/uploads\/2017\/04\/cropped-1jojlxEOMkX9Wyqfhe43D6kjPOGqBBKmx3EwWJqZ0cMrFF54yM49.png","contentUrl":"https:\/\/guineediversite.com\/wp-content\/uploads\/2017\/04\/cropped-1jojlxEOMkX9Wyqfhe43D6kjPOGqBBKmx3EwWJqZ0cMrFF54yM49.png","width":186,"height":112,"caption":"Guin\u00e9e Diversit\u00e9"},"image":{"@id":"https:\/\/guineediversite.com\/#\/schema\/logo\/image\/"},"sameAs":["https:\/\/www.facebook.com\/guineediversite\/","https:\/\/x.com\/GuineeDiversite","https:\/\/www.youtube.com\/channel\/UC8sUY16qelG5ge6_D5SB83g"]},{"@type":"Person","@id":"https:\/\/guineediversite.com\/#\/schema\/person\/079ec347f72d2acde4b56a50a4fd46dc","name":"Moussa Mo\u00efse K\u00e9ita","image":{"@type":"ImageObject","inLanguage":"fr-FR","@id":"https:\/\/guineediversite.com\/#\/schema\/person\/image\/","url":"https:\/\/secure.gravatar.com\/avatar\/edf1ea2cc01841e6c0b49384bcb1385b?s=96&d=mm&r=g","contentUrl":"https:\/\/secure.gravatar.com\/avatar\/edf1ea2cc01841e6c0b49384bcb1385b?s=96&d=mm&r=g","caption":"Moussa Mo\u00efse K\u00e9ita"},"url":"https:\/\/guineediversite.com\/index.php\/author\/moussa-moise\/"}]}},"_links":{"self":[{"href":"https:\/\/guineediversite.com\/index.php\/wp-json\/wp\/v2\/posts\/25090"}],"collection":[{"href":"https:\/\/guineediversite.com\/index.php\/wp-json\/wp\/v2\/posts"}],"about":[{"href":"https:\/\/guineediversite.com\/index.php\/wp-json\/wp\/v2\/types\/post"}],"author":[{"embeddable":true,"href":"https:\/\/guineediversite.com\/index.php\/wp-json\/wp\/v2\/users\/16"}],"replies":[{"embeddable":true,"href":"https:\/\/guineediversite.com\/index.php\/wp-json\/wp\/v2\/comments?post=25090"}],"version-history":[{"count":0,"href":"https:\/\/guineediversite.com\/index.php\/wp-json\/wp\/v2\/posts\/25090\/revisions"}],"wp:featuredmedia":[{"embeddable":true,"href":"https:\/\/guineediversite.com\/index.php\/wp-json\/wp\/v2\/media\/25073"}],"wp:attachment":[{"href":"https:\/\/guineediversite.com\/index.php\/wp-json\/wp\/v2\/media?parent=25090"}],"wp:term":[{"taxonomy":"category","embeddable":true,"href":"https:\/\/guineediversite.com\/index.php\/wp-json\/wp\/v2\/categories?post=25090"},{"taxonomy":"post_tag","embeddable":true,"href":"https:\/\/guineediversite.com\/index.php\/wp-json\/wp\/v2\/tags?post=25090"}],"curies":[{"name":"wp","href":"https:\/\/api.w.org\/{rel}","templated":true}]}}