{"id":25085,"date":"2018-05-03T19:55:53","date_gmt":"2018-05-03T17:55:53","guid":{"rendered":"https:\/\/guineediversite.com\/?p=25085"},"modified":"2018-05-03T19:55:53","modified_gmt":"2018-05-03T17:55:53","slug":"les-populations-du-quartier-dar-es-salam-2-refusent-categoriquement-de-deguerpir-les-lieux","status":"publish","type":"post","link":"https:\/\/guineediversite.com\/index.php\/2018\/05\/03\/les-populations-du-quartier-dar-es-salam-2-refusent-categoriquement-de-deguerpir-les-lieux\/","title":{"rendered":"Les populations du quartier Dar-Es-Salam 2 refusent cat\u00e9goriquement de d\u00e9guerpir les lieux"},"content":{"rendered":"<p><em>\u00ab\u00a0S\u2019ils viennent par la force, comme \u00e7a, il y\u2019aura ici des tueries. Parce que l\u00e0, on ne quittera pas\u00a0\u00bb <\/em><\/p>\n<p>Voila comment la population de Dar Es Salam 2 attend de pied ferme le ministre de l\u2019urbanisme et de l\u2019habitat, Ibrahima Kourouma qui lui a donn\u00e9e que quelques semaines pour quitter les lieux. Assieds autour du th\u00e9, ces jeunes riverains de la d\u00e9charge, apparemment d\u00e9sesp\u00e9r\u00e9s ne savent plus \u00e0 quel saint se vouer. Partir Oui\u00a0! Tous sont unanimes sur la question, mais avec des conditions dit Issiaga Cont\u00e9<\/p>\n<p><em>\u00ab\u00a0On est pr\u00eat, mais avec des conditions. S\u2019ils nous remboursent l\u00e0 on va \u00a0quitter ici. Mais au cas \u00e9ch\u00e9ant on reste l\u00e0, on ira o\u00f9 si on n\u2019a pas d\u2019argent, ni maison,\u00bb<\/em> s\u2019exclama-t-il.<\/p>\n<p><img loading=\"lazy\" decoding=\"async\" class=\"alignnone  wp-image-25087\" src=\"https:\/\/guineediversite.com.bwjx4292.odns.fr\/wp-content\/uploads\/2018\/05\/31841912_2025109537750821_769374753206042624_n-300x225.jpg\" alt=\"\" width=\"932\" height=\"699\" srcset=\"https:\/\/guineediversite.com\/wp-content\/uploads\/2018\/05\/31841912_2025109537750821_769374753206042624_n-300x225.jpg 300w, https:\/\/guineediversite.com\/wp-content\/uploads\/2018\/05\/31841912_2025109537750821_769374753206042624_n-768x576.jpg 768w, https:\/\/guineediversite.com\/wp-content\/uploads\/2018\/05\/31841912_2025109537750821_769374753206042624_n-1024x768.jpg 1024w, https:\/\/guineediversite.com\/wp-content\/uploads\/2018\/05\/31841912_2025109537750821_769374753206042624_n-600x450.jpg 600w, https:\/\/guineediversite.com\/wp-content\/uploads\/2018\/05\/31841912_2025109537750821_769374753206042624_n-678x509.jpg 678w, https:\/\/guineediversite.com\/wp-content\/uploads\/2018\/05\/31841912_2025109537750821_769374753206042624_n-326x245.jpg 326w, https:\/\/guineediversite.com\/wp-content\/uploads\/2018\/05\/31841912_2025109537750821_769374753206042624_n-80x60.jpg 80w\" sizes=\"(max-width: 932px) 100vw, 932px\" \/><\/p>\n<p>Quittez pour aller o\u00f9\u00a0? S\u2019interroge Ibrahima Sory Soumah qui demande \u00e0 l\u2019\u00c9tat de les trouv\u00e9s un point de chute<\/p>\n<p><em>\u00ab\u00a0Le gouvernement doit nous trouver au moins un terrain ou nous donn\u00e9es une somme pour qu\u2019on puisse aller construire ailleurs,\u00bb<\/em> Exige ce riverain.<\/p>\n<p>Le 03 mai, est la date buttoir donn\u00e9e par le ministre depuis le 15 avril aux habitants de Dar-Es-Salam 2 de plier leurs \u00a0bagages. Au total, 400 foyers sont concern\u00e9s par cette op\u00e9ration de d\u00e9guerpissement et n\u2019ont rien comme revenu r\u00e9v\u00e8le le chef de quartier Charles Damba<\/p>\n<p><em>\u00ab\u00a0La partie est peupl\u00e9e de personnes pauvres, nous ne somme pas contre qu\u2019elles \u00a0quittent mais nous sommes pauvre. L\u2019indemnisation serait n\u00e9cessaire et ad\u00e9quate dans cet accompagnement. Il ya eu une premi\u00e8re cat\u00e9gorie qui avait \u00e9t\u00e9 indemnis\u00e9 par la banque mondiale et elle est partie. Mais pour ces autres, le ministre refuse cat\u00e9goriquement c\u2019est ce qui nous agacent,\u00bb<\/em> s\u2019inqui\u00e8te ce responsable.<\/p>\n<p><img loading=\"lazy\" decoding=\"async\" class=\"alignnone  wp-image-25088\" src=\"https:\/\/guineediversite.com.bwjx4292.odns.fr\/wp-content\/uploads\/2018\/05\/31902132_2025109481084160_4437092058791936000_n-300x225.jpg\" alt=\"\" width=\"933\" height=\"700\" srcset=\"https:\/\/guineediversite.com\/wp-content\/uploads\/2018\/05\/31902132_2025109481084160_4437092058791936000_n-300x225.jpg 300w, https:\/\/guineediversite.com\/wp-content\/uploads\/2018\/05\/31902132_2025109481084160_4437092058791936000_n-768x576.jpg 768w, https:\/\/guineediversite.com\/wp-content\/uploads\/2018\/05\/31902132_2025109481084160_4437092058791936000_n-1024x768.jpg 1024w, https:\/\/guineediversite.com\/wp-content\/uploads\/2018\/05\/31902132_2025109481084160_4437092058791936000_n-600x450.jpg 600w, https:\/\/guineediversite.com\/wp-content\/uploads\/2018\/05\/31902132_2025109481084160_4437092058791936000_n-678x509.jpg 678w, https:\/\/guineediversite.com\/wp-content\/uploads\/2018\/05\/31902132_2025109481084160_4437092058791936000_n-326x245.jpg 326w, https:\/\/guineediversite.com\/wp-content\/uploads\/2018\/05\/31902132_2025109481084160_4437092058791936000_n-80x60.jpg 80w\" sizes=\"(max-width: 933px) 100vw, 933px\" \/><\/p>\n<p>Si certaines familles ont \u00e9t\u00e9 indemnis\u00e9es depuis plusieurs ann\u00e9es, d\u2019autres par contre n\u2019ont re\u00e7us aucun franc. La soixantaine, Issiaga Bangoura vit dans ce quartier depuis plus de 30 ans, il a vu la gen\u00e8se de ce d\u00e9potoir jusqu&rsquo;\u00e0 ce qu\u2019il est devenu une montagne d\u2019ordure. Malgr\u00e9 tout, il demande \u00e0 l\u2019\u00c9tat de leurs laiss\u00e9es un temps pour mieux s\u2019organiser dans la \u00a0lib\u00e9ration des lieux.<\/p>\n<p><em>\u00ab\u00a0Je suis l\u00e0 depuis 30 ans, voir m\u00eame plus. Je demande aux autorit\u00e9s de nous laisser au moins six mois tout en \u00a0nous remboursant on quittera ici comme ils le souhaitent,\u00bb <\/em>Plaide cet autochtone de la zone.<\/p>\n<p>Le 22 Ao\u00fbt dernier, un \u00e9boulement avait co\u00fbt\u00e9 la vie \u00e0 neuf personnes dans ce quartier enclav\u00e9 o\u00f9 une seule pompe \u00e0 forage approvisionne la population. Dans la foule des femmes qui cherchent \u00e9perdument l\u2019eau pour le quotidien se trouve Laouratou Barry. Cette m\u00e8re qui rets encore traumatis\u00e9e depuis cette date fatidique ne s\u2019en remet toujours pas. Ce jour du 22 Aout, elle a perdu 3 de ses enfants, Alpha Oumar Diallo 16 ans, Alpha Bailo Diallo 17 ans et Baibata Diallo 6 ans. \u00a0D\u00e9guerpir les lieux, serait encore un autre coup dur qu\u2019elle ne pourra supporter apr\u00e8s avoir tout perdu dit-on.<\/p>\n<p><em>\u00ab\u00a0J\u2019ai, perdu mes enfants, j\u2019ai perdu mon mari et voir encore perdre ma maison, me jet\u00e9e dans la rue\u2026 vraiment ayez piti\u00e9 de moi. Moi je ne sais pas ou aller, je ne sais vraiment pas ou aller,\u00bb<\/em> affirme cette dame en pleure.<\/p>\n<p>Als\u00e9ny Diaby, habitant du m\u00eame quartier\u00a0 parle de violation, de proc\u00e9dure<\/p>\n<p><em>\u00ab\u00a0Nous nous ne pr\u00e9noms pas cette d\u00e9claration du ministre en consid\u00e9ration parce que la proc\u00e9dure est l\u00e0. Nous sommes dans un \u00c9tat de droit. Les institutions r\u00e9publicaines sont toutes inform\u00e9es de la situation .Donc rien ne nous dit de quitter. M\u00eame une mouche ne bougera pas \u00a0d\u2019ici, nous attendons le ministre Kourouma avec ses gendarmes et ses bulldozers il nous trouvera devant son chemin, il va nous marcher dessus avant de toucher \u00e0 nos maisons,\u00bb<\/em> Pr\u00e9vient cet autre autochtone tr\u00e8s en col\u00e8re visiblement.<\/p>\n<p>Quand au chef de quartier, il parle d\u2019une stigmatisation de la zone<\/p>\n<p><em>\u00ab\u00a0Les gens on quelque chose en t\u00eate, d\u00e8s qu\u2019on parle d\u2019un quartier de Ratoma on nous juge autrement. C\u2019est une stigmatisation pure et simple. Sinon, on a rien fait on a rien g\u00e2t\u00e9. La premi\u00e8re R\u00e9publique ne nous a pas chass\u00e9, elle nous a laiss\u00e9 ici tout en nous donnant des ravitaillements. La deuxi\u00e8me r\u00e9publique nous a donn\u00e9 le courant et l\u2019eau. La troisi\u00e8me r\u00e9publique sous le pr\u00e9sident Alpha Cond\u00e9, on a eu des routes, plus de 3km de routes bitum\u00e9es. Ils nous on jamais dit de quitter, sauf quand il ya eu \u00e9boulement et m\u00eame cet \u00e9boulement, il a \u00e9t\u00e9 provoqu\u00e9 par les administrateurs. Parce qu\u2019ils devraient quitter en 2017, ils devraient occuper 10 ans, ils ont fait 20 ans. S\u2019il ya eu \u00e9boulement, ce n\u2019est ni la faute \u00e0 la population, ni celle par le quartier,\u00bb<\/em> Fustige ce responsable du quartier somm\u00e9 de quitter.<\/p>\n<p>Ce jeudi 3 mai, le m\u00e9diateur de la R\u00e9publique Mohamed Said Fofana \u00e9tait attendu dans ce quartier pour tenter de trouver une issue favorable, mais cette population de Dar Es Salam, il n\u2019a pas \u00e9t\u00e9 au rendez vous.<\/p>\n","protected":false},"excerpt":{"rendered":"<p>\u00ab\u00a0S\u2019ils viennent par la force, comme \u00e7a, il y\u2019aura ici des tueries. Parce que l\u00e0, on ne quittera pas\u00a0\u00bb Voila comment la population de Dar Es Salam 2 attend de pied ferme le ministre de l\u2019urbanisme et de l\u2019habitat, Ibrahima Kourouma qui lui a donn\u00e9e que quelques semaines pour quitter les lieux. Assieds autour du [&hellip;]<\/p>\n","protected":false},"author":16,"featured_media":25086,"comment_status":"closed","ping_status":"closed","sticky":false,"template":"","format":"standard","meta":{"_exactmetrics_skip_tracking":false,"_exactmetrics_sitenote_active":false,"_exactmetrics_sitenote_note":"","_exactmetrics_sitenote_category":0,"tdm_status":"","tdm_grid_status":"","footnotes":""},"categories":[16],"tags":[],"class_list":{"0":"post-25085","1":"post","2":"type-post","3":"status-publish","4":"format-standard","5":"has-post-thumbnail","7":"category-societe"},"yoast_head":"<!-- This site is optimized with the Yoast SEO plugin v24.2 - https:\/\/yoast.com\/wordpress\/plugins\/seo\/ -->\n<title>Les populations du quartier Dar-Es-Salam 2 refusent cat\u00e9goriquement de d\u00e9guerpir les lieux | Guin\u00e9e Diversit\u00e9<\/title>\n<meta name=\"robots\" content=\"index, follow, max-snippet:-1, max-image-preview:large, max-video-preview:-1\" \/>\n<link rel=\"canonical\" href=\"https:\/\/guineediversite.com\/index.php\/2018\/05\/03\/les-populations-du-quartier-dar-es-salam-2-refusent-categoriquement-de-deguerpir-les-lieux\/\" \/>\n<meta property=\"og:locale\" content=\"fr_FR\" \/>\n<meta property=\"og:type\" content=\"article\" \/>\n<meta property=\"og:title\" content=\"Les populations du quartier Dar-Es-Salam 2 refusent cat\u00e9goriquement de d\u00e9guerpir les lieux | Guin\u00e9e Diversit\u00e9\" \/>\n<meta property=\"og:description\" content=\"\u00ab\u00a0S\u2019ils viennent par la force, comme \u00e7a, il y\u2019aura ici des tueries. Parce que l\u00e0, on ne quittera pas\u00a0\u00bb Voila comment la population de Dar Es Salam 2 attend de pied ferme le ministre de l\u2019urbanisme et de l\u2019habitat, Ibrahima Kourouma qui lui a donn\u00e9e que quelques semaines pour quitter les lieux. Assieds autour du [&hellip;]\" \/>\n<meta property=\"og:url\" content=\"https:\/\/guineediversite.com\/index.php\/2018\/05\/03\/les-populations-du-quartier-dar-es-salam-2-refusent-categoriquement-de-deguerpir-les-lieux\/\" \/>\n<meta property=\"og:site_name\" content=\"Guin\u00e9e Diversit\u00e9\" \/>\n<meta property=\"article:publisher\" content=\"https:\/\/www.facebook.com\/guineediversite\/\" \/>\n<meta property=\"article:published_time\" content=\"2018-05-03T17:55:53+00:00\" \/>\n<meta property=\"og:image\" content=\"https:\/\/guineediversite.com\/wp-content\/uploads\/2018\/05\/31895299_2025109527750822_7312704381520969728_n.jpg\" \/>\n\t<meta property=\"og:image:width\" content=\"7680\" \/>\n\t<meta property=\"og:image:height\" content=\"5760\" \/>\n\t<meta property=\"og:image:type\" content=\"image\/jpeg\" \/>\n<meta name=\"author\" content=\"Moussa Mo\u00efse K\u00e9ita\" \/>\n<meta name=\"twitter:card\" content=\"summary_large_image\" \/>\n<meta name=\"twitter:creator\" content=\"@GuineeDiversite\" \/>\n<meta name=\"twitter:site\" content=\"@GuineeDiversite\" \/>\n<meta name=\"twitter:label1\" content=\"\u00c9crit par\" \/>\n\t<meta name=\"twitter:data1\" content=\"Moussa Mo\u00efse K\u00e9ita\" \/>\n\t<meta name=\"twitter:label2\" content=\"Dur\u00e9e de lecture estim\u00e9e\" \/>\n\t<meta name=\"twitter:data2\" content=\"4 minutes\" \/>\n<script type=\"application\/ld+json\" class=\"yoast-schema-graph\">{\"@context\":\"https:\/\/schema.org\",\"@graph\":[{\"@type\":\"Article\",\"@id\":\"https:\/\/guineediversite.com\/index.php\/2018\/05\/03\/les-populations-du-quartier-dar-es-salam-2-refusent-categoriquement-de-deguerpir-les-lieux\/#article\",\"isPartOf\":{\"@id\":\"https:\/\/guineediversite.com\/index.php\/2018\/05\/03\/les-populations-du-quartier-dar-es-salam-2-refusent-categoriquement-de-deguerpir-les-lieux\/\"},\"author\":{\"name\":\"Moussa Mo\u00efse K\u00e9ita\",\"@id\":\"https:\/\/guineediversite.com\/#\/schema\/person\/079ec347f72d2acde4b56a50a4fd46dc\"},\"headline\":\"Les populations du quartier Dar-Es-Salam 2 refusent cat\u00e9goriquement de d\u00e9guerpir les lieux\",\"datePublished\":\"2018-05-03T17:55:53+00:00\",\"dateModified\":\"2018-05-03T17:55:53+00:00\",\"mainEntityOfPage\":{\"@id\":\"https:\/\/guineediversite.com\/index.php\/2018\/05\/03\/les-populations-du-quartier-dar-es-salam-2-refusent-categoriquement-de-deguerpir-les-lieux\/\"},\"wordCount\":896,\"publisher\":{\"@id\":\"https:\/\/guineediversite.com\/#organization\"},\"image\":{\"@id\":\"https:\/\/guineediversite.com\/index.php\/2018\/05\/03\/les-populations-du-quartier-dar-es-salam-2-refusent-categoriquement-de-deguerpir-les-lieux\/#primaryimage\"},\"thumbnailUrl\":\"https:\/\/guineediversite.com\/wp-content\/uploads\/2018\/05\/31895299_2025109527750822_7312704381520969728_n.jpg\",\"articleSection\":[\"Soci\u00e9t\u00e9\"],\"inLanguage\":\"fr-FR\"},{\"@type\":\"WebPage\",\"@id\":\"https:\/\/guineediversite.com\/index.php\/2018\/05\/03\/les-populations-du-quartier-dar-es-salam-2-refusent-categoriquement-de-deguerpir-les-lieux\/\",\"url\":\"https:\/\/guineediversite.com\/index.php\/2018\/05\/03\/les-populations-du-quartier-dar-es-salam-2-refusent-categoriquement-de-deguerpir-les-lieux\/\",\"name\":\"Les populations du quartier Dar-Es-Salam 2 refusent cat\u00e9goriquement de d\u00e9guerpir les lieux | Guin\u00e9e Diversit\u00e9\",\"isPartOf\":{\"@id\":\"https:\/\/guineediversite.com\/#website\"},\"primaryImageOfPage\":{\"@id\":\"https:\/\/guineediversite.com\/index.php\/2018\/05\/03\/les-populations-du-quartier-dar-es-salam-2-refusent-categoriquement-de-deguerpir-les-lieux\/#primaryimage\"},\"image\":{\"@id\":\"https:\/\/guineediversite.com\/index.php\/2018\/05\/03\/les-populations-du-quartier-dar-es-salam-2-refusent-categoriquement-de-deguerpir-les-lieux\/#primaryimage\"},\"thumbnailUrl\":\"https:\/\/guineediversite.com\/wp-content\/uploads\/2018\/05\/31895299_2025109527750822_7312704381520969728_n.jpg\",\"datePublished\":\"2018-05-03T17:55:53+00:00\",\"dateModified\":\"2018-05-03T17:55:53+00:00\",\"breadcrumb\":{\"@id\":\"https:\/\/guineediversite.com\/index.php\/2018\/05\/03\/les-populations-du-quartier-dar-es-salam-2-refusent-categoriquement-de-deguerpir-les-lieux\/#breadcrumb\"},\"inLanguage\":\"fr-FR\",\"potentialAction\":[{\"@type\":\"ReadAction\",\"target\":[\"https:\/\/guineediversite.com\/index.php\/2018\/05\/03\/les-populations-du-quartier-dar-es-salam-2-refusent-categoriquement-de-deguerpir-les-lieux\/\"]}]},{\"@type\":\"ImageObject\",\"inLanguage\":\"fr-FR\",\"@id\":\"https:\/\/guineediversite.com\/index.php\/2018\/05\/03\/les-populations-du-quartier-dar-es-salam-2-refusent-categoriquement-de-deguerpir-les-lieux\/#primaryimage\",\"url\":\"https:\/\/guineediversite.com\/wp-content\/uploads\/2018\/05\/31895299_2025109527750822_7312704381520969728_n.jpg\",\"contentUrl\":\"https:\/\/guineediversite.com\/wp-content\/uploads\/2018\/05\/31895299_2025109527750822_7312704381520969728_n.jpg\",\"width\":\"7680\",\"height\":\"5760\"},{\"@type\":\"BreadcrumbList\",\"@id\":\"https:\/\/guineediversite.com\/index.php\/2018\/05\/03\/les-populations-du-quartier-dar-es-salam-2-refusent-categoriquement-de-deguerpir-les-lieux\/#breadcrumb\",\"itemListElement\":[{\"@type\":\"ListItem\",\"position\":1,\"name\":\"Accueil\",\"item\":\"https:\/\/guineediversite.com\/\"},{\"@type\":\"ListItem\",\"position\":2,\"name\":\"Les populations du quartier Dar-Es-Salam 2 refusent cat\u00e9goriquement de d\u00e9guerpir les lieux\"}]},{\"@type\":\"WebSite\",\"@id\":\"https:\/\/guineediversite.com\/#website\",\"url\":\"https:\/\/guineediversite.com\/\",\"name\":\"Guin\u00e9e Diversit\u00e9\",\"description\":\"L&#039;Info dans toute sa diversit\u00e9\",\"publisher\":{\"@id\":\"https:\/\/guineediversite.com\/#organization\"},\"potentialAction\":[{\"@type\":\"SearchAction\",\"target\":{\"@type\":\"EntryPoint\",\"urlTemplate\":\"https:\/\/guineediversite.com\/?s={search_term_string}\"},\"query-input\":{\"@type\":\"PropertyValueSpecification\",\"valueRequired\":true,\"valueName\":\"search_term_string\"}}],\"inLanguage\":\"fr-FR\"},{\"@type\":\"Organization\",\"@id\":\"https:\/\/guineediversite.com\/#organization\",\"name\":\"Guin\u00e9e Diversit\u00e9\",\"url\":\"https:\/\/guineediversite.com\/\",\"logo\":{\"@type\":\"ImageObject\",\"inLanguage\":\"fr-FR\",\"@id\":\"https:\/\/guineediversite.com\/#\/schema\/logo\/image\/\",\"url\":\"https:\/\/guineediversite.com\/wp-content\/uploads\/2017\/04\/cropped-1jojlxEOMkX9Wyqfhe43D6kjPOGqBBKmx3EwWJqZ0cMrFF54yM49.png\",\"contentUrl\":\"https:\/\/guineediversite.com\/wp-content\/uploads\/2017\/04\/cropped-1jojlxEOMkX9Wyqfhe43D6kjPOGqBBKmx3EwWJqZ0cMrFF54yM49.png\",\"width\":186,\"height\":112,\"caption\":\"Guin\u00e9e Diversit\u00e9\"},\"image\":{\"@id\":\"https:\/\/guineediversite.com\/#\/schema\/logo\/image\/\"},\"sameAs\":[\"https:\/\/www.facebook.com\/guineediversite\/\",\"https:\/\/x.com\/GuineeDiversite\",\"https:\/\/www.youtube.com\/channel\/UC8sUY16qelG5ge6_D5SB83g\"]},{\"@type\":\"Person\",\"@id\":\"https:\/\/guineediversite.com\/#\/schema\/person\/079ec347f72d2acde4b56a50a4fd46dc\",\"name\":\"Moussa Mo\u00efse K\u00e9ita\",\"image\":{\"@type\":\"ImageObject\",\"inLanguage\":\"fr-FR\",\"@id\":\"https:\/\/guineediversite.com\/#\/schema\/person\/image\/\",\"url\":\"https:\/\/secure.gravatar.com\/avatar\/edf1ea2cc01841e6c0b49384bcb1385b?s=96&d=mm&r=g\",\"contentUrl\":\"https:\/\/secure.gravatar.com\/avatar\/edf1ea2cc01841e6c0b49384bcb1385b?s=96&d=mm&r=g\",\"caption\":\"Moussa Mo\u00efse K\u00e9ita\"},\"url\":\"https:\/\/guineediversite.com\/index.php\/author\/moussa-moise\/\"}]}<\/script>\n<!-- \/ Yoast SEO plugin. -->","yoast_head_json":{"title":"Les populations du quartier Dar-Es-Salam 2 refusent cat\u00e9goriquement de d\u00e9guerpir les lieux | Guin\u00e9e Diversit\u00e9","robots":{"index":"index","follow":"follow","max-snippet":"max-snippet:-1","max-image-preview":"max-image-preview:large","max-video-preview":"max-video-preview:-1"},"canonical":"https:\/\/guineediversite.com\/index.php\/2018\/05\/03\/les-populations-du-quartier-dar-es-salam-2-refusent-categoriquement-de-deguerpir-les-lieux\/","og_locale":"fr_FR","og_type":"article","og_title":"Les populations du quartier Dar-Es-Salam 2 refusent cat\u00e9goriquement de d\u00e9guerpir les lieux | Guin\u00e9e Diversit\u00e9","og_description":"\u00ab\u00a0S\u2019ils viennent par la force, comme \u00e7a, il y\u2019aura ici des tueries. Parce que l\u00e0, on ne quittera pas\u00a0\u00bb Voila comment la population de Dar Es Salam 2 attend de pied ferme le ministre de l\u2019urbanisme et de l\u2019habitat, Ibrahima Kourouma qui lui a donn\u00e9e que quelques semaines pour quitter les lieux. Assieds autour du [&hellip;]","og_url":"https:\/\/guineediversite.com\/index.php\/2018\/05\/03\/les-populations-du-quartier-dar-es-salam-2-refusent-categoriquement-de-deguerpir-les-lieux\/","og_site_name":"Guin\u00e9e Diversit\u00e9","article_publisher":"https:\/\/www.facebook.com\/guineediversite\/","article_published_time":"2018-05-03T17:55:53+00:00","og_image":[{"width":7680,"height":5760,"url":"https:\/\/guineediversite.com\/wp-content\/uploads\/2018\/05\/31895299_2025109527750822_7312704381520969728_n.jpg","type":"image\/jpeg"}],"author":"Moussa Mo\u00efse K\u00e9ita","twitter_card":"summary_large_image","twitter_creator":"@GuineeDiversite","twitter_site":"@GuineeDiversite","twitter_misc":{"\u00c9crit par":"Moussa Mo\u00efse K\u00e9ita","Dur\u00e9e de lecture estim\u00e9e":"4 minutes"},"schema":{"@context":"https:\/\/schema.org","@graph":[{"@type":"Article","@id":"https:\/\/guineediversite.com\/index.php\/2018\/05\/03\/les-populations-du-quartier-dar-es-salam-2-refusent-categoriquement-de-deguerpir-les-lieux\/#article","isPartOf":{"@id":"https:\/\/guineediversite.com\/index.php\/2018\/05\/03\/les-populations-du-quartier-dar-es-salam-2-refusent-categoriquement-de-deguerpir-les-lieux\/"},"author":{"name":"Moussa Mo\u00efse K\u00e9ita","@id":"https:\/\/guineediversite.com\/#\/schema\/person\/079ec347f72d2acde4b56a50a4fd46dc"},"headline":"Les populations du quartier Dar-Es-Salam 2 refusent cat\u00e9goriquement de d\u00e9guerpir les lieux","datePublished":"2018-05-03T17:55:53+00:00","dateModified":"2018-05-03T17:55:53+00:00","mainEntityOfPage":{"@id":"https:\/\/guineediversite.com\/index.php\/2018\/05\/03\/les-populations-du-quartier-dar-es-salam-2-refusent-categoriquement-de-deguerpir-les-lieux\/"},"wordCount":896,"publisher":{"@id":"https:\/\/guineediversite.com\/#organization"},"image":{"@id":"https:\/\/guineediversite.com\/index.php\/2018\/05\/03\/les-populations-du-quartier-dar-es-salam-2-refusent-categoriquement-de-deguerpir-les-lieux\/#primaryimage"},"thumbnailUrl":"https:\/\/guineediversite.com\/wp-content\/uploads\/2018\/05\/31895299_2025109527750822_7312704381520969728_n.jpg","articleSection":["Soci\u00e9t\u00e9"],"inLanguage":"fr-FR"},{"@type":"WebPage","@id":"https:\/\/guineediversite.com\/index.php\/2018\/05\/03\/les-populations-du-quartier-dar-es-salam-2-refusent-categoriquement-de-deguerpir-les-lieux\/","url":"https:\/\/guineediversite.com\/index.php\/2018\/05\/03\/les-populations-du-quartier-dar-es-salam-2-refusent-categoriquement-de-deguerpir-les-lieux\/","name":"Les populations du quartier Dar-Es-Salam 2 refusent cat\u00e9goriquement de d\u00e9guerpir les lieux | Guin\u00e9e Diversit\u00e9","isPartOf":{"@id":"https:\/\/guineediversite.com\/#website"},"primaryImageOfPage":{"@id":"https:\/\/guineediversite.com\/index.php\/2018\/05\/03\/les-populations-du-quartier-dar-es-salam-2-refusent-categoriquement-de-deguerpir-les-lieux\/#primaryimage"},"image":{"@id":"https:\/\/guineediversite.com\/index.php\/2018\/05\/03\/les-populations-du-quartier-dar-es-salam-2-refusent-categoriquement-de-deguerpir-les-lieux\/#primaryimage"},"thumbnailUrl":"https:\/\/guineediversite.com\/wp-content\/uploads\/2018\/05\/31895299_2025109527750822_7312704381520969728_n.jpg","datePublished":"2018-05-03T17:55:53+00:00","dateModified":"2018-05-03T17:55:53+00:00","breadcrumb":{"@id":"https:\/\/guineediversite.com\/index.php\/2018\/05\/03\/les-populations-du-quartier-dar-es-salam-2-refusent-categoriquement-de-deguerpir-les-lieux\/#breadcrumb"},"inLanguage":"fr-FR","potentialAction":[{"@type":"ReadAction","target":["https:\/\/guineediversite.com\/index.php\/2018\/05\/03\/les-populations-du-quartier-dar-es-salam-2-refusent-categoriquement-de-deguerpir-les-lieux\/"]}]},{"@type":"ImageObject","inLanguage":"fr-FR","@id":"https:\/\/guineediversite.com\/index.php\/2018\/05\/03\/les-populations-du-quartier-dar-es-salam-2-refusent-categoriquement-de-deguerpir-les-lieux\/#primaryimage","url":"https:\/\/guineediversite.com\/wp-content\/uploads\/2018\/05\/31895299_2025109527750822_7312704381520969728_n.jpg","contentUrl":"https:\/\/guineediversite.com\/wp-content\/uploads\/2018\/05\/31895299_2025109527750822_7312704381520969728_n.jpg","width":"7680","height":"5760"},{"@type":"BreadcrumbList","@id":"https:\/\/guineediversite.com\/index.php\/2018\/05\/03\/les-populations-du-quartier-dar-es-salam-2-refusent-categoriquement-de-deguerpir-les-lieux\/#breadcrumb","itemListElement":[{"@type":"ListItem","position":1,"name":"Accueil","item":"https:\/\/guineediversite.com\/"},{"@type":"ListItem","position":2,"name":"Les populations du quartier Dar-Es-Salam 2 refusent cat\u00e9goriquement de d\u00e9guerpir les lieux"}]},{"@type":"WebSite","@id":"https:\/\/guineediversite.com\/#website","url":"https:\/\/guineediversite.com\/","name":"Guin\u00e9e Diversit\u00e9","description":"L&#039;Info dans toute sa diversit\u00e9","publisher":{"@id":"https:\/\/guineediversite.com\/#organization"},"potentialAction":[{"@type":"SearchAction","target":{"@type":"EntryPoint","urlTemplate":"https:\/\/guineediversite.com\/?s={search_term_string}"},"query-input":{"@type":"PropertyValueSpecification","valueRequired":true,"valueName":"search_term_string"}}],"inLanguage":"fr-FR"},{"@type":"Organization","@id":"https:\/\/guineediversite.com\/#organization","name":"Guin\u00e9e Diversit\u00e9","url":"https:\/\/guineediversite.com\/","logo":{"@type":"ImageObject","inLanguage":"fr-FR","@id":"https:\/\/guineediversite.com\/#\/schema\/logo\/image\/","url":"https:\/\/guineediversite.com\/wp-content\/uploads\/2017\/04\/cropped-1jojlxEOMkX9Wyqfhe43D6kjPOGqBBKmx3EwWJqZ0cMrFF54yM49.png","contentUrl":"https:\/\/guineediversite.com\/wp-content\/uploads\/2017\/04\/cropped-1jojlxEOMkX9Wyqfhe43D6kjPOGqBBKmx3EwWJqZ0cMrFF54yM49.png","width":186,"height":112,"caption":"Guin\u00e9e Diversit\u00e9"},"image":{"@id":"https:\/\/guineediversite.com\/#\/schema\/logo\/image\/"},"sameAs":["https:\/\/www.facebook.com\/guineediversite\/","https:\/\/x.com\/GuineeDiversite","https:\/\/www.youtube.com\/channel\/UC8sUY16qelG5ge6_D5SB83g"]},{"@type":"Person","@id":"https:\/\/guineediversite.com\/#\/schema\/person\/079ec347f72d2acde4b56a50a4fd46dc","name":"Moussa Mo\u00efse K\u00e9ita","image":{"@type":"ImageObject","inLanguage":"fr-FR","@id":"https:\/\/guineediversite.com\/#\/schema\/person\/image\/","url":"https:\/\/secure.gravatar.com\/avatar\/edf1ea2cc01841e6c0b49384bcb1385b?s=96&d=mm&r=g","contentUrl":"https:\/\/secure.gravatar.com\/avatar\/edf1ea2cc01841e6c0b49384bcb1385b?s=96&d=mm&r=g","caption":"Moussa Mo\u00efse K\u00e9ita"},"url":"https:\/\/guineediversite.com\/index.php\/author\/moussa-moise\/"}]}},"_links":{"self":[{"href":"https:\/\/guineediversite.com\/index.php\/wp-json\/wp\/v2\/posts\/25085"}],"collection":[{"href":"https:\/\/guineediversite.com\/index.php\/wp-json\/wp\/v2\/posts"}],"about":[{"href":"https:\/\/guineediversite.com\/index.php\/wp-json\/wp\/v2\/types\/post"}],"author":[{"embeddable":true,"href":"https:\/\/guineediversite.com\/index.php\/wp-json\/wp\/v2\/users\/16"}],"replies":[{"embeddable":true,"href":"https:\/\/guineediversite.com\/index.php\/wp-json\/wp\/v2\/comments?post=25085"}],"version-history":[{"count":0,"href":"https:\/\/guineediversite.com\/index.php\/wp-json\/wp\/v2\/posts\/25085\/revisions"}],"wp:featuredmedia":[{"embeddable":true,"href":"https:\/\/guineediversite.com\/index.php\/wp-json\/wp\/v2\/media\/25086"}],"wp:attachment":[{"href":"https:\/\/guineediversite.com\/index.php\/wp-json\/wp\/v2\/media?parent=25085"}],"wp:term":[{"taxonomy":"category","embeddable":true,"href":"https:\/\/guineediversite.com\/index.php\/wp-json\/wp\/v2\/categories?post=25085"},{"taxonomy":"post_tag","embeddable":true,"href":"https:\/\/guineediversite.com\/index.php\/wp-json\/wp\/v2\/tags?post=25085"}],"curies":[{"name":"wp","href":"https:\/\/api.w.org\/{rel}","templated":true}]}}