{"id":25076,"date":"2018-05-03T18:26:49","date_gmt":"2018-05-03T16:26:49","guid":{"rendered":"https:\/\/guineediversite.com\/?p=25076"},"modified":"2018-05-03T18:26:49","modified_gmt":"2018-05-03T16:26:49","slug":"la-convention-collective-de-la-presse-privee-de-guinee-va-bientot-voir-le-jour","status":"publish","type":"post","link":"https:\/\/guineediversite.com\/index.php\/2018\/05\/03\/la-convention-collective-de-la-presse-privee-de-guinee-va-bientot-voir-le-jour\/","title":{"rendered":"La convention collective de la presse priv\u00e9e de Guin\u00e9e va bient\u00f4t voir le jour"},"content":{"rendered":"<p>Une commission mixte des associations de presse priv\u00e9e et des patrons des medias a \u00e9t\u00e9 mise en place depuis plusieurs mois pour l\u2019\u00e9laboration de cette convention.<\/p>\n<p>Elle\u00a0 sera d\u00e9sormais un pont entre les employeurs et le syndicat de la presse priv\u00e9e de Guin\u00e9e. \u00ab\u00a0C\u2019est une convention collective qui va nous permettre aujourd\u2019hui d\u2019assainir notre milieu, mais aussi \u00a0permettre aux journalistes et aux patrons de presse de profiter de fa\u00e7on ais\u00e9 de leurs m\u00e9tier,\u00a0\u00bb a soulign\u00e9 Aboubacar Camara pr\u00e9sident de la commission du travail pour l\u2019\u00e9laboration d\u2019une convention collective.<\/p>\n<p>Sidi Diallo Secr\u00e9taire G\u00e9n\u00e9ral du syndicat des professionnels de la presse priv\u00e9e de Guin\u00e9e, explique le retard accus\u00e9 dans \u00a0l\u2019adoption de ladite convention.<\/p>\n<p>\u00ab\u00a0 Il ya beaucoup de chose \u00e0 faire au niveau des annexes, parce qu\u2019aujourd\u2019hui nous sommes entrain de cat\u00e9goriser les postes. Parce qu\u2019il ne faut pas que n\u2019importe qui soit r\u00e9dacteur en chef ou directeur de l\u2019information. Il faudra que tout cela soit \u00e9difier \u00e0 travers les cat\u00e9gories et aussi les salaires de base. Donc c\u2019est tout ce qui fait que le travail que nous sommes entrain de faire prend du temps. Mais nous vous rassurons que \u00e7a \u00e9volue lentement mais s\u00fbrement, tr\u00e8s bient\u00f4t la convention collective sera une r\u00e9alit\u00e9 en Guin\u00e9e.\u00a0\u00bb<\/p>\n<p>Selon le pr\u00e9sident de l\u2019URTELGUI, l\u2019existence d\u2019une convention \u00a0collective mettra de l\u2019ordre dans le monde des medias en Guin\u00e9e.<\/p>\n<p>\u00ab\u00a0L\u2019impact sera positive et chez les patrons de presse et chez les journalistes. Des patrons de presse qui restent un mois et voir plus sans pay\u00e9 les employ\u00e9s auront \u00e0 r\u00e9pondre, y compris ce qui ne paye pas le Smig a leurs employ\u00e9s vont r\u00e9pondre. Ce que j\u2019appr\u00e9cie cette affaire, c\u2019est que nous serons comp\u00e9titifs,\u00bb a affirm\u00e9 Sanou Kerfala Ciss\u00e9<\/p>\n<p>Plusieurs points pour un bon traitement des hommes de m\u00e9dias figurent dans cette convention collective. Il s\u2019agit\u00a0 entre autre de la n\u00e9cessit\u00e9 des contrats pour les journalistes, de la grille salariale et l\u2019assurance des journalistes soit \u00e0 la caisse nationale de s\u00e9curit\u00e9 sociale ou dans une banque d\u2019assurance.<\/p>\n","protected":false},"excerpt":{"rendered":"<p>Une commission mixte des associations de presse priv\u00e9e et des patrons des medias a \u00e9t\u00e9 mise en place depuis plusieurs mois pour l\u2019\u00e9laboration de cette convention. Elle\u00a0 sera d\u00e9sormais un pont entre les employeurs et le syndicat de la presse priv\u00e9e de Guin\u00e9e. \u00ab\u00a0C\u2019est une convention collective qui va nous permettre aujourd\u2019hui d\u2019assainir notre milieu, [&hellip;]<\/p>\n","protected":false},"author":10,"featured_media":25077,"comment_status":"closed","ping_status":"closed","sticky":false,"template":"","format":"standard","meta":{"_exactmetrics_skip_tracking":false,"_exactmetrics_sitenote_active":false,"_exactmetrics_sitenote_note":"","_exactmetrics_sitenote_category":0,"tdm_status":"","tdm_grid_status":"","footnotes":""},"categories":[16],"tags":[],"class_list":{"0":"post-25076","1":"post","2":"type-post","3":"status-publish","4":"format-standard","5":"has-post-thumbnail","7":"category-societe"},"yoast_head":"<!-- This site is optimized with the Yoast SEO plugin v24.2 - https:\/\/yoast.com\/wordpress\/plugins\/seo\/ -->\n<title>La convention collective de la presse priv\u00e9e de Guin\u00e9e va bient\u00f4t voir le jour | Guin\u00e9e Diversit\u00e9<\/title>\n<meta name=\"robots\" content=\"index, follow, max-snippet:-1, max-image-preview:large, max-video-preview:-1\" \/>\n<link rel=\"canonical\" href=\"https:\/\/guineediversite.com\/index.php\/2018\/05\/03\/la-convention-collective-de-la-presse-privee-de-guinee-va-bientot-voir-le-jour\/\" \/>\n<meta property=\"og:locale\" content=\"fr_FR\" \/>\n<meta property=\"og:type\" content=\"article\" \/>\n<meta property=\"og:title\" content=\"La convention collective de la presse priv\u00e9e de Guin\u00e9e va bient\u00f4t voir le jour | Guin\u00e9e Diversit\u00e9\" \/>\n<meta property=\"og:description\" content=\"Une commission mixte des associations de presse priv\u00e9e et des patrons des medias a \u00e9t\u00e9 mise en place depuis plusieurs mois pour l\u2019\u00e9laboration de cette convention. Elle\u00a0 sera d\u00e9sormais un pont entre les employeurs et le syndicat de la presse priv\u00e9e de Guin\u00e9e. \u00ab\u00a0C\u2019est une convention collective qui va nous permettre aujourd\u2019hui d\u2019assainir notre milieu, [&hellip;]\" \/>\n<meta property=\"og:url\" content=\"https:\/\/guineediversite.com\/index.php\/2018\/05\/03\/la-convention-collective-de-la-presse-privee-de-guinee-va-bientot-voir-le-jour\/\" \/>\n<meta property=\"og:site_name\" content=\"Guin\u00e9e Diversit\u00e9\" \/>\n<meta property=\"article:publisher\" content=\"https:\/\/www.facebook.com\/guineediversite\/\" \/>\n<meta property=\"article:published_time\" content=\"2018-05-03T16:26:49+00:00\" \/>\n<meta property=\"og:image\" content=\"https:\/\/guineediversite.com\/wp-content\/uploads\/2018\/05\/26230505_10214704710589764_701507602066696943_n-678x381.jpg\" \/>\n\t<meta property=\"og:image:width\" content=\"1024\" \/>\n\t<meta property=\"og:image:height\" content=\"575\" \/>\n\t<meta property=\"og:image:type\" content=\"image\/jpeg\" \/>\n<meta name=\"author\" content=\"Morcire Camara\" \/>\n<meta name=\"twitter:card\" content=\"summary_large_image\" \/>\n<meta name=\"twitter:creator\" content=\"@GuineeDiversite\" \/>\n<meta name=\"twitter:site\" content=\"@GuineeDiversite\" \/>\n<meta name=\"twitter:label1\" content=\"\u00c9crit par\" \/>\n\t<meta name=\"twitter:data1\" content=\"Morcire Camara\" \/>\n\t<meta name=\"twitter:label2\" content=\"Dur\u00e9e de lecture estim\u00e9e\" \/>\n\t<meta name=\"twitter:data2\" content=\"2 minutes\" \/>\n<script type=\"application\/ld+json\" class=\"yoast-schema-graph\">{\"@context\":\"https:\/\/schema.org\",\"@graph\":[{\"@type\":\"Article\",\"@id\":\"https:\/\/guineediversite.com\/index.php\/2018\/05\/03\/la-convention-collective-de-la-presse-privee-de-guinee-va-bientot-voir-le-jour\/#article\",\"isPartOf\":{\"@id\":\"https:\/\/guineediversite.com\/index.php\/2018\/05\/03\/la-convention-collective-de-la-presse-privee-de-guinee-va-bientot-voir-le-jour\/\"},\"author\":{\"name\":\"Morcire Camara\",\"@id\":\"https:\/\/guineediversite.com\/#\/schema\/person\/fa362494c47202ce4b3adf55abcc9d01\"},\"headline\":\"La convention collective de la presse priv\u00e9e de Guin\u00e9e va bient\u00f4t voir le jour\",\"datePublished\":\"2018-05-03T16:26:49+00:00\",\"dateModified\":\"2018-05-03T16:26:49+00:00\",\"mainEntityOfPage\":{\"@id\":\"https:\/\/guineediversite.com\/index.php\/2018\/05\/03\/la-convention-collective-de-la-presse-privee-de-guinee-va-bientot-voir-le-jour\/\"},\"wordCount\":396,\"publisher\":{\"@id\":\"https:\/\/guineediversite.com\/#organization\"},\"image\":{\"@id\":\"https:\/\/guineediversite.com\/index.php\/2018\/05\/03\/la-convention-collective-de-la-presse-privee-de-guinee-va-bientot-voir-le-jour\/#primaryimage\"},\"thumbnailUrl\":\"https:\/\/guineediversite.com\/wp-content\/uploads\/2018\/05\/26230505_10214704710589764_701507602066696943_n-678x381.jpg\",\"articleSection\":[\"Soci\u00e9t\u00e9\"],\"inLanguage\":\"fr-FR\"},{\"@type\":\"WebPage\",\"@id\":\"https:\/\/guineediversite.com\/index.php\/2018\/05\/03\/la-convention-collective-de-la-presse-privee-de-guinee-va-bientot-voir-le-jour\/\",\"url\":\"https:\/\/guineediversite.com\/index.php\/2018\/05\/03\/la-convention-collective-de-la-presse-privee-de-guinee-va-bientot-voir-le-jour\/\",\"name\":\"La convention collective de la presse priv\u00e9e de Guin\u00e9e va bient\u00f4t voir le jour | Guin\u00e9e Diversit\u00e9\",\"isPartOf\":{\"@id\":\"https:\/\/guineediversite.com\/#website\"},\"primaryImageOfPage\":{\"@id\":\"https:\/\/guineediversite.com\/index.php\/2018\/05\/03\/la-convention-collective-de-la-presse-privee-de-guinee-va-bientot-voir-le-jour\/#primaryimage\"},\"image\":{\"@id\":\"https:\/\/guineediversite.com\/index.php\/2018\/05\/03\/la-convention-collective-de-la-presse-privee-de-guinee-va-bientot-voir-le-jour\/#primaryimage\"},\"thumbnailUrl\":\"https:\/\/guineediversite.com\/wp-content\/uploads\/2018\/05\/26230505_10214704710589764_701507602066696943_n-678x381.jpg\",\"datePublished\":\"2018-05-03T16:26:49+00:00\",\"dateModified\":\"2018-05-03T16:26:49+00:00\",\"breadcrumb\":{\"@id\":\"https:\/\/guineediversite.com\/index.php\/2018\/05\/03\/la-convention-collective-de-la-presse-privee-de-guinee-va-bientot-voir-le-jour\/#breadcrumb\"},\"inLanguage\":\"fr-FR\",\"potentialAction\":[{\"@type\":\"ReadAction\",\"target\":[\"https:\/\/guineediversite.com\/index.php\/2018\/05\/03\/la-convention-collective-de-la-presse-privee-de-guinee-va-bientot-voir-le-jour\/\"]}]},{\"@type\":\"ImageObject\",\"inLanguage\":\"fr-FR\",\"@id\":\"https:\/\/guineediversite.com\/index.php\/2018\/05\/03\/la-convention-collective-de-la-presse-privee-de-guinee-va-bientot-voir-le-jour\/#primaryimage\",\"url\":\"https:\/\/guineediversite.com\/wp-content\/uploads\/2018\/05\/26230505_10214704710589764_701507602066696943_n-678x381.jpg\",\"contentUrl\":\"https:\/\/guineediversite.com\/wp-content\/uploads\/2018\/05\/26230505_10214704710589764_701507602066696943_n-678x381.jpg\",\"width\":\"1024\",\"height\":\"575\"},{\"@type\":\"BreadcrumbList\",\"@id\":\"https:\/\/guineediversite.com\/index.php\/2018\/05\/03\/la-convention-collective-de-la-presse-privee-de-guinee-va-bientot-voir-le-jour\/#breadcrumb\",\"itemListElement\":[{\"@type\":\"ListItem\",\"position\":1,\"name\":\"Accueil\",\"item\":\"https:\/\/guineediversite.com\/\"},{\"@type\":\"ListItem\",\"position\":2,\"name\":\"La convention collective de la presse priv\u00e9e de Guin\u00e9e va bient\u00f4t voir le jour\"}]},{\"@type\":\"WebSite\",\"@id\":\"https:\/\/guineediversite.com\/#website\",\"url\":\"https:\/\/guineediversite.com\/\",\"name\":\"Guin\u00e9e Diversit\u00e9\",\"description\":\"L&#039;Info dans toute sa diversit\u00e9\",\"publisher\":{\"@id\":\"https:\/\/guineediversite.com\/#organization\"},\"potentialAction\":[{\"@type\":\"SearchAction\",\"target\":{\"@type\":\"EntryPoint\",\"urlTemplate\":\"https:\/\/guineediversite.com\/?s={search_term_string}\"},\"query-input\":{\"@type\":\"PropertyValueSpecification\",\"valueRequired\":true,\"valueName\":\"search_term_string\"}}],\"inLanguage\":\"fr-FR\"},{\"@type\":\"Organization\",\"@id\":\"https:\/\/guineediversite.com\/#organization\",\"name\":\"Guin\u00e9e Diversit\u00e9\",\"url\":\"https:\/\/guineediversite.com\/\",\"logo\":{\"@type\":\"ImageObject\",\"inLanguage\":\"fr-FR\",\"@id\":\"https:\/\/guineediversite.com\/#\/schema\/logo\/image\/\",\"url\":\"https:\/\/guineediversite.com\/wp-content\/uploads\/2017\/04\/cropped-1jojlxEOMkX9Wyqfhe43D6kjPOGqBBKmx3EwWJqZ0cMrFF54yM49.png\",\"contentUrl\":\"https:\/\/guineediversite.com\/wp-content\/uploads\/2017\/04\/cropped-1jojlxEOMkX9Wyqfhe43D6kjPOGqBBKmx3EwWJqZ0cMrFF54yM49.png\",\"width\":186,\"height\":112,\"caption\":\"Guin\u00e9e Diversit\u00e9\"},\"image\":{\"@id\":\"https:\/\/guineediversite.com\/#\/schema\/logo\/image\/\"},\"sameAs\":[\"https:\/\/www.facebook.com\/guineediversite\/\",\"https:\/\/x.com\/GuineeDiversite\",\"https:\/\/www.youtube.com\/channel\/UC8sUY16qelG5ge6_D5SB83g\"]},{\"@type\":\"Person\",\"@id\":\"https:\/\/guineediversite.com\/#\/schema\/person\/fa362494c47202ce4b3adf55abcc9d01\",\"name\":\"Morcire Camara\",\"image\":{\"@type\":\"ImageObject\",\"inLanguage\":\"fr-FR\",\"@id\":\"https:\/\/guineediversite.com\/#\/schema\/person\/image\/\",\"url\":\"https:\/\/secure.gravatar.com\/avatar\/3ec324f02295bbcebe03d99b39330ab4?s=96&d=mm&r=g\",\"contentUrl\":\"https:\/\/secure.gravatar.com\/avatar\/3ec324f02295bbcebe03d99b39330ab4?s=96&d=mm&r=g\",\"caption\":\"Morcire Camara\"},\"url\":\"https:\/\/guineediversite.com\/index.php\/author\/morcire\/\"}]}<\/script>\n<!-- \/ Yoast SEO plugin. -->","yoast_head_json":{"title":"La convention collective de la presse priv\u00e9e de Guin\u00e9e va bient\u00f4t voir le jour | Guin\u00e9e Diversit\u00e9","robots":{"index":"index","follow":"follow","max-snippet":"max-snippet:-1","max-image-preview":"max-image-preview:large","max-video-preview":"max-video-preview:-1"},"canonical":"https:\/\/guineediversite.com\/index.php\/2018\/05\/03\/la-convention-collective-de-la-presse-privee-de-guinee-va-bientot-voir-le-jour\/","og_locale":"fr_FR","og_type":"article","og_title":"La convention collective de la presse priv\u00e9e de Guin\u00e9e va bient\u00f4t voir le jour | Guin\u00e9e Diversit\u00e9","og_description":"Une commission mixte des associations de presse priv\u00e9e et des patrons des medias a \u00e9t\u00e9 mise en place depuis plusieurs mois pour l\u2019\u00e9laboration de cette convention. Elle\u00a0 sera d\u00e9sormais un pont entre les employeurs et le syndicat de la presse priv\u00e9e de Guin\u00e9e. \u00ab\u00a0C\u2019est une convention collective qui va nous permettre aujourd\u2019hui d\u2019assainir notre milieu, [&hellip;]","og_url":"https:\/\/guineediversite.com\/index.php\/2018\/05\/03\/la-convention-collective-de-la-presse-privee-de-guinee-va-bientot-voir-le-jour\/","og_site_name":"Guin\u00e9e Diversit\u00e9","article_publisher":"https:\/\/www.facebook.com\/guineediversite\/","article_published_time":"2018-05-03T16:26:49+00:00","og_image":[{"width":1024,"height":575,"url":"https:\/\/guineediversite.com\/wp-content\/uploads\/2018\/05\/26230505_10214704710589764_701507602066696943_n-678x381.jpg","type":"image\/jpeg"}],"author":"Morcire Camara","twitter_card":"summary_large_image","twitter_creator":"@GuineeDiversite","twitter_site":"@GuineeDiversite","twitter_misc":{"\u00c9crit par":"Morcire Camara","Dur\u00e9e de lecture estim\u00e9e":"2 minutes"},"schema":{"@context":"https:\/\/schema.org","@graph":[{"@type":"Article","@id":"https:\/\/guineediversite.com\/index.php\/2018\/05\/03\/la-convention-collective-de-la-presse-privee-de-guinee-va-bientot-voir-le-jour\/#article","isPartOf":{"@id":"https:\/\/guineediversite.com\/index.php\/2018\/05\/03\/la-convention-collective-de-la-presse-privee-de-guinee-va-bientot-voir-le-jour\/"},"author":{"name":"Morcire Camara","@id":"https:\/\/guineediversite.com\/#\/schema\/person\/fa362494c47202ce4b3adf55abcc9d01"},"headline":"La convention collective de la presse priv\u00e9e de Guin\u00e9e va bient\u00f4t voir le jour","datePublished":"2018-05-03T16:26:49+00:00","dateModified":"2018-05-03T16:26:49+00:00","mainEntityOfPage":{"@id":"https:\/\/guineediversite.com\/index.php\/2018\/05\/03\/la-convention-collective-de-la-presse-privee-de-guinee-va-bientot-voir-le-jour\/"},"wordCount":396,"publisher":{"@id":"https:\/\/guineediversite.com\/#organization"},"image":{"@id":"https:\/\/guineediversite.com\/index.php\/2018\/05\/03\/la-convention-collective-de-la-presse-privee-de-guinee-va-bientot-voir-le-jour\/#primaryimage"},"thumbnailUrl":"https:\/\/guineediversite.com\/wp-content\/uploads\/2018\/05\/26230505_10214704710589764_701507602066696943_n-678x381.jpg","articleSection":["Soci\u00e9t\u00e9"],"inLanguage":"fr-FR"},{"@type":"WebPage","@id":"https:\/\/guineediversite.com\/index.php\/2018\/05\/03\/la-convention-collective-de-la-presse-privee-de-guinee-va-bientot-voir-le-jour\/","url":"https:\/\/guineediversite.com\/index.php\/2018\/05\/03\/la-convention-collective-de-la-presse-privee-de-guinee-va-bientot-voir-le-jour\/","name":"La convention collective de la presse priv\u00e9e de Guin\u00e9e va bient\u00f4t voir le jour | Guin\u00e9e Diversit\u00e9","isPartOf":{"@id":"https:\/\/guineediversite.com\/#website"},"primaryImageOfPage":{"@id":"https:\/\/guineediversite.com\/index.php\/2018\/05\/03\/la-convention-collective-de-la-presse-privee-de-guinee-va-bientot-voir-le-jour\/#primaryimage"},"image":{"@id":"https:\/\/guineediversite.com\/index.php\/2018\/05\/03\/la-convention-collective-de-la-presse-privee-de-guinee-va-bientot-voir-le-jour\/#primaryimage"},"thumbnailUrl":"https:\/\/guineediversite.com\/wp-content\/uploads\/2018\/05\/26230505_10214704710589764_701507602066696943_n-678x381.jpg","datePublished":"2018-05-03T16:26:49+00:00","dateModified":"2018-05-03T16:26:49+00:00","breadcrumb":{"@id":"https:\/\/guineediversite.com\/index.php\/2018\/05\/03\/la-convention-collective-de-la-presse-privee-de-guinee-va-bientot-voir-le-jour\/#breadcrumb"},"inLanguage":"fr-FR","potentialAction":[{"@type":"ReadAction","target":["https:\/\/guineediversite.com\/index.php\/2018\/05\/03\/la-convention-collective-de-la-presse-privee-de-guinee-va-bientot-voir-le-jour\/"]}]},{"@type":"ImageObject","inLanguage":"fr-FR","@id":"https:\/\/guineediversite.com\/index.php\/2018\/05\/03\/la-convention-collective-de-la-presse-privee-de-guinee-va-bientot-voir-le-jour\/#primaryimage","url":"https:\/\/guineediversite.com\/wp-content\/uploads\/2018\/05\/26230505_10214704710589764_701507602066696943_n-678x381.jpg","contentUrl":"https:\/\/guineediversite.com\/wp-content\/uploads\/2018\/05\/26230505_10214704710589764_701507602066696943_n-678x381.jpg","width":"1024","height":"575"},{"@type":"BreadcrumbList","@id":"https:\/\/guineediversite.com\/index.php\/2018\/05\/03\/la-convention-collective-de-la-presse-privee-de-guinee-va-bientot-voir-le-jour\/#breadcrumb","itemListElement":[{"@type":"ListItem","position":1,"name":"Accueil","item":"https:\/\/guineediversite.com\/"},{"@type":"ListItem","position":2,"name":"La convention collective de la presse priv\u00e9e de Guin\u00e9e va bient\u00f4t voir le jour"}]},{"@type":"WebSite","@id":"https:\/\/guineediversite.com\/#website","url":"https:\/\/guineediversite.com\/","name":"Guin\u00e9e Diversit\u00e9","description":"L&#039;Info dans toute sa diversit\u00e9","publisher":{"@id":"https:\/\/guineediversite.com\/#organization"},"potentialAction":[{"@type":"SearchAction","target":{"@type":"EntryPoint","urlTemplate":"https:\/\/guineediversite.com\/?s={search_term_string}"},"query-input":{"@type":"PropertyValueSpecification","valueRequired":true,"valueName":"search_term_string"}}],"inLanguage":"fr-FR"},{"@type":"Organization","@id":"https:\/\/guineediversite.com\/#organization","name":"Guin\u00e9e Diversit\u00e9","url":"https:\/\/guineediversite.com\/","logo":{"@type":"ImageObject","inLanguage":"fr-FR","@id":"https:\/\/guineediversite.com\/#\/schema\/logo\/image\/","url":"https:\/\/guineediversite.com\/wp-content\/uploads\/2017\/04\/cropped-1jojlxEOMkX9Wyqfhe43D6kjPOGqBBKmx3EwWJqZ0cMrFF54yM49.png","contentUrl":"https:\/\/guineediversite.com\/wp-content\/uploads\/2017\/04\/cropped-1jojlxEOMkX9Wyqfhe43D6kjPOGqBBKmx3EwWJqZ0cMrFF54yM49.png","width":186,"height":112,"caption":"Guin\u00e9e Diversit\u00e9"},"image":{"@id":"https:\/\/guineediversite.com\/#\/schema\/logo\/image\/"},"sameAs":["https:\/\/www.facebook.com\/guineediversite\/","https:\/\/x.com\/GuineeDiversite","https:\/\/www.youtube.com\/channel\/UC8sUY16qelG5ge6_D5SB83g"]},{"@type":"Person","@id":"https:\/\/guineediversite.com\/#\/schema\/person\/fa362494c47202ce4b3adf55abcc9d01","name":"Morcire Camara","image":{"@type":"ImageObject","inLanguage":"fr-FR","@id":"https:\/\/guineediversite.com\/#\/schema\/person\/image\/","url":"https:\/\/secure.gravatar.com\/avatar\/3ec324f02295bbcebe03d99b39330ab4?s=96&d=mm&r=g","contentUrl":"https:\/\/secure.gravatar.com\/avatar\/3ec324f02295bbcebe03d99b39330ab4?s=96&d=mm&r=g","caption":"Morcire Camara"},"url":"https:\/\/guineediversite.com\/index.php\/author\/morcire\/"}]}},"_links":{"self":[{"href":"https:\/\/guineediversite.com\/index.php\/wp-json\/wp\/v2\/posts\/25076"}],"collection":[{"href":"https:\/\/guineediversite.com\/index.php\/wp-json\/wp\/v2\/posts"}],"about":[{"href":"https:\/\/guineediversite.com\/index.php\/wp-json\/wp\/v2\/types\/post"}],"author":[{"embeddable":true,"href":"https:\/\/guineediversite.com\/index.php\/wp-json\/wp\/v2\/users\/10"}],"replies":[{"embeddable":true,"href":"https:\/\/guineediversite.com\/index.php\/wp-json\/wp\/v2\/comments?post=25076"}],"version-history":[{"count":0,"href":"https:\/\/guineediversite.com\/index.php\/wp-json\/wp\/v2\/posts\/25076\/revisions"}],"wp:featuredmedia":[{"embeddable":true,"href":"https:\/\/guineediversite.com\/index.php\/wp-json\/wp\/v2\/media\/25077"}],"wp:attachment":[{"href":"https:\/\/guineediversite.com\/index.php\/wp-json\/wp\/v2\/media?parent=25076"}],"wp:term":[{"taxonomy":"category","embeddable":true,"href":"https:\/\/guineediversite.com\/index.php\/wp-json\/wp\/v2\/categories?post=25076"},{"taxonomy":"post_tag","embeddable":true,"href":"https:\/\/guineediversite.com\/index.php\/wp-json\/wp\/v2\/tags?post=25076"}],"curies":[{"name":"wp","href":"https:\/\/api.w.org\/{rel}","templated":true}]}}