{"id":25072,"date":"2018-05-03T18:21:47","date_gmt":"2018-05-03T16:21:47","guid":{"rendered":"https:\/\/guineediversite.com\/?p=25072"},"modified":"2018-05-03T18:21:47","modified_gmt":"2018-05-03T16:21:47","slug":"les-patrons-de-presse-perdent-leur-langue-devant-le-president-conde","status":"publish","type":"post","link":"https:\/\/guineediversite.com\/index.php\/2018\/05\/03\/les-patrons-de-presse-perdent-leur-langue-devant-le-president-conde\/","title":{"rendered":"Les patrons de presse perdent leur langue devant le pr\u00e9sident Cond\u00e9"},"content":{"rendered":"<p>Ce jeudi, 3 mai, le pr\u00e9sident Alpha Cond\u00e9 a rencontr\u00e9 \u00a0des journalistes et les patrons des associations de presse du pays. C\u2019\u00e9tait \u00e0 l\u2019occasion de la c\u00e9l\u00e9bration<\/p>\n<p>Le classement de la Guin\u00e9e \u00e0 la 114eme place\u00a0 par l\u2019ONG reporter sans fronti\u00e8re intrique le pr\u00e9sident guin\u00e9en. C\u2019est pourquoi, il a profit\u00e9 de ce cadre pour exprimer son d\u00e9sarroi\u00a0.Sur ce, il pointe du doigt les journalistes guin\u00e9ens qui selon lui ne m\u00e9nage aucun effort pour se hisser au sommet. Mais aussi et surtout faire en sorte que les efforts consentis par les autorit\u00e9s pour l\u2019\u00e9mergence du monde des m\u00e9dias en Guin\u00e9e soient reconnus.<br \/>\nA cet effet, le locataire d\u00e9cide de ne pas r\u00e9pondre aux pr\u00e9occupations des journalistes tant que les patrons de presse ne lui fournissent pas des explications sur ce classement dans lequel la Guin\u00e9e a recul\u00e9 de trois places.<br \/>\nEt tr\u00e8s malheureusement, de Hassane Kaba (Directeur de la Maison de la Presse) en passant par Tham Camara (AGUIPEL) jusqu\u2019\u00e0 Sanou Kerfalla Ciss\u00e9 de l\u2019URTELGUI, personne n\u2019a eu le courage \u00a0de r\u00e9pondre \u00e0 la pr\u00e9occupation du chef de l\u2019Etat.<br \/>\n&nbsp;<\/p>\n","protected":false},"excerpt":{"rendered":"<p>Ce jeudi, 3 mai, le pr\u00e9sident Alpha Cond\u00e9 a rencontr\u00e9 \u00a0des journalistes et les patrons des associations de presse du pays. C\u2019\u00e9tait \u00e0 l\u2019occasion de la c\u00e9l\u00e9bration Le classement de la Guin\u00e9e \u00e0 la 114eme place\u00a0 par l\u2019ONG reporter sans fronti\u00e8re intrique le pr\u00e9sident guin\u00e9en. C\u2019est pourquoi, il a profit\u00e9 de ce cadre pour exprimer [&hellip;]<\/p>\n","protected":false},"author":17,"featured_media":25073,"comment_status":"closed","ping_status":"closed","sticky":false,"template":"","format":"standard","meta":{"_exactmetrics_skip_tracking":false,"_exactmetrics_sitenote_active":false,"_exactmetrics_sitenote_note":"","_exactmetrics_sitenote_category":0,"tdm_status":"","tdm_grid_status":"","footnotes":""},"categories":[16],"tags":[],"class_list":{"0":"post-25072","1":"post","2":"type-post","3":"status-publish","4":"format-standard","5":"has-post-thumbnail","7":"category-societe"},"yoast_head":"<!-- This site is optimized with the Yoast SEO plugin v24.2 - https:\/\/yoast.com\/wordpress\/plugins\/seo\/ -->\n<title>Les patrons de presse perdent leur langue devant le pr\u00e9sident Cond\u00e9 | Guin\u00e9e Diversit\u00e9<\/title>\n<meta name=\"robots\" content=\"index, follow, max-snippet:-1, max-image-preview:large, max-video-preview:-1\" \/>\n<link rel=\"canonical\" href=\"https:\/\/guineediversite.com\/index.php\/2018\/05\/03\/les-patrons-de-presse-perdent-leur-langue-devant-le-president-conde\/\" \/>\n<meta property=\"og:locale\" content=\"fr_FR\" \/>\n<meta property=\"og:type\" content=\"article\" \/>\n<meta property=\"og:title\" content=\"Les patrons de presse perdent leur langue devant le pr\u00e9sident Cond\u00e9 | Guin\u00e9e Diversit\u00e9\" \/>\n<meta property=\"og:description\" content=\"Ce jeudi, 3 mai, le pr\u00e9sident Alpha Cond\u00e9 a rencontr\u00e9 \u00a0des journalistes et les patrons des associations de presse du pays. C\u2019\u00e9tait \u00e0 l\u2019occasion de la c\u00e9l\u00e9bration Le classement de la Guin\u00e9e \u00e0 la 114eme place\u00a0 par l\u2019ONG reporter sans fronti\u00e8re intrique le pr\u00e9sident guin\u00e9en. C\u2019est pourquoi, il a profit\u00e9 de ce cadre pour exprimer [&hellip;]\" \/>\n<meta property=\"og:url\" content=\"https:\/\/guineediversite.com\/index.php\/2018\/05\/03\/les-patrons-de-presse-perdent-leur-langue-devant-le-president-conde\/\" \/>\n<meta property=\"og:site_name\" content=\"Guin\u00e9e Diversit\u00e9\" \/>\n<meta property=\"article:publisher\" content=\"https:\/\/www.facebook.com\/guineediversite\/\" \/>\n<meta property=\"article:published_time\" content=\"2018-05-03T16:21:47+00:00\" \/>\n<meta property=\"og:image\" content=\"https:\/\/guineediversite.com\/wp-content\/uploads\/2018\/05\/31793474_10215919453530099_1829896551904837632_n.jpg\" \/>\n\t<meta property=\"og:image:width\" content=\"1024\" \/>\n\t<meta property=\"og:image:height\" content=\"768\" \/>\n\t<meta property=\"og:image:type\" content=\"image\/jpeg\" \/>\n<meta name=\"author\" content=\"Diaraye Guirassy\" \/>\n<meta name=\"twitter:card\" content=\"summary_large_image\" \/>\n<meta name=\"twitter:creator\" content=\"@GuineeDiversite\" \/>\n<meta name=\"twitter:site\" content=\"@GuineeDiversite\" \/>\n<meta name=\"twitter:label1\" content=\"\u00c9crit par\" \/>\n\t<meta name=\"twitter:data1\" content=\"Diaraye Guirassy\" \/>\n\t<meta name=\"twitter:label2\" content=\"Dur\u00e9e de lecture estim\u00e9e\" \/>\n\t<meta name=\"twitter:data2\" content=\"1 minute\" \/>\n<script type=\"application\/ld+json\" class=\"yoast-schema-graph\">{\"@context\":\"https:\/\/schema.org\",\"@graph\":[{\"@type\":\"Article\",\"@id\":\"https:\/\/guineediversite.com\/index.php\/2018\/05\/03\/les-patrons-de-presse-perdent-leur-langue-devant-le-president-conde\/#article\",\"isPartOf\":{\"@id\":\"https:\/\/guineediversite.com\/index.php\/2018\/05\/03\/les-patrons-de-presse-perdent-leur-langue-devant-le-president-conde\/\"},\"author\":{\"name\":\"Diaraye Guirassy\",\"@id\":\"https:\/\/guineediversite.com\/#\/schema\/person\/f69ebb1835c8052ac00dfe4d0ae488a8\"},\"headline\":\"Les patrons de presse perdent leur langue devant le pr\u00e9sident Cond\u00e9\",\"datePublished\":\"2018-05-03T16:21:47+00:00\",\"dateModified\":\"2018-05-03T16:21:47+00:00\",\"mainEntityOfPage\":{\"@id\":\"https:\/\/guineediversite.com\/index.php\/2018\/05\/03\/les-patrons-de-presse-perdent-leur-langue-devant-le-president-conde\/\"},\"wordCount\":216,\"publisher\":{\"@id\":\"https:\/\/guineediversite.com\/#organization\"},\"image\":{\"@id\":\"https:\/\/guineediversite.com\/index.php\/2018\/05\/03\/les-patrons-de-presse-perdent-leur-langue-devant-le-president-conde\/#primaryimage\"},\"thumbnailUrl\":\"https:\/\/guineediversite.com\/wp-content\/uploads\/2018\/05\/31793474_10215919453530099_1829896551904837632_n.jpg\",\"articleSection\":[\"Soci\u00e9t\u00e9\"],\"inLanguage\":\"fr-FR\"},{\"@type\":\"WebPage\",\"@id\":\"https:\/\/guineediversite.com\/index.php\/2018\/05\/03\/les-patrons-de-presse-perdent-leur-langue-devant-le-president-conde\/\",\"url\":\"https:\/\/guineediversite.com\/index.php\/2018\/05\/03\/les-patrons-de-presse-perdent-leur-langue-devant-le-president-conde\/\",\"name\":\"Les patrons de presse perdent leur langue devant le pr\u00e9sident Cond\u00e9 | Guin\u00e9e Diversit\u00e9\",\"isPartOf\":{\"@id\":\"https:\/\/guineediversite.com\/#website\"},\"primaryImageOfPage\":{\"@id\":\"https:\/\/guineediversite.com\/index.php\/2018\/05\/03\/les-patrons-de-presse-perdent-leur-langue-devant-le-president-conde\/#primaryimage\"},\"image\":{\"@id\":\"https:\/\/guineediversite.com\/index.php\/2018\/05\/03\/les-patrons-de-presse-perdent-leur-langue-devant-le-president-conde\/#primaryimage\"},\"thumbnailUrl\":\"https:\/\/guineediversite.com\/wp-content\/uploads\/2018\/05\/31793474_10215919453530099_1829896551904837632_n.jpg\",\"datePublished\":\"2018-05-03T16:21:47+00:00\",\"dateModified\":\"2018-05-03T16:21:47+00:00\",\"breadcrumb\":{\"@id\":\"https:\/\/guineediversite.com\/index.php\/2018\/05\/03\/les-patrons-de-presse-perdent-leur-langue-devant-le-president-conde\/#breadcrumb\"},\"inLanguage\":\"fr-FR\",\"potentialAction\":[{\"@type\":\"ReadAction\",\"target\":[\"https:\/\/guineediversite.com\/index.php\/2018\/05\/03\/les-patrons-de-presse-perdent-leur-langue-devant-le-president-conde\/\"]}]},{\"@type\":\"ImageObject\",\"inLanguage\":\"fr-FR\",\"@id\":\"https:\/\/guineediversite.com\/index.php\/2018\/05\/03\/les-patrons-de-presse-perdent-leur-langue-devant-le-president-conde\/#primaryimage\",\"url\":\"https:\/\/guineediversite.com\/wp-content\/uploads\/2018\/05\/31793474_10215919453530099_1829896551904837632_n.jpg\",\"contentUrl\":\"https:\/\/guineediversite.com\/wp-content\/uploads\/2018\/05\/31793474_10215919453530099_1829896551904837632_n.jpg\",\"width\":\"1024\",\"height\":\"768\"},{\"@type\":\"BreadcrumbList\",\"@id\":\"https:\/\/guineediversite.com\/index.php\/2018\/05\/03\/les-patrons-de-presse-perdent-leur-langue-devant-le-president-conde\/#breadcrumb\",\"itemListElement\":[{\"@type\":\"ListItem\",\"position\":1,\"name\":\"Accueil\",\"item\":\"https:\/\/guineediversite.com\/\"},{\"@type\":\"ListItem\",\"position\":2,\"name\":\"Les patrons de presse perdent leur langue devant le pr\u00e9sident Cond\u00e9\"}]},{\"@type\":\"WebSite\",\"@id\":\"https:\/\/guineediversite.com\/#website\",\"url\":\"https:\/\/guineediversite.com\/\",\"name\":\"Guin\u00e9e Diversit\u00e9\",\"description\":\"L&#039;Info dans toute sa diversit\u00e9\",\"publisher\":{\"@id\":\"https:\/\/guineediversite.com\/#organization\"},\"potentialAction\":[{\"@type\":\"SearchAction\",\"target\":{\"@type\":\"EntryPoint\",\"urlTemplate\":\"https:\/\/guineediversite.com\/?s={search_term_string}\"},\"query-input\":{\"@type\":\"PropertyValueSpecification\",\"valueRequired\":true,\"valueName\":\"search_term_string\"}}],\"inLanguage\":\"fr-FR\"},{\"@type\":\"Organization\",\"@id\":\"https:\/\/guineediversite.com\/#organization\",\"name\":\"Guin\u00e9e Diversit\u00e9\",\"url\":\"https:\/\/guineediversite.com\/\",\"logo\":{\"@type\":\"ImageObject\",\"inLanguage\":\"fr-FR\",\"@id\":\"https:\/\/guineediversite.com\/#\/schema\/logo\/image\/\",\"url\":\"https:\/\/guineediversite.com\/wp-content\/uploads\/2017\/04\/cropped-1jojlxEOMkX9Wyqfhe43D6kjPOGqBBKmx3EwWJqZ0cMrFF54yM49.png\",\"contentUrl\":\"https:\/\/guineediversite.com\/wp-content\/uploads\/2017\/04\/cropped-1jojlxEOMkX9Wyqfhe43D6kjPOGqBBKmx3EwWJqZ0cMrFF54yM49.png\",\"width\":186,\"height\":112,\"caption\":\"Guin\u00e9e Diversit\u00e9\"},\"image\":{\"@id\":\"https:\/\/guineediversite.com\/#\/schema\/logo\/image\/\"},\"sameAs\":[\"https:\/\/www.facebook.com\/guineediversite\/\",\"https:\/\/x.com\/GuineeDiversite\",\"https:\/\/www.youtube.com\/channel\/UC8sUY16qelG5ge6_D5SB83g\"]},{\"@type\":\"Person\",\"@id\":\"https:\/\/guineediversite.com\/#\/schema\/person\/f69ebb1835c8052ac00dfe4d0ae488a8\",\"name\":\"Diaraye Guirassy\",\"image\":{\"@type\":\"ImageObject\",\"inLanguage\":\"fr-FR\",\"@id\":\"https:\/\/guineediversite.com\/#\/schema\/person\/image\/\",\"url\":\"https:\/\/secure.gravatar.com\/avatar\/d72966230e92113cba29ea060394d485?s=96&d=mm&r=g\",\"contentUrl\":\"https:\/\/secure.gravatar.com\/avatar\/d72966230e92113cba29ea060394d485?s=96&d=mm&r=g\",\"caption\":\"Diaraye Guirassy\"},\"url\":\"https:\/\/guineediversite.com\/index.php\/author\/diaraye\/\"}]}<\/script>\n<!-- \/ Yoast SEO plugin. -->","yoast_head_json":{"title":"Les patrons de presse perdent leur langue devant le pr\u00e9sident Cond\u00e9 | Guin\u00e9e Diversit\u00e9","robots":{"index":"index","follow":"follow","max-snippet":"max-snippet:-1","max-image-preview":"max-image-preview:large","max-video-preview":"max-video-preview:-1"},"canonical":"https:\/\/guineediversite.com\/index.php\/2018\/05\/03\/les-patrons-de-presse-perdent-leur-langue-devant-le-president-conde\/","og_locale":"fr_FR","og_type":"article","og_title":"Les patrons de presse perdent leur langue devant le pr\u00e9sident Cond\u00e9 | Guin\u00e9e Diversit\u00e9","og_description":"Ce jeudi, 3 mai, le pr\u00e9sident Alpha Cond\u00e9 a rencontr\u00e9 \u00a0des journalistes et les patrons des associations de presse du pays. C\u2019\u00e9tait \u00e0 l\u2019occasion de la c\u00e9l\u00e9bration Le classement de la Guin\u00e9e \u00e0 la 114eme place\u00a0 par l\u2019ONG reporter sans fronti\u00e8re intrique le pr\u00e9sident guin\u00e9en. C\u2019est pourquoi, il a profit\u00e9 de ce cadre pour exprimer [&hellip;]","og_url":"https:\/\/guineediversite.com\/index.php\/2018\/05\/03\/les-patrons-de-presse-perdent-leur-langue-devant-le-president-conde\/","og_site_name":"Guin\u00e9e Diversit\u00e9","article_publisher":"https:\/\/www.facebook.com\/guineediversite\/","article_published_time":"2018-05-03T16:21:47+00:00","og_image":[{"width":1024,"height":768,"url":"https:\/\/guineediversite.com\/wp-content\/uploads\/2018\/05\/31793474_10215919453530099_1829896551904837632_n.jpg","type":"image\/jpeg"}],"author":"Diaraye Guirassy","twitter_card":"summary_large_image","twitter_creator":"@GuineeDiversite","twitter_site":"@GuineeDiversite","twitter_misc":{"\u00c9crit par":"Diaraye Guirassy","Dur\u00e9e de lecture estim\u00e9e":"1 minute"},"schema":{"@context":"https:\/\/schema.org","@graph":[{"@type":"Article","@id":"https:\/\/guineediversite.com\/index.php\/2018\/05\/03\/les-patrons-de-presse-perdent-leur-langue-devant-le-president-conde\/#article","isPartOf":{"@id":"https:\/\/guineediversite.com\/index.php\/2018\/05\/03\/les-patrons-de-presse-perdent-leur-langue-devant-le-president-conde\/"},"author":{"name":"Diaraye Guirassy","@id":"https:\/\/guineediversite.com\/#\/schema\/person\/f69ebb1835c8052ac00dfe4d0ae488a8"},"headline":"Les patrons de presse perdent leur langue devant le pr\u00e9sident Cond\u00e9","datePublished":"2018-05-03T16:21:47+00:00","dateModified":"2018-05-03T16:21:47+00:00","mainEntityOfPage":{"@id":"https:\/\/guineediversite.com\/index.php\/2018\/05\/03\/les-patrons-de-presse-perdent-leur-langue-devant-le-president-conde\/"},"wordCount":216,"publisher":{"@id":"https:\/\/guineediversite.com\/#organization"},"image":{"@id":"https:\/\/guineediversite.com\/index.php\/2018\/05\/03\/les-patrons-de-presse-perdent-leur-langue-devant-le-president-conde\/#primaryimage"},"thumbnailUrl":"https:\/\/guineediversite.com\/wp-content\/uploads\/2018\/05\/31793474_10215919453530099_1829896551904837632_n.jpg","articleSection":["Soci\u00e9t\u00e9"],"inLanguage":"fr-FR"},{"@type":"WebPage","@id":"https:\/\/guineediversite.com\/index.php\/2018\/05\/03\/les-patrons-de-presse-perdent-leur-langue-devant-le-president-conde\/","url":"https:\/\/guineediversite.com\/index.php\/2018\/05\/03\/les-patrons-de-presse-perdent-leur-langue-devant-le-president-conde\/","name":"Les patrons de presse perdent leur langue devant le pr\u00e9sident Cond\u00e9 | Guin\u00e9e Diversit\u00e9","isPartOf":{"@id":"https:\/\/guineediversite.com\/#website"},"primaryImageOfPage":{"@id":"https:\/\/guineediversite.com\/index.php\/2018\/05\/03\/les-patrons-de-presse-perdent-leur-langue-devant-le-president-conde\/#primaryimage"},"image":{"@id":"https:\/\/guineediversite.com\/index.php\/2018\/05\/03\/les-patrons-de-presse-perdent-leur-langue-devant-le-president-conde\/#primaryimage"},"thumbnailUrl":"https:\/\/guineediversite.com\/wp-content\/uploads\/2018\/05\/31793474_10215919453530099_1829896551904837632_n.jpg","datePublished":"2018-05-03T16:21:47+00:00","dateModified":"2018-05-03T16:21:47+00:00","breadcrumb":{"@id":"https:\/\/guineediversite.com\/index.php\/2018\/05\/03\/les-patrons-de-presse-perdent-leur-langue-devant-le-president-conde\/#breadcrumb"},"inLanguage":"fr-FR","potentialAction":[{"@type":"ReadAction","target":["https:\/\/guineediversite.com\/index.php\/2018\/05\/03\/les-patrons-de-presse-perdent-leur-langue-devant-le-president-conde\/"]}]},{"@type":"ImageObject","inLanguage":"fr-FR","@id":"https:\/\/guineediversite.com\/index.php\/2018\/05\/03\/les-patrons-de-presse-perdent-leur-langue-devant-le-president-conde\/#primaryimage","url":"https:\/\/guineediversite.com\/wp-content\/uploads\/2018\/05\/31793474_10215919453530099_1829896551904837632_n.jpg","contentUrl":"https:\/\/guineediversite.com\/wp-content\/uploads\/2018\/05\/31793474_10215919453530099_1829896551904837632_n.jpg","width":"1024","height":"768"},{"@type":"BreadcrumbList","@id":"https:\/\/guineediversite.com\/index.php\/2018\/05\/03\/les-patrons-de-presse-perdent-leur-langue-devant-le-president-conde\/#breadcrumb","itemListElement":[{"@type":"ListItem","position":1,"name":"Accueil","item":"https:\/\/guineediversite.com\/"},{"@type":"ListItem","position":2,"name":"Les patrons de presse perdent leur langue devant le pr\u00e9sident Cond\u00e9"}]},{"@type":"WebSite","@id":"https:\/\/guineediversite.com\/#website","url":"https:\/\/guineediversite.com\/","name":"Guin\u00e9e Diversit\u00e9","description":"L&#039;Info dans toute sa diversit\u00e9","publisher":{"@id":"https:\/\/guineediversite.com\/#organization"},"potentialAction":[{"@type":"SearchAction","target":{"@type":"EntryPoint","urlTemplate":"https:\/\/guineediversite.com\/?s={search_term_string}"},"query-input":{"@type":"PropertyValueSpecification","valueRequired":true,"valueName":"search_term_string"}}],"inLanguage":"fr-FR"},{"@type":"Organization","@id":"https:\/\/guineediversite.com\/#organization","name":"Guin\u00e9e Diversit\u00e9","url":"https:\/\/guineediversite.com\/","logo":{"@type":"ImageObject","inLanguage":"fr-FR","@id":"https:\/\/guineediversite.com\/#\/schema\/logo\/image\/","url":"https:\/\/guineediversite.com\/wp-content\/uploads\/2017\/04\/cropped-1jojlxEOMkX9Wyqfhe43D6kjPOGqBBKmx3EwWJqZ0cMrFF54yM49.png","contentUrl":"https:\/\/guineediversite.com\/wp-content\/uploads\/2017\/04\/cropped-1jojlxEOMkX9Wyqfhe43D6kjPOGqBBKmx3EwWJqZ0cMrFF54yM49.png","width":186,"height":112,"caption":"Guin\u00e9e Diversit\u00e9"},"image":{"@id":"https:\/\/guineediversite.com\/#\/schema\/logo\/image\/"},"sameAs":["https:\/\/www.facebook.com\/guineediversite\/","https:\/\/x.com\/GuineeDiversite","https:\/\/www.youtube.com\/channel\/UC8sUY16qelG5ge6_D5SB83g"]},{"@type":"Person","@id":"https:\/\/guineediversite.com\/#\/schema\/person\/f69ebb1835c8052ac00dfe4d0ae488a8","name":"Diaraye Guirassy","image":{"@type":"ImageObject","inLanguage":"fr-FR","@id":"https:\/\/guineediversite.com\/#\/schema\/person\/image\/","url":"https:\/\/secure.gravatar.com\/avatar\/d72966230e92113cba29ea060394d485?s=96&d=mm&r=g","contentUrl":"https:\/\/secure.gravatar.com\/avatar\/d72966230e92113cba29ea060394d485?s=96&d=mm&r=g","caption":"Diaraye Guirassy"},"url":"https:\/\/guineediversite.com\/index.php\/author\/diaraye\/"}]}},"_links":{"self":[{"href":"https:\/\/guineediversite.com\/index.php\/wp-json\/wp\/v2\/posts\/25072"}],"collection":[{"href":"https:\/\/guineediversite.com\/index.php\/wp-json\/wp\/v2\/posts"}],"about":[{"href":"https:\/\/guineediversite.com\/index.php\/wp-json\/wp\/v2\/types\/post"}],"author":[{"embeddable":true,"href":"https:\/\/guineediversite.com\/index.php\/wp-json\/wp\/v2\/users\/17"}],"replies":[{"embeddable":true,"href":"https:\/\/guineediversite.com\/index.php\/wp-json\/wp\/v2\/comments?post=25072"}],"version-history":[{"count":0,"href":"https:\/\/guineediversite.com\/index.php\/wp-json\/wp\/v2\/posts\/25072\/revisions"}],"wp:featuredmedia":[{"embeddable":true,"href":"https:\/\/guineediversite.com\/index.php\/wp-json\/wp\/v2\/media\/25073"}],"wp:attachment":[{"href":"https:\/\/guineediversite.com\/index.php\/wp-json\/wp\/v2\/media?parent=25072"}],"wp:term":[{"taxonomy":"category","embeddable":true,"href":"https:\/\/guineediversite.com\/index.php\/wp-json\/wp\/v2\/categories?post=25072"},{"taxonomy":"post_tag","embeddable":true,"href":"https:\/\/guineediversite.com\/index.php\/wp-json\/wp\/v2\/tags?post=25072"}],"curies":[{"name":"wp","href":"https:\/\/api.w.org\/{rel}","templated":true}]}}