{"id":25069,"date":"2018-05-03T17:30:12","date_gmt":"2018-05-03T15:30:12","guid":{"rendered":"https:\/\/guineediversite.com\/?p=25069"},"modified":"2018-05-03T17:30:12","modified_gmt":"2018-05-03T15:30:12","slug":"journee-internationale-de-la-liberte-de-la-presse-des-journalistes-guineens-travaillent-dans-des-conditions-miserables","status":"publish","type":"post","link":"https:\/\/guineediversite.com\/index.php\/2018\/05\/03\/journee-internationale-de-la-liberte-de-la-presse-des-journalistes-guineens-travaillent-dans-des-conditions-miserables\/","title":{"rendered":"Journ\u00e9e internationale de la libert\u00e9 de la presse : Des journalistes guin\u00e9ens travaillent dans des conditions mis\u00e9rables"},"content":{"rendered":"<p>La presse guin\u00e9enne c\u00e9l\u00e8bre la journ\u00e9e internationale de la libert\u00e9 de la presse ce jeudi 03 Mai. A Conakry, l\u2019heure est au bilan sur les conditions de travail et de traitement des journalistes. La r\u00e9daction du site guin\u00e9ediversit\u00e9.com est all\u00e9e \u00e0 la rencontre des hommes de medias.<\/p>\n<p>En Guin\u00e9e, la plus parts des journalistes exercent dans des conditions d\u00e9plorables. Bountouraby Keita est journaliste reporters d\u2019image au groupe de m\u00e9dias Ch\u00e9rie FM TATV\u00a0: \u00ab\u00a0les conditions de travail quelques fois diff\u00e8rent, il ya des difficult\u00e9s qu\u2019on rencontre. Du point de vue salaire chaque journaliste est confront\u00e9 \u00e0 ce probl\u00e8me dans le pays et cela n\u2019est pas un probl\u00e8me propre \u00e0 Ch\u00e9rie FM seulement. C\u2019est extr\u00eamement difficile de travailler dans ces conditions, mais nous le faisons parce que c\u2019est une passion.\u00a0\u00bb<\/p>\n<p>Si les conditions de travail sont d\u00e9plorable dans certaines r\u00e9dactions, d\u2019autres estiment le contraire\u00a0: \u00ab\u00a0S\u2019il faut classer les r\u00e9dactions ou \u00e7a paye mieux, nous pouvons dire que nous faisons partir du lot qui doit \u00eatre tr\u00e8s restreint. Pas seulement sur le plan du traitement salariale, mais aussi l\u2019environnement de travail, l\u2019\u00e9quipement des journalistes. Peut \u00eatre que \u00e7a doit \u00eatre un cas parmi tant d\u2019autres, je suis conscient qu\u2019il ya des r\u00e9dactions ou on paye moins que le Smig,\u00a0\u00bb indique Thierno Amadou CAMARA directeur de publication du site Mosa\u00efque Guin\u00e9e.<\/p>\n<p>En d\u00e9pit des multiples requ\u00eates des journalistes pour une am\u00e9lioration des conditions de travail, certains patrons de m\u00e9dias compte multiplier les efforts pour un bon traitement.<\/p>\n<p>\u00ab Nous faisons les efforts qu\u2019il faut pour que nos personnels soit tr\u00e8s bien trait\u00e9. Nous avons aujourd\u2019hui plus de 100 personnes qui travaillent au sein du groupe, la radio Espace Conakry, la radio Sweet et les radios en r\u00e9gion. Nous avons une masse salariale qui est tr\u00e8s \u00e9lev\u00e9e, mais nous faisons tout pour que nos salari\u00e9s puissent \u00eatre pay\u00e9s de fa\u00e7on raisonnable\u00a0\u00bb a \u00e9voqu\u00e9 Kalil Oular\u00e9 directeur g\u00e9n\u00e9ral du groupe Hadafos m\u00e9dias.<\/p>\n<p>Au del\u00e0 des conditions de travail, une \u00e9pineuse question de formation des journalistes se pose. Sur la question Kalil Oular\u00e9 \u00e9claire les zones d\u2019ombre.<\/p>\n<p>\u00ab\u00a0Nous avons fait une visite \u00e0 la CFI pour justement avoir des formateurs pour notre medias, et on nous a tout simplement r\u00e9pondu qu\u2019il fallait passer par la coop\u00e9ration internationale dont l\u2019ambassade de France et que la privil\u00e8ge \u00e9tait donn\u00e9 \u00e0 la RTG. Ce qui fait dire que la presse priv\u00e9e ne b\u00e9n\u00e9ficie pas des formations qui peuvent venir de la CFI et des autres. C\u2019est assez compliqu\u00e9, assez difficile d\u2019avoir des formateurs de l\u2019ext\u00e9rieur, donc ce qui fait que nous misons sur l\u2019expertise locale.\u00a0\u00bb<\/p>\n<p>Ces mauvaises conditions de travail taraudent l\u2019esprit de plusieurs journalistes, mais certain responsable de m\u00e9dias se f\u00e9licite du cadre qu\u2019ils offrent \u00e0 leurs employ\u00e9s. Souhel Hajjar directeur g\u00e9n\u00e9ral de la radio Nostalgie Guin\u00e9e a d\u00e9crit l\u2019atmosph\u00e8re dans lequel travail ces employ\u00e9s, \u00ab\u00a0on a cr\u00e9e un cadre de travail ad\u00e9quat, nous avons des locaux vastes, tout le monde se retrouve, il ya tout ce qu\u2019il faut pour que les journalistes soit \u00e0 l\u2019aise pour pouvoir travailler. Nous avons le groupe \u00e9lectrog\u00e8ne et le courant aussi 24H\/24. Il ya des journalistes qui ont des enregistreurs avec eux 24h\/24. Je peux vous dire depuis la cr\u00e9ation de Nostalgie on \u00a0a achet\u00e9 plus de deux cents (200) enregistreurs.\u00a0\u00bb<\/p>\n<p>Les hommes de medias affrontent plusieurs difficult\u00e9s sur le terrain. A cela s\u2019ajoute le retard de payement des salaires.<\/p>\n<p>\u00ab Le probl\u00e8me de payer les journalistes, je crois que c\u2019est un probl\u00e8me commun \u00e0 tout le monde. Connaissant la crise \u00e9conomique du pays, ce n\u2019est pas la petite subvention que l\u2019Etat nous donnent qui pourrait nous permettent de pay\u00e9 nos employ\u00e9s. Il faut aussi signaler que le retard de payement cons\u00e9quent de nos clients fait que nous retardons a pay\u00e9 nos employ\u00e9s, mais avec tout cela nous r\u00e9ussissons \u00e0 nous en sortir. Le moins pay\u00e9 \u00e0 la radio Nostalgie est \u00e0 un million (1. 000. 000),\u00a0\u00bb r\u00e9v\u00e8le Souhel Hajjar.<\/p>\n<p>Cette journ\u00e9e est une occasion pour les journalistes d\u2019interpell\u00e9s les patrons de presse au respect du code de travail guin\u00e9en, afin que leurs conditions de travail soit\u00a0 am\u00e9lior\u00e9es.<\/p>\n<p>&nbsp;<\/p>\n","protected":false},"excerpt":{"rendered":"<p>La presse guin\u00e9enne c\u00e9l\u00e8bre la journ\u00e9e internationale de la libert\u00e9 de la presse ce jeudi 03 Mai. A Conakry, l\u2019heure est au bilan sur les conditions de travail et de traitement des journalistes. La r\u00e9daction du site guin\u00e9ediversit\u00e9.com est all\u00e9e \u00e0 la rencontre des hommes de medias. En Guin\u00e9e, la plus parts des journalistes exercent [&hellip;]<\/p>\n","protected":false},"author":7,"featured_media":25070,"comment_status":"closed","ping_status":"closed","sticky":false,"template":"","format":"standard","meta":{"_exactmetrics_skip_tracking":false,"_exactmetrics_sitenote_active":false,"_exactmetrics_sitenote_note":"","_exactmetrics_sitenote_category":0,"tdm_status":"","tdm_grid_status":"","footnotes":""},"categories":[16],"tags":[],"class_list":{"0":"post-25069","1":"post","2":"type-post","3":"status-publish","4":"format-standard","5":"has-post-thumbnail","7":"category-societe"},"yoast_head":"<!-- This site is optimized with the Yoast SEO plugin v24.2 - https:\/\/yoast.com\/wordpress\/plugins\/seo\/ -->\n<title>Journ\u00e9e internationale de la libert\u00e9 de la presse : Des journalistes guin\u00e9ens travaillent dans des conditions mis\u00e9rables | Guin\u00e9e Diversit\u00e9<\/title>\n<meta name=\"robots\" content=\"index, follow, max-snippet:-1, max-image-preview:large, max-video-preview:-1\" \/>\n<link rel=\"canonical\" href=\"https:\/\/guineediversite.com\/index.php\/2018\/05\/03\/journee-internationale-de-la-liberte-de-la-presse-des-journalistes-guineens-travaillent-dans-des-conditions-miserables\/\" \/>\n<meta property=\"og:locale\" content=\"fr_FR\" \/>\n<meta property=\"og:type\" content=\"article\" \/>\n<meta property=\"og:title\" content=\"Journ\u00e9e internationale de la libert\u00e9 de la presse : Des journalistes guin\u00e9ens travaillent dans des conditions mis\u00e9rables | Guin\u00e9e Diversit\u00e9\" \/>\n<meta property=\"og:description\" content=\"La presse guin\u00e9enne c\u00e9l\u00e8bre la journ\u00e9e internationale de la libert\u00e9 de la presse ce jeudi 03 Mai. A Conakry, l\u2019heure est au bilan sur les conditions de travail et de traitement des journalistes. La r\u00e9daction du site guin\u00e9ediversit\u00e9.com est all\u00e9e \u00e0 la rencontre des hommes de medias. En Guin\u00e9e, la plus parts des journalistes exercent [&hellip;]\" \/>\n<meta property=\"og:url\" content=\"https:\/\/guineediversite.com\/index.php\/2018\/05\/03\/journee-internationale-de-la-liberte-de-la-presse-des-journalistes-guineens-travaillent-dans-des-conditions-miserables\/\" \/>\n<meta property=\"og:site_name\" content=\"Guin\u00e9e Diversit\u00e9\" \/>\n<meta property=\"article:publisher\" content=\"https:\/\/www.facebook.com\/guineediversite\/\" \/>\n<meta property=\"article:published_time\" content=\"2018-05-03T15:30:12+00:00\" \/>\n<meta property=\"og:image\" content=\"https:\/\/guineediversite.com\/wp-content\/uploads\/2018\/05\/t\u00e9l\u00e9chargement.jpg\" \/>\n\t<meta property=\"og:image:width\" content=\"1024\" \/>\n\t<meta property=\"og:image:height\" content=\"681\" \/>\n\t<meta property=\"og:image:type\" content=\"image\/jpeg\" \/>\n<meta name=\"author\" content=\"Bilguissa Diallo\" \/>\n<meta name=\"twitter:card\" content=\"summary_large_image\" \/>\n<meta name=\"twitter:creator\" content=\"@GuineeDiversite\" \/>\n<meta name=\"twitter:site\" content=\"@GuineeDiversite\" \/>\n<meta name=\"twitter:label1\" content=\"\u00c9crit par\" \/>\n\t<meta name=\"twitter:data1\" content=\"Bilguissa Diallo\" \/>\n\t<meta name=\"twitter:label2\" content=\"Dur\u00e9e de lecture estim\u00e9e\" \/>\n\t<meta name=\"twitter:data2\" content=\"4 minutes\" \/>\n<script type=\"application\/ld+json\" class=\"yoast-schema-graph\">{\"@context\":\"https:\/\/schema.org\",\"@graph\":[{\"@type\":\"Article\",\"@id\":\"https:\/\/guineediversite.com\/index.php\/2018\/05\/03\/journee-internationale-de-la-liberte-de-la-presse-des-journalistes-guineens-travaillent-dans-des-conditions-miserables\/#article\",\"isPartOf\":{\"@id\":\"https:\/\/guineediversite.com\/index.php\/2018\/05\/03\/journee-internationale-de-la-liberte-de-la-presse-des-journalistes-guineens-travaillent-dans-des-conditions-miserables\/\"},\"author\":{\"name\":\"Bilguissa Diallo\",\"@id\":\"https:\/\/guineediversite.com\/#\/schema\/person\/0e0e3e424768a50d025ac2218ccca73f\"},\"headline\":\"Journ\u00e9e internationale de la libert\u00e9 de la presse : Des journalistes guin\u00e9ens travaillent dans des conditions mis\u00e9rables\",\"datePublished\":\"2018-05-03T15:30:12+00:00\",\"dateModified\":\"2018-05-03T15:30:12+00:00\",\"mainEntityOfPage\":{\"@id\":\"https:\/\/guineediversite.com\/index.php\/2018\/05\/03\/journee-internationale-de-la-liberte-de-la-presse-des-journalistes-guineens-travaillent-dans-des-conditions-miserables\/\"},\"wordCount\":781,\"publisher\":{\"@id\":\"https:\/\/guineediversite.com\/#organization\"},\"image\":{\"@id\":\"https:\/\/guineediversite.com\/index.php\/2018\/05\/03\/journee-internationale-de-la-liberte-de-la-presse-des-journalistes-guineens-travaillent-dans-des-conditions-miserables\/#primaryimage\"},\"thumbnailUrl\":\"https:\/\/guineediversite.com\/wp-content\/uploads\/2018\/05\/t\u00e9l\u00e9chargement.jpg\",\"articleSection\":[\"Soci\u00e9t\u00e9\"],\"inLanguage\":\"fr-FR\"},{\"@type\":\"WebPage\",\"@id\":\"https:\/\/guineediversite.com\/index.php\/2018\/05\/03\/journee-internationale-de-la-liberte-de-la-presse-des-journalistes-guineens-travaillent-dans-des-conditions-miserables\/\",\"url\":\"https:\/\/guineediversite.com\/index.php\/2018\/05\/03\/journee-internationale-de-la-liberte-de-la-presse-des-journalistes-guineens-travaillent-dans-des-conditions-miserables\/\",\"name\":\"Journ\u00e9e internationale de la libert\u00e9 de la presse : Des journalistes guin\u00e9ens travaillent dans des conditions mis\u00e9rables | Guin\u00e9e Diversit\u00e9\",\"isPartOf\":{\"@id\":\"https:\/\/guineediversite.com\/#website\"},\"primaryImageOfPage\":{\"@id\":\"https:\/\/guineediversite.com\/index.php\/2018\/05\/03\/journee-internationale-de-la-liberte-de-la-presse-des-journalistes-guineens-travaillent-dans-des-conditions-miserables\/#primaryimage\"},\"image\":{\"@id\":\"https:\/\/guineediversite.com\/index.php\/2018\/05\/03\/journee-internationale-de-la-liberte-de-la-presse-des-journalistes-guineens-travaillent-dans-des-conditions-miserables\/#primaryimage\"},\"thumbnailUrl\":\"https:\/\/guineediversite.com\/wp-content\/uploads\/2018\/05\/t\u00e9l\u00e9chargement.jpg\",\"datePublished\":\"2018-05-03T15:30:12+00:00\",\"dateModified\":\"2018-05-03T15:30:12+00:00\",\"breadcrumb\":{\"@id\":\"https:\/\/guineediversite.com\/index.php\/2018\/05\/03\/journee-internationale-de-la-liberte-de-la-presse-des-journalistes-guineens-travaillent-dans-des-conditions-miserables\/#breadcrumb\"},\"inLanguage\":\"fr-FR\",\"potentialAction\":[{\"@type\":\"ReadAction\",\"target\":[\"https:\/\/guineediversite.com\/index.php\/2018\/05\/03\/journee-internationale-de-la-liberte-de-la-presse-des-journalistes-guineens-travaillent-dans-des-conditions-miserables\/\"]}]},{\"@type\":\"ImageObject\",\"inLanguage\":\"fr-FR\",\"@id\":\"https:\/\/guineediversite.com\/index.php\/2018\/05\/03\/journee-internationale-de-la-liberte-de-la-presse-des-journalistes-guineens-travaillent-dans-des-conditions-miserables\/#primaryimage\",\"url\":\"https:\/\/guineediversite.com\/wp-content\/uploads\/2018\/05\/t\u00e9l\u00e9chargement.jpg\",\"contentUrl\":\"https:\/\/guineediversite.com\/wp-content\/uploads\/2018\/05\/t\u00e9l\u00e9chargement.jpg\",\"width\":\"1024\",\"height\":\"681\"},{\"@type\":\"BreadcrumbList\",\"@id\":\"https:\/\/guineediversite.com\/index.php\/2018\/05\/03\/journee-internationale-de-la-liberte-de-la-presse-des-journalistes-guineens-travaillent-dans-des-conditions-miserables\/#breadcrumb\",\"itemListElement\":[{\"@type\":\"ListItem\",\"position\":1,\"name\":\"Accueil\",\"item\":\"https:\/\/guineediversite.com\/\"},{\"@type\":\"ListItem\",\"position\":2,\"name\":\"Journ\u00e9e internationale de la libert\u00e9 de la presse : Des journalistes guin\u00e9ens travaillent dans des conditions mis\u00e9rables\"}]},{\"@type\":\"WebSite\",\"@id\":\"https:\/\/guineediversite.com\/#website\",\"url\":\"https:\/\/guineediversite.com\/\",\"name\":\"Guin\u00e9e Diversit\u00e9\",\"description\":\"L&#039;Info dans toute sa diversit\u00e9\",\"publisher\":{\"@id\":\"https:\/\/guineediversite.com\/#organization\"},\"potentialAction\":[{\"@type\":\"SearchAction\",\"target\":{\"@type\":\"EntryPoint\",\"urlTemplate\":\"https:\/\/guineediversite.com\/?s={search_term_string}\"},\"query-input\":{\"@type\":\"PropertyValueSpecification\",\"valueRequired\":true,\"valueName\":\"search_term_string\"}}],\"inLanguage\":\"fr-FR\"},{\"@type\":\"Organization\",\"@id\":\"https:\/\/guineediversite.com\/#organization\",\"name\":\"Guin\u00e9e Diversit\u00e9\",\"url\":\"https:\/\/guineediversite.com\/\",\"logo\":{\"@type\":\"ImageObject\",\"inLanguage\":\"fr-FR\",\"@id\":\"https:\/\/guineediversite.com\/#\/schema\/logo\/image\/\",\"url\":\"https:\/\/guineediversite.com\/wp-content\/uploads\/2017\/04\/cropped-1jojlxEOMkX9Wyqfhe43D6kjPOGqBBKmx3EwWJqZ0cMrFF54yM49.png\",\"contentUrl\":\"https:\/\/guineediversite.com\/wp-content\/uploads\/2017\/04\/cropped-1jojlxEOMkX9Wyqfhe43D6kjPOGqBBKmx3EwWJqZ0cMrFF54yM49.png\",\"width\":186,\"height\":112,\"caption\":\"Guin\u00e9e Diversit\u00e9\"},\"image\":{\"@id\":\"https:\/\/guineediversite.com\/#\/schema\/logo\/image\/\"},\"sameAs\":[\"https:\/\/www.facebook.com\/guineediversite\/\",\"https:\/\/x.com\/GuineeDiversite\",\"https:\/\/www.youtube.com\/channel\/UC8sUY16qelG5ge6_D5SB83g\"]},{\"@type\":\"Person\",\"@id\":\"https:\/\/guineediversite.com\/#\/schema\/person\/0e0e3e424768a50d025ac2218ccca73f\",\"name\":\"Bilguissa Diallo\",\"image\":{\"@type\":\"ImageObject\",\"inLanguage\":\"fr-FR\",\"@id\":\"https:\/\/guineediversite.com\/#\/schema\/person\/image\/\",\"url\":\"https:\/\/secure.gravatar.com\/avatar\/49bbbd2420ee34d62b1b191791f4b5df?s=96&d=mm&r=g\",\"contentUrl\":\"https:\/\/secure.gravatar.com\/avatar\/49bbbd2420ee34d62b1b191791f4b5df?s=96&d=mm&r=g\",\"caption\":\"Bilguissa Diallo\"},\"url\":\"https:\/\/guineediversite.com\/index.php\/author\/bilguissa\/\"}]}<\/script>\n<!-- \/ Yoast SEO plugin. -->","yoast_head_json":{"title":"Journ\u00e9e internationale de la libert\u00e9 de la presse : Des journalistes guin\u00e9ens travaillent dans des conditions mis\u00e9rables | Guin\u00e9e Diversit\u00e9","robots":{"index":"index","follow":"follow","max-snippet":"max-snippet:-1","max-image-preview":"max-image-preview:large","max-video-preview":"max-video-preview:-1"},"canonical":"https:\/\/guineediversite.com\/index.php\/2018\/05\/03\/journee-internationale-de-la-liberte-de-la-presse-des-journalistes-guineens-travaillent-dans-des-conditions-miserables\/","og_locale":"fr_FR","og_type":"article","og_title":"Journ\u00e9e internationale de la libert\u00e9 de la presse : Des journalistes guin\u00e9ens travaillent dans des conditions mis\u00e9rables | Guin\u00e9e Diversit\u00e9","og_description":"La presse guin\u00e9enne c\u00e9l\u00e8bre la journ\u00e9e internationale de la libert\u00e9 de la presse ce jeudi 03 Mai. A Conakry, l\u2019heure est au bilan sur les conditions de travail et de traitement des journalistes. La r\u00e9daction du site guin\u00e9ediversit\u00e9.com est all\u00e9e \u00e0 la rencontre des hommes de medias. En Guin\u00e9e, la plus parts des journalistes exercent [&hellip;]","og_url":"https:\/\/guineediversite.com\/index.php\/2018\/05\/03\/journee-internationale-de-la-liberte-de-la-presse-des-journalistes-guineens-travaillent-dans-des-conditions-miserables\/","og_site_name":"Guin\u00e9e Diversit\u00e9","article_publisher":"https:\/\/www.facebook.com\/guineediversite\/","article_published_time":"2018-05-03T15:30:12+00:00","og_image":[{"width":1024,"height":681,"url":"https:\/\/guineediversite.com\/wp-content\/uploads\/2018\/05\/t\u00e9l\u00e9chargement.jpg","type":"image\/jpeg"}],"author":"Bilguissa Diallo","twitter_card":"summary_large_image","twitter_creator":"@GuineeDiversite","twitter_site":"@GuineeDiversite","twitter_misc":{"\u00c9crit par":"Bilguissa Diallo","Dur\u00e9e de lecture estim\u00e9e":"4 minutes"},"schema":{"@context":"https:\/\/schema.org","@graph":[{"@type":"Article","@id":"https:\/\/guineediversite.com\/index.php\/2018\/05\/03\/journee-internationale-de-la-liberte-de-la-presse-des-journalistes-guineens-travaillent-dans-des-conditions-miserables\/#article","isPartOf":{"@id":"https:\/\/guineediversite.com\/index.php\/2018\/05\/03\/journee-internationale-de-la-liberte-de-la-presse-des-journalistes-guineens-travaillent-dans-des-conditions-miserables\/"},"author":{"name":"Bilguissa Diallo","@id":"https:\/\/guineediversite.com\/#\/schema\/person\/0e0e3e424768a50d025ac2218ccca73f"},"headline":"Journ\u00e9e internationale de la libert\u00e9 de la presse : Des journalistes guin\u00e9ens travaillent dans des conditions mis\u00e9rables","datePublished":"2018-05-03T15:30:12+00:00","dateModified":"2018-05-03T15:30:12+00:00","mainEntityOfPage":{"@id":"https:\/\/guineediversite.com\/index.php\/2018\/05\/03\/journee-internationale-de-la-liberte-de-la-presse-des-journalistes-guineens-travaillent-dans-des-conditions-miserables\/"},"wordCount":781,"publisher":{"@id":"https:\/\/guineediversite.com\/#organization"},"image":{"@id":"https:\/\/guineediversite.com\/index.php\/2018\/05\/03\/journee-internationale-de-la-liberte-de-la-presse-des-journalistes-guineens-travaillent-dans-des-conditions-miserables\/#primaryimage"},"thumbnailUrl":"https:\/\/guineediversite.com\/wp-content\/uploads\/2018\/05\/t\u00e9l\u00e9chargement.jpg","articleSection":["Soci\u00e9t\u00e9"],"inLanguage":"fr-FR"},{"@type":"WebPage","@id":"https:\/\/guineediversite.com\/index.php\/2018\/05\/03\/journee-internationale-de-la-liberte-de-la-presse-des-journalistes-guineens-travaillent-dans-des-conditions-miserables\/","url":"https:\/\/guineediversite.com\/index.php\/2018\/05\/03\/journee-internationale-de-la-liberte-de-la-presse-des-journalistes-guineens-travaillent-dans-des-conditions-miserables\/","name":"Journ\u00e9e internationale de la libert\u00e9 de la presse : Des journalistes guin\u00e9ens travaillent dans des conditions mis\u00e9rables | Guin\u00e9e Diversit\u00e9","isPartOf":{"@id":"https:\/\/guineediversite.com\/#website"},"primaryImageOfPage":{"@id":"https:\/\/guineediversite.com\/index.php\/2018\/05\/03\/journee-internationale-de-la-liberte-de-la-presse-des-journalistes-guineens-travaillent-dans-des-conditions-miserables\/#primaryimage"},"image":{"@id":"https:\/\/guineediversite.com\/index.php\/2018\/05\/03\/journee-internationale-de-la-liberte-de-la-presse-des-journalistes-guineens-travaillent-dans-des-conditions-miserables\/#primaryimage"},"thumbnailUrl":"https:\/\/guineediversite.com\/wp-content\/uploads\/2018\/05\/t\u00e9l\u00e9chargement.jpg","datePublished":"2018-05-03T15:30:12+00:00","dateModified":"2018-05-03T15:30:12+00:00","breadcrumb":{"@id":"https:\/\/guineediversite.com\/index.php\/2018\/05\/03\/journee-internationale-de-la-liberte-de-la-presse-des-journalistes-guineens-travaillent-dans-des-conditions-miserables\/#breadcrumb"},"inLanguage":"fr-FR","potentialAction":[{"@type":"ReadAction","target":["https:\/\/guineediversite.com\/index.php\/2018\/05\/03\/journee-internationale-de-la-liberte-de-la-presse-des-journalistes-guineens-travaillent-dans-des-conditions-miserables\/"]}]},{"@type":"ImageObject","inLanguage":"fr-FR","@id":"https:\/\/guineediversite.com\/index.php\/2018\/05\/03\/journee-internationale-de-la-liberte-de-la-presse-des-journalistes-guineens-travaillent-dans-des-conditions-miserables\/#primaryimage","url":"https:\/\/guineediversite.com\/wp-content\/uploads\/2018\/05\/t\u00e9l\u00e9chargement.jpg","contentUrl":"https:\/\/guineediversite.com\/wp-content\/uploads\/2018\/05\/t\u00e9l\u00e9chargement.jpg","width":"1024","height":"681"},{"@type":"BreadcrumbList","@id":"https:\/\/guineediversite.com\/index.php\/2018\/05\/03\/journee-internationale-de-la-liberte-de-la-presse-des-journalistes-guineens-travaillent-dans-des-conditions-miserables\/#breadcrumb","itemListElement":[{"@type":"ListItem","position":1,"name":"Accueil","item":"https:\/\/guineediversite.com\/"},{"@type":"ListItem","position":2,"name":"Journ\u00e9e internationale de la libert\u00e9 de la presse : Des journalistes guin\u00e9ens travaillent dans des conditions mis\u00e9rables"}]},{"@type":"WebSite","@id":"https:\/\/guineediversite.com\/#website","url":"https:\/\/guineediversite.com\/","name":"Guin\u00e9e Diversit\u00e9","description":"L&#039;Info dans toute sa diversit\u00e9","publisher":{"@id":"https:\/\/guineediversite.com\/#organization"},"potentialAction":[{"@type":"SearchAction","target":{"@type":"EntryPoint","urlTemplate":"https:\/\/guineediversite.com\/?s={search_term_string}"},"query-input":{"@type":"PropertyValueSpecification","valueRequired":true,"valueName":"search_term_string"}}],"inLanguage":"fr-FR"},{"@type":"Organization","@id":"https:\/\/guineediversite.com\/#organization","name":"Guin\u00e9e Diversit\u00e9","url":"https:\/\/guineediversite.com\/","logo":{"@type":"ImageObject","inLanguage":"fr-FR","@id":"https:\/\/guineediversite.com\/#\/schema\/logo\/image\/","url":"https:\/\/guineediversite.com\/wp-content\/uploads\/2017\/04\/cropped-1jojlxEOMkX9Wyqfhe43D6kjPOGqBBKmx3EwWJqZ0cMrFF54yM49.png","contentUrl":"https:\/\/guineediversite.com\/wp-content\/uploads\/2017\/04\/cropped-1jojlxEOMkX9Wyqfhe43D6kjPOGqBBKmx3EwWJqZ0cMrFF54yM49.png","width":186,"height":112,"caption":"Guin\u00e9e Diversit\u00e9"},"image":{"@id":"https:\/\/guineediversite.com\/#\/schema\/logo\/image\/"},"sameAs":["https:\/\/www.facebook.com\/guineediversite\/","https:\/\/x.com\/GuineeDiversite","https:\/\/www.youtube.com\/channel\/UC8sUY16qelG5ge6_D5SB83g"]},{"@type":"Person","@id":"https:\/\/guineediversite.com\/#\/schema\/person\/0e0e3e424768a50d025ac2218ccca73f","name":"Bilguissa Diallo","image":{"@type":"ImageObject","inLanguage":"fr-FR","@id":"https:\/\/guineediversite.com\/#\/schema\/person\/image\/","url":"https:\/\/secure.gravatar.com\/avatar\/49bbbd2420ee34d62b1b191791f4b5df?s=96&d=mm&r=g","contentUrl":"https:\/\/secure.gravatar.com\/avatar\/49bbbd2420ee34d62b1b191791f4b5df?s=96&d=mm&r=g","caption":"Bilguissa Diallo"},"url":"https:\/\/guineediversite.com\/index.php\/author\/bilguissa\/"}]}},"_links":{"self":[{"href":"https:\/\/guineediversite.com\/index.php\/wp-json\/wp\/v2\/posts\/25069"}],"collection":[{"href":"https:\/\/guineediversite.com\/index.php\/wp-json\/wp\/v2\/posts"}],"about":[{"href":"https:\/\/guineediversite.com\/index.php\/wp-json\/wp\/v2\/types\/post"}],"author":[{"embeddable":true,"href":"https:\/\/guineediversite.com\/index.php\/wp-json\/wp\/v2\/users\/7"}],"replies":[{"embeddable":true,"href":"https:\/\/guineediversite.com\/index.php\/wp-json\/wp\/v2\/comments?post=25069"}],"version-history":[{"count":0,"href":"https:\/\/guineediversite.com\/index.php\/wp-json\/wp\/v2\/posts\/25069\/revisions"}],"wp:featuredmedia":[{"embeddable":true,"href":"https:\/\/guineediversite.com\/index.php\/wp-json\/wp\/v2\/media\/25070"}],"wp:attachment":[{"href":"https:\/\/guineediversite.com\/index.php\/wp-json\/wp\/v2\/media?parent=25069"}],"wp:term":[{"taxonomy":"category","embeddable":true,"href":"https:\/\/guineediversite.com\/index.php\/wp-json\/wp\/v2\/categories?post=25069"},{"taxonomy":"post_tag","embeddable":true,"href":"https:\/\/guineediversite.com\/index.php\/wp-json\/wp\/v2\/tags?post=25069"}],"curies":[{"name":"wp","href":"https:\/\/api.w.org\/{rel}","templated":true}]}}