{"id":25063,"date":"2018-05-02T23:53:17","date_gmt":"2018-05-02T21:53:17","guid":{"rendered":"https:\/\/guineediversite.com\/?p=25063"},"modified":"2018-05-02T23:53:17","modified_gmt":"2018-05-02T21:53:17","slug":"lancement-de-de-la-formation-judiciaire-des-concervateurs-de-la-nature-discours-de-la-ministre-aissiatou-balde","status":"publish","type":"post","link":"https:\/\/guineediversite.com\/index.php\/2018\/05\/02\/lancement-de-de-la-formation-judiciaire-des-concervateurs-de-la-nature-discours-de-la-ministre-aissiatou-balde\/","title":{"rendered":"Lancement de de la formation judiciaire des concervateurs de la nature : Discours de la ministre Aissiatou Bald\u00e9"},"content":{"rendered":"<p>Monsieur le Directeur National de l\u2019Ecole de Police et de Protection Civile, repr\u00e9sentant le Ministre de la D\u00e9fense Nationale,<\/p>\n<p>Messieurs les repr\u00e9sentants des Ministres d\u2019Etat, Ministre de la S\u00e9curit\u00e9 et de la Protection Civile, celui du Budget et le repr\u00e9sentant de Monsieur le Conseiller \u00e0 la Pr\u00e9sidence, charg\u00e9 des services de s\u00e9curit\u00e9,<\/p>\n<p>Madame la Pr\u00e9sidente de la Commission D\u00e9fense et S\u00e9curit\u00e9 de l\u2019Assembl\u00e9e Nationale,<\/p>\n<p>Monsieur le Procureur de la R\u00e9publique,<\/p>\n<p>Monsieur le Responsable de l\u2019Unit\u00e9 de Gestion du Programme RSS<\/p>\n<p>Monsieur le repr\u00e9sentant du Bureau Conseils Strat\u00e9giques,<\/p>\n<p>Mesdames et messieurs, tous protocoles observ\u00e9s<\/p>\n<p>Mesdames et messieurs,<\/p>\n<p>La R\u00e9publique de Guin\u00e9e, notre pays, rec\u00e8le un important potentiel de ressources naturelles renouvelables. En d\u00e9pit de cette faveur que la nature nous dote, force est de reconnaitre que depuis plus d\u2019une d\u00e9cennie, ces ressources subissent une forte pression humaine qui, a entrain\u00e9 la d\u00e9gradation acc\u00e9l\u00e9r\u00e9e du couvert v\u00e9g\u00e9tal.<\/p>\n<p>Face \u00e0 cette situation pr\u00e9occupante, mon D\u00e9partement a \u00e9labor\u00e9 une Politique Nationale qui int\u00e8gre les principes d\u2019un D\u00e9veloppement durable visant \u00e0 inverser la tendance actuelle.<\/p>\n<p>C\u2019est pourquoi, mon D\u00e9partement consid\u00e8re comme un facteur novateur de l\u2019atteinte des objectifs prioritaires en faveur d\u2019une gestion durable des ressources environnementales, en g\u00e9n\u00e9ral, celles foresti\u00e8res en particulier.<\/p>\n<p>La cr\u00e9ation d\u2019un corps \u00e0 statut particulier Paramilitaire des Conservateurs de la Nature vient s\u2019inscrire en droite ligne de la R\u00e9forme du secteur de l\u2019environnement qui est en parfaite ad\u00e9quation avec la politique globale de la r\u00e9forme du secteur de la s\u00e9curit\u00e9.<\/p>\n<p>Mesdames et messieurs,<\/p>\n<p>Apr\u00e8s la formation commune de base et professionnelle de trois promotions des cadres et agents du Corps des Conservateurs de la Nature, il est \u00e9vident que ces cadres sont \u00e0 mesure d\u2019assurer une meilleure protection de notre faune et flore, d\u2019\u00e9radiquer le braconnage et les coupes abusives de bois en appliquant strictement les textes juridiques et r\u00e9glementaires y aff\u00e9rents.<\/p>\n<p>C\u2019est dans cette optique et dans le cadre de la mise en \u0153uvre de la Strat\u00e9gie Nationale d\u2019Actions Prioritaires de la R\u00e9forme du secteur de S\u00e9curit\u00e9 que la formation de 200 conservateurs de la nature est donc planifi\u00e9e \u00e0 l\u2019Ecole de la Police et de la Protection Civile de Kagbelen en vue de leur permettre \u00e0 terme d\u2019effectuer des missions de Police Judiciaire conform\u00e9ment au code de proc\u00e9dure p\u00e9nale.<\/p>\n<p>En clair, je suis persuad\u00e9e que ces cadres qui seront habilit\u00e9s, pourront d\u00e9sormais, mener des enqu\u00eates, constater et dresser les proc\u00e8s \u2013verbaux des infractions au Code forestier et \u00e0 celles portant sur le Code de la protection de la faune sauvage et de r\u00e9glementation de la chasse en R\u00e9publique de Guin\u00e9e.<\/p>\n<p>Je voudrais donc pour terminer vous remercier pour avoir honor\u00e9 de votre pr\u00e9sence \u00e0 la c\u00e9r\u00e9monie de lancement de formation judiciaire des cadres et agents des conservateurs de la nature.<\/p>\n<p>Vive la R\u00e9forme du secteur de s\u00e9curit\u00e9<\/p>\n<p>Vive la Coop\u00e9ration Internationale<\/p>\n<p>Je vous remercie<\/p>\n<p>Assiatou Bald\u00e9<br \/>\nMinistre de l\u2019Environnement, des Eaux et Forets<\/p>\n<p>Transmis par la Cellule de Communication du Gouvernement.<\/p>\n","protected":false},"excerpt":{"rendered":"<p>Monsieur le Directeur National de l\u2019Ecole de Police et de Protection Civile, repr\u00e9sentant le Ministre de la D\u00e9fense Nationale, Messieurs les repr\u00e9sentants des Ministres d\u2019Etat, Ministre de la S\u00e9curit\u00e9 et de la Protection Civile, celui du Budget et le repr\u00e9sentant de Monsieur le Conseiller \u00e0 la Pr\u00e9sidence, charg\u00e9 des services de s\u00e9curit\u00e9, Madame la Pr\u00e9sidente [&hellip;]<\/p>\n","protected":false},"author":12,"featured_media":25064,"comment_status":"closed","ping_status":"closed","sticky":false,"template":"","format":"standard","meta":{"_exactmetrics_skip_tracking":false,"_exactmetrics_sitenote_active":false,"_exactmetrics_sitenote_note":"","_exactmetrics_sitenote_category":0,"tdm_status":"","tdm_grid_status":"","footnotes":""},"categories":[16],"tags":[],"class_list":{"0":"post-25063","1":"post","2":"type-post","3":"status-publish","4":"format-standard","5":"has-post-thumbnail","7":"category-societe"},"yoast_head":"<!-- This site is optimized with the Yoast SEO plugin v24.2 - https:\/\/yoast.com\/wordpress\/plugins\/seo\/ -->\n<title>Lancement de de la formation judiciaire des concervateurs de la nature : Discours de la ministre Aissiatou Bald\u00e9 | Guin\u00e9e Diversit\u00e9<\/title>\n<meta name=\"robots\" content=\"index, follow, max-snippet:-1, max-image-preview:large, max-video-preview:-1\" \/>\n<link rel=\"canonical\" href=\"https:\/\/guineediversite.com\/index.php\/2018\/05\/02\/lancement-de-de-la-formation-judiciaire-des-concervateurs-de-la-nature-discours-de-la-ministre-aissiatou-balde\/\" \/>\n<meta property=\"og:locale\" content=\"fr_FR\" \/>\n<meta property=\"og:type\" content=\"article\" \/>\n<meta property=\"og:title\" content=\"Lancement de de la formation judiciaire des concervateurs de la nature : Discours de la ministre Aissiatou Bald\u00e9 | Guin\u00e9e Diversit\u00e9\" \/>\n<meta property=\"og:description\" content=\"Monsieur le Directeur National de l\u2019Ecole de Police et de Protection Civile, repr\u00e9sentant le Ministre de la D\u00e9fense Nationale, Messieurs les repr\u00e9sentants des Ministres d\u2019Etat, Ministre de la S\u00e9curit\u00e9 et de la Protection Civile, celui du Budget et le repr\u00e9sentant de Monsieur le Conseiller \u00e0 la Pr\u00e9sidence, charg\u00e9 des services de s\u00e9curit\u00e9, Madame la Pr\u00e9sidente [&hellip;]\" \/>\n<meta property=\"og:url\" content=\"https:\/\/guineediversite.com\/index.php\/2018\/05\/02\/lancement-de-de-la-formation-judiciaire-des-concervateurs-de-la-nature-discours-de-la-ministre-aissiatou-balde\/\" \/>\n<meta property=\"og:site_name\" content=\"Guin\u00e9e Diversit\u00e9\" \/>\n<meta property=\"article:publisher\" content=\"https:\/\/www.facebook.com\/guineediversite\/\" \/>\n<meta property=\"article:published_time\" content=\"2018-05-02T21:53:17+00:00\" \/>\n<meta property=\"og:image\" content=\"https:\/\/guineediversite.com\/wp-content\/uploads\/2018\/05\/42201821529.jpg\" \/>\n\t<meta property=\"og:image:width\" content=\"1024\" \/>\n\t<meta property=\"og:image:height\" content=\"768\" \/>\n\t<meta property=\"og:image:type\" content=\"image\/jpeg\" \/>\n<meta name=\"author\" content=\"Guin\u00e9e Diversit\u00e9\" \/>\n<meta name=\"twitter:card\" content=\"summary_large_image\" \/>\n<meta name=\"twitter:creator\" content=\"@GuineeDiversite\" \/>\n<meta name=\"twitter:site\" content=\"@GuineeDiversite\" \/>\n<meta name=\"twitter:label1\" content=\"\u00c9crit par\" \/>\n\t<meta name=\"twitter:data1\" content=\"Guin\u00e9e Diversit\u00e9\" \/>\n\t<meta name=\"twitter:label2\" content=\"Dur\u00e9e de lecture estim\u00e9e\" \/>\n\t<meta name=\"twitter:data2\" content=\"3 minutes\" \/>\n<script type=\"application\/ld+json\" class=\"yoast-schema-graph\">{\"@context\":\"https:\/\/schema.org\",\"@graph\":[{\"@type\":\"Article\",\"@id\":\"https:\/\/guineediversite.com\/index.php\/2018\/05\/02\/lancement-de-de-la-formation-judiciaire-des-concervateurs-de-la-nature-discours-de-la-ministre-aissiatou-balde\/#article\",\"isPartOf\":{\"@id\":\"https:\/\/guineediversite.com\/index.php\/2018\/05\/02\/lancement-de-de-la-formation-judiciaire-des-concervateurs-de-la-nature-discours-de-la-ministre-aissiatou-balde\/\"},\"author\":{\"name\":\"Guin\u00e9e Diversit\u00e9\",\"@id\":\"https:\/\/guineediversite.com\/#\/schema\/person\/afa08fb34e7fc6e1feafc892612bc836\"},\"headline\":\"Lancement de de la formation judiciaire des concervateurs de la nature : Discours de la ministre Aissiatou Bald\u00e9\",\"datePublished\":\"2018-05-02T21:53:17+00:00\",\"dateModified\":\"2018-05-02T21:53:17+00:00\",\"mainEntityOfPage\":{\"@id\":\"https:\/\/guineediversite.com\/index.php\/2018\/05\/02\/lancement-de-de-la-formation-judiciaire-des-concervateurs-de-la-nature-discours-de-la-ministre-aissiatou-balde\/\"},\"wordCount\":573,\"publisher\":{\"@id\":\"https:\/\/guineediversite.com\/#organization\"},\"image\":{\"@id\":\"https:\/\/guineediversite.com\/index.php\/2018\/05\/02\/lancement-de-de-la-formation-judiciaire-des-concervateurs-de-la-nature-discours-de-la-ministre-aissiatou-balde\/#primaryimage\"},\"thumbnailUrl\":\"https:\/\/guineediversite.com\/wp-content\/uploads\/2018\/05\/42201821529.jpg\",\"articleSection\":[\"Soci\u00e9t\u00e9\"],\"inLanguage\":\"fr-FR\"},{\"@type\":\"WebPage\",\"@id\":\"https:\/\/guineediversite.com\/index.php\/2018\/05\/02\/lancement-de-de-la-formation-judiciaire-des-concervateurs-de-la-nature-discours-de-la-ministre-aissiatou-balde\/\",\"url\":\"https:\/\/guineediversite.com\/index.php\/2018\/05\/02\/lancement-de-de-la-formation-judiciaire-des-concervateurs-de-la-nature-discours-de-la-ministre-aissiatou-balde\/\",\"name\":\"Lancement de de la formation judiciaire des concervateurs de la nature : Discours de la ministre Aissiatou Bald\u00e9 | Guin\u00e9e Diversit\u00e9\",\"isPartOf\":{\"@id\":\"https:\/\/guineediversite.com\/#website\"},\"primaryImageOfPage\":{\"@id\":\"https:\/\/guineediversite.com\/index.php\/2018\/05\/02\/lancement-de-de-la-formation-judiciaire-des-concervateurs-de-la-nature-discours-de-la-ministre-aissiatou-balde\/#primaryimage\"},\"image\":{\"@id\":\"https:\/\/guineediversite.com\/index.php\/2018\/05\/02\/lancement-de-de-la-formation-judiciaire-des-concervateurs-de-la-nature-discours-de-la-ministre-aissiatou-balde\/#primaryimage\"},\"thumbnailUrl\":\"https:\/\/guineediversite.com\/wp-content\/uploads\/2018\/05\/42201821529.jpg\",\"datePublished\":\"2018-05-02T21:53:17+00:00\",\"dateModified\":\"2018-05-02T21:53:17+00:00\",\"breadcrumb\":{\"@id\":\"https:\/\/guineediversite.com\/index.php\/2018\/05\/02\/lancement-de-de-la-formation-judiciaire-des-concervateurs-de-la-nature-discours-de-la-ministre-aissiatou-balde\/#breadcrumb\"},\"inLanguage\":\"fr-FR\",\"potentialAction\":[{\"@type\":\"ReadAction\",\"target\":[\"https:\/\/guineediversite.com\/index.php\/2018\/05\/02\/lancement-de-de-la-formation-judiciaire-des-concervateurs-de-la-nature-discours-de-la-ministre-aissiatou-balde\/\"]}]},{\"@type\":\"ImageObject\",\"inLanguage\":\"fr-FR\",\"@id\":\"https:\/\/guineediversite.com\/index.php\/2018\/05\/02\/lancement-de-de-la-formation-judiciaire-des-concervateurs-de-la-nature-discours-de-la-ministre-aissiatou-balde\/#primaryimage\",\"url\":\"https:\/\/guineediversite.com\/wp-content\/uploads\/2018\/05\/42201821529.jpg\",\"contentUrl\":\"https:\/\/guineediversite.com\/wp-content\/uploads\/2018\/05\/42201821529.jpg\",\"width\":\"1024\",\"height\":\"768\"},{\"@type\":\"BreadcrumbList\",\"@id\":\"https:\/\/guineediversite.com\/index.php\/2018\/05\/02\/lancement-de-de-la-formation-judiciaire-des-concervateurs-de-la-nature-discours-de-la-ministre-aissiatou-balde\/#breadcrumb\",\"itemListElement\":[{\"@type\":\"ListItem\",\"position\":1,\"name\":\"Accueil\",\"item\":\"https:\/\/guineediversite.com\/\"},{\"@type\":\"ListItem\",\"position\":2,\"name\":\"Lancement de de la formation judiciaire des concervateurs de la nature : Discours de la ministre Aissiatou Bald\u00e9\"}]},{\"@type\":\"WebSite\",\"@id\":\"https:\/\/guineediversite.com\/#website\",\"url\":\"https:\/\/guineediversite.com\/\",\"name\":\"Guin\u00e9e Diversit\u00e9\",\"description\":\"L&#039;Info dans toute sa diversit\u00e9\",\"publisher\":{\"@id\":\"https:\/\/guineediversite.com\/#organization\"},\"potentialAction\":[{\"@type\":\"SearchAction\",\"target\":{\"@type\":\"EntryPoint\",\"urlTemplate\":\"https:\/\/guineediversite.com\/?s={search_term_string}\"},\"query-input\":{\"@type\":\"PropertyValueSpecification\",\"valueRequired\":true,\"valueName\":\"search_term_string\"}}],\"inLanguage\":\"fr-FR\"},{\"@type\":\"Organization\",\"@id\":\"https:\/\/guineediversite.com\/#organization\",\"name\":\"Guin\u00e9e Diversit\u00e9\",\"url\":\"https:\/\/guineediversite.com\/\",\"logo\":{\"@type\":\"ImageObject\",\"inLanguage\":\"fr-FR\",\"@id\":\"https:\/\/guineediversite.com\/#\/schema\/logo\/image\/\",\"url\":\"https:\/\/guineediversite.com\/wp-content\/uploads\/2017\/04\/cropped-1jojlxEOMkX9Wyqfhe43D6kjPOGqBBKmx3EwWJqZ0cMrFF54yM49.png\",\"contentUrl\":\"https:\/\/guineediversite.com\/wp-content\/uploads\/2017\/04\/cropped-1jojlxEOMkX9Wyqfhe43D6kjPOGqBBKmx3EwWJqZ0cMrFF54yM49.png\",\"width\":186,\"height\":112,\"caption\":\"Guin\u00e9e Diversit\u00e9\"},\"image\":{\"@id\":\"https:\/\/guineediversite.com\/#\/schema\/logo\/image\/\"},\"sameAs\":[\"https:\/\/www.facebook.com\/guineediversite\/\",\"https:\/\/x.com\/GuineeDiversite\",\"https:\/\/www.youtube.com\/channel\/UC8sUY16qelG5ge6_D5SB83g\"]},{\"@type\":\"Person\",\"@id\":\"https:\/\/guineediversite.com\/#\/schema\/person\/afa08fb34e7fc6e1feafc892612bc836\",\"name\":\"Guin\u00e9e Diversit\u00e9\",\"image\":{\"@type\":\"ImageObject\",\"inLanguage\":\"fr-FR\",\"@id\":\"https:\/\/guineediversite.com\/#\/schema\/person\/image\/\",\"url\":\"https:\/\/secure.gravatar.com\/avatar\/50d5eb5b390f8b65ac30ac6f898eb83a?s=96&d=mm&r=g\",\"contentUrl\":\"https:\/\/secure.gravatar.com\/avatar\/50d5eb5b390f8b65ac30ac6f898eb83a?s=96&d=mm&r=g\",\"caption\":\"Guin\u00e9e Diversit\u00e9\"},\"url\":\"https:\/\/guineediversite.com\/index.php\/author\/guineediversite\/\"}]}<\/script>\n<!-- \/ Yoast SEO plugin. -->","yoast_head_json":{"title":"Lancement de de la formation judiciaire des concervateurs de la nature : Discours de la ministre Aissiatou Bald\u00e9 | Guin\u00e9e Diversit\u00e9","robots":{"index":"index","follow":"follow","max-snippet":"max-snippet:-1","max-image-preview":"max-image-preview:large","max-video-preview":"max-video-preview:-1"},"canonical":"https:\/\/guineediversite.com\/index.php\/2018\/05\/02\/lancement-de-de-la-formation-judiciaire-des-concervateurs-de-la-nature-discours-de-la-ministre-aissiatou-balde\/","og_locale":"fr_FR","og_type":"article","og_title":"Lancement de de la formation judiciaire des concervateurs de la nature : Discours de la ministre Aissiatou Bald\u00e9 | Guin\u00e9e Diversit\u00e9","og_description":"Monsieur le Directeur National de l\u2019Ecole de Police et de Protection Civile, repr\u00e9sentant le Ministre de la D\u00e9fense Nationale, Messieurs les repr\u00e9sentants des Ministres d\u2019Etat, Ministre de la S\u00e9curit\u00e9 et de la Protection Civile, celui du Budget et le repr\u00e9sentant de Monsieur le Conseiller \u00e0 la Pr\u00e9sidence, charg\u00e9 des services de s\u00e9curit\u00e9, Madame la Pr\u00e9sidente [&hellip;]","og_url":"https:\/\/guineediversite.com\/index.php\/2018\/05\/02\/lancement-de-de-la-formation-judiciaire-des-concervateurs-de-la-nature-discours-de-la-ministre-aissiatou-balde\/","og_site_name":"Guin\u00e9e Diversit\u00e9","article_publisher":"https:\/\/www.facebook.com\/guineediversite\/","article_published_time":"2018-05-02T21:53:17+00:00","og_image":[{"width":1024,"height":768,"url":"https:\/\/guineediversite.com\/wp-content\/uploads\/2018\/05\/42201821529.jpg","type":"image\/jpeg"}],"author":"Guin\u00e9e Diversit\u00e9","twitter_card":"summary_large_image","twitter_creator":"@GuineeDiversite","twitter_site":"@GuineeDiversite","twitter_misc":{"\u00c9crit par":"Guin\u00e9e Diversit\u00e9","Dur\u00e9e de lecture estim\u00e9e":"3 minutes"},"schema":{"@context":"https:\/\/schema.org","@graph":[{"@type":"Article","@id":"https:\/\/guineediversite.com\/index.php\/2018\/05\/02\/lancement-de-de-la-formation-judiciaire-des-concervateurs-de-la-nature-discours-de-la-ministre-aissiatou-balde\/#article","isPartOf":{"@id":"https:\/\/guineediversite.com\/index.php\/2018\/05\/02\/lancement-de-de-la-formation-judiciaire-des-concervateurs-de-la-nature-discours-de-la-ministre-aissiatou-balde\/"},"author":{"name":"Guin\u00e9e Diversit\u00e9","@id":"https:\/\/guineediversite.com\/#\/schema\/person\/afa08fb34e7fc6e1feafc892612bc836"},"headline":"Lancement de de la formation judiciaire des concervateurs de la nature : Discours de la ministre Aissiatou Bald\u00e9","datePublished":"2018-05-02T21:53:17+00:00","dateModified":"2018-05-02T21:53:17+00:00","mainEntityOfPage":{"@id":"https:\/\/guineediversite.com\/index.php\/2018\/05\/02\/lancement-de-de-la-formation-judiciaire-des-concervateurs-de-la-nature-discours-de-la-ministre-aissiatou-balde\/"},"wordCount":573,"publisher":{"@id":"https:\/\/guineediversite.com\/#organization"},"image":{"@id":"https:\/\/guineediversite.com\/index.php\/2018\/05\/02\/lancement-de-de-la-formation-judiciaire-des-concervateurs-de-la-nature-discours-de-la-ministre-aissiatou-balde\/#primaryimage"},"thumbnailUrl":"https:\/\/guineediversite.com\/wp-content\/uploads\/2018\/05\/42201821529.jpg","articleSection":["Soci\u00e9t\u00e9"],"inLanguage":"fr-FR"},{"@type":"WebPage","@id":"https:\/\/guineediversite.com\/index.php\/2018\/05\/02\/lancement-de-de-la-formation-judiciaire-des-concervateurs-de-la-nature-discours-de-la-ministre-aissiatou-balde\/","url":"https:\/\/guineediversite.com\/index.php\/2018\/05\/02\/lancement-de-de-la-formation-judiciaire-des-concervateurs-de-la-nature-discours-de-la-ministre-aissiatou-balde\/","name":"Lancement de de la formation judiciaire des concervateurs de la nature : Discours de la ministre Aissiatou Bald\u00e9 | Guin\u00e9e Diversit\u00e9","isPartOf":{"@id":"https:\/\/guineediversite.com\/#website"},"primaryImageOfPage":{"@id":"https:\/\/guineediversite.com\/index.php\/2018\/05\/02\/lancement-de-de-la-formation-judiciaire-des-concervateurs-de-la-nature-discours-de-la-ministre-aissiatou-balde\/#primaryimage"},"image":{"@id":"https:\/\/guineediversite.com\/index.php\/2018\/05\/02\/lancement-de-de-la-formation-judiciaire-des-concervateurs-de-la-nature-discours-de-la-ministre-aissiatou-balde\/#primaryimage"},"thumbnailUrl":"https:\/\/guineediversite.com\/wp-content\/uploads\/2018\/05\/42201821529.jpg","datePublished":"2018-05-02T21:53:17+00:00","dateModified":"2018-05-02T21:53:17+00:00","breadcrumb":{"@id":"https:\/\/guineediversite.com\/index.php\/2018\/05\/02\/lancement-de-de-la-formation-judiciaire-des-concervateurs-de-la-nature-discours-de-la-ministre-aissiatou-balde\/#breadcrumb"},"inLanguage":"fr-FR","potentialAction":[{"@type":"ReadAction","target":["https:\/\/guineediversite.com\/index.php\/2018\/05\/02\/lancement-de-de-la-formation-judiciaire-des-concervateurs-de-la-nature-discours-de-la-ministre-aissiatou-balde\/"]}]},{"@type":"ImageObject","inLanguage":"fr-FR","@id":"https:\/\/guineediversite.com\/index.php\/2018\/05\/02\/lancement-de-de-la-formation-judiciaire-des-concervateurs-de-la-nature-discours-de-la-ministre-aissiatou-balde\/#primaryimage","url":"https:\/\/guineediversite.com\/wp-content\/uploads\/2018\/05\/42201821529.jpg","contentUrl":"https:\/\/guineediversite.com\/wp-content\/uploads\/2018\/05\/42201821529.jpg","width":"1024","height":"768"},{"@type":"BreadcrumbList","@id":"https:\/\/guineediversite.com\/index.php\/2018\/05\/02\/lancement-de-de-la-formation-judiciaire-des-concervateurs-de-la-nature-discours-de-la-ministre-aissiatou-balde\/#breadcrumb","itemListElement":[{"@type":"ListItem","position":1,"name":"Accueil","item":"https:\/\/guineediversite.com\/"},{"@type":"ListItem","position":2,"name":"Lancement de de la formation judiciaire des concervateurs de la nature : Discours de la ministre Aissiatou Bald\u00e9"}]},{"@type":"WebSite","@id":"https:\/\/guineediversite.com\/#website","url":"https:\/\/guineediversite.com\/","name":"Guin\u00e9e Diversit\u00e9","description":"L&#039;Info dans toute sa diversit\u00e9","publisher":{"@id":"https:\/\/guineediversite.com\/#organization"},"potentialAction":[{"@type":"SearchAction","target":{"@type":"EntryPoint","urlTemplate":"https:\/\/guineediversite.com\/?s={search_term_string}"},"query-input":{"@type":"PropertyValueSpecification","valueRequired":true,"valueName":"search_term_string"}}],"inLanguage":"fr-FR"},{"@type":"Organization","@id":"https:\/\/guineediversite.com\/#organization","name":"Guin\u00e9e Diversit\u00e9","url":"https:\/\/guineediversite.com\/","logo":{"@type":"ImageObject","inLanguage":"fr-FR","@id":"https:\/\/guineediversite.com\/#\/schema\/logo\/image\/","url":"https:\/\/guineediversite.com\/wp-content\/uploads\/2017\/04\/cropped-1jojlxEOMkX9Wyqfhe43D6kjPOGqBBKmx3EwWJqZ0cMrFF54yM49.png","contentUrl":"https:\/\/guineediversite.com\/wp-content\/uploads\/2017\/04\/cropped-1jojlxEOMkX9Wyqfhe43D6kjPOGqBBKmx3EwWJqZ0cMrFF54yM49.png","width":186,"height":112,"caption":"Guin\u00e9e Diversit\u00e9"},"image":{"@id":"https:\/\/guineediversite.com\/#\/schema\/logo\/image\/"},"sameAs":["https:\/\/www.facebook.com\/guineediversite\/","https:\/\/x.com\/GuineeDiversite","https:\/\/www.youtube.com\/channel\/UC8sUY16qelG5ge6_D5SB83g"]},{"@type":"Person","@id":"https:\/\/guineediversite.com\/#\/schema\/person\/afa08fb34e7fc6e1feafc892612bc836","name":"Guin\u00e9e Diversit\u00e9","image":{"@type":"ImageObject","inLanguage":"fr-FR","@id":"https:\/\/guineediversite.com\/#\/schema\/person\/image\/","url":"https:\/\/secure.gravatar.com\/avatar\/50d5eb5b390f8b65ac30ac6f898eb83a?s=96&d=mm&r=g","contentUrl":"https:\/\/secure.gravatar.com\/avatar\/50d5eb5b390f8b65ac30ac6f898eb83a?s=96&d=mm&r=g","caption":"Guin\u00e9e Diversit\u00e9"},"url":"https:\/\/guineediversite.com\/index.php\/author\/guineediversite\/"}]}},"_links":{"self":[{"href":"https:\/\/guineediversite.com\/index.php\/wp-json\/wp\/v2\/posts\/25063"}],"collection":[{"href":"https:\/\/guineediversite.com\/index.php\/wp-json\/wp\/v2\/posts"}],"about":[{"href":"https:\/\/guineediversite.com\/index.php\/wp-json\/wp\/v2\/types\/post"}],"author":[{"embeddable":true,"href":"https:\/\/guineediversite.com\/index.php\/wp-json\/wp\/v2\/users\/12"}],"replies":[{"embeddable":true,"href":"https:\/\/guineediversite.com\/index.php\/wp-json\/wp\/v2\/comments?post=25063"}],"version-history":[{"count":0,"href":"https:\/\/guineediversite.com\/index.php\/wp-json\/wp\/v2\/posts\/25063\/revisions"}],"wp:featuredmedia":[{"embeddable":true,"href":"https:\/\/guineediversite.com\/index.php\/wp-json\/wp\/v2\/media\/25064"}],"wp:attachment":[{"href":"https:\/\/guineediversite.com\/index.php\/wp-json\/wp\/v2\/media?parent=25063"}],"wp:term":[{"taxonomy":"category","embeddable":true,"href":"https:\/\/guineediversite.com\/index.php\/wp-json\/wp\/v2\/categories?post=25063"},{"taxonomy":"post_tag","embeddable":true,"href":"https:\/\/guineediversite.com\/index.php\/wp-json\/wp\/v2\/tags?post=25063"}],"curies":[{"name":"wp","href":"https:\/\/api.w.org\/{rel}","templated":true}]}}