{"id":25053,"date":"2018-05-02T11:44:33","date_gmt":"2018-05-02T09:44:33","guid":{"rendered":"https:\/\/guineediversite.com\/?p=25053"},"modified":"2018-05-02T11:44:33","modified_gmt":"2018-05-02T09:44:33","slug":"celebration-de-la-fete-du-travail-les-recommandations-des-centrales-syndicales","status":"publish","type":"post","link":"https:\/\/guineediversite.com\/index.php\/2018\/05\/02\/celebration-de-la-fete-du-travail-les-recommandations-des-centrales-syndicales\/","title":{"rendered":"C\u00e9l\u00e9bration de la f\u00eate du travail :\u00a0les recommandations des centrales syndicales\u00a0"},"content":{"rendered":"<p><strong>La R\u00e9publique de Guin\u00e9e \u00e0 l\u2019instar des autres pays du monde entier a c\u00e9l\u00e9br\u00e9 en ce 1er mai 2018, la f\u00eate internationale du\u00a0travail,\u00a0sous\u00a0le th\u00e8me \u00ab Le dialogue social au service d\u2019un travail descend \u00bb.\u00a0\u00c0 Conakry, travailleurs du secteur public et priv\u00e9, centrales syndicales et membres du gouvernement s\u2019\u00e9taient donn\u00e9 rendez-vous au Palais du peuple pour la circonstance.<\/strong><\/p>\n<p>La c\u00e9l\u00e9bration de ce 132e anniversaire intervient dans un contexte o\u00f9, la Guin\u00e9e traverse une situation socio-\u00e9conomique difficile.\u00a0Pour exprimer ce malaise, les travailleurs r\u00e9unis\u00a0autour\u00a0des deux centrales\u00a0CNTG\u00a0et L\u2019USTG\u00a0ont \u00e9mis des recommandations relatives \u00e0 l\u2019am\u00e9lioration des conditions de vie et de travail de tous les travailleurs.<\/p>\n<p>C\u2019est dans une ambiance plus o\u00f9 moins festive que les diff\u00e9rents mouvements syndicaux v\u00eatus en uniforme ont scand\u00e9 des slogans relatifs \u00e0 l\u2019am\u00e9lioration de leurs conditions de vie et de travail.\u00a0Les travailleurs guin\u00e9ens souffrent dans leurs lieux de travail tant dans le priv\u00e9 que dans le public.\u00a0Pour rem\u00e9dier\u00a0ce d\u00e9ficit, ils\u00a0recommandent \u00e0\u00a0l\u2019Etat un certains nombres des points\u00a0conform\u00e9ment aux\u00a0conventions\u00a0relatives au\u00a0droit internationale statu\u00e9 par le\u00a0BIT.\u00a0Parmi les recommandations, le camarade Louis\u00a0Bemba\u00a0SOUMAH\u00a0secr\u00e9taire g\u00e9n\u00e9ral de l\u2019USTG\u00a0a indiqu\u00e9 ceci\u00a0\u00ab Le\u00a0respect de la r\u00e9glementation des heures de travail, l\u2019arr\u00eat des licenciements abusifs dans les soci\u00e9t\u00e9s et entreprises priv\u00e9es, le paiement des pensions des retrait\u00e9s au m\u00eame moment que les actifs, le d\u00e9plafonnement \u00e0 la caisse nationale de s\u00e9curit\u00e9 sociale, la r\u00e9habilitation de toutes les entreprises et soci\u00e9t\u00e9s en arr\u00eat, la suppression des barrages\u00a0non conventionnels\u00a0\u00bb.\u00a0Ce sont diff\u00e9rents points sont entre autres, le contenu du cahier de charge des syndicalistes.<br \/>\nQuant \u00e0 la partie gouvernementale, elle se flatte par rapport aux r\u00e9sultats obtenus dans le cadre de l\u2019am\u00e9lioration des conditions de vie des travailleurs et la r\u00e9duction du ch\u00f4mage.<br \/>\nRappelons que le secr\u00e9taire g\u00e9n\u00e9ral du\u00a0SLEG\u00a0syndicat libre des enseignants et chercheurs de Guin\u00e9e, Aboubacar\u00a0SOUMAH, \u00e9tait pr\u00e9sent malgr\u00e9 qu\u2019il n\u2019a\u00a0pas \u00e9t\u00e9 invit\u00e9.\u00a0Il a m\u00eame \u00e9t\u00e9 emp\u00each\u00e9 de serrer la main aux officiels pr\u00e9sents.<br \/>\nLa f\u00eate internationale tire son origine des combats du mouvement ouvrier pour obtenir la journ\u00e9e de huit heures, \u00e0 la fin du XIXe si\u00e8cle aux Etats-Unis.<\/p>\n<p><strong><em>Ousmane BAKAYOKO 622 472 893<\/em><\/strong><\/p>\n","protected":false},"excerpt":{"rendered":"<p>La R\u00e9publique de Guin\u00e9e \u00e0 l\u2019instar des autres pays du monde entier a c\u00e9l\u00e9br\u00e9 en ce 1er mai 2018, la f\u00eate internationale du\u00a0travail,\u00a0sous\u00a0le th\u00e8me \u00ab Le dialogue social au service d\u2019un travail descend \u00bb.\u00a0\u00c0 Conakry, travailleurs du secteur public et priv\u00e9, centrales syndicales et membres du gouvernement s\u2019\u00e9taient donn\u00e9 rendez-vous au Palais du peuple pour [&hellip;]<\/p>\n","protected":false},"author":7,"featured_media":25054,"comment_status":"closed","ping_status":"closed","sticky":false,"template":"","format":"standard","meta":{"_exactmetrics_skip_tracking":false,"_exactmetrics_sitenote_active":false,"_exactmetrics_sitenote_note":"","_exactmetrics_sitenote_category":0,"tdm_status":"","tdm_grid_status":"","footnotes":""},"categories":[16],"tags":[],"class_list":{"0":"post-25053","1":"post","2":"type-post","3":"status-publish","4":"format-standard","5":"has-post-thumbnail","7":"category-societe"},"yoast_head":"<!-- This site is optimized with the Yoast SEO plugin v24.2 - https:\/\/yoast.com\/wordpress\/plugins\/seo\/ -->\n<title>C\u00e9l\u00e9bration de la f\u00eate du travail :\u00a0les recommandations des centrales syndicales\u00a0 | Guin\u00e9e Diversit\u00e9<\/title>\n<meta name=\"robots\" content=\"index, follow, max-snippet:-1, max-image-preview:large, max-video-preview:-1\" \/>\n<link rel=\"canonical\" href=\"https:\/\/guineediversite.com\/index.php\/2018\/05\/02\/celebration-de-la-fete-du-travail-les-recommandations-des-centrales-syndicales\/\" \/>\n<meta property=\"og:locale\" content=\"fr_FR\" \/>\n<meta property=\"og:type\" content=\"article\" \/>\n<meta property=\"og:title\" content=\"C\u00e9l\u00e9bration de la f\u00eate du travail :\u00a0les recommandations des centrales syndicales\u00a0 | Guin\u00e9e Diversit\u00e9\" \/>\n<meta property=\"og:description\" content=\"La R\u00e9publique de Guin\u00e9e \u00e0 l\u2019instar des autres pays du monde entier a c\u00e9l\u00e9br\u00e9 en ce 1er mai 2018, la f\u00eate internationale du\u00a0travail,\u00a0sous\u00a0le th\u00e8me \u00ab Le dialogue social au service d\u2019un travail descend \u00bb.\u00a0\u00c0 Conakry, travailleurs du secteur public et priv\u00e9, centrales syndicales et membres du gouvernement s\u2019\u00e9taient donn\u00e9 rendez-vous au Palais du peuple pour [&hellip;]\" \/>\n<meta property=\"og:url\" content=\"https:\/\/guineediversite.com\/index.php\/2018\/05\/02\/celebration-de-la-fete-du-travail-les-recommandations-des-centrales-syndicales\/\" \/>\n<meta property=\"og:site_name\" content=\"Guin\u00e9e Diversit\u00e9\" \/>\n<meta property=\"article:publisher\" content=\"https:\/\/www.facebook.com\/guineediversite\/\" \/>\n<meta property=\"article:published_time\" content=\"2018-05-02T09:44:33+00:00\" \/>\n<meta property=\"og:image\" content=\"https:\/\/guineediversite.com\/wp-content\/uploads\/2018\/05\/31747848_2024066531188455_505216418912927744_n.jpg\" \/>\n\t<meta property=\"og:image:width\" content=\"1401\" \/>\n\t<meta property=\"og:image:height\" content=\"1051\" \/>\n\t<meta property=\"og:image:type\" content=\"image\/jpeg\" \/>\n<meta name=\"author\" content=\"Bilguissa Diallo\" \/>\n<meta name=\"twitter:card\" content=\"summary_large_image\" \/>\n<meta name=\"twitter:creator\" content=\"@GuineeDiversite\" \/>\n<meta name=\"twitter:site\" content=\"@GuineeDiversite\" \/>\n<meta name=\"twitter:label1\" content=\"\u00c9crit par\" \/>\n\t<meta name=\"twitter:data1\" content=\"Bilguissa Diallo\" \/>\n\t<meta name=\"twitter:label2\" content=\"Dur\u00e9e de lecture estim\u00e9e\" \/>\n\t<meta name=\"twitter:data2\" content=\"2 minutes\" \/>\n<script type=\"application\/ld+json\" class=\"yoast-schema-graph\">{\"@context\":\"https:\/\/schema.org\",\"@graph\":[{\"@type\":\"Article\",\"@id\":\"https:\/\/guineediversite.com\/index.php\/2018\/05\/02\/celebration-de-la-fete-du-travail-les-recommandations-des-centrales-syndicales\/#article\",\"isPartOf\":{\"@id\":\"https:\/\/guineediversite.com\/index.php\/2018\/05\/02\/celebration-de-la-fete-du-travail-les-recommandations-des-centrales-syndicales\/\"},\"author\":{\"name\":\"Bilguissa Diallo\",\"@id\":\"https:\/\/guineediversite.com\/#\/schema\/person\/0e0e3e424768a50d025ac2218ccca73f\"},\"headline\":\"C\u00e9l\u00e9bration de la f\u00eate du travail :\u00a0les recommandations des centrales syndicales\u00a0\",\"datePublished\":\"2018-05-02T09:44:33+00:00\",\"dateModified\":\"2018-05-02T09:44:33+00:00\",\"mainEntityOfPage\":{\"@id\":\"https:\/\/guineediversite.com\/index.php\/2018\/05\/02\/celebration-de-la-fete-du-travail-les-recommandations-des-centrales-syndicales\/\"},\"wordCount\":430,\"publisher\":{\"@id\":\"https:\/\/guineediversite.com\/#organization\"},\"image\":{\"@id\":\"https:\/\/guineediversite.com\/index.php\/2018\/05\/02\/celebration-de-la-fete-du-travail-les-recommandations-des-centrales-syndicales\/#primaryimage\"},\"thumbnailUrl\":\"https:\/\/guineediversite.com\/wp-content\/uploads\/2018\/05\/31747848_2024066531188455_505216418912927744_n.jpg\",\"articleSection\":[\"Soci\u00e9t\u00e9\"],\"inLanguage\":\"fr-FR\"},{\"@type\":\"WebPage\",\"@id\":\"https:\/\/guineediversite.com\/index.php\/2018\/05\/02\/celebration-de-la-fete-du-travail-les-recommandations-des-centrales-syndicales\/\",\"url\":\"https:\/\/guineediversite.com\/index.php\/2018\/05\/02\/celebration-de-la-fete-du-travail-les-recommandations-des-centrales-syndicales\/\",\"name\":\"C\u00e9l\u00e9bration de la f\u00eate du travail :\u00a0les recommandations des centrales syndicales\u00a0 | Guin\u00e9e Diversit\u00e9\",\"isPartOf\":{\"@id\":\"https:\/\/guineediversite.com\/#website\"},\"primaryImageOfPage\":{\"@id\":\"https:\/\/guineediversite.com\/index.php\/2018\/05\/02\/celebration-de-la-fete-du-travail-les-recommandations-des-centrales-syndicales\/#primaryimage\"},\"image\":{\"@id\":\"https:\/\/guineediversite.com\/index.php\/2018\/05\/02\/celebration-de-la-fete-du-travail-les-recommandations-des-centrales-syndicales\/#primaryimage\"},\"thumbnailUrl\":\"https:\/\/guineediversite.com\/wp-content\/uploads\/2018\/05\/31747848_2024066531188455_505216418912927744_n.jpg\",\"datePublished\":\"2018-05-02T09:44:33+00:00\",\"dateModified\":\"2018-05-02T09:44:33+00:00\",\"breadcrumb\":{\"@id\":\"https:\/\/guineediversite.com\/index.php\/2018\/05\/02\/celebration-de-la-fete-du-travail-les-recommandations-des-centrales-syndicales\/#breadcrumb\"},\"inLanguage\":\"fr-FR\",\"potentialAction\":[{\"@type\":\"ReadAction\",\"target\":[\"https:\/\/guineediversite.com\/index.php\/2018\/05\/02\/celebration-de-la-fete-du-travail-les-recommandations-des-centrales-syndicales\/\"]}]},{\"@type\":\"ImageObject\",\"inLanguage\":\"fr-FR\",\"@id\":\"https:\/\/guineediversite.com\/index.php\/2018\/05\/02\/celebration-de-la-fete-du-travail-les-recommandations-des-centrales-syndicales\/#primaryimage\",\"url\":\"https:\/\/guineediversite.com\/wp-content\/uploads\/2018\/05\/31747848_2024066531188455_505216418912927744_n.jpg\",\"contentUrl\":\"https:\/\/guineediversite.com\/wp-content\/uploads\/2018\/05\/31747848_2024066531188455_505216418912927744_n.jpg\",\"width\":\"1401\",\"height\":\"1051\"},{\"@type\":\"BreadcrumbList\",\"@id\":\"https:\/\/guineediversite.com\/index.php\/2018\/05\/02\/celebration-de-la-fete-du-travail-les-recommandations-des-centrales-syndicales\/#breadcrumb\",\"itemListElement\":[{\"@type\":\"ListItem\",\"position\":1,\"name\":\"Accueil\",\"item\":\"https:\/\/guineediversite.com\/\"},{\"@type\":\"ListItem\",\"position\":2,\"name\":\"C\u00e9l\u00e9bration de la f\u00eate du travail :\u00a0les recommandations des centrales syndicales\u00a0\"}]},{\"@type\":\"WebSite\",\"@id\":\"https:\/\/guineediversite.com\/#website\",\"url\":\"https:\/\/guineediversite.com\/\",\"name\":\"Guin\u00e9e Diversit\u00e9\",\"description\":\"L&#039;Info dans toute sa diversit\u00e9\",\"publisher\":{\"@id\":\"https:\/\/guineediversite.com\/#organization\"},\"potentialAction\":[{\"@type\":\"SearchAction\",\"target\":{\"@type\":\"EntryPoint\",\"urlTemplate\":\"https:\/\/guineediversite.com\/?s={search_term_string}\"},\"query-input\":{\"@type\":\"PropertyValueSpecification\",\"valueRequired\":true,\"valueName\":\"search_term_string\"}}],\"inLanguage\":\"fr-FR\"},{\"@type\":\"Organization\",\"@id\":\"https:\/\/guineediversite.com\/#organization\",\"name\":\"Guin\u00e9e Diversit\u00e9\",\"url\":\"https:\/\/guineediversite.com\/\",\"logo\":{\"@type\":\"ImageObject\",\"inLanguage\":\"fr-FR\",\"@id\":\"https:\/\/guineediversite.com\/#\/schema\/logo\/image\/\",\"url\":\"https:\/\/guineediversite.com\/wp-content\/uploads\/2017\/04\/cropped-1jojlxEOMkX9Wyqfhe43D6kjPOGqBBKmx3EwWJqZ0cMrFF54yM49.png\",\"contentUrl\":\"https:\/\/guineediversite.com\/wp-content\/uploads\/2017\/04\/cropped-1jojlxEOMkX9Wyqfhe43D6kjPOGqBBKmx3EwWJqZ0cMrFF54yM49.png\",\"width\":186,\"height\":112,\"caption\":\"Guin\u00e9e Diversit\u00e9\"},\"image\":{\"@id\":\"https:\/\/guineediversite.com\/#\/schema\/logo\/image\/\"},\"sameAs\":[\"https:\/\/www.facebook.com\/guineediversite\/\",\"https:\/\/x.com\/GuineeDiversite\",\"https:\/\/www.youtube.com\/channel\/UC8sUY16qelG5ge6_D5SB83g\"]},{\"@type\":\"Person\",\"@id\":\"https:\/\/guineediversite.com\/#\/schema\/person\/0e0e3e424768a50d025ac2218ccca73f\",\"name\":\"Bilguissa Diallo\",\"image\":{\"@type\":\"ImageObject\",\"inLanguage\":\"fr-FR\",\"@id\":\"https:\/\/guineediversite.com\/#\/schema\/person\/image\/\",\"url\":\"https:\/\/secure.gravatar.com\/avatar\/49bbbd2420ee34d62b1b191791f4b5df?s=96&d=mm&r=g\",\"contentUrl\":\"https:\/\/secure.gravatar.com\/avatar\/49bbbd2420ee34d62b1b191791f4b5df?s=96&d=mm&r=g\",\"caption\":\"Bilguissa Diallo\"},\"url\":\"https:\/\/guineediversite.com\/index.php\/author\/bilguissa\/\"}]}<\/script>\n<!-- \/ Yoast SEO plugin. -->","yoast_head_json":{"title":"C\u00e9l\u00e9bration de la f\u00eate du travail :\u00a0les recommandations des centrales syndicales\u00a0 | Guin\u00e9e Diversit\u00e9","robots":{"index":"index","follow":"follow","max-snippet":"max-snippet:-1","max-image-preview":"max-image-preview:large","max-video-preview":"max-video-preview:-1"},"canonical":"https:\/\/guineediversite.com\/index.php\/2018\/05\/02\/celebration-de-la-fete-du-travail-les-recommandations-des-centrales-syndicales\/","og_locale":"fr_FR","og_type":"article","og_title":"C\u00e9l\u00e9bration de la f\u00eate du travail :\u00a0les recommandations des centrales syndicales\u00a0 | Guin\u00e9e Diversit\u00e9","og_description":"La R\u00e9publique de Guin\u00e9e \u00e0 l\u2019instar des autres pays du monde entier a c\u00e9l\u00e9br\u00e9 en ce 1er mai 2018, la f\u00eate internationale du\u00a0travail,\u00a0sous\u00a0le th\u00e8me \u00ab Le dialogue social au service d\u2019un travail descend \u00bb.\u00a0\u00c0 Conakry, travailleurs du secteur public et priv\u00e9, centrales syndicales et membres du gouvernement s\u2019\u00e9taient donn\u00e9 rendez-vous au Palais du peuple pour [&hellip;]","og_url":"https:\/\/guineediversite.com\/index.php\/2018\/05\/02\/celebration-de-la-fete-du-travail-les-recommandations-des-centrales-syndicales\/","og_site_name":"Guin\u00e9e Diversit\u00e9","article_publisher":"https:\/\/www.facebook.com\/guineediversite\/","article_published_time":"2018-05-02T09:44:33+00:00","og_image":[{"width":1401,"height":1051,"url":"https:\/\/guineediversite.com\/wp-content\/uploads\/2018\/05\/31747848_2024066531188455_505216418912927744_n.jpg","type":"image\/jpeg"}],"author":"Bilguissa Diallo","twitter_card":"summary_large_image","twitter_creator":"@GuineeDiversite","twitter_site":"@GuineeDiversite","twitter_misc":{"\u00c9crit par":"Bilguissa Diallo","Dur\u00e9e de lecture estim\u00e9e":"2 minutes"},"schema":{"@context":"https:\/\/schema.org","@graph":[{"@type":"Article","@id":"https:\/\/guineediversite.com\/index.php\/2018\/05\/02\/celebration-de-la-fete-du-travail-les-recommandations-des-centrales-syndicales\/#article","isPartOf":{"@id":"https:\/\/guineediversite.com\/index.php\/2018\/05\/02\/celebration-de-la-fete-du-travail-les-recommandations-des-centrales-syndicales\/"},"author":{"name":"Bilguissa Diallo","@id":"https:\/\/guineediversite.com\/#\/schema\/person\/0e0e3e424768a50d025ac2218ccca73f"},"headline":"C\u00e9l\u00e9bration de la f\u00eate du travail :\u00a0les recommandations des centrales syndicales\u00a0","datePublished":"2018-05-02T09:44:33+00:00","dateModified":"2018-05-02T09:44:33+00:00","mainEntityOfPage":{"@id":"https:\/\/guineediversite.com\/index.php\/2018\/05\/02\/celebration-de-la-fete-du-travail-les-recommandations-des-centrales-syndicales\/"},"wordCount":430,"publisher":{"@id":"https:\/\/guineediversite.com\/#organization"},"image":{"@id":"https:\/\/guineediversite.com\/index.php\/2018\/05\/02\/celebration-de-la-fete-du-travail-les-recommandations-des-centrales-syndicales\/#primaryimage"},"thumbnailUrl":"https:\/\/guineediversite.com\/wp-content\/uploads\/2018\/05\/31747848_2024066531188455_505216418912927744_n.jpg","articleSection":["Soci\u00e9t\u00e9"],"inLanguage":"fr-FR"},{"@type":"WebPage","@id":"https:\/\/guineediversite.com\/index.php\/2018\/05\/02\/celebration-de-la-fete-du-travail-les-recommandations-des-centrales-syndicales\/","url":"https:\/\/guineediversite.com\/index.php\/2018\/05\/02\/celebration-de-la-fete-du-travail-les-recommandations-des-centrales-syndicales\/","name":"C\u00e9l\u00e9bration de la f\u00eate du travail :\u00a0les recommandations des centrales syndicales\u00a0 | Guin\u00e9e Diversit\u00e9","isPartOf":{"@id":"https:\/\/guineediversite.com\/#website"},"primaryImageOfPage":{"@id":"https:\/\/guineediversite.com\/index.php\/2018\/05\/02\/celebration-de-la-fete-du-travail-les-recommandations-des-centrales-syndicales\/#primaryimage"},"image":{"@id":"https:\/\/guineediversite.com\/index.php\/2018\/05\/02\/celebration-de-la-fete-du-travail-les-recommandations-des-centrales-syndicales\/#primaryimage"},"thumbnailUrl":"https:\/\/guineediversite.com\/wp-content\/uploads\/2018\/05\/31747848_2024066531188455_505216418912927744_n.jpg","datePublished":"2018-05-02T09:44:33+00:00","dateModified":"2018-05-02T09:44:33+00:00","breadcrumb":{"@id":"https:\/\/guineediversite.com\/index.php\/2018\/05\/02\/celebration-de-la-fete-du-travail-les-recommandations-des-centrales-syndicales\/#breadcrumb"},"inLanguage":"fr-FR","potentialAction":[{"@type":"ReadAction","target":["https:\/\/guineediversite.com\/index.php\/2018\/05\/02\/celebration-de-la-fete-du-travail-les-recommandations-des-centrales-syndicales\/"]}]},{"@type":"ImageObject","inLanguage":"fr-FR","@id":"https:\/\/guineediversite.com\/index.php\/2018\/05\/02\/celebration-de-la-fete-du-travail-les-recommandations-des-centrales-syndicales\/#primaryimage","url":"https:\/\/guineediversite.com\/wp-content\/uploads\/2018\/05\/31747848_2024066531188455_505216418912927744_n.jpg","contentUrl":"https:\/\/guineediversite.com\/wp-content\/uploads\/2018\/05\/31747848_2024066531188455_505216418912927744_n.jpg","width":"1401","height":"1051"},{"@type":"BreadcrumbList","@id":"https:\/\/guineediversite.com\/index.php\/2018\/05\/02\/celebration-de-la-fete-du-travail-les-recommandations-des-centrales-syndicales\/#breadcrumb","itemListElement":[{"@type":"ListItem","position":1,"name":"Accueil","item":"https:\/\/guineediversite.com\/"},{"@type":"ListItem","position":2,"name":"C\u00e9l\u00e9bration de la f\u00eate du travail :\u00a0les recommandations des centrales syndicales\u00a0"}]},{"@type":"WebSite","@id":"https:\/\/guineediversite.com\/#website","url":"https:\/\/guineediversite.com\/","name":"Guin\u00e9e Diversit\u00e9","description":"L&#039;Info dans toute sa diversit\u00e9","publisher":{"@id":"https:\/\/guineediversite.com\/#organization"},"potentialAction":[{"@type":"SearchAction","target":{"@type":"EntryPoint","urlTemplate":"https:\/\/guineediversite.com\/?s={search_term_string}"},"query-input":{"@type":"PropertyValueSpecification","valueRequired":true,"valueName":"search_term_string"}}],"inLanguage":"fr-FR"},{"@type":"Organization","@id":"https:\/\/guineediversite.com\/#organization","name":"Guin\u00e9e Diversit\u00e9","url":"https:\/\/guineediversite.com\/","logo":{"@type":"ImageObject","inLanguage":"fr-FR","@id":"https:\/\/guineediversite.com\/#\/schema\/logo\/image\/","url":"https:\/\/guineediversite.com\/wp-content\/uploads\/2017\/04\/cropped-1jojlxEOMkX9Wyqfhe43D6kjPOGqBBKmx3EwWJqZ0cMrFF54yM49.png","contentUrl":"https:\/\/guineediversite.com\/wp-content\/uploads\/2017\/04\/cropped-1jojlxEOMkX9Wyqfhe43D6kjPOGqBBKmx3EwWJqZ0cMrFF54yM49.png","width":186,"height":112,"caption":"Guin\u00e9e Diversit\u00e9"},"image":{"@id":"https:\/\/guineediversite.com\/#\/schema\/logo\/image\/"},"sameAs":["https:\/\/www.facebook.com\/guineediversite\/","https:\/\/x.com\/GuineeDiversite","https:\/\/www.youtube.com\/channel\/UC8sUY16qelG5ge6_D5SB83g"]},{"@type":"Person","@id":"https:\/\/guineediversite.com\/#\/schema\/person\/0e0e3e424768a50d025ac2218ccca73f","name":"Bilguissa Diallo","image":{"@type":"ImageObject","inLanguage":"fr-FR","@id":"https:\/\/guineediversite.com\/#\/schema\/person\/image\/","url":"https:\/\/secure.gravatar.com\/avatar\/49bbbd2420ee34d62b1b191791f4b5df?s=96&d=mm&r=g","contentUrl":"https:\/\/secure.gravatar.com\/avatar\/49bbbd2420ee34d62b1b191791f4b5df?s=96&d=mm&r=g","caption":"Bilguissa Diallo"},"url":"https:\/\/guineediversite.com\/index.php\/author\/bilguissa\/"}]}},"_links":{"self":[{"href":"https:\/\/guineediversite.com\/index.php\/wp-json\/wp\/v2\/posts\/25053"}],"collection":[{"href":"https:\/\/guineediversite.com\/index.php\/wp-json\/wp\/v2\/posts"}],"about":[{"href":"https:\/\/guineediversite.com\/index.php\/wp-json\/wp\/v2\/types\/post"}],"author":[{"embeddable":true,"href":"https:\/\/guineediversite.com\/index.php\/wp-json\/wp\/v2\/users\/7"}],"replies":[{"embeddable":true,"href":"https:\/\/guineediversite.com\/index.php\/wp-json\/wp\/v2\/comments?post=25053"}],"version-history":[{"count":0,"href":"https:\/\/guineediversite.com\/index.php\/wp-json\/wp\/v2\/posts\/25053\/revisions"}],"wp:featuredmedia":[{"embeddable":true,"href":"https:\/\/guineediversite.com\/index.php\/wp-json\/wp\/v2\/media\/25054"}],"wp:attachment":[{"href":"https:\/\/guineediversite.com\/index.php\/wp-json\/wp\/v2\/media?parent=25053"}],"wp:term":[{"taxonomy":"category","embeddable":true,"href":"https:\/\/guineediversite.com\/index.php\/wp-json\/wp\/v2\/categories?post=25053"},{"taxonomy":"post_tag","embeddable":true,"href":"https:\/\/guineediversite.com\/index.php\/wp-json\/wp\/v2\/tags?post=25053"}],"curies":[{"name":"wp","href":"https:\/\/api.w.org\/{rel}","templated":true}]}}