{"id":25049,"date":"2018-05-01T18:47:33","date_gmt":"2018-05-01T16:47:33","guid":{"rendered":"https:\/\/guineediversite.com\/?p=25049"},"modified":"2018-05-03T00:21:53","modified_gmt":"2018-05-02T22:21:53","slug":"fete-du-travail-aboubacar-soumah-empecher-de-saluer-les-ministres","status":"publish","type":"post","link":"https:\/\/guineediversite.com\/index.php\/2018\/05\/01\/fete-du-travail-aboubacar-soumah-empecher-de-saluer-les-ministres\/","title":{"rendered":"F\u00eate du travail\u00a0: Aboubacar Soumah emp\u00each\u00e9 de saluer les ministres."},"content":{"rendered":"<p><strong><span id=\"p1\">Bien qu&rsquo;il\u00a0n&rsquo;\u00e9tait\u00a0pas invit\u00e9 \u00e0 cette f\u00eate internationale du travail, le Syndicat Libre des Enseignants et Chercheurs de Guin\u00e9e\u00a0<span id=\"p0\">(<span id=\"9\">SLECG<\/span>)<\/span>, dirig\u00e9 par son Secr\u00e9taire G\u00e9n\u00e9ral Aboubacar\u00a0<span id=\"11\">Soumah<\/span>, a tenu \u00e0 marquer\u00a0 sa pr\u00e9sence \u00e0 la c\u00e9r\u00e9monie officielle.<br \/>\n<\/span><\/strong><br \/>\n<span id=\"p41\">Si t\u00f4t arriv\u00e9 sur l&rsquo;esplanade, Aboubacar\u00a0<span id=\"48\" class=\"s-rg-t\">Soumah<\/span>\u00a0a \u00e9t\u00e9 ovationn\u00e9 par la foule, une chose qui n&rsquo;a pas \u00e9t\u00e9 du go\u00fbt d&rsquo;Amadou\u00a0<span id=\"49\" class=\"s-rg-t\">Diallo<\/span>\u00a0secr\u00e9taire g\u00e9n\u00e9ral de la Centrale nationale des travailleurs de Guin\u00e9e qui a pr\u00e9cipitamment demand\u00e9 aux ma\u00eetres de c\u00e9r\u00e9monie de ne pas annoncer l&rsquo;arriv\u00e9 du\u00a0<span id=\"50\" class=\"s-rg-t\">SLECG<\/span>\u00a0au micro.<\/span><span id=\"p42\">\u00a0Par cons\u00e9quent, le cort\u00e8ge du meneur de la gr\u00e8ve est\u00a0<span id=\"51\" class=\"s-ve-t\">pass\u00e9<\/span>\u00a0sans que d&rsquo;autres ne s&rsquo;en aper\u00e7oivent.<\/p>\n<p><\/span><span id=\"p43\">Apr\u00e8s le d\u00e9fil\u00e9 du Syndicat Libre des Enseignants et Chercheurs de Guin\u00e9e, il \u00e9tait question pour Aboubacar\u00a0<span id=\"52\" class=\"s-rg-t\">Soumah<\/span>\u00a0de monter \u00e0 la tribune afin de pouvoir saluer le chef du gouvernement et d&rsquo;autres personnalit\u00e9s invit\u00e9es.<\/span><span id=\"p66\">\u00a0Mais c&rsquo;\u00e9tait une peine perdue, car il s&rsquo;est vu bloqu\u00e9 par des forces de l&rsquo;ordre qui l&rsquo;ont emp\u00each\u00e9 de saluer le ministre.<\/span><span id=\"p65\">\u00a0Interrog\u00e9 sur cet acte, le Camarade Syndicaliste d\u00e9clare :<\/span><span id=\"p46\">\u00ab <em>Moi, en temps que secr\u00e9taire g\u00e9n\u00e9ral du\u00a0<span id=\"57\" class=\"s-rg-t\">SLECG<\/span>, une organisation affili\u00e9e \u00e0 l&rsquo;<span id=\"58\" class=\"s-rg-t\">USTG<\/span>\u00a0qui est partie prenante de cette organisation de la f\u00eate internationale de travail, je ne dois pas rester en marge\u00a0de la\u00a0c\u00e9l\u00e9bration de la f\u00eate des travailleurs.<\/em><\/span><span id=\"p47\"><em>\u00a0Donc, c&rsquo;est ce qui a fait qu&rsquo;il a \u00e9t\u00e9 d\u00e9cid\u00e9 au niveau du bureau ex\u00e9cutif national du\u00a0<span id=\"61\">SLECG<\/span>\u00a0de venir participer m\u00eame si on n&rsquo;a pas \u00e9t\u00e9\u00a0invit\u00e9<\/em> \u00bb, explique Aboubacar\u00a0<span id=\"62\">Soumah<\/span>\u00a0avant de fustiger le comportement de ceux qui l&rsquo;on\u00a0emp\u00each\u00e9 de monter m\u00eame \u00e0 la tribune.<\/span><\/p>\n","protected":false},"excerpt":{"rendered":"<p>Bien qu&rsquo;il\u00a0n&rsquo;\u00e9tait\u00a0pas invit\u00e9 \u00e0 cette f\u00eate internationale du travail, le Syndicat Libre des Enseignants et Chercheurs de Guin\u00e9e\u00a0(SLECG), dirig\u00e9 par son Secr\u00e9taire G\u00e9n\u00e9ral Aboubacar\u00a0Soumah, a tenu \u00e0 marquer\u00a0 sa pr\u00e9sence \u00e0 la c\u00e9r\u00e9monie officielle. Si t\u00f4t arriv\u00e9 sur l&rsquo;esplanade, Aboubacar\u00a0Soumah\u00a0a \u00e9t\u00e9 ovationn\u00e9 par la foule, une chose qui n&rsquo;a pas \u00e9t\u00e9 du go\u00fbt d&rsquo;Amadou\u00a0Diallo\u00a0secr\u00e9taire g\u00e9n\u00e9ral [&hellip;]<\/p>\n","protected":false},"author":16,"featured_media":24080,"comment_status":"closed","ping_status":"closed","sticky":false,"template":"","format":"standard","meta":{"_exactmetrics_skip_tracking":false,"_exactmetrics_sitenote_active":false,"_exactmetrics_sitenote_note":"","_exactmetrics_sitenote_category":0,"tdm_status":"","tdm_grid_status":"","footnotes":""},"categories":[16],"tags":[],"class_list":{"0":"post-25049","1":"post","2":"type-post","3":"status-publish","4":"format-standard","5":"has-post-thumbnail","7":"category-societe"},"yoast_head":"<!-- This site is optimized with the Yoast SEO plugin v24.2 - https:\/\/yoast.com\/wordpress\/plugins\/seo\/ -->\n<title>F\u00eate du travail\u00a0: Aboubacar Soumah emp\u00each\u00e9 de saluer les ministres. | Guin\u00e9e Diversit\u00e9<\/title>\n<meta name=\"robots\" content=\"index, follow, max-snippet:-1, max-image-preview:large, max-video-preview:-1\" \/>\n<link rel=\"canonical\" href=\"https:\/\/guineediversite.com\/index.php\/2018\/05\/01\/fete-du-travail-aboubacar-soumah-empecher-de-saluer-les-ministres\/\" \/>\n<meta property=\"og:locale\" content=\"fr_FR\" \/>\n<meta property=\"og:type\" content=\"article\" \/>\n<meta property=\"og:title\" content=\"F\u00eate du travail\u00a0: Aboubacar Soumah emp\u00each\u00e9 de saluer les ministres. | Guin\u00e9e Diversit\u00e9\" \/>\n<meta property=\"og:description\" content=\"Bien qu&rsquo;il\u00a0n&rsquo;\u00e9tait\u00a0pas invit\u00e9 \u00e0 cette f\u00eate internationale du travail, le Syndicat Libre des Enseignants et Chercheurs de Guin\u00e9e\u00a0(SLECG), dirig\u00e9 par son Secr\u00e9taire G\u00e9n\u00e9ral Aboubacar\u00a0Soumah, a tenu \u00e0 marquer\u00a0 sa pr\u00e9sence \u00e0 la c\u00e9r\u00e9monie officielle. Si t\u00f4t arriv\u00e9 sur l&rsquo;esplanade, Aboubacar\u00a0Soumah\u00a0a \u00e9t\u00e9 ovationn\u00e9 par la foule, une chose qui n&rsquo;a pas \u00e9t\u00e9 du go\u00fbt d&rsquo;Amadou\u00a0Diallo\u00a0secr\u00e9taire g\u00e9n\u00e9ral [&hellip;]\" \/>\n<meta property=\"og:url\" content=\"https:\/\/guineediversite.com\/index.php\/2018\/05\/01\/fete-du-travail-aboubacar-soumah-empecher-de-saluer-les-ministres\/\" \/>\n<meta property=\"og:site_name\" content=\"Guin\u00e9e Diversit\u00e9\" \/>\n<meta property=\"article:publisher\" content=\"https:\/\/www.facebook.com\/guineediversite\/\" \/>\n<meta property=\"article:published_time\" content=\"2018-05-01T16:47:33+00:00\" \/>\n<meta property=\"article:modified_time\" content=\"2018-05-02T22:21:53+00:00\" \/>\n<meta property=\"og:image\" content=\"https:\/\/guineediversite.com\/wp-content\/uploads\/2018\/02\/Aboubacar-Soumah.jpg\" \/>\n\t<meta property=\"og:image:width\" content=\"1024\" \/>\n\t<meta property=\"og:image:height\" content=\"854\" \/>\n\t<meta property=\"og:image:type\" content=\"image\/jpeg\" \/>\n<meta name=\"author\" content=\"Moussa Mo\u00efse K\u00e9ita\" \/>\n<meta name=\"twitter:card\" content=\"summary_large_image\" \/>\n<meta name=\"twitter:creator\" content=\"@GuineeDiversite\" \/>\n<meta name=\"twitter:site\" content=\"@GuineeDiversite\" \/>\n<meta name=\"twitter:label1\" content=\"\u00c9crit par\" \/>\n\t<meta name=\"twitter:data1\" content=\"Moussa Mo\u00efse K\u00e9ita\" \/>\n\t<meta name=\"twitter:label2\" content=\"Dur\u00e9e de lecture estim\u00e9e\" \/>\n\t<meta name=\"twitter:data2\" content=\"1 minute\" \/>\n<script type=\"application\/ld+json\" class=\"yoast-schema-graph\">{\"@context\":\"https:\/\/schema.org\",\"@graph\":[{\"@type\":\"Article\",\"@id\":\"https:\/\/guineediversite.com\/index.php\/2018\/05\/01\/fete-du-travail-aboubacar-soumah-empecher-de-saluer-les-ministres\/#article\",\"isPartOf\":{\"@id\":\"https:\/\/guineediversite.com\/index.php\/2018\/05\/01\/fete-du-travail-aboubacar-soumah-empecher-de-saluer-les-ministres\/\"},\"author\":{\"name\":\"Moussa Mo\u00efse K\u00e9ita\",\"@id\":\"https:\/\/guineediversite.com\/#\/schema\/person\/079ec347f72d2acde4b56a50a4fd46dc\"},\"headline\":\"F\u00eate du travail\u00a0: Aboubacar Soumah emp\u00each\u00e9 de saluer les ministres.\",\"datePublished\":\"2018-05-01T16:47:33+00:00\",\"dateModified\":\"2018-05-02T22:21:53+00:00\",\"mainEntityOfPage\":{\"@id\":\"https:\/\/guineediversite.com\/index.php\/2018\/05\/01\/fete-du-travail-aboubacar-soumah-empecher-de-saluer-les-ministres\/\"},\"wordCount\":324,\"publisher\":{\"@id\":\"https:\/\/guineediversite.com\/#organization\"},\"image\":{\"@id\":\"https:\/\/guineediversite.com\/index.php\/2018\/05\/01\/fete-du-travail-aboubacar-soumah-empecher-de-saluer-les-ministres\/#primaryimage\"},\"thumbnailUrl\":\"https:\/\/guineediversite.com\/wp-content\/uploads\/2018\/02\/Aboubacar-Soumah.jpg\",\"articleSection\":[\"Soci\u00e9t\u00e9\"],\"inLanguage\":\"fr-FR\"},{\"@type\":\"WebPage\",\"@id\":\"https:\/\/guineediversite.com\/index.php\/2018\/05\/01\/fete-du-travail-aboubacar-soumah-empecher-de-saluer-les-ministres\/\",\"url\":\"https:\/\/guineediversite.com\/index.php\/2018\/05\/01\/fete-du-travail-aboubacar-soumah-empecher-de-saluer-les-ministres\/\",\"name\":\"F\u00eate du travail\u00a0: Aboubacar Soumah emp\u00each\u00e9 de saluer les ministres. | Guin\u00e9e Diversit\u00e9\",\"isPartOf\":{\"@id\":\"https:\/\/guineediversite.com\/#website\"},\"primaryImageOfPage\":{\"@id\":\"https:\/\/guineediversite.com\/index.php\/2018\/05\/01\/fete-du-travail-aboubacar-soumah-empecher-de-saluer-les-ministres\/#primaryimage\"},\"image\":{\"@id\":\"https:\/\/guineediversite.com\/index.php\/2018\/05\/01\/fete-du-travail-aboubacar-soumah-empecher-de-saluer-les-ministres\/#primaryimage\"},\"thumbnailUrl\":\"https:\/\/guineediversite.com\/wp-content\/uploads\/2018\/02\/Aboubacar-Soumah.jpg\",\"datePublished\":\"2018-05-01T16:47:33+00:00\",\"dateModified\":\"2018-05-02T22:21:53+00:00\",\"breadcrumb\":{\"@id\":\"https:\/\/guineediversite.com\/index.php\/2018\/05\/01\/fete-du-travail-aboubacar-soumah-empecher-de-saluer-les-ministres\/#breadcrumb\"},\"inLanguage\":\"fr-FR\",\"potentialAction\":[{\"@type\":\"ReadAction\",\"target\":[\"https:\/\/guineediversite.com\/index.php\/2018\/05\/01\/fete-du-travail-aboubacar-soumah-empecher-de-saluer-les-ministres\/\"]}]},{\"@type\":\"ImageObject\",\"inLanguage\":\"fr-FR\",\"@id\":\"https:\/\/guineediversite.com\/index.php\/2018\/05\/01\/fete-du-travail-aboubacar-soumah-empecher-de-saluer-les-ministres\/#primaryimage\",\"url\":\"https:\/\/guineediversite.com\/wp-content\/uploads\/2018\/02\/Aboubacar-Soumah.jpg\",\"contentUrl\":\"https:\/\/guineediversite.com\/wp-content\/uploads\/2018\/02\/Aboubacar-Soumah.jpg\",\"width\":1024,\"height\":854},{\"@type\":\"BreadcrumbList\",\"@id\":\"https:\/\/guineediversite.com\/index.php\/2018\/05\/01\/fete-du-travail-aboubacar-soumah-empecher-de-saluer-les-ministres\/#breadcrumb\",\"itemListElement\":[{\"@type\":\"ListItem\",\"position\":1,\"name\":\"Accueil\",\"item\":\"https:\/\/guineediversite.com\/\"},{\"@type\":\"ListItem\",\"position\":2,\"name\":\"F\u00eate du travail\u00a0: Aboubacar Soumah emp\u00each\u00e9 de saluer les ministres.\"}]},{\"@type\":\"WebSite\",\"@id\":\"https:\/\/guineediversite.com\/#website\",\"url\":\"https:\/\/guineediversite.com\/\",\"name\":\"Guin\u00e9e Diversit\u00e9\",\"description\":\"L&#039;Info dans toute sa diversit\u00e9\",\"publisher\":{\"@id\":\"https:\/\/guineediversite.com\/#organization\"},\"potentialAction\":[{\"@type\":\"SearchAction\",\"target\":{\"@type\":\"EntryPoint\",\"urlTemplate\":\"https:\/\/guineediversite.com\/?s={search_term_string}\"},\"query-input\":{\"@type\":\"PropertyValueSpecification\",\"valueRequired\":true,\"valueName\":\"search_term_string\"}}],\"inLanguage\":\"fr-FR\"},{\"@type\":\"Organization\",\"@id\":\"https:\/\/guineediversite.com\/#organization\",\"name\":\"Guin\u00e9e Diversit\u00e9\",\"url\":\"https:\/\/guineediversite.com\/\",\"logo\":{\"@type\":\"ImageObject\",\"inLanguage\":\"fr-FR\",\"@id\":\"https:\/\/guineediversite.com\/#\/schema\/logo\/image\/\",\"url\":\"https:\/\/guineediversite.com\/wp-content\/uploads\/2017\/04\/cropped-1jojlxEOMkX9Wyqfhe43D6kjPOGqBBKmx3EwWJqZ0cMrFF54yM49.png\",\"contentUrl\":\"https:\/\/guineediversite.com\/wp-content\/uploads\/2017\/04\/cropped-1jojlxEOMkX9Wyqfhe43D6kjPOGqBBKmx3EwWJqZ0cMrFF54yM49.png\",\"width\":186,\"height\":112,\"caption\":\"Guin\u00e9e Diversit\u00e9\"},\"image\":{\"@id\":\"https:\/\/guineediversite.com\/#\/schema\/logo\/image\/\"},\"sameAs\":[\"https:\/\/www.facebook.com\/guineediversite\/\",\"https:\/\/x.com\/GuineeDiversite\",\"https:\/\/www.youtube.com\/channel\/UC8sUY16qelG5ge6_D5SB83g\"]},{\"@type\":\"Person\",\"@id\":\"https:\/\/guineediversite.com\/#\/schema\/person\/079ec347f72d2acde4b56a50a4fd46dc\",\"name\":\"Moussa Mo\u00efse K\u00e9ita\",\"image\":{\"@type\":\"ImageObject\",\"inLanguage\":\"fr-FR\",\"@id\":\"https:\/\/guineediversite.com\/#\/schema\/person\/image\/\",\"url\":\"https:\/\/secure.gravatar.com\/avatar\/edf1ea2cc01841e6c0b49384bcb1385b?s=96&d=mm&r=g\",\"contentUrl\":\"https:\/\/secure.gravatar.com\/avatar\/edf1ea2cc01841e6c0b49384bcb1385b?s=96&d=mm&r=g\",\"caption\":\"Moussa Mo\u00efse K\u00e9ita\"},\"url\":\"https:\/\/guineediversite.com\/index.php\/author\/moussa-moise\/\"}]}<\/script>\n<!-- \/ Yoast SEO plugin. -->","yoast_head_json":{"title":"F\u00eate du travail\u00a0: Aboubacar Soumah emp\u00each\u00e9 de saluer les ministres. | Guin\u00e9e Diversit\u00e9","robots":{"index":"index","follow":"follow","max-snippet":"max-snippet:-1","max-image-preview":"max-image-preview:large","max-video-preview":"max-video-preview:-1"},"canonical":"https:\/\/guineediversite.com\/index.php\/2018\/05\/01\/fete-du-travail-aboubacar-soumah-empecher-de-saluer-les-ministres\/","og_locale":"fr_FR","og_type":"article","og_title":"F\u00eate du travail\u00a0: Aboubacar Soumah emp\u00each\u00e9 de saluer les ministres. | Guin\u00e9e Diversit\u00e9","og_description":"Bien qu&rsquo;il\u00a0n&rsquo;\u00e9tait\u00a0pas invit\u00e9 \u00e0 cette f\u00eate internationale du travail, le Syndicat Libre des Enseignants et Chercheurs de Guin\u00e9e\u00a0(SLECG), dirig\u00e9 par son Secr\u00e9taire G\u00e9n\u00e9ral Aboubacar\u00a0Soumah, a tenu \u00e0 marquer\u00a0 sa pr\u00e9sence \u00e0 la c\u00e9r\u00e9monie officielle. Si t\u00f4t arriv\u00e9 sur l&rsquo;esplanade, Aboubacar\u00a0Soumah\u00a0a \u00e9t\u00e9 ovationn\u00e9 par la foule, une chose qui n&rsquo;a pas \u00e9t\u00e9 du go\u00fbt d&rsquo;Amadou\u00a0Diallo\u00a0secr\u00e9taire g\u00e9n\u00e9ral [&hellip;]","og_url":"https:\/\/guineediversite.com\/index.php\/2018\/05\/01\/fete-du-travail-aboubacar-soumah-empecher-de-saluer-les-ministres\/","og_site_name":"Guin\u00e9e Diversit\u00e9","article_publisher":"https:\/\/www.facebook.com\/guineediversite\/","article_published_time":"2018-05-01T16:47:33+00:00","article_modified_time":"2018-05-02T22:21:53+00:00","og_image":[{"width":1024,"height":854,"url":"https:\/\/guineediversite.com\/wp-content\/uploads\/2018\/02\/Aboubacar-Soumah.jpg","type":"image\/jpeg"}],"author":"Moussa Mo\u00efse K\u00e9ita","twitter_card":"summary_large_image","twitter_creator":"@GuineeDiversite","twitter_site":"@GuineeDiversite","twitter_misc":{"\u00c9crit par":"Moussa Mo\u00efse K\u00e9ita","Dur\u00e9e de lecture estim\u00e9e":"1 minute"},"schema":{"@context":"https:\/\/schema.org","@graph":[{"@type":"Article","@id":"https:\/\/guineediversite.com\/index.php\/2018\/05\/01\/fete-du-travail-aboubacar-soumah-empecher-de-saluer-les-ministres\/#article","isPartOf":{"@id":"https:\/\/guineediversite.com\/index.php\/2018\/05\/01\/fete-du-travail-aboubacar-soumah-empecher-de-saluer-les-ministres\/"},"author":{"name":"Moussa Mo\u00efse K\u00e9ita","@id":"https:\/\/guineediversite.com\/#\/schema\/person\/079ec347f72d2acde4b56a50a4fd46dc"},"headline":"F\u00eate du travail\u00a0: Aboubacar Soumah emp\u00each\u00e9 de saluer les ministres.","datePublished":"2018-05-01T16:47:33+00:00","dateModified":"2018-05-02T22:21:53+00:00","mainEntityOfPage":{"@id":"https:\/\/guineediversite.com\/index.php\/2018\/05\/01\/fete-du-travail-aboubacar-soumah-empecher-de-saluer-les-ministres\/"},"wordCount":324,"publisher":{"@id":"https:\/\/guineediversite.com\/#organization"},"image":{"@id":"https:\/\/guineediversite.com\/index.php\/2018\/05\/01\/fete-du-travail-aboubacar-soumah-empecher-de-saluer-les-ministres\/#primaryimage"},"thumbnailUrl":"https:\/\/guineediversite.com\/wp-content\/uploads\/2018\/02\/Aboubacar-Soumah.jpg","articleSection":["Soci\u00e9t\u00e9"],"inLanguage":"fr-FR"},{"@type":"WebPage","@id":"https:\/\/guineediversite.com\/index.php\/2018\/05\/01\/fete-du-travail-aboubacar-soumah-empecher-de-saluer-les-ministres\/","url":"https:\/\/guineediversite.com\/index.php\/2018\/05\/01\/fete-du-travail-aboubacar-soumah-empecher-de-saluer-les-ministres\/","name":"F\u00eate du travail\u00a0: Aboubacar Soumah emp\u00each\u00e9 de saluer les ministres. | Guin\u00e9e Diversit\u00e9","isPartOf":{"@id":"https:\/\/guineediversite.com\/#website"},"primaryImageOfPage":{"@id":"https:\/\/guineediversite.com\/index.php\/2018\/05\/01\/fete-du-travail-aboubacar-soumah-empecher-de-saluer-les-ministres\/#primaryimage"},"image":{"@id":"https:\/\/guineediversite.com\/index.php\/2018\/05\/01\/fete-du-travail-aboubacar-soumah-empecher-de-saluer-les-ministres\/#primaryimage"},"thumbnailUrl":"https:\/\/guineediversite.com\/wp-content\/uploads\/2018\/02\/Aboubacar-Soumah.jpg","datePublished":"2018-05-01T16:47:33+00:00","dateModified":"2018-05-02T22:21:53+00:00","breadcrumb":{"@id":"https:\/\/guineediversite.com\/index.php\/2018\/05\/01\/fete-du-travail-aboubacar-soumah-empecher-de-saluer-les-ministres\/#breadcrumb"},"inLanguage":"fr-FR","potentialAction":[{"@type":"ReadAction","target":["https:\/\/guineediversite.com\/index.php\/2018\/05\/01\/fete-du-travail-aboubacar-soumah-empecher-de-saluer-les-ministres\/"]}]},{"@type":"ImageObject","inLanguage":"fr-FR","@id":"https:\/\/guineediversite.com\/index.php\/2018\/05\/01\/fete-du-travail-aboubacar-soumah-empecher-de-saluer-les-ministres\/#primaryimage","url":"https:\/\/guineediversite.com\/wp-content\/uploads\/2018\/02\/Aboubacar-Soumah.jpg","contentUrl":"https:\/\/guineediversite.com\/wp-content\/uploads\/2018\/02\/Aboubacar-Soumah.jpg","width":1024,"height":854},{"@type":"BreadcrumbList","@id":"https:\/\/guineediversite.com\/index.php\/2018\/05\/01\/fete-du-travail-aboubacar-soumah-empecher-de-saluer-les-ministres\/#breadcrumb","itemListElement":[{"@type":"ListItem","position":1,"name":"Accueil","item":"https:\/\/guineediversite.com\/"},{"@type":"ListItem","position":2,"name":"F\u00eate du travail\u00a0: Aboubacar Soumah emp\u00each\u00e9 de saluer les ministres."}]},{"@type":"WebSite","@id":"https:\/\/guineediversite.com\/#website","url":"https:\/\/guineediversite.com\/","name":"Guin\u00e9e Diversit\u00e9","description":"L&#039;Info dans toute sa diversit\u00e9","publisher":{"@id":"https:\/\/guineediversite.com\/#organization"},"potentialAction":[{"@type":"SearchAction","target":{"@type":"EntryPoint","urlTemplate":"https:\/\/guineediversite.com\/?s={search_term_string}"},"query-input":{"@type":"PropertyValueSpecification","valueRequired":true,"valueName":"search_term_string"}}],"inLanguage":"fr-FR"},{"@type":"Organization","@id":"https:\/\/guineediversite.com\/#organization","name":"Guin\u00e9e Diversit\u00e9","url":"https:\/\/guineediversite.com\/","logo":{"@type":"ImageObject","inLanguage":"fr-FR","@id":"https:\/\/guineediversite.com\/#\/schema\/logo\/image\/","url":"https:\/\/guineediversite.com\/wp-content\/uploads\/2017\/04\/cropped-1jojlxEOMkX9Wyqfhe43D6kjPOGqBBKmx3EwWJqZ0cMrFF54yM49.png","contentUrl":"https:\/\/guineediversite.com\/wp-content\/uploads\/2017\/04\/cropped-1jojlxEOMkX9Wyqfhe43D6kjPOGqBBKmx3EwWJqZ0cMrFF54yM49.png","width":186,"height":112,"caption":"Guin\u00e9e Diversit\u00e9"},"image":{"@id":"https:\/\/guineediversite.com\/#\/schema\/logo\/image\/"},"sameAs":["https:\/\/www.facebook.com\/guineediversite\/","https:\/\/x.com\/GuineeDiversite","https:\/\/www.youtube.com\/channel\/UC8sUY16qelG5ge6_D5SB83g"]},{"@type":"Person","@id":"https:\/\/guineediversite.com\/#\/schema\/person\/079ec347f72d2acde4b56a50a4fd46dc","name":"Moussa Mo\u00efse K\u00e9ita","image":{"@type":"ImageObject","inLanguage":"fr-FR","@id":"https:\/\/guineediversite.com\/#\/schema\/person\/image\/","url":"https:\/\/secure.gravatar.com\/avatar\/edf1ea2cc01841e6c0b49384bcb1385b?s=96&d=mm&r=g","contentUrl":"https:\/\/secure.gravatar.com\/avatar\/edf1ea2cc01841e6c0b49384bcb1385b?s=96&d=mm&r=g","caption":"Moussa Mo\u00efse K\u00e9ita"},"url":"https:\/\/guineediversite.com\/index.php\/author\/moussa-moise\/"}]}},"_links":{"self":[{"href":"https:\/\/guineediversite.com\/index.php\/wp-json\/wp\/v2\/posts\/25049"}],"collection":[{"href":"https:\/\/guineediversite.com\/index.php\/wp-json\/wp\/v2\/posts"}],"about":[{"href":"https:\/\/guineediversite.com\/index.php\/wp-json\/wp\/v2\/types\/post"}],"author":[{"embeddable":true,"href":"https:\/\/guineediversite.com\/index.php\/wp-json\/wp\/v2\/users\/16"}],"replies":[{"embeddable":true,"href":"https:\/\/guineediversite.com\/index.php\/wp-json\/wp\/v2\/comments?post=25049"}],"version-history":[{"count":0,"href":"https:\/\/guineediversite.com\/index.php\/wp-json\/wp\/v2\/posts\/25049\/revisions"}],"wp:featuredmedia":[{"embeddable":true,"href":"https:\/\/guineediversite.com\/index.php\/wp-json\/wp\/v2\/media\/24080"}],"wp:attachment":[{"href":"https:\/\/guineediversite.com\/index.php\/wp-json\/wp\/v2\/media?parent=25049"}],"wp:term":[{"taxonomy":"category","embeddable":true,"href":"https:\/\/guineediversite.com\/index.php\/wp-json\/wp\/v2\/categories?post=25049"},{"taxonomy":"post_tag","embeddable":true,"href":"https:\/\/guineediversite.com\/index.php\/wp-json\/wp\/v2\/tags?post=25049"}],"curies":[{"name":"wp","href":"https:\/\/api.w.org\/{rel}","templated":true}]}}