{"id":25046,"date":"2018-05-01T15:22:03","date_gmt":"2018-05-01T13:22:03","guid":{"rendered":"https:\/\/guineediversite.com\/?p=25046"},"modified":"2018-05-01T15:22:03","modified_gmt":"2018-05-01T13:22:03","slug":"fete-du-travail-declation-du-bloc-liberal","status":"publish","type":"post","link":"https:\/\/guineediversite.com\/index.php\/2018\/05\/01\/fete-du-travail-declation-du-bloc-liberal\/","title":{"rendered":"F\u00eate du travail: Declation du BLOC LIBERAL"},"content":{"rendered":"<p>\u00a0\u00bb Le succ\u00e8s est un chemin que la patience et le travail rendent accessibles\u00a0\u00bb(Pierre-Simon Ballanche).<br \/>\n\u00c0 l&rsquo;occasion de la f\u00eate internationale du travail, le Bloc Lib\u00e9ral (BL) exprime solennellement sa compassion aux travailleurs de Guin\u00e9e pour les p\u00e9nibles conditions dans lesquelles ils exercent noblement leurs m\u00e9tiers. En effet, pour les travailleurs de Guin\u00e9e, les ann\u00e9es se ressemblent et se rivalisent de mauvaises nouvelles. \u00c0 l&rsquo;occasion du 1er mai 2017, les discours prononc\u00e9s par les leaders syndicaux ont surtout d\u00e9nonc\u00e9 la mauvaise gouvernance qui est a l\u2019origine des crises \u00e9conomiques \u00e0 r\u00e9p\u00e9tition, du ch\u00f4mage, de la perte d\u2019emploi, de la baisse du pouvoir d\u2019achat, du bas salaire, du manque de protection sociale, et d\u2019une d\u00e9t\u00e9rioration continue des relations de travail. Comme pour montrer que cette situation s\u2019est plut\u00f4t aggrav\u00e9e entre le 1er mai 2017 et le 1er mai 2018, la derni\u00e8re revue de l\u2019\u00e9conomie guin\u00e9enne par la Banque Mondiale et le Fonds Mon\u00e9taire International (FMI) a \u00e9t\u00e9 marqu\u00e9e par la diminution de la note souveraine du pays. D\u00e9sormais, D est la note souveraine de la Guin\u00e9e ; ce qui traduit quasiment un \u00e9tat de faillite du pays. L\u2019on sait que plus faible est la note souveraine d\u2019un pays, plus difficiles deviennent les conditions d\u2019acc\u00e8s aux march\u00e9s financiers et les taux d\u2019int\u00e9r\u00eat auxquels le pays concern\u00e9 doit se financer sont importants. Cette situation de faillite annonce, encore une fois, de tr\u00e8s mauvaises nouvelles aux travailleurs de Guin\u00e9e pour les prochaines ann\u00e9es.<br \/>\nFace \u00e0 cette situation p\u00e9nible dans laquelle vivent les travailleurs de Guin\u00e9e, le r\u00e9gime de Monsieur Alpha Conde n\u2019excelle que dans les promesses fantaisistes, les intimidations et les violations des droits syndicaux. Au courant de l\u2019ann\u00e9e 2017-2018, le pays a v\u00e9cu plusieurs gr\u00e8ves ayant caus\u00e9 des pertes en vies humaines et en temps pr\u00e9cieux pour nos \u00e9l\u00e8ves et \u00e9tudiants, des cas de viol sur mineures, des bless\u00e9s graves et d\u2019importants d\u00e9g\u00e2ts mat\u00e9riels.<br \/>\nLe bloc Lib\u00e9ral saisit l\u2019occasion de la pr\u00e9sente f\u00eate du travail pour exprimer, tout d\u2019abord, aux travailleurs de Guin\u00e9e :<br \/>\n&#8211; son soutien sans failles et sa solidarit\u00e9 ;<br \/>\n&#8211; et ses vives f\u00e9licitations pour leur d\u00e9termination dans le combat pour l\u2019am\u00e9lioration de leurs conditions de vie et de travail.<br \/>\nEnsuite, le Bloc Lib\u00e9ral exhorte les diff\u00e9rentes organisations syndicales \u00e0 l\u2019unit\u00e9 d\u2019action afin de contrer les vell\u00e9it\u00e9s de division entretenues par le pouvoir.<br \/>\nEnfin, le Bloc Lib\u00e9ral exige du Pr\u00e9sident de la R\u00e9publique et de son gouvernement de :<br \/>\n&#8211; pr\u00eater une oreille attentive aux revendications des vaillants serviteurs du pays et d\u2019y apporter les solutions ad\u00e9quates ;<br \/>\n&#8211; instaurer et de promouvoir un dialogue social permanent avec les organisations syndicales ;<br \/>\n&#8211; respecter les droits inali\u00e9nables des travailleurs de Guin\u00e9e ;<br \/>\n&#8211; lutter contre la mauvaise gouvernance, qui est \u00e0 l\u2019origine de la plupart des maux dont souffre le peuple de Guin\u00e9e ;<br \/>\n&#8211; diminuer leur train de vie pour assurer le minimum aux travailleurs de Guin\u00e9e.<br \/>\nFace \u00e0 la situation de condamnation au ch\u00f4mage dont souffrent les jeunes de Guin\u00e9e, le Bloc Lib\u00e9ral rappelle que le droit au travail est l&rsquo;un des droits de l&rsquo;homme proclam\u00e9 \u00e0 l&rsquo;article 23 de la D\u00e9claration des Nations unies de 1948 : \u00ab Toute personne a droit au travail, au libre choix de son travail, \u00e0 des conditions \u00e9quitables et satisfaisantes de travail et \u00e0 la protection contre le ch\u00f4mage. \u00bb<br \/>\nLe Bloc Lib\u00e9ral invite le peuple de Guin\u00e9e, en g\u00e9n\u00e9ral, et les travailleurs de Guin\u00e9e, en particulier, \u00e0 se joindre \u00e0 lui pour cr\u00e9er la rupture d\u2019avec ce syst\u00e8me qui a fait d\u00e9faut depuis des d\u00e9cennies et dont notre combat pour l\u2019\u00e9radiquer nous a cout\u00e9 tant de pertes en vies humaines, tant de bless\u00e9s et tant de d\u00e9g\u00e2ts mat\u00e9riels.<br \/>\nFAIT \u00c0 CONAKRY, LE 1er MAI 2018<br \/>\nLe BLOC LIBERAL<\/p>\n","protected":false},"excerpt":{"rendered":"<p>\u00a0\u00bb Le succ\u00e8s est un chemin que la patience et le travail rendent accessibles\u00a0\u00bb(Pierre-Simon Ballanche). \u00c0 l&rsquo;occasion de la f\u00eate internationale du travail, le Bloc Lib\u00e9ral (BL) exprime solennellement sa compassion aux travailleurs de Guin\u00e9e pour les p\u00e9nibles conditions dans lesquelles ils exercent noblement leurs m\u00e9tiers. En effet, pour les travailleurs de Guin\u00e9e, les ann\u00e9es [&hellip;]<\/p>\n","protected":false},"author":12,"featured_media":25047,"comment_status":"closed","ping_status":"closed","sticky":false,"template":"","format":"standard","meta":{"_exactmetrics_skip_tracking":false,"_exactmetrics_sitenote_active":false,"_exactmetrics_sitenote_note":"","_exactmetrics_sitenote_category":0,"tdm_status":"","tdm_grid_status":"","footnotes":""},"categories":[16],"tags":[],"class_list":{"0":"post-25046","1":"post","2":"type-post","3":"status-publish","4":"format-standard","5":"has-post-thumbnail","7":"category-societe"},"yoast_head":"<!-- This site is optimized with the Yoast SEO plugin v24.2 - https:\/\/yoast.com\/wordpress\/plugins\/seo\/ -->\n<title>F\u00eate du travail: Declation du BLOC LIBERAL | Guin\u00e9e Diversit\u00e9<\/title>\n<meta name=\"robots\" content=\"index, follow, max-snippet:-1, max-image-preview:large, max-video-preview:-1\" \/>\n<link rel=\"canonical\" href=\"https:\/\/guineediversite.com\/index.php\/2018\/05\/01\/fete-du-travail-declation-du-bloc-liberal\/\" \/>\n<meta property=\"og:locale\" content=\"fr_FR\" \/>\n<meta property=\"og:type\" content=\"article\" \/>\n<meta property=\"og:title\" content=\"F\u00eate du travail: Declation du BLOC LIBERAL | Guin\u00e9e Diversit\u00e9\" \/>\n<meta property=\"og:description\" content=\"\u00a0\u00bb Le succ\u00e8s est un chemin que la patience et le travail rendent accessibles\u00a0\u00bb(Pierre-Simon Ballanche). \u00c0 l&rsquo;occasion de la f\u00eate internationale du travail, le Bloc Lib\u00e9ral (BL) exprime solennellement sa compassion aux travailleurs de Guin\u00e9e pour les p\u00e9nibles conditions dans lesquelles ils exercent noblement leurs m\u00e9tiers. En effet, pour les travailleurs de Guin\u00e9e, les ann\u00e9es [&hellip;]\" \/>\n<meta property=\"og:url\" content=\"https:\/\/guineediversite.com\/index.php\/2018\/05\/01\/fete-du-travail-declation-du-bloc-liberal\/\" \/>\n<meta property=\"og:site_name\" content=\"Guin\u00e9e Diversit\u00e9\" \/>\n<meta property=\"article:publisher\" content=\"https:\/\/www.facebook.com\/guineediversite\/\" \/>\n<meta property=\"article:published_time\" content=\"2018-05-01T13:22:03+00:00\" \/>\n<meta property=\"og:image\" content=\"https:\/\/guineediversite.com\/wp-content\/uploads\/2018\/05\/412018132021.jpg\" \/>\n\t<meta property=\"og:image:width\" content=\"1024\" \/>\n\t<meta property=\"og:image:height\" content=\"767\" \/>\n\t<meta property=\"og:image:type\" content=\"image\/jpeg\" \/>\n<meta name=\"author\" content=\"Guin\u00e9e Diversit\u00e9\" \/>\n<meta name=\"twitter:card\" content=\"summary_large_image\" \/>\n<meta name=\"twitter:creator\" content=\"@GuineeDiversite\" \/>\n<meta name=\"twitter:site\" content=\"@GuineeDiversite\" \/>\n<meta name=\"twitter:label1\" content=\"\u00c9crit par\" \/>\n\t<meta name=\"twitter:data1\" content=\"Guin\u00e9e Diversit\u00e9\" \/>\n\t<meta name=\"twitter:label2\" content=\"Dur\u00e9e de lecture estim\u00e9e\" \/>\n\t<meta name=\"twitter:data2\" content=\"3 minutes\" \/>\n<script type=\"application\/ld+json\" class=\"yoast-schema-graph\">{\"@context\":\"https:\/\/schema.org\",\"@graph\":[{\"@type\":\"Article\",\"@id\":\"https:\/\/guineediversite.com\/index.php\/2018\/05\/01\/fete-du-travail-declation-du-bloc-liberal\/#article\",\"isPartOf\":{\"@id\":\"https:\/\/guineediversite.com\/index.php\/2018\/05\/01\/fete-du-travail-declation-du-bloc-liberal\/\"},\"author\":{\"name\":\"Guin\u00e9e Diversit\u00e9\",\"@id\":\"https:\/\/guineediversite.com\/#\/schema\/person\/afa08fb34e7fc6e1feafc892612bc836\"},\"headline\":\"F\u00eate du travail: Declation du BLOC LIBERAL\",\"datePublished\":\"2018-05-01T13:22:03+00:00\",\"dateModified\":\"2018-05-01T13:22:03+00:00\",\"mainEntityOfPage\":{\"@id\":\"https:\/\/guineediversite.com\/index.php\/2018\/05\/01\/fete-du-travail-declation-du-bloc-liberal\/\"},\"wordCount\":704,\"publisher\":{\"@id\":\"https:\/\/guineediversite.com\/#organization\"},\"image\":{\"@id\":\"https:\/\/guineediversite.com\/index.php\/2018\/05\/01\/fete-du-travail-declation-du-bloc-liberal\/#primaryimage\"},\"thumbnailUrl\":\"https:\/\/guineediversite.com\/wp-content\/uploads\/2018\/05\/412018132021.jpg\",\"articleSection\":[\"Soci\u00e9t\u00e9\"],\"inLanguage\":\"fr-FR\"},{\"@type\":\"WebPage\",\"@id\":\"https:\/\/guineediversite.com\/index.php\/2018\/05\/01\/fete-du-travail-declation-du-bloc-liberal\/\",\"url\":\"https:\/\/guineediversite.com\/index.php\/2018\/05\/01\/fete-du-travail-declation-du-bloc-liberal\/\",\"name\":\"F\u00eate du travail: Declation du BLOC LIBERAL | Guin\u00e9e Diversit\u00e9\",\"isPartOf\":{\"@id\":\"https:\/\/guineediversite.com\/#website\"},\"primaryImageOfPage\":{\"@id\":\"https:\/\/guineediversite.com\/index.php\/2018\/05\/01\/fete-du-travail-declation-du-bloc-liberal\/#primaryimage\"},\"image\":{\"@id\":\"https:\/\/guineediversite.com\/index.php\/2018\/05\/01\/fete-du-travail-declation-du-bloc-liberal\/#primaryimage\"},\"thumbnailUrl\":\"https:\/\/guineediversite.com\/wp-content\/uploads\/2018\/05\/412018132021.jpg\",\"datePublished\":\"2018-05-01T13:22:03+00:00\",\"dateModified\":\"2018-05-01T13:22:03+00:00\",\"breadcrumb\":{\"@id\":\"https:\/\/guineediversite.com\/index.php\/2018\/05\/01\/fete-du-travail-declation-du-bloc-liberal\/#breadcrumb\"},\"inLanguage\":\"fr-FR\",\"potentialAction\":[{\"@type\":\"ReadAction\",\"target\":[\"https:\/\/guineediversite.com\/index.php\/2018\/05\/01\/fete-du-travail-declation-du-bloc-liberal\/\"]}]},{\"@type\":\"ImageObject\",\"inLanguage\":\"fr-FR\",\"@id\":\"https:\/\/guineediversite.com\/index.php\/2018\/05\/01\/fete-du-travail-declation-du-bloc-liberal\/#primaryimage\",\"url\":\"https:\/\/guineediversite.com\/wp-content\/uploads\/2018\/05\/412018132021.jpg\",\"contentUrl\":\"https:\/\/guineediversite.com\/wp-content\/uploads\/2018\/05\/412018132021.jpg\",\"width\":\"1024\",\"height\":\"767\"},{\"@type\":\"BreadcrumbList\",\"@id\":\"https:\/\/guineediversite.com\/index.php\/2018\/05\/01\/fete-du-travail-declation-du-bloc-liberal\/#breadcrumb\",\"itemListElement\":[{\"@type\":\"ListItem\",\"position\":1,\"name\":\"Accueil\",\"item\":\"https:\/\/guineediversite.com\/\"},{\"@type\":\"ListItem\",\"position\":2,\"name\":\"F\u00eate du travail: Declation du BLOC LIBERAL\"}]},{\"@type\":\"WebSite\",\"@id\":\"https:\/\/guineediversite.com\/#website\",\"url\":\"https:\/\/guineediversite.com\/\",\"name\":\"Guin\u00e9e Diversit\u00e9\",\"description\":\"L&#039;Info dans toute sa diversit\u00e9\",\"publisher\":{\"@id\":\"https:\/\/guineediversite.com\/#organization\"},\"potentialAction\":[{\"@type\":\"SearchAction\",\"target\":{\"@type\":\"EntryPoint\",\"urlTemplate\":\"https:\/\/guineediversite.com\/?s={search_term_string}\"},\"query-input\":{\"@type\":\"PropertyValueSpecification\",\"valueRequired\":true,\"valueName\":\"search_term_string\"}}],\"inLanguage\":\"fr-FR\"},{\"@type\":\"Organization\",\"@id\":\"https:\/\/guineediversite.com\/#organization\",\"name\":\"Guin\u00e9e Diversit\u00e9\",\"url\":\"https:\/\/guineediversite.com\/\",\"logo\":{\"@type\":\"ImageObject\",\"inLanguage\":\"fr-FR\",\"@id\":\"https:\/\/guineediversite.com\/#\/schema\/logo\/image\/\",\"url\":\"https:\/\/guineediversite.com\/wp-content\/uploads\/2017\/04\/cropped-1jojlxEOMkX9Wyqfhe43D6kjPOGqBBKmx3EwWJqZ0cMrFF54yM49.png\",\"contentUrl\":\"https:\/\/guineediversite.com\/wp-content\/uploads\/2017\/04\/cropped-1jojlxEOMkX9Wyqfhe43D6kjPOGqBBKmx3EwWJqZ0cMrFF54yM49.png\",\"width\":186,\"height\":112,\"caption\":\"Guin\u00e9e Diversit\u00e9\"},\"image\":{\"@id\":\"https:\/\/guineediversite.com\/#\/schema\/logo\/image\/\"},\"sameAs\":[\"https:\/\/www.facebook.com\/guineediversite\/\",\"https:\/\/x.com\/GuineeDiversite\",\"https:\/\/www.youtube.com\/channel\/UC8sUY16qelG5ge6_D5SB83g\"]},{\"@type\":\"Person\",\"@id\":\"https:\/\/guineediversite.com\/#\/schema\/person\/afa08fb34e7fc6e1feafc892612bc836\",\"name\":\"Guin\u00e9e Diversit\u00e9\",\"image\":{\"@type\":\"ImageObject\",\"inLanguage\":\"fr-FR\",\"@id\":\"https:\/\/guineediversite.com\/#\/schema\/person\/image\/\",\"url\":\"https:\/\/secure.gravatar.com\/avatar\/50d5eb5b390f8b65ac30ac6f898eb83a?s=96&d=mm&r=g\",\"contentUrl\":\"https:\/\/secure.gravatar.com\/avatar\/50d5eb5b390f8b65ac30ac6f898eb83a?s=96&d=mm&r=g\",\"caption\":\"Guin\u00e9e Diversit\u00e9\"},\"url\":\"https:\/\/guineediversite.com\/index.php\/author\/guineediversite\/\"}]}<\/script>\n<!-- \/ Yoast SEO plugin. -->","yoast_head_json":{"title":"F\u00eate du travail: Declation du BLOC LIBERAL | Guin\u00e9e Diversit\u00e9","robots":{"index":"index","follow":"follow","max-snippet":"max-snippet:-1","max-image-preview":"max-image-preview:large","max-video-preview":"max-video-preview:-1"},"canonical":"https:\/\/guineediversite.com\/index.php\/2018\/05\/01\/fete-du-travail-declation-du-bloc-liberal\/","og_locale":"fr_FR","og_type":"article","og_title":"F\u00eate du travail: Declation du BLOC LIBERAL | Guin\u00e9e Diversit\u00e9","og_description":"\u00a0\u00bb Le succ\u00e8s est un chemin que la patience et le travail rendent accessibles\u00a0\u00bb(Pierre-Simon Ballanche). \u00c0 l&rsquo;occasion de la f\u00eate internationale du travail, le Bloc Lib\u00e9ral (BL) exprime solennellement sa compassion aux travailleurs de Guin\u00e9e pour les p\u00e9nibles conditions dans lesquelles ils exercent noblement leurs m\u00e9tiers. En effet, pour les travailleurs de Guin\u00e9e, les ann\u00e9es [&hellip;]","og_url":"https:\/\/guineediversite.com\/index.php\/2018\/05\/01\/fete-du-travail-declation-du-bloc-liberal\/","og_site_name":"Guin\u00e9e Diversit\u00e9","article_publisher":"https:\/\/www.facebook.com\/guineediversite\/","article_published_time":"2018-05-01T13:22:03+00:00","og_image":[{"width":1024,"height":767,"url":"https:\/\/guineediversite.com\/wp-content\/uploads\/2018\/05\/412018132021.jpg","type":"image\/jpeg"}],"author":"Guin\u00e9e Diversit\u00e9","twitter_card":"summary_large_image","twitter_creator":"@GuineeDiversite","twitter_site":"@GuineeDiversite","twitter_misc":{"\u00c9crit par":"Guin\u00e9e Diversit\u00e9","Dur\u00e9e de lecture estim\u00e9e":"3 minutes"},"schema":{"@context":"https:\/\/schema.org","@graph":[{"@type":"Article","@id":"https:\/\/guineediversite.com\/index.php\/2018\/05\/01\/fete-du-travail-declation-du-bloc-liberal\/#article","isPartOf":{"@id":"https:\/\/guineediversite.com\/index.php\/2018\/05\/01\/fete-du-travail-declation-du-bloc-liberal\/"},"author":{"name":"Guin\u00e9e Diversit\u00e9","@id":"https:\/\/guineediversite.com\/#\/schema\/person\/afa08fb34e7fc6e1feafc892612bc836"},"headline":"F\u00eate du travail: Declation du BLOC LIBERAL","datePublished":"2018-05-01T13:22:03+00:00","dateModified":"2018-05-01T13:22:03+00:00","mainEntityOfPage":{"@id":"https:\/\/guineediversite.com\/index.php\/2018\/05\/01\/fete-du-travail-declation-du-bloc-liberal\/"},"wordCount":704,"publisher":{"@id":"https:\/\/guineediversite.com\/#organization"},"image":{"@id":"https:\/\/guineediversite.com\/index.php\/2018\/05\/01\/fete-du-travail-declation-du-bloc-liberal\/#primaryimage"},"thumbnailUrl":"https:\/\/guineediversite.com\/wp-content\/uploads\/2018\/05\/412018132021.jpg","articleSection":["Soci\u00e9t\u00e9"],"inLanguage":"fr-FR"},{"@type":"WebPage","@id":"https:\/\/guineediversite.com\/index.php\/2018\/05\/01\/fete-du-travail-declation-du-bloc-liberal\/","url":"https:\/\/guineediversite.com\/index.php\/2018\/05\/01\/fete-du-travail-declation-du-bloc-liberal\/","name":"F\u00eate du travail: Declation du BLOC LIBERAL | Guin\u00e9e Diversit\u00e9","isPartOf":{"@id":"https:\/\/guineediversite.com\/#website"},"primaryImageOfPage":{"@id":"https:\/\/guineediversite.com\/index.php\/2018\/05\/01\/fete-du-travail-declation-du-bloc-liberal\/#primaryimage"},"image":{"@id":"https:\/\/guineediversite.com\/index.php\/2018\/05\/01\/fete-du-travail-declation-du-bloc-liberal\/#primaryimage"},"thumbnailUrl":"https:\/\/guineediversite.com\/wp-content\/uploads\/2018\/05\/412018132021.jpg","datePublished":"2018-05-01T13:22:03+00:00","dateModified":"2018-05-01T13:22:03+00:00","breadcrumb":{"@id":"https:\/\/guineediversite.com\/index.php\/2018\/05\/01\/fete-du-travail-declation-du-bloc-liberal\/#breadcrumb"},"inLanguage":"fr-FR","potentialAction":[{"@type":"ReadAction","target":["https:\/\/guineediversite.com\/index.php\/2018\/05\/01\/fete-du-travail-declation-du-bloc-liberal\/"]}]},{"@type":"ImageObject","inLanguage":"fr-FR","@id":"https:\/\/guineediversite.com\/index.php\/2018\/05\/01\/fete-du-travail-declation-du-bloc-liberal\/#primaryimage","url":"https:\/\/guineediversite.com\/wp-content\/uploads\/2018\/05\/412018132021.jpg","contentUrl":"https:\/\/guineediversite.com\/wp-content\/uploads\/2018\/05\/412018132021.jpg","width":"1024","height":"767"},{"@type":"BreadcrumbList","@id":"https:\/\/guineediversite.com\/index.php\/2018\/05\/01\/fete-du-travail-declation-du-bloc-liberal\/#breadcrumb","itemListElement":[{"@type":"ListItem","position":1,"name":"Accueil","item":"https:\/\/guineediversite.com\/"},{"@type":"ListItem","position":2,"name":"F\u00eate du travail: Declation du BLOC LIBERAL"}]},{"@type":"WebSite","@id":"https:\/\/guineediversite.com\/#website","url":"https:\/\/guineediversite.com\/","name":"Guin\u00e9e Diversit\u00e9","description":"L&#039;Info dans toute sa diversit\u00e9","publisher":{"@id":"https:\/\/guineediversite.com\/#organization"},"potentialAction":[{"@type":"SearchAction","target":{"@type":"EntryPoint","urlTemplate":"https:\/\/guineediversite.com\/?s={search_term_string}"},"query-input":{"@type":"PropertyValueSpecification","valueRequired":true,"valueName":"search_term_string"}}],"inLanguage":"fr-FR"},{"@type":"Organization","@id":"https:\/\/guineediversite.com\/#organization","name":"Guin\u00e9e Diversit\u00e9","url":"https:\/\/guineediversite.com\/","logo":{"@type":"ImageObject","inLanguage":"fr-FR","@id":"https:\/\/guineediversite.com\/#\/schema\/logo\/image\/","url":"https:\/\/guineediversite.com\/wp-content\/uploads\/2017\/04\/cropped-1jojlxEOMkX9Wyqfhe43D6kjPOGqBBKmx3EwWJqZ0cMrFF54yM49.png","contentUrl":"https:\/\/guineediversite.com\/wp-content\/uploads\/2017\/04\/cropped-1jojlxEOMkX9Wyqfhe43D6kjPOGqBBKmx3EwWJqZ0cMrFF54yM49.png","width":186,"height":112,"caption":"Guin\u00e9e Diversit\u00e9"},"image":{"@id":"https:\/\/guineediversite.com\/#\/schema\/logo\/image\/"},"sameAs":["https:\/\/www.facebook.com\/guineediversite\/","https:\/\/x.com\/GuineeDiversite","https:\/\/www.youtube.com\/channel\/UC8sUY16qelG5ge6_D5SB83g"]},{"@type":"Person","@id":"https:\/\/guineediversite.com\/#\/schema\/person\/afa08fb34e7fc6e1feafc892612bc836","name":"Guin\u00e9e Diversit\u00e9","image":{"@type":"ImageObject","inLanguage":"fr-FR","@id":"https:\/\/guineediversite.com\/#\/schema\/person\/image\/","url":"https:\/\/secure.gravatar.com\/avatar\/50d5eb5b390f8b65ac30ac6f898eb83a?s=96&d=mm&r=g","contentUrl":"https:\/\/secure.gravatar.com\/avatar\/50d5eb5b390f8b65ac30ac6f898eb83a?s=96&d=mm&r=g","caption":"Guin\u00e9e Diversit\u00e9"},"url":"https:\/\/guineediversite.com\/index.php\/author\/guineediversite\/"}]}},"_links":{"self":[{"href":"https:\/\/guineediversite.com\/index.php\/wp-json\/wp\/v2\/posts\/25046"}],"collection":[{"href":"https:\/\/guineediversite.com\/index.php\/wp-json\/wp\/v2\/posts"}],"about":[{"href":"https:\/\/guineediversite.com\/index.php\/wp-json\/wp\/v2\/types\/post"}],"author":[{"embeddable":true,"href":"https:\/\/guineediversite.com\/index.php\/wp-json\/wp\/v2\/users\/12"}],"replies":[{"embeddable":true,"href":"https:\/\/guineediversite.com\/index.php\/wp-json\/wp\/v2\/comments?post=25046"}],"version-history":[{"count":0,"href":"https:\/\/guineediversite.com\/index.php\/wp-json\/wp\/v2\/posts\/25046\/revisions"}],"wp:featuredmedia":[{"embeddable":true,"href":"https:\/\/guineediversite.com\/index.php\/wp-json\/wp\/v2\/media\/25047"}],"wp:attachment":[{"href":"https:\/\/guineediversite.com\/index.php\/wp-json\/wp\/v2\/media?parent=25046"}],"wp:term":[{"taxonomy":"category","embeddable":true,"href":"https:\/\/guineediversite.com\/index.php\/wp-json\/wp\/v2\/categories?post=25046"},{"taxonomy":"post_tag","embeddable":true,"href":"https:\/\/guineediversite.com\/index.php\/wp-json\/wp\/v2\/tags?post=25046"}],"curies":[{"name":"wp","href":"https:\/\/api.w.org\/{rel}","templated":true}]}}