{"id":25012,"date":"2018-04-28T12:45:15","date_gmt":"2018-04-28T10:45:15","guid":{"rendered":"https:\/\/guineediversite.com\/?p=25012"},"modified":"2018-04-29T01:47:26","modified_gmt":"2018-04-28T23:47:26","slug":"guinee-le-projet-de-reconstruction-et-rehabilitation-des-voiries-urbaines-lance-par-alpha-conde-est-estime-a-plus-de-200-millions-deuros","status":"publish","type":"post","link":"https:\/\/guineediversite.com\/index.php\/2018\/04\/28\/guinee-le-projet-de-reconstruction-et-rehabilitation-des-voiries-urbaines-lance-par-alpha-conde-est-estime-a-plus-de-200-millions-deuros\/","title":{"rendered":"Guin\u00e9e: un projet de reconstruction et r\u00e9habilitation des voiries urbaines \u00e0 plus de 200 millions d\u2019euros"},"content":{"rendered":"<p><strong><span id=\"p1\">Apr\u00e8s la r\u00e9alisation de plus de 391 km de voiries urbaines dont 217 km dans les villes de l\u2019int\u00e9rieur et 174 km \u00e0 Conakry, y compris 42 km en\u00a0<span id=\"14\">2\u00d72<\/span>\u00a0voies, la\u00a0<span id=\"15\">ministre des Travaux<\/span>\u00a0publics a lanc\u00e9 ce vendredi 27 avril, le d\u00e9marrage des travaux de reconstruction et r\u00e9habilitation des voiries urbaines de trois\u00a0 communes notamment\u00a0<span id=\"p0\">(<span id=\"11\">Kaloum<\/span>,\u00a0<span id=\"12\">Matam<\/span>\u00a0et\u00a0<span id=\"13\">Dixinn<\/span>)<\/span>\u00a0et de la construction des \u00e9changeurs de\u00a0<span id=\"16\">Matoto<\/span>,\u00a0<span id=\"17\">Kagb\u00e9len<\/span>\u00a0et leurs embranchements.<\/span><span id=\"p2\">\u00a0Ces travaux financ\u00e9s dans le cadre de l\u2019apport de partenariat strat\u00e9gique C<span id=\"18\">hino-Guin\u00e9en<\/span>\u00a0sont ex\u00e9cut\u00e9s par l\u2019entreprise\u00a0<span id=\"19\">CBITEC<\/span>\u00a0de Chine.<\/span><\/strong><\/p>\n<p><span id=\"p3\">La cit\u00e9\u00a0<span id=\"20\" class=\"s-rg-t\">CBK<\/span>\u00a0dans la commune de\u00a0<span id=\"21\" class=\"s-rg-t\">Matoto<\/span>\u00a0a servi de cadre \u00e0 cette rencontre et a connu la pr\u00e9sence du chef de l\u2019Etat le professeur Alpha Cond\u00e9.<\/span><span id=\"p4\">\u00a0\u00ab <em>ce\u00a0projet marquera le d\u00e9but de la transformation de notre capitale en ville moderne.<\/em><\/span><span id=\"p5\"><em>\u00a0Le coup du pr\u00e9sent projet est estim\u00e9 \u00e0 202 millions 168 mille 343 euros, hors taxes avec un d\u00e9lai d\u2019ex\u00e9cution de 30 m<\/em><span id=\"24\"><em>ois<\/em>\u00bb,<\/span>\u00a0annonce Mme\u00a0<span id=\"25\">Oumou<\/span>\u00a0<span id=\"26\">Camara<\/span>\u00a0ministre de tutelle.<\/span><\/p>\n<p><span id=\"p6\">Ce projet portera essentiellement sur la r\u00e9habilitation et la construction de quelques voiries de certaines commune de la Capitale \u00ab<em>il portera essentiellement sur la r\u00e9habilitation et la construction des voiries r\u00e9parties entre les communes de Kaloum, de Dixinn, et de Matam, la construction des \u00e9changeurs de Matoto et de Kagb\u00e9len, y compris les voies de contournement, et l\u2019am\u00e9nagement en 2\u00d72 voies de la route Donka \u00e0 Bellevue<\/em>\u00bb pr\u00e9cise-t-elle.<\/span><\/p>\n<p><span id=\"p7\">En outre, des activit\u00e9s d\u2019assainissement et de drainage seront r\u00e9alis\u00e9es notifie la ministre. \u00ab<span id=\"27\">Il<\/span>\u00a0convient de signaler, qu\u2019en plus des travaux de\u00a0<span id=\"28\">terrassements<\/span>\u00a0et constructions de chauss\u00e9es, une attention particuli\u00e8re sera accord\u00e9e \u00e0 l\u2019assainissement et au drainage des sources fluviales en raison de la v\u00e9tust\u00e9 et du manque de syst\u00e8me de drainage dans ces\u00a0<span id=\"29\">communes\u00bb,<\/span>\u00a0rajoute-t-elle.<\/span><\/p>\n<p><span id=\"p9\">La China\u00a0<span id=\"31\">Bengbu<\/span>\u00a0international\u00a0<span id=\"32\">Technology<\/span>\u00a0and\u00a0<span id=\"33\">Economic<\/span>\u00a0Coop\u00e9ration\u00a0<span id=\"p8\">(<span id=\"30\">CBITEC<\/span>)<\/span>, est la filiale de la soci\u00e9t\u00e9\u00a0<span id=\"34\">Blue<\/span>\u00a0<span id=\"35\">Diamond<\/span>\u00a0Holdings qui d\u00e9tient la totalit\u00e9 de ses actions.<\/span><span id=\"p10\">\u00a0Elle est une actrice qui a la qualification d\u2019entreprendre des travaux \u00e0 l\u2019\u00e9tranger sous l\u2019autorit\u00e9 du minist\u00e8re du Commerce en Chine.<\/span><\/p>\n","protected":false},"excerpt":{"rendered":"<p>Apr\u00e8s la r\u00e9alisation de plus de 391 km de voiries urbaines dont 217 km dans les villes de l\u2019int\u00e9rieur et 174 km \u00e0 Conakry, y compris 42 km en\u00a02\u00d72\u00a0voies, la\u00a0ministre des Travaux\u00a0publics a lanc\u00e9 ce vendredi 27 avril, le d\u00e9marrage des travaux de reconstruction et r\u00e9habilitation des voiries urbaines de trois\u00a0 communes notamment\u00a0(Kaloum,\u00a0Matam\u00a0et\u00a0Dixinn)\u00a0et de la [&hellip;]<\/p>\n","protected":false},"author":10,"featured_media":25013,"comment_status":"closed","ping_status":"closed","sticky":false,"template":"","format":"standard","meta":{"_exactmetrics_skip_tracking":false,"_exactmetrics_sitenote_active":false,"_exactmetrics_sitenote_note":"","_exactmetrics_sitenote_category":0,"tdm_status":"","tdm_grid_status":"","footnotes":""},"categories":[16],"tags":[],"class_list":{"0":"post-25012","1":"post","2":"type-post","3":"status-publish","4":"format-standard","5":"has-post-thumbnail","7":"category-societe"},"yoast_head":"<!-- This site is optimized with the Yoast SEO plugin v24.2 - https:\/\/yoast.com\/wordpress\/plugins\/seo\/ -->\n<title>Guin\u00e9e: un projet de reconstruction et r\u00e9habilitation des voiries urbaines \u00e0 plus de 200 millions d\u2019euros | Guin\u00e9e Diversit\u00e9<\/title>\n<meta name=\"robots\" content=\"index, follow, max-snippet:-1, max-image-preview:large, max-video-preview:-1\" \/>\n<link rel=\"canonical\" href=\"https:\/\/guineediversite.com\/index.php\/2018\/04\/28\/guinee-le-projet-de-reconstruction-et-rehabilitation-des-voiries-urbaines-lance-par-alpha-conde-est-estime-a-plus-de-200-millions-deuros\/\" \/>\n<meta property=\"og:locale\" content=\"fr_FR\" \/>\n<meta property=\"og:type\" content=\"article\" \/>\n<meta property=\"og:title\" content=\"Guin\u00e9e: un projet de reconstruction et r\u00e9habilitation des voiries urbaines \u00e0 plus de 200 millions d\u2019euros | Guin\u00e9e Diversit\u00e9\" \/>\n<meta property=\"og:description\" content=\"Apr\u00e8s la r\u00e9alisation de plus de 391 km de voiries urbaines dont 217 km dans les villes de l\u2019int\u00e9rieur et 174 km \u00e0 Conakry, y compris 42 km en\u00a02\u00d72\u00a0voies, la\u00a0ministre des Travaux\u00a0publics a lanc\u00e9 ce vendredi 27 avril, le d\u00e9marrage des travaux de reconstruction et r\u00e9habilitation des voiries urbaines de trois\u00a0 communes notamment\u00a0(Kaloum,\u00a0Matam\u00a0et\u00a0Dixinn)\u00a0et de la [&hellip;]\" \/>\n<meta property=\"og:url\" content=\"https:\/\/guineediversite.com\/index.php\/2018\/04\/28\/guinee-le-projet-de-reconstruction-et-rehabilitation-des-voiries-urbaines-lance-par-alpha-conde-est-estime-a-plus-de-200-millions-deuros\/\" \/>\n<meta property=\"og:site_name\" content=\"Guin\u00e9e Diversit\u00e9\" \/>\n<meta property=\"article:publisher\" content=\"https:\/\/www.facebook.com\/guineediversite\/\" \/>\n<meta property=\"article:published_time\" content=\"2018-04-28T10:45:15+00:00\" \/>\n<meta property=\"article:modified_time\" content=\"2018-04-28T23:47:26+00:00\" \/>\n<meta property=\"og:image\" content=\"https:\/\/guineediversite.com\/wp-content\/uploads\/2018\/04\/images-4.jpg\" \/>\n\t<meta property=\"og:image:width\" content=\"2704\" \/>\n\t<meta property=\"og:image:height\" content=\"1192\" \/>\n\t<meta property=\"og:image:type\" content=\"image\/jpeg\" \/>\n<meta name=\"author\" content=\"Morcire Camara\" \/>\n<meta name=\"twitter:card\" content=\"summary_large_image\" \/>\n<meta name=\"twitter:creator\" content=\"@GuineeDiversite\" \/>\n<meta name=\"twitter:site\" content=\"@GuineeDiversite\" \/>\n<meta name=\"twitter:label1\" content=\"\u00c9crit par\" \/>\n\t<meta name=\"twitter:data1\" content=\"Morcire Camara\" \/>\n\t<meta name=\"twitter:label2\" content=\"Dur\u00e9e de lecture estim\u00e9e\" \/>\n\t<meta name=\"twitter:data2\" content=\"2 minutes\" \/>\n<script type=\"application\/ld+json\" class=\"yoast-schema-graph\">{\"@context\":\"https:\/\/schema.org\",\"@graph\":[{\"@type\":\"Article\",\"@id\":\"https:\/\/guineediversite.com\/index.php\/2018\/04\/28\/guinee-le-projet-de-reconstruction-et-rehabilitation-des-voiries-urbaines-lance-par-alpha-conde-est-estime-a-plus-de-200-millions-deuros\/#article\",\"isPartOf\":{\"@id\":\"https:\/\/guineediversite.com\/index.php\/2018\/04\/28\/guinee-le-projet-de-reconstruction-et-rehabilitation-des-voiries-urbaines-lance-par-alpha-conde-est-estime-a-plus-de-200-millions-deuros\/\"},\"author\":{\"name\":\"Morcire Camara\",\"@id\":\"https:\/\/guineediversite.com\/#\/schema\/person\/fa362494c47202ce4b3adf55abcc9d01\"},\"headline\":\"Guin\u00e9e: un projet de reconstruction et r\u00e9habilitation des voiries urbaines \u00e0 plus de 200 millions d\u2019euros\",\"datePublished\":\"2018-04-28T10:45:15+00:00\",\"dateModified\":\"2018-04-28T23:47:26+00:00\",\"mainEntityOfPage\":{\"@id\":\"https:\/\/guineediversite.com\/index.php\/2018\/04\/28\/guinee-le-projet-de-reconstruction-et-rehabilitation-des-voiries-urbaines-lance-par-alpha-conde-est-estime-a-plus-de-200-millions-deuros\/\"},\"wordCount\":381,\"publisher\":{\"@id\":\"https:\/\/guineediversite.com\/#organization\"},\"image\":{\"@id\":\"https:\/\/guineediversite.com\/index.php\/2018\/04\/28\/guinee-le-projet-de-reconstruction-et-rehabilitation-des-voiries-urbaines-lance-par-alpha-conde-est-estime-a-plus-de-200-millions-deuros\/#primaryimage\"},\"thumbnailUrl\":\"https:\/\/guineediversite.com\/wp-content\/uploads\/2018\/04\/images-4.jpg\",\"articleSection\":[\"Soci\u00e9t\u00e9\"],\"inLanguage\":\"fr-FR\"},{\"@type\":\"WebPage\",\"@id\":\"https:\/\/guineediversite.com\/index.php\/2018\/04\/28\/guinee-le-projet-de-reconstruction-et-rehabilitation-des-voiries-urbaines-lance-par-alpha-conde-est-estime-a-plus-de-200-millions-deuros\/\",\"url\":\"https:\/\/guineediversite.com\/index.php\/2018\/04\/28\/guinee-le-projet-de-reconstruction-et-rehabilitation-des-voiries-urbaines-lance-par-alpha-conde-est-estime-a-plus-de-200-millions-deuros\/\",\"name\":\"Guin\u00e9e: un projet de reconstruction et r\u00e9habilitation des voiries urbaines \u00e0 plus de 200 millions d\u2019euros | Guin\u00e9e Diversit\u00e9\",\"isPartOf\":{\"@id\":\"https:\/\/guineediversite.com\/#website\"},\"primaryImageOfPage\":{\"@id\":\"https:\/\/guineediversite.com\/index.php\/2018\/04\/28\/guinee-le-projet-de-reconstruction-et-rehabilitation-des-voiries-urbaines-lance-par-alpha-conde-est-estime-a-plus-de-200-millions-deuros\/#primaryimage\"},\"image\":{\"@id\":\"https:\/\/guineediversite.com\/index.php\/2018\/04\/28\/guinee-le-projet-de-reconstruction-et-rehabilitation-des-voiries-urbaines-lance-par-alpha-conde-est-estime-a-plus-de-200-millions-deuros\/#primaryimage\"},\"thumbnailUrl\":\"https:\/\/guineediversite.com\/wp-content\/uploads\/2018\/04\/images-4.jpg\",\"datePublished\":\"2018-04-28T10:45:15+00:00\",\"dateModified\":\"2018-04-28T23:47:26+00:00\",\"breadcrumb\":{\"@id\":\"https:\/\/guineediversite.com\/index.php\/2018\/04\/28\/guinee-le-projet-de-reconstruction-et-rehabilitation-des-voiries-urbaines-lance-par-alpha-conde-est-estime-a-plus-de-200-millions-deuros\/#breadcrumb\"},\"inLanguage\":\"fr-FR\",\"potentialAction\":[{\"@type\":\"ReadAction\",\"target\":[\"https:\/\/guineediversite.com\/index.php\/2018\/04\/28\/guinee-le-projet-de-reconstruction-et-rehabilitation-des-voiries-urbaines-lance-par-alpha-conde-est-estime-a-plus-de-200-millions-deuros\/\"]}]},{\"@type\":\"ImageObject\",\"inLanguage\":\"fr-FR\",\"@id\":\"https:\/\/guineediversite.com\/index.php\/2018\/04\/28\/guinee-le-projet-de-reconstruction-et-rehabilitation-des-voiries-urbaines-lance-par-alpha-conde-est-estime-a-plus-de-200-millions-deuros\/#primaryimage\",\"url\":\"https:\/\/guineediversite.com\/wp-content\/uploads\/2018\/04\/images-4.jpg\",\"contentUrl\":\"https:\/\/guineediversite.com\/wp-content\/uploads\/2018\/04\/images-4.jpg\",\"width\":\"2704\",\"height\":\"1192\"},{\"@type\":\"BreadcrumbList\",\"@id\":\"https:\/\/guineediversite.com\/index.php\/2018\/04\/28\/guinee-le-projet-de-reconstruction-et-rehabilitation-des-voiries-urbaines-lance-par-alpha-conde-est-estime-a-plus-de-200-millions-deuros\/#breadcrumb\",\"itemListElement\":[{\"@type\":\"ListItem\",\"position\":1,\"name\":\"Accueil\",\"item\":\"https:\/\/guineediversite.com\/\"},{\"@type\":\"ListItem\",\"position\":2,\"name\":\"Guin\u00e9e: un projet de reconstruction et r\u00e9habilitation des voiries urbaines \u00e0 plus de 200 millions d\u2019euros\"}]},{\"@type\":\"WebSite\",\"@id\":\"https:\/\/guineediversite.com\/#website\",\"url\":\"https:\/\/guineediversite.com\/\",\"name\":\"Guin\u00e9e Diversit\u00e9\",\"description\":\"L&#039;Info dans toute sa diversit\u00e9\",\"publisher\":{\"@id\":\"https:\/\/guineediversite.com\/#organization\"},\"potentialAction\":[{\"@type\":\"SearchAction\",\"target\":{\"@type\":\"EntryPoint\",\"urlTemplate\":\"https:\/\/guineediversite.com\/?s={search_term_string}\"},\"query-input\":{\"@type\":\"PropertyValueSpecification\",\"valueRequired\":true,\"valueName\":\"search_term_string\"}}],\"inLanguage\":\"fr-FR\"},{\"@type\":\"Organization\",\"@id\":\"https:\/\/guineediversite.com\/#organization\",\"name\":\"Guin\u00e9e Diversit\u00e9\",\"url\":\"https:\/\/guineediversite.com\/\",\"logo\":{\"@type\":\"ImageObject\",\"inLanguage\":\"fr-FR\",\"@id\":\"https:\/\/guineediversite.com\/#\/schema\/logo\/image\/\",\"url\":\"https:\/\/guineediversite.com\/wp-content\/uploads\/2017\/04\/cropped-1jojlxEOMkX9Wyqfhe43D6kjPOGqBBKmx3EwWJqZ0cMrFF54yM49.png\",\"contentUrl\":\"https:\/\/guineediversite.com\/wp-content\/uploads\/2017\/04\/cropped-1jojlxEOMkX9Wyqfhe43D6kjPOGqBBKmx3EwWJqZ0cMrFF54yM49.png\",\"width\":186,\"height\":112,\"caption\":\"Guin\u00e9e Diversit\u00e9\"},\"image\":{\"@id\":\"https:\/\/guineediversite.com\/#\/schema\/logo\/image\/\"},\"sameAs\":[\"https:\/\/www.facebook.com\/guineediversite\/\",\"https:\/\/x.com\/GuineeDiversite\",\"https:\/\/www.youtube.com\/channel\/UC8sUY16qelG5ge6_D5SB83g\"]},{\"@type\":\"Person\",\"@id\":\"https:\/\/guineediversite.com\/#\/schema\/person\/fa362494c47202ce4b3adf55abcc9d01\",\"name\":\"Morcire Camara\",\"image\":{\"@type\":\"ImageObject\",\"inLanguage\":\"fr-FR\",\"@id\":\"https:\/\/guineediversite.com\/#\/schema\/person\/image\/\",\"url\":\"https:\/\/secure.gravatar.com\/avatar\/3ec324f02295bbcebe03d99b39330ab4?s=96&d=mm&r=g\",\"contentUrl\":\"https:\/\/secure.gravatar.com\/avatar\/3ec324f02295bbcebe03d99b39330ab4?s=96&d=mm&r=g\",\"caption\":\"Morcire Camara\"},\"url\":\"https:\/\/guineediversite.com\/index.php\/author\/morcire\/\"}]}<\/script>\n<!-- \/ Yoast SEO plugin. -->","yoast_head_json":{"title":"Guin\u00e9e: un projet de reconstruction et r\u00e9habilitation des voiries urbaines \u00e0 plus de 200 millions d\u2019euros | Guin\u00e9e Diversit\u00e9","robots":{"index":"index","follow":"follow","max-snippet":"max-snippet:-1","max-image-preview":"max-image-preview:large","max-video-preview":"max-video-preview:-1"},"canonical":"https:\/\/guineediversite.com\/index.php\/2018\/04\/28\/guinee-le-projet-de-reconstruction-et-rehabilitation-des-voiries-urbaines-lance-par-alpha-conde-est-estime-a-plus-de-200-millions-deuros\/","og_locale":"fr_FR","og_type":"article","og_title":"Guin\u00e9e: un projet de reconstruction et r\u00e9habilitation des voiries urbaines \u00e0 plus de 200 millions d\u2019euros | Guin\u00e9e Diversit\u00e9","og_description":"Apr\u00e8s la r\u00e9alisation de plus de 391 km de voiries urbaines dont 217 km dans les villes de l\u2019int\u00e9rieur et 174 km \u00e0 Conakry, y compris 42 km en\u00a02\u00d72\u00a0voies, la\u00a0ministre des Travaux\u00a0publics a lanc\u00e9 ce vendredi 27 avril, le d\u00e9marrage des travaux de reconstruction et r\u00e9habilitation des voiries urbaines de trois\u00a0 communes notamment\u00a0(Kaloum,\u00a0Matam\u00a0et\u00a0Dixinn)\u00a0et de la [&hellip;]","og_url":"https:\/\/guineediversite.com\/index.php\/2018\/04\/28\/guinee-le-projet-de-reconstruction-et-rehabilitation-des-voiries-urbaines-lance-par-alpha-conde-est-estime-a-plus-de-200-millions-deuros\/","og_site_name":"Guin\u00e9e Diversit\u00e9","article_publisher":"https:\/\/www.facebook.com\/guineediversite\/","article_published_time":"2018-04-28T10:45:15+00:00","article_modified_time":"2018-04-28T23:47:26+00:00","og_image":[{"width":2704,"height":1192,"url":"https:\/\/guineediversite.com\/wp-content\/uploads\/2018\/04\/images-4.jpg","type":"image\/jpeg"}],"author":"Morcire Camara","twitter_card":"summary_large_image","twitter_creator":"@GuineeDiversite","twitter_site":"@GuineeDiversite","twitter_misc":{"\u00c9crit par":"Morcire Camara","Dur\u00e9e de lecture estim\u00e9e":"2 minutes"},"schema":{"@context":"https:\/\/schema.org","@graph":[{"@type":"Article","@id":"https:\/\/guineediversite.com\/index.php\/2018\/04\/28\/guinee-le-projet-de-reconstruction-et-rehabilitation-des-voiries-urbaines-lance-par-alpha-conde-est-estime-a-plus-de-200-millions-deuros\/#article","isPartOf":{"@id":"https:\/\/guineediversite.com\/index.php\/2018\/04\/28\/guinee-le-projet-de-reconstruction-et-rehabilitation-des-voiries-urbaines-lance-par-alpha-conde-est-estime-a-plus-de-200-millions-deuros\/"},"author":{"name":"Morcire Camara","@id":"https:\/\/guineediversite.com\/#\/schema\/person\/fa362494c47202ce4b3adf55abcc9d01"},"headline":"Guin\u00e9e: un projet de reconstruction et r\u00e9habilitation des voiries urbaines \u00e0 plus de 200 millions d\u2019euros","datePublished":"2018-04-28T10:45:15+00:00","dateModified":"2018-04-28T23:47:26+00:00","mainEntityOfPage":{"@id":"https:\/\/guineediversite.com\/index.php\/2018\/04\/28\/guinee-le-projet-de-reconstruction-et-rehabilitation-des-voiries-urbaines-lance-par-alpha-conde-est-estime-a-plus-de-200-millions-deuros\/"},"wordCount":381,"publisher":{"@id":"https:\/\/guineediversite.com\/#organization"},"image":{"@id":"https:\/\/guineediversite.com\/index.php\/2018\/04\/28\/guinee-le-projet-de-reconstruction-et-rehabilitation-des-voiries-urbaines-lance-par-alpha-conde-est-estime-a-plus-de-200-millions-deuros\/#primaryimage"},"thumbnailUrl":"https:\/\/guineediversite.com\/wp-content\/uploads\/2018\/04\/images-4.jpg","articleSection":["Soci\u00e9t\u00e9"],"inLanguage":"fr-FR"},{"@type":"WebPage","@id":"https:\/\/guineediversite.com\/index.php\/2018\/04\/28\/guinee-le-projet-de-reconstruction-et-rehabilitation-des-voiries-urbaines-lance-par-alpha-conde-est-estime-a-plus-de-200-millions-deuros\/","url":"https:\/\/guineediversite.com\/index.php\/2018\/04\/28\/guinee-le-projet-de-reconstruction-et-rehabilitation-des-voiries-urbaines-lance-par-alpha-conde-est-estime-a-plus-de-200-millions-deuros\/","name":"Guin\u00e9e: un projet de reconstruction et r\u00e9habilitation des voiries urbaines \u00e0 plus de 200 millions d\u2019euros | Guin\u00e9e Diversit\u00e9","isPartOf":{"@id":"https:\/\/guineediversite.com\/#website"},"primaryImageOfPage":{"@id":"https:\/\/guineediversite.com\/index.php\/2018\/04\/28\/guinee-le-projet-de-reconstruction-et-rehabilitation-des-voiries-urbaines-lance-par-alpha-conde-est-estime-a-plus-de-200-millions-deuros\/#primaryimage"},"image":{"@id":"https:\/\/guineediversite.com\/index.php\/2018\/04\/28\/guinee-le-projet-de-reconstruction-et-rehabilitation-des-voiries-urbaines-lance-par-alpha-conde-est-estime-a-plus-de-200-millions-deuros\/#primaryimage"},"thumbnailUrl":"https:\/\/guineediversite.com\/wp-content\/uploads\/2018\/04\/images-4.jpg","datePublished":"2018-04-28T10:45:15+00:00","dateModified":"2018-04-28T23:47:26+00:00","breadcrumb":{"@id":"https:\/\/guineediversite.com\/index.php\/2018\/04\/28\/guinee-le-projet-de-reconstruction-et-rehabilitation-des-voiries-urbaines-lance-par-alpha-conde-est-estime-a-plus-de-200-millions-deuros\/#breadcrumb"},"inLanguage":"fr-FR","potentialAction":[{"@type":"ReadAction","target":["https:\/\/guineediversite.com\/index.php\/2018\/04\/28\/guinee-le-projet-de-reconstruction-et-rehabilitation-des-voiries-urbaines-lance-par-alpha-conde-est-estime-a-plus-de-200-millions-deuros\/"]}]},{"@type":"ImageObject","inLanguage":"fr-FR","@id":"https:\/\/guineediversite.com\/index.php\/2018\/04\/28\/guinee-le-projet-de-reconstruction-et-rehabilitation-des-voiries-urbaines-lance-par-alpha-conde-est-estime-a-plus-de-200-millions-deuros\/#primaryimage","url":"https:\/\/guineediversite.com\/wp-content\/uploads\/2018\/04\/images-4.jpg","contentUrl":"https:\/\/guineediversite.com\/wp-content\/uploads\/2018\/04\/images-4.jpg","width":"2704","height":"1192"},{"@type":"BreadcrumbList","@id":"https:\/\/guineediversite.com\/index.php\/2018\/04\/28\/guinee-le-projet-de-reconstruction-et-rehabilitation-des-voiries-urbaines-lance-par-alpha-conde-est-estime-a-plus-de-200-millions-deuros\/#breadcrumb","itemListElement":[{"@type":"ListItem","position":1,"name":"Accueil","item":"https:\/\/guineediversite.com\/"},{"@type":"ListItem","position":2,"name":"Guin\u00e9e: un projet de reconstruction et r\u00e9habilitation des voiries urbaines \u00e0 plus de 200 millions d\u2019euros"}]},{"@type":"WebSite","@id":"https:\/\/guineediversite.com\/#website","url":"https:\/\/guineediversite.com\/","name":"Guin\u00e9e Diversit\u00e9","description":"L&#039;Info dans toute sa diversit\u00e9","publisher":{"@id":"https:\/\/guineediversite.com\/#organization"},"potentialAction":[{"@type":"SearchAction","target":{"@type":"EntryPoint","urlTemplate":"https:\/\/guineediversite.com\/?s={search_term_string}"},"query-input":{"@type":"PropertyValueSpecification","valueRequired":true,"valueName":"search_term_string"}}],"inLanguage":"fr-FR"},{"@type":"Organization","@id":"https:\/\/guineediversite.com\/#organization","name":"Guin\u00e9e Diversit\u00e9","url":"https:\/\/guineediversite.com\/","logo":{"@type":"ImageObject","inLanguage":"fr-FR","@id":"https:\/\/guineediversite.com\/#\/schema\/logo\/image\/","url":"https:\/\/guineediversite.com\/wp-content\/uploads\/2017\/04\/cropped-1jojlxEOMkX9Wyqfhe43D6kjPOGqBBKmx3EwWJqZ0cMrFF54yM49.png","contentUrl":"https:\/\/guineediversite.com\/wp-content\/uploads\/2017\/04\/cropped-1jojlxEOMkX9Wyqfhe43D6kjPOGqBBKmx3EwWJqZ0cMrFF54yM49.png","width":186,"height":112,"caption":"Guin\u00e9e Diversit\u00e9"},"image":{"@id":"https:\/\/guineediversite.com\/#\/schema\/logo\/image\/"},"sameAs":["https:\/\/www.facebook.com\/guineediversite\/","https:\/\/x.com\/GuineeDiversite","https:\/\/www.youtube.com\/channel\/UC8sUY16qelG5ge6_D5SB83g"]},{"@type":"Person","@id":"https:\/\/guineediversite.com\/#\/schema\/person\/fa362494c47202ce4b3adf55abcc9d01","name":"Morcire Camara","image":{"@type":"ImageObject","inLanguage":"fr-FR","@id":"https:\/\/guineediversite.com\/#\/schema\/person\/image\/","url":"https:\/\/secure.gravatar.com\/avatar\/3ec324f02295bbcebe03d99b39330ab4?s=96&d=mm&r=g","contentUrl":"https:\/\/secure.gravatar.com\/avatar\/3ec324f02295bbcebe03d99b39330ab4?s=96&d=mm&r=g","caption":"Morcire Camara"},"url":"https:\/\/guineediversite.com\/index.php\/author\/morcire\/"}]}},"_links":{"self":[{"href":"https:\/\/guineediversite.com\/index.php\/wp-json\/wp\/v2\/posts\/25012"}],"collection":[{"href":"https:\/\/guineediversite.com\/index.php\/wp-json\/wp\/v2\/posts"}],"about":[{"href":"https:\/\/guineediversite.com\/index.php\/wp-json\/wp\/v2\/types\/post"}],"author":[{"embeddable":true,"href":"https:\/\/guineediversite.com\/index.php\/wp-json\/wp\/v2\/users\/10"}],"replies":[{"embeddable":true,"href":"https:\/\/guineediversite.com\/index.php\/wp-json\/wp\/v2\/comments?post=25012"}],"version-history":[{"count":0,"href":"https:\/\/guineediversite.com\/index.php\/wp-json\/wp\/v2\/posts\/25012\/revisions"}],"wp:featuredmedia":[{"embeddable":true,"href":"https:\/\/guineediversite.com\/index.php\/wp-json\/wp\/v2\/media\/25013"}],"wp:attachment":[{"href":"https:\/\/guineediversite.com\/index.php\/wp-json\/wp\/v2\/media?parent=25012"}],"wp:term":[{"taxonomy":"category","embeddable":true,"href":"https:\/\/guineediversite.com\/index.php\/wp-json\/wp\/v2\/categories?post=25012"},{"taxonomy":"post_tag","embeddable":true,"href":"https:\/\/guineediversite.com\/index.php\/wp-json\/wp\/v2\/tags?post=25012"}],"curies":[{"name":"wp","href":"https:\/\/api.w.org\/{rel}","templated":true}]}}