{"id":25008,"date":"2018-04-28T12:32:39","date_gmt":"2018-04-28T10:32:39","guid":{"rendered":"https:\/\/guineediversite.com\/?p=25008"},"modified":"2018-04-29T01:50:46","modified_gmt":"2018-04-28T23:50:46","slug":"le-forum-sous-regional-de-la-societe-civile-guineenne-sur-la-gouvernance-a-pris-fin-ce-vendredi-a-conakry","status":"publish","type":"post","link":"https:\/\/guineediversite.com\/index.php\/2018\/04\/28\/le-forum-sous-regional-de-la-societe-civile-guineenne-sur-la-gouvernance-a-pris-fin-ce-vendredi-a-conakry\/","title":{"rendered":"Fin du forum sous-r\u00e9gional de la soci\u00e9t\u00e9 civile guin\u00e9enne sur la gouvernance"},"content":{"rendered":"<p><strong>\u00a0Ce forum sous r\u00e9gional de la soci\u00e9t\u00e9 civile guin\u00e9enne sur la gouvernance visait \u00e0 renforcer les capacit\u00e9s des acteurs des organisations de la soci\u00e9t\u00e9 civile en vue de permettre l\u2019\u00e9mergence d\u2019une soci\u00e9t\u00e9 plus forte et dynamique. <\/strong><\/p>\n<p>Plusieurs repr\u00e9sentants des organisations de la soci\u00e9t\u00e9 civile de la sous r\u00e9gion ont pris part \u00e0 cette rencontre. Au cours des deux jours de conclave, les \u00e9changes ont port\u00e9s sur divers th\u00e8mes dont entre autre, la d\u00e9centralisation et le d\u00e9veloppement local, la dynamisation de la soci\u00e9t\u00e9 civile guin\u00e9enne, la gouvernance d\u00e9mocratique et l\u2019\u00e9tat de droit. G\u00e9rard Atl\u00e9 chef de la coop\u00e9ration, repr\u00e9sentant de l\u2019ambassadeur de la d\u00e9l\u00e9gation de l\u2019union europ\u00e9enne, a rappel\u00e9 l\u2019id\u00e9e g\u00e9n\u00e9rale du programme d\u2019aide \u00e0 la soci\u00e9t\u00e9 civile.<\/p>\n<p><img loading=\"lazy\" decoding=\"async\" class=\"alignnone wp-image-25010\" src=\"https:\/\/guineediversite.com.bwjx4292.odns.fr\/wp-content\/uploads\/2018\/04\/31463580_2584306978461560_1439457461_n-300x225.jpg\" alt=\"\" width=\"937\" height=\"703\" srcset=\"https:\/\/guineediversite.com\/wp-content\/uploads\/2018\/04\/31463580_2584306978461560_1439457461_n-300x225.jpg 300w, https:\/\/guineediversite.com\/wp-content\/uploads\/2018\/04\/31463580_2584306978461560_1439457461_n-768x576.jpg 768w, https:\/\/guineediversite.com\/wp-content\/uploads\/2018\/04\/31463580_2584306978461560_1439457461_n-1024x768.jpg 1024w, https:\/\/guineediversite.com\/wp-content\/uploads\/2018\/04\/31463580_2584306978461560_1439457461_n-600x450.jpg 600w, https:\/\/guineediversite.com\/wp-content\/uploads\/2018\/04\/31463580_2584306978461560_1439457461_n-678x509.jpg 678w, https:\/\/guineediversite.com\/wp-content\/uploads\/2018\/04\/31463580_2584306978461560_1439457461_n-326x245.jpg 326w, https:\/\/guineediversite.com\/wp-content\/uploads\/2018\/04\/31463580_2584306978461560_1439457461_n-80x60.jpg 80w, https:\/\/guineediversite.com\/wp-content\/uploads\/2018\/04\/31463580_2584306978461560_1439457461_n.jpg 1365w\" sizes=\"(max-width: 937px) 100vw, 937px\" \/><\/p>\n<p>\u00ab <em>L\u2019id\u00e9e g\u00e9n\u00e9rale de PASOC c\u2019est justement de renforcer les capacit\u00e9s organisationnelles et de stimuler la collaboration entre l\u2019autorit\u00e9 et les organisations de la soci\u00e9t\u00e9 civile. Mais surtout aussi de d\u00e9velopper des capacit\u00e9s au niveau local pour un meilleur rapprochement entre les responsables politiques et la population qui doit aussi b\u00e9n\u00e9ficier des d\u00e9f\u00e9rents politiques de l\u2019Etat. <\/em>\u00bb<\/p>\n<p>Ce forum a permis aux participants d\u2019acqu\u00e9rir plusieurs exp\u00e9riences, comme l\u2019en t\u00e9moigne Amapoudou Diouf le pr\u00e9sident du CONCAT, porte parole des participants.<\/p>\n<p>\u00ab <em>Cette rencontre a \u00e9t\u00e9 une occasion d\u2019un bon partage, mais aussi d\u2019une bonne r\u00e9flexion strat\u00e9gique autour d\u2019\u00e9l\u00e9ments qui nous r\u00e9unisses. Mais quelques parts aussi autour des points qui, fondamentalement pouvaient ne pas \u00eatre des points de divergence. Je crois qu\u2019il faut saluer l\u2019esprit et l\u2019initiative du PASOC qui leur a incit\u00e9 \u00e0 organiser ce forum. Il ya beaucoup de danger et de d\u00e9fis qui nous assailles, et nous sommes convaincu qu\u2019hier et aujourd\u2019hui qu\u2019on a au moins pu retracer quelques \u00e9l\u00e9ments qui pourraient nous \u00eatre utile dans le travail futur. C\u2019est le moment ou jamais pour la soci\u00e9t\u00e9 civile de notre sous r\u00e9gion de se repositionner davantage dans le cadre de la r\u00e9flexion strat\u00e9gique pour porter le destin de nos nation. <\/em>\u00bb<\/p>\n<p>La soci\u00e9t\u00e9 civile guin\u00e9enne s\u2019est r\u00e9jouit de la tenue de cette rencontre sous r\u00e9gionale \u00e0 Conakry. \u00ab <em>La soci\u00e9t\u00e9 civile guin\u00e9enne se f\u00e9licite des enseignements re\u00e7us et des opportunit\u00e9s cr\u00e9es lors de ce forum en guise d\u2019indication. L\u2019autocritique de la soci\u00e9t\u00e9 civile guin\u00e9enne, et la prise de consciences collectives sur la n\u00e9cessit\u00e9 d\u2019y apporter des solutions aussi bien individuelles que collectif. L\u2019analyse de son positionnement actuel \u00e0 l\u2019\u00e9gard des d\u00e9fis qui l\u2019interpelle par rapport \u00e0 sa mission et \u00e0 la demande sociale et la perception du gouvernement \u00e0 cette mission. La clarification sur le r\u00f4le de l\u2019Etat dans l\u2019accompagnement de la soci\u00e9t\u00e9 civile.<\/em>\u00bb<\/p>\n<p>Dans la m\u00eame perspective, les participants ont \u00e9num\u00e9r\u00e9s quelques recommandations \u00e0 l\u2019issue de ce forum sous r\u00e9gional de la soci\u00e9t\u00e9 civile guin\u00e9enne. \u00ab <em>consid\u00e9rant que la soci\u00e9t\u00e9 civile guin\u00e9enne est \u00e0 un tournant d\u00e9cisif de son \u00e9volution et manifeste le d\u00e9sir de se repositionner tant au niveau national, qu\u2019au niveau de la sous r\u00e9gion recommandons \u00e0 la soci\u00e9t\u00e9 civile guin\u00e9enne : de renforcer la synergie d\u2019action entre les plates formes des organisations de la soci\u00e9t\u00e9 civile, renforcer son partenariat avec l\u2019Etat \u00e0 travers son implication \u00e0 tous les niveaux de prise de d\u00e9cision d\u2019int\u00e9r\u00eat g\u00e9n\u00e9ral et la mise en \u0153uvre des actions concert\u00e9es. S\u2019engager dans un processus de professionnalisation \u00e0 travers la sp\u00e9cialisation de ces composantes et son positionnement sur les grandes th\u00e9matiques de d\u00e9veloppement. Mais aussi de veiller aux normes de bonnes gouvernance et de d\u00e9mocratie au sein de nos organisations pour garantir la cr\u00e9dibilit\u00e9 aupr\u00e8s de l\u2019opinion national, <\/em>\u00bb a martel\u00e9 Amadou Sylla participants. Ce programme d\u2019aide \u00e0 la soci\u00e9t\u00e9 civile guin\u00e9enne a \u00e9t\u00e9 financ\u00e9 par le dixi\u00e8me fond europ\u00e9en de d\u00e9veloppement.<\/p>\n","protected":false},"excerpt":{"rendered":"<p>\u00a0Ce forum sous r\u00e9gional de la soci\u00e9t\u00e9 civile guin\u00e9enne sur la gouvernance visait \u00e0 renforcer les capacit\u00e9s des acteurs des organisations de la soci\u00e9t\u00e9 civile en vue de permettre l\u2019\u00e9mergence d\u2019une soci\u00e9t\u00e9 plus forte et dynamique. Plusieurs repr\u00e9sentants des organisations de la soci\u00e9t\u00e9 civile de la sous r\u00e9gion ont pris part \u00e0 cette rencontre. Au [&hellip;]<\/p>\n","protected":false},"author":10,"featured_media":25009,"comment_status":"closed","ping_status":"closed","sticky":false,"template":"","format":"standard","meta":{"_exactmetrics_skip_tracking":false,"_exactmetrics_sitenote_active":false,"_exactmetrics_sitenote_note":"","_exactmetrics_sitenote_category":0,"tdm_status":"","tdm_grid_status":"","footnotes":""},"categories":[16],"tags":[],"class_list":{"0":"post-25008","1":"post","2":"type-post","3":"status-publish","4":"format-standard","5":"has-post-thumbnail","7":"category-societe"},"yoast_head":"<!-- This site is optimized with the Yoast SEO plugin v24.2 - https:\/\/yoast.com\/wordpress\/plugins\/seo\/ -->\n<title>Fin du forum sous-r\u00e9gional de la soci\u00e9t\u00e9 civile guin\u00e9enne sur la gouvernance | Guin\u00e9e Diversit\u00e9<\/title>\n<meta name=\"robots\" content=\"index, follow, max-snippet:-1, max-image-preview:large, max-video-preview:-1\" \/>\n<link rel=\"canonical\" href=\"https:\/\/guineediversite.com\/index.php\/2018\/04\/28\/le-forum-sous-regional-de-la-societe-civile-guineenne-sur-la-gouvernance-a-pris-fin-ce-vendredi-a-conakry\/\" \/>\n<meta property=\"og:locale\" content=\"fr_FR\" \/>\n<meta property=\"og:type\" content=\"article\" \/>\n<meta property=\"og:title\" content=\"Fin du forum sous-r\u00e9gional de la soci\u00e9t\u00e9 civile guin\u00e9enne sur la gouvernance | Guin\u00e9e Diversit\u00e9\" \/>\n<meta property=\"og:description\" content=\"\u00a0Ce forum sous r\u00e9gional de la soci\u00e9t\u00e9 civile guin\u00e9enne sur la gouvernance visait \u00e0 renforcer les capacit\u00e9s des acteurs des organisations de la soci\u00e9t\u00e9 civile en vue de permettre l\u2019\u00e9mergence d\u2019une soci\u00e9t\u00e9 plus forte et dynamique. Plusieurs repr\u00e9sentants des organisations de la soci\u00e9t\u00e9 civile de la sous r\u00e9gion ont pris part \u00e0 cette rencontre. Au [&hellip;]\" \/>\n<meta property=\"og:url\" content=\"https:\/\/guineediversite.com\/index.php\/2018\/04\/28\/le-forum-sous-regional-de-la-societe-civile-guineenne-sur-la-gouvernance-a-pris-fin-ce-vendredi-a-conakry\/\" \/>\n<meta property=\"og:site_name\" content=\"Guin\u00e9e Diversit\u00e9\" \/>\n<meta property=\"article:publisher\" content=\"https:\/\/www.facebook.com\/guineediversite\/\" \/>\n<meta property=\"article:published_time\" content=\"2018-04-28T10:32:39+00:00\" \/>\n<meta property=\"article:modified_time\" content=\"2018-04-28T23:50:46+00:00\" \/>\n<meta property=\"og:image\" content=\"https:\/\/guineediversite.com\/wp-content\/uploads\/2018\/04\/30831547_2584306968461561_2008741140_n.jpg\" \/>\n\t<meta property=\"og:image:width\" content=\"1365\" \/>\n\t<meta property=\"og:image:height\" content=\"1024\" \/>\n\t<meta property=\"og:image:type\" content=\"image\/jpeg\" \/>\n<meta name=\"author\" content=\"Morcire Camara\" \/>\n<meta name=\"twitter:card\" content=\"summary_large_image\" \/>\n<meta name=\"twitter:creator\" content=\"@GuineeDiversite\" \/>\n<meta name=\"twitter:site\" content=\"@GuineeDiversite\" \/>\n<meta name=\"twitter:label1\" content=\"\u00c9crit par\" \/>\n\t<meta name=\"twitter:data1\" content=\"Morcire Camara\" \/>\n\t<meta name=\"twitter:label2\" content=\"Dur\u00e9e de lecture estim\u00e9e\" \/>\n\t<meta name=\"twitter:data2\" content=\"4 minutes\" \/>\n<script type=\"application\/ld+json\" class=\"yoast-schema-graph\">{\"@context\":\"https:\/\/schema.org\",\"@graph\":[{\"@type\":\"Article\",\"@id\":\"https:\/\/guineediversite.com\/index.php\/2018\/04\/28\/le-forum-sous-regional-de-la-societe-civile-guineenne-sur-la-gouvernance-a-pris-fin-ce-vendredi-a-conakry\/#article\",\"isPartOf\":{\"@id\":\"https:\/\/guineediversite.com\/index.php\/2018\/04\/28\/le-forum-sous-regional-de-la-societe-civile-guineenne-sur-la-gouvernance-a-pris-fin-ce-vendredi-a-conakry\/\"},\"author\":{\"name\":\"Morcire Camara\",\"@id\":\"https:\/\/guineediversite.com\/#\/schema\/person\/fa362494c47202ce4b3adf55abcc9d01\"},\"headline\":\"Fin du forum sous-r\u00e9gional de la soci\u00e9t\u00e9 civile guin\u00e9enne sur la gouvernance\",\"datePublished\":\"2018-04-28T10:32:39+00:00\",\"dateModified\":\"2018-04-28T23:50:46+00:00\",\"mainEntityOfPage\":{\"@id\":\"https:\/\/guineediversite.com\/index.php\/2018\/04\/28\/le-forum-sous-regional-de-la-societe-civile-guineenne-sur-la-gouvernance-a-pris-fin-ce-vendredi-a-conakry\/\"},\"wordCount\":726,\"publisher\":{\"@id\":\"https:\/\/guineediversite.com\/#organization\"},\"image\":{\"@id\":\"https:\/\/guineediversite.com\/index.php\/2018\/04\/28\/le-forum-sous-regional-de-la-societe-civile-guineenne-sur-la-gouvernance-a-pris-fin-ce-vendredi-a-conakry\/#primaryimage\"},\"thumbnailUrl\":\"https:\/\/guineediversite.com\/wp-content\/uploads\/2018\/04\/30831547_2584306968461561_2008741140_n.jpg\",\"articleSection\":[\"Soci\u00e9t\u00e9\"],\"inLanguage\":\"fr-FR\"},{\"@type\":\"WebPage\",\"@id\":\"https:\/\/guineediversite.com\/index.php\/2018\/04\/28\/le-forum-sous-regional-de-la-societe-civile-guineenne-sur-la-gouvernance-a-pris-fin-ce-vendredi-a-conakry\/\",\"url\":\"https:\/\/guineediversite.com\/index.php\/2018\/04\/28\/le-forum-sous-regional-de-la-societe-civile-guineenne-sur-la-gouvernance-a-pris-fin-ce-vendredi-a-conakry\/\",\"name\":\"Fin du forum sous-r\u00e9gional de la soci\u00e9t\u00e9 civile guin\u00e9enne sur la gouvernance | Guin\u00e9e Diversit\u00e9\",\"isPartOf\":{\"@id\":\"https:\/\/guineediversite.com\/#website\"},\"primaryImageOfPage\":{\"@id\":\"https:\/\/guineediversite.com\/index.php\/2018\/04\/28\/le-forum-sous-regional-de-la-societe-civile-guineenne-sur-la-gouvernance-a-pris-fin-ce-vendredi-a-conakry\/#primaryimage\"},\"image\":{\"@id\":\"https:\/\/guineediversite.com\/index.php\/2018\/04\/28\/le-forum-sous-regional-de-la-societe-civile-guineenne-sur-la-gouvernance-a-pris-fin-ce-vendredi-a-conakry\/#primaryimage\"},\"thumbnailUrl\":\"https:\/\/guineediversite.com\/wp-content\/uploads\/2018\/04\/30831547_2584306968461561_2008741140_n.jpg\",\"datePublished\":\"2018-04-28T10:32:39+00:00\",\"dateModified\":\"2018-04-28T23:50:46+00:00\",\"breadcrumb\":{\"@id\":\"https:\/\/guineediversite.com\/index.php\/2018\/04\/28\/le-forum-sous-regional-de-la-societe-civile-guineenne-sur-la-gouvernance-a-pris-fin-ce-vendredi-a-conakry\/#breadcrumb\"},\"inLanguage\":\"fr-FR\",\"potentialAction\":[{\"@type\":\"ReadAction\",\"target\":[\"https:\/\/guineediversite.com\/index.php\/2018\/04\/28\/le-forum-sous-regional-de-la-societe-civile-guineenne-sur-la-gouvernance-a-pris-fin-ce-vendredi-a-conakry\/\"]}]},{\"@type\":\"ImageObject\",\"inLanguage\":\"fr-FR\",\"@id\":\"https:\/\/guineediversite.com\/index.php\/2018\/04\/28\/le-forum-sous-regional-de-la-societe-civile-guineenne-sur-la-gouvernance-a-pris-fin-ce-vendredi-a-conakry\/#primaryimage\",\"url\":\"https:\/\/guineediversite.com\/wp-content\/uploads\/2018\/04\/30831547_2584306968461561_2008741140_n.jpg\",\"contentUrl\":\"https:\/\/guineediversite.com\/wp-content\/uploads\/2018\/04\/30831547_2584306968461561_2008741140_n.jpg\",\"width\":\"1365\",\"height\":\"1024\"},{\"@type\":\"BreadcrumbList\",\"@id\":\"https:\/\/guineediversite.com\/index.php\/2018\/04\/28\/le-forum-sous-regional-de-la-societe-civile-guineenne-sur-la-gouvernance-a-pris-fin-ce-vendredi-a-conakry\/#breadcrumb\",\"itemListElement\":[{\"@type\":\"ListItem\",\"position\":1,\"name\":\"Accueil\",\"item\":\"https:\/\/guineediversite.com\/\"},{\"@type\":\"ListItem\",\"position\":2,\"name\":\"Fin du forum sous-r\u00e9gional de la soci\u00e9t\u00e9 civile guin\u00e9enne sur la gouvernance\"}]},{\"@type\":\"WebSite\",\"@id\":\"https:\/\/guineediversite.com\/#website\",\"url\":\"https:\/\/guineediversite.com\/\",\"name\":\"Guin\u00e9e Diversit\u00e9\",\"description\":\"L&#039;Info dans toute sa diversit\u00e9\",\"publisher\":{\"@id\":\"https:\/\/guineediversite.com\/#organization\"},\"potentialAction\":[{\"@type\":\"SearchAction\",\"target\":{\"@type\":\"EntryPoint\",\"urlTemplate\":\"https:\/\/guineediversite.com\/?s={search_term_string}\"},\"query-input\":{\"@type\":\"PropertyValueSpecification\",\"valueRequired\":true,\"valueName\":\"search_term_string\"}}],\"inLanguage\":\"fr-FR\"},{\"@type\":\"Organization\",\"@id\":\"https:\/\/guineediversite.com\/#organization\",\"name\":\"Guin\u00e9e Diversit\u00e9\",\"url\":\"https:\/\/guineediversite.com\/\",\"logo\":{\"@type\":\"ImageObject\",\"inLanguage\":\"fr-FR\",\"@id\":\"https:\/\/guineediversite.com\/#\/schema\/logo\/image\/\",\"url\":\"https:\/\/guineediversite.com\/wp-content\/uploads\/2017\/04\/cropped-1jojlxEOMkX9Wyqfhe43D6kjPOGqBBKmx3EwWJqZ0cMrFF54yM49.png\",\"contentUrl\":\"https:\/\/guineediversite.com\/wp-content\/uploads\/2017\/04\/cropped-1jojlxEOMkX9Wyqfhe43D6kjPOGqBBKmx3EwWJqZ0cMrFF54yM49.png\",\"width\":186,\"height\":112,\"caption\":\"Guin\u00e9e Diversit\u00e9\"},\"image\":{\"@id\":\"https:\/\/guineediversite.com\/#\/schema\/logo\/image\/\"},\"sameAs\":[\"https:\/\/www.facebook.com\/guineediversite\/\",\"https:\/\/x.com\/GuineeDiversite\",\"https:\/\/www.youtube.com\/channel\/UC8sUY16qelG5ge6_D5SB83g\"]},{\"@type\":\"Person\",\"@id\":\"https:\/\/guineediversite.com\/#\/schema\/person\/fa362494c47202ce4b3adf55abcc9d01\",\"name\":\"Morcire Camara\",\"image\":{\"@type\":\"ImageObject\",\"inLanguage\":\"fr-FR\",\"@id\":\"https:\/\/guineediversite.com\/#\/schema\/person\/image\/\",\"url\":\"https:\/\/secure.gravatar.com\/avatar\/3ec324f02295bbcebe03d99b39330ab4?s=96&d=mm&r=g\",\"contentUrl\":\"https:\/\/secure.gravatar.com\/avatar\/3ec324f02295bbcebe03d99b39330ab4?s=96&d=mm&r=g\",\"caption\":\"Morcire Camara\"},\"url\":\"https:\/\/guineediversite.com\/index.php\/author\/morcire\/\"}]}<\/script>\n<!-- \/ Yoast SEO plugin. -->","yoast_head_json":{"title":"Fin du forum sous-r\u00e9gional de la soci\u00e9t\u00e9 civile guin\u00e9enne sur la gouvernance | Guin\u00e9e Diversit\u00e9","robots":{"index":"index","follow":"follow","max-snippet":"max-snippet:-1","max-image-preview":"max-image-preview:large","max-video-preview":"max-video-preview:-1"},"canonical":"https:\/\/guineediversite.com\/index.php\/2018\/04\/28\/le-forum-sous-regional-de-la-societe-civile-guineenne-sur-la-gouvernance-a-pris-fin-ce-vendredi-a-conakry\/","og_locale":"fr_FR","og_type":"article","og_title":"Fin du forum sous-r\u00e9gional de la soci\u00e9t\u00e9 civile guin\u00e9enne sur la gouvernance | Guin\u00e9e Diversit\u00e9","og_description":"\u00a0Ce forum sous r\u00e9gional de la soci\u00e9t\u00e9 civile guin\u00e9enne sur la gouvernance visait \u00e0 renforcer les capacit\u00e9s des acteurs des organisations de la soci\u00e9t\u00e9 civile en vue de permettre l\u2019\u00e9mergence d\u2019une soci\u00e9t\u00e9 plus forte et dynamique. Plusieurs repr\u00e9sentants des organisations de la soci\u00e9t\u00e9 civile de la sous r\u00e9gion ont pris part \u00e0 cette rencontre. Au [&hellip;]","og_url":"https:\/\/guineediversite.com\/index.php\/2018\/04\/28\/le-forum-sous-regional-de-la-societe-civile-guineenne-sur-la-gouvernance-a-pris-fin-ce-vendredi-a-conakry\/","og_site_name":"Guin\u00e9e Diversit\u00e9","article_publisher":"https:\/\/www.facebook.com\/guineediversite\/","article_published_time":"2018-04-28T10:32:39+00:00","article_modified_time":"2018-04-28T23:50:46+00:00","og_image":[{"width":1365,"height":1024,"url":"https:\/\/guineediversite.com\/wp-content\/uploads\/2018\/04\/30831547_2584306968461561_2008741140_n.jpg","type":"image\/jpeg"}],"author":"Morcire Camara","twitter_card":"summary_large_image","twitter_creator":"@GuineeDiversite","twitter_site":"@GuineeDiversite","twitter_misc":{"\u00c9crit par":"Morcire Camara","Dur\u00e9e de lecture estim\u00e9e":"4 minutes"},"schema":{"@context":"https:\/\/schema.org","@graph":[{"@type":"Article","@id":"https:\/\/guineediversite.com\/index.php\/2018\/04\/28\/le-forum-sous-regional-de-la-societe-civile-guineenne-sur-la-gouvernance-a-pris-fin-ce-vendredi-a-conakry\/#article","isPartOf":{"@id":"https:\/\/guineediversite.com\/index.php\/2018\/04\/28\/le-forum-sous-regional-de-la-societe-civile-guineenne-sur-la-gouvernance-a-pris-fin-ce-vendredi-a-conakry\/"},"author":{"name":"Morcire Camara","@id":"https:\/\/guineediversite.com\/#\/schema\/person\/fa362494c47202ce4b3adf55abcc9d01"},"headline":"Fin du forum sous-r\u00e9gional de la soci\u00e9t\u00e9 civile guin\u00e9enne sur la gouvernance","datePublished":"2018-04-28T10:32:39+00:00","dateModified":"2018-04-28T23:50:46+00:00","mainEntityOfPage":{"@id":"https:\/\/guineediversite.com\/index.php\/2018\/04\/28\/le-forum-sous-regional-de-la-societe-civile-guineenne-sur-la-gouvernance-a-pris-fin-ce-vendredi-a-conakry\/"},"wordCount":726,"publisher":{"@id":"https:\/\/guineediversite.com\/#organization"},"image":{"@id":"https:\/\/guineediversite.com\/index.php\/2018\/04\/28\/le-forum-sous-regional-de-la-societe-civile-guineenne-sur-la-gouvernance-a-pris-fin-ce-vendredi-a-conakry\/#primaryimage"},"thumbnailUrl":"https:\/\/guineediversite.com\/wp-content\/uploads\/2018\/04\/30831547_2584306968461561_2008741140_n.jpg","articleSection":["Soci\u00e9t\u00e9"],"inLanguage":"fr-FR"},{"@type":"WebPage","@id":"https:\/\/guineediversite.com\/index.php\/2018\/04\/28\/le-forum-sous-regional-de-la-societe-civile-guineenne-sur-la-gouvernance-a-pris-fin-ce-vendredi-a-conakry\/","url":"https:\/\/guineediversite.com\/index.php\/2018\/04\/28\/le-forum-sous-regional-de-la-societe-civile-guineenne-sur-la-gouvernance-a-pris-fin-ce-vendredi-a-conakry\/","name":"Fin du forum sous-r\u00e9gional de la soci\u00e9t\u00e9 civile guin\u00e9enne sur la gouvernance | Guin\u00e9e Diversit\u00e9","isPartOf":{"@id":"https:\/\/guineediversite.com\/#website"},"primaryImageOfPage":{"@id":"https:\/\/guineediversite.com\/index.php\/2018\/04\/28\/le-forum-sous-regional-de-la-societe-civile-guineenne-sur-la-gouvernance-a-pris-fin-ce-vendredi-a-conakry\/#primaryimage"},"image":{"@id":"https:\/\/guineediversite.com\/index.php\/2018\/04\/28\/le-forum-sous-regional-de-la-societe-civile-guineenne-sur-la-gouvernance-a-pris-fin-ce-vendredi-a-conakry\/#primaryimage"},"thumbnailUrl":"https:\/\/guineediversite.com\/wp-content\/uploads\/2018\/04\/30831547_2584306968461561_2008741140_n.jpg","datePublished":"2018-04-28T10:32:39+00:00","dateModified":"2018-04-28T23:50:46+00:00","breadcrumb":{"@id":"https:\/\/guineediversite.com\/index.php\/2018\/04\/28\/le-forum-sous-regional-de-la-societe-civile-guineenne-sur-la-gouvernance-a-pris-fin-ce-vendredi-a-conakry\/#breadcrumb"},"inLanguage":"fr-FR","potentialAction":[{"@type":"ReadAction","target":["https:\/\/guineediversite.com\/index.php\/2018\/04\/28\/le-forum-sous-regional-de-la-societe-civile-guineenne-sur-la-gouvernance-a-pris-fin-ce-vendredi-a-conakry\/"]}]},{"@type":"ImageObject","inLanguage":"fr-FR","@id":"https:\/\/guineediversite.com\/index.php\/2018\/04\/28\/le-forum-sous-regional-de-la-societe-civile-guineenne-sur-la-gouvernance-a-pris-fin-ce-vendredi-a-conakry\/#primaryimage","url":"https:\/\/guineediversite.com\/wp-content\/uploads\/2018\/04\/30831547_2584306968461561_2008741140_n.jpg","contentUrl":"https:\/\/guineediversite.com\/wp-content\/uploads\/2018\/04\/30831547_2584306968461561_2008741140_n.jpg","width":"1365","height":"1024"},{"@type":"BreadcrumbList","@id":"https:\/\/guineediversite.com\/index.php\/2018\/04\/28\/le-forum-sous-regional-de-la-societe-civile-guineenne-sur-la-gouvernance-a-pris-fin-ce-vendredi-a-conakry\/#breadcrumb","itemListElement":[{"@type":"ListItem","position":1,"name":"Accueil","item":"https:\/\/guineediversite.com\/"},{"@type":"ListItem","position":2,"name":"Fin du forum sous-r\u00e9gional de la soci\u00e9t\u00e9 civile guin\u00e9enne sur la gouvernance"}]},{"@type":"WebSite","@id":"https:\/\/guineediversite.com\/#website","url":"https:\/\/guineediversite.com\/","name":"Guin\u00e9e Diversit\u00e9","description":"L&#039;Info dans toute sa diversit\u00e9","publisher":{"@id":"https:\/\/guineediversite.com\/#organization"},"potentialAction":[{"@type":"SearchAction","target":{"@type":"EntryPoint","urlTemplate":"https:\/\/guineediversite.com\/?s={search_term_string}"},"query-input":{"@type":"PropertyValueSpecification","valueRequired":true,"valueName":"search_term_string"}}],"inLanguage":"fr-FR"},{"@type":"Organization","@id":"https:\/\/guineediversite.com\/#organization","name":"Guin\u00e9e Diversit\u00e9","url":"https:\/\/guineediversite.com\/","logo":{"@type":"ImageObject","inLanguage":"fr-FR","@id":"https:\/\/guineediversite.com\/#\/schema\/logo\/image\/","url":"https:\/\/guineediversite.com\/wp-content\/uploads\/2017\/04\/cropped-1jojlxEOMkX9Wyqfhe43D6kjPOGqBBKmx3EwWJqZ0cMrFF54yM49.png","contentUrl":"https:\/\/guineediversite.com\/wp-content\/uploads\/2017\/04\/cropped-1jojlxEOMkX9Wyqfhe43D6kjPOGqBBKmx3EwWJqZ0cMrFF54yM49.png","width":186,"height":112,"caption":"Guin\u00e9e Diversit\u00e9"},"image":{"@id":"https:\/\/guineediversite.com\/#\/schema\/logo\/image\/"},"sameAs":["https:\/\/www.facebook.com\/guineediversite\/","https:\/\/x.com\/GuineeDiversite","https:\/\/www.youtube.com\/channel\/UC8sUY16qelG5ge6_D5SB83g"]},{"@type":"Person","@id":"https:\/\/guineediversite.com\/#\/schema\/person\/fa362494c47202ce4b3adf55abcc9d01","name":"Morcire Camara","image":{"@type":"ImageObject","inLanguage":"fr-FR","@id":"https:\/\/guineediversite.com\/#\/schema\/person\/image\/","url":"https:\/\/secure.gravatar.com\/avatar\/3ec324f02295bbcebe03d99b39330ab4?s=96&d=mm&r=g","contentUrl":"https:\/\/secure.gravatar.com\/avatar\/3ec324f02295bbcebe03d99b39330ab4?s=96&d=mm&r=g","caption":"Morcire Camara"},"url":"https:\/\/guineediversite.com\/index.php\/author\/morcire\/"}]}},"_links":{"self":[{"href":"https:\/\/guineediversite.com\/index.php\/wp-json\/wp\/v2\/posts\/25008"}],"collection":[{"href":"https:\/\/guineediversite.com\/index.php\/wp-json\/wp\/v2\/posts"}],"about":[{"href":"https:\/\/guineediversite.com\/index.php\/wp-json\/wp\/v2\/types\/post"}],"author":[{"embeddable":true,"href":"https:\/\/guineediversite.com\/index.php\/wp-json\/wp\/v2\/users\/10"}],"replies":[{"embeddable":true,"href":"https:\/\/guineediversite.com\/index.php\/wp-json\/wp\/v2\/comments?post=25008"}],"version-history":[{"count":0,"href":"https:\/\/guineediversite.com\/index.php\/wp-json\/wp\/v2\/posts\/25008\/revisions"}],"wp:featuredmedia":[{"embeddable":true,"href":"https:\/\/guineediversite.com\/index.php\/wp-json\/wp\/v2\/media\/25009"}],"wp:attachment":[{"href":"https:\/\/guineediversite.com\/index.php\/wp-json\/wp\/v2\/media?parent=25008"}],"wp:term":[{"taxonomy":"category","embeddable":true,"href":"https:\/\/guineediversite.com\/index.php\/wp-json\/wp\/v2\/categories?post=25008"},{"taxonomy":"post_tag","embeddable":true,"href":"https:\/\/guineediversite.com\/index.php\/wp-json\/wp\/v2\/tags?post=25008"}],"curies":[{"name":"wp","href":"https:\/\/api.w.org\/{rel}","templated":true}]}}