{"id":25004,"date":"2018-04-28T11:56:18","date_gmt":"2018-04-28T09:56:18","guid":{"rendered":"https:\/\/guineediversite.com\/?p=25004"},"modified":"2018-04-28T11:56:18","modified_gmt":"2018-04-28T09:56:18","slug":"la-guinee-recule-en-matiere-de-la-liberte-de-la-presse-selon-long-rsf","status":"publish","type":"post","link":"https:\/\/guineediversite.com\/index.php\/2018\/04\/28\/la-guinee-recule-en-matiere-de-la-liberte-de-la-presse-selon-long-rsf\/","title":{"rendered":"La Guin\u00e9e recule en mati\u00e8re de la libert\u00e9 de la presse selon l\u2019ONG RSF."},"content":{"rendered":"<p><strong>\u00a0La Guin\u00e9e recule de trois places dans le classement mondial des pays en mati\u00e8re de la libert\u00e9 de la presse selon Reporter Sans Fronti\u00e8re RSF. Elle passe de la 101 \u00e8me \u00e0 la 104 \u00e8me place cette ann\u00e9e. <\/strong><\/p>\n<p>Face \u00e0 cela, des r\u00e9actions de certains responsables d\u2019association de presse guin\u00e9enne n\u2019ont pas tard\u00e9es. Selon eux, cette d\u00e9cision n\u2019est pas du tout surprenante avec les malheureux \u00e9v\u00e9nements subit la presse guin\u00e9enne ces derniers moments. La pr\u00e9sidente de l\u2019APAC -GUINEE n\u2019est pas surprise, perdre trois places \u00e9tait pr\u00e9visible au vu de la situation des m\u00e9dias en fin 2017 \u00ab <em>A la fin de l\u2019ann\u00e9e 2017, les journalistes ont v\u00e9cu en Guin\u00e9e en terme de bastonnade, en terme de fermeture de radios, en terme de poursuite judiciaire. Donc pour moi c\u2019\u00e9tait pr\u00e9visible que le rapport RSF pour 2018 allait tr\u00e8s sal\u00e9 pour la Guin\u00e9e,<\/em> \u00bb affirme Asmaou Barry.<\/p>\n<p>La pr\u00e9sidente des femmes journaliste a en m\u00e9moire les menaces du chef de l\u2019\u00c9tat lors de la cl\u00f4ture des assises de la presse francophone et la fermeture des radios \u00e0 cause de la redevance de l\u2019ARPT. Pour le pr\u00e9sident de l\u2019Union des Radios et t\u00e9l\u00e9vision Libres de Guin\u00e9e, l\u2019ONG Reporter Sans Fronti\u00e8re a \u00e9t\u00e9 cl\u00e9mente vis-\u00e0-vis de la Guin\u00e9e \u00ab <em>C\u2019est au cours de cette ann\u00e9e 2017, qu\u2019on a vu des gendarmes s\u2019attaquer aux journalistes, bastonn\u00e9s, molest\u00e9s comme le fut sous mes yeux. Les \u00e9quipements de travail arrach\u00e9s et \u00e9cras\u00e9s sur le goudron. Je veux citer par l\u00e0 les dictaphones, les cameras, les t\u00e9l\u00e9phones et autres objets de valeurs que les journalistes avaient sur eux. J\u2019ai vu les gendarmes terrass\u00e9s, balay\u00e9s des journalistes femmes les marcher dessus. J\u2019\u00e9tais tr\u00e8s choqu\u00e9. C\u2019est un acte qui est traumatisant pour un journaliste,<\/em>\u00bb D\u00e9plore Sanou Kerfala Ciss\u00e9.<\/p>\n<p>Plus loin, ce professionnel de m\u00e9dias n\u2019est pas tout du satisfait du classement de la Guin\u00e9e .Pour se faire, il appelle les autorit\u00e9s guin\u00e9enne \u00e0 prot\u00e9ger les journalistes \u00ab <em>Il faut que les uns et les autres prennent leurs responsabilit\u00e9s pour prot\u00e9ger les journalistes. Je l\u2019ai dit une fois et je le maintien, je ne suis pas satisfait du classement que la Guin\u00e9e a eu cette ann\u00e9e parce que c\u2019est du jamais vu dans le monde entier. M\u00eame si on nous mettaient aujourd\u2019hui \u00e0 la derni\u00e8re place j\u2019allait \u00eatre tr\u00e8s satisfait,<\/em>\u00bb dit-il ce classement de la Guin\u00e9e au dernier rang note un v\u00e9ritable recule de la libert\u00e9 de la presse dans le pays.<\/p>\n","protected":false},"excerpt":{"rendered":"<p>\u00a0La Guin\u00e9e recule de trois places dans le classement mondial des pays en mati\u00e8re de la libert\u00e9 de la presse selon Reporter Sans Fronti\u00e8re RSF. Elle passe de la 101 \u00e8me \u00e0 la 104 \u00e8me place cette ann\u00e9e. Face \u00e0 cela, des r\u00e9actions de certains responsables d\u2019association de presse guin\u00e9enne n\u2019ont pas tard\u00e9es. Selon eux, [&hellip;]<\/p>\n","protected":false},"author":16,"featured_media":25005,"comment_status":"closed","ping_status":"closed","sticky":false,"template":"","format":"standard","meta":{"_exactmetrics_skip_tracking":false,"_exactmetrics_sitenote_active":false,"_exactmetrics_sitenote_note":"","_exactmetrics_sitenote_category":0,"tdm_status":"","tdm_grid_status":"","footnotes":""},"categories":[16],"tags":[],"class_list":{"0":"post-25004","1":"post","2":"type-post","3":"status-publish","4":"format-standard","5":"has-post-thumbnail","7":"category-societe"},"yoast_head":"<!-- This site is optimized with the Yoast SEO plugin v24.2 - https:\/\/yoast.com\/wordpress\/plugins\/seo\/ -->\n<title>La Guin\u00e9e recule en mati\u00e8re de la libert\u00e9 de la presse selon l\u2019ONG RSF. | Guin\u00e9e Diversit\u00e9<\/title>\n<meta name=\"robots\" content=\"index, follow, max-snippet:-1, max-image-preview:large, max-video-preview:-1\" \/>\n<link rel=\"canonical\" href=\"https:\/\/guineediversite.com\/index.php\/2018\/04\/28\/la-guinee-recule-en-matiere-de-la-liberte-de-la-presse-selon-long-rsf\/\" \/>\n<meta property=\"og:locale\" content=\"fr_FR\" \/>\n<meta property=\"og:type\" content=\"article\" \/>\n<meta property=\"og:title\" content=\"La Guin\u00e9e recule en mati\u00e8re de la libert\u00e9 de la presse selon l\u2019ONG RSF. | Guin\u00e9e Diversit\u00e9\" \/>\n<meta property=\"og:description\" content=\"\u00a0La Guin\u00e9e recule de trois places dans le classement mondial des pays en mati\u00e8re de la libert\u00e9 de la presse selon Reporter Sans Fronti\u00e8re RSF. Elle passe de la 101 \u00e8me \u00e0 la 104 \u00e8me place cette ann\u00e9e. Face \u00e0 cela, des r\u00e9actions de certains responsables d\u2019association de presse guin\u00e9enne n\u2019ont pas tard\u00e9es. Selon eux, [&hellip;]\" \/>\n<meta property=\"og:url\" content=\"https:\/\/guineediversite.com\/index.php\/2018\/04\/28\/la-guinee-recule-en-matiere-de-la-liberte-de-la-presse-selon-long-rsf\/\" \/>\n<meta property=\"og:site_name\" content=\"Guin\u00e9e Diversit\u00e9\" \/>\n<meta property=\"article:publisher\" content=\"https:\/\/www.facebook.com\/guineediversite\/\" \/>\n<meta property=\"article:published_time\" content=\"2018-04-28T09:56:18+00:00\" \/>\n<meta property=\"og:image\" content=\"https:\/\/guineediversite.com\/wp-content\/uploads\/2018\/04\/Libert\u00e9-d\u2019expression-et-actualit\u00e9-_-1024x768.png\" \/>\n\t<meta property=\"og:image:width\" content=\"1024\" \/>\n\t<meta property=\"og:image:height\" content=\"768\" \/>\n\t<meta property=\"og:image:type\" content=\"image\/png\" \/>\n<meta name=\"author\" content=\"Moussa Mo\u00efse K\u00e9ita\" \/>\n<meta name=\"twitter:card\" content=\"summary_large_image\" \/>\n<meta name=\"twitter:creator\" content=\"@GuineeDiversite\" \/>\n<meta name=\"twitter:site\" content=\"@GuineeDiversite\" \/>\n<meta name=\"twitter:label1\" content=\"\u00c9crit par\" \/>\n\t<meta name=\"twitter:data1\" content=\"Moussa Mo\u00efse K\u00e9ita\" \/>\n\t<meta name=\"twitter:label2\" content=\"Dur\u00e9e de lecture estim\u00e9e\" \/>\n\t<meta name=\"twitter:data2\" content=\"2 minutes\" \/>\n<script type=\"application\/ld+json\" class=\"yoast-schema-graph\">{\"@context\":\"https:\/\/schema.org\",\"@graph\":[{\"@type\":\"Article\",\"@id\":\"https:\/\/guineediversite.com\/index.php\/2018\/04\/28\/la-guinee-recule-en-matiere-de-la-liberte-de-la-presse-selon-long-rsf\/#article\",\"isPartOf\":{\"@id\":\"https:\/\/guineediversite.com\/index.php\/2018\/04\/28\/la-guinee-recule-en-matiere-de-la-liberte-de-la-presse-selon-long-rsf\/\"},\"author\":{\"name\":\"Moussa Mo\u00efse K\u00e9ita\",\"@id\":\"https:\/\/guineediversite.com\/#\/schema\/person\/079ec347f72d2acde4b56a50a4fd46dc\"},\"headline\":\"La Guin\u00e9e recule en mati\u00e8re de la libert\u00e9 de la presse selon l\u2019ONG RSF.\",\"datePublished\":\"2018-04-28T09:56:18+00:00\",\"dateModified\":\"2018-04-28T09:56:18+00:00\",\"mainEntityOfPage\":{\"@id\":\"https:\/\/guineediversite.com\/index.php\/2018\/04\/28\/la-guinee-recule-en-matiere-de-la-liberte-de-la-presse-selon-long-rsf\/\"},\"wordCount\":480,\"publisher\":{\"@id\":\"https:\/\/guineediversite.com\/#organization\"},\"image\":{\"@id\":\"https:\/\/guineediversite.com\/index.php\/2018\/04\/28\/la-guinee-recule-en-matiere-de-la-liberte-de-la-presse-selon-long-rsf\/#primaryimage\"},\"thumbnailUrl\":\"https:\/\/guineediversite.com\/wp-content\/uploads\/2018\/04\/Libert\u00e9-d\u2019expression-et-actualit\u00e9-_.png\",\"articleSection\":[\"Soci\u00e9t\u00e9\"],\"inLanguage\":\"fr-FR\"},{\"@type\":\"WebPage\",\"@id\":\"https:\/\/guineediversite.com\/index.php\/2018\/04\/28\/la-guinee-recule-en-matiere-de-la-liberte-de-la-presse-selon-long-rsf\/\",\"url\":\"https:\/\/guineediversite.com\/index.php\/2018\/04\/28\/la-guinee-recule-en-matiere-de-la-liberte-de-la-presse-selon-long-rsf\/\",\"name\":\"La Guin\u00e9e recule en mati\u00e8re de la libert\u00e9 de la presse selon l\u2019ONG RSF. | Guin\u00e9e Diversit\u00e9\",\"isPartOf\":{\"@id\":\"https:\/\/guineediversite.com\/#website\"},\"primaryImageOfPage\":{\"@id\":\"https:\/\/guineediversite.com\/index.php\/2018\/04\/28\/la-guinee-recule-en-matiere-de-la-liberte-de-la-presse-selon-long-rsf\/#primaryimage\"},\"image\":{\"@id\":\"https:\/\/guineediversite.com\/index.php\/2018\/04\/28\/la-guinee-recule-en-matiere-de-la-liberte-de-la-presse-selon-long-rsf\/#primaryimage\"},\"thumbnailUrl\":\"https:\/\/guineediversite.com\/wp-content\/uploads\/2018\/04\/Libert\u00e9-d\u2019expression-et-actualit\u00e9-_.png\",\"datePublished\":\"2018-04-28T09:56:18+00:00\",\"dateModified\":\"2018-04-28T09:56:18+00:00\",\"breadcrumb\":{\"@id\":\"https:\/\/guineediversite.com\/index.php\/2018\/04\/28\/la-guinee-recule-en-matiere-de-la-liberte-de-la-presse-selon-long-rsf\/#breadcrumb\"},\"inLanguage\":\"fr-FR\",\"potentialAction\":[{\"@type\":\"ReadAction\",\"target\":[\"https:\/\/guineediversite.com\/index.php\/2018\/04\/28\/la-guinee-recule-en-matiere-de-la-liberte-de-la-presse-selon-long-rsf\/\"]}]},{\"@type\":\"ImageObject\",\"inLanguage\":\"fr-FR\",\"@id\":\"https:\/\/guineediversite.com\/index.php\/2018\/04\/28\/la-guinee-recule-en-matiere-de-la-liberte-de-la-presse-selon-long-rsf\/#primaryimage\",\"url\":\"https:\/\/guineediversite.com\/wp-content\/uploads\/2018\/04\/Libert\u00e9-d\u2019expression-et-actualit\u00e9-_.png\",\"contentUrl\":\"https:\/\/guineediversite.com\/wp-content\/uploads\/2018\/04\/Libert\u00e9-d\u2019expression-et-actualit\u00e9-_.png\",\"width\":\"8192\",\"height\":\"6144\"},{\"@type\":\"BreadcrumbList\",\"@id\":\"https:\/\/guineediversite.com\/index.php\/2018\/04\/28\/la-guinee-recule-en-matiere-de-la-liberte-de-la-presse-selon-long-rsf\/#breadcrumb\",\"itemListElement\":[{\"@type\":\"ListItem\",\"position\":1,\"name\":\"Accueil\",\"item\":\"https:\/\/guineediversite.com\/\"},{\"@type\":\"ListItem\",\"position\":2,\"name\":\"La Guin\u00e9e recule en mati\u00e8re de la libert\u00e9 de la presse selon l\u2019ONG RSF.\"}]},{\"@type\":\"WebSite\",\"@id\":\"https:\/\/guineediversite.com\/#website\",\"url\":\"https:\/\/guineediversite.com\/\",\"name\":\"Guin\u00e9e Diversit\u00e9\",\"description\":\"L&#039;Info dans toute sa diversit\u00e9\",\"publisher\":{\"@id\":\"https:\/\/guineediversite.com\/#organization\"},\"potentialAction\":[{\"@type\":\"SearchAction\",\"target\":{\"@type\":\"EntryPoint\",\"urlTemplate\":\"https:\/\/guineediversite.com\/?s={search_term_string}\"},\"query-input\":{\"@type\":\"PropertyValueSpecification\",\"valueRequired\":true,\"valueName\":\"search_term_string\"}}],\"inLanguage\":\"fr-FR\"},{\"@type\":\"Organization\",\"@id\":\"https:\/\/guineediversite.com\/#organization\",\"name\":\"Guin\u00e9e Diversit\u00e9\",\"url\":\"https:\/\/guineediversite.com\/\",\"logo\":{\"@type\":\"ImageObject\",\"inLanguage\":\"fr-FR\",\"@id\":\"https:\/\/guineediversite.com\/#\/schema\/logo\/image\/\",\"url\":\"https:\/\/guineediversite.com\/wp-content\/uploads\/2017\/04\/cropped-1jojlxEOMkX9Wyqfhe43D6kjPOGqBBKmx3EwWJqZ0cMrFF54yM49.png\",\"contentUrl\":\"https:\/\/guineediversite.com\/wp-content\/uploads\/2017\/04\/cropped-1jojlxEOMkX9Wyqfhe43D6kjPOGqBBKmx3EwWJqZ0cMrFF54yM49.png\",\"width\":186,\"height\":112,\"caption\":\"Guin\u00e9e Diversit\u00e9\"},\"image\":{\"@id\":\"https:\/\/guineediversite.com\/#\/schema\/logo\/image\/\"},\"sameAs\":[\"https:\/\/www.facebook.com\/guineediversite\/\",\"https:\/\/x.com\/GuineeDiversite\",\"https:\/\/www.youtube.com\/channel\/UC8sUY16qelG5ge6_D5SB83g\"]},{\"@type\":\"Person\",\"@id\":\"https:\/\/guineediversite.com\/#\/schema\/person\/079ec347f72d2acde4b56a50a4fd46dc\",\"name\":\"Moussa Mo\u00efse K\u00e9ita\",\"image\":{\"@type\":\"ImageObject\",\"inLanguage\":\"fr-FR\",\"@id\":\"https:\/\/guineediversite.com\/#\/schema\/person\/image\/\",\"url\":\"https:\/\/secure.gravatar.com\/avatar\/edf1ea2cc01841e6c0b49384bcb1385b?s=96&d=mm&r=g\",\"contentUrl\":\"https:\/\/secure.gravatar.com\/avatar\/edf1ea2cc01841e6c0b49384bcb1385b?s=96&d=mm&r=g\",\"caption\":\"Moussa Mo\u00efse K\u00e9ita\"},\"url\":\"https:\/\/guineediversite.com\/index.php\/author\/moussa-moise\/\"}]}<\/script>\n<!-- \/ Yoast SEO plugin. -->","yoast_head_json":{"title":"La Guin\u00e9e recule en mati\u00e8re de la libert\u00e9 de la presse selon l\u2019ONG RSF. | Guin\u00e9e Diversit\u00e9","robots":{"index":"index","follow":"follow","max-snippet":"max-snippet:-1","max-image-preview":"max-image-preview:large","max-video-preview":"max-video-preview:-1"},"canonical":"https:\/\/guineediversite.com\/index.php\/2018\/04\/28\/la-guinee-recule-en-matiere-de-la-liberte-de-la-presse-selon-long-rsf\/","og_locale":"fr_FR","og_type":"article","og_title":"La Guin\u00e9e recule en mati\u00e8re de la libert\u00e9 de la presse selon l\u2019ONG RSF. | Guin\u00e9e Diversit\u00e9","og_description":"\u00a0La Guin\u00e9e recule de trois places dans le classement mondial des pays en mati\u00e8re de la libert\u00e9 de la presse selon Reporter Sans Fronti\u00e8re RSF. Elle passe de la 101 \u00e8me \u00e0 la 104 \u00e8me place cette ann\u00e9e. Face \u00e0 cela, des r\u00e9actions de certains responsables d\u2019association de presse guin\u00e9enne n\u2019ont pas tard\u00e9es. Selon eux, [&hellip;]","og_url":"https:\/\/guineediversite.com\/index.php\/2018\/04\/28\/la-guinee-recule-en-matiere-de-la-liberte-de-la-presse-selon-long-rsf\/","og_site_name":"Guin\u00e9e Diversit\u00e9","article_publisher":"https:\/\/www.facebook.com\/guineediversite\/","article_published_time":"2018-04-28T09:56:18+00:00","og_image":[{"width":1024,"height":768,"url":"https:\/\/guineediversite.com\/wp-content\/uploads\/2018\/04\/Libert\u00e9-d\u2019expression-et-actualit\u00e9-_-1024x768.png","type":"image\/png"}],"author":"Moussa Mo\u00efse K\u00e9ita","twitter_card":"summary_large_image","twitter_creator":"@GuineeDiversite","twitter_site":"@GuineeDiversite","twitter_misc":{"\u00c9crit par":"Moussa Mo\u00efse K\u00e9ita","Dur\u00e9e de lecture estim\u00e9e":"2 minutes"},"schema":{"@context":"https:\/\/schema.org","@graph":[{"@type":"Article","@id":"https:\/\/guineediversite.com\/index.php\/2018\/04\/28\/la-guinee-recule-en-matiere-de-la-liberte-de-la-presse-selon-long-rsf\/#article","isPartOf":{"@id":"https:\/\/guineediversite.com\/index.php\/2018\/04\/28\/la-guinee-recule-en-matiere-de-la-liberte-de-la-presse-selon-long-rsf\/"},"author":{"name":"Moussa Mo\u00efse K\u00e9ita","@id":"https:\/\/guineediversite.com\/#\/schema\/person\/079ec347f72d2acde4b56a50a4fd46dc"},"headline":"La Guin\u00e9e recule en mati\u00e8re de la libert\u00e9 de la presse selon l\u2019ONG RSF.","datePublished":"2018-04-28T09:56:18+00:00","dateModified":"2018-04-28T09:56:18+00:00","mainEntityOfPage":{"@id":"https:\/\/guineediversite.com\/index.php\/2018\/04\/28\/la-guinee-recule-en-matiere-de-la-liberte-de-la-presse-selon-long-rsf\/"},"wordCount":480,"publisher":{"@id":"https:\/\/guineediversite.com\/#organization"},"image":{"@id":"https:\/\/guineediversite.com\/index.php\/2018\/04\/28\/la-guinee-recule-en-matiere-de-la-liberte-de-la-presse-selon-long-rsf\/#primaryimage"},"thumbnailUrl":"https:\/\/guineediversite.com\/wp-content\/uploads\/2018\/04\/Libert\u00e9-d\u2019expression-et-actualit\u00e9-_.png","articleSection":["Soci\u00e9t\u00e9"],"inLanguage":"fr-FR"},{"@type":"WebPage","@id":"https:\/\/guineediversite.com\/index.php\/2018\/04\/28\/la-guinee-recule-en-matiere-de-la-liberte-de-la-presse-selon-long-rsf\/","url":"https:\/\/guineediversite.com\/index.php\/2018\/04\/28\/la-guinee-recule-en-matiere-de-la-liberte-de-la-presse-selon-long-rsf\/","name":"La Guin\u00e9e recule en mati\u00e8re de la libert\u00e9 de la presse selon l\u2019ONG RSF. | Guin\u00e9e Diversit\u00e9","isPartOf":{"@id":"https:\/\/guineediversite.com\/#website"},"primaryImageOfPage":{"@id":"https:\/\/guineediversite.com\/index.php\/2018\/04\/28\/la-guinee-recule-en-matiere-de-la-liberte-de-la-presse-selon-long-rsf\/#primaryimage"},"image":{"@id":"https:\/\/guineediversite.com\/index.php\/2018\/04\/28\/la-guinee-recule-en-matiere-de-la-liberte-de-la-presse-selon-long-rsf\/#primaryimage"},"thumbnailUrl":"https:\/\/guineediversite.com\/wp-content\/uploads\/2018\/04\/Libert\u00e9-d\u2019expression-et-actualit\u00e9-_.png","datePublished":"2018-04-28T09:56:18+00:00","dateModified":"2018-04-28T09:56:18+00:00","breadcrumb":{"@id":"https:\/\/guineediversite.com\/index.php\/2018\/04\/28\/la-guinee-recule-en-matiere-de-la-liberte-de-la-presse-selon-long-rsf\/#breadcrumb"},"inLanguage":"fr-FR","potentialAction":[{"@type":"ReadAction","target":["https:\/\/guineediversite.com\/index.php\/2018\/04\/28\/la-guinee-recule-en-matiere-de-la-liberte-de-la-presse-selon-long-rsf\/"]}]},{"@type":"ImageObject","inLanguage":"fr-FR","@id":"https:\/\/guineediversite.com\/index.php\/2018\/04\/28\/la-guinee-recule-en-matiere-de-la-liberte-de-la-presse-selon-long-rsf\/#primaryimage","url":"https:\/\/guineediversite.com\/wp-content\/uploads\/2018\/04\/Libert\u00e9-d\u2019expression-et-actualit\u00e9-_.png","contentUrl":"https:\/\/guineediversite.com\/wp-content\/uploads\/2018\/04\/Libert\u00e9-d\u2019expression-et-actualit\u00e9-_.png","width":"8192","height":"6144"},{"@type":"BreadcrumbList","@id":"https:\/\/guineediversite.com\/index.php\/2018\/04\/28\/la-guinee-recule-en-matiere-de-la-liberte-de-la-presse-selon-long-rsf\/#breadcrumb","itemListElement":[{"@type":"ListItem","position":1,"name":"Accueil","item":"https:\/\/guineediversite.com\/"},{"@type":"ListItem","position":2,"name":"La Guin\u00e9e recule en mati\u00e8re de la libert\u00e9 de la presse selon l\u2019ONG RSF."}]},{"@type":"WebSite","@id":"https:\/\/guineediversite.com\/#website","url":"https:\/\/guineediversite.com\/","name":"Guin\u00e9e Diversit\u00e9","description":"L&#039;Info dans toute sa diversit\u00e9","publisher":{"@id":"https:\/\/guineediversite.com\/#organization"},"potentialAction":[{"@type":"SearchAction","target":{"@type":"EntryPoint","urlTemplate":"https:\/\/guineediversite.com\/?s={search_term_string}"},"query-input":{"@type":"PropertyValueSpecification","valueRequired":true,"valueName":"search_term_string"}}],"inLanguage":"fr-FR"},{"@type":"Organization","@id":"https:\/\/guineediversite.com\/#organization","name":"Guin\u00e9e Diversit\u00e9","url":"https:\/\/guineediversite.com\/","logo":{"@type":"ImageObject","inLanguage":"fr-FR","@id":"https:\/\/guineediversite.com\/#\/schema\/logo\/image\/","url":"https:\/\/guineediversite.com\/wp-content\/uploads\/2017\/04\/cropped-1jojlxEOMkX9Wyqfhe43D6kjPOGqBBKmx3EwWJqZ0cMrFF54yM49.png","contentUrl":"https:\/\/guineediversite.com\/wp-content\/uploads\/2017\/04\/cropped-1jojlxEOMkX9Wyqfhe43D6kjPOGqBBKmx3EwWJqZ0cMrFF54yM49.png","width":186,"height":112,"caption":"Guin\u00e9e Diversit\u00e9"},"image":{"@id":"https:\/\/guineediversite.com\/#\/schema\/logo\/image\/"},"sameAs":["https:\/\/www.facebook.com\/guineediversite\/","https:\/\/x.com\/GuineeDiversite","https:\/\/www.youtube.com\/channel\/UC8sUY16qelG5ge6_D5SB83g"]},{"@type":"Person","@id":"https:\/\/guineediversite.com\/#\/schema\/person\/079ec347f72d2acde4b56a50a4fd46dc","name":"Moussa Mo\u00efse K\u00e9ita","image":{"@type":"ImageObject","inLanguage":"fr-FR","@id":"https:\/\/guineediversite.com\/#\/schema\/person\/image\/","url":"https:\/\/secure.gravatar.com\/avatar\/edf1ea2cc01841e6c0b49384bcb1385b?s=96&d=mm&r=g","contentUrl":"https:\/\/secure.gravatar.com\/avatar\/edf1ea2cc01841e6c0b49384bcb1385b?s=96&d=mm&r=g","caption":"Moussa Mo\u00efse K\u00e9ita"},"url":"https:\/\/guineediversite.com\/index.php\/author\/moussa-moise\/"}]}},"_links":{"self":[{"href":"https:\/\/guineediversite.com\/index.php\/wp-json\/wp\/v2\/posts\/25004"}],"collection":[{"href":"https:\/\/guineediversite.com\/index.php\/wp-json\/wp\/v2\/posts"}],"about":[{"href":"https:\/\/guineediversite.com\/index.php\/wp-json\/wp\/v2\/types\/post"}],"author":[{"embeddable":true,"href":"https:\/\/guineediversite.com\/index.php\/wp-json\/wp\/v2\/users\/16"}],"replies":[{"embeddable":true,"href":"https:\/\/guineediversite.com\/index.php\/wp-json\/wp\/v2\/comments?post=25004"}],"version-history":[{"count":0,"href":"https:\/\/guineediversite.com\/index.php\/wp-json\/wp\/v2\/posts\/25004\/revisions"}],"wp:featuredmedia":[{"embeddable":true,"href":"https:\/\/guineediversite.com\/index.php\/wp-json\/wp\/v2\/media\/25005"}],"wp:attachment":[{"href":"https:\/\/guineediversite.com\/index.php\/wp-json\/wp\/v2\/media?parent=25004"}],"wp:term":[{"taxonomy":"category","embeddable":true,"href":"https:\/\/guineediversite.com\/index.php\/wp-json\/wp\/v2\/categories?post=25004"},{"taxonomy":"post_tag","embeddable":true,"href":"https:\/\/guineediversite.com\/index.php\/wp-json\/wp\/v2\/tags?post=25004"}],"curies":[{"name":"wp","href":"https:\/\/api.w.org\/{rel}","templated":true}]}}