{"id":24996,"date":"2018-04-27T16:58:26","date_gmt":"2018-04-27T14:58:26","guid":{"rendered":"https:\/\/guineediversite.com\/?p=24996"},"modified":"2018-04-27T17:43:11","modified_gmt":"2018-04-27T15:43:11","slug":"societe-les-retraites-souhaite-lacceleration-du-recensement-biometrique","status":"publish","type":"post","link":"https:\/\/guineediversite.com\/index.php\/2018\/04\/27\/societe-les-retraites-souhaite-lacceleration-du-recensement-biometrique\/","title":{"rendered":"Soci\u00e9t\u00e9: Les retrait\u00e9s souhaitent l\u2019acc\u00e9l\u00e9ration du recensement biom\u00e9trique."},"content":{"rendered":"<p><b>La F\u00e9d\u00e9ration des Retrait\u00e9s Civile, Militaire et Veuve de Guin\u00e9e a tenue une assembl\u00e9e g\u00e9n\u00e9rale ce jeudi \u00e0 son si\u00e8ge \u00e0 la bourse du travail dans la commune de Kaloum. Objectif, faire le compte rendu du recensement biom\u00e9trique et d\u00e9gager les perspectives. Les personnes de troisi\u00e8me \u00e2ge se disent pr\u00e9occup\u00e9s de leurs situations dans le retard accumul\u00e9 de ce recensement biom\u00e9trique qui tarde \u00e0 venir. Ce pendant certains sont victimes d\u2019arnaque dans l\u2019obtention de leurs pension. Par ailleurs, ils se r\u00e9jouissent du faite que leurs pensions soient rehauss\u00e9es \u00e0 440 mille francs guin\u00e9ens par <\/b>mois.<\/p>\n<p>C\u2019est par l\u2019observation d\u2019une minute de silence \u00e0 la m\u00e9moire de tous les anciens travailleurs et retrait\u00e9s de Guin\u00e9e que cette assembl\u00e9e a d\u00e9but\u00e9. Dans son adresse \u00e0 ses pairs, le secr\u00e9taire g\u00e9n\u00e9ral de la F\u00e9d\u00e9ration des retrait\u00e9s civils, militaires et veuves de Guin\u00e9e a remerci\u00e9 la CNTG centrale syndicale \u00e0 la quelle elle est affili\u00e9e pour les efforts consenti pour l\u2019augmentation des salaires.<\/p>\n<p><i>\u00ab Hier, si les retrait\u00e9s n\u2019avaient que 100, 150 ou 200.000 franc, aujourd\u2019hui les retrait\u00e9s sont \u00e0 440.000 franc par mois, \u00bb<\/i> s\u2019est r\u00e9joui El hadj Ousmane Sylla.<\/p>\n<p>Outre cette r\u00e9jouissance, des difficult\u00e9s sont constat\u00e9es dont les d\u00e9marches sont en cours pour une issue favorable annonce El hadj Ousmane Sylla.<\/p>\n<p><i>\u00ab Nous envisageons de rencontrer le gouvernement en ce qui concerne le recensement biom\u00e9trique pour pouvoir acc\u00e9l\u00e9rer les proc\u00e9dures. Car jusqu&rsquo;\u00e0 pr\u00e9sent, nous ne somme m\u00eame pas \u00e0 80% de ces recensements. Et il ya des difficult\u00e9s, combien de fois les retrait\u00e9s sont en difficult\u00e9 de payement. Quand ils commencent le payement le 18, ils arr\u00eatent le 25 c\u2019est ce qui n\u2019est pas normal, \u00bb<\/i> d\u00e9plore le secr\u00e9taire g\u00e9n\u00e9ral de la F\u00e9d\u00e9ration des Retrait\u00e9s civils, militaires et veuves de Guin\u00e9e. Ces personnes de troisi\u00e8me \u00e2ge se plaignent \u00e9galement des arnaques qu\u2019ils subissent, c\u2019est pourquoi ils demandent \u00e0 l\u2019Etat de virer leurs pensions dans des banques souhaite Sophie Danielle Kourouma, secr\u00e9taire ex\u00e9cutif charger du genre.<\/p>\n<p><i>\u00ab \u00c7a nous fait pleur\u00e9s de voir nos mamans, nos tantes qui vont prendre leurs pensions c\u2019est la plus grande frustration. Chacun ou chacune de nous est libre d\u2019aller tirer sa pension dans une des banques pour pouvoir prendre au moins dans la plus grande dignit\u00e9. A des endroits, on vous arnaqu\u00e9s, pour prendre ta pensions, on te demande de payer 5000 ou 10000 franc. Ce n\u2019est pas normal, c\u2019est des situations \u00e0 la quelle nous allons mettre fin, \u00bb<\/i> d\u00e9plore t- elle.<\/p>\n<p>Ils sont au total 74.000 retrait\u00e9s sur toute l\u2019\u00e9tendue du territoire national qui attendent impatiemment d\u2019\u00eatre recenser et dans quelques ann\u00e9e pr\u00e9voit El hadj Ousmane Sylla, il y\u2019aura plus des retrait\u00e9s que de travailleurs en Guin\u00e9e.<\/p>\n<p><b> <\/b><\/p>\n","protected":false},"excerpt":{"rendered":"<p>La F\u00e9d\u00e9ration des Retrait\u00e9s Civile, Militaire et Veuve de Guin\u00e9e a tenue une assembl\u00e9e g\u00e9n\u00e9rale ce jeudi \u00e0 son si\u00e8ge \u00e0 la bourse du travail dans la commune de Kaloum. Objectif, faire le compte rendu du recensement biom\u00e9trique et d\u00e9gager les perspectives. Les personnes de troisi\u00e8me \u00e2ge se disent pr\u00e9occup\u00e9s de leurs situations dans le [&hellip;]<\/p>\n","protected":false},"author":16,"featured_media":24997,"comment_status":"closed","ping_status":"closed","sticky":false,"template":"","format":"standard","meta":{"_exactmetrics_skip_tracking":false,"_exactmetrics_sitenote_active":false,"_exactmetrics_sitenote_note":"","_exactmetrics_sitenote_category":0,"tdm_status":"","tdm_grid_status":"","footnotes":""},"categories":[16],"tags":[],"class_list":{"0":"post-24996","1":"post","2":"type-post","3":"status-publish","4":"format-standard","5":"has-post-thumbnail","7":"category-societe"},"yoast_head":"<!-- This site is optimized with the Yoast SEO plugin v24.2 - https:\/\/yoast.com\/wordpress\/plugins\/seo\/ -->\n<title>Soci\u00e9t\u00e9: Les retrait\u00e9s souhaitent l\u2019acc\u00e9l\u00e9ration du recensement biom\u00e9trique. | Guin\u00e9e Diversit\u00e9<\/title>\n<meta name=\"robots\" content=\"index, follow, max-snippet:-1, max-image-preview:large, max-video-preview:-1\" \/>\n<link rel=\"canonical\" href=\"https:\/\/guineediversite.com\/index.php\/2018\/04\/27\/societe-les-retraites-souhaite-lacceleration-du-recensement-biometrique\/\" \/>\n<meta property=\"og:locale\" content=\"fr_FR\" \/>\n<meta property=\"og:type\" content=\"article\" \/>\n<meta property=\"og:title\" content=\"Soci\u00e9t\u00e9: Les retrait\u00e9s souhaitent l\u2019acc\u00e9l\u00e9ration du recensement biom\u00e9trique. | Guin\u00e9e Diversit\u00e9\" \/>\n<meta property=\"og:description\" content=\"La F\u00e9d\u00e9ration des Retrait\u00e9s Civile, Militaire et Veuve de Guin\u00e9e a tenue une assembl\u00e9e g\u00e9n\u00e9rale ce jeudi \u00e0 son si\u00e8ge \u00e0 la bourse du travail dans la commune de Kaloum. Objectif, faire le compte rendu du recensement biom\u00e9trique et d\u00e9gager les perspectives. Les personnes de troisi\u00e8me \u00e2ge se disent pr\u00e9occup\u00e9s de leurs situations dans le [&hellip;]\" \/>\n<meta property=\"og:url\" content=\"https:\/\/guineediversite.com\/index.php\/2018\/04\/27\/societe-les-retraites-souhaite-lacceleration-du-recensement-biometrique\/\" \/>\n<meta property=\"og:site_name\" content=\"Guin\u00e9e Diversit\u00e9\" \/>\n<meta property=\"article:publisher\" content=\"https:\/\/www.facebook.com\/guineediversite\/\" \/>\n<meta property=\"article:published_time\" content=\"2018-04-27T14:58:26+00:00\" \/>\n<meta property=\"article:modified_time\" content=\"2018-04-27T15:43:11+00:00\" \/>\n<meta property=\"og:image\" content=\"https:\/\/guineediversite.com\/wp-content\/uploads\/2018\/04\/30776418_1807474669560401_1992464242_n.jpg\" \/>\n\t<meta property=\"og:image:width\" content=\"3840\" \/>\n\t<meta property=\"og:image:height\" content=\"2880\" \/>\n\t<meta property=\"og:image:type\" content=\"image\/jpeg\" \/>\n<meta name=\"author\" content=\"Moussa Mo\u00efse K\u00e9ita\" \/>\n<meta name=\"twitter:card\" content=\"summary_large_image\" \/>\n<meta name=\"twitter:creator\" content=\"@GuineeDiversite\" \/>\n<meta name=\"twitter:site\" content=\"@GuineeDiversite\" \/>\n<meta name=\"twitter:label1\" content=\"\u00c9crit par\" \/>\n\t<meta name=\"twitter:data1\" content=\"Moussa Mo\u00efse K\u00e9ita\" \/>\n\t<meta name=\"twitter:label2\" content=\"Dur\u00e9e de lecture estim\u00e9e\" \/>\n\t<meta name=\"twitter:data2\" content=\"3 minutes\" \/>\n<script type=\"application\/ld+json\" class=\"yoast-schema-graph\">{\"@context\":\"https:\/\/schema.org\",\"@graph\":[{\"@type\":\"Article\",\"@id\":\"https:\/\/guineediversite.com\/index.php\/2018\/04\/27\/societe-les-retraites-souhaite-lacceleration-du-recensement-biometrique\/#article\",\"isPartOf\":{\"@id\":\"https:\/\/guineediversite.com\/index.php\/2018\/04\/27\/societe-les-retraites-souhaite-lacceleration-du-recensement-biometrique\/\"},\"author\":{\"name\":\"Moussa Mo\u00efse K\u00e9ita\",\"@id\":\"https:\/\/guineediversite.com\/#\/schema\/person\/079ec347f72d2acde4b56a50a4fd46dc\"},\"headline\":\"Soci\u00e9t\u00e9: Les retrait\u00e9s souhaitent l\u2019acc\u00e9l\u00e9ration du recensement biom\u00e9trique.\",\"datePublished\":\"2018-04-27T14:58:26+00:00\",\"dateModified\":\"2018-04-27T15:43:11+00:00\",\"mainEntityOfPage\":{\"@id\":\"https:\/\/guineediversite.com\/index.php\/2018\/04\/27\/societe-les-retraites-souhaite-lacceleration-du-recensement-biometrique\/\"},\"wordCount\":514,\"publisher\":{\"@id\":\"https:\/\/guineediversite.com\/#organization\"},\"image\":{\"@id\":\"https:\/\/guineediversite.com\/index.php\/2018\/04\/27\/societe-les-retraites-souhaite-lacceleration-du-recensement-biometrique\/#primaryimage\"},\"thumbnailUrl\":\"https:\/\/guineediversite.com\/wp-content\/uploads\/2018\/04\/30776418_1807474669560401_1992464242_n.jpg\",\"articleSection\":[\"Soci\u00e9t\u00e9\"],\"inLanguage\":\"fr-FR\"},{\"@type\":\"WebPage\",\"@id\":\"https:\/\/guineediversite.com\/index.php\/2018\/04\/27\/societe-les-retraites-souhaite-lacceleration-du-recensement-biometrique\/\",\"url\":\"https:\/\/guineediversite.com\/index.php\/2018\/04\/27\/societe-les-retraites-souhaite-lacceleration-du-recensement-biometrique\/\",\"name\":\"Soci\u00e9t\u00e9: Les retrait\u00e9s souhaitent l\u2019acc\u00e9l\u00e9ration du recensement biom\u00e9trique. | Guin\u00e9e Diversit\u00e9\",\"isPartOf\":{\"@id\":\"https:\/\/guineediversite.com\/#website\"},\"primaryImageOfPage\":{\"@id\":\"https:\/\/guineediversite.com\/index.php\/2018\/04\/27\/societe-les-retraites-souhaite-lacceleration-du-recensement-biometrique\/#primaryimage\"},\"image\":{\"@id\":\"https:\/\/guineediversite.com\/index.php\/2018\/04\/27\/societe-les-retraites-souhaite-lacceleration-du-recensement-biometrique\/#primaryimage\"},\"thumbnailUrl\":\"https:\/\/guineediversite.com\/wp-content\/uploads\/2018\/04\/30776418_1807474669560401_1992464242_n.jpg\",\"datePublished\":\"2018-04-27T14:58:26+00:00\",\"dateModified\":\"2018-04-27T15:43:11+00:00\",\"breadcrumb\":{\"@id\":\"https:\/\/guineediversite.com\/index.php\/2018\/04\/27\/societe-les-retraites-souhaite-lacceleration-du-recensement-biometrique\/#breadcrumb\"},\"inLanguage\":\"fr-FR\",\"potentialAction\":[{\"@type\":\"ReadAction\",\"target\":[\"https:\/\/guineediversite.com\/index.php\/2018\/04\/27\/societe-les-retraites-souhaite-lacceleration-du-recensement-biometrique\/\"]}]},{\"@type\":\"ImageObject\",\"inLanguage\":\"fr-FR\",\"@id\":\"https:\/\/guineediversite.com\/index.php\/2018\/04\/27\/societe-les-retraites-souhaite-lacceleration-du-recensement-biometrique\/#primaryimage\",\"url\":\"https:\/\/guineediversite.com\/wp-content\/uploads\/2018\/04\/30776418_1807474669560401_1992464242_n.jpg\",\"contentUrl\":\"https:\/\/guineediversite.com\/wp-content\/uploads\/2018\/04\/30776418_1807474669560401_1992464242_n.jpg\",\"width\":\"3840\",\"height\":\"2880\"},{\"@type\":\"BreadcrumbList\",\"@id\":\"https:\/\/guineediversite.com\/index.php\/2018\/04\/27\/societe-les-retraites-souhaite-lacceleration-du-recensement-biometrique\/#breadcrumb\",\"itemListElement\":[{\"@type\":\"ListItem\",\"position\":1,\"name\":\"Accueil\",\"item\":\"https:\/\/guineediversite.com\/\"},{\"@type\":\"ListItem\",\"position\":2,\"name\":\"Soci\u00e9t\u00e9: Les retrait\u00e9s souhaitent l\u2019acc\u00e9l\u00e9ration du recensement biom\u00e9trique.\"}]},{\"@type\":\"WebSite\",\"@id\":\"https:\/\/guineediversite.com\/#website\",\"url\":\"https:\/\/guineediversite.com\/\",\"name\":\"Guin\u00e9e Diversit\u00e9\",\"description\":\"L&#039;Info dans toute sa diversit\u00e9\",\"publisher\":{\"@id\":\"https:\/\/guineediversite.com\/#organization\"},\"potentialAction\":[{\"@type\":\"SearchAction\",\"target\":{\"@type\":\"EntryPoint\",\"urlTemplate\":\"https:\/\/guineediversite.com\/?s={search_term_string}\"},\"query-input\":{\"@type\":\"PropertyValueSpecification\",\"valueRequired\":true,\"valueName\":\"search_term_string\"}}],\"inLanguage\":\"fr-FR\"},{\"@type\":\"Organization\",\"@id\":\"https:\/\/guineediversite.com\/#organization\",\"name\":\"Guin\u00e9e Diversit\u00e9\",\"url\":\"https:\/\/guineediversite.com\/\",\"logo\":{\"@type\":\"ImageObject\",\"inLanguage\":\"fr-FR\",\"@id\":\"https:\/\/guineediversite.com\/#\/schema\/logo\/image\/\",\"url\":\"https:\/\/guineediversite.com\/wp-content\/uploads\/2017\/04\/cropped-1jojlxEOMkX9Wyqfhe43D6kjPOGqBBKmx3EwWJqZ0cMrFF54yM49.png\",\"contentUrl\":\"https:\/\/guineediversite.com\/wp-content\/uploads\/2017\/04\/cropped-1jojlxEOMkX9Wyqfhe43D6kjPOGqBBKmx3EwWJqZ0cMrFF54yM49.png\",\"width\":186,\"height\":112,\"caption\":\"Guin\u00e9e Diversit\u00e9\"},\"image\":{\"@id\":\"https:\/\/guineediversite.com\/#\/schema\/logo\/image\/\"},\"sameAs\":[\"https:\/\/www.facebook.com\/guineediversite\/\",\"https:\/\/x.com\/GuineeDiversite\",\"https:\/\/www.youtube.com\/channel\/UC8sUY16qelG5ge6_D5SB83g\"]},{\"@type\":\"Person\",\"@id\":\"https:\/\/guineediversite.com\/#\/schema\/person\/079ec347f72d2acde4b56a50a4fd46dc\",\"name\":\"Moussa Mo\u00efse K\u00e9ita\",\"image\":{\"@type\":\"ImageObject\",\"inLanguage\":\"fr-FR\",\"@id\":\"https:\/\/guineediversite.com\/#\/schema\/person\/image\/\",\"url\":\"https:\/\/secure.gravatar.com\/avatar\/edf1ea2cc01841e6c0b49384bcb1385b?s=96&d=mm&r=g\",\"contentUrl\":\"https:\/\/secure.gravatar.com\/avatar\/edf1ea2cc01841e6c0b49384bcb1385b?s=96&d=mm&r=g\",\"caption\":\"Moussa Mo\u00efse K\u00e9ita\"},\"url\":\"https:\/\/guineediversite.com\/index.php\/author\/moussa-moise\/\"}]}<\/script>\n<!-- \/ Yoast SEO plugin. -->","yoast_head_json":{"title":"Soci\u00e9t\u00e9: Les retrait\u00e9s souhaitent l\u2019acc\u00e9l\u00e9ration du recensement biom\u00e9trique. | Guin\u00e9e Diversit\u00e9","robots":{"index":"index","follow":"follow","max-snippet":"max-snippet:-1","max-image-preview":"max-image-preview:large","max-video-preview":"max-video-preview:-1"},"canonical":"https:\/\/guineediversite.com\/index.php\/2018\/04\/27\/societe-les-retraites-souhaite-lacceleration-du-recensement-biometrique\/","og_locale":"fr_FR","og_type":"article","og_title":"Soci\u00e9t\u00e9: Les retrait\u00e9s souhaitent l\u2019acc\u00e9l\u00e9ration du recensement biom\u00e9trique. | Guin\u00e9e Diversit\u00e9","og_description":"La F\u00e9d\u00e9ration des Retrait\u00e9s Civile, Militaire et Veuve de Guin\u00e9e a tenue une assembl\u00e9e g\u00e9n\u00e9rale ce jeudi \u00e0 son si\u00e8ge \u00e0 la bourse du travail dans la commune de Kaloum. Objectif, faire le compte rendu du recensement biom\u00e9trique et d\u00e9gager les perspectives. Les personnes de troisi\u00e8me \u00e2ge se disent pr\u00e9occup\u00e9s de leurs situations dans le [&hellip;]","og_url":"https:\/\/guineediversite.com\/index.php\/2018\/04\/27\/societe-les-retraites-souhaite-lacceleration-du-recensement-biometrique\/","og_site_name":"Guin\u00e9e Diversit\u00e9","article_publisher":"https:\/\/www.facebook.com\/guineediversite\/","article_published_time":"2018-04-27T14:58:26+00:00","article_modified_time":"2018-04-27T15:43:11+00:00","og_image":[{"width":3840,"height":2880,"url":"https:\/\/guineediversite.com\/wp-content\/uploads\/2018\/04\/30776418_1807474669560401_1992464242_n.jpg","type":"image\/jpeg"}],"author":"Moussa Mo\u00efse K\u00e9ita","twitter_card":"summary_large_image","twitter_creator":"@GuineeDiversite","twitter_site":"@GuineeDiversite","twitter_misc":{"\u00c9crit par":"Moussa Mo\u00efse K\u00e9ita","Dur\u00e9e de lecture estim\u00e9e":"3 minutes"},"schema":{"@context":"https:\/\/schema.org","@graph":[{"@type":"Article","@id":"https:\/\/guineediversite.com\/index.php\/2018\/04\/27\/societe-les-retraites-souhaite-lacceleration-du-recensement-biometrique\/#article","isPartOf":{"@id":"https:\/\/guineediversite.com\/index.php\/2018\/04\/27\/societe-les-retraites-souhaite-lacceleration-du-recensement-biometrique\/"},"author":{"name":"Moussa Mo\u00efse K\u00e9ita","@id":"https:\/\/guineediversite.com\/#\/schema\/person\/079ec347f72d2acde4b56a50a4fd46dc"},"headline":"Soci\u00e9t\u00e9: Les retrait\u00e9s souhaitent l\u2019acc\u00e9l\u00e9ration du recensement biom\u00e9trique.","datePublished":"2018-04-27T14:58:26+00:00","dateModified":"2018-04-27T15:43:11+00:00","mainEntityOfPage":{"@id":"https:\/\/guineediversite.com\/index.php\/2018\/04\/27\/societe-les-retraites-souhaite-lacceleration-du-recensement-biometrique\/"},"wordCount":514,"publisher":{"@id":"https:\/\/guineediversite.com\/#organization"},"image":{"@id":"https:\/\/guineediversite.com\/index.php\/2018\/04\/27\/societe-les-retraites-souhaite-lacceleration-du-recensement-biometrique\/#primaryimage"},"thumbnailUrl":"https:\/\/guineediversite.com\/wp-content\/uploads\/2018\/04\/30776418_1807474669560401_1992464242_n.jpg","articleSection":["Soci\u00e9t\u00e9"],"inLanguage":"fr-FR"},{"@type":"WebPage","@id":"https:\/\/guineediversite.com\/index.php\/2018\/04\/27\/societe-les-retraites-souhaite-lacceleration-du-recensement-biometrique\/","url":"https:\/\/guineediversite.com\/index.php\/2018\/04\/27\/societe-les-retraites-souhaite-lacceleration-du-recensement-biometrique\/","name":"Soci\u00e9t\u00e9: Les retrait\u00e9s souhaitent l\u2019acc\u00e9l\u00e9ration du recensement biom\u00e9trique. | Guin\u00e9e Diversit\u00e9","isPartOf":{"@id":"https:\/\/guineediversite.com\/#website"},"primaryImageOfPage":{"@id":"https:\/\/guineediversite.com\/index.php\/2018\/04\/27\/societe-les-retraites-souhaite-lacceleration-du-recensement-biometrique\/#primaryimage"},"image":{"@id":"https:\/\/guineediversite.com\/index.php\/2018\/04\/27\/societe-les-retraites-souhaite-lacceleration-du-recensement-biometrique\/#primaryimage"},"thumbnailUrl":"https:\/\/guineediversite.com\/wp-content\/uploads\/2018\/04\/30776418_1807474669560401_1992464242_n.jpg","datePublished":"2018-04-27T14:58:26+00:00","dateModified":"2018-04-27T15:43:11+00:00","breadcrumb":{"@id":"https:\/\/guineediversite.com\/index.php\/2018\/04\/27\/societe-les-retraites-souhaite-lacceleration-du-recensement-biometrique\/#breadcrumb"},"inLanguage":"fr-FR","potentialAction":[{"@type":"ReadAction","target":["https:\/\/guineediversite.com\/index.php\/2018\/04\/27\/societe-les-retraites-souhaite-lacceleration-du-recensement-biometrique\/"]}]},{"@type":"ImageObject","inLanguage":"fr-FR","@id":"https:\/\/guineediversite.com\/index.php\/2018\/04\/27\/societe-les-retraites-souhaite-lacceleration-du-recensement-biometrique\/#primaryimage","url":"https:\/\/guineediversite.com\/wp-content\/uploads\/2018\/04\/30776418_1807474669560401_1992464242_n.jpg","contentUrl":"https:\/\/guineediversite.com\/wp-content\/uploads\/2018\/04\/30776418_1807474669560401_1992464242_n.jpg","width":"3840","height":"2880"},{"@type":"BreadcrumbList","@id":"https:\/\/guineediversite.com\/index.php\/2018\/04\/27\/societe-les-retraites-souhaite-lacceleration-du-recensement-biometrique\/#breadcrumb","itemListElement":[{"@type":"ListItem","position":1,"name":"Accueil","item":"https:\/\/guineediversite.com\/"},{"@type":"ListItem","position":2,"name":"Soci\u00e9t\u00e9: Les retrait\u00e9s souhaitent l\u2019acc\u00e9l\u00e9ration du recensement biom\u00e9trique."}]},{"@type":"WebSite","@id":"https:\/\/guineediversite.com\/#website","url":"https:\/\/guineediversite.com\/","name":"Guin\u00e9e Diversit\u00e9","description":"L&#039;Info dans toute sa diversit\u00e9","publisher":{"@id":"https:\/\/guineediversite.com\/#organization"},"potentialAction":[{"@type":"SearchAction","target":{"@type":"EntryPoint","urlTemplate":"https:\/\/guineediversite.com\/?s={search_term_string}"},"query-input":{"@type":"PropertyValueSpecification","valueRequired":true,"valueName":"search_term_string"}}],"inLanguage":"fr-FR"},{"@type":"Organization","@id":"https:\/\/guineediversite.com\/#organization","name":"Guin\u00e9e Diversit\u00e9","url":"https:\/\/guineediversite.com\/","logo":{"@type":"ImageObject","inLanguage":"fr-FR","@id":"https:\/\/guineediversite.com\/#\/schema\/logo\/image\/","url":"https:\/\/guineediversite.com\/wp-content\/uploads\/2017\/04\/cropped-1jojlxEOMkX9Wyqfhe43D6kjPOGqBBKmx3EwWJqZ0cMrFF54yM49.png","contentUrl":"https:\/\/guineediversite.com\/wp-content\/uploads\/2017\/04\/cropped-1jojlxEOMkX9Wyqfhe43D6kjPOGqBBKmx3EwWJqZ0cMrFF54yM49.png","width":186,"height":112,"caption":"Guin\u00e9e Diversit\u00e9"},"image":{"@id":"https:\/\/guineediversite.com\/#\/schema\/logo\/image\/"},"sameAs":["https:\/\/www.facebook.com\/guineediversite\/","https:\/\/x.com\/GuineeDiversite","https:\/\/www.youtube.com\/channel\/UC8sUY16qelG5ge6_D5SB83g"]},{"@type":"Person","@id":"https:\/\/guineediversite.com\/#\/schema\/person\/079ec347f72d2acde4b56a50a4fd46dc","name":"Moussa Mo\u00efse K\u00e9ita","image":{"@type":"ImageObject","inLanguage":"fr-FR","@id":"https:\/\/guineediversite.com\/#\/schema\/person\/image\/","url":"https:\/\/secure.gravatar.com\/avatar\/edf1ea2cc01841e6c0b49384bcb1385b?s=96&d=mm&r=g","contentUrl":"https:\/\/secure.gravatar.com\/avatar\/edf1ea2cc01841e6c0b49384bcb1385b?s=96&d=mm&r=g","caption":"Moussa Mo\u00efse K\u00e9ita"},"url":"https:\/\/guineediversite.com\/index.php\/author\/moussa-moise\/"}]}},"_links":{"self":[{"href":"https:\/\/guineediversite.com\/index.php\/wp-json\/wp\/v2\/posts\/24996"}],"collection":[{"href":"https:\/\/guineediversite.com\/index.php\/wp-json\/wp\/v2\/posts"}],"about":[{"href":"https:\/\/guineediversite.com\/index.php\/wp-json\/wp\/v2\/types\/post"}],"author":[{"embeddable":true,"href":"https:\/\/guineediversite.com\/index.php\/wp-json\/wp\/v2\/users\/16"}],"replies":[{"embeddable":true,"href":"https:\/\/guineediversite.com\/index.php\/wp-json\/wp\/v2\/comments?post=24996"}],"version-history":[{"count":0,"href":"https:\/\/guineediversite.com\/index.php\/wp-json\/wp\/v2\/posts\/24996\/revisions"}],"wp:featuredmedia":[{"embeddable":true,"href":"https:\/\/guineediversite.com\/index.php\/wp-json\/wp\/v2\/media\/24997"}],"wp:attachment":[{"href":"https:\/\/guineediversite.com\/index.php\/wp-json\/wp\/v2\/media?parent=24996"}],"wp:term":[{"taxonomy":"category","embeddable":true,"href":"https:\/\/guineediversite.com\/index.php\/wp-json\/wp\/v2\/categories?post=24996"},{"taxonomy":"post_tag","embeddable":true,"href":"https:\/\/guineediversite.com\/index.php\/wp-json\/wp\/v2\/tags?post=24996"}],"curies":[{"name":"wp","href":"https:\/\/api.w.org\/{rel}","templated":true}]}}