{"id":24993,"date":"2018-04-27T14:06:13","date_gmt":"2018-04-27T12:06:13","guid":{"rendered":"https:\/\/guineediversite.com\/?p=24993"},"modified":"2018-04-27T14:06:13","modified_gmt":"2018-04-27T12:06:13","slug":"affaire-bollore-le-president-alpha-conde-nest-ni-de-pres-ni-de-loin-mele-a-cette-affaire-dixit-alpha-ibrahima-keira","status":"publish","type":"post","link":"https:\/\/guineediversite.com\/index.php\/2018\/04\/27\/affaire-bollore-le-president-alpha-conde-nest-ni-de-pres-ni-de-loin-mele-a-cette-affaire-dixit-alpha-ibrahima-keira\/","title":{"rendered":"Affaire Bollor\u00e9 : Le Pr\u00e9sident Alpha Cond\u00e9 n\u2019est ni de pr\u00e8s, ni de loin m\u00eal\u00e9 \u00e0 cette affaire dixit Alpha Ibrahima Keira"},"content":{"rendered":"<p><strong>Apr\u00e8s la mise en examen de Vincent Bollor\u00e9 par la justice fran\u00e7aise pour soup\u00e7on de corruption par l\u2019octroi des contrats de gestions des ports de Lom\u00e9 et de Conakry. Ce jeudi 26 avril 2018 \u00a0la commission d\u2019enqu\u00eate nationale sur cet affaire est sortie de son silence au cours d\u2019une conf\u00e9rence de presse qu\u2019elle a anim\u00e9e \u00e0 la maison commune des journalistes \u00e0 Col\u00e9ah pour donner ce qu\u2019il qualifie des \u00e9claircissement sur la r\u00e9siliation de la concession du terminal \u00e0 container de GETMA International-NECOTRANS.<\/strong><\/p>\n<p>Pour le ministre conseiller \u00e0 la pr\u00e9sidence Alpha Ibrahima Keira au moment des faits, il \u00e9tait \u00a0l\u2019un des acteurs de la signature de la convention. Par ailleurs, Il a affirm\u00e9 que le pr\u00e9sident Alpha Cond\u00e9 n\u2019a rien \u00e0 avoir \u00a0dans cette affaire de soup\u00e7on de corruption\u00a0:<\/p>\n<p><em>\u00ab\u00a0L\u2019administration g\u00e9n\u00e9ral du port autonome de Conakry a constat\u00e9 que le cocontractant a faillit \u00e0 ses obligations contractuel conform\u00e9ment au cahier de charge. Et apr\u00e8s la mise en demeure conform\u00e9ment aux r\u00e8gles et proc\u00e9dures, il a \u00e9t\u00e9 demand\u00e9\u00a0 de convoquer une s\u00e9ance extraordinaire de conseil d\u2019administration et toutes ces d\u00e9marches ont \u00e9t\u00e9 engag\u00e9es bien avant l\u2019arriv\u00e9 au pouvoir du pr\u00e9sident de la r\u00e9publique (Alpha Cond\u00e9 ndlr). Il a pris le bateau en marche et le conseil d\u2019administration apr\u00e8s avoir d\u00e9battu de la question de mani\u00e8re contradictoire a soumis un projet de d\u00e9cret \u00e0 l\u2019autorit\u00e9 de Monsieur le pr\u00e9sident de la r\u00e9publique qui n\u2019est autre qu\u2019Alpha Cond\u00e9 et\u00a0 qui conform\u00e9ment\u00a0 \u00e0 ses pouvoirs constitutionnels a \u00e9t\u00e9 amener \u00e0 pouvoir \u00e0 ce qu\u2019il lui appartenait normalement. Donc, en aucun moment de la n\u00e9gociation ou le processus de marchandage il n\u2019a \u00e9t\u00e9 m\u00eal\u00e9 ni de pr\u00e8s ni de loin \u00e0 ce processus. Et le fait que Bollor\u00e9 ait \u00e9t\u00e9 contact\u00e9 pour que nous puissions avoir ou atteindre des objectifs que s\u2019est assign\u00e9 la Direction g\u00e9n\u00e9rale du port, n\u2019est qu\u2019une heureuse co\u00efncidence\u00a0\u00bb<\/em> r\u00e9v\u00e8le ce ministre<\/p>\n<p>A rappeler que le principal concernant dans cette affaire Vincent Bollor\u00e9 a \u00e9t\u00e9 mise en examen mercredi par la justice fran\u00e7aise.<\/p>\n","protected":false},"excerpt":{"rendered":"<p>Apr\u00e8s la mise en examen de Vincent Bollor\u00e9 par la justice fran\u00e7aise pour soup\u00e7on de corruption par l\u2019octroi des contrats de gestions des ports de Lom\u00e9 et de Conakry. Ce jeudi 26 avril 2018 \u00a0la commission d\u2019enqu\u00eate nationale sur cet affaire est sortie de son silence au cours d\u2019une conf\u00e9rence de presse qu\u2019elle a anim\u00e9e [&hellip;]<\/p>\n","protected":false},"author":16,"featured_media":24994,"comment_status":"closed","ping_status":"closed","sticky":false,"template":"","format":"standard","meta":{"_exactmetrics_skip_tracking":false,"_exactmetrics_sitenote_active":false,"_exactmetrics_sitenote_note":"","_exactmetrics_sitenote_category":0,"tdm_status":"","tdm_grid_status":"","footnotes":""},"categories":[15,16],"tags":[],"class_list":{"0":"post-24993","1":"post","2":"type-post","3":"status-publish","4":"format-standard","5":"has-post-thumbnail","7":"category-economie","8":"category-societe"},"yoast_head":"<!-- This site is optimized with the Yoast SEO plugin v24.2 - https:\/\/yoast.com\/wordpress\/plugins\/seo\/ -->\n<title>Affaire Bollor\u00e9 : Le Pr\u00e9sident Alpha Cond\u00e9 n\u2019est ni de pr\u00e8s, ni de loin m\u00eal\u00e9 \u00e0 cette affaire dixit Alpha Ibrahima Keira | Guin\u00e9e Diversit\u00e9<\/title>\n<meta name=\"robots\" content=\"index, follow, max-snippet:-1, max-image-preview:large, max-video-preview:-1\" \/>\n<link rel=\"canonical\" href=\"https:\/\/guineediversite.com\/index.php\/2018\/04\/27\/affaire-bollore-le-president-alpha-conde-nest-ni-de-pres-ni-de-loin-mele-a-cette-affaire-dixit-alpha-ibrahima-keira\/\" \/>\n<meta property=\"og:locale\" content=\"fr_FR\" \/>\n<meta property=\"og:type\" content=\"article\" \/>\n<meta property=\"og:title\" content=\"Affaire Bollor\u00e9 : Le Pr\u00e9sident Alpha Cond\u00e9 n\u2019est ni de pr\u00e8s, ni de loin m\u00eal\u00e9 \u00e0 cette affaire dixit Alpha Ibrahima Keira | Guin\u00e9e Diversit\u00e9\" \/>\n<meta property=\"og:description\" content=\"Apr\u00e8s la mise en examen de Vincent Bollor\u00e9 par la justice fran\u00e7aise pour soup\u00e7on de corruption par l\u2019octroi des contrats de gestions des ports de Lom\u00e9 et de Conakry. Ce jeudi 26 avril 2018 \u00a0la commission d\u2019enqu\u00eate nationale sur cet affaire est sortie de son silence au cours d\u2019une conf\u00e9rence de presse qu\u2019elle a anim\u00e9e [&hellip;]\" \/>\n<meta property=\"og:url\" content=\"https:\/\/guineediversite.com\/index.php\/2018\/04\/27\/affaire-bollore-le-president-alpha-conde-nest-ni-de-pres-ni-de-loin-mele-a-cette-affaire-dixit-alpha-ibrahima-keira\/\" \/>\n<meta property=\"og:site_name\" content=\"Guin\u00e9e Diversit\u00e9\" \/>\n<meta property=\"article:publisher\" content=\"https:\/\/www.facebook.com\/guineediversite\/\" \/>\n<meta property=\"article:published_time\" content=\"2018-04-27T12:06:13+00:00\" \/>\n<meta property=\"og:image\" content=\"https:\/\/guineediversite.com\/wp-content\/uploads\/2018\/04\/31326935_2021851424743299_3067467768812011520_n.jpg\" \/>\n\t<meta property=\"og:image:width\" content=\"7680\" \/>\n\t<meta property=\"og:image:height\" content=\"5760\" \/>\n\t<meta property=\"og:image:type\" content=\"image\/jpeg\" \/>\n<meta name=\"author\" content=\"Moussa Mo\u00efse K\u00e9ita\" \/>\n<meta name=\"twitter:card\" content=\"summary_large_image\" \/>\n<meta name=\"twitter:creator\" content=\"@GuineeDiversite\" \/>\n<meta name=\"twitter:site\" content=\"@GuineeDiversite\" \/>\n<meta name=\"twitter:label1\" content=\"\u00c9crit par\" \/>\n\t<meta name=\"twitter:data1\" content=\"Moussa Mo\u00efse K\u00e9ita\" \/>\n\t<meta name=\"twitter:label2\" content=\"Dur\u00e9e de lecture estim\u00e9e\" \/>\n\t<meta name=\"twitter:data2\" content=\"2 minutes\" \/>\n<script type=\"application\/ld+json\" class=\"yoast-schema-graph\">{\"@context\":\"https:\/\/schema.org\",\"@graph\":[{\"@type\":\"Article\",\"@id\":\"https:\/\/guineediversite.com\/index.php\/2018\/04\/27\/affaire-bollore-le-president-alpha-conde-nest-ni-de-pres-ni-de-loin-mele-a-cette-affaire-dixit-alpha-ibrahima-keira\/#article\",\"isPartOf\":{\"@id\":\"https:\/\/guineediversite.com\/index.php\/2018\/04\/27\/affaire-bollore-le-president-alpha-conde-nest-ni-de-pres-ni-de-loin-mele-a-cette-affaire-dixit-alpha-ibrahima-keira\/\"},\"author\":{\"name\":\"Moussa Mo\u00efse K\u00e9ita\",\"@id\":\"https:\/\/guineediversite.com\/#\/schema\/person\/079ec347f72d2acde4b56a50a4fd46dc\"},\"headline\":\"Affaire Bollor\u00e9 : Le Pr\u00e9sident Alpha Cond\u00e9 n\u2019est ni de pr\u00e8s, ni de loin m\u00eal\u00e9 \u00e0 cette affaire dixit Alpha Ibrahima Keira\",\"datePublished\":\"2018-04-27T12:06:13+00:00\",\"dateModified\":\"2018-04-27T12:06:13+00:00\",\"mainEntityOfPage\":{\"@id\":\"https:\/\/guineediversite.com\/index.php\/2018\/04\/27\/affaire-bollore-le-president-alpha-conde-nest-ni-de-pres-ni-de-loin-mele-a-cette-affaire-dixit-alpha-ibrahima-keira\/\"},\"wordCount\":400,\"publisher\":{\"@id\":\"https:\/\/guineediversite.com\/#organization\"},\"image\":{\"@id\":\"https:\/\/guineediversite.com\/index.php\/2018\/04\/27\/affaire-bollore-le-president-alpha-conde-nest-ni-de-pres-ni-de-loin-mele-a-cette-affaire-dixit-alpha-ibrahima-keira\/#primaryimage\"},\"thumbnailUrl\":\"https:\/\/guineediversite.com\/wp-content\/uploads\/2018\/04\/31326935_2021851424743299_3067467768812011520_n.jpg\",\"articleSection\":[\"Economie\",\"Soci\u00e9t\u00e9\"],\"inLanguage\":\"fr-FR\"},{\"@type\":\"WebPage\",\"@id\":\"https:\/\/guineediversite.com\/index.php\/2018\/04\/27\/affaire-bollore-le-president-alpha-conde-nest-ni-de-pres-ni-de-loin-mele-a-cette-affaire-dixit-alpha-ibrahima-keira\/\",\"url\":\"https:\/\/guineediversite.com\/index.php\/2018\/04\/27\/affaire-bollore-le-president-alpha-conde-nest-ni-de-pres-ni-de-loin-mele-a-cette-affaire-dixit-alpha-ibrahima-keira\/\",\"name\":\"Affaire Bollor\u00e9 : Le Pr\u00e9sident Alpha Cond\u00e9 n\u2019est ni de pr\u00e8s, ni de loin m\u00eal\u00e9 \u00e0 cette affaire dixit Alpha Ibrahima Keira | Guin\u00e9e Diversit\u00e9\",\"isPartOf\":{\"@id\":\"https:\/\/guineediversite.com\/#website\"},\"primaryImageOfPage\":{\"@id\":\"https:\/\/guineediversite.com\/index.php\/2018\/04\/27\/affaire-bollore-le-president-alpha-conde-nest-ni-de-pres-ni-de-loin-mele-a-cette-affaire-dixit-alpha-ibrahima-keira\/#primaryimage\"},\"image\":{\"@id\":\"https:\/\/guineediversite.com\/index.php\/2018\/04\/27\/affaire-bollore-le-president-alpha-conde-nest-ni-de-pres-ni-de-loin-mele-a-cette-affaire-dixit-alpha-ibrahima-keira\/#primaryimage\"},\"thumbnailUrl\":\"https:\/\/guineediversite.com\/wp-content\/uploads\/2018\/04\/31326935_2021851424743299_3067467768812011520_n.jpg\",\"datePublished\":\"2018-04-27T12:06:13+00:00\",\"dateModified\":\"2018-04-27T12:06:13+00:00\",\"breadcrumb\":{\"@id\":\"https:\/\/guineediversite.com\/index.php\/2018\/04\/27\/affaire-bollore-le-president-alpha-conde-nest-ni-de-pres-ni-de-loin-mele-a-cette-affaire-dixit-alpha-ibrahima-keira\/#breadcrumb\"},\"inLanguage\":\"fr-FR\",\"potentialAction\":[{\"@type\":\"ReadAction\",\"target\":[\"https:\/\/guineediversite.com\/index.php\/2018\/04\/27\/affaire-bollore-le-president-alpha-conde-nest-ni-de-pres-ni-de-loin-mele-a-cette-affaire-dixit-alpha-ibrahima-keira\/\"]}]},{\"@type\":\"ImageObject\",\"inLanguage\":\"fr-FR\",\"@id\":\"https:\/\/guineediversite.com\/index.php\/2018\/04\/27\/affaire-bollore-le-president-alpha-conde-nest-ni-de-pres-ni-de-loin-mele-a-cette-affaire-dixit-alpha-ibrahima-keira\/#primaryimage\",\"url\":\"https:\/\/guineediversite.com\/wp-content\/uploads\/2018\/04\/31326935_2021851424743299_3067467768812011520_n.jpg\",\"contentUrl\":\"https:\/\/guineediversite.com\/wp-content\/uploads\/2018\/04\/31326935_2021851424743299_3067467768812011520_n.jpg\",\"width\":\"7680\",\"height\":\"5760\"},{\"@type\":\"BreadcrumbList\",\"@id\":\"https:\/\/guineediversite.com\/index.php\/2018\/04\/27\/affaire-bollore-le-president-alpha-conde-nest-ni-de-pres-ni-de-loin-mele-a-cette-affaire-dixit-alpha-ibrahima-keira\/#breadcrumb\",\"itemListElement\":[{\"@type\":\"ListItem\",\"position\":1,\"name\":\"Accueil\",\"item\":\"https:\/\/guineediversite.com\/\"},{\"@type\":\"ListItem\",\"position\":2,\"name\":\"Affaire Bollor\u00e9 : Le Pr\u00e9sident Alpha Cond\u00e9 n\u2019est ni de pr\u00e8s, ni de loin m\u00eal\u00e9 \u00e0 cette affaire dixit Alpha Ibrahima Keira\"}]},{\"@type\":\"WebSite\",\"@id\":\"https:\/\/guineediversite.com\/#website\",\"url\":\"https:\/\/guineediversite.com\/\",\"name\":\"Guin\u00e9e Diversit\u00e9\",\"description\":\"L&#039;Info dans toute sa diversit\u00e9\",\"publisher\":{\"@id\":\"https:\/\/guineediversite.com\/#organization\"},\"potentialAction\":[{\"@type\":\"SearchAction\",\"target\":{\"@type\":\"EntryPoint\",\"urlTemplate\":\"https:\/\/guineediversite.com\/?s={search_term_string}\"},\"query-input\":{\"@type\":\"PropertyValueSpecification\",\"valueRequired\":true,\"valueName\":\"search_term_string\"}}],\"inLanguage\":\"fr-FR\"},{\"@type\":\"Organization\",\"@id\":\"https:\/\/guineediversite.com\/#organization\",\"name\":\"Guin\u00e9e Diversit\u00e9\",\"url\":\"https:\/\/guineediversite.com\/\",\"logo\":{\"@type\":\"ImageObject\",\"inLanguage\":\"fr-FR\",\"@id\":\"https:\/\/guineediversite.com\/#\/schema\/logo\/image\/\",\"url\":\"https:\/\/guineediversite.com\/wp-content\/uploads\/2017\/04\/cropped-1jojlxEOMkX9Wyqfhe43D6kjPOGqBBKmx3EwWJqZ0cMrFF54yM49.png\",\"contentUrl\":\"https:\/\/guineediversite.com\/wp-content\/uploads\/2017\/04\/cropped-1jojlxEOMkX9Wyqfhe43D6kjPOGqBBKmx3EwWJqZ0cMrFF54yM49.png\",\"width\":186,\"height\":112,\"caption\":\"Guin\u00e9e Diversit\u00e9\"},\"image\":{\"@id\":\"https:\/\/guineediversite.com\/#\/schema\/logo\/image\/\"},\"sameAs\":[\"https:\/\/www.facebook.com\/guineediversite\/\",\"https:\/\/x.com\/GuineeDiversite\",\"https:\/\/www.youtube.com\/channel\/UC8sUY16qelG5ge6_D5SB83g\"]},{\"@type\":\"Person\",\"@id\":\"https:\/\/guineediversite.com\/#\/schema\/person\/079ec347f72d2acde4b56a50a4fd46dc\",\"name\":\"Moussa Mo\u00efse K\u00e9ita\",\"image\":{\"@type\":\"ImageObject\",\"inLanguage\":\"fr-FR\",\"@id\":\"https:\/\/guineediversite.com\/#\/schema\/person\/image\/\",\"url\":\"https:\/\/secure.gravatar.com\/avatar\/edf1ea2cc01841e6c0b49384bcb1385b?s=96&d=mm&r=g\",\"contentUrl\":\"https:\/\/secure.gravatar.com\/avatar\/edf1ea2cc01841e6c0b49384bcb1385b?s=96&d=mm&r=g\",\"caption\":\"Moussa Mo\u00efse K\u00e9ita\"},\"url\":\"https:\/\/guineediversite.com\/index.php\/author\/moussa-moise\/\"}]}<\/script>\n<!-- \/ Yoast SEO plugin. -->","yoast_head_json":{"title":"Affaire Bollor\u00e9 : Le Pr\u00e9sident Alpha Cond\u00e9 n\u2019est ni de pr\u00e8s, ni de loin m\u00eal\u00e9 \u00e0 cette affaire dixit Alpha Ibrahima Keira | Guin\u00e9e Diversit\u00e9","robots":{"index":"index","follow":"follow","max-snippet":"max-snippet:-1","max-image-preview":"max-image-preview:large","max-video-preview":"max-video-preview:-1"},"canonical":"https:\/\/guineediversite.com\/index.php\/2018\/04\/27\/affaire-bollore-le-president-alpha-conde-nest-ni-de-pres-ni-de-loin-mele-a-cette-affaire-dixit-alpha-ibrahima-keira\/","og_locale":"fr_FR","og_type":"article","og_title":"Affaire Bollor\u00e9 : Le Pr\u00e9sident Alpha Cond\u00e9 n\u2019est ni de pr\u00e8s, ni de loin m\u00eal\u00e9 \u00e0 cette affaire dixit Alpha Ibrahima Keira | Guin\u00e9e Diversit\u00e9","og_description":"Apr\u00e8s la mise en examen de Vincent Bollor\u00e9 par la justice fran\u00e7aise pour soup\u00e7on de corruption par l\u2019octroi des contrats de gestions des ports de Lom\u00e9 et de Conakry. Ce jeudi 26 avril 2018 \u00a0la commission d\u2019enqu\u00eate nationale sur cet affaire est sortie de son silence au cours d\u2019une conf\u00e9rence de presse qu\u2019elle a anim\u00e9e [&hellip;]","og_url":"https:\/\/guineediversite.com\/index.php\/2018\/04\/27\/affaire-bollore-le-president-alpha-conde-nest-ni-de-pres-ni-de-loin-mele-a-cette-affaire-dixit-alpha-ibrahima-keira\/","og_site_name":"Guin\u00e9e Diversit\u00e9","article_publisher":"https:\/\/www.facebook.com\/guineediversite\/","article_published_time":"2018-04-27T12:06:13+00:00","og_image":[{"width":7680,"height":5760,"url":"https:\/\/guineediversite.com\/wp-content\/uploads\/2018\/04\/31326935_2021851424743299_3067467768812011520_n.jpg","type":"image\/jpeg"}],"author":"Moussa Mo\u00efse K\u00e9ita","twitter_card":"summary_large_image","twitter_creator":"@GuineeDiversite","twitter_site":"@GuineeDiversite","twitter_misc":{"\u00c9crit par":"Moussa Mo\u00efse K\u00e9ita","Dur\u00e9e de lecture estim\u00e9e":"2 minutes"},"schema":{"@context":"https:\/\/schema.org","@graph":[{"@type":"Article","@id":"https:\/\/guineediversite.com\/index.php\/2018\/04\/27\/affaire-bollore-le-president-alpha-conde-nest-ni-de-pres-ni-de-loin-mele-a-cette-affaire-dixit-alpha-ibrahima-keira\/#article","isPartOf":{"@id":"https:\/\/guineediversite.com\/index.php\/2018\/04\/27\/affaire-bollore-le-president-alpha-conde-nest-ni-de-pres-ni-de-loin-mele-a-cette-affaire-dixit-alpha-ibrahima-keira\/"},"author":{"name":"Moussa Mo\u00efse K\u00e9ita","@id":"https:\/\/guineediversite.com\/#\/schema\/person\/079ec347f72d2acde4b56a50a4fd46dc"},"headline":"Affaire Bollor\u00e9 : Le Pr\u00e9sident Alpha Cond\u00e9 n\u2019est ni de pr\u00e8s, ni de loin m\u00eal\u00e9 \u00e0 cette affaire dixit Alpha Ibrahima Keira","datePublished":"2018-04-27T12:06:13+00:00","dateModified":"2018-04-27T12:06:13+00:00","mainEntityOfPage":{"@id":"https:\/\/guineediversite.com\/index.php\/2018\/04\/27\/affaire-bollore-le-president-alpha-conde-nest-ni-de-pres-ni-de-loin-mele-a-cette-affaire-dixit-alpha-ibrahima-keira\/"},"wordCount":400,"publisher":{"@id":"https:\/\/guineediversite.com\/#organization"},"image":{"@id":"https:\/\/guineediversite.com\/index.php\/2018\/04\/27\/affaire-bollore-le-president-alpha-conde-nest-ni-de-pres-ni-de-loin-mele-a-cette-affaire-dixit-alpha-ibrahima-keira\/#primaryimage"},"thumbnailUrl":"https:\/\/guineediversite.com\/wp-content\/uploads\/2018\/04\/31326935_2021851424743299_3067467768812011520_n.jpg","articleSection":["Economie","Soci\u00e9t\u00e9"],"inLanguage":"fr-FR"},{"@type":"WebPage","@id":"https:\/\/guineediversite.com\/index.php\/2018\/04\/27\/affaire-bollore-le-president-alpha-conde-nest-ni-de-pres-ni-de-loin-mele-a-cette-affaire-dixit-alpha-ibrahima-keira\/","url":"https:\/\/guineediversite.com\/index.php\/2018\/04\/27\/affaire-bollore-le-president-alpha-conde-nest-ni-de-pres-ni-de-loin-mele-a-cette-affaire-dixit-alpha-ibrahima-keira\/","name":"Affaire Bollor\u00e9 : Le Pr\u00e9sident Alpha Cond\u00e9 n\u2019est ni de pr\u00e8s, ni de loin m\u00eal\u00e9 \u00e0 cette affaire dixit Alpha Ibrahima Keira | Guin\u00e9e Diversit\u00e9","isPartOf":{"@id":"https:\/\/guineediversite.com\/#website"},"primaryImageOfPage":{"@id":"https:\/\/guineediversite.com\/index.php\/2018\/04\/27\/affaire-bollore-le-president-alpha-conde-nest-ni-de-pres-ni-de-loin-mele-a-cette-affaire-dixit-alpha-ibrahima-keira\/#primaryimage"},"image":{"@id":"https:\/\/guineediversite.com\/index.php\/2018\/04\/27\/affaire-bollore-le-president-alpha-conde-nest-ni-de-pres-ni-de-loin-mele-a-cette-affaire-dixit-alpha-ibrahima-keira\/#primaryimage"},"thumbnailUrl":"https:\/\/guineediversite.com\/wp-content\/uploads\/2018\/04\/31326935_2021851424743299_3067467768812011520_n.jpg","datePublished":"2018-04-27T12:06:13+00:00","dateModified":"2018-04-27T12:06:13+00:00","breadcrumb":{"@id":"https:\/\/guineediversite.com\/index.php\/2018\/04\/27\/affaire-bollore-le-president-alpha-conde-nest-ni-de-pres-ni-de-loin-mele-a-cette-affaire-dixit-alpha-ibrahima-keira\/#breadcrumb"},"inLanguage":"fr-FR","potentialAction":[{"@type":"ReadAction","target":["https:\/\/guineediversite.com\/index.php\/2018\/04\/27\/affaire-bollore-le-president-alpha-conde-nest-ni-de-pres-ni-de-loin-mele-a-cette-affaire-dixit-alpha-ibrahima-keira\/"]}]},{"@type":"ImageObject","inLanguage":"fr-FR","@id":"https:\/\/guineediversite.com\/index.php\/2018\/04\/27\/affaire-bollore-le-president-alpha-conde-nest-ni-de-pres-ni-de-loin-mele-a-cette-affaire-dixit-alpha-ibrahima-keira\/#primaryimage","url":"https:\/\/guineediversite.com\/wp-content\/uploads\/2018\/04\/31326935_2021851424743299_3067467768812011520_n.jpg","contentUrl":"https:\/\/guineediversite.com\/wp-content\/uploads\/2018\/04\/31326935_2021851424743299_3067467768812011520_n.jpg","width":"7680","height":"5760"},{"@type":"BreadcrumbList","@id":"https:\/\/guineediversite.com\/index.php\/2018\/04\/27\/affaire-bollore-le-president-alpha-conde-nest-ni-de-pres-ni-de-loin-mele-a-cette-affaire-dixit-alpha-ibrahima-keira\/#breadcrumb","itemListElement":[{"@type":"ListItem","position":1,"name":"Accueil","item":"https:\/\/guineediversite.com\/"},{"@type":"ListItem","position":2,"name":"Affaire Bollor\u00e9 : Le Pr\u00e9sident Alpha Cond\u00e9 n\u2019est ni de pr\u00e8s, ni de loin m\u00eal\u00e9 \u00e0 cette affaire dixit Alpha Ibrahima Keira"}]},{"@type":"WebSite","@id":"https:\/\/guineediversite.com\/#website","url":"https:\/\/guineediversite.com\/","name":"Guin\u00e9e Diversit\u00e9","description":"L&#039;Info dans toute sa diversit\u00e9","publisher":{"@id":"https:\/\/guineediversite.com\/#organization"},"potentialAction":[{"@type":"SearchAction","target":{"@type":"EntryPoint","urlTemplate":"https:\/\/guineediversite.com\/?s={search_term_string}"},"query-input":{"@type":"PropertyValueSpecification","valueRequired":true,"valueName":"search_term_string"}}],"inLanguage":"fr-FR"},{"@type":"Organization","@id":"https:\/\/guineediversite.com\/#organization","name":"Guin\u00e9e Diversit\u00e9","url":"https:\/\/guineediversite.com\/","logo":{"@type":"ImageObject","inLanguage":"fr-FR","@id":"https:\/\/guineediversite.com\/#\/schema\/logo\/image\/","url":"https:\/\/guineediversite.com\/wp-content\/uploads\/2017\/04\/cropped-1jojlxEOMkX9Wyqfhe43D6kjPOGqBBKmx3EwWJqZ0cMrFF54yM49.png","contentUrl":"https:\/\/guineediversite.com\/wp-content\/uploads\/2017\/04\/cropped-1jojlxEOMkX9Wyqfhe43D6kjPOGqBBKmx3EwWJqZ0cMrFF54yM49.png","width":186,"height":112,"caption":"Guin\u00e9e Diversit\u00e9"},"image":{"@id":"https:\/\/guineediversite.com\/#\/schema\/logo\/image\/"},"sameAs":["https:\/\/www.facebook.com\/guineediversite\/","https:\/\/x.com\/GuineeDiversite","https:\/\/www.youtube.com\/channel\/UC8sUY16qelG5ge6_D5SB83g"]},{"@type":"Person","@id":"https:\/\/guineediversite.com\/#\/schema\/person\/079ec347f72d2acde4b56a50a4fd46dc","name":"Moussa Mo\u00efse K\u00e9ita","image":{"@type":"ImageObject","inLanguage":"fr-FR","@id":"https:\/\/guineediversite.com\/#\/schema\/person\/image\/","url":"https:\/\/secure.gravatar.com\/avatar\/edf1ea2cc01841e6c0b49384bcb1385b?s=96&d=mm&r=g","contentUrl":"https:\/\/secure.gravatar.com\/avatar\/edf1ea2cc01841e6c0b49384bcb1385b?s=96&d=mm&r=g","caption":"Moussa Mo\u00efse K\u00e9ita"},"url":"https:\/\/guineediversite.com\/index.php\/author\/moussa-moise\/"}]}},"_links":{"self":[{"href":"https:\/\/guineediversite.com\/index.php\/wp-json\/wp\/v2\/posts\/24993"}],"collection":[{"href":"https:\/\/guineediversite.com\/index.php\/wp-json\/wp\/v2\/posts"}],"about":[{"href":"https:\/\/guineediversite.com\/index.php\/wp-json\/wp\/v2\/types\/post"}],"author":[{"embeddable":true,"href":"https:\/\/guineediversite.com\/index.php\/wp-json\/wp\/v2\/users\/16"}],"replies":[{"embeddable":true,"href":"https:\/\/guineediversite.com\/index.php\/wp-json\/wp\/v2\/comments?post=24993"}],"version-history":[{"count":0,"href":"https:\/\/guineediversite.com\/index.php\/wp-json\/wp\/v2\/posts\/24993\/revisions"}],"wp:featuredmedia":[{"embeddable":true,"href":"https:\/\/guineediversite.com\/index.php\/wp-json\/wp\/v2\/media\/24994"}],"wp:attachment":[{"href":"https:\/\/guineediversite.com\/index.php\/wp-json\/wp\/v2\/media?parent=24993"}],"wp:term":[{"taxonomy":"category","embeddable":true,"href":"https:\/\/guineediversite.com\/index.php\/wp-json\/wp\/v2\/categories?post=24993"},{"taxonomy":"post_tag","embeddable":true,"href":"https:\/\/guineediversite.com\/index.php\/wp-json\/wp\/v2\/tags?post=24993"}],"curies":[{"name":"wp","href":"https:\/\/api.w.org\/{rel}","templated":true}]}}