{"id":24987,"date":"2018-04-26T19:32:41","date_gmt":"2018-04-26T17:32:41","guid":{"rendered":"https:\/\/guineediversite.com\/?p=24987"},"modified":"2018-04-26T19:32:41","modified_gmt":"2018-04-26T17:32:41","slug":"la-journee-internationale-de-lutte-contre-le-paludisme-celebree-en-guinee","status":"publish","type":"post","link":"https:\/\/guineediversite.com\/index.php\/2018\/04\/26\/la-journee-internationale-de-lutte-contre-le-paludisme-celebree-en-guinee\/","title":{"rendered":"La journ\u00e9e internationale de lutte contre le paludisme c\u00e9l\u00e9br\u00e9e en Guin\u00e9e"},"content":{"rendered":"<p>L\u2019humanit\u00e9 a c\u00e9l\u00e9br\u00e9 ce jour la journ\u00e9e internationale de lutte contre le paludisme. A cette occasion, le Gouvernement Guin\u00e9en, et ses partenaires techniques et financiers ont port\u00e9 le choix sur la r\u00e9gion administrative de FARANAH pour c\u00e9l\u00e9brer cette journ\u00e9e. Le th\u00e8me retenu cette ann\u00e9e par l&rsquo;organisation mondiale de la sant\u00e9 est : \u00ab Pr\u00eat \u00e0 vaincre le paludisme \u00bb. C\u2019\u00e9tait en pr\u00e9sencede l&rsquo;ambassadeur des Etats Unis en Guin\u00e9e, des partenaires techniques et financiers, des autorit\u00e9s locales de la ville de Faranah et des populations du Sankara.<br \/>\nEn Guin\u00e9e, le Paludisme reste un probl\u00e8me de sant\u00e9 publique majeure. Mais force est de reconnaitre les progr\u00e8s remarquables enregistr\u00e9s ces derni\u00e8res ann\u00e9es gr\u00e2ce aux efforts du Gouvernement, des acteurs de la Sant\u00e9 et des partenaires techniques et financiers.<br \/>\nPour Monsieur Silimani Camara repr\u00e9sentant l&rsquo;OMS, la c\u00e9l\u00e9bration de cette journ\u00e9e vise \u00e0 attirer l&rsquo;attention de la communaut\u00e9 mondiale sur le Paludisme et son impact d\u00e9vastateur sur les familles, les communaut\u00e9s et le d\u00e9veloppement. D\u2019o\u00f9 tout l\u2019int\u00e9r\u00eat du th\u00e8me \u00ab Pr\u00eat \u00e0 vaincre le paludisme \u00bb qui d\u00e9montre la n\u00e9cessit\u00e9 d&rsquo;acc\u00e9l\u00e9rer les efforts pour un monde sans paludisme explique t-il.<br \/>\nPour y arriver, l&rsquo;organisation mondiale de la sant\u00e9 encourage le Minist\u00e8re de la sant\u00e9 et tous les partenaires intervenant dans la lutte contre le paludisme en Guin\u00e9e, \u00e0 allouer des ressources suffisantes et renforcer la collaboration transfrontali\u00e8re en faveur de la lutte contre le paludisme. \u00ab Avec les ressources n\u00e9cessaires, une coordination solide et des partenaires d\u00e9vou\u00e9s, cette strat\u00e9gie permettra \u00e0 l&rsquo;acc\u00e9l\u00e9ration des actions pour parvenir \u00e0 une Guin\u00e9e exempte de paludisme \u00bb dit Silimani Camara.<br \/>\nIntroduisant son discours, le Ministre de la sant\u00e9 dira que la Guin\u00e9e peut \u00e9liminer le paludisme tel que recommand\u00e9 par l\u2019OMS dans la strat\u00e9gie technique Mondiale 2016- 2030. \u00ab En mutualisant nos efforts et avec le soutien de tous les acteurs de d\u00e9veloppement, nous pouvons r\u00e9aliser cet objectif. De r\u00e9els progr\u00e8s sont not\u00e9s dans ce domaine depuis 2012, gr\u00e2ce \u00e0 la combinaison de plusieurs interventions soutenues par l\u2019Etat et ses partenaires techniques et financiers. Ceci s\u2019est traduit par une r\u00e9duction significative de la pr\u00e9valence du Paludisme en Guin\u00e9e qui est pass\u00e9e de 44% en 2012 \u00e0 15% en 2016 \u00bb a d\u00e9clar\u00e9 Abdourahmane Diallo.<br \/>\nPour le Ministre de la sant\u00e9, ces r\u00e9sultats encourageants donnent \u00e0 notre pays une place confortable dans le domaine de la lutte contre le paludisme. Mais cependant, pr\u00e9cise le Ministre Abdourahmane Diallo, cet acquis doit \u00eatre consolid\u00e9 par la poursuite de la collaboration multisectorielle et l&rsquo;effort suppl\u00e9mentaire de tous les acteurs car de nombreux efforts restent encore \u00e0 relever pour \u00e9radiquer le paludisme en Guin\u00e9e. C&rsquo;est pourquoi il faudra rester vigilant et toujours pr\u00eat \u00e0 combattre cette maladie souligne le Ministre de la sant\u00e9.<br \/>\nCela demande des efforts conjugu\u00e9s et individuels de tous les jours \u00e0 savoir :<br \/>\n\u00fc L\u2019utilisation quotidienne de la moustiquaire impr\u00e9gn\u00e9e ;<\/p>\n<p>\u00fc l&rsquo;assainissement de notre environnement durant toute l&rsquo;ann\u00e9e ;<\/p>\n<p>\u00fc se rendre imm\u00e9diatement d\u00e8s les premiers signes de paludisme dans une structure de sant\u00e9 pour b\u00e9n\u00e9ficier d&rsquo;un traitement ad\u00e9quat.<br \/>\nAvant de terminer, le Ministre de la Sant\u00e9 a au nom du Pr\u00e9sident de la R\u00e9publique et du Premier Ministre, r\u00e9affirm\u00e9 l&rsquo;engagement du Gouvernement dans la mise en \u0153uvre des interventions de lutte contre le paludisme.<\/p>\n<p>Dr Abdouramane Diallo a \u00e9galement saisi l&rsquo;opportunit\u00e9 pour inviter tous les acteurs impliqu\u00e9s dans la lutte contre le paludisme \u00e0 s&rsquo;inscrire d&rsquo;une part dans la dynamique de la collaboration multisectorielle et d&rsquo;autre part dans la promotion de la sant\u00e9 communautaire en vue de renforcer l&rsquo;action men\u00e9e pour combattre et \u00e9liminer le paludisme.<br \/>\nAbordant dans le m\u00eame sens, l\u2019Ambassadeur des \u00c9tats unies en Guin\u00e9e dira que l&rsquo;\u00e9limination du paludisme passe forc\u00e9ment par le leadership politique au plus haut niveau. Dennis Hankins n&rsquo;a pas manqu\u00e9 de louer les efforts du Gouvernement. \u00ab Je salue les efforts et engagements du Ministre de la sant\u00e9 dans la politique de renforcement de la sant\u00e9 communautaire. Aujourd&rsquo;hui le Minist\u00e8re de la sant\u00e9 multiplie les efforts pour la distribution et l&rsquo;utilisation des moustiquaires, et c&rsquo;est une r\u00e9elle satisfaction de voir qu\u2019\u00e0 travers les efforts du gouvernement et ses partenaires, notamment le programme am\u00e9ricain de l&rsquo;initiative pr\u00e9sidentielle contre le paludisme, la Guin\u00e9e a assist\u00e9 \u00e0 une diminution de 2\/3 dans le pays \u00bb.<br \/>\nDans la lutte contre le paludisme, les r\u00e9sultats suivants sont obtenus :<br \/>\n\u00fc L&rsquo;organisation en 2017 de deux campagnes de chimio pr\u00e9vention du paludisme saisonnier dans 10 districts sanitaires pour prot\u00e9ger contre le paludisme pr\u00e8s de 480 milles enfants de 3 \u00e0 59 mois ;<br \/>\n\u00fc La mise en place des comit\u00e9s de suivi au niveau central, r\u00e9gional, et pr\u00e9fectoral pour renforcer la coordination de la lutte contre le paludisme ;<br \/>\n\u00fc La baisse des ruptures de stocks de m\u00e9dicaments antipalud\u00e9ens dans les formations sanitaires<\/p>\n<p>\u00fc Le traitement de plus de 99 % de cas confirm\u00e9s dans nos formations sanitaires et au niveau communautaire<\/p>\n<p>\u00fc La baisse consid\u00e9rable du taux de positivit\u00e9 passant de 89 % en 2013 \u00e0 63 % en 2018.<\/p>\n<p>La Cellule de Communication du Gouvernement<\/p>\n","protected":false},"excerpt":{"rendered":"<p>L\u2019humanit\u00e9 a c\u00e9l\u00e9br\u00e9 ce jour la journ\u00e9e internationale de lutte contre le paludisme. A cette occasion, le Gouvernement Guin\u00e9en, et ses partenaires techniques et financiers ont port\u00e9 le choix sur la r\u00e9gion administrative de FARANAH pour c\u00e9l\u00e9brer cette journ\u00e9e. Le th\u00e8me retenu cette ann\u00e9e par l&rsquo;organisation mondiale de la sant\u00e9 est : \u00ab Pr\u00eat \u00e0 [&hellip;]<\/p>\n","protected":false},"author":12,"featured_media":24988,"comment_status":"closed","ping_status":"closed","sticky":false,"template":"","format":"standard","meta":{"_exactmetrics_skip_tracking":false,"_exactmetrics_sitenote_active":false,"_exactmetrics_sitenote_note":"","_exactmetrics_sitenote_category":0,"tdm_status":"","tdm_grid_status":"","footnotes":""},"categories":[16],"tags":[],"class_list":{"0":"post-24987","1":"post","2":"type-post","3":"status-publish","4":"format-standard","5":"has-post-thumbnail","7":"category-societe"},"yoast_head":"<!-- This site is optimized with the Yoast SEO plugin v24.2 - https:\/\/yoast.com\/wordpress\/plugins\/seo\/ -->\n<title>La journ\u00e9e internationale de lutte contre le paludisme c\u00e9l\u00e9br\u00e9e en Guin\u00e9e | Guin\u00e9e Diversit\u00e9<\/title>\n<meta name=\"robots\" content=\"index, follow, max-snippet:-1, max-image-preview:large, max-video-preview:-1\" \/>\n<link rel=\"canonical\" href=\"https:\/\/guineediversite.com\/index.php\/2018\/04\/26\/la-journee-internationale-de-lutte-contre-le-paludisme-celebree-en-guinee\/\" \/>\n<meta property=\"og:locale\" content=\"fr_FR\" \/>\n<meta property=\"og:type\" content=\"article\" \/>\n<meta property=\"og:title\" content=\"La journ\u00e9e internationale de lutte contre le paludisme c\u00e9l\u00e9br\u00e9e en Guin\u00e9e | Guin\u00e9e Diversit\u00e9\" \/>\n<meta property=\"og:description\" content=\"L\u2019humanit\u00e9 a c\u00e9l\u00e9br\u00e9 ce jour la journ\u00e9e internationale de lutte contre le paludisme. A cette occasion, le Gouvernement Guin\u00e9en, et ses partenaires techniques et financiers ont port\u00e9 le choix sur la r\u00e9gion administrative de FARANAH pour c\u00e9l\u00e9brer cette journ\u00e9e. Le th\u00e8me retenu cette ann\u00e9e par l&rsquo;organisation mondiale de la sant\u00e9 est : \u00ab Pr\u00eat \u00e0 [&hellip;]\" \/>\n<meta property=\"og:url\" content=\"https:\/\/guineediversite.com\/index.php\/2018\/04\/26\/la-journee-internationale-de-lutte-contre-le-paludisme-celebree-en-guinee\/\" \/>\n<meta property=\"og:site_name\" content=\"Guin\u00e9e Diversit\u00e9\" \/>\n<meta property=\"article:publisher\" content=\"https:\/\/www.facebook.com\/guineediversite\/\" \/>\n<meta property=\"article:published_time\" content=\"2018-04-26T17:32:41+00:00\" \/>\n<meta property=\"og:image\" content=\"https:\/\/guineediversite.com\/wp-content\/uploads\/2018\/04\/Minist\u00e9re-de-la-sant\u00e9.jpg\" \/>\n\t<meta property=\"og:image:width\" content=\"1000\" \/>\n\t<meta property=\"og:image:height\" content=\"647\" \/>\n\t<meta property=\"og:image:type\" content=\"image\/jpeg\" \/>\n<meta name=\"author\" content=\"Guin\u00e9e Diversit\u00e9\" \/>\n<meta name=\"twitter:card\" content=\"summary_large_image\" \/>\n<meta name=\"twitter:creator\" content=\"@GuineeDiversite\" \/>\n<meta name=\"twitter:site\" content=\"@GuineeDiversite\" \/>\n<meta name=\"twitter:label1\" content=\"\u00c9crit par\" \/>\n\t<meta name=\"twitter:data1\" content=\"Guin\u00e9e Diversit\u00e9\" \/>\n\t<meta name=\"twitter:label2\" content=\"Dur\u00e9e de lecture estim\u00e9e\" \/>\n\t<meta name=\"twitter:data2\" content=\"4 minutes\" \/>\n<script type=\"application\/ld+json\" class=\"yoast-schema-graph\">{\"@context\":\"https:\/\/schema.org\",\"@graph\":[{\"@type\":\"Article\",\"@id\":\"https:\/\/guineediversite.com\/index.php\/2018\/04\/26\/la-journee-internationale-de-lutte-contre-le-paludisme-celebree-en-guinee\/#article\",\"isPartOf\":{\"@id\":\"https:\/\/guineediversite.com\/index.php\/2018\/04\/26\/la-journee-internationale-de-lutte-contre-le-paludisme-celebree-en-guinee\/\"},\"author\":{\"name\":\"Guin\u00e9e Diversit\u00e9\",\"@id\":\"https:\/\/guineediversite.com\/#\/schema\/person\/afa08fb34e7fc6e1feafc892612bc836\"},\"headline\":\"La journ\u00e9e internationale de lutte contre le paludisme c\u00e9l\u00e9br\u00e9e en Guin\u00e9e\",\"datePublished\":\"2018-04-26T17:32:41+00:00\",\"dateModified\":\"2018-04-26T17:32:41+00:00\",\"mainEntityOfPage\":{\"@id\":\"https:\/\/guineediversite.com\/index.php\/2018\/04\/26\/la-journee-internationale-de-lutte-contre-le-paludisme-celebree-en-guinee\/\"},\"wordCount\":916,\"publisher\":{\"@id\":\"https:\/\/guineediversite.com\/#organization\"},\"image\":{\"@id\":\"https:\/\/guineediversite.com\/index.php\/2018\/04\/26\/la-journee-internationale-de-lutte-contre-le-paludisme-celebree-en-guinee\/#primaryimage\"},\"thumbnailUrl\":\"https:\/\/guineediversite.com\/wp-content\/uploads\/2018\/04\/Minist\u00e9re-de-la-sant\u00e9.jpg\",\"articleSection\":[\"Soci\u00e9t\u00e9\"],\"inLanguage\":\"fr-FR\"},{\"@type\":\"WebPage\",\"@id\":\"https:\/\/guineediversite.com\/index.php\/2018\/04\/26\/la-journee-internationale-de-lutte-contre-le-paludisme-celebree-en-guinee\/\",\"url\":\"https:\/\/guineediversite.com\/index.php\/2018\/04\/26\/la-journee-internationale-de-lutte-contre-le-paludisme-celebree-en-guinee\/\",\"name\":\"La journ\u00e9e internationale de lutte contre le paludisme c\u00e9l\u00e9br\u00e9e en Guin\u00e9e | Guin\u00e9e Diversit\u00e9\",\"isPartOf\":{\"@id\":\"https:\/\/guineediversite.com\/#website\"},\"primaryImageOfPage\":{\"@id\":\"https:\/\/guineediversite.com\/index.php\/2018\/04\/26\/la-journee-internationale-de-lutte-contre-le-paludisme-celebree-en-guinee\/#primaryimage\"},\"image\":{\"@id\":\"https:\/\/guineediversite.com\/index.php\/2018\/04\/26\/la-journee-internationale-de-lutte-contre-le-paludisme-celebree-en-guinee\/#primaryimage\"},\"thumbnailUrl\":\"https:\/\/guineediversite.com\/wp-content\/uploads\/2018\/04\/Minist\u00e9re-de-la-sant\u00e9.jpg\",\"datePublished\":\"2018-04-26T17:32:41+00:00\",\"dateModified\":\"2018-04-26T17:32:41+00:00\",\"breadcrumb\":{\"@id\":\"https:\/\/guineediversite.com\/index.php\/2018\/04\/26\/la-journee-internationale-de-lutte-contre-le-paludisme-celebree-en-guinee\/#breadcrumb\"},\"inLanguage\":\"fr-FR\",\"potentialAction\":[{\"@type\":\"ReadAction\",\"target\":[\"https:\/\/guineediversite.com\/index.php\/2018\/04\/26\/la-journee-internationale-de-lutte-contre-le-paludisme-celebree-en-guinee\/\"]}]},{\"@type\":\"ImageObject\",\"inLanguage\":\"fr-FR\",\"@id\":\"https:\/\/guineediversite.com\/index.php\/2018\/04\/26\/la-journee-internationale-de-lutte-contre-le-paludisme-celebree-en-guinee\/#primaryimage\",\"url\":\"https:\/\/guineediversite.com\/wp-content\/uploads\/2018\/04\/Minist\u00e9re-de-la-sant\u00e9.jpg\",\"contentUrl\":\"https:\/\/guineediversite.com\/wp-content\/uploads\/2018\/04\/Minist\u00e9re-de-la-sant\u00e9.jpg\",\"width\":\"1000\",\"height\":\"647\"},{\"@type\":\"BreadcrumbList\",\"@id\":\"https:\/\/guineediversite.com\/index.php\/2018\/04\/26\/la-journee-internationale-de-lutte-contre-le-paludisme-celebree-en-guinee\/#breadcrumb\",\"itemListElement\":[{\"@type\":\"ListItem\",\"position\":1,\"name\":\"Accueil\",\"item\":\"https:\/\/guineediversite.com\/\"},{\"@type\":\"ListItem\",\"position\":2,\"name\":\"La journ\u00e9e internationale de lutte contre le paludisme c\u00e9l\u00e9br\u00e9e en Guin\u00e9e\"}]},{\"@type\":\"WebSite\",\"@id\":\"https:\/\/guineediversite.com\/#website\",\"url\":\"https:\/\/guineediversite.com\/\",\"name\":\"Guin\u00e9e Diversit\u00e9\",\"description\":\"L&#039;Info dans toute sa diversit\u00e9\",\"publisher\":{\"@id\":\"https:\/\/guineediversite.com\/#organization\"},\"potentialAction\":[{\"@type\":\"SearchAction\",\"target\":{\"@type\":\"EntryPoint\",\"urlTemplate\":\"https:\/\/guineediversite.com\/?s={search_term_string}\"},\"query-input\":{\"@type\":\"PropertyValueSpecification\",\"valueRequired\":true,\"valueName\":\"search_term_string\"}}],\"inLanguage\":\"fr-FR\"},{\"@type\":\"Organization\",\"@id\":\"https:\/\/guineediversite.com\/#organization\",\"name\":\"Guin\u00e9e Diversit\u00e9\",\"url\":\"https:\/\/guineediversite.com\/\",\"logo\":{\"@type\":\"ImageObject\",\"inLanguage\":\"fr-FR\",\"@id\":\"https:\/\/guineediversite.com\/#\/schema\/logo\/image\/\",\"url\":\"https:\/\/guineediversite.com\/wp-content\/uploads\/2017\/04\/cropped-1jojlxEOMkX9Wyqfhe43D6kjPOGqBBKmx3EwWJqZ0cMrFF54yM49.png\",\"contentUrl\":\"https:\/\/guineediversite.com\/wp-content\/uploads\/2017\/04\/cropped-1jojlxEOMkX9Wyqfhe43D6kjPOGqBBKmx3EwWJqZ0cMrFF54yM49.png\",\"width\":186,\"height\":112,\"caption\":\"Guin\u00e9e Diversit\u00e9\"},\"image\":{\"@id\":\"https:\/\/guineediversite.com\/#\/schema\/logo\/image\/\"},\"sameAs\":[\"https:\/\/www.facebook.com\/guineediversite\/\",\"https:\/\/x.com\/GuineeDiversite\",\"https:\/\/www.youtube.com\/channel\/UC8sUY16qelG5ge6_D5SB83g\"]},{\"@type\":\"Person\",\"@id\":\"https:\/\/guineediversite.com\/#\/schema\/person\/afa08fb34e7fc6e1feafc892612bc836\",\"name\":\"Guin\u00e9e Diversit\u00e9\",\"image\":{\"@type\":\"ImageObject\",\"inLanguage\":\"fr-FR\",\"@id\":\"https:\/\/guineediversite.com\/#\/schema\/person\/image\/\",\"url\":\"https:\/\/secure.gravatar.com\/avatar\/50d5eb5b390f8b65ac30ac6f898eb83a?s=96&d=mm&r=g\",\"contentUrl\":\"https:\/\/secure.gravatar.com\/avatar\/50d5eb5b390f8b65ac30ac6f898eb83a?s=96&d=mm&r=g\",\"caption\":\"Guin\u00e9e Diversit\u00e9\"},\"url\":\"https:\/\/guineediversite.com\/index.php\/author\/guineediversite\/\"}]}<\/script>\n<!-- \/ Yoast SEO plugin. -->","yoast_head_json":{"title":"La journ\u00e9e internationale de lutte contre le paludisme c\u00e9l\u00e9br\u00e9e en Guin\u00e9e | Guin\u00e9e Diversit\u00e9","robots":{"index":"index","follow":"follow","max-snippet":"max-snippet:-1","max-image-preview":"max-image-preview:large","max-video-preview":"max-video-preview:-1"},"canonical":"https:\/\/guineediversite.com\/index.php\/2018\/04\/26\/la-journee-internationale-de-lutte-contre-le-paludisme-celebree-en-guinee\/","og_locale":"fr_FR","og_type":"article","og_title":"La journ\u00e9e internationale de lutte contre le paludisme c\u00e9l\u00e9br\u00e9e en Guin\u00e9e | Guin\u00e9e Diversit\u00e9","og_description":"L\u2019humanit\u00e9 a c\u00e9l\u00e9br\u00e9 ce jour la journ\u00e9e internationale de lutte contre le paludisme. A cette occasion, le Gouvernement Guin\u00e9en, et ses partenaires techniques et financiers ont port\u00e9 le choix sur la r\u00e9gion administrative de FARANAH pour c\u00e9l\u00e9brer cette journ\u00e9e. Le th\u00e8me retenu cette ann\u00e9e par l&rsquo;organisation mondiale de la sant\u00e9 est : \u00ab Pr\u00eat \u00e0 [&hellip;]","og_url":"https:\/\/guineediversite.com\/index.php\/2018\/04\/26\/la-journee-internationale-de-lutte-contre-le-paludisme-celebree-en-guinee\/","og_site_name":"Guin\u00e9e Diversit\u00e9","article_publisher":"https:\/\/www.facebook.com\/guineediversite\/","article_published_time":"2018-04-26T17:32:41+00:00","og_image":[{"width":1000,"height":647,"url":"https:\/\/guineediversite.com\/wp-content\/uploads\/2018\/04\/Minist\u00e9re-de-la-sant\u00e9.jpg","type":"image\/jpeg"}],"author":"Guin\u00e9e Diversit\u00e9","twitter_card":"summary_large_image","twitter_creator":"@GuineeDiversite","twitter_site":"@GuineeDiversite","twitter_misc":{"\u00c9crit par":"Guin\u00e9e Diversit\u00e9","Dur\u00e9e de lecture estim\u00e9e":"4 minutes"},"schema":{"@context":"https:\/\/schema.org","@graph":[{"@type":"Article","@id":"https:\/\/guineediversite.com\/index.php\/2018\/04\/26\/la-journee-internationale-de-lutte-contre-le-paludisme-celebree-en-guinee\/#article","isPartOf":{"@id":"https:\/\/guineediversite.com\/index.php\/2018\/04\/26\/la-journee-internationale-de-lutte-contre-le-paludisme-celebree-en-guinee\/"},"author":{"name":"Guin\u00e9e Diversit\u00e9","@id":"https:\/\/guineediversite.com\/#\/schema\/person\/afa08fb34e7fc6e1feafc892612bc836"},"headline":"La journ\u00e9e internationale de lutte contre le paludisme c\u00e9l\u00e9br\u00e9e en Guin\u00e9e","datePublished":"2018-04-26T17:32:41+00:00","dateModified":"2018-04-26T17:32:41+00:00","mainEntityOfPage":{"@id":"https:\/\/guineediversite.com\/index.php\/2018\/04\/26\/la-journee-internationale-de-lutte-contre-le-paludisme-celebree-en-guinee\/"},"wordCount":916,"publisher":{"@id":"https:\/\/guineediversite.com\/#organization"},"image":{"@id":"https:\/\/guineediversite.com\/index.php\/2018\/04\/26\/la-journee-internationale-de-lutte-contre-le-paludisme-celebree-en-guinee\/#primaryimage"},"thumbnailUrl":"https:\/\/guineediversite.com\/wp-content\/uploads\/2018\/04\/Minist\u00e9re-de-la-sant\u00e9.jpg","articleSection":["Soci\u00e9t\u00e9"],"inLanguage":"fr-FR"},{"@type":"WebPage","@id":"https:\/\/guineediversite.com\/index.php\/2018\/04\/26\/la-journee-internationale-de-lutte-contre-le-paludisme-celebree-en-guinee\/","url":"https:\/\/guineediversite.com\/index.php\/2018\/04\/26\/la-journee-internationale-de-lutte-contre-le-paludisme-celebree-en-guinee\/","name":"La journ\u00e9e internationale de lutte contre le paludisme c\u00e9l\u00e9br\u00e9e en Guin\u00e9e | Guin\u00e9e Diversit\u00e9","isPartOf":{"@id":"https:\/\/guineediversite.com\/#website"},"primaryImageOfPage":{"@id":"https:\/\/guineediversite.com\/index.php\/2018\/04\/26\/la-journee-internationale-de-lutte-contre-le-paludisme-celebree-en-guinee\/#primaryimage"},"image":{"@id":"https:\/\/guineediversite.com\/index.php\/2018\/04\/26\/la-journee-internationale-de-lutte-contre-le-paludisme-celebree-en-guinee\/#primaryimage"},"thumbnailUrl":"https:\/\/guineediversite.com\/wp-content\/uploads\/2018\/04\/Minist\u00e9re-de-la-sant\u00e9.jpg","datePublished":"2018-04-26T17:32:41+00:00","dateModified":"2018-04-26T17:32:41+00:00","breadcrumb":{"@id":"https:\/\/guineediversite.com\/index.php\/2018\/04\/26\/la-journee-internationale-de-lutte-contre-le-paludisme-celebree-en-guinee\/#breadcrumb"},"inLanguage":"fr-FR","potentialAction":[{"@type":"ReadAction","target":["https:\/\/guineediversite.com\/index.php\/2018\/04\/26\/la-journee-internationale-de-lutte-contre-le-paludisme-celebree-en-guinee\/"]}]},{"@type":"ImageObject","inLanguage":"fr-FR","@id":"https:\/\/guineediversite.com\/index.php\/2018\/04\/26\/la-journee-internationale-de-lutte-contre-le-paludisme-celebree-en-guinee\/#primaryimage","url":"https:\/\/guineediversite.com\/wp-content\/uploads\/2018\/04\/Minist\u00e9re-de-la-sant\u00e9.jpg","contentUrl":"https:\/\/guineediversite.com\/wp-content\/uploads\/2018\/04\/Minist\u00e9re-de-la-sant\u00e9.jpg","width":"1000","height":"647"},{"@type":"BreadcrumbList","@id":"https:\/\/guineediversite.com\/index.php\/2018\/04\/26\/la-journee-internationale-de-lutte-contre-le-paludisme-celebree-en-guinee\/#breadcrumb","itemListElement":[{"@type":"ListItem","position":1,"name":"Accueil","item":"https:\/\/guineediversite.com\/"},{"@type":"ListItem","position":2,"name":"La journ\u00e9e internationale de lutte contre le paludisme c\u00e9l\u00e9br\u00e9e en Guin\u00e9e"}]},{"@type":"WebSite","@id":"https:\/\/guineediversite.com\/#website","url":"https:\/\/guineediversite.com\/","name":"Guin\u00e9e Diversit\u00e9","description":"L&#039;Info dans toute sa diversit\u00e9","publisher":{"@id":"https:\/\/guineediversite.com\/#organization"},"potentialAction":[{"@type":"SearchAction","target":{"@type":"EntryPoint","urlTemplate":"https:\/\/guineediversite.com\/?s={search_term_string}"},"query-input":{"@type":"PropertyValueSpecification","valueRequired":true,"valueName":"search_term_string"}}],"inLanguage":"fr-FR"},{"@type":"Organization","@id":"https:\/\/guineediversite.com\/#organization","name":"Guin\u00e9e Diversit\u00e9","url":"https:\/\/guineediversite.com\/","logo":{"@type":"ImageObject","inLanguage":"fr-FR","@id":"https:\/\/guineediversite.com\/#\/schema\/logo\/image\/","url":"https:\/\/guineediversite.com\/wp-content\/uploads\/2017\/04\/cropped-1jojlxEOMkX9Wyqfhe43D6kjPOGqBBKmx3EwWJqZ0cMrFF54yM49.png","contentUrl":"https:\/\/guineediversite.com\/wp-content\/uploads\/2017\/04\/cropped-1jojlxEOMkX9Wyqfhe43D6kjPOGqBBKmx3EwWJqZ0cMrFF54yM49.png","width":186,"height":112,"caption":"Guin\u00e9e Diversit\u00e9"},"image":{"@id":"https:\/\/guineediversite.com\/#\/schema\/logo\/image\/"},"sameAs":["https:\/\/www.facebook.com\/guineediversite\/","https:\/\/x.com\/GuineeDiversite","https:\/\/www.youtube.com\/channel\/UC8sUY16qelG5ge6_D5SB83g"]},{"@type":"Person","@id":"https:\/\/guineediversite.com\/#\/schema\/person\/afa08fb34e7fc6e1feafc892612bc836","name":"Guin\u00e9e Diversit\u00e9","image":{"@type":"ImageObject","inLanguage":"fr-FR","@id":"https:\/\/guineediversite.com\/#\/schema\/person\/image\/","url":"https:\/\/secure.gravatar.com\/avatar\/50d5eb5b390f8b65ac30ac6f898eb83a?s=96&d=mm&r=g","contentUrl":"https:\/\/secure.gravatar.com\/avatar\/50d5eb5b390f8b65ac30ac6f898eb83a?s=96&d=mm&r=g","caption":"Guin\u00e9e Diversit\u00e9"},"url":"https:\/\/guineediversite.com\/index.php\/author\/guineediversite\/"}]}},"_links":{"self":[{"href":"https:\/\/guineediversite.com\/index.php\/wp-json\/wp\/v2\/posts\/24987"}],"collection":[{"href":"https:\/\/guineediversite.com\/index.php\/wp-json\/wp\/v2\/posts"}],"about":[{"href":"https:\/\/guineediversite.com\/index.php\/wp-json\/wp\/v2\/types\/post"}],"author":[{"embeddable":true,"href":"https:\/\/guineediversite.com\/index.php\/wp-json\/wp\/v2\/users\/12"}],"replies":[{"embeddable":true,"href":"https:\/\/guineediversite.com\/index.php\/wp-json\/wp\/v2\/comments?post=24987"}],"version-history":[{"count":0,"href":"https:\/\/guineediversite.com\/index.php\/wp-json\/wp\/v2\/posts\/24987\/revisions"}],"wp:featuredmedia":[{"embeddable":true,"href":"https:\/\/guineediversite.com\/index.php\/wp-json\/wp\/v2\/media\/24988"}],"wp:attachment":[{"href":"https:\/\/guineediversite.com\/index.php\/wp-json\/wp\/v2\/media?parent=24987"}],"wp:term":[{"taxonomy":"category","embeddable":true,"href":"https:\/\/guineediversite.com\/index.php\/wp-json\/wp\/v2\/categories?post=24987"},{"taxonomy":"post_tag","embeddable":true,"href":"https:\/\/guineediversite.com\/index.php\/wp-json\/wp\/v2\/tags?post=24987"}],"curies":[{"name":"wp","href":"https:\/\/api.w.org\/{rel}","templated":true}]}}