{"id":24979,"date":"2018-04-25T15:36:30","date_gmt":"2018-04-25T13:36:30","guid":{"rendered":"https:\/\/guineediversite.com\/?p=24979"},"modified":"2018-04-25T15:36:30","modified_gmt":"2018-04-25T13:36:30","slug":"medias-des-professionnels-ouest-africains-de-laudiovisuel-en-conclave-a-conakry","status":"publish","type":"post","link":"https:\/\/guineediversite.com\/index.php\/2018\/04\/25\/medias-des-professionnels-ouest-africains-de-laudiovisuel-en-conclave-a-conakry\/","title":{"rendered":"M\u00e9dias: Des professionnels ouest-africains de l\u2019audiovisuel en conclave \u00e0 Conakry."},"content":{"rendered":"<p><strong>La capitale guin\u00e9enne a abrit\u00e9 ce mardi, 24 avril 2018, l\u2019assembl\u00e9e g\u00e9n\u00e9rale annuelle de la plateforme des r\u00e9gulateurs de l\u2019audiovisuel des pays de l\u2019UEMOA et de la Guin\u00e9e. Six pays de la sous-notamment le Benin, le Mali, le S\u00e9n\u00e9gal,\u00a0 la Cote d\u2019Ivoire, le Niger et le Burkina Faso sont \u00e0 Conakry pour la mise en \u0153uvre des projets d\u2019activit\u00e9 allant dans le sens de la r\u00e9gulation des m\u00e9dias dans la zone. Durant trois jours, ces professionnels des m\u00e9dias vont \u0153uvrer au renforcement des capacit\u00e9s op\u00e9rationnelles de la plate forme. <\/strong><\/p>\n<p>Cr\u00e9\u00e9e en mars 2014, la plateforme des r\u00e9gulateurs de l&rsquo;audiovisuel de l&rsquo;UEOMOA et la Guin\u00e9e est un r\u00e9seau dont le but principal est de permettre aux membres d&rsquo;\u00e9changer sur les bonnes pratiques et de mutualiser leurs moyens pour une meilleure r\u00e9gulation des m\u00e9dias audiovisuels.<\/p>\n<p><em>\u00ab\u00a0La plateforme est un cadre de coop\u00e9ration et de partage d&rsquo;une\u00a0 importante capitale dans un monde o\u00f9 les d\u00e9fis nouveaux apparaissent chaque jour. Le d\u00e9veloppement des technologies num\u00e9riques a transform\u00e9 et continue de transformer\u00a0 profond\u00e9ment le secteur des m\u00e9dias et de la communication en g\u00e9n\u00e9ral, cr\u00e9ant des d\u00e9fis nombreux, notamment en mati\u00e8re de r\u00e9gulation. Pour y faire face, aucun pays\u00a0 ni aucune instance de r\u00e9gulation ne peut agir seul avec succ\u00e8s,\u00bb <\/em>soutien Martine Cond\u00e9, pr\u00e9sidente de la Haute Autorit\u00e9 de la Communication de la Guin\u00e9e.<\/p>\n<p><img loading=\"lazy\" decoding=\"async\" class=\"alignnone  wp-image-24981\" src=\"https:\/\/guineediversite.com.bwjx4292.odns.fr\/wp-content\/uploads\/2018\/04\/31306756_2020910778170697_277350064349773824_n-300x225.jpg\" alt=\"\" width=\"900\" height=\"675\" srcset=\"https:\/\/guineediversite.com\/wp-content\/uploads\/2018\/04\/31306756_2020910778170697_277350064349773824_n-300x225.jpg 300w, https:\/\/guineediversite.com\/wp-content\/uploads\/2018\/04\/31306756_2020910778170697_277350064349773824_n-768x576.jpg 768w, https:\/\/guineediversite.com\/wp-content\/uploads\/2018\/04\/31306756_2020910778170697_277350064349773824_n-1024x768.jpg 1024w, https:\/\/guineediversite.com\/wp-content\/uploads\/2018\/04\/31306756_2020910778170697_277350064349773824_n-600x450.jpg 600w, https:\/\/guineediversite.com\/wp-content\/uploads\/2018\/04\/31306756_2020910778170697_277350064349773824_n-678x509.jpg 678w, https:\/\/guineediversite.com\/wp-content\/uploads\/2018\/04\/31306756_2020910778170697_277350064349773824_n-326x245.jpg 326w, https:\/\/guineediversite.com\/wp-content\/uploads\/2018\/04\/31306756_2020910778170697_277350064349773824_n-80x60.jpg 80w\" sizes=\"(max-width: 900px) 100vw, 900px\" \/><\/p>\n<p>Cette rencontre de Conakry est la suite logique des activit\u00e9s de la plateforme depuis sa relance lors de la 5\u00e8me conf\u00e9rence en mars 2017 \u00e0 Ouagadougou. Pour Ibrahima Sy Savane, le pr\u00e9sident de la Haute Autorit\u00e9 Ivoirienne de la Communication, la rencontre de Conakry est d\u00e9j\u00e0 une victoire soutien.<\/p>\n<p><em>\u00ab\u00a0Tous ici r\u00e9unis, nous sommes un m\u00eame peuple, nous sommes tous de bonnes volont\u00e9 que rien finalement ne pourra nous s\u00e9parer,\u00bb <\/em>s&rsquo;est il r\u00e9jouit.<\/p>\n<p>Repr\u00e9sentant le pr\u00e9sident Alpha Cond\u00e9, le ministre conseiller \u00e0 la pr\u00e9sidence charg\u00e9 des relations avec les institutions, s&rsquo;est exprim\u00e9 en ces termes\u00a0:<\/p>\n<p><em>\u00ab\u00a0Au moment o\u00f9 les technologies num\u00e9riques continuent d&rsquo;apporter des changements majeurs dans le secteur des m\u00e9dias et des communications, le r\u00f4le des instances de r\u00e9gulation s&rsquo;av\u00e8rent plus que jamais indispensable.\u00a0 Dans la plupart de nos pays, la libert\u00e9 de la presse est consacr\u00e9e par la loi depuis le d\u00e9but du processus de d\u00e9mocratisation du continent il y&rsquo;a plus de deux d\u00e9cennies. Ce pendant, pour prot\u00e9ger les journalistes, d\u00e9fendre la libert\u00e9 de la presse et pr\u00e9server nos soci\u00e9t\u00e9s des d\u00e9riv\u00e9s des m\u00e9dias susceptibles de mettre en p\u00e9ril la paix et l&rsquo;unit\u00e9 nationale, l&rsquo;existence d&rsquo;une police des m\u00e9dias forte s&rsquo;impose. D&rsquo;o\u00f9 l&rsquo;utilit\u00e9 des organes de r\u00e9gulation que vous repr\u00e9sentez,\u00bb<\/em> affirme Mohamed Lamine Fofana.<\/p>\n<p>Cette assembl\u00e9e g\u00e9n\u00e9rale de Conakry prendra fin jeudi, 26 avril prochain.<\/p>\n","protected":false},"excerpt":{"rendered":"<p>La capitale guin\u00e9enne a abrit\u00e9 ce mardi, 24 avril 2018, l\u2019assembl\u00e9e g\u00e9n\u00e9rale annuelle de la plateforme des r\u00e9gulateurs de l\u2019audiovisuel des pays de l\u2019UEMOA et de la Guin\u00e9e. Six pays de la sous-notamment le Benin, le Mali, le S\u00e9n\u00e9gal,\u00a0 la Cote d\u2019Ivoire, le Niger et le Burkina Faso sont \u00e0 Conakry pour la mise en [&hellip;]<\/p>\n","protected":false},"author":16,"featured_media":24980,"comment_status":"closed","ping_status":"closed","sticky":false,"template":"","format":"standard","meta":{"_exactmetrics_skip_tracking":false,"_exactmetrics_sitenote_active":false,"_exactmetrics_sitenote_note":"","_exactmetrics_sitenote_category":0,"tdm_status":"","tdm_grid_status":"","footnotes":""},"categories":[16],"tags":[],"class_list":{"0":"post-24979","1":"post","2":"type-post","3":"status-publish","4":"format-standard","5":"has-post-thumbnail","7":"category-societe"},"yoast_head":"<!-- This site is optimized with the Yoast SEO plugin v24.2 - https:\/\/yoast.com\/wordpress\/plugins\/seo\/ -->\n<title>M\u00e9dias: Des professionnels ouest-africains de l\u2019audiovisuel en conclave \u00e0 Conakry. | Guin\u00e9e Diversit\u00e9<\/title>\n<meta name=\"robots\" content=\"index, follow, max-snippet:-1, max-image-preview:large, max-video-preview:-1\" \/>\n<link rel=\"canonical\" href=\"https:\/\/guineediversite.com\/index.php\/2018\/04\/25\/medias-des-professionnels-ouest-africains-de-laudiovisuel-en-conclave-a-conakry\/\" \/>\n<meta property=\"og:locale\" content=\"fr_FR\" \/>\n<meta property=\"og:type\" content=\"article\" \/>\n<meta property=\"og:title\" content=\"M\u00e9dias: Des professionnels ouest-africains de l\u2019audiovisuel en conclave \u00e0 Conakry. | Guin\u00e9e Diversit\u00e9\" \/>\n<meta property=\"og:description\" content=\"La capitale guin\u00e9enne a abrit\u00e9 ce mardi, 24 avril 2018, l\u2019assembl\u00e9e g\u00e9n\u00e9rale annuelle de la plateforme des r\u00e9gulateurs de l\u2019audiovisuel des pays de l\u2019UEMOA et de la Guin\u00e9e. Six pays de la sous-notamment le Benin, le Mali, le S\u00e9n\u00e9gal,\u00a0 la Cote d\u2019Ivoire, le Niger et le Burkina Faso sont \u00e0 Conakry pour la mise en [&hellip;]\" \/>\n<meta property=\"og:url\" content=\"https:\/\/guineediversite.com\/index.php\/2018\/04\/25\/medias-des-professionnels-ouest-africains-de-laudiovisuel-en-conclave-a-conakry\/\" \/>\n<meta property=\"og:site_name\" content=\"Guin\u00e9e Diversit\u00e9\" \/>\n<meta property=\"article:publisher\" content=\"https:\/\/www.facebook.com\/guineediversite\/\" \/>\n<meta property=\"article:published_time\" content=\"2018-04-25T13:36:30+00:00\" \/>\n<meta property=\"og:image\" content=\"https:\/\/guineediversite.com\/wp-content\/uploads\/2018\/04\/31265368_2020910601504048_8674448347110572032_n.jpg\" \/>\n\t<meta property=\"og:image:width\" content=\"7680\" \/>\n\t<meta property=\"og:image:height\" content=\"5760\" \/>\n\t<meta property=\"og:image:type\" content=\"image\/jpeg\" \/>\n<meta name=\"author\" content=\"Moussa Mo\u00efse K\u00e9ita\" \/>\n<meta name=\"twitter:card\" content=\"summary_large_image\" \/>\n<meta name=\"twitter:creator\" content=\"@GuineeDiversite\" \/>\n<meta name=\"twitter:site\" content=\"@GuineeDiversite\" \/>\n<meta name=\"twitter:label1\" content=\"\u00c9crit par\" \/>\n\t<meta name=\"twitter:data1\" content=\"Moussa Mo\u00efse K\u00e9ita\" \/>\n\t<meta name=\"twitter:label2\" content=\"Dur\u00e9e de lecture estim\u00e9e\" \/>\n\t<meta name=\"twitter:data2\" content=\"3 minutes\" \/>\n<script type=\"application\/ld+json\" class=\"yoast-schema-graph\">{\"@context\":\"https:\/\/schema.org\",\"@graph\":[{\"@type\":\"Article\",\"@id\":\"https:\/\/guineediversite.com\/index.php\/2018\/04\/25\/medias-des-professionnels-ouest-africains-de-laudiovisuel-en-conclave-a-conakry\/#article\",\"isPartOf\":{\"@id\":\"https:\/\/guineediversite.com\/index.php\/2018\/04\/25\/medias-des-professionnels-ouest-africains-de-laudiovisuel-en-conclave-a-conakry\/\"},\"author\":{\"name\":\"Moussa Mo\u00efse K\u00e9ita\",\"@id\":\"https:\/\/guineediversite.com\/#\/schema\/person\/079ec347f72d2acde4b56a50a4fd46dc\"},\"headline\":\"M\u00e9dias: Des professionnels ouest-africains de l\u2019audiovisuel en conclave \u00e0 Conakry.\",\"datePublished\":\"2018-04-25T13:36:30+00:00\",\"dateModified\":\"2018-04-25T13:36:30+00:00\",\"mainEntityOfPage\":{\"@id\":\"https:\/\/guineediversite.com\/index.php\/2018\/04\/25\/medias-des-professionnels-ouest-africains-de-laudiovisuel-en-conclave-a-conakry\/\"},\"wordCount\":528,\"publisher\":{\"@id\":\"https:\/\/guineediversite.com\/#organization\"},\"image\":{\"@id\":\"https:\/\/guineediversite.com\/index.php\/2018\/04\/25\/medias-des-professionnels-ouest-africains-de-laudiovisuel-en-conclave-a-conakry\/#primaryimage\"},\"thumbnailUrl\":\"https:\/\/guineediversite.com\/wp-content\/uploads\/2018\/04\/31265368_2020910601504048_8674448347110572032_n.jpg\",\"articleSection\":[\"Soci\u00e9t\u00e9\"],\"inLanguage\":\"fr-FR\"},{\"@type\":\"WebPage\",\"@id\":\"https:\/\/guineediversite.com\/index.php\/2018\/04\/25\/medias-des-professionnels-ouest-africains-de-laudiovisuel-en-conclave-a-conakry\/\",\"url\":\"https:\/\/guineediversite.com\/index.php\/2018\/04\/25\/medias-des-professionnels-ouest-africains-de-laudiovisuel-en-conclave-a-conakry\/\",\"name\":\"M\u00e9dias: Des professionnels ouest-africains de l\u2019audiovisuel en conclave \u00e0 Conakry. | Guin\u00e9e Diversit\u00e9\",\"isPartOf\":{\"@id\":\"https:\/\/guineediversite.com\/#website\"},\"primaryImageOfPage\":{\"@id\":\"https:\/\/guineediversite.com\/index.php\/2018\/04\/25\/medias-des-professionnels-ouest-africains-de-laudiovisuel-en-conclave-a-conakry\/#primaryimage\"},\"image\":{\"@id\":\"https:\/\/guineediversite.com\/index.php\/2018\/04\/25\/medias-des-professionnels-ouest-africains-de-laudiovisuel-en-conclave-a-conakry\/#primaryimage\"},\"thumbnailUrl\":\"https:\/\/guineediversite.com\/wp-content\/uploads\/2018\/04\/31265368_2020910601504048_8674448347110572032_n.jpg\",\"datePublished\":\"2018-04-25T13:36:30+00:00\",\"dateModified\":\"2018-04-25T13:36:30+00:00\",\"breadcrumb\":{\"@id\":\"https:\/\/guineediversite.com\/index.php\/2018\/04\/25\/medias-des-professionnels-ouest-africains-de-laudiovisuel-en-conclave-a-conakry\/#breadcrumb\"},\"inLanguage\":\"fr-FR\",\"potentialAction\":[{\"@type\":\"ReadAction\",\"target\":[\"https:\/\/guineediversite.com\/index.php\/2018\/04\/25\/medias-des-professionnels-ouest-africains-de-laudiovisuel-en-conclave-a-conakry\/\"]}]},{\"@type\":\"ImageObject\",\"inLanguage\":\"fr-FR\",\"@id\":\"https:\/\/guineediversite.com\/index.php\/2018\/04\/25\/medias-des-professionnels-ouest-africains-de-laudiovisuel-en-conclave-a-conakry\/#primaryimage\",\"url\":\"https:\/\/guineediversite.com\/wp-content\/uploads\/2018\/04\/31265368_2020910601504048_8674448347110572032_n.jpg\",\"contentUrl\":\"https:\/\/guineediversite.com\/wp-content\/uploads\/2018\/04\/31265368_2020910601504048_8674448347110572032_n.jpg\",\"width\":\"7680\",\"height\":\"5760\"},{\"@type\":\"BreadcrumbList\",\"@id\":\"https:\/\/guineediversite.com\/index.php\/2018\/04\/25\/medias-des-professionnels-ouest-africains-de-laudiovisuel-en-conclave-a-conakry\/#breadcrumb\",\"itemListElement\":[{\"@type\":\"ListItem\",\"position\":1,\"name\":\"Accueil\",\"item\":\"https:\/\/guineediversite.com\/\"},{\"@type\":\"ListItem\",\"position\":2,\"name\":\"M\u00e9dias: Des professionnels ouest-africains de l\u2019audiovisuel en conclave \u00e0 Conakry.\"}]},{\"@type\":\"WebSite\",\"@id\":\"https:\/\/guineediversite.com\/#website\",\"url\":\"https:\/\/guineediversite.com\/\",\"name\":\"Guin\u00e9e Diversit\u00e9\",\"description\":\"L&#039;Info dans toute sa diversit\u00e9\",\"publisher\":{\"@id\":\"https:\/\/guineediversite.com\/#organization\"},\"potentialAction\":[{\"@type\":\"SearchAction\",\"target\":{\"@type\":\"EntryPoint\",\"urlTemplate\":\"https:\/\/guineediversite.com\/?s={search_term_string}\"},\"query-input\":{\"@type\":\"PropertyValueSpecification\",\"valueRequired\":true,\"valueName\":\"search_term_string\"}}],\"inLanguage\":\"fr-FR\"},{\"@type\":\"Organization\",\"@id\":\"https:\/\/guineediversite.com\/#organization\",\"name\":\"Guin\u00e9e Diversit\u00e9\",\"url\":\"https:\/\/guineediversite.com\/\",\"logo\":{\"@type\":\"ImageObject\",\"inLanguage\":\"fr-FR\",\"@id\":\"https:\/\/guineediversite.com\/#\/schema\/logo\/image\/\",\"url\":\"https:\/\/guineediversite.com\/wp-content\/uploads\/2017\/04\/cropped-1jojlxEOMkX9Wyqfhe43D6kjPOGqBBKmx3EwWJqZ0cMrFF54yM49.png\",\"contentUrl\":\"https:\/\/guineediversite.com\/wp-content\/uploads\/2017\/04\/cropped-1jojlxEOMkX9Wyqfhe43D6kjPOGqBBKmx3EwWJqZ0cMrFF54yM49.png\",\"width\":186,\"height\":112,\"caption\":\"Guin\u00e9e Diversit\u00e9\"},\"image\":{\"@id\":\"https:\/\/guineediversite.com\/#\/schema\/logo\/image\/\"},\"sameAs\":[\"https:\/\/www.facebook.com\/guineediversite\/\",\"https:\/\/x.com\/GuineeDiversite\",\"https:\/\/www.youtube.com\/channel\/UC8sUY16qelG5ge6_D5SB83g\"]},{\"@type\":\"Person\",\"@id\":\"https:\/\/guineediversite.com\/#\/schema\/person\/079ec347f72d2acde4b56a50a4fd46dc\",\"name\":\"Moussa Mo\u00efse K\u00e9ita\",\"image\":{\"@type\":\"ImageObject\",\"inLanguage\":\"fr-FR\",\"@id\":\"https:\/\/guineediversite.com\/#\/schema\/person\/image\/\",\"url\":\"https:\/\/secure.gravatar.com\/avatar\/edf1ea2cc01841e6c0b49384bcb1385b?s=96&d=mm&r=g\",\"contentUrl\":\"https:\/\/secure.gravatar.com\/avatar\/edf1ea2cc01841e6c0b49384bcb1385b?s=96&d=mm&r=g\",\"caption\":\"Moussa Mo\u00efse K\u00e9ita\"},\"url\":\"https:\/\/guineediversite.com\/index.php\/author\/moussa-moise\/\"}]}<\/script>\n<!-- \/ Yoast SEO plugin. -->","yoast_head_json":{"title":"M\u00e9dias: Des professionnels ouest-africains de l\u2019audiovisuel en conclave \u00e0 Conakry. | Guin\u00e9e Diversit\u00e9","robots":{"index":"index","follow":"follow","max-snippet":"max-snippet:-1","max-image-preview":"max-image-preview:large","max-video-preview":"max-video-preview:-1"},"canonical":"https:\/\/guineediversite.com\/index.php\/2018\/04\/25\/medias-des-professionnels-ouest-africains-de-laudiovisuel-en-conclave-a-conakry\/","og_locale":"fr_FR","og_type":"article","og_title":"M\u00e9dias: Des professionnels ouest-africains de l\u2019audiovisuel en conclave \u00e0 Conakry. | Guin\u00e9e Diversit\u00e9","og_description":"La capitale guin\u00e9enne a abrit\u00e9 ce mardi, 24 avril 2018, l\u2019assembl\u00e9e g\u00e9n\u00e9rale annuelle de la plateforme des r\u00e9gulateurs de l\u2019audiovisuel des pays de l\u2019UEMOA et de la Guin\u00e9e. Six pays de la sous-notamment le Benin, le Mali, le S\u00e9n\u00e9gal,\u00a0 la Cote d\u2019Ivoire, le Niger et le Burkina Faso sont \u00e0 Conakry pour la mise en [&hellip;]","og_url":"https:\/\/guineediversite.com\/index.php\/2018\/04\/25\/medias-des-professionnels-ouest-africains-de-laudiovisuel-en-conclave-a-conakry\/","og_site_name":"Guin\u00e9e Diversit\u00e9","article_publisher":"https:\/\/www.facebook.com\/guineediversite\/","article_published_time":"2018-04-25T13:36:30+00:00","og_image":[{"width":7680,"height":5760,"url":"https:\/\/guineediversite.com\/wp-content\/uploads\/2018\/04\/31265368_2020910601504048_8674448347110572032_n.jpg","type":"image\/jpeg"}],"author":"Moussa Mo\u00efse K\u00e9ita","twitter_card":"summary_large_image","twitter_creator":"@GuineeDiversite","twitter_site":"@GuineeDiversite","twitter_misc":{"\u00c9crit par":"Moussa Mo\u00efse K\u00e9ita","Dur\u00e9e de lecture estim\u00e9e":"3 minutes"},"schema":{"@context":"https:\/\/schema.org","@graph":[{"@type":"Article","@id":"https:\/\/guineediversite.com\/index.php\/2018\/04\/25\/medias-des-professionnels-ouest-africains-de-laudiovisuel-en-conclave-a-conakry\/#article","isPartOf":{"@id":"https:\/\/guineediversite.com\/index.php\/2018\/04\/25\/medias-des-professionnels-ouest-africains-de-laudiovisuel-en-conclave-a-conakry\/"},"author":{"name":"Moussa Mo\u00efse K\u00e9ita","@id":"https:\/\/guineediversite.com\/#\/schema\/person\/079ec347f72d2acde4b56a50a4fd46dc"},"headline":"M\u00e9dias: Des professionnels ouest-africains de l\u2019audiovisuel en conclave \u00e0 Conakry.","datePublished":"2018-04-25T13:36:30+00:00","dateModified":"2018-04-25T13:36:30+00:00","mainEntityOfPage":{"@id":"https:\/\/guineediversite.com\/index.php\/2018\/04\/25\/medias-des-professionnels-ouest-africains-de-laudiovisuel-en-conclave-a-conakry\/"},"wordCount":528,"publisher":{"@id":"https:\/\/guineediversite.com\/#organization"},"image":{"@id":"https:\/\/guineediversite.com\/index.php\/2018\/04\/25\/medias-des-professionnels-ouest-africains-de-laudiovisuel-en-conclave-a-conakry\/#primaryimage"},"thumbnailUrl":"https:\/\/guineediversite.com\/wp-content\/uploads\/2018\/04\/31265368_2020910601504048_8674448347110572032_n.jpg","articleSection":["Soci\u00e9t\u00e9"],"inLanguage":"fr-FR"},{"@type":"WebPage","@id":"https:\/\/guineediversite.com\/index.php\/2018\/04\/25\/medias-des-professionnels-ouest-africains-de-laudiovisuel-en-conclave-a-conakry\/","url":"https:\/\/guineediversite.com\/index.php\/2018\/04\/25\/medias-des-professionnels-ouest-africains-de-laudiovisuel-en-conclave-a-conakry\/","name":"M\u00e9dias: Des professionnels ouest-africains de l\u2019audiovisuel en conclave \u00e0 Conakry. | Guin\u00e9e Diversit\u00e9","isPartOf":{"@id":"https:\/\/guineediversite.com\/#website"},"primaryImageOfPage":{"@id":"https:\/\/guineediversite.com\/index.php\/2018\/04\/25\/medias-des-professionnels-ouest-africains-de-laudiovisuel-en-conclave-a-conakry\/#primaryimage"},"image":{"@id":"https:\/\/guineediversite.com\/index.php\/2018\/04\/25\/medias-des-professionnels-ouest-africains-de-laudiovisuel-en-conclave-a-conakry\/#primaryimage"},"thumbnailUrl":"https:\/\/guineediversite.com\/wp-content\/uploads\/2018\/04\/31265368_2020910601504048_8674448347110572032_n.jpg","datePublished":"2018-04-25T13:36:30+00:00","dateModified":"2018-04-25T13:36:30+00:00","breadcrumb":{"@id":"https:\/\/guineediversite.com\/index.php\/2018\/04\/25\/medias-des-professionnels-ouest-africains-de-laudiovisuel-en-conclave-a-conakry\/#breadcrumb"},"inLanguage":"fr-FR","potentialAction":[{"@type":"ReadAction","target":["https:\/\/guineediversite.com\/index.php\/2018\/04\/25\/medias-des-professionnels-ouest-africains-de-laudiovisuel-en-conclave-a-conakry\/"]}]},{"@type":"ImageObject","inLanguage":"fr-FR","@id":"https:\/\/guineediversite.com\/index.php\/2018\/04\/25\/medias-des-professionnels-ouest-africains-de-laudiovisuel-en-conclave-a-conakry\/#primaryimage","url":"https:\/\/guineediversite.com\/wp-content\/uploads\/2018\/04\/31265368_2020910601504048_8674448347110572032_n.jpg","contentUrl":"https:\/\/guineediversite.com\/wp-content\/uploads\/2018\/04\/31265368_2020910601504048_8674448347110572032_n.jpg","width":"7680","height":"5760"},{"@type":"BreadcrumbList","@id":"https:\/\/guineediversite.com\/index.php\/2018\/04\/25\/medias-des-professionnels-ouest-africains-de-laudiovisuel-en-conclave-a-conakry\/#breadcrumb","itemListElement":[{"@type":"ListItem","position":1,"name":"Accueil","item":"https:\/\/guineediversite.com\/"},{"@type":"ListItem","position":2,"name":"M\u00e9dias: Des professionnels ouest-africains de l\u2019audiovisuel en conclave \u00e0 Conakry."}]},{"@type":"WebSite","@id":"https:\/\/guineediversite.com\/#website","url":"https:\/\/guineediversite.com\/","name":"Guin\u00e9e Diversit\u00e9","description":"L&#039;Info dans toute sa diversit\u00e9","publisher":{"@id":"https:\/\/guineediversite.com\/#organization"},"potentialAction":[{"@type":"SearchAction","target":{"@type":"EntryPoint","urlTemplate":"https:\/\/guineediversite.com\/?s={search_term_string}"},"query-input":{"@type":"PropertyValueSpecification","valueRequired":true,"valueName":"search_term_string"}}],"inLanguage":"fr-FR"},{"@type":"Organization","@id":"https:\/\/guineediversite.com\/#organization","name":"Guin\u00e9e Diversit\u00e9","url":"https:\/\/guineediversite.com\/","logo":{"@type":"ImageObject","inLanguage":"fr-FR","@id":"https:\/\/guineediversite.com\/#\/schema\/logo\/image\/","url":"https:\/\/guineediversite.com\/wp-content\/uploads\/2017\/04\/cropped-1jojlxEOMkX9Wyqfhe43D6kjPOGqBBKmx3EwWJqZ0cMrFF54yM49.png","contentUrl":"https:\/\/guineediversite.com\/wp-content\/uploads\/2017\/04\/cropped-1jojlxEOMkX9Wyqfhe43D6kjPOGqBBKmx3EwWJqZ0cMrFF54yM49.png","width":186,"height":112,"caption":"Guin\u00e9e Diversit\u00e9"},"image":{"@id":"https:\/\/guineediversite.com\/#\/schema\/logo\/image\/"},"sameAs":["https:\/\/www.facebook.com\/guineediversite\/","https:\/\/x.com\/GuineeDiversite","https:\/\/www.youtube.com\/channel\/UC8sUY16qelG5ge6_D5SB83g"]},{"@type":"Person","@id":"https:\/\/guineediversite.com\/#\/schema\/person\/079ec347f72d2acde4b56a50a4fd46dc","name":"Moussa Mo\u00efse K\u00e9ita","image":{"@type":"ImageObject","inLanguage":"fr-FR","@id":"https:\/\/guineediversite.com\/#\/schema\/person\/image\/","url":"https:\/\/secure.gravatar.com\/avatar\/edf1ea2cc01841e6c0b49384bcb1385b?s=96&d=mm&r=g","contentUrl":"https:\/\/secure.gravatar.com\/avatar\/edf1ea2cc01841e6c0b49384bcb1385b?s=96&d=mm&r=g","caption":"Moussa Mo\u00efse K\u00e9ita"},"url":"https:\/\/guineediversite.com\/index.php\/author\/moussa-moise\/"}]}},"_links":{"self":[{"href":"https:\/\/guineediversite.com\/index.php\/wp-json\/wp\/v2\/posts\/24979"}],"collection":[{"href":"https:\/\/guineediversite.com\/index.php\/wp-json\/wp\/v2\/posts"}],"about":[{"href":"https:\/\/guineediversite.com\/index.php\/wp-json\/wp\/v2\/types\/post"}],"author":[{"embeddable":true,"href":"https:\/\/guineediversite.com\/index.php\/wp-json\/wp\/v2\/users\/16"}],"replies":[{"embeddable":true,"href":"https:\/\/guineediversite.com\/index.php\/wp-json\/wp\/v2\/comments?post=24979"}],"version-history":[{"count":0,"href":"https:\/\/guineediversite.com\/index.php\/wp-json\/wp\/v2\/posts\/24979\/revisions"}],"wp:featuredmedia":[{"embeddable":true,"href":"https:\/\/guineediversite.com\/index.php\/wp-json\/wp\/v2\/media\/24980"}],"wp:attachment":[{"href":"https:\/\/guineediversite.com\/index.php\/wp-json\/wp\/v2\/media?parent=24979"}],"wp:term":[{"taxonomy":"category","embeddable":true,"href":"https:\/\/guineediversite.com\/index.php\/wp-json\/wp\/v2\/categories?post=24979"},{"taxonomy":"post_tag","embeddable":true,"href":"https:\/\/guineediversite.com\/index.php\/wp-json\/wp\/v2\/tags?post=24979"}],"curies":[{"name":"wp","href":"https:\/\/api.w.org\/{rel}","templated":true}]}}