{"id":24976,"date":"2018-04-25T14:16:50","date_gmt":"2018-04-25T12:16:50","guid":{"rendered":"https:\/\/guineediversite.com\/?p=24976"},"modified":"2018-04-25T14:16:50","modified_gmt":"2018-04-25T12:16:50","slug":"les-72-h-du-livre-un-tiers-de-la-population-guineenne-est-sous-alimente-selon-un-rapport-de-la-fao","status":"publish","type":"post","link":"https:\/\/guineediversite.com\/index.php\/2018\/04\/25\/les-72-h-du-livre-un-tiers-de-la-population-guineenne-est-sous-alimente-selon-un-rapport-de-la-fao\/","title":{"rendered":"Les 72 H du livre\/ un tiers de la population guin\u00e9enne est sous aliment\u00e9 selon un rapport de la FAO."},"content":{"rendered":"<p><strong>Edifier les enjeux et les d\u00e9fis de l\u2019agriculture en Guin\u00e9e a \u00e9t\u00e9 le th\u00e8me d\u2019un panel tenu ce mardi lors de la dixi\u00e8me journ\u00e9e des 72 h du livre qui se poursuit \u00a0\u00e0 Conakry. Une rencontre qui \u00e0 regroup\u00e9 des \u00e9tudiants, des entrepreneurs et des anciens cadres du pays.<\/strong><\/p>\n<p>La Guin\u00e9e \u00e0 un potentiel de terre arable qui s\u2019\u00e9value \u00e0 6,2 millions d\u2019hectares. A ce rendez- vous du livre, l\u2019agriculture est au centre des grands d\u00e9bats. Pour des acteurs de ce secteur agricole la Guin\u00e9e dispose de nombreux atouts pour l\u2019acc\u00e9l\u00e9ration\u00a0 de la croissance et de la cr\u00e9ation de l\u2019emploi durable. Dr Momo Soumah assistant au programme de FAO explique\u00a0:<\/p>\n<p>\u00ab\u00a0La Guin\u00e9e est compos\u00e9 de quatre agro \u00e9cologique contrast\u00e9, ce qui am\u00e8ne certains \u00e0 dire que c\u2019est quatre pays en un. Les pr\u00e9cipitations sont abondantes, la dur\u00e9e de la saison des pluies est de cinq \u00e0 neuf mois, le potentiel de terre arable est estim\u00e9 a 6,2 millions d\u2019hectares. Les domaines irrigables sont \u00e9valu\u00e9s \u00e0 364 milles hectares et nous avons un potentiel de production des cultures de contre saison \u00e9norme.\u00a0\u00bb<\/p>\n<p>Malgr\u00e9 la potentialit\u00e9 que dispose le pays, il peine \u00e0 sortir de l\u2019orni\u00e8re. Pour cela plusieurs d\u00e9fis restent encore \u00e0 relev\u00e9. Malgr\u00e9 son r\u00eave d\u2019\u00eatre le grenier de l\u2019Afrique. Dr Momo Soumah<\/p>\n<p>\u00ab\u00a0Quand \u00e0 une croissance durable , nous avons aussi des d\u00e9fis a relever \u00e0 savoir , les al\u00e9as climatiques et la d\u00e9gradation des \u00e9chos syst\u00e8mes, le faible niveau des am\u00e9nagements des espaces agro pastoraux et aul\u00e9tiques, la faible conductivit\u00e9 agricole, faible acc\u00e8s des producteurs\u00a0 au service de conseil et de recherche agricole. L\u2019acc\u00e8s difficile des jeunes et des femmes \u00e0 la terre, aux technologies et au financement.\u00a0\u00bb<\/p>\n<p>Si l\u2019agriculture est un secteur pouvant assurer l\u2019autosuffisance alimentaire, en 2016 plus de 815 millions de personnes affam\u00e9 existe dans le monde. Selon les statistiques la Guin\u00e9e compte un tiers de sa population sous\u00a0 aliment\u00e9 comme le confirme Dr Bano Keita est assistant du repr\u00e9sentant de la FAO en Guin\u00e9e.<\/p>\n<p>\u00ab\u00a0Selon une r\u00e9cente enqu\u00eate de la FAO de 2017 un tiers des guin\u00e9ens est sous aliment\u00e9, pr\u00e8s de 7% des m\u00e9nages ont un acc\u00e8s limit\u00e9s \u00e0 l\u2019alimentation\u00a0\u00bb<\/p>\n<p>Pour y parvenir les acteurs du domaine agricole proposent\u00a0 multiples solutions.<\/p>\n<p>\u00ab\u00a0D\u2019abord il faut contribuer \u00e0 \u00e9liminer la faim, l\u2019ins\u00e9curit\u00e9 alimentaire \u00a0et la mal nutrition, rendre l\u2019agriculture, la foresterie et la p\u00eache plus productive et plus durable,\u00bb a martel\u00e9 Bano Keita.<\/p>\n<p>La solution de la famine sera-t-elle l\u2019agriculture dans un pays o\u00f9 les moyens sont limit\u00e9s\u00a0? Une question que bon nombre d\u2019observateur se pose.<\/p>\n","protected":false},"excerpt":{"rendered":"<p>Edifier les enjeux et les d\u00e9fis de l\u2019agriculture en Guin\u00e9e a \u00e9t\u00e9 le th\u00e8me d\u2019un panel tenu ce mardi lors de la dixi\u00e8me journ\u00e9e des 72 h du livre qui se poursuit \u00a0\u00e0 Conakry. Une rencontre qui \u00e0 regroup\u00e9 des \u00e9tudiants, des entrepreneurs et des anciens cadres du pays. La Guin\u00e9e \u00e0 un potentiel de [&hellip;]<\/p>\n","protected":false},"author":12,"featured_media":24977,"comment_status":"closed","ping_status":"closed","sticky":false,"template":"","format":"standard","meta":{"_exactmetrics_skip_tracking":false,"_exactmetrics_sitenote_active":false,"_exactmetrics_sitenote_note":"","_exactmetrics_sitenote_category":0,"tdm_status":"","tdm_grid_status":"","footnotes":""},"categories":[24],"tags":[],"class_list":{"0":"post-24976","1":"post","2":"type-post","3":"status-publish","4":"format-standard","5":"has-post-thumbnail","7":"category-art-et-culture"},"yoast_head":"<!-- This site is optimized with the Yoast SEO plugin v24.2 - https:\/\/yoast.com\/wordpress\/plugins\/seo\/ -->\n<title>Les 72 H du livre\/ un tiers de la population guin\u00e9enne est sous aliment\u00e9 selon un rapport de la FAO. | Guin\u00e9e Diversit\u00e9<\/title>\n<meta name=\"robots\" content=\"index, follow, max-snippet:-1, max-image-preview:large, max-video-preview:-1\" \/>\n<link rel=\"canonical\" href=\"https:\/\/guineediversite.com\/index.php\/2018\/04\/25\/les-72-h-du-livre-un-tiers-de-la-population-guineenne-est-sous-alimente-selon-un-rapport-de-la-fao\/\" \/>\n<meta property=\"og:locale\" content=\"fr_FR\" \/>\n<meta property=\"og:type\" content=\"article\" \/>\n<meta property=\"og:title\" content=\"Les 72 H du livre\/ un tiers de la population guin\u00e9enne est sous aliment\u00e9 selon un rapport de la FAO. | Guin\u00e9e Diversit\u00e9\" \/>\n<meta property=\"og:description\" content=\"Edifier les enjeux et les d\u00e9fis de l\u2019agriculture en Guin\u00e9e a \u00e9t\u00e9 le th\u00e8me d\u2019un panel tenu ce mardi lors de la dixi\u00e8me journ\u00e9e des 72 h du livre qui se poursuit \u00a0\u00e0 Conakry. Une rencontre qui \u00e0 regroup\u00e9 des \u00e9tudiants, des entrepreneurs et des anciens cadres du pays. La Guin\u00e9e \u00e0 un potentiel de [&hellip;]\" \/>\n<meta property=\"og:url\" content=\"https:\/\/guineediversite.com\/index.php\/2018\/04\/25\/les-72-h-du-livre-un-tiers-de-la-population-guineenne-est-sous-alimente-selon-un-rapport-de-la-fao\/\" \/>\n<meta property=\"og:site_name\" content=\"Guin\u00e9e Diversit\u00e9\" \/>\n<meta property=\"article:publisher\" content=\"https:\/\/www.facebook.com\/guineediversite\/\" \/>\n<meta property=\"article:published_time\" content=\"2018-04-25T12:16:50+00:00\" \/>\n<meta property=\"og:image\" content=\"https:\/\/guineediversite.com\/wp-content\/uploads\/2018\/04\/30944366_2582334721992119_440435921_n.jpg\" \/>\n\t<meta property=\"og:image:width\" content=\"5760\" \/>\n\t<meta property=\"og:image:height\" content=\"4320\" \/>\n\t<meta property=\"og:image:type\" content=\"image\/jpeg\" \/>\n<meta name=\"author\" content=\"Guin\u00e9e Diversit\u00e9\" \/>\n<meta name=\"twitter:card\" content=\"summary_large_image\" \/>\n<meta name=\"twitter:creator\" content=\"@GuineeDiversite\" \/>\n<meta name=\"twitter:site\" content=\"@GuineeDiversite\" \/>\n<meta name=\"twitter:label1\" content=\"\u00c9crit par\" \/>\n\t<meta name=\"twitter:data1\" content=\"Guin\u00e9e Diversit\u00e9\" \/>\n\t<meta name=\"twitter:label2\" content=\"Dur\u00e9e de lecture estim\u00e9e\" \/>\n\t<meta name=\"twitter:data2\" content=\"2 minutes\" \/>\n<script type=\"application\/ld+json\" class=\"yoast-schema-graph\">{\"@context\":\"https:\/\/schema.org\",\"@graph\":[{\"@type\":\"Article\",\"@id\":\"https:\/\/guineediversite.com\/index.php\/2018\/04\/25\/les-72-h-du-livre-un-tiers-de-la-population-guineenne-est-sous-alimente-selon-un-rapport-de-la-fao\/#article\",\"isPartOf\":{\"@id\":\"https:\/\/guineediversite.com\/index.php\/2018\/04\/25\/les-72-h-du-livre-un-tiers-de-la-population-guineenne-est-sous-alimente-selon-un-rapport-de-la-fao\/\"},\"author\":{\"name\":\"Guin\u00e9e Diversit\u00e9\",\"@id\":\"https:\/\/guineediversite.com\/#\/schema\/person\/afa08fb34e7fc6e1feafc892612bc836\"},\"headline\":\"Les 72 H du livre\/ un tiers de la population guin\u00e9enne est sous aliment\u00e9 selon un rapport de la FAO.\",\"datePublished\":\"2018-04-25T12:16:50+00:00\",\"dateModified\":\"2018-04-25T12:16:50+00:00\",\"mainEntityOfPage\":{\"@id\":\"https:\/\/guineediversite.com\/index.php\/2018\/04\/25\/les-72-h-du-livre-un-tiers-de-la-population-guineenne-est-sous-alimente-selon-un-rapport-de-la-fao\/\"},\"wordCount\":478,\"publisher\":{\"@id\":\"https:\/\/guineediversite.com\/#organization\"},\"image\":{\"@id\":\"https:\/\/guineediversite.com\/index.php\/2018\/04\/25\/les-72-h-du-livre-un-tiers-de-la-population-guineenne-est-sous-alimente-selon-un-rapport-de-la-fao\/#primaryimage\"},\"thumbnailUrl\":\"https:\/\/guineediversite.com\/wp-content\/uploads\/2018\/04\/30944366_2582334721992119_440435921_n.jpg\",\"articleSection\":[\"Culture\"],\"inLanguage\":\"fr-FR\"},{\"@type\":\"WebPage\",\"@id\":\"https:\/\/guineediversite.com\/index.php\/2018\/04\/25\/les-72-h-du-livre-un-tiers-de-la-population-guineenne-est-sous-alimente-selon-un-rapport-de-la-fao\/\",\"url\":\"https:\/\/guineediversite.com\/index.php\/2018\/04\/25\/les-72-h-du-livre-un-tiers-de-la-population-guineenne-est-sous-alimente-selon-un-rapport-de-la-fao\/\",\"name\":\"Les 72 H du livre\/ un tiers de la population guin\u00e9enne est sous aliment\u00e9 selon un rapport de la FAO. | Guin\u00e9e Diversit\u00e9\",\"isPartOf\":{\"@id\":\"https:\/\/guineediversite.com\/#website\"},\"primaryImageOfPage\":{\"@id\":\"https:\/\/guineediversite.com\/index.php\/2018\/04\/25\/les-72-h-du-livre-un-tiers-de-la-population-guineenne-est-sous-alimente-selon-un-rapport-de-la-fao\/#primaryimage\"},\"image\":{\"@id\":\"https:\/\/guineediversite.com\/index.php\/2018\/04\/25\/les-72-h-du-livre-un-tiers-de-la-population-guineenne-est-sous-alimente-selon-un-rapport-de-la-fao\/#primaryimage\"},\"thumbnailUrl\":\"https:\/\/guineediversite.com\/wp-content\/uploads\/2018\/04\/30944366_2582334721992119_440435921_n.jpg\",\"datePublished\":\"2018-04-25T12:16:50+00:00\",\"dateModified\":\"2018-04-25T12:16:50+00:00\",\"breadcrumb\":{\"@id\":\"https:\/\/guineediversite.com\/index.php\/2018\/04\/25\/les-72-h-du-livre-un-tiers-de-la-population-guineenne-est-sous-alimente-selon-un-rapport-de-la-fao\/#breadcrumb\"},\"inLanguage\":\"fr-FR\",\"potentialAction\":[{\"@type\":\"ReadAction\",\"target\":[\"https:\/\/guineediversite.com\/index.php\/2018\/04\/25\/les-72-h-du-livre-un-tiers-de-la-population-guineenne-est-sous-alimente-selon-un-rapport-de-la-fao\/\"]}]},{\"@type\":\"ImageObject\",\"inLanguage\":\"fr-FR\",\"@id\":\"https:\/\/guineediversite.com\/index.php\/2018\/04\/25\/les-72-h-du-livre-un-tiers-de-la-population-guineenne-est-sous-alimente-selon-un-rapport-de-la-fao\/#primaryimage\",\"url\":\"https:\/\/guineediversite.com\/wp-content\/uploads\/2018\/04\/30944366_2582334721992119_440435921_n.jpg\",\"contentUrl\":\"https:\/\/guineediversite.com\/wp-content\/uploads\/2018\/04\/30944366_2582334721992119_440435921_n.jpg\",\"width\":\"5760\",\"height\":\"4320\"},{\"@type\":\"BreadcrumbList\",\"@id\":\"https:\/\/guineediversite.com\/index.php\/2018\/04\/25\/les-72-h-du-livre-un-tiers-de-la-population-guineenne-est-sous-alimente-selon-un-rapport-de-la-fao\/#breadcrumb\",\"itemListElement\":[{\"@type\":\"ListItem\",\"position\":1,\"name\":\"Accueil\",\"item\":\"https:\/\/guineediversite.com\/\"},{\"@type\":\"ListItem\",\"position\":2,\"name\":\"Les 72 H du livre\/ un tiers de la population guin\u00e9enne est sous aliment\u00e9 selon un rapport de la FAO.\"}]},{\"@type\":\"WebSite\",\"@id\":\"https:\/\/guineediversite.com\/#website\",\"url\":\"https:\/\/guineediversite.com\/\",\"name\":\"Guin\u00e9e Diversit\u00e9\",\"description\":\"L&#039;Info dans toute sa diversit\u00e9\",\"publisher\":{\"@id\":\"https:\/\/guineediversite.com\/#organization\"},\"potentialAction\":[{\"@type\":\"SearchAction\",\"target\":{\"@type\":\"EntryPoint\",\"urlTemplate\":\"https:\/\/guineediversite.com\/?s={search_term_string}\"},\"query-input\":{\"@type\":\"PropertyValueSpecification\",\"valueRequired\":true,\"valueName\":\"search_term_string\"}}],\"inLanguage\":\"fr-FR\"},{\"@type\":\"Organization\",\"@id\":\"https:\/\/guineediversite.com\/#organization\",\"name\":\"Guin\u00e9e Diversit\u00e9\",\"url\":\"https:\/\/guineediversite.com\/\",\"logo\":{\"@type\":\"ImageObject\",\"inLanguage\":\"fr-FR\",\"@id\":\"https:\/\/guineediversite.com\/#\/schema\/logo\/image\/\",\"url\":\"https:\/\/guineediversite.com\/wp-content\/uploads\/2017\/04\/cropped-1jojlxEOMkX9Wyqfhe43D6kjPOGqBBKmx3EwWJqZ0cMrFF54yM49.png\",\"contentUrl\":\"https:\/\/guineediversite.com\/wp-content\/uploads\/2017\/04\/cropped-1jojlxEOMkX9Wyqfhe43D6kjPOGqBBKmx3EwWJqZ0cMrFF54yM49.png\",\"width\":186,\"height\":112,\"caption\":\"Guin\u00e9e Diversit\u00e9\"},\"image\":{\"@id\":\"https:\/\/guineediversite.com\/#\/schema\/logo\/image\/\"},\"sameAs\":[\"https:\/\/www.facebook.com\/guineediversite\/\",\"https:\/\/x.com\/GuineeDiversite\",\"https:\/\/www.youtube.com\/channel\/UC8sUY16qelG5ge6_D5SB83g\"]},{\"@type\":\"Person\",\"@id\":\"https:\/\/guineediversite.com\/#\/schema\/person\/afa08fb34e7fc6e1feafc892612bc836\",\"name\":\"Guin\u00e9e Diversit\u00e9\",\"image\":{\"@type\":\"ImageObject\",\"inLanguage\":\"fr-FR\",\"@id\":\"https:\/\/guineediversite.com\/#\/schema\/person\/image\/\",\"url\":\"https:\/\/secure.gravatar.com\/avatar\/50d5eb5b390f8b65ac30ac6f898eb83a?s=96&d=mm&r=g\",\"contentUrl\":\"https:\/\/secure.gravatar.com\/avatar\/50d5eb5b390f8b65ac30ac6f898eb83a?s=96&d=mm&r=g\",\"caption\":\"Guin\u00e9e Diversit\u00e9\"},\"url\":\"https:\/\/guineediversite.com\/index.php\/author\/guineediversite\/\"}]}<\/script>\n<!-- \/ Yoast SEO plugin. -->","yoast_head_json":{"title":"Les 72 H du livre\/ un tiers de la population guin\u00e9enne est sous aliment\u00e9 selon un rapport de la FAO. | Guin\u00e9e Diversit\u00e9","robots":{"index":"index","follow":"follow","max-snippet":"max-snippet:-1","max-image-preview":"max-image-preview:large","max-video-preview":"max-video-preview:-1"},"canonical":"https:\/\/guineediversite.com\/index.php\/2018\/04\/25\/les-72-h-du-livre-un-tiers-de-la-population-guineenne-est-sous-alimente-selon-un-rapport-de-la-fao\/","og_locale":"fr_FR","og_type":"article","og_title":"Les 72 H du livre\/ un tiers de la population guin\u00e9enne est sous aliment\u00e9 selon un rapport de la FAO. | Guin\u00e9e Diversit\u00e9","og_description":"Edifier les enjeux et les d\u00e9fis de l\u2019agriculture en Guin\u00e9e a \u00e9t\u00e9 le th\u00e8me d\u2019un panel tenu ce mardi lors de la dixi\u00e8me journ\u00e9e des 72 h du livre qui se poursuit \u00a0\u00e0 Conakry. Une rencontre qui \u00e0 regroup\u00e9 des \u00e9tudiants, des entrepreneurs et des anciens cadres du pays. La Guin\u00e9e \u00e0 un potentiel de [&hellip;]","og_url":"https:\/\/guineediversite.com\/index.php\/2018\/04\/25\/les-72-h-du-livre-un-tiers-de-la-population-guineenne-est-sous-alimente-selon-un-rapport-de-la-fao\/","og_site_name":"Guin\u00e9e Diversit\u00e9","article_publisher":"https:\/\/www.facebook.com\/guineediversite\/","article_published_time":"2018-04-25T12:16:50+00:00","og_image":[{"width":5760,"height":4320,"url":"https:\/\/guineediversite.com\/wp-content\/uploads\/2018\/04\/30944366_2582334721992119_440435921_n.jpg","type":"image\/jpeg"}],"author":"Guin\u00e9e Diversit\u00e9","twitter_card":"summary_large_image","twitter_creator":"@GuineeDiversite","twitter_site":"@GuineeDiversite","twitter_misc":{"\u00c9crit par":"Guin\u00e9e Diversit\u00e9","Dur\u00e9e de lecture estim\u00e9e":"2 minutes"},"schema":{"@context":"https:\/\/schema.org","@graph":[{"@type":"Article","@id":"https:\/\/guineediversite.com\/index.php\/2018\/04\/25\/les-72-h-du-livre-un-tiers-de-la-population-guineenne-est-sous-alimente-selon-un-rapport-de-la-fao\/#article","isPartOf":{"@id":"https:\/\/guineediversite.com\/index.php\/2018\/04\/25\/les-72-h-du-livre-un-tiers-de-la-population-guineenne-est-sous-alimente-selon-un-rapport-de-la-fao\/"},"author":{"name":"Guin\u00e9e Diversit\u00e9","@id":"https:\/\/guineediversite.com\/#\/schema\/person\/afa08fb34e7fc6e1feafc892612bc836"},"headline":"Les 72 H du livre\/ un tiers de la population guin\u00e9enne est sous aliment\u00e9 selon un rapport de la FAO.","datePublished":"2018-04-25T12:16:50+00:00","dateModified":"2018-04-25T12:16:50+00:00","mainEntityOfPage":{"@id":"https:\/\/guineediversite.com\/index.php\/2018\/04\/25\/les-72-h-du-livre-un-tiers-de-la-population-guineenne-est-sous-alimente-selon-un-rapport-de-la-fao\/"},"wordCount":478,"publisher":{"@id":"https:\/\/guineediversite.com\/#organization"},"image":{"@id":"https:\/\/guineediversite.com\/index.php\/2018\/04\/25\/les-72-h-du-livre-un-tiers-de-la-population-guineenne-est-sous-alimente-selon-un-rapport-de-la-fao\/#primaryimage"},"thumbnailUrl":"https:\/\/guineediversite.com\/wp-content\/uploads\/2018\/04\/30944366_2582334721992119_440435921_n.jpg","articleSection":["Culture"],"inLanguage":"fr-FR"},{"@type":"WebPage","@id":"https:\/\/guineediversite.com\/index.php\/2018\/04\/25\/les-72-h-du-livre-un-tiers-de-la-population-guineenne-est-sous-alimente-selon-un-rapport-de-la-fao\/","url":"https:\/\/guineediversite.com\/index.php\/2018\/04\/25\/les-72-h-du-livre-un-tiers-de-la-population-guineenne-est-sous-alimente-selon-un-rapport-de-la-fao\/","name":"Les 72 H du livre\/ un tiers de la population guin\u00e9enne est sous aliment\u00e9 selon un rapport de la FAO. | Guin\u00e9e Diversit\u00e9","isPartOf":{"@id":"https:\/\/guineediversite.com\/#website"},"primaryImageOfPage":{"@id":"https:\/\/guineediversite.com\/index.php\/2018\/04\/25\/les-72-h-du-livre-un-tiers-de-la-population-guineenne-est-sous-alimente-selon-un-rapport-de-la-fao\/#primaryimage"},"image":{"@id":"https:\/\/guineediversite.com\/index.php\/2018\/04\/25\/les-72-h-du-livre-un-tiers-de-la-population-guineenne-est-sous-alimente-selon-un-rapport-de-la-fao\/#primaryimage"},"thumbnailUrl":"https:\/\/guineediversite.com\/wp-content\/uploads\/2018\/04\/30944366_2582334721992119_440435921_n.jpg","datePublished":"2018-04-25T12:16:50+00:00","dateModified":"2018-04-25T12:16:50+00:00","breadcrumb":{"@id":"https:\/\/guineediversite.com\/index.php\/2018\/04\/25\/les-72-h-du-livre-un-tiers-de-la-population-guineenne-est-sous-alimente-selon-un-rapport-de-la-fao\/#breadcrumb"},"inLanguage":"fr-FR","potentialAction":[{"@type":"ReadAction","target":["https:\/\/guineediversite.com\/index.php\/2018\/04\/25\/les-72-h-du-livre-un-tiers-de-la-population-guineenne-est-sous-alimente-selon-un-rapport-de-la-fao\/"]}]},{"@type":"ImageObject","inLanguage":"fr-FR","@id":"https:\/\/guineediversite.com\/index.php\/2018\/04\/25\/les-72-h-du-livre-un-tiers-de-la-population-guineenne-est-sous-alimente-selon-un-rapport-de-la-fao\/#primaryimage","url":"https:\/\/guineediversite.com\/wp-content\/uploads\/2018\/04\/30944366_2582334721992119_440435921_n.jpg","contentUrl":"https:\/\/guineediversite.com\/wp-content\/uploads\/2018\/04\/30944366_2582334721992119_440435921_n.jpg","width":"5760","height":"4320"},{"@type":"BreadcrumbList","@id":"https:\/\/guineediversite.com\/index.php\/2018\/04\/25\/les-72-h-du-livre-un-tiers-de-la-population-guineenne-est-sous-alimente-selon-un-rapport-de-la-fao\/#breadcrumb","itemListElement":[{"@type":"ListItem","position":1,"name":"Accueil","item":"https:\/\/guineediversite.com\/"},{"@type":"ListItem","position":2,"name":"Les 72 H du livre\/ un tiers de la population guin\u00e9enne est sous aliment\u00e9 selon un rapport de la FAO."}]},{"@type":"WebSite","@id":"https:\/\/guineediversite.com\/#website","url":"https:\/\/guineediversite.com\/","name":"Guin\u00e9e Diversit\u00e9","description":"L&#039;Info dans toute sa diversit\u00e9","publisher":{"@id":"https:\/\/guineediversite.com\/#organization"},"potentialAction":[{"@type":"SearchAction","target":{"@type":"EntryPoint","urlTemplate":"https:\/\/guineediversite.com\/?s={search_term_string}"},"query-input":{"@type":"PropertyValueSpecification","valueRequired":true,"valueName":"search_term_string"}}],"inLanguage":"fr-FR"},{"@type":"Organization","@id":"https:\/\/guineediversite.com\/#organization","name":"Guin\u00e9e Diversit\u00e9","url":"https:\/\/guineediversite.com\/","logo":{"@type":"ImageObject","inLanguage":"fr-FR","@id":"https:\/\/guineediversite.com\/#\/schema\/logo\/image\/","url":"https:\/\/guineediversite.com\/wp-content\/uploads\/2017\/04\/cropped-1jojlxEOMkX9Wyqfhe43D6kjPOGqBBKmx3EwWJqZ0cMrFF54yM49.png","contentUrl":"https:\/\/guineediversite.com\/wp-content\/uploads\/2017\/04\/cropped-1jojlxEOMkX9Wyqfhe43D6kjPOGqBBKmx3EwWJqZ0cMrFF54yM49.png","width":186,"height":112,"caption":"Guin\u00e9e Diversit\u00e9"},"image":{"@id":"https:\/\/guineediversite.com\/#\/schema\/logo\/image\/"},"sameAs":["https:\/\/www.facebook.com\/guineediversite\/","https:\/\/x.com\/GuineeDiversite","https:\/\/www.youtube.com\/channel\/UC8sUY16qelG5ge6_D5SB83g"]},{"@type":"Person","@id":"https:\/\/guineediversite.com\/#\/schema\/person\/afa08fb34e7fc6e1feafc892612bc836","name":"Guin\u00e9e Diversit\u00e9","image":{"@type":"ImageObject","inLanguage":"fr-FR","@id":"https:\/\/guineediversite.com\/#\/schema\/person\/image\/","url":"https:\/\/secure.gravatar.com\/avatar\/50d5eb5b390f8b65ac30ac6f898eb83a?s=96&d=mm&r=g","contentUrl":"https:\/\/secure.gravatar.com\/avatar\/50d5eb5b390f8b65ac30ac6f898eb83a?s=96&d=mm&r=g","caption":"Guin\u00e9e Diversit\u00e9"},"url":"https:\/\/guineediversite.com\/index.php\/author\/guineediversite\/"}]}},"_links":{"self":[{"href":"https:\/\/guineediversite.com\/index.php\/wp-json\/wp\/v2\/posts\/24976"}],"collection":[{"href":"https:\/\/guineediversite.com\/index.php\/wp-json\/wp\/v2\/posts"}],"about":[{"href":"https:\/\/guineediversite.com\/index.php\/wp-json\/wp\/v2\/types\/post"}],"author":[{"embeddable":true,"href":"https:\/\/guineediversite.com\/index.php\/wp-json\/wp\/v2\/users\/12"}],"replies":[{"embeddable":true,"href":"https:\/\/guineediversite.com\/index.php\/wp-json\/wp\/v2\/comments?post=24976"}],"version-history":[{"count":0,"href":"https:\/\/guineediversite.com\/index.php\/wp-json\/wp\/v2\/posts\/24976\/revisions"}],"wp:featuredmedia":[{"embeddable":true,"href":"https:\/\/guineediversite.com\/index.php\/wp-json\/wp\/v2\/media\/24977"}],"wp:attachment":[{"href":"https:\/\/guineediversite.com\/index.php\/wp-json\/wp\/v2\/media?parent=24976"}],"wp:term":[{"taxonomy":"category","embeddable":true,"href":"https:\/\/guineediversite.com\/index.php\/wp-json\/wp\/v2\/categories?post=24976"},{"taxonomy":"post_tag","embeddable":true,"href":"https:\/\/guineediversite.com\/index.php\/wp-json\/wp\/v2\/tags?post=24976"}],"curies":[{"name":"wp","href":"https:\/\/api.w.org\/{rel}","templated":true}]}}