{"id":24972,"date":"2018-04-24T23:11:41","date_gmt":"2018-04-24T21:11:41","guid":{"rendered":"https:\/\/guineediversite.com\/?p=24972"},"modified":"2018-04-24T23:12:55","modified_gmt":"2018-04-24T21:12:55","slug":"vincent-bollore-aurait-il-contribue-a-lelection-dalpha-conde-la-justice-francaise-sinteresse-a-la-question","status":"publish","type":"post","link":"https:\/\/guineediversite.com\/index.php\/2018\/04\/24\/vincent-bollore-aurait-il-contribue-a-lelection-dalpha-conde-la-justice-francaise-sinteresse-a-la-question\/","title":{"rendered":"Vincent Bollor\u00e9 aurait-il contribu\u00e9 \u00e0 l\u2019\u00e9lection d\u2019Alpha Cond\u00e9\u00a0? La justice fran\u00e7aise s\u2019int\u00e9resse \u00e0 la question"},"content":{"rendered":"<p><strong>Connu pour ses strat\u00e9gies offensives voire ses coups de force, l&rsquo;industriel breton Vincent Bollor\u00e9 se retrouve d\u00e9sormais en position d\u00e9fensive sur fond de soup\u00e7ons de corruption en Afrique, apr\u00e8s avoir aussi vu ses m\u00e9thodes remises en question chez Vivendi.<\/strong><\/p>\n<p>En garde \u00e0 vue mardi \u00e0 Nanterre dans le cadre d&rsquo;une enqu\u00eate sur l&rsquo;attribution de concessions portuaires, l&#8217;embl\u00e9matique milliardaire de 66 ans a redress\u00e9 au d\u00e9but des ann\u00e9es 1980 le groupe familial, fond\u00e9 en 1822 et sp\u00e9cialis\u00e9 dans le papier bible et le papier \u00e0 rouler OCB.<\/p>\n<p>En le r\u00e9orientant vers le film plastique pour en faire Bollor\u00e9 Technologies, il y a ajout\u00e9 les transports et la logistique p\u00e9troli\u00e8re et portuaire, principalement en Afrique, avant de prendre d&rsquo;assaut Havas (publicit\u00e9-communication), en 2005 puis Vivendi (m\u00e9dias), en 2014.<\/p>\n<p>A chaque fois, la m\u00e9thode, appel\u00e9e depuis \u00ab\u00a0m\u00e9thode Bollor\u00e9\u00a0\u00bb \u00e9tait la m\u00eame: entr\u00e9e discr\u00e8te au capital du groupe vis\u00e9 avant d&rsquo;en devenir peu \u00e0 peu le premier actionnaire puis d&rsquo;en prendre le contr\u00f4le en r\u00e9clamant des si\u00e8ges au conseil d&rsquo;administration.<\/p>\n<p>Une prise en main qui s&rsquo;accompagnait en g\u00e9n\u00e9ral de l&rsquo;installation d&rsquo;hommes de confiance aux commandes, \u00e0 l&rsquo;image d&rsquo;Havas, dirig\u00e9 depuis 2013 par son fils cadet, Yannick Bollor\u00e9.<\/p>\n<p>Pourtant, le d\u00e9but d&rsquo;ann\u00e9e 2018 n&rsquo;a pas \u00e9t\u00e9 conforme aux habitudes pour Vincent Bollor\u00e9, avec une mise en lumi\u00e8re des activit\u00e9s africaines du groupe, sur lesquelles l&rsquo;homme d&rsquo;affaires tente d&rsquo;\u00eatre en g\u00e9n\u00e9ral tr\u00e8s discret.<\/p>\n<p>Aux c\u00f4t\u00e9s de ses affaires, Vincent Bollor\u00e9, pass\u00e9 dans sa jeunesse par le secteur bancaire, a toujours su cultiver ses connexions avec les d\u00e9cideurs politiques fran\u00e7ais, de gauche comme de droite, ainsi que sa proximit\u00e9 avec un certain nombre de chefs d&rsquo;Etat africains, une proximit\u00e9 qui est donc d\u00e9sormais au centre de l&rsquo;attention.<\/p>\n<p>Une nouvelle affaire qui vient s&rsquo;ajouter \u00e0 celle, lanc\u00e9e par Vincent Bollor\u00e9 cette fois, contre France T\u00e9l\u00e9vision, \u00e0 la suite d&rsquo;un reportage diffus\u00e9 en 2016 dans l&rsquo;\u00e9mission \u00ab\u00a0Compl\u00e9ment d&rsquo;enqu\u00eate\u00a0\u00bb qui \u00e9voquait notamment les activit\u00e9s de la Socapalm, soci\u00e9t\u00e9 sp\u00e9cialis\u00e9e dans l&rsquo;huile de palme au Cameroun et dont M. Bollor\u00e9 est actionnaire minoritaire.<\/p>\n<p>Le reportage montrait notamment le t\u00e9moignage de sous-traitants, pour certains pr\u00e9sent\u00e9s comme mineurs, pay\u00e9s \u00e0 la t\u00e2che, travaillant sans v\u00eatements de protection et logeant dans des conditions insalubres.<\/p>\n<p>Le groupe Bollor\u00e9 avait port\u00e9 plainte, estimant que le reportage portait atteinte \u00e0 son image, r\u00e9clamant \u00e0 France T\u00e9l\u00e9vision 50 millions d&rsquo;euros.<\/p>\n<p>Fin 2017, c&rsquo;\u00e9taient cette fois les activit\u00e9s de transports sur le continent qui se retrouvaient dans l&rsquo;actualit\u00e9, avec le proc\u00e8s \u00e0 Eseka (centre du Cameroun) des responsables pr\u00e9sum\u00e9s de la catastrophe ferroviaire dans la m\u00eame ville, en octobre 2016, qui avait fait 79 morts et 600 bless\u00e9s. La compagnie ferroviaire Camrail a pour actionnaire majoritaire le groupe Bollor\u00e9.<\/p>\n<p>Du c\u00f4t\u00e9 de Vivendi \u00e9galement, la situation semble plus difficile pour l&rsquo;homme d&rsquo;affaires, qui a d\u00fb notamment renoncer \u00e0 mettre la main sur l&rsquo;\u00e9diteur de jeux vid\u00e9o Ubisoft.<\/p>\n<p>Autant de difficult\u00e9s auxquelles devront faire face le fils de Vincent, Yannick, qui l&rsquo;a remplac\u00e9 \u00e0 la pr\u00e9sidence du conseil de surveillance de Vivendi \u00e0 l&rsquo;issue de la derni\u00e8re assembl\u00e9e g\u00e9n\u00e9rale du groupe, le 19 avril. Un d\u00e9but de passage de t\u00e9moin pour M. Bollor\u00e9, qui a \u00e9nonc\u00e9 2022 comme \u00e9ch\u00e9ance de son d\u00e9part \u00e0 la retraite, ann\u00e9e marquant \u00e0 la fois ses 70 printemps et les 200 ans de son groupe.<\/p>\n<p>Le 10 avril, M. Bollor\u00e9 avait en outre laiss\u00e9 la pr\u00e9sidence de Canal+ \u00e0 un de ses proches, estimant que la filiale de t\u00e9l\u00e9vision payante de Vivendi avait entam\u00e9 son redressement.<\/p>\n<p><strong>Avec AFP<\/strong><\/p>\n","protected":false},"excerpt":{"rendered":"<p>Connu pour ses strat\u00e9gies offensives voire ses coups de force, l&rsquo;industriel breton Vincent Bollor\u00e9 se retrouve d\u00e9sormais en position d\u00e9fensive sur fond de soup\u00e7ons de corruption en Afrique, apr\u00e8s avoir aussi vu ses m\u00e9thodes remises en question chez Vivendi. En garde \u00e0 vue mardi \u00e0 Nanterre dans le cadre d&rsquo;une enqu\u00eate sur l&rsquo;attribution de concessions [&hellip;]<\/p>\n","protected":false},"author":12,"featured_media":24973,"comment_status":"closed","ping_status":"closed","sticky":false,"template":"","format":"standard","meta":{"_exactmetrics_skip_tracking":false,"_exactmetrics_sitenote_active":false,"_exactmetrics_sitenote_note":"","_exactmetrics_sitenote_category":0,"tdm_status":"","tdm_grid_status":"","footnotes":""},"categories":[15,14],"tags":[226,412,41,411],"class_list":{"0":"post-24972","1":"post","2":"type-post","3":"status-publish","4":"format-standard","5":"has-post-thumbnail","7":"category-economie","8":"category-politique","9":"tag-alpha-conde","10":"tag-bollore","11":"tag-guinee","12":"tag-vincent-bollore"},"yoast_head":"<!-- This site is optimized with the Yoast SEO plugin v24.2 - https:\/\/yoast.com\/wordpress\/plugins\/seo\/ -->\n<title>Vincent Bollor\u00e9 aurait-il contribu\u00e9 \u00e0 l\u2019\u00e9lection d\u2019Alpha Cond\u00e9\u00a0? La justice fran\u00e7aise s\u2019int\u00e9resse \u00e0 la question | Guin\u00e9e Diversit\u00e9<\/title>\n<meta name=\"robots\" content=\"index, follow, max-snippet:-1, max-image-preview:large, max-video-preview:-1\" \/>\n<link rel=\"canonical\" href=\"https:\/\/guineediversite.com\/index.php\/2018\/04\/24\/vincent-bollore-aurait-il-contribue-a-lelection-dalpha-conde-la-justice-francaise-sinteresse-a-la-question\/\" \/>\n<meta property=\"og:locale\" content=\"fr_FR\" \/>\n<meta property=\"og:type\" content=\"article\" \/>\n<meta property=\"og:title\" content=\"Vincent Bollor\u00e9 aurait-il contribu\u00e9 \u00e0 l\u2019\u00e9lection d\u2019Alpha Cond\u00e9\u00a0? La justice fran\u00e7aise s\u2019int\u00e9resse \u00e0 la question | Guin\u00e9e Diversit\u00e9\" \/>\n<meta property=\"og:description\" content=\"Connu pour ses strat\u00e9gies offensives voire ses coups de force, l&rsquo;industriel breton Vincent Bollor\u00e9 se retrouve d\u00e9sormais en position d\u00e9fensive sur fond de soup\u00e7ons de corruption en Afrique, apr\u00e8s avoir aussi vu ses m\u00e9thodes remises en question chez Vivendi. En garde \u00e0 vue mardi \u00e0 Nanterre dans le cadre d&rsquo;une enqu\u00eate sur l&rsquo;attribution de concessions [&hellip;]\" \/>\n<meta property=\"og:url\" content=\"https:\/\/guineediversite.com\/index.php\/2018\/04\/24\/vincent-bollore-aurait-il-contribue-a-lelection-dalpha-conde-la-justice-francaise-sinteresse-a-la-question\/\" \/>\n<meta property=\"og:site_name\" content=\"Guin\u00e9e Diversit\u00e9\" \/>\n<meta property=\"article:publisher\" content=\"https:\/\/www.facebook.com\/guineediversite\/\" \/>\n<meta property=\"article:published_time\" content=\"2018-04-24T21:11:41+00:00\" \/>\n<meta property=\"article:modified_time\" content=\"2018-04-24T21:12:55+00:00\" \/>\n<meta property=\"og:image\" content=\"https:\/\/guineediversite.com\/wp-content\/uploads\/2018\/04\/bollor\u00e9.jpeg\" \/>\n\t<meta property=\"og:image:width\" content=\"1536\" \/>\n\t<meta property=\"og:image:height\" content=\"1024\" \/>\n\t<meta property=\"og:image:type\" content=\"image\/jpeg\" \/>\n<meta name=\"author\" content=\"Guin\u00e9e Diversit\u00e9\" \/>\n<meta name=\"twitter:card\" content=\"summary_large_image\" \/>\n<meta name=\"twitter:creator\" content=\"@GuineeDiversite\" \/>\n<meta name=\"twitter:site\" content=\"@GuineeDiversite\" \/>\n<meta name=\"twitter:label1\" content=\"\u00c9crit par\" \/>\n\t<meta name=\"twitter:data1\" content=\"Guin\u00e9e Diversit\u00e9\" \/>\n\t<meta name=\"twitter:label2\" content=\"Dur\u00e9e de lecture estim\u00e9e\" \/>\n\t<meta name=\"twitter:data2\" content=\"3 minutes\" \/>\n<script type=\"application\/ld+json\" class=\"yoast-schema-graph\">{\"@context\":\"https:\/\/schema.org\",\"@graph\":[{\"@type\":\"Article\",\"@id\":\"https:\/\/guineediversite.com\/index.php\/2018\/04\/24\/vincent-bollore-aurait-il-contribue-a-lelection-dalpha-conde-la-justice-francaise-sinteresse-a-la-question\/#article\",\"isPartOf\":{\"@id\":\"https:\/\/guineediversite.com\/index.php\/2018\/04\/24\/vincent-bollore-aurait-il-contribue-a-lelection-dalpha-conde-la-justice-francaise-sinteresse-a-la-question\/\"},\"author\":{\"name\":\"Guin\u00e9e Diversit\u00e9\",\"@id\":\"https:\/\/guineediversite.com\/#\/schema\/person\/afa08fb34e7fc6e1feafc892612bc836\"},\"headline\":\"Vincent Bollor\u00e9 aurait-il contribu\u00e9 \u00e0 l\u2019\u00e9lection d\u2019Alpha Cond\u00e9\u00a0? La justice fran\u00e7aise s\u2019int\u00e9resse \u00e0 la question\",\"datePublished\":\"2018-04-24T21:11:41+00:00\",\"dateModified\":\"2018-04-24T21:12:55+00:00\",\"mainEntityOfPage\":{\"@id\":\"https:\/\/guineediversite.com\/index.php\/2018\/04\/24\/vincent-bollore-aurait-il-contribue-a-lelection-dalpha-conde-la-justice-francaise-sinteresse-a-la-question\/\"},\"wordCount\":668,\"publisher\":{\"@id\":\"https:\/\/guineediversite.com\/#organization\"},\"image\":{\"@id\":\"https:\/\/guineediversite.com\/index.php\/2018\/04\/24\/vincent-bollore-aurait-il-contribue-a-lelection-dalpha-conde-la-justice-francaise-sinteresse-a-la-question\/#primaryimage\"},\"thumbnailUrl\":\"https:\/\/guineediversite.com\/wp-content\/uploads\/2018\/04\/bollor\u00e9.jpeg\",\"keywords\":[\"Alpha Cond\u00e9\",\"Bollor\u00e9\",\"Guin\u00e9e\",\"Vincent Bollor\u00e9\"],\"articleSection\":[\"Economie\",\"Politique\"],\"inLanguage\":\"fr-FR\"},{\"@type\":\"WebPage\",\"@id\":\"https:\/\/guineediversite.com\/index.php\/2018\/04\/24\/vincent-bollore-aurait-il-contribue-a-lelection-dalpha-conde-la-justice-francaise-sinteresse-a-la-question\/\",\"url\":\"https:\/\/guineediversite.com\/index.php\/2018\/04\/24\/vincent-bollore-aurait-il-contribue-a-lelection-dalpha-conde-la-justice-francaise-sinteresse-a-la-question\/\",\"name\":\"Vincent Bollor\u00e9 aurait-il contribu\u00e9 \u00e0 l\u2019\u00e9lection d\u2019Alpha Cond\u00e9\u00a0? La justice fran\u00e7aise s\u2019int\u00e9resse \u00e0 la question | Guin\u00e9e Diversit\u00e9\",\"isPartOf\":{\"@id\":\"https:\/\/guineediversite.com\/#website\"},\"primaryImageOfPage\":{\"@id\":\"https:\/\/guineediversite.com\/index.php\/2018\/04\/24\/vincent-bollore-aurait-il-contribue-a-lelection-dalpha-conde-la-justice-francaise-sinteresse-a-la-question\/#primaryimage\"},\"image\":{\"@id\":\"https:\/\/guineediversite.com\/index.php\/2018\/04\/24\/vincent-bollore-aurait-il-contribue-a-lelection-dalpha-conde-la-justice-francaise-sinteresse-a-la-question\/#primaryimage\"},\"thumbnailUrl\":\"https:\/\/guineediversite.com\/wp-content\/uploads\/2018\/04\/bollor\u00e9.jpeg\",\"datePublished\":\"2018-04-24T21:11:41+00:00\",\"dateModified\":\"2018-04-24T21:12:55+00:00\",\"breadcrumb\":{\"@id\":\"https:\/\/guineediversite.com\/index.php\/2018\/04\/24\/vincent-bollore-aurait-il-contribue-a-lelection-dalpha-conde-la-justice-francaise-sinteresse-a-la-question\/#breadcrumb\"},\"inLanguage\":\"fr-FR\",\"potentialAction\":[{\"@type\":\"ReadAction\",\"target\":[\"https:\/\/guineediversite.com\/index.php\/2018\/04\/24\/vincent-bollore-aurait-il-contribue-a-lelection-dalpha-conde-la-justice-francaise-sinteresse-a-la-question\/\"]}]},{\"@type\":\"ImageObject\",\"inLanguage\":\"fr-FR\",\"@id\":\"https:\/\/guineediversite.com\/index.php\/2018\/04\/24\/vincent-bollore-aurait-il-contribue-a-lelection-dalpha-conde-la-justice-francaise-sinteresse-a-la-question\/#primaryimage\",\"url\":\"https:\/\/guineediversite.com\/wp-content\/uploads\/2018\/04\/bollor\u00e9.jpeg\",\"contentUrl\":\"https:\/\/guineediversite.com\/wp-content\/uploads\/2018\/04\/bollor\u00e9.jpeg\",\"width\":\"1536\",\"height\":\"1024\"},{\"@type\":\"BreadcrumbList\",\"@id\":\"https:\/\/guineediversite.com\/index.php\/2018\/04\/24\/vincent-bollore-aurait-il-contribue-a-lelection-dalpha-conde-la-justice-francaise-sinteresse-a-la-question\/#breadcrumb\",\"itemListElement\":[{\"@type\":\"ListItem\",\"position\":1,\"name\":\"Accueil\",\"item\":\"https:\/\/guineediversite.com\/\"},{\"@type\":\"ListItem\",\"position\":2,\"name\":\"Vincent Bollor\u00e9 aurait-il contribu\u00e9 \u00e0 l\u2019\u00e9lection d\u2019Alpha Cond\u00e9\u00a0? La justice fran\u00e7aise s\u2019int\u00e9resse \u00e0 la question\"}]},{\"@type\":\"WebSite\",\"@id\":\"https:\/\/guineediversite.com\/#website\",\"url\":\"https:\/\/guineediversite.com\/\",\"name\":\"Guin\u00e9e Diversit\u00e9\",\"description\":\"L&#039;Info dans toute sa diversit\u00e9\",\"publisher\":{\"@id\":\"https:\/\/guineediversite.com\/#organization\"},\"potentialAction\":[{\"@type\":\"SearchAction\",\"target\":{\"@type\":\"EntryPoint\",\"urlTemplate\":\"https:\/\/guineediversite.com\/?s={search_term_string}\"},\"query-input\":{\"@type\":\"PropertyValueSpecification\",\"valueRequired\":true,\"valueName\":\"search_term_string\"}}],\"inLanguage\":\"fr-FR\"},{\"@type\":\"Organization\",\"@id\":\"https:\/\/guineediversite.com\/#organization\",\"name\":\"Guin\u00e9e Diversit\u00e9\",\"url\":\"https:\/\/guineediversite.com\/\",\"logo\":{\"@type\":\"ImageObject\",\"inLanguage\":\"fr-FR\",\"@id\":\"https:\/\/guineediversite.com\/#\/schema\/logo\/image\/\",\"url\":\"https:\/\/guineediversite.com\/wp-content\/uploads\/2017\/04\/cropped-1jojlxEOMkX9Wyqfhe43D6kjPOGqBBKmx3EwWJqZ0cMrFF54yM49.png\",\"contentUrl\":\"https:\/\/guineediversite.com\/wp-content\/uploads\/2017\/04\/cropped-1jojlxEOMkX9Wyqfhe43D6kjPOGqBBKmx3EwWJqZ0cMrFF54yM49.png\",\"width\":186,\"height\":112,\"caption\":\"Guin\u00e9e Diversit\u00e9\"},\"image\":{\"@id\":\"https:\/\/guineediversite.com\/#\/schema\/logo\/image\/\"},\"sameAs\":[\"https:\/\/www.facebook.com\/guineediversite\/\",\"https:\/\/x.com\/GuineeDiversite\",\"https:\/\/www.youtube.com\/channel\/UC8sUY16qelG5ge6_D5SB83g\"]},{\"@type\":\"Person\",\"@id\":\"https:\/\/guineediversite.com\/#\/schema\/person\/afa08fb34e7fc6e1feafc892612bc836\",\"name\":\"Guin\u00e9e Diversit\u00e9\",\"image\":{\"@type\":\"ImageObject\",\"inLanguage\":\"fr-FR\",\"@id\":\"https:\/\/guineediversite.com\/#\/schema\/person\/image\/\",\"url\":\"https:\/\/secure.gravatar.com\/avatar\/50d5eb5b390f8b65ac30ac6f898eb83a?s=96&d=mm&r=g\",\"contentUrl\":\"https:\/\/secure.gravatar.com\/avatar\/50d5eb5b390f8b65ac30ac6f898eb83a?s=96&d=mm&r=g\",\"caption\":\"Guin\u00e9e Diversit\u00e9\"},\"url\":\"https:\/\/guineediversite.com\/index.php\/author\/guineediversite\/\"}]}<\/script>\n<!-- \/ Yoast SEO plugin. -->","yoast_head_json":{"title":"Vincent Bollor\u00e9 aurait-il contribu\u00e9 \u00e0 l\u2019\u00e9lection d\u2019Alpha Cond\u00e9\u00a0? La justice fran\u00e7aise s\u2019int\u00e9resse \u00e0 la question | Guin\u00e9e Diversit\u00e9","robots":{"index":"index","follow":"follow","max-snippet":"max-snippet:-1","max-image-preview":"max-image-preview:large","max-video-preview":"max-video-preview:-1"},"canonical":"https:\/\/guineediversite.com\/index.php\/2018\/04\/24\/vincent-bollore-aurait-il-contribue-a-lelection-dalpha-conde-la-justice-francaise-sinteresse-a-la-question\/","og_locale":"fr_FR","og_type":"article","og_title":"Vincent Bollor\u00e9 aurait-il contribu\u00e9 \u00e0 l\u2019\u00e9lection d\u2019Alpha Cond\u00e9\u00a0? La justice fran\u00e7aise s\u2019int\u00e9resse \u00e0 la question | Guin\u00e9e Diversit\u00e9","og_description":"Connu pour ses strat\u00e9gies offensives voire ses coups de force, l&rsquo;industriel breton Vincent Bollor\u00e9 se retrouve d\u00e9sormais en position d\u00e9fensive sur fond de soup\u00e7ons de corruption en Afrique, apr\u00e8s avoir aussi vu ses m\u00e9thodes remises en question chez Vivendi. En garde \u00e0 vue mardi \u00e0 Nanterre dans le cadre d&rsquo;une enqu\u00eate sur l&rsquo;attribution de concessions [&hellip;]","og_url":"https:\/\/guineediversite.com\/index.php\/2018\/04\/24\/vincent-bollore-aurait-il-contribue-a-lelection-dalpha-conde-la-justice-francaise-sinteresse-a-la-question\/","og_site_name":"Guin\u00e9e Diversit\u00e9","article_publisher":"https:\/\/www.facebook.com\/guineediversite\/","article_published_time":"2018-04-24T21:11:41+00:00","article_modified_time":"2018-04-24T21:12:55+00:00","og_image":[{"width":1536,"height":1024,"url":"https:\/\/guineediversite.com\/wp-content\/uploads\/2018\/04\/bollor\u00e9.jpeg","type":"image\/jpeg"}],"author":"Guin\u00e9e Diversit\u00e9","twitter_card":"summary_large_image","twitter_creator":"@GuineeDiversite","twitter_site":"@GuineeDiversite","twitter_misc":{"\u00c9crit par":"Guin\u00e9e Diversit\u00e9","Dur\u00e9e de lecture estim\u00e9e":"3 minutes"},"schema":{"@context":"https:\/\/schema.org","@graph":[{"@type":"Article","@id":"https:\/\/guineediversite.com\/index.php\/2018\/04\/24\/vincent-bollore-aurait-il-contribue-a-lelection-dalpha-conde-la-justice-francaise-sinteresse-a-la-question\/#article","isPartOf":{"@id":"https:\/\/guineediversite.com\/index.php\/2018\/04\/24\/vincent-bollore-aurait-il-contribue-a-lelection-dalpha-conde-la-justice-francaise-sinteresse-a-la-question\/"},"author":{"name":"Guin\u00e9e Diversit\u00e9","@id":"https:\/\/guineediversite.com\/#\/schema\/person\/afa08fb34e7fc6e1feafc892612bc836"},"headline":"Vincent Bollor\u00e9 aurait-il contribu\u00e9 \u00e0 l\u2019\u00e9lection d\u2019Alpha Cond\u00e9\u00a0? La justice fran\u00e7aise s\u2019int\u00e9resse \u00e0 la question","datePublished":"2018-04-24T21:11:41+00:00","dateModified":"2018-04-24T21:12:55+00:00","mainEntityOfPage":{"@id":"https:\/\/guineediversite.com\/index.php\/2018\/04\/24\/vincent-bollore-aurait-il-contribue-a-lelection-dalpha-conde-la-justice-francaise-sinteresse-a-la-question\/"},"wordCount":668,"publisher":{"@id":"https:\/\/guineediversite.com\/#organization"},"image":{"@id":"https:\/\/guineediversite.com\/index.php\/2018\/04\/24\/vincent-bollore-aurait-il-contribue-a-lelection-dalpha-conde-la-justice-francaise-sinteresse-a-la-question\/#primaryimage"},"thumbnailUrl":"https:\/\/guineediversite.com\/wp-content\/uploads\/2018\/04\/bollor\u00e9.jpeg","keywords":["Alpha Cond\u00e9","Bollor\u00e9","Guin\u00e9e","Vincent Bollor\u00e9"],"articleSection":["Economie","Politique"],"inLanguage":"fr-FR"},{"@type":"WebPage","@id":"https:\/\/guineediversite.com\/index.php\/2018\/04\/24\/vincent-bollore-aurait-il-contribue-a-lelection-dalpha-conde-la-justice-francaise-sinteresse-a-la-question\/","url":"https:\/\/guineediversite.com\/index.php\/2018\/04\/24\/vincent-bollore-aurait-il-contribue-a-lelection-dalpha-conde-la-justice-francaise-sinteresse-a-la-question\/","name":"Vincent Bollor\u00e9 aurait-il contribu\u00e9 \u00e0 l\u2019\u00e9lection d\u2019Alpha Cond\u00e9\u00a0? La justice fran\u00e7aise s\u2019int\u00e9resse \u00e0 la question | Guin\u00e9e Diversit\u00e9","isPartOf":{"@id":"https:\/\/guineediversite.com\/#website"},"primaryImageOfPage":{"@id":"https:\/\/guineediversite.com\/index.php\/2018\/04\/24\/vincent-bollore-aurait-il-contribue-a-lelection-dalpha-conde-la-justice-francaise-sinteresse-a-la-question\/#primaryimage"},"image":{"@id":"https:\/\/guineediversite.com\/index.php\/2018\/04\/24\/vincent-bollore-aurait-il-contribue-a-lelection-dalpha-conde-la-justice-francaise-sinteresse-a-la-question\/#primaryimage"},"thumbnailUrl":"https:\/\/guineediversite.com\/wp-content\/uploads\/2018\/04\/bollor\u00e9.jpeg","datePublished":"2018-04-24T21:11:41+00:00","dateModified":"2018-04-24T21:12:55+00:00","breadcrumb":{"@id":"https:\/\/guineediversite.com\/index.php\/2018\/04\/24\/vincent-bollore-aurait-il-contribue-a-lelection-dalpha-conde-la-justice-francaise-sinteresse-a-la-question\/#breadcrumb"},"inLanguage":"fr-FR","potentialAction":[{"@type":"ReadAction","target":["https:\/\/guineediversite.com\/index.php\/2018\/04\/24\/vincent-bollore-aurait-il-contribue-a-lelection-dalpha-conde-la-justice-francaise-sinteresse-a-la-question\/"]}]},{"@type":"ImageObject","inLanguage":"fr-FR","@id":"https:\/\/guineediversite.com\/index.php\/2018\/04\/24\/vincent-bollore-aurait-il-contribue-a-lelection-dalpha-conde-la-justice-francaise-sinteresse-a-la-question\/#primaryimage","url":"https:\/\/guineediversite.com\/wp-content\/uploads\/2018\/04\/bollor\u00e9.jpeg","contentUrl":"https:\/\/guineediversite.com\/wp-content\/uploads\/2018\/04\/bollor\u00e9.jpeg","width":"1536","height":"1024"},{"@type":"BreadcrumbList","@id":"https:\/\/guineediversite.com\/index.php\/2018\/04\/24\/vincent-bollore-aurait-il-contribue-a-lelection-dalpha-conde-la-justice-francaise-sinteresse-a-la-question\/#breadcrumb","itemListElement":[{"@type":"ListItem","position":1,"name":"Accueil","item":"https:\/\/guineediversite.com\/"},{"@type":"ListItem","position":2,"name":"Vincent Bollor\u00e9 aurait-il contribu\u00e9 \u00e0 l\u2019\u00e9lection d\u2019Alpha Cond\u00e9\u00a0? La justice fran\u00e7aise s\u2019int\u00e9resse \u00e0 la question"}]},{"@type":"WebSite","@id":"https:\/\/guineediversite.com\/#website","url":"https:\/\/guineediversite.com\/","name":"Guin\u00e9e Diversit\u00e9","description":"L&#039;Info dans toute sa diversit\u00e9","publisher":{"@id":"https:\/\/guineediversite.com\/#organization"},"potentialAction":[{"@type":"SearchAction","target":{"@type":"EntryPoint","urlTemplate":"https:\/\/guineediversite.com\/?s={search_term_string}"},"query-input":{"@type":"PropertyValueSpecification","valueRequired":true,"valueName":"search_term_string"}}],"inLanguage":"fr-FR"},{"@type":"Organization","@id":"https:\/\/guineediversite.com\/#organization","name":"Guin\u00e9e Diversit\u00e9","url":"https:\/\/guineediversite.com\/","logo":{"@type":"ImageObject","inLanguage":"fr-FR","@id":"https:\/\/guineediversite.com\/#\/schema\/logo\/image\/","url":"https:\/\/guineediversite.com\/wp-content\/uploads\/2017\/04\/cropped-1jojlxEOMkX9Wyqfhe43D6kjPOGqBBKmx3EwWJqZ0cMrFF54yM49.png","contentUrl":"https:\/\/guineediversite.com\/wp-content\/uploads\/2017\/04\/cropped-1jojlxEOMkX9Wyqfhe43D6kjPOGqBBKmx3EwWJqZ0cMrFF54yM49.png","width":186,"height":112,"caption":"Guin\u00e9e Diversit\u00e9"},"image":{"@id":"https:\/\/guineediversite.com\/#\/schema\/logo\/image\/"},"sameAs":["https:\/\/www.facebook.com\/guineediversite\/","https:\/\/x.com\/GuineeDiversite","https:\/\/www.youtube.com\/channel\/UC8sUY16qelG5ge6_D5SB83g"]},{"@type":"Person","@id":"https:\/\/guineediversite.com\/#\/schema\/person\/afa08fb34e7fc6e1feafc892612bc836","name":"Guin\u00e9e Diversit\u00e9","image":{"@type":"ImageObject","inLanguage":"fr-FR","@id":"https:\/\/guineediversite.com\/#\/schema\/person\/image\/","url":"https:\/\/secure.gravatar.com\/avatar\/50d5eb5b390f8b65ac30ac6f898eb83a?s=96&d=mm&r=g","contentUrl":"https:\/\/secure.gravatar.com\/avatar\/50d5eb5b390f8b65ac30ac6f898eb83a?s=96&d=mm&r=g","caption":"Guin\u00e9e Diversit\u00e9"},"url":"https:\/\/guineediversite.com\/index.php\/author\/guineediversite\/"}]}},"_links":{"self":[{"href":"https:\/\/guineediversite.com\/index.php\/wp-json\/wp\/v2\/posts\/24972"}],"collection":[{"href":"https:\/\/guineediversite.com\/index.php\/wp-json\/wp\/v2\/posts"}],"about":[{"href":"https:\/\/guineediversite.com\/index.php\/wp-json\/wp\/v2\/types\/post"}],"author":[{"embeddable":true,"href":"https:\/\/guineediversite.com\/index.php\/wp-json\/wp\/v2\/users\/12"}],"replies":[{"embeddable":true,"href":"https:\/\/guineediversite.com\/index.php\/wp-json\/wp\/v2\/comments?post=24972"}],"version-history":[{"count":0,"href":"https:\/\/guineediversite.com\/index.php\/wp-json\/wp\/v2\/posts\/24972\/revisions"}],"wp:featuredmedia":[{"embeddable":true,"href":"https:\/\/guineediversite.com\/index.php\/wp-json\/wp\/v2\/media\/24973"}],"wp:attachment":[{"href":"https:\/\/guineediversite.com\/index.php\/wp-json\/wp\/v2\/media?parent=24972"}],"wp:term":[{"taxonomy":"category","embeddable":true,"href":"https:\/\/guineediversite.com\/index.php\/wp-json\/wp\/v2\/categories?post=24972"},{"taxonomy":"post_tag","embeddable":true,"href":"https:\/\/guineediversite.com\/index.php\/wp-json\/wp\/v2\/tags?post=24972"}],"curies":[{"name":"wp","href":"https:\/\/api.w.org\/{rel}","templated":true}]}}